{"id":21019,"date":"2025-06-24T00:00:36","date_gmt":"2025-06-23T23:00:36","guid":{"rendered":"https:\/\/hojassueltas.es\/?p=21019"},"modified":"2025-10-17T17:59:19","modified_gmt":"2025-10-17T15:59:19","slug":"exito-rotundo-del-festival-internacional-de-teatro-clasico-de-almagro-en-su-semana-inaugural","status":"publish","type":"post","link":"https:\/\/hojassueltas.es\/?p=21019","title":{"rendered":"\u00c9xito rotundo del Festival Internacional de Teatro Cl\u00e1sico de Almagro en su semana inaugural"},"content":{"rendered":"<p style=\"text-align: justify;\" data-start=\"165\" data-end=\"677\">La 47\u00aa edici\u00f3n del <strong data-start=\"184\" data-end=\"239\">Festival Internacional de Teatro Cl\u00e1sico de Almagro<\/strong> ha comenzado con una afluencia masiva de p\u00fablico, entusiasmo de la cr\u00edtica especializada y una programaci\u00f3n que reafirma el prestigio del certamen como cita ineludible de las artes esc\u00e9nicas en Europa. Bajo el lema <strong data-start=\"455\" data-end=\"481\">\u201cLa palabra en escena\u201d<\/strong>, la programaci\u00f3n de este a\u00f1o apuesta por una revisi\u00f3n contempor\u00e1nea del repertorio \u00e1ureo y la incorporaci\u00f3n de nuevas voces esc\u00e9nicas, con un equilibrio entre fidelidad textual y riesgo esc\u00e9nico.<\/p>\n<p style=\"text-align: justify;\" data-start=\"679\" data-end=\"1180\">El acto inaugural, celebrado el pasado viernes 13 de junio en el <strong data-start=\"744\" data-end=\"766\">Corral de Comedias<\/strong>, cont\u00f3 con la representaci\u00f3n de <em data-start=\"799\" data-end=\"814\">Fuenteovejuna<\/em>, en una puesta en escena a cargo de la <strong data-start=\"854\" data-end=\"893\">Compa\u00f1\u00eda Nacional de Teatro Cl\u00e1sico<\/strong> dirigida por <strong data-start=\"907\" data-end=\"922\">Llu\u00eds Homar<\/strong>. Esta versi\u00f3n, sobria y vigorosa, recibi\u00f3 una ovaci\u00f3n un\u00e1nime del p\u00fablico, que llen\u00f3 el recinto hasta el \u00faltimo asiento. Homar ha declarado que su montaje busca \u201crescatar la emoci\u00f3n colectiva del texto de Lope y hacer visible su vigencia pol\u00edtica y social\u201d.<\/p>\n<p style=\"text-align: justify;\" data-start=\"1182\" data-end=\"1654\">Durante la primera semana, el festival ha registrado <strong data-start=\"1235\" data-end=\"1265\">un 95 % de ocupaci\u00f3n media<\/strong> en sus espect\u00e1culos, con algunos llenos absolutos en funciones como <em data-start=\"1334\" data-end=\"1359\">El castigo sin venganza<\/em>, dirigida por Declan Donnellan, o la propuesta feminista de <em data-start=\"1420\" data-end=\"1447\">La traici\u00f3n en la amistad<\/em>, firmada por la directora Ana Contreras. Esta \u00faltima ha destacado por una lectura en clave cr\u00edtica del lugar de la mujer en el Siglo de Oro, lo que ha suscitado inter\u00e9s y debate entre asistentes y cr\u00edticos.<\/p>\n<p style=\"text-align: justify;\" data-start=\"1656\" data-end=\"2065\">Uno de los momentos m\u00e1s esperados fue la entrega del <strong data-start=\"1709\" data-end=\"1743\">Premio Corral de Comedias 2025<\/strong> a la actriz <strong data-start=\"1756\" data-end=\"1772\">Nuria Espert<\/strong>, quien a sus 89 a\u00f1os fue ovacionada de pie tras pronunciar un emotivo discurso sobre la importancia del teatro como \u201ccasa de la memoria\u201d. El galard\u00f3n, que reconoce trayectorias ejemplares en la escena cl\u00e1sica, subraya el compromiso del festival con los grandes nombres de la escena hisp\u00e1nica.<\/p>\n<p style=\"text-align: justify;\" data-start=\"2067\" data-end=\"2508\">Adem\u00e1s de los espect\u00e1culos teatrales, la semana ha incluido lecturas dramatizadas, conciertos de m\u00fasica antigua, talleres formativos y una <strong data-start=\"2206\" data-end=\"2249\">exposici\u00f3n homenaje a Adolfo Marsillach<\/strong>, figura fundamental del teatro cl\u00e1sico espa\u00f1ol del siglo XX. Las calles de Almagro, adornadas para la ocasi\u00f3n, han registrado una alta afluencia tur\u00edstica, con impacto directo en el comercio local, la hosteler\u00eda y la promoci\u00f3n cultural de Castilla-La Mancha.<\/p>\n<p style=\"text-align: justify;\" data-start=\"2510\" data-end=\"2871\">El director del festival, <strong data-start=\"2536\" data-end=\"2554\">Ignacio Garc\u00eda<\/strong>, ha destacado en rueda de prensa que esta edici\u00f3n busca \u201censamblar tradici\u00f3n e innovaci\u00f3n con una mirada europea\u201d, anunciando colaboraciones con instituciones de Francia, Portugal y Polonia. Tambi\u00e9n se ha reforzado la programaci\u00f3n inclusiva, con funciones accesibles para personas con discapacidad auditiva y visual.<\/p>\n<p style=\"text-align: justify;\" data-start=\"2873\" data-end=\"3235\">La cr\u00edtica nacional ha elogiado la variedad de estilos y lenguajes esc\u00e9nicos presentes, as\u00ed como la convivencia arm\u00f3nica entre el texto cl\u00e1sico y la renovaci\u00f3n interpretativa. Medios como <em data-start=\"3061\" data-end=\"3070\">El Pa\u00eds<\/em> y <em data-start=\"3073\" data-end=\"3087\">ABC Cultural<\/em> han calificado esta semana inaugural como \u201cuna de las m\u00e1s potentes de los \u00faltimos a\u00f1os\u201d, subrayando la solidez organizativa y la calidad art\u00edstica.<\/p>\n<p style=\"text-align: justify;\" data-start=\"3237\" data-end=\"3709\">Con m\u00e1s de 60 funciones previstas a lo largo de un mes, y compa\u00f1\u00edas procedentes de Italia, M\u00e9xico, Grecia y Reino Unido, el festival se consolida como un <strong data-start=\"3391\" data-end=\"3422\">faro cultural internacional<\/strong> en torno al teatro del Siglo de Oro. La expectativa para las pr\u00f3ximas semanas incluye el estreno de <em data-start=\"3523\" data-end=\"3547\">El burlador de Sevilla<\/em> por la compa\u00f1\u00eda portuguesa Companhia do Chapit\u00f4 y una versi\u00f3n en clave contempor\u00e1nea de <em data-start=\"3636\" data-end=\"3654\">La vida es sue\u00f1o<\/em>, dirigida por la joven promesa esc\u00e9nica Irene Serrano.<\/p>\n<p data-start=\"3237\" data-end=\"3709\"><strong>\u00a9 Punto y Seguido. Todos los derechos reservados.<\/strong><\/p>\n","protected":false},"excerpt":{"rendered":"<p>La 47\u00aa edici\u00f3n del Festival Internacional de Teatro Cl\u00e1sico de Almagro ha comenzado con una afluencia masiva de p\u00fablico, entusiasmo de la cr\u00edtica especializada y una programaci\u00f3n que reafirma el prestigio del certamen como cita ineludible de las artes esc\u00e9nicas en Europa. Bajo el lema \u201cLa palabra en escena\u201d, la programaci\u00f3n de este a\u00f1o apuesta [&hellip;]<\/p>\n","protected":false},"author":1,"featured_media":20742,"comment_status":"open","ping_status":"closed","sticky":false,"template":"","format":"standard","meta":{"footnotes":""},"categories":[32],"tags":[],"class_list":{"0":"post-21019","1":"post","2":"type-post","3":"status-publish","4":"format-standard","5":"has-post-thumbnail","7":"category-panorama-cultural"},"yoast_head":"<!-- This site is optimized with the Yoast SEO plugin v27.4 - https:\/\/yoast.com\/product\/yoast-seo-wordpress\/ -->\n<title>\u00c9xito rotundo del Festival Internacional de Teatro Cl\u00e1sico de Almagro en su semana inaugural | HOJAS SUELTAS Peri\u00f3dico Cultural<\/title>\n<meta name=\"description\" content=\"INFORMACION CULUTRAL VERANO 2025; La 47\u00aa edici\u00f3n del Festival Internacional de Teatro Cl\u00e1sico de Almagro ha comenzado con una afluencia masiva de p\u00fablico, entusiasmo de la cr\u00edtica especializada y una programaci\u00f3n que reafirma el prestigio del certamen como cita ineludible de las artes esc\u00e9nicas en Europa.\" \/>\n<meta name=\"robots\" content=\"index, follow, max-snippet:-1, max-image-preview:large, max-video-preview:-1\" \/>\n<link rel=\"canonical\" href=\"https:\/\/hojassueltas.es\/?p=21019\" \/>\n<meta property=\"og:locale\" content=\"es_ES\" \/>\n<meta property=\"og:type\" content=\"article\" \/>\n<meta property=\"og:title\" content=\"\u00c9xito rotundo del Festival Internacional de Teatro Cl\u00e1sico de Almagro en su semana inaugural | HOJAS SUELTAS Peri\u00f3dico Cultural\" \/>\n<meta property=\"og:description\" content=\"INFORMACION CULUTRAL VERANO 2025; La 47\u00aa edici\u00f3n del Festival Internacional de Teatro Cl\u00e1sico de Almagro ha comenzado con una afluencia masiva de p\u00fablico, entusiasmo de la cr\u00edtica especializada y una programaci\u00f3n que reafirma el prestigio del certamen como cita ineludible de las artes esc\u00e9nicas en Europa.\" \/>\n<meta property=\"og:url\" content=\"https:\/\/hojassueltas.es\/?p=21019\" \/>\n<meta property=\"og:site_name\" content=\"HOJAS SUELTAS Peri\u00f3dico Cultural\" \/>\n<meta property=\"article:published_time\" content=\"2025-06-23T23:00:36+00:00\" \/>\n<meta property=\"article:modified_time\" content=\"2025-10-17T15:59:19+00:00\" \/>\n<meta property=\"og:image\" content=\"https:\/\/hojassueltas.es\/wp-content\/uploads\/2025\/06\/Informacion-Cultural_2_H.S-1.png\" \/>\n\t<meta property=\"og:image:width\" content=\"1050\" \/>\n\t<meta property=\"og:image:height\" content=\"610\" \/>\n\t<meta property=\"og:image:type\" content=\"image\/png\" \/>\n<meta name=\"author\" content=\"Redacci\u00f3n\" \/>\n<meta name=\"twitter:card\" content=\"summary_large_image\" \/>\n<meta name=\"twitter:creator\" content=\"@HOJASSUELTAS22\" \/>\n<meta name=\"twitter:site\" content=\"@HOJASSUELTAS22\" \/>\n<meta name=\"twitter:label1\" content=\"Escrito por\" \/>\n\t<meta name=\"twitter:data1\" content=\"Redacci\u00f3n\" \/>\n\t<meta name=\"twitter:label2\" content=\"Tiempo de lectura\" \/>\n\t<meta name=\"twitter:data2\" content=\"3 minutos\" \/>\n<script type=\"application\/ld+json\" class=\"yoast-schema-graph\">{\"@context\":\"https:\\\/\\\/schema.org\",\"@graph\":[{\"@type\":[\"Article\",\"BlogPosting\"],\"@id\":\"https:\\\/\\\/hojassueltas.es\\\/?p=21019#article\",\"isPartOf\":{\"@id\":\"https:\\\/\\\/hojassueltas.es\\\/?p=21019\"},\"author\":{\"name\":\"Redacci\u00f3n\",\"@id\":\"https:\\\/\\\/hojassueltas.es\\\/#\\\/schema\\\/person\\\/f232bbdb834c61c90aff2245daa401c0\"},\"headline\":\"\u00c9xito rotundo del Festival Internacional de Teatro Cl\u00e1sico de Almagro en su semana inaugural\",\"datePublished\":\"2025-06-23T23:00:36+00:00\",\"dateModified\":\"2025-10-17T15:59:19+00:00\",\"mainEntityOfPage\":{\"@id\":\"https:\\\/\\\/hojassueltas.es\\\/?p=21019\"},\"wordCount\":636,\"commentCount\":0,\"publisher\":{\"@id\":\"https:\\\/\\\/hojassueltas.es\\\/#organization\"},\"image\":{\"@id\":\"https:\\\/\\\/hojassueltas.es\\\/?p=21019#primaryimage\"},\"thumbnailUrl\":\"https:\\\/\\\/hojassueltas.es\\\/wp-content\\\/uploads\\\/2025\\\/06\\\/Informacion-Cultural_2_H.S-1.png\",\"articleSection\":[\"PANORAMA CULTURAL\"],\"inLanguage\":\"es\",\"potentialAction\":[{\"@type\":\"CommentAction\",\"name\":\"Comment\",\"target\":[\"https:\\\/\\\/hojassueltas.es\\\/?p=21019#respond\"]}]},{\"@type\":\"WebPage\",\"@id\":\"https:\\\/\\\/hojassueltas.es\\\/?p=21019\",\"url\":\"https:\\\/\\\/hojassueltas.es\\\/?p=21019\",\"name\":\"\u00c9xito rotundo del Festival Internacional de Teatro Cl\u00e1sico de Almagro en su semana inaugural | HOJAS SUELTAS Peri\u00f3dico Cultural\",\"isPartOf\":{\"@id\":\"https:\\\/\\\/hojassueltas.es\\\/#website\"},\"primaryImageOfPage\":{\"@id\":\"https:\\\/\\\/hojassueltas.es\\\/?p=21019#primaryimage\"},\"image\":{\"@id\":\"https:\\\/\\\/hojassueltas.es\\\/?p=21019#primaryimage\"},\"thumbnailUrl\":\"https:\\\/\\\/hojassueltas.es\\\/wp-content\\\/uploads\\\/2025\\\/06\\\/Informacion-Cultural_2_H.S-1.png\",\"datePublished\":\"2025-06-23T23:00:36+00:00\",\"dateModified\":\"2025-10-17T15:59:19+00:00\",\"description\":\"INFORMACION CULUTRAL VERANO 2025; La 47\u00aa edici\u00f3n del Festival Internacional de Teatro Cl\u00e1sico de Almagro ha comenzado con una afluencia masiva de p\u00fablico, entusiasmo de la cr\u00edtica especializada y una programaci\u00f3n que reafirma el prestigio del certamen como cita ineludible de las artes esc\u00e9nicas en Europa.\",\"breadcrumb\":{\"@id\":\"https:\\\/\\\/hojassueltas.es\\\/?p=21019#breadcrumb\"},\"inLanguage\":\"es\",\"potentialAction\":[{\"@type\":\"ReadAction\",\"target\":[\"https:\\\/\\\/hojassueltas.es\\\/?p=21019\"]}]},{\"@type\":\"ImageObject\",\"inLanguage\":\"es\",\"@id\":\"https:\\\/\\\/hojassueltas.es\\\/?p=21019#primaryimage\",\"url\":\"https:\\\/\\\/hojassueltas.es\\\/wp-content\\\/uploads\\\/2025\\\/06\\\/Informacion-Cultural_2_H.S-1.png\",\"contentUrl\":\"https:\\\/\\\/hojassueltas.es\\\/wp-content\\\/uploads\\\/2025\\\/06\\\/Informacion-Cultural_2_H.S-1.png\",\"width\":1050,\"height\":610},{\"@type\":\"BreadcrumbList\",\"@id\":\"https:\\\/\\\/hojassueltas.es\\\/?p=21019#breadcrumb\",\"itemListElement\":[{\"@type\":\"ListItem\",\"position\":1,\"name\":\"Portada\",\"item\":\"https:\\\/\\\/hojassueltas.es\\\/\"},{\"@type\":\"ListItem\",\"position\":2,\"name\":\"\u00c9xito rotundo del Festival Internacional de Teatro Cl\u00e1sico de Almagro en su semana inaugural\"}]},{\"@type\":\"WebSite\",\"@id\":\"https:\\\/\\\/hojassueltas.es\\\/#website\",\"url\":\"https:\\\/\\\/hojassueltas.es\\\/\",\"name\":\"HojasSueltas.es\",\"description\":\"GRANADA - Peri\u00f3dico Cultural\",\"publisher\":{\"@id\":\"https:\\\/\\\/hojassueltas.es\\\/#organization\"},\"alternateName\":\"H.S. Periodico Cultural\",\"potentialAction\":[{\"@type\":\"SearchAction\",\"target\":{\"@type\":\"EntryPoint\",\"urlTemplate\":\"https:\\\/\\\/hojassueltas.es\\\/?s={search_term_string}\"},\"query-input\":{\"@type\":\"PropertyValueSpecification\",\"valueRequired\":true,\"valueName\":\"search_term_string\"}}],\"inLanguage\":\"es\"},{\"@type\":\"Organization\",\"@id\":\"https:\\\/\\\/hojassueltas.es\\\/#organization\",\"name\":\"HOJAS SUELTAS - Peri\u00f3dico Cultural\",\"alternateName\":\"HS - HOJAS SUELTAS Peri\u00f3dico Cultural\",\"url\":\"https:\\\/\\\/hojassueltas.es\\\/\",\"logo\":{\"@type\":\"ImageObject\",\"inLanguage\":\"es\",\"@id\":\"https:\\\/\\\/hojassueltas.es\\\/#\\\/schema\\\/logo\\\/image\\\/\",\"url\":\"https:\\\/\\\/hojassueltas.es\\\/wp-content\\\/uploads\\\/2025\\\/08\\\/Icono-HS_2.png\",\"contentUrl\":\"https:\\\/\\\/hojassueltas.es\\\/wp-content\\\/uploads\\\/2025\\\/08\\\/Icono-HS_2.png\",\"width\":500,\"height\":500,\"caption\":\"HOJAS SUELTAS - Peri\u00f3dico Cultural\"},\"image\":{\"@id\":\"https:\\\/\\\/hojassueltas.es\\\/#\\\/schema\\\/logo\\\/image\\\/\"},\"sameAs\":[\"https:\\\/\\\/x.com\\\/HOJASSUELTAS22\"]},{\"@type\":\"Person\",\"@id\":\"https:\\\/\\\/hojassueltas.es\\\/#\\\/schema\\\/person\\\/f232bbdb834c61c90aff2245daa401c0\",\"name\":\"Redacci\u00f3n\",\"image\":{\"@type\":\"ImageObject\",\"inLanguage\":\"es\",\"@id\":\"https:\\\/\\\/hojassueltas.es\\\/wp-content\\\/uploads\\\/2026\\\/02\\\/Redaccion-2-96x96.png\",\"url\":\"https:\\\/\\\/hojassueltas.es\\\/wp-content\\\/uploads\\\/2026\\\/02\\\/Redaccion-2-96x96.png\",\"contentUrl\":\"https:\\\/\\\/hojassueltas.es\\\/wp-content\\\/uploads\\\/2026\\\/02\\\/Redaccion-2-96x96.png\",\"caption\":\"Redacci\u00f3n\"},\"description\":\"Redacci\u00f3n de HOJAS SUELTAS\",\"url\":\"https:\\\/\\\/hojassueltas.es\\\/?author=1\"}]}<\/script>\n<!-- \/ Yoast SEO plugin. -->","yoast_head_json":{"title":"\u00c9xito rotundo del Festival Internacional de Teatro Cl\u00e1sico de Almagro en su semana inaugural | HOJAS SUELTAS Peri\u00f3dico Cultural","description":"INFORMACION CULUTRAL VERANO 2025; La 47\u00aa edici\u00f3n del Festival Internacional de Teatro Cl\u00e1sico de Almagro ha comenzado con una afluencia masiva de p\u00fablico, entusiasmo de la cr\u00edtica especializada y una programaci\u00f3n que reafirma el prestigio del certamen como cita ineludible de las artes esc\u00e9nicas en Europa.","robots":{"index":"index","follow":"follow","max-snippet":"max-snippet:-1","max-image-preview":"max-image-preview:large","max-video-preview":"max-video-preview:-1"},"canonical":"https:\/\/hojassueltas.es\/?p=21019","og_locale":"es_ES","og_type":"article","og_title":"\u00c9xito rotundo del Festival Internacional de Teatro Cl\u00e1sico de Almagro en su semana inaugural | HOJAS SUELTAS Peri\u00f3dico Cultural","og_description":"INFORMACION CULUTRAL VERANO 2025; La 47\u00aa edici\u00f3n del Festival Internacional de Teatro Cl\u00e1sico de Almagro ha comenzado con una afluencia masiva de p\u00fablico, entusiasmo de la cr\u00edtica especializada y una programaci\u00f3n que reafirma el prestigio del certamen como cita ineludible de las artes esc\u00e9nicas en Europa.","og_url":"https:\/\/hojassueltas.es\/?p=21019","og_site_name":"HOJAS SUELTAS Peri\u00f3dico Cultural","article_published_time":"2025-06-23T23:00:36+00:00","article_modified_time":"2025-10-17T15:59:19+00:00","og_image":[{"width":1050,"height":610,"url":"https:\/\/hojassueltas.es\/wp-content\/uploads\/2025\/06\/Informacion-Cultural_2_H.S-1.png","type":"image\/png"}],"author":"Redacci\u00f3n","twitter_card":"summary_large_image","twitter_creator":"@HOJASSUELTAS22","twitter_site":"@HOJASSUELTAS22","twitter_misc":{"Escrito por":"Redacci\u00f3n","Tiempo de lectura":"3 minutos"},"schema":{"@context":"https:\/\/schema.org","@graph":[{"@type":["Article","BlogPosting"],"@id":"https:\/\/hojassueltas.es\/?p=21019#article","isPartOf":{"@id":"https:\/\/hojassueltas.es\/?p=21019"},"author":{"name":"Redacci\u00f3n","@id":"https:\/\/hojassueltas.es\/#\/schema\/person\/f232bbdb834c61c90aff2245daa401c0"},"headline":"\u00c9xito rotundo del Festival Internacional de Teatro Cl\u00e1sico de Almagro en su semana inaugural","datePublished":"2025-06-23T23:00:36+00:00","dateModified":"2025-10-17T15:59:19+00:00","mainEntityOfPage":{"@id":"https:\/\/hojassueltas.es\/?p=21019"},"wordCount":636,"commentCount":0,"publisher":{"@id":"https:\/\/hojassueltas.es\/#organization"},"image":{"@id":"https:\/\/hojassueltas.es\/?p=21019#primaryimage"},"thumbnailUrl":"https:\/\/hojassueltas.es\/wp-content\/uploads\/2025\/06\/Informacion-Cultural_2_H.S-1.png","articleSection":["PANORAMA CULTURAL"],"inLanguage":"es","potentialAction":[{"@type":"CommentAction","name":"Comment","target":["https:\/\/hojassueltas.es\/?p=21019#respond"]}]},{"@type":"WebPage","@id":"https:\/\/hojassueltas.es\/?p=21019","url":"https:\/\/hojassueltas.es\/?p=21019","name":"\u00c9xito rotundo del Festival Internacional de Teatro Cl\u00e1sico de Almagro en su semana inaugural | HOJAS SUELTAS Peri\u00f3dico Cultural","isPartOf":{"@id":"https:\/\/hojassueltas.es\/#website"},"primaryImageOfPage":{"@id":"https:\/\/hojassueltas.es\/?p=21019#primaryimage"},"image":{"@id":"https:\/\/hojassueltas.es\/?p=21019#primaryimage"},"thumbnailUrl":"https:\/\/hojassueltas.es\/wp-content\/uploads\/2025\/06\/Informacion-Cultural_2_H.S-1.png","datePublished":"2025-06-23T23:00:36+00:00","dateModified":"2025-10-17T15:59:19+00:00","description":"INFORMACION CULUTRAL VERANO 2025; La 47\u00aa edici\u00f3n del Festival Internacional de Teatro Cl\u00e1sico de Almagro ha comenzado con una afluencia masiva de p\u00fablico, entusiasmo de la cr\u00edtica especializada y una programaci\u00f3n que reafirma el prestigio del certamen como cita ineludible de las artes esc\u00e9nicas en Europa.","breadcrumb":{"@id":"https:\/\/hojassueltas.es\/?p=21019#breadcrumb"},"inLanguage":"es","potentialAction":[{"@type":"ReadAction","target":["https:\/\/hojassueltas.es\/?p=21019"]}]},{"@type":"ImageObject","inLanguage":"es","@id":"https:\/\/hojassueltas.es\/?p=21019#primaryimage","url":"https:\/\/hojassueltas.es\/wp-content\/uploads\/2025\/06\/Informacion-Cultural_2_H.S-1.png","contentUrl":"https:\/\/hojassueltas.es\/wp-content\/uploads\/2025\/06\/Informacion-Cultural_2_H.S-1.png","width":1050,"height":610},{"@type":"BreadcrumbList","@id":"https:\/\/hojassueltas.es\/?p=21019#breadcrumb","itemListElement":[{"@type":"ListItem","position":1,"name":"Portada","item":"https:\/\/hojassueltas.es\/"},{"@type":"ListItem","position":2,"name":"\u00c9xito rotundo del Festival Internacional de Teatro Cl\u00e1sico de Almagro en su semana inaugural"}]},{"@type":"WebSite","@id":"https:\/\/hojassueltas.es\/#website","url":"https:\/\/hojassueltas.es\/","name":"HojasSueltas.es","description":"GRANADA - Peri\u00f3dico Cultural","publisher":{"@id":"https:\/\/hojassueltas.es\/#organization"},"alternateName":"H.S. Periodico Cultural","potentialAction":[{"@type":"SearchAction","target":{"@type":"EntryPoint","urlTemplate":"https:\/\/hojassueltas.es\/?s={search_term_string}"},"query-input":{"@type":"PropertyValueSpecification","valueRequired":true,"valueName":"search_term_string"}}],"inLanguage":"es"},{"@type":"Organization","@id":"https:\/\/hojassueltas.es\/#organization","name":"HOJAS SUELTAS - Peri\u00f3dico Cultural","alternateName":"HS - HOJAS SUELTAS Peri\u00f3dico Cultural","url":"https:\/\/hojassueltas.es\/","logo":{"@type":"ImageObject","inLanguage":"es","@id":"https:\/\/hojassueltas.es\/#\/schema\/logo\/image\/","url":"https:\/\/hojassueltas.es\/wp-content\/uploads\/2025\/08\/Icono-HS_2.png","contentUrl":"https:\/\/hojassueltas.es\/wp-content\/uploads\/2025\/08\/Icono-HS_2.png","width":500,"height":500,"caption":"HOJAS SUELTAS - Peri\u00f3dico Cultural"},"image":{"@id":"https:\/\/hojassueltas.es\/#\/schema\/logo\/image\/"},"sameAs":["https:\/\/x.com\/HOJASSUELTAS22"]},{"@type":"Person","@id":"https:\/\/hojassueltas.es\/#\/schema\/person\/f232bbdb834c61c90aff2245daa401c0","name":"Redacci\u00f3n","image":{"@type":"ImageObject","inLanguage":"es","@id":"https:\/\/hojassueltas.es\/wp-content\/uploads\/2026\/02\/Redaccion-2-96x96.png","url":"https:\/\/hojassueltas.es\/wp-content\/uploads\/2026\/02\/Redaccion-2-96x96.png","contentUrl":"https:\/\/hojassueltas.es\/wp-content\/uploads\/2026\/02\/Redaccion-2-96x96.png","caption":"Redacci\u00f3n"},"description":"Redacci\u00f3n de HOJAS SUELTAS","url":"https:\/\/hojassueltas.es\/?author=1"}]}},"_links":{"self":[{"href":"https:\/\/hojassueltas.es\/index.php?rest_route=\/wp\/v2\/posts\/21019","targetHints":{"allow":["GET"]}}],"collection":[{"href":"https:\/\/hojassueltas.es\/index.php?rest_route=\/wp\/v2\/posts"}],"about":[{"href":"https:\/\/hojassueltas.es\/index.php?rest_route=\/wp\/v2\/types\/post"}],"author":[{"embeddable":true,"href":"https:\/\/hojassueltas.es\/index.php?rest_route=\/wp\/v2\/users\/1"}],"replies":[{"embeddable":true,"href":"https:\/\/hojassueltas.es\/index.php?rest_route=%2Fwp%2Fv2%2Fcomments&post=21019"}],"version-history":[{"count":1,"href":"https:\/\/hojassueltas.es\/index.php?rest_route=\/wp\/v2\/posts\/21019\/revisions"}],"predecessor-version":[{"id":21020,"href":"https:\/\/hojassueltas.es\/index.php?rest_route=\/wp\/v2\/posts\/21019\/revisions\/21020"}],"wp:featuredmedia":[{"embeddable":true,"href":"https:\/\/hojassueltas.es\/index.php?rest_route=\/wp\/v2\/media\/20742"}],"wp:attachment":[{"href":"https:\/\/hojassueltas.es\/index.php?rest_route=%2Fwp%2Fv2%2Fmedia&parent=21019"}],"wp:term":[{"taxonomy":"category","embeddable":true,"href":"https:\/\/hojassueltas.es\/index.php?rest_route=%2Fwp%2Fv2%2Fcategories&post=21019"},{"taxonomy":"post_tag","embeddable":true,"href":"https:\/\/hojassueltas.es\/index.php?rest_route=%2Fwp%2Fv2%2Ftags&post=21019"}],"curies":[{"name":"wp","href":"https:\/\/api.w.org\/{rel}","templated":true}]}}