{"id":20658,"date":"2025-06-01T00:00:41","date_gmt":"2025-05-31T23:00:41","guid":{"rendered":"https:\/\/hojassueltas.es\/?p=20658"},"modified":"2025-06-08T09:25:50","modified_gmt":"2025-06-08T08:25:50","slug":"reglas-generales-de-acentuacion-1","status":"publish","type":"post","link":"https:\/\/hojassueltas.es\/?p=20658","title":{"rendered":"Reglas generales de acentuaci\u00f3n  1"},"content":{"rendered":"<h3 class=\"western\" align=\"justify\"><span style=\"font-size: medium;\">1. Clasificaci\u00f3n de palabras seg\u00fan la s\u00edlaba t\u00f3nica<\/span><\/h3>\n<p align=\"justify\"><span style=\"font-size: medium;\">Las palabras en espa\u00f1ol se clasifican seg\u00fan la s\u00edlaba que se pronuncia con mayor intensidad (s\u00edlaba t\u00f3nica):<\/span><\/p>\n<ul>\n<li>\n<p align=\"left\"><strong><span style=\"font-size: medium;\">Agudas<\/span><\/strong><span style=\"font-size: medium;\">: la s\u00edlaba t\u00f3nica es la \u00faltima.<br \/>\n\u2192 Se acent\u00faan si terminan en <\/span><em><span style=\"font-size: medium;\">n<\/span><\/em><span style=\"font-size: medium;\">, <\/span><em><span style=\"font-size: medium;\">s<\/span><\/em><span style=\"font-size: medium;\"> o vocal.<br \/>\n<\/span><em><span style=\"font-size: medium;\">Ej.: caf\u00e9, bal\u00f3n, comp\u00e1s<\/span><\/em><\/p>\n<\/li>\n<li>\n<p align=\"left\"><strong><span style=\"font-size: medium;\">Llanas o graves<\/span><\/strong><span style=\"font-size: medium;\">: la s\u00edlaba t\u00f3nica es la pen\u00faltima.<br \/>\n\u2192 Se acent\u00faan si terminan en consonante que no sea <\/span><em><span style=\"font-size: medium;\">n<\/span><\/em><span style=\"font-size: medium;\">, <\/span><em><span style=\"font-size: medium;\">s<\/span><\/em><span style=\"font-size: medium;\"> ni vocal.<br \/>\n<\/span><em><span style=\"font-size: medium;\">Ej.: l\u00e1piz, \u00e1rbol, dif\u00edcil<\/span><\/em><\/p>\n<\/li>\n<li>\n<p align=\"left\"><strong><span style=\"font-size: medium;\">Esdr\u00fajulas<\/span><\/strong><span style=\"font-size: medium;\">: la s\u00edlaba t\u00f3nica es la antepen\u00faltima.<br \/>\n\u2192 Siempre se acent\u00faan.<br \/>\n<\/span><em><span style=\"font-size: medium;\">Ej.: m\u00fasica, r\u00e1pido, tel\u00e9fono<\/span><\/em><\/p>\n<\/li>\n<li>\n<p align=\"left\"><strong><span style=\"font-size: medium;\">Sobresdr\u00fajulas<\/span><\/strong><span style=\"font-size: medium;\">: la s\u00edlaba t\u00f3nica est\u00e1 antes de la antepen\u00faltima.<br \/>\n\u2192 Siempre se acent\u00faan.<br \/>\n<\/span><em><span style=\"font-size: medium;\">Ej.: ll\u00e9vatelo, d\u00edgamelo<\/span><\/em><\/p>\n<\/li>\n<\/ul>\n<h3 class=\"western\" align=\"justify\"><span style=\"font-size: medium;\">Ejercicios<\/span><\/h3>\n<ol>\n<li>\n<p align=\"justify\"><span style=\"font-size: medium;\">Clasifica y acent\u00faa correctamente:<br \/>\n<\/span><strong><span style=\"font-size: medium;\">dificil<\/span><\/strong><span style=\"font-size: medium;\">, <\/span><strong><span style=\"font-size: medium;\">camion<\/span><\/strong><span style=\"font-size: medium;\">, <\/span><strong><span style=\"font-size: medium;\">telefono<\/span><\/strong><span style=\"font-size: medium;\">, <\/span><strong><span style=\"font-size: medium;\">mujer<\/span><\/strong><span style=\"font-size: medium;\">, <\/span><strong><span style=\"font-size: medium;\">rapidamente<\/span><\/strong><span style=\"font-size: medium;\">.<\/span><\/p>\n<\/li>\n<\/ol>\n<h2 class=\"western\" align=\"justify\"><span style=\"font-size: medium;\">Combinaci\u00f3n de vocales y su acentuaci\u00f3n<\/span><\/h2>\n<p align=\"justify\"><span style=\"font-size: medium;\">Las vocales se clasifican en:<\/span><\/p>\n<ul>\n<li>\n<p align=\"justify\"><strong><span style=\"font-size: medium;\">Fuertes (abiertas)<\/span><\/strong><span style=\"font-size: medium;\">: <\/span><em><span style=\"font-size: medium;\">a, e, o<\/span><\/em><\/p>\n<\/li>\n<li>\n<p align=\"justify\"><strong><span style=\"font-size: medium;\">D\u00e9biles (cerradas)<\/span><\/strong><span style=\"font-size: medium;\">: <\/span><em><span style=\"font-size: medium;\">i, u<\/span><\/em><\/p>\n<\/li>\n<\/ul>\n<h3 class=\"western\" align=\"justify\"><span style=\"font-size: medium;\">2.1. Diptongos<\/span><\/h3>\n<p align=\"justify\"><span style=\"font-size: medium;\">Un <\/span><strong><span style=\"font-size: medium;\">diptongo<\/span><\/strong><span style=\"font-size: medium;\"> es la combinaci\u00f3n de dos vocales en una misma s\u00edlaba. Puede ser:<\/span><\/p>\n<ul>\n<li>\n<p align=\"justify\"><strong><span style=\"font-size: medium;\">D\u00e9bil + fuerte<\/span><\/strong><span style=\"font-size: medium;\">: <\/span><em><span style=\"font-size: medium;\">tierra, cielo, causa<\/span><\/em><\/p>\n<\/li>\n<li>\n<p align=\"justify\"><strong><span style=\"font-size: medium;\">Fuerte + d\u00e9bil<\/span><\/strong><span style=\"font-size: medium;\">: <\/span><em><span style=\"font-size: medium;\">baile, aire<\/span><\/em><\/p>\n<\/li>\n<li>\n<p align=\"justify\"><strong><span style=\"font-size: medium;\">D\u00e9bil + d\u00e9bil<\/span><\/strong><span style=\"font-size: medium;\">: <\/span><em><span style=\"font-size: medium;\">ciudad, ruido<\/span><\/em><\/p>\n<\/li>\n<\/ul>\n<h4 class=\"western\" align=\"justify\"><span style=\"font-size: medium;\">Reglas de acentuaci\u00f3n:<\/span><\/h4>\n<ul>\n<li>\n<p align=\"justify\"><span style=\"font-size: medium;\">Se aplica la regla general de acentuaci\u00f3n seg\u00fan sea aguda, llana o esdr\u00fajula.<\/span><\/p>\n<\/li>\n<li>\n<p align=\"justify\"><span style=\"font-size: medium;\">Si la vocal d\u00e9bil es t\u00f3nica, se rompe el diptongo y se forma un <\/span><strong><span style=\"font-size: medium;\">hiato<\/span><\/strong><span style=\"font-size: medium;\"> (ver m\u00e1s abajo).<\/span><\/p>\n<\/li>\n<\/ul>\n<p align=\"justify\"><em><span style=\"font-size: medium;\">Ej.: canci\u00f3n (aguda, termina en n), cuento (llana, termina en vocal)<\/span><\/em><\/p>\n<h3 class=\"western\" align=\"justify\"><span style=\"font-size: medium;\">2.2. Hiatos<\/span><\/h3>\n<p align=\"justify\"><span style=\"font-size: medium;\">Un <\/span><strong><span style=\"font-size: medium;\">hiato<\/span><\/strong><span style=\"font-size: medium;\"> se produce cuando dos vocales contiguas se pronuncian en s\u00edlabas distintas. Ocurre en dos casos:<\/span><\/p>\n<ul>\n<li>\n<p align=\"justify\"><span style=\"font-size: medium;\">Vocal fuerte + vocal fuerte: <\/span><em><span style=\"font-size: medium;\">poeta, teatro<\/span><\/em><\/p>\n<\/li>\n<li>\n<p align=\"justify\"><span style=\"font-size: medium;\">Vocal d\u00e9bil acentuada + vocal fuerte: <\/span><em><span style=\"font-size: medium;\">pa\u00eds, re\u00eda<\/span><\/em><\/p>\n<\/li>\n<\/ul>\n<h4 class=\"western\" align=\"justify\"><span style=\"font-size: medium;\">Reglas de acentuaci\u00f3n:<\/span><\/h4>\n<ul>\n<li>\n<p align=\"justify\"><span style=\"font-size: medium;\">Si la vocal d\u00e9bil lleva tilde, rompe el diptongo y forma hiato, incluso si contradice la regla general.<br \/>\n<\/span><em><span style=\"font-size: medium;\">Ej.: Ra\u00fal, Mar\u00eda, d\u00eda<\/span><\/em><\/p>\n<\/li>\n<\/ul>\n<h3 class=\"western\" align=\"justify\"><span style=\"font-size: medium;\">2.3. Triptongos<\/span><\/h3>\n<p align=\"justify\"><span style=\"font-size: medium;\">Un <\/span><strong><span style=\"font-size: medium;\">triptongo<\/span><\/strong><span style=\"font-size: medium;\"> es la secuencia de tres vocales que se pronuncian en una misma s\u00edlaba:<br \/>\nd\u00e9bil + fuerte + d\u00e9bil.<\/span><\/p>\n<p align=\"justify\"><em><span style=\"font-size: medium;\">Ej.: buey, Uruguay, limpi\u00e1is<\/span><\/em><\/p>\n<h4 class=\"western\" align=\"justify\"><span style=\"font-size: medium;\">Reglas de acentuaci\u00f3n:<\/span><\/h4>\n<ul>\n<li>\n<p align=\"justify\"><span style=\"font-size: medium;\">Se coloca la tilde sobre la vocal fuerte, si la palabra lo exige.<br \/>\n<\/span><em><span style=\"font-size: medium;\">Ej.: estudi\u00e1is (es aguda, termina en s, se acent\u00faa)<\/span><\/em><\/p>\n<\/li>\n<\/ul>\n<h3 class=\"western\" align=\"justify\"><span style=\"font-size: medium;\">2.4. Problemas de acentuaci\u00f3n con diptongos e hiatos<\/span><\/h3>\n<h4 class=\"western\" align=\"justify\"><span style=\"font-size: medium;\">Casos frecuentes:<\/span><\/h4>\n<ul>\n<li>\n<p align=\"justify\"><strong><span style=\"font-size: medium;\">Confusi\u00f3n entre diptongo e hiato<\/span><\/strong><span style=\"font-size: medium;\">: <\/span><em><span style=\"font-size: medium;\">r\u00edo<\/span><\/em><span style=\"font-size: medium;\"> (hiato) vs. <\/span><em><span style=\"font-size: medium;\">rio<\/span><\/em><span style=\"font-size: medium;\"> (pret\u00e9rito de <\/span><em><span style=\"font-size: medium;\">re\u00edr<\/span><\/em><span style=\"font-size: medium;\">, diptongo).<\/span><\/p>\n<\/li>\n<li>\n<p align=\"justify\"><strong><span style=\"font-size: medium;\">Pronunciaci\u00f3n regional<\/span><\/strong><span style=\"font-size: medium;\">: en algunas zonas de Espa\u00f1a (Asturias, Le\u00f3n), ciertas secuencias como <\/span><em><span style=\"font-size: medium;\">ue<\/span><\/em><span style=\"font-size: medium;\">, <\/span><em><span style=\"font-size: medium;\">ie<\/span><\/em><span style=\"font-size: medium;\"> tienden a hiatizarse, lo cual no cambia la graf\u00eda normativa.<\/span><\/p>\n<\/li>\n<li>\n<p align=\"justify\"><strong><span style=\"font-size: medium;\">Palabras con tilde en vocal d\u00e9bil t\u00f3nica<\/span><\/strong><span style=\"font-size: medium;\">: <\/span><em><span style=\"font-size: medium;\">fr\u00edo<\/span><\/em><span style=\"font-size: medium;\">, <\/span><em><span style=\"font-size: medium;\">Mar\u00eda<\/span><\/em><span style=\"font-size: medium;\"> \u2192 rompen el diptongo.<\/span><\/p>\n<\/li>\n<\/ul>\n<h2 class=\"western\" align=\"justify\"><span style=\"font-size: medium;\">Acentuaci\u00f3n diacr\u00edtica<\/span><\/h2>\n<p align=\"justify\"><span style=\"font-size: medium;\">La <\/span><strong><span style=\"font-size: medium;\">tilde diacr\u00edtica<\/span><\/strong><span style=\"font-size: medium;\"> sirve para distinguir palabras que se escriben igual pero tienen funciones distintas.<\/span><\/p>\n<h3 class=\"western\" align=\"justify\"><span style=\"font-size: medium;\">3.1. Acentuaci\u00f3n diacr\u00edtica en monos\u00edlabos<\/span><\/h3>\n<p align=\"justify\"><strong><span style=\"font-size: medium;\">Regla<\/span><\/strong><span style=\"font-size: medium;\">: los monos\u00edlabos no se acent\u00faan, salvo para distinguirse de otro con la misma forma.<\/span><\/p>\n<table width=\"440\" cellspacing=\"0\" cellpadding=\"2\">\n<thead>\n<tr>\n<th width=\"117\">\n<p align=\"justify\"><span style=\"font-size: medium;\">Con tilde<\/span><\/p>\n<\/th>\n<th width=\"116\">\n<p align=\"justify\"><span style=\"font-size: medium;\">Sin tilde<\/span><\/p>\n<\/th>\n<th width=\"194\">\n<p align=\"justify\"><span style=\"font-size: medium;\">Ejemplo<\/span><\/p>\n<\/th>\n<\/tr>\n<\/thead>\n<tbody>\n<tr>\n<td width=\"117\">\n<p align=\"justify\"><span style=\"font-size: medium;\">t\u00fa<\/span><\/p>\n<\/td>\n<td width=\"116\">\n<p align=\"justify\"><span style=\"font-size: medium;\">tu<\/span><\/p>\n<\/td>\n<td width=\"194\">\n<p align=\"justify\"><span style=\"font-size: medium;\">T\u00fa eres listo \/ Tu libro<\/span><\/p>\n<\/td>\n<\/tr>\n<tr>\n<td width=\"117\">\n<p align=\"justify\"><span style=\"font-size: medium;\">\u00e9l<\/span><\/p>\n<\/td>\n<td width=\"116\">\n<p align=\"justify\"><span style=\"font-size: medium;\">el<\/span><\/p>\n<\/td>\n<td width=\"194\">\n<p align=\"justify\"><span style=\"font-size: medium;\">\u00c9l vendr\u00e1 \/ El coche<\/span><\/p>\n<\/td>\n<\/tr>\n<tr>\n<td width=\"117\">\n<p align=\"justify\"><span style=\"font-size: medium;\">m\u00ed<\/span><\/p>\n<\/td>\n<td width=\"116\">\n<p align=\"justify\"><span style=\"font-size: medium;\">mi<\/span><\/p>\n<\/td>\n<td width=\"194\">\n<p align=\"justify\"><span style=\"font-size: medium;\">Para m\u00ed \/ Mi casa<\/span><\/p>\n<\/td>\n<\/tr>\n<tr>\n<td width=\"117\">\n<p align=\"justify\"><span style=\"font-size: medium;\">s\u00e9<\/span><\/p>\n<\/td>\n<td width=\"116\">\n<p align=\"justify\"><span style=\"font-size: medium;\">se<\/span><\/p>\n<\/td>\n<td width=\"194\">\n<p align=\"justify\"><span style=\"font-size: medium;\">Yo s\u00e9 \/ Se lo dijo<\/span><\/p>\n<\/td>\n<\/tr>\n<tr>\n<td width=\"117\">\n<p align=\"justify\"><span style=\"font-size: medium;\">t\u00e9<\/span><\/p>\n<\/td>\n<td width=\"116\">\n<p align=\"justify\"><span style=\"font-size: medium;\">te<\/span><\/p>\n<\/td>\n<td width=\"194\">\n<p align=\"justify\"><span style=\"font-size: medium;\">Me gusta el t\u00e9 \/ Te lo dije<\/span><\/p>\n<\/td>\n<\/tr>\n<tr>\n<td width=\"117\">\n<p align=\"justify\"><span style=\"font-size: medium;\">s\u00ed<\/span><\/p>\n<\/td>\n<td width=\"116\">\n<p align=\"justify\"><span style=\"font-size: medium;\">si<\/span><\/p>\n<\/td>\n<td width=\"194\">\n<p align=\"justify\"><span style=\"font-size: medium;\">S\u00ed, quiero \/ Si vienes&#8230;<\/span><\/p>\n<\/td>\n<\/tr>\n<tr>\n<td width=\"117\">\n<p align=\"justify\"><span style=\"font-size: medium;\">m\u00e1s<\/span><\/p>\n<\/td>\n<td width=\"116\">\n<p align=\"justify\"><span style=\"font-size: medium;\">mas<\/span><\/p>\n<\/td>\n<td width=\"194\">\n<p align=\"justify\"><span style=\"font-size: medium;\">Quiero m\u00e1s \/ Mas no vino<\/span><\/p>\n<\/td>\n<\/tr>\n<tr>\n<td width=\"117\">\n<p align=\"justify\"><span style=\"font-size: medium;\">d\u00e9<\/span><\/p>\n<\/td>\n<td width=\"116\">\n<p align=\"justify\"><span style=\"font-size: medium;\">de<\/span><\/p>\n<\/td>\n<td width=\"194\">\n<p align=\"justify\"><span style=\"font-size: medium;\">D\u00e9 la vuelta \/ Es de ella<\/span><\/p>\n<\/td>\n<\/tr>\n<tr>\n<td width=\"117\">\n<p align=\"justify\"><span style=\"font-size: medium;\">qu\u00e9, cu\u00e1l, qui\u00e9n&#8230;<\/span><\/p>\n<\/td>\n<td width=\"116\">\n<p align=\"justify\"><span style=\"font-size: medium;\">que, cual, quien&#8230;<\/span><\/p>\n<\/td>\n<td width=\"194\">\n<p align=\"justify\"><span style=\"font-size: medium;\">\u00bfQu\u00e9 haces? \/ El libro que le\u00ed<\/span><\/p>\n<\/td>\n<\/tr>\n<\/tbody>\n<\/table>\n<h3 class=\"western\" align=\"justify\"><span style=\"font-size: medium;\">Ejercicio:<\/span><\/h3>\n<ul>\n<li>\n<p align=\"justify\"><span style=\"font-size: medium;\">Escribe una frase con cada par de palabras.<\/span><\/p>\n<\/li>\n<\/ul>\n<h3 class=\"western\" align=\"justify\"><span style=\"font-size: medium;\">3.2. Acentuaci\u00f3n diacr\u00edtica en polis\u00edlabos<\/span><\/h3>\n<h4 class=\"western\" align=\"justify\"><span style=\"font-size: medium;\">3.2.1. Demostrativos (este, ese, aquel)<\/span><\/h4>\n<p align=\"justify\"><span style=\"font-size: medium;\"><strong>Norma actual<\/strong> (RAE):<\/span><\/p>\n<ul>\n<li>\n<p align=\"justify\"><span style=\"font-size: medium;\">No llevan tilde <strong>ni siquiera en casos de ambig\u00fcedad<\/strong>, aunque tradicionalmente s\u00ed lo hac\u00edan.<\/span><\/p>\n<\/li>\n<\/ul>\n<p align=\"justify\"><span style=\"font-size: medium;\"><em>Ejemplo actual correcto:<\/em><br \/>\nVi este libro y aquel tambi\u00e9n.<br \/>\nVi este y aquel.<\/span><\/p>\n<p><span style=\"font-size: medium;\"><em>En regiones hispanohablantes donde se mantiene la tradici\u00f3n, puede encontrarse:<\/em><br \/>\n<em>Vi \u00e9ste y aqu\u00e9l.<\/em><\/span><\/p>\n<h4 class=\"western\" align=\"justify\"><span style=\"font-size: medium;\">3.2.2. Solo<\/span><\/h4>\n<p align=\"justify\"><span style=\"font-size: medium;\"><strong>Norma actual<\/strong>:<\/span><\/p>\n<ul>\n<li>\n<p align=\"justify\"><span style=\"font-size: medium;\"><em>Solo<\/em> (adverbio) no se tilda aunque signifique \u201csolamente\u201d.<\/span><\/p>\n<\/li>\n<\/ul>\n<p align=\"justify\"><span style=\"font-size: medium;\"><em>Ejemplo:<\/em><br \/>\nSolo quiero estar solo.<\/span><\/p>\n<p><span style=\"font-size: medium;\"><em>Tilde admisible solo si hay ambig\u00fcedad y el lector lo necesita, pero desaconsejada por la RAE actual.<\/em><\/span><\/p>\n<h4 class=\"western\" align=\"justify\"><span style=\"font-size: medium;\">3.2.3. A\u00fan \/ aun<\/span><\/h4>\n<ul>\n<li>\n<p align=\"left\"><span style=\"font-size: medium;\"><em>A\u00fan<\/em> (con tilde) = todav\u00eda.<br \/>\n<em>Ej.: A\u00fan no ha llegado.<\/em><\/span><\/p>\n<\/li>\n<li>\n<p align=\"left\"><span style=\"font-size: medium;\"><em>Aun<\/em> (sin tilde) = incluso, hasta, ni siquiera, aunque.<br \/>\n<em>Ej.: Aun los ni\u00f1os lo entendieron.<\/em><\/span><\/p>\n<\/li>\n<\/ul>\n<h2 class=\"western\" align=\"justify\"><span style=\"font-size: medium;\">Ejercicios finales<\/span><\/h2>\n<ol>\n<li>\n<p align=\"justify\"><span style=\"font-size: medium;\">Clasifica las siguientes palabras como diptongo, hiato o triptongo:<br \/>\n<strong>h\u00e9roe, buey, pa\u00eds, causa, d\u00eda, aire<\/strong><\/span><\/p>\n<\/li>\n<li>\n<p align=\"left\"><span style=\"font-size: medium;\">Coloca correctamente las tildes en estas frases:<br \/>\na) Te lo dije tu no me escuchaste<br \/>\nb) Aun no se si ire<br \/>\nc) El se lo dio a el<br \/>\nd) Solo vine a buscar lo que es mio<\/span><\/p>\n<\/li>\n<li>\n<p align=\"left\"><span style=\"font-size: medium;\">Elige la forma correcta seg\u00fan el contexto:<br \/>\na) (Tu \/ T\u00fa) sabes que (mi \/ m\u00ed) mam\u00e1 vendr\u00e1.<br \/>\nb) \u00bf(Que \/ Qu\u00e9) quieres que haga?<br \/>\nc) No s\u00e9 si quiero m\u00e1s, (mas \/ m\u00e1s) me lo pensar\u00e9.<\/span><\/p>\n<\/li>\n<\/ol>\n<p><strong>Redacci\u00f3n.<\/strong><\/p>\n","protected":false},"excerpt":{"rendered":"<p>1. Clasificaci\u00f3n de palabras seg\u00fan la s\u00edlaba t\u00f3nica Las palabras en espa\u00f1ol se clasifican seg\u00fan la s\u00edlaba que se pronuncia con mayor intensidad (s\u00edlaba t\u00f3nica): Agudas: la s\u00edlaba t\u00f3nica es la \u00faltima. \u2192 Se acent\u00faan si terminan en n, s o vocal. Ej.: caf\u00e9, bal\u00f3n, comp\u00e1s Llanas o graves: la s\u00edlaba t\u00f3nica es la pen\u00faltima. [&hellip;]<\/p>\n","protected":false},"author":1,"featured_media":0,"comment_status":"open","ping_status":"closed","sticky":false,"template":"","format":"standard","meta":{"footnotes":""},"categories":[2186],"tags":[],"class_list":{"0":"post-20658","1":"post","2":"type-post","3":"status-publish","4":"format-standard","6":"category-normas-a-recordar"},"yoast_head":"<!-- This site is optimized with the Yoast SEO plugin v27.5 - https:\/\/yoast.com\/product\/yoast-seo-wordpress\/ -->\n<title>Reglas generales de acentuaci\u00f3n 1 | NORMAS A RECORDAR | HOJAS SUELTAS Peri\u00f3dico Cultural<\/title>\n<meta name=\"description\" content=\"IDIOMA ESPA\u00d1OL. Acentuaci\u00f3n 1\" \/>\n<meta name=\"robots\" content=\"index, follow, max-snippet:-1, max-image-preview:large, max-video-preview:-1\" \/>\n<link rel=\"canonical\" href=\"https:\/\/hojassueltas.es\/?p=20658\" \/>\n<meta property=\"og:locale\" content=\"es_ES\" \/>\n<meta property=\"og:type\" content=\"article\" \/>\n<meta property=\"og:title\" content=\"Reglas generales de acentuaci\u00f3n 1 | NORMAS A RECORDAR | HOJAS SUELTAS Peri\u00f3dico Cultural\" \/>\n<meta property=\"og:description\" content=\"IDIOMA ESPA\u00d1OL. Acentuaci\u00f3n 1\" \/>\n<meta property=\"og:url\" content=\"https:\/\/hojassueltas.es\/?p=20658\" \/>\n<meta property=\"og:site_name\" content=\"HOJAS SUELTAS Peri\u00f3dico Cultural\" \/>\n<meta property=\"article:published_time\" content=\"2025-05-31T23:00:41+00:00\" \/>\n<meta property=\"article:modified_time\" content=\"2025-06-08T08:25:50+00:00\" \/>\n<meta property=\"og:image\" content=\"https:\/\/hojassueltas.es\/wp-content\/uploads\/2025\/06\/idioma-espanol_h.S.png\" \/>\n\t<meta property=\"og:image:width\" content=\"1050\" \/>\n\t<meta property=\"og:image:height\" content=\"610\" \/>\n\t<meta property=\"og:image:type\" content=\"image\/png\" \/>\n<meta name=\"author\" content=\"Redacci\u00f3n\" \/>\n<meta name=\"twitter:card\" content=\"summary_large_image\" \/>\n<meta name=\"twitter:creator\" content=\"@HOJASSUELTAS22\" \/>\n<meta name=\"twitter:site\" content=\"@HOJASSUELTAS22\" \/>\n<meta name=\"twitter:label1\" content=\"Escrito por\" \/>\n\t<meta name=\"twitter:data1\" content=\"Redacci\u00f3n\" \/>\n\t<meta name=\"twitter:label2\" content=\"Tiempo de lectura\" \/>\n\t<meta name=\"twitter:data2\" content=\"4 minutos\" \/>\n<script type=\"application\/ld+json\" class=\"yoast-schema-graph\">{\"@context\":\"https:\\\/\\\/schema.org\",\"@graph\":[{\"@type\":[\"Article\",\"BlogPosting\"],\"@id\":\"https:\\\/\\\/hojassueltas.es\\\/?p=20658#article\",\"isPartOf\":{\"@id\":\"https:\\\/\\\/hojassueltas.es\\\/?p=20658\"},\"author\":{\"name\":\"Redacci\u00f3n\",\"@id\":\"https:\\\/\\\/hojassueltas.es\\\/#\\\/schema\\\/person\\\/f232bbdb834c61c90aff2245daa401c0\"},\"headline\":\"Reglas generales de acentuaci\u00f3n 1\",\"datePublished\":\"2025-05-31T23:00:41+00:00\",\"dateModified\":\"2025-06-08T08:25:50+00:00\",\"mainEntityOfPage\":{\"@id\":\"https:\\\/\\\/hojassueltas.es\\\/?p=20658\"},\"wordCount\":800,\"commentCount\":0,\"publisher\":{\"@id\":\"https:\\\/\\\/hojassueltas.es\\\/#organization\"},\"articleSection\":[\"NORMAS A RECORDAR\"],\"inLanguage\":\"es\",\"potentialAction\":[{\"@type\":\"CommentAction\",\"name\":\"Comment\",\"target\":[\"https:\\\/\\\/hojassueltas.es\\\/?p=20658#respond\"]}]},{\"@type\":\"WebPage\",\"@id\":\"https:\\\/\\\/hojassueltas.es\\\/?p=20658\",\"url\":\"https:\\\/\\\/hojassueltas.es\\\/?p=20658\",\"name\":\"Reglas generales de acentuaci\u00f3n 1 | NORMAS A RECORDAR | HOJAS SUELTAS Peri\u00f3dico Cultural\",\"isPartOf\":{\"@id\":\"https:\\\/\\\/hojassueltas.es\\\/#website\"},\"datePublished\":\"2025-05-31T23:00:41+00:00\",\"dateModified\":\"2025-06-08T08:25:50+00:00\",\"description\":\"IDIOMA ESPA\u00d1OL. Acentuaci\u00f3n 1\",\"breadcrumb\":{\"@id\":\"https:\\\/\\\/hojassueltas.es\\\/?p=20658#breadcrumb\"},\"inLanguage\":\"es\",\"potentialAction\":[{\"@type\":\"ReadAction\",\"target\":[\"https:\\\/\\\/hojassueltas.es\\\/?p=20658\"]}]},{\"@type\":\"BreadcrumbList\",\"@id\":\"https:\\\/\\\/hojassueltas.es\\\/?p=20658#breadcrumb\",\"itemListElement\":[{\"@type\":\"ListItem\",\"position\":1,\"name\":\"Portada\",\"item\":\"https:\\\/\\\/hojassueltas.es\\\/\"},{\"@type\":\"ListItem\",\"position\":2,\"name\":\"Reglas generales de acentuaci\u00f3n 1\"}]},{\"@type\":\"WebSite\",\"@id\":\"https:\\\/\\\/hojassueltas.es\\\/#website\",\"url\":\"https:\\\/\\\/hojassueltas.es\\\/\",\"name\":\"HojasSueltas.es\",\"description\":\"GRANADA - Peri\u00f3dico Cultural\",\"publisher\":{\"@id\":\"https:\\\/\\\/hojassueltas.es\\\/#organization\"},\"alternateName\":\"H.S. Periodico Cultural\",\"potentialAction\":[{\"@type\":\"SearchAction\",\"target\":{\"@type\":\"EntryPoint\",\"urlTemplate\":\"https:\\\/\\\/hojassueltas.es\\\/?s={search_term_string}\"},\"query-input\":{\"@type\":\"PropertyValueSpecification\",\"valueRequired\":true,\"valueName\":\"search_term_string\"}}],\"inLanguage\":\"es\"},{\"@type\":\"Organization\",\"@id\":\"https:\\\/\\\/hojassueltas.es\\\/#organization\",\"name\":\"HOJAS SUELTAS - Peri\u00f3dico Cultural\",\"alternateName\":\"HS - HOJAS SUELTAS Peri\u00f3dico Cultural\",\"url\":\"https:\\\/\\\/hojassueltas.es\\\/\",\"logo\":{\"@type\":\"ImageObject\",\"inLanguage\":\"es\",\"@id\":\"https:\\\/\\\/hojassueltas.es\\\/#\\\/schema\\\/logo\\\/image\\\/\",\"url\":\"https:\\\/\\\/hojassueltas.es\\\/wp-content\\\/uploads\\\/2025\\\/08\\\/Icono-HS_2.png\",\"contentUrl\":\"https:\\\/\\\/hojassueltas.es\\\/wp-content\\\/uploads\\\/2025\\\/08\\\/Icono-HS_2.png\",\"width\":500,\"height\":500,\"caption\":\"HOJAS SUELTAS - Peri\u00f3dico Cultural\"},\"image\":{\"@id\":\"https:\\\/\\\/hojassueltas.es\\\/#\\\/schema\\\/logo\\\/image\\\/\"},\"sameAs\":[\"https:\\\/\\\/x.com\\\/HOJASSUELTAS22\"]},{\"@type\":\"Person\",\"@id\":\"https:\\\/\\\/hojassueltas.es\\\/#\\\/schema\\\/person\\\/f232bbdb834c61c90aff2245daa401c0\",\"name\":\"Redacci\u00f3n\",\"image\":{\"@type\":\"ImageObject\",\"inLanguage\":\"es\",\"@id\":\"https:\\\/\\\/hojassueltas.es\\\/wp-content\\\/uploads\\\/2026\\\/02\\\/Redaccion-2-96x96.png\",\"url\":\"https:\\\/\\\/hojassueltas.es\\\/wp-content\\\/uploads\\\/2026\\\/02\\\/Redaccion-2-96x96.png\",\"contentUrl\":\"https:\\\/\\\/hojassueltas.es\\\/wp-content\\\/uploads\\\/2026\\\/02\\\/Redaccion-2-96x96.png\",\"caption\":\"Redacci\u00f3n\"},\"description\":\"Redacci\u00f3n de HOJAS SUELTAS\",\"url\":\"https:\\\/\\\/hojassueltas.es\\\/?author=1\"}]}<\/script>\n<!-- \/ Yoast SEO plugin. -->","yoast_head_json":{"title":"Reglas generales de acentuaci\u00f3n 1 | NORMAS A RECORDAR | HOJAS SUELTAS Peri\u00f3dico Cultural","description":"IDIOMA ESPA\u00d1OL. Acentuaci\u00f3n 1","robots":{"index":"index","follow":"follow","max-snippet":"max-snippet:-1","max-image-preview":"max-image-preview:large","max-video-preview":"max-video-preview:-1"},"canonical":"https:\/\/hojassueltas.es\/?p=20658","og_locale":"es_ES","og_type":"article","og_title":"Reglas generales de acentuaci\u00f3n 1 | NORMAS A RECORDAR | HOJAS SUELTAS Peri\u00f3dico Cultural","og_description":"IDIOMA ESPA\u00d1OL. Acentuaci\u00f3n 1","og_url":"https:\/\/hojassueltas.es\/?p=20658","og_site_name":"HOJAS SUELTAS Peri\u00f3dico Cultural","article_published_time":"2025-05-31T23:00:41+00:00","article_modified_time":"2025-06-08T08:25:50+00:00","og_image":[{"width":1050,"height":610,"url":"https:\/\/hojassueltas.es\/wp-content\/uploads\/2025\/06\/idioma-espanol_h.S.png","type":"image\/png"}],"author":"Redacci\u00f3n","twitter_card":"summary_large_image","twitter_creator":"@HOJASSUELTAS22","twitter_site":"@HOJASSUELTAS22","twitter_misc":{"Escrito por":"Redacci\u00f3n","Tiempo de lectura":"4 minutos"},"schema":{"@context":"https:\/\/schema.org","@graph":[{"@type":["Article","BlogPosting"],"@id":"https:\/\/hojassueltas.es\/?p=20658#article","isPartOf":{"@id":"https:\/\/hojassueltas.es\/?p=20658"},"author":{"name":"Redacci\u00f3n","@id":"https:\/\/hojassueltas.es\/#\/schema\/person\/f232bbdb834c61c90aff2245daa401c0"},"headline":"Reglas generales de acentuaci\u00f3n 1","datePublished":"2025-05-31T23:00:41+00:00","dateModified":"2025-06-08T08:25:50+00:00","mainEntityOfPage":{"@id":"https:\/\/hojassueltas.es\/?p=20658"},"wordCount":800,"commentCount":0,"publisher":{"@id":"https:\/\/hojassueltas.es\/#organization"},"articleSection":["NORMAS A RECORDAR"],"inLanguage":"es","potentialAction":[{"@type":"CommentAction","name":"Comment","target":["https:\/\/hojassueltas.es\/?p=20658#respond"]}]},{"@type":"WebPage","@id":"https:\/\/hojassueltas.es\/?p=20658","url":"https:\/\/hojassueltas.es\/?p=20658","name":"Reglas generales de acentuaci\u00f3n 1 | NORMAS A RECORDAR | HOJAS SUELTAS Peri\u00f3dico Cultural","isPartOf":{"@id":"https:\/\/hojassueltas.es\/#website"},"datePublished":"2025-05-31T23:00:41+00:00","dateModified":"2025-06-08T08:25:50+00:00","description":"IDIOMA ESPA\u00d1OL. Acentuaci\u00f3n 1","breadcrumb":{"@id":"https:\/\/hojassueltas.es\/?p=20658#breadcrumb"},"inLanguage":"es","potentialAction":[{"@type":"ReadAction","target":["https:\/\/hojassueltas.es\/?p=20658"]}]},{"@type":"BreadcrumbList","@id":"https:\/\/hojassueltas.es\/?p=20658#breadcrumb","itemListElement":[{"@type":"ListItem","position":1,"name":"Portada","item":"https:\/\/hojassueltas.es\/"},{"@type":"ListItem","position":2,"name":"Reglas generales de acentuaci\u00f3n 1"}]},{"@type":"WebSite","@id":"https:\/\/hojassueltas.es\/#website","url":"https:\/\/hojassueltas.es\/","name":"HojasSueltas.es","description":"GRANADA - Peri\u00f3dico Cultural","publisher":{"@id":"https:\/\/hojassueltas.es\/#organization"},"alternateName":"H.S. Periodico Cultural","potentialAction":[{"@type":"SearchAction","target":{"@type":"EntryPoint","urlTemplate":"https:\/\/hojassueltas.es\/?s={search_term_string}"},"query-input":{"@type":"PropertyValueSpecification","valueRequired":true,"valueName":"search_term_string"}}],"inLanguage":"es"},{"@type":"Organization","@id":"https:\/\/hojassueltas.es\/#organization","name":"HOJAS SUELTAS - Peri\u00f3dico Cultural","alternateName":"HS - HOJAS SUELTAS Peri\u00f3dico Cultural","url":"https:\/\/hojassueltas.es\/","logo":{"@type":"ImageObject","inLanguage":"es","@id":"https:\/\/hojassueltas.es\/#\/schema\/logo\/image\/","url":"https:\/\/hojassueltas.es\/wp-content\/uploads\/2025\/08\/Icono-HS_2.png","contentUrl":"https:\/\/hojassueltas.es\/wp-content\/uploads\/2025\/08\/Icono-HS_2.png","width":500,"height":500,"caption":"HOJAS SUELTAS - Peri\u00f3dico Cultural"},"image":{"@id":"https:\/\/hojassueltas.es\/#\/schema\/logo\/image\/"},"sameAs":["https:\/\/x.com\/HOJASSUELTAS22"]},{"@type":"Person","@id":"https:\/\/hojassueltas.es\/#\/schema\/person\/f232bbdb834c61c90aff2245daa401c0","name":"Redacci\u00f3n","image":{"@type":"ImageObject","inLanguage":"es","@id":"https:\/\/hojassueltas.es\/wp-content\/uploads\/2026\/02\/Redaccion-2-96x96.png","url":"https:\/\/hojassueltas.es\/wp-content\/uploads\/2026\/02\/Redaccion-2-96x96.png","contentUrl":"https:\/\/hojassueltas.es\/wp-content\/uploads\/2026\/02\/Redaccion-2-96x96.png","caption":"Redacci\u00f3n"},"description":"Redacci\u00f3n de HOJAS SUELTAS","url":"https:\/\/hojassueltas.es\/?author=1"}]}},"_links":{"self":[{"href":"https:\/\/hojassueltas.es\/index.php?rest_route=\/wp\/v2\/posts\/20658","targetHints":{"allow":["GET"]}}],"collection":[{"href":"https:\/\/hojassueltas.es\/index.php?rest_route=\/wp\/v2\/posts"}],"about":[{"href":"https:\/\/hojassueltas.es\/index.php?rest_route=\/wp\/v2\/types\/post"}],"author":[{"embeddable":true,"href":"https:\/\/hojassueltas.es\/index.php?rest_route=\/wp\/v2\/users\/1"}],"replies":[{"embeddable":true,"href":"https:\/\/hojassueltas.es\/index.php?rest_route=%2Fwp%2Fv2%2Fcomments&post=20658"}],"version-history":[{"count":1,"href":"https:\/\/hojassueltas.es\/index.php?rest_route=\/wp\/v2\/posts\/20658\/revisions"}],"predecessor-version":[{"id":20659,"href":"https:\/\/hojassueltas.es\/index.php?rest_route=\/wp\/v2\/posts\/20658\/revisions\/20659"}],"wp:attachment":[{"href":"https:\/\/hojassueltas.es\/index.php?rest_route=%2Fwp%2Fv2%2Fmedia&parent=20658"}],"wp:term":[{"taxonomy":"category","embeddable":true,"href":"https:\/\/hojassueltas.es\/index.php?rest_route=%2Fwp%2Fv2%2Fcategories&post=20658"},{"taxonomy":"post_tag","embeddable":true,"href":"https:\/\/hojassueltas.es\/index.php?rest_route=%2Fwp%2Fv2%2Ftags&post=20658"}],"curies":[{"name":"wp","href":"https:\/\/api.w.org\/{rel}","templated":true}]}}