{"id":20286,"date":"2025-05-17T00:00:44","date_gmt":"2025-05-16T23:00:44","guid":{"rendered":"https:\/\/hojassueltas.es\/?p=20286"},"modified":"2025-10-18T10:58:36","modified_gmt":"2025-10-18T08:58:36","slug":"garrincha-y-su-beretta-juan-infante","status":"publish","type":"post","link":"https:\/\/hojassueltas.es\/?p=20286","title":{"rendered":"Garrincha y su Beretta (Juan Infante)"},"content":{"rendered":"<p style=\"text-align: justify;\">Cuando a la familia Garay le incendian la f\u00e1brica de Sestao (Bizkaia) enseguida comprueban que van a por ellos. Pero \u00bfqui\u00e9n puede estar detr\u00e1s? Sin pruebas y con enemigos al acecho, los Garay se ven atrapados en una telara\u00f1a de intereses oscuros y su impresi\u00f3n es que esto no ha hecho m\u00e1s que empezar.<\/p>\n<p style=\"text-align: justify;\">Sin embargo, la familia Garay no est\u00e1 dispuesta a rendirse y pide ayuda a Garrincha, el g\u00e1nster de Olabeaga, que aunque oficialmente est\u00e1 retirado y ya no debe hacer nada fuera de la ley, esto no siempre es as\u00ed. Parece que tiene un im\u00e1n para complicarse la vida y, con su inconfundible instinto y su Beretta, Garrincha sabe que en el mundo de la mafia y la corrupci\u00f3n nadie juega limpio.<\/p>\n<p style=\"text-align: justify;\">En su investigaci\u00f3n, Garrincha se cruza con B\u00e1rbara Alberdi \u2014una joven periodista que con su arrojo, inteligencia e inconsciencia acaba poni\u00e9ndose en serio peligro por una buena causa\u2014 y ambos unir\u00e1n sus fuerzas para descubrir la verdad en ese turbio caso y se introducir\u00e1n en la trama criminal, donde el enigma y la tensi\u00f3n se mantienen hasta el final.<\/p>\n<p>Juan Infante nos brinda una novela negra llena de di\u00e1logos afilados, tensi\u00f3n constante, traiciones y mucho humor que nos sumerge en el mundo empresarial de un Bilbao vibrante pero tambi\u00e9n inquietante, y da un paso m\u00e1s en atraer al lector a que participe en la resoluci\u00f3n del caso.<\/p>\n<p>Sobre el Autor:<\/p>\n<p style=\"text-align: justify;\"><strong>Juan Infante<\/strong>, nacido en Bilbao, es escritor y abogado. Con esta, ya son diez las novelas publicadas y once relatos de g\u00e9nero negro-criminal. De la serie Garrincha, se han editado Atrapado, El precio del silencio, Sospechosos, El g\u00e1nster de Olabeaga y Garrincha y su beretta. Atrapado fue nominada para el Premio Euskadi de literatura 2018.<\/p>\n<p style=\"text-align: justify;\">Dirige y es profesor de dos talleres de novela negra en ALEA Bilbao y elabora, junto a dos colegas, La Carta Noir, la newsletter mensual sobre g\u00e9nero negro de novelas y series de El Correo.<\/p>\n<p>\u00a9 Alrev\u00e9s Editorial<\/p>\n","protected":false},"excerpt":{"rendered":"<p>Cuando a la familia Garay le incendian la f\u00e1brica de Sestao (Bizkaia) enseguida comprueban que van a por ellos. Pero \u00bfqui\u00e9n puede estar detr\u00e1s? Sin pruebas y con enemigos al acecho, los Garay se ven atrapados en una telara\u00f1a de intereses oscuros y su impresi\u00f3n es que esto no ha hecho m\u00e1s que empezar. Sin [&hellip;]<\/p>\n","protected":false},"author":1,"featured_media":20291,"comment_status":"open","ping_status":"closed","sticky":false,"template":"","format":"standard","meta":{"footnotes":""},"categories":[1124],"tags":[249,1337],"class_list":{"0":"post-20286","1":"post","2":"type-post","3":"status-publish","4":"format-standard","5":"has-post-thumbnail","7":"category-por-que-leer","8":"tag-alreves-editorial","9":"tag-juan-infante"},"yoast_head":"<!-- This site is optimized with the Yoast SEO plugin v27.5 - https:\/\/yoast.com\/product\/yoast-seo-wordpress\/ -->\n<title>Garrincha y su Beretta (Juan Infante) | HOJAS SUELTAS Peri\u00f3dico Cultural<\/title>\n<meta name=\"description\" content=\"LIBROS. Intriga polic\u00edaca. Cuando a la familia Garay le incendian la f\u00e1brica de Sestao (Bizkaia) enseguida comprueban que van a por ellos.\" \/>\n<meta name=\"robots\" content=\"index, follow, max-snippet:-1, max-image-preview:large, max-video-preview:-1\" \/>\n<link rel=\"canonical\" href=\"https:\/\/hojassueltas.es\/?p=20286\" \/>\n<meta property=\"og:locale\" content=\"es_ES\" \/>\n<meta property=\"og:type\" content=\"article\" \/>\n<meta property=\"og:title\" content=\"Garrincha y su Beretta (Juan Infante) | HOJAS SUELTAS Peri\u00f3dico Cultural\" \/>\n<meta property=\"og:description\" content=\"LIBROS. Intriga polic\u00edaca. Cuando a la familia Garay le incendian la f\u00e1brica de Sestao (Bizkaia) enseguida comprueban que van a por ellos.\" \/>\n<meta property=\"og:url\" content=\"https:\/\/hojassueltas.es\/?p=20286\" \/>\n<meta property=\"og:site_name\" content=\"HOJAS SUELTAS Peri\u00f3dico Cultural\" \/>\n<meta property=\"article:published_time\" content=\"2025-05-16T23:00:44+00:00\" \/>\n<meta property=\"article:modified_time\" content=\"2025-10-18T08:58:36+00:00\" \/>\n<meta property=\"og:image\" content=\"https:\/\/hojassueltas.es\/wp-content\/uploads\/2025\/05\/Garrincha_-H.S.-.png\" \/>\n\t<meta property=\"og:image:width\" content=\"1050\" \/>\n\t<meta property=\"og:image:height\" content=\"610\" \/>\n\t<meta property=\"og:image:type\" content=\"image\/png\" \/>\n<meta name=\"author\" content=\"Redacci\u00f3n\" \/>\n<meta name=\"twitter:card\" content=\"summary_large_image\" \/>\n<meta name=\"twitter:creator\" content=\"@HOJASSUELTAS22\" \/>\n<meta name=\"twitter:site\" content=\"@HOJASSUELTAS22\" \/>\n<meta name=\"twitter:label1\" content=\"Escrito por\" \/>\n\t<meta name=\"twitter:data1\" content=\"Redacci\u00f3n\" \/>\n\t<meta name=\"twitter:label2\" content=\"Tiempo de lectura\" \/>\n\t<meta name=\"twitter:data2\" content=\"2 minutos\" \/>\n<script type=\"application\/ld+json\" class=\"yoast-schema-graph\">{\"@context\":\"https:\\\/\\\/schema.org\",\"@graph\":[{\"@type\":[\"Article\",\"BlogPosting\"],\"@id\":\"https:\\\/\\\/hojassueltas.es\\\/?p=20286#article\",\"isPartOf\":{\"@id\":\"https:\\\/\\\/hojassueltas.es\\\/?p=20286\"},\"author\":{\"name\":\"Redacci\u00f3n\",\"@id\":\"https:\\\/\\\/hojassueltas.es\\\/#\\\/schema\\\/person\\\/f232bbdb834c61c90aff2245daa401c0\"},\"headline\":\"Garrincha y su Beretta (Juan Infante)\",\"datePublished\":\"2025-05-16T23:00:44+00:00\",\"dateModified\":\"2025-10-18T08:58:36+00:00\",\"mainEntityOfPage\":{\"@id\":\"https:\\\/\\\/hojassueltas.es\\\/?p=20286\"},\"wordCount\":356,\"commentCount\":0,\"publisher\":{\"@id\":\"https:\\\/\\\/hojassueltas.es\\\/#organization\"},\"image\":{\"@id\":\"https:\\\/\\\/hojassueltas.es\\\/?p=20286#primaryimage\"},\"thumbnailUrl\":\"https:\\\/\\\/hojassueltas.es\\\/wp-content\\\/uploads\\\/2025\\\/05\\\/Garrincha_-H.S.-.png\",\"keywords\":[\"Alrev\u00e9s Editorial\",\"Juan Infante\"],\"articleSection\":[\"POR QU\u00c9 LEER...\"],\"inLanguage\":\"es\",\"potentialAction\":[{\"@type\":\"CommentAction\",\"name\":\"Comment\",\"target\":[\"https:\\\/\\\/hojassueltas.es\\\/?p=20286#respond\"]}]},{\"@type\":\"WebPage\",\"@id\":\"https:\\\/\\\/hojassueltas.es\\\/?p=20286\",\"url\":\"https:\\\/\\\/hojassueltas.es\\\/?p=20286\",\"name\":\"Garrincha y su Beretta (Juan Infante) | HOJAS SUELTAS Peri\u00f3dico Cultural\",\"isPartOf\":{\"@id\":\"https:\\\/\\\/hojassueltas.es\\\/#website\"},\"primaryImageOfPage\":{\"@id\":\"https:\\\/\\\/hojassueltas.es\\\/?p=20286#primaryimage\"},\"image\":{\"@id\":\"https:\\\/\\\/hojassueltas.es\\\/?p=20286#primaryimage\"},\"thumbnailUrl\":\"https:\\\/\\\/hojassueltas.es\\\/wp-content\\\/uploads\\\/2025\\\/05\\\/Garrincha_-H.S.-.png\",\"datePublished\":\"2025-05-16T23:00:44+00:00\",\"dateModified\":\"2025-10-18T08:58:36+00:00\",\"description\":\"LIBROS. Intriga polic\u00edaca. Cuando a la familia Garay le incendian la f\u00e1brica de Sestao (Bizkaia) enseguida comprueban que van a por ellos.\",\"breadcrumb\":{\"@id\":\"https:\\\/\\\/hojassueltas.es\\\/?p=20286#breadcrumb\"},\"inLanguage\":\"es\",\"potentialAction\":[{\"@type\":\"ReadAction\",\"target\":[\"https:\\\/\\\/hojassueltas.es\\\/?p=20286\"]}]},{\"@type\":\"ImageObject\",\"inLanguage\":\"es\",\"@id\":\"https:\\\/\\\/hojassueltas.es\\\/?p=20286#primaryimage\",\"url\":\"https:\\\/\\\/hojassueltas.es\\\/wp-content\\\/uploads\\\/2025\\\/05\\\/Garrincha_-H.S.-.png\",\"contentUrl\":\"https:\\\/\\\/hojassueltas.es\\\/wp-content\\\/uploads\\\/2025\\\/05\\\/Garrincha_-H.S.-.png\",\"width\":1050,\"height\":610},{\"@type\":\"BreadcrumbList\",\"@id\":\"https:\\\/\\\/hojassueltas.es\\\/?p=20286#breadcrumb\",\"itemListElement\":[{\"@type\":\"ListItem\",\"position\":1,\"name\":\"Portada\",\"item\":\"https:\\\/\\\/hojassueltas.es\\\/\"},{\"@type\":\"ListItem\",\"position\":2,\"name\":\"Garrincha y su Beretta (Juan Infante)\"}]},{\"@type\":\"WebSite\",\"@id\":\"https:\\\/\\\/hojassueltas.es\\\/#website\",\"url\":\"https:\\\/\\\/hojassueltas.es\\\/\",\"name\":\"HojasSueltas.es\",\"description\":\"GRANADA - Peri\u00f3dico Cultural\",\"publisher\":{\"@id\":\"https:\\\/\\\/hojassueltas.es\\\/#organization\"},\"alternateName\":\"H.S. Periodico Cultural\",\"potentialAction\":[{\"@type\":\"SearchAction\",\"target\":{\"@type\":\"EntryPoint\",\"urlTemplate\":\"https:\\\/\\\/hojassueltas.es\\\/?s={search_term_string}\"},\"query-input\":{\"@type\":\"PropertyValueSpecification\",\"valueRequired\":true,\"valueName\":\"search_term_string\"}}],\"inLanguage\":\"es\"},{\"@type\":\"Organization\",\"@id\":\"https:\\\/\\\/hojassueltas.es\\\/#organization\",\"name\":\"HOJAS SUELTAS - Peri\u00f3dico Cultural\",\"alternateName\":\"HS - HOJAS SUELTAS Peri\u00f3dico Cultural\",\"url\":\"https:\\\/\\\/hojassueltas.es\\\/\",\"logo\":{\"@type\":\"ImageObject\",\"inLanguage\":\"es\",\"@id\":\"https:\\\/\\\/hojassueltas.es\\\/#\\\/schema\\\/logo\\\/image\\\/\",\"url\":\"https:\\\/\\\/hojassueltas.es\\\/wp-content\\\/uploads\\\/2025\\\/08\\\/Icono-HS_2.png\",\"contentUrl\":\"https:\\\/\\\/hojassueltas.es\\\/wp-content\\\/uploads\\\/2025\\\/08\\\/Icono-HS_2.png\",\"width\":500,\"height\":500,\"caption\":\"HOJAS SUELTAS - Peri\u00f3dico Cultural\"},\"image\":{\"@id\":\"https:\\\/\\\/hojassueltas.es\\\/#\\\/schema\\\/logo\\\/image\\\/\"},\"sameAs\":[\"https:\\\/\\\/x.com\\\/HOJASSUELTAS22\"]},{\"@type\":\"Person\",\"@id\":\"https:\\\/\\\/hojassueltas.es\\\/#\\\/schema\\\/person\\\/f232bbdb834c61c90aff2245daa401c0\",\"name\":\"Redacci\u00f3n\",\"image\":{\"@type\":\"ImageObject\",\"inLanguage\":\"es\",\"@id\":\"https:\\\/\\\/hojassueltas.es\\\/wp-content\\\/uploads\\\/2026\\\/02\\\/Redaccion-2-96x96.png\",\"url\":\"https:\\\/\\\/hojassueltas.es\\\/wp-content\\\/uploads\\\/2026\\\/02\\\/Redaccion-2-96x96.png\",\"contentUrl\":\"https:\\\/\\\/hojassueltas.es\\\/wp-content\\\/uploads\\\/2026\\\/02\\\/Redaccion-2-96x96.png\",\"caption\":\"Redacci\u00f3n\"},\"description\":\"Redacci\u00f3n de HOJAS SUELTAS\",\"url\":\"https:\\\/\\\/hojassueltas.es\\\/?author=1\"}]}<\/script>\n<!-- \/ Yoast SEO plugin. -->","yoast_head_json":{"title":"Garrincha y su Beretta (Juan Infante) | HOJAS SUELTAS Peri\u00f3dico Cultural","description":"LIBROS. Intriga polic\u00edaca. Cuando a la familia Garay le incendian la f\u00e1brica de Sestao (Bizkaia) enseguida comprueban que van a por ellos.","robots":{"index":"index","follow":"follow","max-snippet":"max-snippet:-1","max-image-preview":"max-image-preview:large","max-video-preview":"max-video-preview:-1"},"canonical":"https:\/\/hojassueltas.es\/?p=20286","og_locale":"es_ES","og_type":"article","og_title":"Garrincha y su Beretta (Juan Infante) | HOJAS SUELTAS Peri\u00f3dico Cultural","og_description":"LIBROS. Intriga polic\u00edaca. Cuando a la familia Garay le incendian la f\u00e1brica de Sestao (Bizkaia) enseguida comprueban que van a por ellos.","og_url":"https:\/\/hojassueltas.es\/?p=20286","og_site_name":"HOJAS SUELTAS Peri\u00f3dico Cultural","article_published_time":"2025-05-16T23:00:44+00:00","article_modified_time":"2025-10-18T08:58:36+00:00","og_image":[{"width":1050,"height":610,"url":"https:\/\/hojassueltas.es\/wp-content\/uploads\/2025\/05\/Garrincha_-H.S.-.png","type":"image\/png"}],"author":"Redacci\u00f3n","twitter_card":"summary_large_image","twitter_creator":"@HOJASSUELTAS22","twitter_site":"@HOJASSUELTAS22","twitter_misc":{"Escrito por":"Redacci\u00f3n","Tiempo de lectura":"2 minutos"},"schema":{"@context":"https:\/\/schema.org","@graph":[{"@type":["Article","BlogPosting"],"@id":"https:\/\/hojassueltas.es\/?p=20286#article","isPartOf":{"@id":"https:\/\/hojassueltas.es\/?p=20286"},"author":{"name":"Redacci\u00f3n","@id":"https:\/\/hojassueltas.es\/#\/schema\/person\/f232bbdb834c61c90aff2245daa401c0"},"headline":"Garrincha y su Beretta (Juan Infante)","datePublished":"2025-05-16T23:00:44+00:00","dateModified":"2025-10-18T08:58:36+00:00","mainEntityOfPage":{"@id":"https:\/\/hojassueltas.es\/?p=20286"},"wordCount":356,"commentCount":0,"publisher":{"@id":"https:\/\/hojassueltas.es\/#organization"},"image":{"@id":"https:\/\/hojassueltas.es\/?p=20286#primaryimage"},"thumbnailUrl":"https:\/\/hojassueltas.es\/wp-content\/uploads\/2025\/05\/Garrincha_-H.S.-.png","keywords":["Alrev\u00e9s Editorial","Juan Infante"],"articleSection":["POR QU\u00c9 LEER..."],"inLanguage":"es","potentialAction":[{"@type":"CommentAction","name":"Comment","target":["https:\/\/hojassueltas.es\/?p=20286#respond"]}]},{"@type":"WebPage","@id":"https:\/\/hojassueltas.es\/?p=20286","url":"https:\/\/hojassueltas.es\/?p=20286","name":"Garrincha y su Beretta (Juan Infante) | HOJAS SUELTAS Peri\u00f3dico Cultural","isPartOf":{"@id":"https:\/\/hojassueltas.es\/#website"},"primaryImageOfPage":{"@id":"https:\/\/hojassueltas.es\/?p=20286#primaryimage"},"image":{"@id":"https:\/\/hojassueltas.es\/?p=20286#primaryimage"},"thumbnailUrl":"https:\/\/hojassueltas.es\/wp-content\/uploads\/2025\/05\/Garrincha_-H.S.-.png","datePublished":"2025-05-16T23:00:44+00:00","dateModified":"2025-10-18T08:58:36+00:00","description":"LIBROS. Intriga polic\u00edaca. Cuando a la familia Garay le incendian la f\u00e1brica de Sestao (Bizkaia) enseguida comprueban que van a por ellos.","breadcrumb":{"@id":"https:\/\/hojassueltas.es\/?p=20286#breadcrumb"},"inLanguage":"es","potentialAction":[{"@type":"ReadAction","target":["https:\/\/hojassueltas.es\/?p=20286"]}]},{"@type":"ImageObject","inLanguage":"es","@id":"https:\/\/hojassueltas.es\/?p=20286#primaryimage","url":"https:\/\/hojassueltas.es\/wp-content\/uploads\/2025\/05\/Garrincha_-H.S.-.png","contentUrl":"https:\/\/hojassueltas.es\/wp-content\/uploads\/2025\/05\/Garrincha_-H.S.-.png","width":1050,"height":610},{"@type":"BreadcrumbList","@id":"https:\/\/hojassueltas.es\/?p=20286#breadcrumb","itemListElement":[{"@type":"ListItem","position":1,"name":"Portada","item":"https:\/\/hojassueltas.es\/"},{"@type":"ListItem","position":2,"name":"Garrincha y su Beretta (Juan Infante)"}]},{"@type":"WebSite","@id":"https:\/\/hojassueltas.es\/#website","url":"https:\/\/hojassueltas.es\/","name":"HojasSueltas.es","description":"GRANADA - Peri\u00f3dico Cultural","publisher":{"@id":"https:\/\/hojassueltas.es\/#organization"},"alternateName":"H.S. Periodico Cultural","potentialAction":[{"@type":"SearchAction","target":{"@type":"EntryPoint","urlTemplate":"https:\/\/hojassueltas.es\/?s={search_term_string}"},"query-input":{"@type":"PropertyValueSpecification","valueRequired":true,"valueName":"search_term_string"}}],"inLanguage":"es"},{"@type":"Organization","@id":"https:\/\/hojassueltas.es\/#organization","name":"HOJAS SUELTAS - Peri\u00f3dico Cultural","alternateName":"HS - HOJAS SUELTAS Peri\u00f3dico Cultural","url":"https:\/\/hojassueltas.es\/","logo":{"@type":"ImageObject","inLanguage":"es","@id":"https:\/\/hojassueltas.es\/#\/schema\/logo\/image\/","url":"https:\/\/hojassueltas.es\/wp-content\/uploads\/2025\/08\/Icono-HS_2.png","contentUrl":"https:\/\/hojassueltas.es\/wp-content\/uploads\/2025\/08\/Icono-HS_2.png","width":500,"height":500,"caption":"HOJAS SUELTAS - Peri\u00f3dico Cultural"},"image":{"@id":"https:\/\/hojassueltas.es\/#\/schema\/logo\/image\/"},"sameAs":["https:\/\/x.com\/HOJASSUELTAS22"]},{"@type":"Person","@id":"https:\/\/hojassueltas.es\/#\/schema\/person\/f232bbdb834c61c90aff2245daa401c0","name":"Redacci\u00f3n","image":{"@type":"ImageObject","inLanguage":"es","@id":"https:\/\/hojassueltas.es\/wp-content\/uploads\/2026\/02\/Redaccion-2-96x96.png","url":"https:\/\/hojassueltas.es\/wp-content\/uploads\/2026\/02\/Redaccion-2-96x96.png","contentUrl":"https:\/\/hojassueltas.es\/wp-content\/uploads\/2026\/02\/Redaccion-2-96x96.png","caption":"Redacci\u00f3n"},"description":"Redacci\u00f3n de HOJAS SUELTAS","url":"https:\/\/hojassueltas.es\/?author=1"}]}},"_links":{"self":[{"href":"https:\/\/hojassueltas.es\/index.php?rest_route=\/wp\/v2\/posts\/20286","targetHints":{"allow":["GET"]}}],"collection":[{"href":"https:\/\/hojassueltas.es\/index.php?rest_route=\/wp\/v2\/posts"}],"about":[{"href":"https:\/\/hojassueltas.es\/index.php?rest_route=\/wp\/v2\/types\/post"}],"author":[{"embeddable":true,"href":"https:\/\/hojassueltas.es\/index.php?rest_route=\/wp\/v2\/users\/1"}],"replies":[{"embeddable":true,"href":"https:\/\/hojassueltas.es\/index.php?rest_route=%2Fwp%2Fv2%2Fcomments&post=20286"}],"version-history":[{"count":1,"href":"https:\/\/hojassueltas.es\/index.php?rest_route=\/wp\/v2\/posts\/20286\/revisions"}],"predecessor-version":[{"id":20287,"href":"https:\/\/hojassueltas.es\/index.php?rest_route=\/wp\/v2\/posts\/20286\/revisions\/20287"}],"wp:featuredmedia":[{"embeddable":true,"href":"https:\/\/hojassueltas.es\/index.php?rest_route=\/wp\/v2\/media\/20291"}],"wp:attachment":[{"href":"https:\/\/hojassueltas.es\/index.php?rest_route=%2Fwp%2Fv2%2Fmedia&parent=20286"}],"wp:term":[{"taxonomy":"category","embeddable":true,"href":"https:\/\/hojassueltas.es\/index.php?rest_route=%2Fwp%2Fv2%2Fcategories&post=20286"},{"taxonomy":"post_tag","embeddable":true,"href":"https:\/\/hojassueltas.es\/index.php?rest_route=%2Fwp%2Fv2%2Ftags&post=20286"}],"curies":[{"name":"wp","href":"https:\/\/api.w.org\/{rel}","templated":true}]}}