{"id":20218,"date":"2025-05-12T00:00:20","date_gmt":"2025-05-11T23:00:20","guid":{"rendered":"https:\/\/hojassueltas.es\/?p=20218"},"modified":"2025-10-18T10:58:36","modified_gmt":"2025-10-18T08:58:36","slug":"guerreras-espanolas-que-empunaron-las-armas","status":"publish","type":"post","link":"https:\/\/hojassueltas.es\/?p=20218","title":{"rendered":"\u201cGuerreras: espa\u00f1olas que empu\u00f1aron las armas\u201d"},"content":{"rendered":"<h3 align=\"left\"><b>Entrevista a las autoras <\/b><b>Carolina Molina, Ana Morilla, Pilar Queralt del Hierro<\/b><\/h3>\n<p align=\"justify\"><span style=\"color: #222222;\"><strong>\u201cGuerreras: espa\u00f1olas que empu\u00f1aron las armas\u201d<\/strong> es un libro de divulgaci\u00f3n, con biograf\u00edas cortas que recorre, a lo largo de los siglos, la historia de las espa\u00f1olas implicadas en la guerra. Algunas se alistaron en los ej\u00e9rcitos por vocaci\u00f3n y lo hicieron disfrazadas de var\u00f3n, en tiempos donde esto estaba prohibido a la mujer. Otras fueron hero\u00ednas que se vieron obligadas a defenderse a s\u00ed mismas o a su familia del invasor extranjero. Tambi\u00e9n hubo reporteras de guerra que informaron del transcurso de la contienda, enfermeras en el frente cuidando a los heridos, aguadoras en mitad de la batalla y otras muchas, sin embargo la mayor\u00eda han sido injustamente olvidadas. Carolina Molina, Ana Morilla y Pilar Queralt del Hierro quieren sacarlas de los ambientes acad\u00e9micos y llevarlas al gran p\u00fablico.<\/span><\/p>\n<figure id=\"attachment_20220\" aria-describedby=\"caption-attachment-20220\" style=\"width: 696px\" class=\"wp-caption aligncenter\"><img loading=\"lazy\" decoding=\"async\" class=\"wp-image-20220 size-large\" src=\"https:\/\/hojassueltas.es\/wp-content\/uploads\/2025\/05\/Carolina-Molina-y-Ana-Morila-en-la-Feria-del-Libro-2025_HS-813x610.jpeg\" alt=\"\" width=\"696\" height=\"522\" srcset=\"https:\/\/hojassueltas.es\/wp-content\/uploads\/2025\/05\/Carolina-Molina-y-Ana-Morila-en-la-Feria-del-Libro-2025_HS-813x610.jpeg 813w, https:\/\/hojassueltas.es\/wp-content\/uploads\/2025\/05\/Carolina-Molina-y-Ana-Morila-en-la-Feria-del-Libro-2025_HS-300x225.jpeg 300w, https:\/\/hojassueltas.es\/wp-content\/uploads\/2025\/05\/Carolina-Molina-y-Ana-Morila-en-la-Feria-del-Libro-2025_HS-768x576.jpeg 768w, https:\/\/hojassueltas.es\/wp-content\/uploads\/2025\/05\/Carolina-Molina-y-Ana-Morila-en-la-Feria-del-Libro-2025_HS-150x113.jpeg 150w, https:\/\/hojassueltas.es\/wp-content\/uploads\/2025\/05\/Carolina-Molina-y-Ana-Morila-en-la-Feria-del-Libro-2025_HS-696x522.jpeg 696w, https:\/\/hojassueltas.es\/wp-content\/uploads\/2025\/05\/Carolina-Molina-y-Ana-Morila-en-la-Feria-del-Libro-2025_HS.jpeg 1000w\" sizes=\"auto, (max-width: 696px) 100vw, 696px\" \/><figcaption id=\"caption-attachment-20220\" class=\"wp-caption-text\">Carolina Molina y Ana Morilla (Caseta de Editorial Almuzara, Feria del LIbro de Granada )<\/figcaption><\/figure>\n<figure id=\"attachment_20221\" aria-describedby=\"caption-attachment-20221\" style=\"width: 458px\" class=\"wp-caption aligncenter\"><img loading=\"lazy\" decoding=\"async\" class=\"wp-image-20221 size-large\" src=\"https:\/\/hojassueltas.es\/wp-content\/uploads\/2025\/05\/Pilar-Queralt-del-Hierro_H.S-458x610.jpeg\" alt=\"\" width=\"458\" height=\"610\" srcset=\"https:\/\/hojassueltas.es\/wp-content\/uploads\/2025\/05\/Pilar-Queralt-del-Hierro_H.S-458x610.jpeg 458w, https:\/\/hojassueltas.es\/wp-content\/uploads\/2025\/05\/Pilar-Queralt-del-Hierro_H.S-225x300.jpeg 225w, https:\/\/hojassueltas.es\/wp-content\/uploads\/2025\/05\/Pilar-Queralt-del-Hierro_H.S-150x200.jpeg 150w, https:\/\/hojassueltas.es\/wp-content\/uploads\/2025\/05\/Pilar-Queralt-del-Hierro_H.S-300x400.jpeg 300w, https:\/\/hojassueltas.es\/wp-content\/uploads\/2025\/05\/Pilar-Queralt-del-Hierro_H.S-696x928.jpeg 696w, https:\/\/hojassueltas.es\/wp-content\/uploads\/2025\/05\/Pilar-Queralt-del-Hierro_H.S.jpeg 750w\" sizes=\"auto, (max-width: 458px) 100vw, 458px\" \/><figcaption id=\"caption-attachment-20221\" class=\"wp-caption-text\">Pilar Queralt del Hierro<\/figcaption><\/figure>\n<p align=\"justify\"><span style=\"color: #222222;\">Hablamos con las autoras con motivo de la firma de \u00abGuerreras\u00bb en la presente Feria del libro de Granada.<\/span><\/p>\n<p align=\"justify\"><span style=\"color: #222222;\"><b>\u00bfDe verdad hubo mujeres en el campo de batalla? \u00bfNo estuvieron siempre en la retaguardia, protegidas y sin correr riesgos?<\/b><\/span><\/p>\n<p align=\"justify\"><span style=\"color: #222222;\">Igual que les sucedi\u00f3 a los varones, las mujeres se vieron envueltas en la batalla durante las invasiones extranjeras, en algunos episodios de la Reconquista o en la guerra civil, por poner solo unos ejemplos. Muchas est\u00e1n envueltas en la leyenda, pero otras est\u00e1n bien documentadas. En los cercos de las ciudades el comportamiento de las mujeres fue ejemplar y as\u00ed est\u00e1 registrado, bien como auxiliares en labores de guerra y defensa, bien tomando las armas, porque ellas tambi\u00e9n tuvieron que protegerse a s\u00ed mismas o a los suyos. El instinto de supervivencia impuls\u00f3 los conocidos casos de Mar\u00eda Pita o Agustina de Arag\u00f3n, pero hubo otros muchos injustamente olvidados y que en el libro recordamos a los lectores. <\/span><\/p>\n<p align=\"justify\"><span style=\"color: #222222;\"><b>Hablemos de lo que llev\u00f3 a las mujeres a tomar las armas, porque no siempre fue por instinto de supervivencia. <\/b><\/span><\/p>\n<p align=\"justify\"><span style=\"color: #222222;\">Hubo numerosas circunstancias. A diferencia de los varones, hasta no hace mucho las mujeres ten\u00edan prohibido formar parte de los ej\u00e9rcitos, pero desde siempre existieron mujeres con vocaci\u00f3n militar. Algunas eludieron la prohibici\u00f3n disfraz\u00e1ndose de hombre y se alistaron, por ejemplo la Monja Alf\u00e9rez, quiz\u00e1 la m\u00e1s popular, pero tambi\u00e9n Ana Mar\u00eda de Soto, la primera mujer infante de marina documentada, o Francisca Burdeos que luch\u00f3 como var\u00f3n en las guerras carlistas. Tal vez el ej\u00e9rcito les proporcionaba entonces la posibilidad de escapar de una vida que las restring\u00eda al hogar y al matrimonio. Algunas tambi\u00e9n lo hicieron, ya en el siglo XX, por idealismo y firmes creencias pol\u00edticas, como A\u00edda Lafuente y Lina \u00d3dena.<\/span><\/p>\n<p align=\"justify\"><span style=\"color: #222222;\"><b>Supongo que la guerra de Independencia espa\u00f1ola ha sido un fil\u00f3n para las tres autoras de cara a biografiar a numerosas mujeres<\/b><\/span><\/p>\n<p align=\"justify\"><span style=\"color: #222222;\">En efecto, en la defensa de plazas y sitios o entre los guerrilleros, la participaci\u00f3n femenina fue tal que asombr\u00f3 a los franceses y a los propios espa\u00f1oles. De hecho, los ingleses, que entonces eran aliados, ten\u00edan miedo de que los confundieran a ellos con los franceses y los mataran. La fiereza de las espa\u00f1olas y su resistencia fue desconcertante para todos. De ah\u00ed esos grabados tremendos de Goya donde las mujeres luchan como fieras. Entre otros miles de episodios, entonces se cre\u00f3 la Compa\u00f1\u00eda de Santa B\u00e1rbara, el primer batall\u00f3n femenino espa\u00f1ol.<\/span><\/p>\n<p align=\"justify\"><span style=\"color: #222222;\"><b>Mujeres hubo tambi\u00e9n en el campo de batalla que no daban la muerte, sino la vida.<\/b><\/span><\/p>\n<p align=\"justify\"><span style=\"color: #222222;\">Por supuesto; ser\u00eda injusto olvidar a las aguadoras que saciaron la sed de los soldados, como Mar\u00eda Bellido en la batalla de Bail\u00e9n o Ignacia Mart\u00ednez en la Guerra de \u00c1frica. Otras fueron las reporteras que estuvieron en pleno frente, como Carmen de Burgos y Teresa de Escoriaza, o las fotoperiodistas como Sabina Muchart, y por supuesto las enfermeras de guerra, como Consuelo Gonz\u00e1lez Ramos y Elvira L\u00f3pez Mourin.<\/span><\/p>\n<p align=\"justify\"><strong>\u2014Manuela Cuesta\u2014<\/strong><\/p>\n","protected":false},"excerpt":{"rendered":"<p>Entrevista a las autoras Carolina Molina, Ana Morilla, Pilar Queralt del Hierro \u201cGuerreras: espa\u00f1olas que empu\u00f1aron las armas\u201d es un libro de divulgaci\u00f3n, con biograf\u00edas cortas que recorre, a lo largo de los siglos, la historia de las espa\u00f1olas implicadas en la guerra. Algunas se alistaron en los ej\u00e9rcitos por vocaci\u00f3n y lo hicieron disfrazadas [&hellip;]<\/p>\n","protected":false},"author":65,"featured_media":20223,"comment_status":"open","ping_status":"closed","sticky":false,"template":"","format":"standard","meta":{"footnotes":""},"categories":[1760,1124],"tags":[284,1268,2426],"class_list":{"0":"post-20218","1":"post","2":"type-post","3":"status-publish","4":"format-standard","5":"has-post-thumbnail","7":"category-entrevistas-autores","8":"category-por-que-leer","9":"tag-ana-morilla","10":"tag-carolina-molina","11":"tag-pilar-queralt-del-hierro"},"yoast_head":"<!-- This site is optimized with the Yoast SEO plugin v27.4 - https:\/\/yoast.com\/product\/yoast-seo-wordpress\/ -->\n<title>\u201cGuerreras: espa\u00f1olas que empu\u00f1aron las armas\u201d | Entrevistas | HOJAS SUELTAS Peri\u00f3dico Cultural<\/title>\n<meta name=\"description\" content=\"AUTORES. Entrevistas. \u201cGuerreras: espa\u00f1olas que empu\u00f1aron las armas\u201d es un libro de divulgaci\u00f3n, con biograf\u00edas cortas que recorre, a lo largo de los siglos, la historia de las espa\u00f1olas implicadas en la guerra.\" \/>\n<meta name=\"robots\" content=\"index, follow, max-snippet:-1, max-image-preview:large, max-video-preview:-1\" \/>\n<link rel=\"canonical\" href=\"https:\/\/hojassueltas.es\/?p=20218\" \/>\n<meta property=\"og:locale\" content=\"es_ES\" \/>\n<meta property=\"og:type\" content=\"article\" \/>\n<meta property=\"og:title\" content=\"\u201cGuerreras: espa\u00f1olas que empu\u00f1aron las armas\u201d | Entrevistas | HOJAS SUELTAS Peri\u00f3dico Cultural\" \/>\n<meta property=\"og:description\" content=\"AUTORES. Entrevistas. \u201cGuerreras: espa\u00f1olas que empu\u00f1aron las armas\u201d es un libro de divulgaci\u00f3n, con biograf\u00edas cortas que recorre, a lo largo de los siglos, la historia de las espa\u00f1olas implicadas en la guerra.\" \/>\n<meta property=\"og:url\" content=\"https:\/\/hojassueltas.es\/?p=20218\" \/>\n<meta property=\"og:site_name\" content=\"HOJAS SUELTAS Peri\u00f3dico Cultural\" \/>\n<meta property=\"article:published_time\" content=\"2025-05-11T23:00:20+00:00\" \/>\n<meta property=\"article:modified_time\" content=\"2025-10-18T08:58:36+00:00\" \/>\n<meta property=\"og:image\" content=\"https:\/\/hojassueltas.es\/wp-content\/uploads\/2025\/05\/Guerreras-y-autoras_H.S.png\" \/>\n\t<meta property=\"og:image:width\" content=\"1050\" \/>\n\t<meta property=\"og:image:height\" content=\"610\" \/>\n\t<meta property=\"og:image:type\" content=\"image\/png\" \/>\n<meta name=\"author\" content=\"Manuela Cuesta\" \/>\n<meta name=\"twitter:card\" content=\"summary_large_image\" \/>\n<meta name=\"twitter:creator\" content=\"@HOJASSUELTAS22\" \/>\n<meta name=\"twitter:site\" content=\"@HOJASSUELTAS22\" \/>\n<meta name=\"twitter:label1\" content=\"Escrito por\" \/>\n\t<meta name=\"twitter:data1\" content=\"Manuela Cuesta\" \/>\n\t<meta name=\"twitter:label2\" content=\"Tiempo de lectura\" \/>\n\t<meta name=\"twitter:data2\" content=\"4 minutos\" \/>\n<script type=\"application\/ld+json\" class=\"yoast-schema-graph\">{\"@context\":\"https:\\\/\\\/schema.org\",\"@graph\":[{\"@type\":[\"Article\",\"BlogPosting\"],\"@id\":\"https:\\\/\\\/hojassueltas.es\\\/?p=20218#article\",\"isPartOf\":{\"@id\":\"https:\\\/\\\/hojassueltas.es\\\/?p=20218\"},\"author\":{\"name\":\"Manuela Cuesta\",\"@id\":\"https:\\\/\\\/hojassueltas.es\\\/#\\\/schema\\\/person\\\/a4884da939302425e4e08f4f9b1e0e46\"},\"headline\":\"\u201cGuerreras: espa\u00f1olas que empu\u00f1aron las armas\u201d\",\"datePublished\":\"2025-05-11T23:00:20+00:00\",\"dateModified\":\"2025-10-18T08:58:36+00:00\",\"mainEntityOfPage\":{\"@id\":\"https:\\\/\\\/hojassueltas.es\\\/?p=20218\"},\"wordCount\":727,\"commentCount\":0,\"publisher\":{\"@id\":\"https:\\\/\\\/hojassueltas.es\\\/#organization\"},\"image\":{\"@id\":\"https:\\\/\\\/hojassueltas.es\\\/?p=20218#primaryimage\"},\"thumbnailUrl\":\"https:\\\/\\\/hojassueltas.es\\\/wp-content\\\/uploads\\\/2025\\\/05\\\/Guerreras-y-autoras_H.S.png\",\"keywords\":[\"Ana Morilla\",\"Carolina Molina\",\"Pilar Queralt del Hierro\"],\"articleSection\":[\"Entrevistas\",\"POR QU\u00c9 LEER...\"],\"inLanguage\":\"es\",\"potentialAction\":[{\"@type\":\"CommentAction\",\"name\":\"Comment\",\"target\":[\"https:\\\/\\\/hojassueltas.es\\\/?p=20218#respond\"]}]},{\"@type\":\"WebPage\",\"@id\":\"https:\\\/\\\/hojassueltas.es\\\/?p=20218\",\"url\":\"https:\\\/\\\/hojassueltas.es\\\/?p=20218\",\"name\":\"\u201cGuerreras: espa\u00f1olas que empu\u00f1aron las armas\u201d | Entrevistas | HOJAS SUELTAS Peri\u00f3dico Cultural\",\"isPartOf\":{\"@id\":\"https:\\\/\\\/hojassueltas.es\\\/#website\"},\"primaryImageOfPage\":{\"@id\":\"https:\\\/\\\/hojassueltas.es\\\/?p=20218#primaryimage\"},\"image\":{\"@id\":\"https:\\\/\\\/hojassueltas.es\\\/?p=20218#primaryimage\"},\"thumbnailUrl\":\"https:\\\/\\\/hojassueltas.es\\\/wp-content\\\/uploads\\\/2025\\\/05\\\/Guerreras-y-autoras_H.S.png\",\"datePublished\":\"2025-05-11T23:00:20+00:00\",\"dateModified\":\"2025-10-18T08:58:36+00:00\",\"description\":\"AUTORES. Entrevistas. \u201cGuerreras: espa\u00f1olas que empu\u00f1aron las armas\u201d es un libro de divulgaci\u00f3n, con biograf\u00edas cortas que recorre, a lo largo de los siglos, la historia de las espa\u00f1olas implicadas en la guerra.\",\"breadcrumb\":{\"@id\":\"https:\\\/\\\/hojassueltas.es\\\/?p=20218#breadcrumb\"},\"inLanguage\":\"es\",\"potentialAction\":[{\"@type\":\"ReadAction\",\"target\":[\"https:\\\/\\\/hojassueltas.es\\\/?p=20218\"]}]},{\"@type\":\"ImageObject\",\"inLanguage\":\"es\",\"@id\":\"https:\\\/\\\/hojassueltas.es\\\/?p=20218#primaryimage\",\"url\":\"https:\\\/\\\/hojassueltas.es\\\/wp-content\\\/uploads\\\/2025\\\/05\\\/Guerreras-y-autoras_H.S.png\",\"contentUrl\":\"https:\\\/\\\/hojassueltas.es\\\/wp-content\\\/uploads\\\/2025\\\/05\\\/Guerreras-y-autoras_H.S.png\",\"width\":1050,\"height\":610},{\"@type\":\"BreadcrumbList\",\"@id\":\"https:\\\/\\\/hojassueltas.es\\\/?p=20218#breadcrumb\",\"itemListElement\":[{\"@type\":\"ListItem\",\"position\":1,\"name\":\"Portada\",\"item\":\"https:\\\/\\\/hojassueltas.es\\\/\"},{\"@type\":\"ListItem\",\"position\":2,\"name\":\"\u201cGuerreras: espa\u00f1olas que empu\u00f1aron las armas\u201d\"}]},{\"@type\":\"WebSite\",\"@id\":\"https:\\\/\\\/hojassueltas.es\\\/#website\",\"url\":\"https:\\\/\\\/hojassueltas.es\\\/\",\"name\":\"HojasSueltas.es\",\"description\":\"GRANADA - Peri\u00f3dico Cultural\",\"publisher\":{\"@id\":\"https:\\\/\\\/hojassueltas.es\\\/#organization\"},\"alternateName\":\"H.S. Periodico Cultural\",\"potentialAction\":[{\"@type\":\"SearchAction\",\"target\":{\"@type\":\"EntryPoint\",\"urlTemplate\":\"https:\\\/\\\/hojassueltas.es\\\/?s={search_term_string}\"},\"query-input\":{\"@type\":\"PropertyValueSpecification\",\"valueRequired\":true,\"valueName\":\"search_term_string\"}}],\"inLanguage\":\"es\"},{\"@type\":\"Organization\",\"@id\":\"https:\\\/\\\/hojassueltas.es\\\/#organization\",\"name\":\"HOJAS SUELTAS - Peri\u00f3dico Cultural\",\"alternateName\":\"HS - HOJAS SUELTAS Peri\u00f3dico Cultural\",\"url\":\"https:\\\/\\\/hojassueltas.es\\\/\",\"logo\":{\"@type\":\"ImageObject\",\"inLanguage\":\"es\",\"@id\":\"https:\\\/\\\/hojassueltas.es\\\/#\\\/schema\\\/logo\\\/image\\\/\",\"url\":\"https:\\\/\\\/hojassueltas.es\\\/wp-content\\\/uploads\\\/2025\\\/08\\\/Icono-HS_2.png\",\"contentUrl\":\"https:\\\/\\\/hojassueltas.es\\\/wp-content\\\/uploads\\\/2025\\\/08\\\/Icono-HS_2.png\",\"width\":500,\"height\":500,\"caption\":\"HOJAS SUELTAS - Peri\u00f3dico Cultural\"},\"image\":{\"@id\":\"https:\\\/\\\/hojassueltas.es\\\/#\\\/schema\\\/logo\\\/image\\\/\"},\"sameAs\":[\"https:\\\/\\\/x.com\\\/HOJASSUELTAS22\"]},{\"@type\":\"Person\",\"@id\":\"https:\\\/\\\/hojassueltas.es\\\/#\\\/schema\\\/person\\\/a4884da939302425e4e08f4f9b1e0e46\",\"name\":\"Manuela Cuesta\",\"image\":{\"@type\":\"ImageObject\",\"inLanguage\":\"es\",\"@id\":\"https:\\\/\\\/hojassueltas.es\\\/wp-content\\\/uploads\\\/2024\\\/07\\\/ManuelaCuesta-96x96.jpg\",\"url\":\"https:\\\/\\\/hojassueltas.es\\\/wp-content\\\/uploads\\\/2024\\\/07\\\/ManuelaCuesta-96x96.jpg\",\"contentUrl\":\"https:\\\/\\\/hojassueltas.es\\\/wp-content\\\/uploads\\\/2024\\\/07\\\/ManuelaCuesta-96x96.jpg\",\"caption\":\"Manuela Cuesta\"},\"description\":\"Granadina. Profesora de Secundaria y amante de la Historia, el Arte y la Literatura\",\"url\":\"https:\\\/\\\/hojassueltas.es\\\/?author=65\"}]}<\/script>\n<!-- \/ Yoast SEO plugin. -->","yoast_head_json":{"title":"\u201cGuerreras: espa\u00f1olas que empu\u00f1aron las armas\u201d | Entrevistas | HOJAS SUELTAS Peri\u00f3dico Cultural","description":"AUTORES. Entrevistas. \u201cGuerreras: espa\u00f1olas que empu\u00f1aron las armas\u201d es un libro de divulgaci\u00f3n, con biograf\u00edas cortas que recorre, a lo largo de los siglos, la historia de las espa\u00f1olas implicadas en la guerra.","robots":{"index":"index","follow":"follow","max-snippet":"max-snippet:-1","max-image-preview":"max-image-preview:large","max-video-preview":"max-video-preview:-1"},"canonical":"https:\/\/hojassueltas.es\/?p=20218","og_locale":"es_ES","og_type":"article","og_title":"\u201cGuerreras: espa\u00f1olas que empu\u00f1aron las armas\u201d | Entrevistas | HOJAS SUELTAS Peri\u00f3dico Cultural","og_description":"AUTORES. Entrevistas. \u201cGuerreras: espa\u00f1olas que empu\u00f1aron las armas\u201d es un libro de divulgaci\u00f3n, con biograf\u00edas cortas que recorre, a lo largo de los siglos, la historia de las espa\u00f1olas implicadas en la guerra.","og_url":"https:\/\/hojassueltas.es\/?p=20218","og_site_name":"HOJAS SUELTAS Peri\u00f3dico Cultural","article_published_time":"2025-05-11T23:00:20+00:00","article_modified_time":"2025-10-18T08:58:36+00:00","og_image":[{"width":1050,"height":610,"url":"https:\/\/hojassueltas.es\/wp-content\/uploads\/2025\/05\/Guerreras-y-autoras_H.S.png","type":"image\/png"}],"author":"Manuela Cuesta","twitter_card":"summary_large_image","twitter_creator":"@HOJASSUELTAS22","twitter_site":"@HOJASSUELTAS22","twitter_misc":{"Escrito por":"Manuela Cuesta","Tiempo de lectura":"4 minutos"},"schema":{"@context":"https:\/\/schema.org","@graph":[{"@type":["Article","BlogPosting"],"@id":"https:\/\/hojassueltas.es\/?p=20218#article","isPartOf":{"@id":"https:\/\/hojassueltas.es\/?p=20218"},"author":{"name":"Manuela Cuesta","@id":"https:\/\/hojassueltas.es\/#\/schema\/person\/a4884da939302425e4e08f4f9b1e0e46"},"headline":"\u201cGuerreras: espa\u00f1olas que empu\u00f1aron las armas\u201d","datePublished":"2025-05-11T23:00:20+00:00","dateModified":"2025-10-18T08:58:36+00:00","mainEntityOfPage":{"@id":"https:\/\/hojassueltas.es\/?p=20218"},"wordCount":727,"commentCount":0,"publisher":{"@id":"https:\/\/hojassueltas.es\/#organization"},"image":{"@id":"https:\/\/hojassueltas.es\/?p=20218#primaryimage"},"thumbnailUrl":"https:\/\/hojassueltas.es\/wp-content\/uploads\/2025\/05\/Guerreras-y-autoras_H.S.png","keywords":["Ana Morilla","Carolina Molina","Pilar Queralt del Hierro"],"articleSection":["Entrevistas","POR QU\u00c9 LEER..."],"inLanguage":"es","potentialAction":[{"@type":"CommentAction","name":"Comment","target":["https:\/\/hojassueltas.es\/?p=20218#respond"]}]},{"@type":"WebPage","@id":"https:\/\/hojassueltas.es\/?p=20218","url":"https:\/\/hojassueltas.es\/?p=20218","name":"\u201cGuerreras: espa\u00f1olas que empu\u00f1aron las armas\u201d | Entrevistas | HOJAS SUELTAS Peri\u00f3dico Cultural","isPartOf":{"@id":"https:\/\/hojassueltas.es\/#website"},"primaryImageOfPage":{"@id":"https:\/\/hojassueltas.es\/?p=20218#primaryimage"},"image":{"@id":"https:\/\/hojassueltas.es\/?p=20218#primaryimage"},"thumbnailUrl":"https:\/\/hojassueltas.es\/wp-content\/uploads\/2025\/05\/Guerreras-y-autoras_H.S.png","datePublished":"2025-05-11T23:00:20+00:00","dateModified":"2025-10-18T08:58:36+00:00","description":"AUTORES. Entrevistas. \u201cGuerreras: espa\u00f1olas que empu\u00f1aron las armas\u201d es un libro de divulgaci\u00f3n, con biograf\u00edas cortas que recorre, a lo largo de los siglos, la historia de las espa\u00f1olas implicadas en la guerra.","breadcrumb":{"@id":"https:\/\/hojassueltas.es\/?p=20218#breadcrumb"},"inLanguage":"es","potentialAction":[{"@type":"ReadAction","target":["https:\/\/hojassueltas.es\/?p=20218"]}]},{"@type":"ImageObject","inLanguage":"es","@id":"https:\/\/hojassueltas.es\/?p=20218#primaryimage","url":"https:\/\/hojassueltas.es\/wp-content\/uploads\/2025\/05\/Guerreras-y-autoras_H.S.png","contentUrl":"https:\/\/hojassueltas.es\/wp-content\/uploads\/2025\/05\/Guerreras-y-autoras_H.S.png","width":1050,"height":610},{"@type":"BreadcrumbList","@id":"https:\/\/hojassueltas.es\/?p=20218#breadcrumb","itemListElement":[{"@type":"ListItem","position":1,"name":"Portada","item":"https:\/\/hojassueltas.es\/"},{"@type":"ListItem","position":2,"name":"\u201cGuerreras: espa\u00f1olas que empu\u00f1aron las armas\u201d"}]},{"@type":"WebSite","@id":"https:\/\/hojassueltas.es\/#website","url":"https:\/\/hojassueltas.es\/","name":"HojasSueltas.es","description":"GRANADA - Peri\u00f3dico Cultural","publisher":{"@id":"https:\/\/hojassueltas.es\/#organization"},"alternateName":"H.S. Periodico Cultural","potentialAction":[{"@type":"SearchAction","target":{"@type":"EntryPoint","urlTemplate":"https:\/\/hojassueltas.es\/?s={search_term_string}"},"query-input":{"@type":"PropertyValueSpecification","valueRequired":true,"valueName":"search_term_string"}}],"inLanguage":"es"},{"@type":"Organization","@id":"https:\/\/hojassueltas.es\/#organization","name":"HOJAS SUELTAS - Peri\u00f3dico Cultural","alternateName":"HS - HOJAS SUELTAS Peri\u00f3dico Cultural","url":"https:\/\/hojassueltas.es\/","logo":{"@type":"ImageObject","inLanguage":"es","@id":"https:\/\/hojassueltas.es\/#\/schema\/logo\/image\/","url":"https:\/\/hojassueltas.es\/wp-content\/uploads\/2025\/08\/Icono-HS_2.png","contentUrl":"https:\/\/hojassueltas.es\/wp-content\/uploads\/2025\/08\/Icono-HS_2.png","width":500,"height":500,"caption":"HOJAS SUELTAS - Peri\u00f3dico Cultural"},"image":{"@id":"https:\/\/hojassueltas.es\/#\/schema\/logo\/image\/"},"sameAs":["https:\/\/x.com\/HOJASSUELTAS22"]},{"@type":"Person","@id":"https:\/\/hojassueltas.es\/#\/schema\/person\/a4884da939302425e4e08f4f9b1e0e46","name":"Manuela Cuesta","image":{"@type":"ImageObject","inLanguage":"es","@id":"https:\/\/hojassueltas.es\/wp-content\/uploads\/2024\/07\/ManuelaCuesta-96x96.jpg","url":"https:\/\/hojassueltas.es\/wp-content\/uploads\/2024\/07\/ManuelaCuesta-96x96.jpg","contentUrl":"https:\/\/hojassueltas.es\/wp-content\/uploads\/2024\/07\/ManuelaCuesta-96x96.jpg","caption":"Manuela Cuesta"},"description":"Granadina. Profesora de Secundaria y amante de la Historia, el Arte y la Literatura","url":"https:\/\/hojassueltas.es\/?author=65"}]}},"_links":{"self":[{"href":"https:\/\/hojassueltas.es\/index.php?rest_route=\/wp\/v2\/posts\/20218","targetHints":{"allow":["GET"]}}],"collection":[{"href":"https:\/\/hojassueltas.es\/index.php?rest_route=\/wp\/v2\/posts"}],"about":[{"href":"https:\/\/hojassueltas.es\/index.php?rest_route=\/wp\/v2\/types\/post"}],"author":[{"embeddable":true,"href":"https:\/\/hojassueltas.es\/index.php?rest_route=\/wp\/v2\/users\/65"}],"replies":[{"embeddable":true,"href":"https:\/\/hojassueltas.es\/index.php?rest_route=%2Fwp%2Fv2%2Fcomments&post=20218"}],"version-history":[{"count":2,"href":"https:\/\/hojassueltas.es\/index.php?rest_route=\/wp\/v2\/posts\/20218\/revisions"}],"predecessor-version":[{"id":20222,"href":"https:\/\/hojassueltas.es\/index.php?rest_route=\/wp\/v2\/posts\/20218\/revisions\/20222"}],"wp:featuredmedia":[{"embeddable":true,"href":"https:\/\/hojassueltas.es\/index.php?rest_route=\/wp\/v2\/media\/20223"}],"wp:attachment":[{"href":"https:\/\/hojassueltas.es\/index.php?rest_route=%2Fwp%2Fv2%2Fmedia&parent=20218"}],"wp:term":[{"taxonomy":"category","embeddable":true,"href":"https:\/\/hojassueltas.es\/index.php?rest_route=%2Fwp%2Fv2%2Fcategories&post=20218"},{"taxonomy":"post_tag","embeddable":true,"href":"https:\/\/hojassueltas.es\/index.php?rest_route=%2Fwp%2Fv2%2Ftags&post=20218"}],"curies":[{"name":"wp","href":"https:\/\/api.w.org\/{rel}","templated":true}]}}