{"id":20177,"date":"2025-05-16T00:00:25","date_gmt":"2025-05-15T23:00:25","guid":{"rendered":"https:\/\/hojassueltas.es\/?p=20177"},"modified":"2025-06-08T08:56:28","modified_gmt":"2025-06-08T07:56:28","slug":"uso-de-mayusculas-y-minusculas","status":"publish","type":"post","link":"https:\/\/hojassueltas.es\/?p=20177","title":{"rendered":"Uso de may\u00fasculas y min\u00fasculas"},"content":{"rendered":"<p style=\"text-align: justify;\">El uso de las may\u00fasculas en espa\u00f1ol obedece a normas ortogr\u00e1ficas precisas que cumplen funciones comunicativas, como resaltar nombres propios, se\u00f1alar el inicio de un enunciado o dotar de \u00e9nfasis a determinadas palabras en contextos espec\u00edficos. No obstante, su utilizaci\u00f3n excesiva o incorrecta puede entorpecer la lectura y dar una impresi\u00f3n de descuido estil\u00edstico.<\/p>\n<h4 class=\"western\" style=\"text-align: justify;\">Principios fundamentales:<\/h4>\n<ul style=\"text-align: justify;\">\n<li>La <strong>may\u00fascula no implica un cambio de categor\u00eda gramatical<\/strong>. Es decir, una palabra escrita con may\u00fascula inicial sigue teniendo la misma funci\u00f3n y significado que cuando se escribe en min\u00fascula.<\/li>\n<li><strong>La may\u00fascula se limita normalmente a la primera letra<\/strong> de la palabra, excepto en siglas (ONU, UE, RAE) y acr\u00f3nimos completos.<\/li>\n<li>El uso <strong>alternativo entre may\u00fascula y min\u00fascula<\/strong> puede se\u00f1alar diferencias de tipo sem\u00e1ntico o gramatical (p. ej.: <em>Iglesia<\/em> como instituci\u00f3n frente a <em>iglesia<\/em> como edificio).<\/li>\n<\/ul>\n<h4 class=\"western\" style=\"text-align: justify;\">Ejemplos:<\/h4>\n<ul style=\"text-align: justify;\">\n<li>\u2714 <em>La Constituci\u00f3n espa\u00f1ola fue aprobada en 1978.<\/em><\/li>\n<li>\u2718 <em>La Constituci\u00f3n Espa\u00f1ola fue Aprobada en 1978.<\/em> (Uso innecesario de may\u00fasculas)<\/li>\n<\/ul>\n<h4 class=\"western\" style=\"text-align: justify;\">Variaciones regionales:<\/h4>\n<p style=\"text-align: justify;\">En algunas zonas de Espa\u00f1a, especialmente en textos administrativos, puede observarse una tendencia a emplear may\u00fasculas en cargos, instituciones o documentos oficiales (<em>El Presidente del Gobierno<\/em>, <em>La Real Orden<\/em>, etc.), aunque la <strong>Ortograf\u00eda de la lengua espa\u00f1ola (2010)<\/strong> recomienda el uso de min\u00fasculas en estos casos, salvo que formen parte de un nombre propio o t\u00edtulo oficial.<\/p>\n<h4 class=\"western\" style=\"text-align: justify;\">Uso de la may\u00fascula exigido por la puntuaci\u00f3n<\/h4>\n<p style=\"text-align: justify;\">En espa\u00f1ol, <strong>la puntuaci\u00f3n tiene un papel determinante en el uso de la may\u00fascula inicial<\/strong>, especialmente despu\u00e9s del punto y otros signos que marcan el final o comienzo de unidades independientes de sentido.<\/p>\n<h4 class=\"western\" style=\"text-align: justify;\">Casos obligatorios:<\/h4>\n<ol style=\"text-align: justify;\">\n<li><strong>Despu\u00e9s de punto<\/strong> (y punto y seguido, punto y aparte, punto final):\n<ul>\n<li><em>Fuimos al teatro. La obra dur\u00f3 casi tres horas.<\/em><\/li>\n<\/ul>\n<\/li>\n<li><strong>Despu\u00e9s de los dos puntos<\/strong>, <em>solo cuando introducen una cita textual completa o un enunciado independiente<\/em>:\n<ul>\n<li><em>El cartel dec\u00eda: \u201cProhibido el paso\u201d.<\/em><\/li>\n<li>Pero: <em>Llevaba tres cosas: una linterna, una cuerda y una br\u00fajula.<\/em><\/li>\n<\/ul>\n<\/li>\n<li><strong>Despu\u00e9s de signos de interrogaci\u00f3n y exclamaci\u00f3n<\/strong>, si lo que sigue constituye una oraci\u00f3n gramaticalmente independiente:\n<ul>\n<li><em>\u00bfVendr\u00e1s ma\u00f1ana? Espero que s\u00ed.<\/em><\/li>\n<li>Pero: <em>\u00bfVendr\u00e1s ma\u00f1ana? espero que s\u00ed.<\/em> (Incorrecto)<\/li>\n<\/ul>\n<\/li>\n<li><strong>En los encabezados o t\u00edtulos de escritos<\/strong>, solo la primera palabra debe ir con may\u00fascula, salvo nombres propios:\n<ul>\n<li><em>Acta de la reuni\u00f3n del 9 de mayo de 2025<\/em><\/li>\n<\/ul>\n<\/li>\n<\/ol>\n<h4 class=\"western\" style=\"text-align: justify;\">Ejercicios:<\/h4>\n<p style=\"text-align: justify;\">Corrige las may\u00fasculas si es necesario:<\/p>\n<p style=\"text-align: justify;\">a) \u00bfQu\u00e9 dijo el alcalde? que no vendr\u00e1.<br \/>\nb) Mar\u00eda estudia medicina. tambi\u00e9n trabaja por las tardes.<br \/>\nc) En el cartel pon\u00eda: \u201cno se permite fumar\u201d.<\/p>\n<p style=\"text-align: justify;\"><strong>Soluciones<\/strong>:<br \/>\na) \u00bfQu\u00e9 dijo el alcalde? <strong>Que<\/strong> no vendr\u00e1.<br \/>\nb) Mar\u00eda estudia medicina. <strong>Tambi\u00e9n<\/strong> trabaja por las tardes.<br \/>\nc) En el cartel pon\u00eda: <strong>\u201cNo<\/strong> se permite fumar\u201d.<\/p>\n<hr \/>\n<h4 class=\"western\" style=\"text-align: justify;\">Uso de la may\u00fascula para marcar los nombres propios<\/h4>\n<p style=\"text-align: justify;\">Los <strong>nombres propios<\/strong> se escriben con may\u00fascula inicial como signo de individualizaci\u00f3n. Identifican de manera \u00fanica a personas, animales, instituciones, lugares, obras y ciertos eventos.<\/p>\n<h4 class=\"western\" style=\"text-align: justify;\">Tipos comunes de nombres propios con may\u00fascula inicial:<\/h4>\n<ol style=\"text-align: justify;\">\n<li><strong>Personas y personajes hist\u00f3ricos o ficticios<\/strong>:\n<ul>\n<li><em>Miguel de Cervantes<\/em>, <em>Frida Kahlo<\/em>, <em>Don Quijote<\/em><\/li>\n<\/ul>\n<\/li>\n<li><strong>Top\u00f3nimos (nombres geogr\u00e1ficos)<\/strong>:\n<ul>\n<li><em>Andaluc\u00eda<\/em>, <em>los Pirineos<\/em>, <em>r\u00edo Amazonas<\/em> (solo el nombre espec\u00edfico va en may\u00fascula)<\/li>\n<\/ul>\n<\/li>\n<li><strong>Instituciones y organismos<\/strong>:\n<ul>\n<li><em>Universidad de Salamanca<\/em>, <em>Real Academia Espa\u00f1ola<\/em><\/li>\n<\/ul>\n<\/li>\n<li><strong>Obras art\u00edsticas, cient\u00edficas o literarias<\/strong>:\n<ul>\n<li><em>La Regenta<\/em>, <em>El ingenioso hidalgo don Quijote de la Mancha<\/em><\/li>\n<\/ul>\n<\/li>\n<li><strong>Eventos hist\u00f3ricos o culturales<\/strong>:\n<ul>\n<li><em>Revoluci\u00f3n francesa<\/em>, <em>Edad Media<\/em>, <em>Segunda Guerra Mundial<\/em><\/li>\n<\/ul>\n<\/li>\n<li><strong>Entidades astron\u00f3micas<\/strong>:\n<ul>\n<li><em>Marte<\/em>, <em>la Tierra<\/em> (cuando se refiere al planeta), <em>V\u00eda L\u00e1ctea<\/em><\/li>\n<\/ul>\n<\/li>\n<\/ol>\n<h4 class=\"western\" style=\"text-align: justify;\">Dudas frecuentes:<\/h4>\n<ul style=\"text-align: justify;\">\n<li><strong>Art\u00edculos definidos<\/strong> que acompa\u00f1an nombres propios: van en <strong>min\u00fascula<\/strong>, salvo si inicia el enunciado:\n<ul>\n<li><em>el Reino Unido<\/em>, <em>la Rioja<\/em>, <em>el Greco<\/em><\/li>\n<li><em>La Rioja produce excelentes vinos.<\/em><\/li>\n<\/ul>\n<\/li>\n<li><strong>Apodos o nombres art\u00edsticos<\/strong>:\n<ul>\n<li><em>El Cordob\u00e9s<\/em>, <em>Pl\u00e1cido Domingo<\/em>, <em>Shakira<\/em><\/li>\n<\/ul>\n<\/li>\n<li><strong>Nombres religiosos o mitol\u00f3gicos<\/strong>:\n<ul>\n<li><em>Cristo<\/em>, <em>Zeus<\/em>, <em>la Virgen Mar\u00eda<\/em>, <em>los dioses ol\u00edmpicos<\/em><\/li>\n<\/ul>\n<\/li>\n<\/ul>\n<h4 class=\"western\" style=\"text-align: justify;\">Comparaci\u00f3n regional:<\/h4>\n<p style=\"text-align: justify;\">En algunas regiones de Espa\u00f1a, como en documentos oficiales de Galicia, Catalu\u00f1a o Pa\u00eds Vasco, puede encontrarse una tendencia a traducir o adaptar los nombres propios geogr\u00e1ficos o institucionales seg\u00fan la lengua cooficial:<\/p>\n<ul style=\"text-align: justify;\">\n<li><em>A Coru\u00f1a<\/em> (en gallego) frente a <em>La Coru\u00f1a<\/em> (en castellano)<\/li>\n<li><em>Generalitat de Catalunya<\/em> (uso preferido incluso en textos en espa\u00f1ol en Catalu\u00f1a)<\/li>\n<\/ul>\n<hr \/>\n<h3 class=\"western\" style=\"text-align: justify;\">Ejercicios pr\u00e1cticos de repaso<\/h3>\n<ol style=\"text-align: justify;\">\n<li>Se\u00f1ala qu\u00e9 palabras deben llevar may\u00fascula:<\/li>\n<\/ol>\n<p style=\"text-align: justify;\">a) juan ram\u00f3n jim\u00e9nez escribi\u00f3 el poema \u201cintelijencia, dame el nombre exacto de las cosas\u201d.<br \/>\nb) en 2023 se inaugur\u00f3 una nueva sede del instituto cervantes en los \u00e1ngeles.<br \/>\nc) en el cartel se le\u00eda: \u201cprohibido el paso\u201d.<\/p>\n<ol style=\"text-align: justify;\" start=\"2\">\n<li>Reescribe correctamente:<\/li>\n<\/ol>\n<p style=\"text-align: justify;\">a) visitamos el museo del prado, el retiro y la real academia de la lengua.<br \/>\nb) \u00bfvienes conmigo? espero que s\u00ed.<br \/>\nc) hablamos sobre la independencia de estados unidos y la revoluci\u00f3n francesa.<\/p>\n<p style=\"text-align: justify;\"><strong>Soluciones<\/strong>:<br \/>\n1.<\/p>\n<p style=\"text-align: justify;\">a) <strong>Juan Ram\u00f3n Jim\u00e9nez<\/strong> escribi\u00f3 el poema \u201c<strong>Intelijencia, dame el nombre exacto de las cosas<\/strong>\u201d.<br \/>\nb) En 2023 se inaugur\u00f3 una nueva sede del <strong>Instituto Cervantes<\/strong> en <strong>Los \u00c1ngeles<\/strong>.<br \/>\nc) En el cartel se le\u00eda: \u201c<strong>Prohibido el paso<\/strong>\u201d.<\/p>\n<ol style=\"text-align: justify;\" start=\"2\">\n<li><\/li>\n<\/ol>\n<p style=\"text-align: justify;\">a) Visitamos el <strong>Museo del Prado<\/strong>, <strong>el Retiro<\/strong> y la <strong>Real Academia de la Lengua<\/strong>.<br \/>\nb) \u00bfVienes conmigo? <strong>Espero<\/strong> que s\u00ed.<br \/>\nc) Hablamos sobre la <strong>Independencia de Estados Unidos<\/strong> y la <strong>Revoluci\u00f3n francesa<\/strong>.<\/p>\n<hr \/>\n<h3 class=\"western\" style=\"text-align: justify;\">Uso de la may\u00fascula para marcar los nombres propios<\/h3>\n<h3 class=\"western\" style=\"text-align: justify;\">3.1. Nombres de persona<\/h3>\n<p style=\"text-align: justify;\">Los nombres de pila, apellidos, seud\u00f3nimos, apodos y t\u00edtulos nobiliarios o de cortes\u00eda se escriben con may\u00fascula inicial. Tambi\u00e9n se usa may\u00fascula en las formas de tratamiento cuando acompa\u00f1an al nombre propio.<\/p>\n<h4 class=\"western\" style=\"text-align: justify;\">Ejemplos:<\/h4>\n<ul style=\"text-align: justify;\">\n<li><em>Gabriel Garc\u00eda M\u00e1rquez<\/em>, <em>Santa Teresa de Jes\u00fas<\/em>, <em>don Quijote<\/em>, <em>el Cid<\/em>, <em>Fray Luis de Le\u00f3n<\/em><\/li>\n<li><em>Su Majestad el Rey Felipe VI<\/em>, <em>Doctor G\u00f3mez<\/em>, <em>Do\u00f1a Carmen<\/em><\/li>\n<\/ul>\n<h4 class=\"western\" style=\"text-align: justify;\">Observaciones:<\/h4>\n<ul style=\"text-align: justify;\">\n<li>Las part\u00edculas como <em>de<\/em>, <em>del<\/em>, <em>la<\/em> se escriben en min\u00fascula cuando forman parte del nombre:\n<ul>\n<li><em>Mar\u00eda del Carmen<\/em>, <em>Jos\u00e9 de la Torre<\/em><\/li>\n<\/ul>\n<\/li>\n<li>Si se omite el nombre propio, el t\u00edtulo o tratamiento puede mantenerse con may\u00fascula:\n<ul>\n<li><em>Le preguntamos al Doctor si pod\u00eda venir.<\/em><\/li>\n<\/ul>\n<\/li>\n<\/ul>\n<h3 class=\"western\" style=\"text-align: justify;\">3.2. Nombres de plantas y animales<\/h3>\n<p style=\"text-align: justify;\">Los <strong>nombres comunes<\/strong> de animales y plantas se escriben con <strong>min\u00fascula<\/strong>, aunque designen especies concretas. La may\u00fascula solo se emplea si forman parte de un <strong>nombre propio<\/strong> o denominaci\u00f3n oficial.<\/p>\n<h4 class=\"western\" style=\"text-align: justify;\">Ejemplos correctos:<\/h4>\n<ul style=\"text-align: justify;\">\n<li><em>el le\u00f3n africano<\/em>, <em>la encina<\/em>, <em>el gorri\u00f3n com\u00fan<\/em><\/li>\n<li><em>lobo ib\u00e9rico<\/em> (min\u00fascula, aunque sea especie singular)<\/li>\n<\/ul>\n<h4 class=\"western\" style=\"text-align: justify;\">Excepciones con may\u00fascula:<\/h4>\n<ul style=\"text-align: justify;\">\n<li><em>Caballo de Troya<\/em> (por su car\u00e1cter cultural y figurado)<\/li>\n<li><em>Jaguar<\/em> (si forma parte del nombre de una marca o equipo deportivo)<\/li>\n<\/ul>\n<h3 class=\"western\" style=\"text-align: justify;\">3.3. Nombres de lugares<\/h3>\n<p style=\"text-align: justify;\">Incluye ciudades, pa\u00edses, regiones, accidentes geogr\u00e1ficos, calles, barrios, etc. Se escriben con may\u00fascula solo las palabras que formen parte del nombre propio.<\/p>\n<h4 class=\"western\" style=\"text-align: justify;\">Ejemplos:<\/h4>\n<ul style=\"text-align: justify;\">\n<li><em>Toledo<\/em>, <em>Catalu\u00f1a<\/em>, <em>el mar Mediterr\u00e1neo<\/em>, <em>calle Mayor<\/em>, <em>los Andes<\/em><\/li>\n<\/ul>\n<h4 class=\"western\" style=\"text-align: justify;\">Importante:<\/h4>\n<ul style=\"text-align: justify;\">\n<li>El art\u00edculo que precede al nombre propio va en <strong>min\u00fascula<\/strong> salvo que inicie oraci\u00f3n:\n<ul>\n<li><em>Viajamos a la Mancha.<\/em><\/li>\n<li><em>La Mancha es una regi\u00f3n hist\u00f3rica.<\/em><\/li>\n<\/ul>\n<\/li>\n<\/ul>\n<h4 class=\"western\" style=\"text-align: justify;\">Comparativa regional:<\/h4>\n<ul style=\"text-align: justify;\">\n<li>En textos oficiales de comunidades aut\u00f3nomas con lengua propia se respeta la graf\u00eda en lengua cooficial: <em>Girona<\/em> (catal\u00e1n), <em>Ourense<\/em> (gallego), <em>Donostia<\/em> (euskera), aunque en espa\u00f1ol tambi\u00e9n son correctas <em>Gerona<\/em>, <em>Orense<\/em>, <em>San Sebasti\u00e1n<\/em>.<\/li>\n<\/ul>\n<h3 class=\"western\" style=\"text-align: justify;\">3.4. Entidades<\/h3>\n<p style=\"text-align: justify;\">Se escriben con may\u00fascula inicial los nombres oficiales de instituciones, organizaciones, empresas y \u00f3rganos del Estado.<\/p>\n<h4 class=\"western\" style=\"text-align: justify;\">Ejemplos:<\/h4>\n<ul style=\"text-align: justify;\">\n<li><em>Ministerio de Sanidad<\/em>, <em>Universidad Complutense de Madrid<\/em>, <em>Cruz Roja Espa\u00f1ola<\/em>, <em>Banco de Espa\u00f1a<\/em>, <em>Corte Suprema de Justicia<\/em><\/li>\n<\/ul>\n<h4 class=\"western\" style=\"text-align: justify;\">Uso incorrecto frecuente:<\/h4>\n<ul style=\"text-align: justify;\">\n<li>Escribir con may\u00fascula los sustantivos gen\u00e9ricos que no forman parte del nombre oficial:\n<ul>\n<li>\u2718 <em>La Universidad celebr\u00f3 su aniversario.<\/em><\/li>\n<li>\u2714 <em>La universidad celebr\u00f3 su aniversario.<\/em><\/li>\n<\/ul>\n<\/li>\n<\/ul>\n<h3 class=\"western\" style=\"text-align: justify;\">3.5. Productos de la actividad intelectual o cultural<\/h3>\n<p style=\"text-align: justify;\">Se escriben con may\u00fascula los t\u00edtulos de obras literarias, cient\u00edficas, art\u00edsticas o period\u00edsticas, siguiendo las normas convencionales de titulaci\u00f3n:<\/p>\n<h4 class=\"western\" style=\"text-align: justify;\">Normas:<\/h4>\n<ul style=\"text-align: justify;\">\n<li>Solo la <strong>primera palabra<\/strong> y los <strong>nombres propios<\/strong> del t\u00edtulo van con may\u00fascula.<\/li>\n<li>Las dem\u00e1s palabras se escriben con min\u00fascula, salvo que la ortograf\u00eda lo exija.<\/li>\n<\/ul>\n<h4 class=\"western\" style=\"text-align: justify;\">Ejemplos:<\/h4>\n<ul style=\"text-align: justify;\">\n<li><em>La sombra del viento<\/em>, <em>Cien a\u00f1os de soledad<\/em>, <em>El Pa\u00eds<\/em>, <em>La vida es sue\u00f1o<\/em><\/li>\n<\/ul>\n<h4 class=\"western\" style=\"text-align: justify;\">Con art\u00edculos y subt\u00edtulos:<\/h4>\n<ul style=\"text-align: justify;\">\n<li><em>La guerra de las galaxias: el imperio contraataca<\/em><\/li>\n<li><em>Revista de Occidente<\/em><\/li>\n<\/ul>\n<h3 class=\"western\" style=\"text-align: justify;\">3.6. Disciplinas, movimientos y eventos relacionados<\/h3>\n<p style=\"text-align: justify;\">Los <strong>nombres de disciplinas cient\u00edficas o acad\u00e9micas<\/strong> se escriben con min\u00fascula cuando se usan como sustantivos comunes, y con may\u00fascula solo si forman parte de un nombre propio.<\/p>\n<h4 class=\"western\" style=\"text-align: justify;\">Disciplinas:<\/h4>\n<ul style=\"text-align: justify;\">\n<li><em>estudia f\u00edsica y qu\u00edmica<\/em>, <em>es doctor en historia del arte<\/em><\/li>\n<\/ul>\n<h4 class=\"western\" style=\"text-align: justify;\">Movimientos culturales, art\u00edsticos o ideol\u00f3gicos:<\/h4>\n<ul style=\"text-align: justify;\">\n<li>Se escriben con <strong>min\u00fascula<\/strong> cuando se refieren al movimiento como tal:\n<ul>\n<li><em>romanticismo<\/em>, <em>barroco<\/em>, <em>realismo m\u00e1gico<\/em><\/li>\n<\/ul>\n<\/li>\n<li>Pero con <strong>may\u00fascula<\/strong> cuando forman parte de una designaci\u00f3n oficial:\n<ul>\n<li><em>Centro de Estudios del Barroco Andaluz<\/em><\/li>\n<\/ul>\n<\/li>\n<\/ul>\n<h4 class=\"western\" style=\"text-align: justify;\">Eventos hist\u00f3ricos o culturales:<\/h4>\n<ul style=\"text-align: justify;\">\n<li>Con may\u00fascula inicial en los elementos significativos:\n<ul>\n<li><em>Guerra Civil Espa\u00f1ola<\/em>, <em>Transici\u00f3n democr\u00e1tica<\/em>, <em>Revoluci\u00f3n industrial<\/em><\/li>\n<\/ul>\n<\/li>\n<\/ul>\n<h3 class=\"western\" style=\"text-align: justify;\">3.7. Denominaciones propias del \u00e1mbito cient\u00edfico<\/h3>\n<p style=\"text-align: justify;\">Las categor\u00edas taxon\u00f3micas, unidades de medida, leyes y teor\u00edas cient\u00edficas siguen reglas espec\u00edficas:<\/p>\n<ul style=\"text-align: justify;\">\n<li><strong>Nombres cient\u00edficos de especies<\/strong>:\n<ul>\n<li>En lat\u00edn, con cursiva y la <strong>primera palabra en may\u00fascula<\/strong>:\n<ul>\n<li><em>Homo sapiens<\/em>, <em>Canis lupus<\/em><\/li>\n<\/ul>\n<\/li>\n<\/ul>\n<\/li>\n<li><strong>Unidades de medida<\/strong>:\n<ul>\n<li>En min\u00fascula, incluso si derivan de nombres propios:\n<ul>\n<li><em>newton<\/em>, <em>hertz<\/em>, <em>kelvin<\/em><\/li>\n<\/ul>\n<\/li>\n<\/ul>\n<\/li>\n<li><strong>Leyes, principios y teor\u00edas<\/strong>:\n<ul>\n<li>May\u00fascula inicial en el nombre propio, min\u00fascula en el sustantivo com\u00fan:\n<ul>\n<li><em>la ley de la gravedad<\/em>, <em>la teor\u00eda de la relatividad<\/em>, <em>el teorema de Pit\u00e1goras<\/em><\/li>\n<\/ul>\n<\/li>\n<\/ul>\n<\/li>\n<\/ul>\n<h3 class=\"western\" style=\"text-align: justify;\">3.8. Referencias temporales<\/h3>\n<p style=\"text-align: justify;\">Se escriben con <strong>min\u00fascula<\/strong> los <strong>nombres de d\u00edas, meses y estaciones<\/strong> del a\u00f1o, as\u00ed como los siglos, d\u00e9cadas y eras, salvo que formen parte de un nombre propio o evento con valor hist\u00f3rico.<\/p>\n<h4 class=\"western\" style=\"text-align: justify;\">Correcto:<\/h4>\n<ul style=\"text-align: justify;\">\n<li><em>el lunes pasado<\/em>, <em>en abril<\/em>, <em>la primavera de 1998<\/em>, <em>el siglo XXI<\/em><\/li>\n<\/ul>\n<h4 class=\"western\" style=\"text-align: justify;\">Con may\u00fascula:<\/h4>\n<ul style=\"text-align: justify;\">\n<li><em>la Edad Media<\/em>, <em>la Guerra Fr\u00eda<\/em>, <em>el Siglo de Oro espa\u00f1ol<\/em><\/li>\n<\/ul>\n<p>Otros usos de las may\u00fasculas<\/p>\n<p>Adem\u00e1s de los usos b\u00e1sicos (inicio de enunciado, nombres propios, t\u00edtulos de obras, etc.), el uso de may\u00fasculas en espa\u00f1ol incluye otras situaciones que conviene conocer para evitar errores.<\/p>\n<h4 class=\"western\">1. <strong>Tratamientos honor\u00edficos y de respeto (en textos solemnes o institucionales)<\/strong><\/h4>\n<p>Se escribe con may\u00fascula inicial cuando se usan como f\u00f3rmulas de cortes\u00eda:<\/p>\n<ul>\n<li>Su Majestad, Su Alteza Real, Excelent\u00edsimo Se\u00f1or, Ilustr\u00edsima Se\u00f1ora<br \/>\n<em>Ej.: Su Majestad presidi\u00f3 la ceremonia en el Palacio Real.<\/em><\/li>\n<\/ul>\n<p><strong>\u26a0 Nota:<\/strong> En textos m\u00e1s informales o en el uso com\u00fan, es preferible la min\u00fascula:<br \/>\n<em>Ej.: La reina salud\u00f3 con amabilidad a los invitados.<\/em><\/p>\n<h4 class=\"western\">2. <strong>Nombres de instituciones, entidades y documentos oficiales<\/strong><\/h4>\n<ul>\n<li>Ministerio de Cultura, Universidad de Salamanca, Tribunal Constitucional<br \/>\n<em>Ej.: El Ministerio de Sanidad anunci\u00f3 nuevas medidas.<\/em><\/li>\n<\/ul>\n<h4 class=\"western\">3. <strong>Fechas con nombres de festividades religiosas o civiles<\/strong><\/h4>\n<ul>\n<li>Navidad, Semana Santa, D\u00eda de la Constituci\u00f3n, A\u00f1o Nuevo<br \/>\n<em>Ej.: En A\u00f1o Nuevo viajaremos a Galicia.<\/em><\/li>\n<\/ul>\n<h4 class=\"western\">4. <strong>Nombres de \u00e9pocas hist\u00f3ricas (cuando son denominaciones oficiales o convencionales)<\/strong><\/h4>\n<ul>\n<li>Edad Media, Renacimiento, Ilustraci\u00f3n, Guerra Civil Espa\u00f1ola<br \/>\n<em>Ej.: El Renacimiento supuso un renacer del pensamiento cl\u00e1sico.<\/em><\/li>\n<\/ul>\n<h4 class=\"western\">5. <strong>Acr\u00f3nimos y siglas<\/strong><\/h4>\n<ul>\n<li>ONU, OTAN, BOE, AVE, RENFE<br \/>\n<em>Ej.: El informe fue publicado en el BOE el 3 de enero.<\/em><\/li>\n<\/ul>\n<blockquote><p><strong>Curiosidad regional:<\/strong> En muchas zonas de Espa\u00f1a (como en Andaluc\u00eda y Castilla y Le\u00f3n), se tiende a escribir en may\u00fascula ciertas palabras en letreros o anuncios comerciales, incluso cuando no lo exige la norma (como \u00abPanader\u00eda Tradicional\u00bb, \u00abZapatos de Cuero\u00bb). Esta pr\u00e1ctica es estil\u00edstica pero no normativa.<\/p><\/blockquote>\n<h4 class=\"western\">6. <strong>T\u00edtulos nobiliarios o eclesi\u00e1sticos si sustituyen al nombre<\/strong><\/h4>\n<ul>\n<li>El Papa, el Rey, el Obispo, el Cardenal<br \/>\n<em>Ej.: El Papa lleg\u00f3 a Lisboa en visita oficial.<\/em><\/li>\n<\/ul>\n<h4 class=\"western\">7. <strong>Divinidades, libros sagrados, entidades religiosas<\/strong><\/h4>\n<ul>\n<li>Dios, Al\u00e1, Yahv\u00e9, la Biblia, el Cor\u00e1n, el Esp\u00edritu Santo<br \/>\n<em>Ej.: El Esp\u00edritu Santo forma parte de la Trinidad cristiana.<\/em><\/li>\n<\/ul>\n<h3 class=\"western\">No debe usarse la may\u00fascula inicial<\/h3>\n<p style=\"text-align: justify;\">Es frecuente caer en el uso indebido de la may\u00fascula por influencias del ingl\u00e9s, por \u00e9nfasis gr\u00e1fico o por falsa creencia de correcci\u00f3n. Veamos los casos en que <em>no debe usarse<\/em> la may\u00fascula.<\/p>\n<h4 class=\"western\">1. <strong>D\u00edas de la semana y meses del a\u00f1o<\/strong><\/h4>\n<ul>\n<li>lunes, martes, enero, octubre<br \/>\n<em>Correcto:<\/em> Naci\u00f3 el martes 3 de enero.<br \/>\n<em>Incorrecto:<\/em> Naci\u00f3 el Martes 3 de Enero.<\/li>\n<\/ul>\n<h4 class=\"western\">2. <strong>Gentilicios y nombres de idiomas<\/strong><\/h4>\n<ul>\n<li>espa\u00f1ol, franc\u00e9s, gallego, andaluz, catal\u00e1n<br \/>\n<em>Correcto:<\/em> Estudia japon\u00e9s y alem\u00e1n.<br \/>\n<em>Incorrecto:<\/em> Estudia Japon\u00e9s y Alem\u00e1n.<\/li>\n<\/ul>\n<h4 class=\"western\">3. <strong>Adjetivos derivados de nombres propios<\/strong><\/h4>\n<ul>\n<li>cervantino, machadiano, cristiano<br \/>\n<em>Ej.: Se nota el estilo cervantino en esta novela.<\/em><\/li>\n<\/ul>\n<h4 class=\"western\">4. <strong>Nombres comunes que acompa\u00f1an a nombres propios<\/strong><\/h4>\n<ul>\n<li>r\u00edo Amazonas, monte Everest, plaza Mayor<br \/>\n<em>Ej.: Nos acercamos al r\u00edo Ebro al atardecer.<\/em><\/li>\n<\/ul>\n<h4 class=\"western\">5. <strong>Art\u00edculos y preposiciones que acompa\u00f1an a nombres compuestos<\/strong><\/h4>\n<ul>\n<li>El <em>de<\/em> Miguel de Cervantes, la <em>del<\/em> Rey Felipe<br \/>\n<em>Ej.: La obra de Gabriel Garc\u00eda M\u00e1rquez es universal.<\/em><\/li>\n<\/ul>\n<p style=\"text-align: justify;\">En ingl\u00e9s se escriben con may\u00fascula los meses, d\u00edas y gentilicios. Este uso se ha contagiado a veces en entornos digitales o escolares, pero es incorrecto en espa\u00f1ol.<\/p>\n<h4 class=\"western\">6. <strong>Sustantivos comunes usados gen\u00e9ricamente<\/strong><\/h4>\n<ul>\n<li>universidad, estado, naci\u00f3n, rep\u00fablica<br \/>\n<em>Ej.: La universidad p\u00fablica necesita m\u00e1s financiaci\u00f3n.<\/em><br \/>\n<em>Incorrecto:<\/em> La Universidad P\u00fablica necesita m\u00e1s financiaci\u00f3n (salvo si es nombre propio).<\/li>\n<\/ul>\n<h4 class=\"western\">7. <strong>T\u00edtulos de obras o documentos, salvo la primera palabra y nombres propios<\/strong><\/h4>\n<ul>\n<li><em>Cien a\u00f1os de soledad<\/em>, <em>Don Quijote de la Mancha<\/em>, <em>Historia de una escalera<\/em><br \/>\n<em>Incorrecto:<\/em> <em>Cien A\u00f1os De Soledad<\/em>, <em>Don Quijote De La Mancha<\/em><\/li>\n<\/ul>\n<p><strong>Nota:<\/strong> En algunos estilos editoriales (como portadas o carteles), se usan may\u00fasculas con fines gr\u00e1ficos o estil\u00edsticos. Sin embargo, eso no implica un uso correcto seg\u00fan la norma ortogr\u00e1fica.<\/p>\n<h3 class=\"western\">Ejercicios de refuerzo<\/h3>\n<p><strong>1. Escribe con may\u00fascula solo cuando sea correcto:<\/strong><\/p>\n<p>a) mi t\u00edo es catedr\u00e1tico de historia medieval en la universidad de salamanca.<br \/>\nb) la se\u00f1ora ministra de igualdad comparecer\u00e1 hoy ante el congreso.<br \/>\nc) visitamos el museo del prado en el mes de junio.<br \/>\nd) el papa francisco viajar\u00e1 a \u00e1frica el pr\u00f3ximo mes.<br \/>\ne) la exposici\u00f3n se titula <em>miradas de andaluc\u00eda<\/em>.<\/p>\n<hr \/>\n<p><strong>2. Corrige los errores en estas frases (may\u00fasculas innecesarias):<\/strong><\/p>\n<p>a) Este Verano iremos a la Costa Brava.<br \/>\nb) Me encanta la Literatura Espa\u00f1ola del Siglo de Oro.<br \/>\nc) El Profesor nos explic\u00f3 la Guerra civil.<br \/>\nd) Estudiamos Ingl\u00e9s, Franc\u00e9s y Alem\u00e1n.<br \/>\ne) Naci\u00f3 un Mi\u00e9rcoles de Abril, en el A\u00f1o 1980.<\/p>\n<hr \/>\n<p><strong>3. Clasifica las siguientes palabras seg\u00fan deban o no escribirse con may\u00fascula inicial. Indica la raz\u00f3n.<\/strong><\/p>\n<ul>\n<li>Mi\u00e9rcoles<\/li>\n<li>Renacimiento<\/li>\n<li>Espa\u00f1ol<\/li>\n<li>Ilustr\u00edsima Se\u00f1ora<\/li>\n<li>el Amazonas<\/li>\n<li>la Biblia<\/li>\n<li>literatura catalana<\/li>\n<li>Universidad de Zaragoza<\/li>\n<\/ul>\n<p>REDACCI\u00d3N<\/p>\n","protected":false},"excerpt":{"rendered":"<p>El uso de las may\u00fasculas en espa\u00f1ol obedece a normas ortogr\u00e1ficas precisas que cumplen funciones comunicativas, como resaltar nombres propios, se\u00f1alar el inicio de un enunciado o dotar de \u00e9nfasis a determinadas palabras en contextos espec\u00edficos. No obstante, su utilizaci\u00f3n excesiva o incorrecta puede entorpecer la lectura y dar una impresi\u00f3n de descuido estil\u00edstico. Principios [&hellip;]<\/p>\n","protected":false},"author":1,"featured_media":17198,"comment_status":"open","ping_status":"closed","sticky":false,"template":"","format":"standard","meta":{"footnotes":""},"categories":[2186],"tags":[],"class_list":{"0":"post-20177","1":"post","2":"type-post","3":"status-publish","4":"format-standard","5":"has-post-thumbnail","7":"category-normas-a-recordar"},"yoast_head":"<!-- This site is optimized with the Yoast SEO plugin v27.5 - https:\/\/yoast.com\/product\/yoast-seo-wordpress\/ -->\n<title>Uso de may\u00fasculas y min\u00fasculas | HOJAS SUELTAS Peri\u00f3dico Cultural<\/title>\n<meta name=\"description\" content=\"IDIOMA ESPA\u00d1OL. Gram\u00e1tica y ortograf\u00eda. Nuevos recordatorios de uso.\" \/>\n<meta name=\"robots\" content=\"index, follow, max-snippet:-1, max-image-preview:large, max-video-preview:-1\" \/>\n<link rel=\"canonical\" href=\"https:\/\/hojassueltas.es\/?p=20177\" \/>\n<meta property=\"og:locale\" content=\"es_ES\" \/>\n<meta property=\"og:type\" content=\"article\" \/>\n<meta property=\"og:title\" content=\"Uso de may\u00fasculas y min\u00fasculas | HOJAS SUELTAS Peri\u00f3dico Cultural\" \/>\n<meta property=\"og:description\" content=\"IDIOMA ESPA\u00d1OL. Gram\u00e1tica y ortograf\u00eda. Nuevos recordatorios de uso.\" \/>\n<meta property=\"og:url\" content=\"https:\/\/hojassueltas.es\/?p=20177\" \/>\n<meta property=\"og:site_name\" content=\"HOJAS SUELTAS Peri\u00f3dico Cultural\" \/>\n<meta property=\"article:published_time\" content=\"2025-05-15T23:00:25+00:00\" \/>\n<meta property=\"article:modified_time\" content=\"2025-06-08T07:56:28+00:00\" \/>\n<meta property=\"og:image\" content=\"https:\/\/hojassueltas.es\/wp-content\/uploads\/2025\/01\/GRAMATICA-ESPANOLA_H.S.png\" \/>\n\t<meta property=\"og:image:width\" content=\"1050\" \/>\n\t<meta property=\"og:image:height\" content=\"610\" \/>\n\t<meta property=\"og:image:type\" content=\"image\/png\" \/>\n<meta name=\"author\" content=\"Redacci\u00f3n\" \/>\n<meta name=\"twitter:card\" content=\"summary_large_image\" \/>\n<meta name=\"twitter:creator\" content=\"@HOJASSUELTAS22\" \/>\n<meta name=\"twitter:site\" content=\"@HOJASSUELTAS22\" \/>\n<meta name=\"twitter:label1\" content=\"Escrito por\" \/>\n\t<meta name=\"twitter:data1\" content=\"Redacci\u00f3n\" \/>\n\t<meta name=\"twitter:label2\" content=\"Tiempo de lectura\" \/>\n\t<meta name=\"twitter:data2\" content=\"11 minutos\" \/>\n<script type=\"application\/ld+json\" class=\"yoast-schema-graph\">{\"@context\":\"https:\\\/\\\/schema.org\",\"@graph\":[{\"@type\":[\"Article\",\"BlogPosting\"],\"@id\":\"https:\\\/\\\/hojassueltas.es\\\/?p=20177#article\",\"isPartOf\":{\"@id\":\"https:\\\/\\\/hojassueltas.es\\\/?p=20177\"},\"author\":{\"name\":\"Redacci\u00f3n\",\"@id\":\"https:\\\/\\\/hojassueltas.es\\\/#\\\/schema\\\/person\\\/f232bbdb834c61c90aff2245daa401c0\"},\"headline\":\"Uso de may\u00fasculas y min\u00fasculas\",\"datePublished\":\"2025-05-15T23:00:25+00:00\",\"dateModified\":\"2025-06-08T07:56:28+00:00\",\"mainEntityOfPage\":{\"@id\":\"https:\\\/\\\/hojassueltas.es\\\/?p=20177\"},\"wordCount\":2481,\"commentCount\":0,\"publisher\":{\"@id\":\"https:\\\/\\\/hojassueltas.es\\\/#organization\"},\"image\":{\"@id\":\"https:\\\/\\\/hojassueltas.es\\\/?p=20177#primaryimage\"},\"thumbnailUrl\":\"https:\\\/\\\/hojassueltas.es\\\/wp-content\\\/uploads\\\/2025\\\/01\\\/GRAMATICA-ESPANOLA_H.S.png\",\"articleSection\":[\"NORMAS A RECORDAR\"],\"inLanguage\":\"es\",\"potentialAction\":[{\"@type\":\"CommentAction\",\"name\":\"Comment\",\"target\":[\"https:\\\/\\\/hojassueltas.es\\\/?p=20177#respond\"]}]},{\"@type\":\"WebPage\",\"@id\":\"https:\\\/\\\/hojassueltas.es\\\/?p=20177\",\"url\":\"https:\\\/\\\/hojassueltas.es\\\/?p=20177\",\"name\":\"Uso de may\u00fasculas y min\u00fasculas | HOJAS SUELTAS Peri\u00f3dico Cultural\",\"isPartOf\":{\"@id\":\"https:\\\/\\\/hojassueltas.es\\\/#website\"},\"primaryImageOfPage\":{\"@id\":\"https:\\\/\\\/hojassueltas.es\\\/?p=20177#primaryimage\"},\"image\":{\"@id\":\"https:\\\/\\\/hojassueltas.es\\\/?p=20177#primaryimage\"},\"thumbnailUrl\":\"https:\\\/\\\/hojassueltas.es\\\/wp-content\\\/uploads\\\/2025\\\/01\\\/GRAMATICA-ESPANOLA_H.S.png\",\"datePublished\":\"2025-05-15T23:00:25+00:00\",\"dateModified\":\"2025-06-08T07:56:28+00:00\",\"description\":\"IDIOMA ESPA\u00d1OL. Gram\u00e1tica y ortograf\u00eda. Nuevos recordatorios de uso.\",\"breadcrumb\":{\"@id\":\"https:\\\/\\\/hojassueltas.es\\\/?p=20177#breadcrumb\"},\"inLanguage\":\"es\",\"potentialAction\":[{\"@type\":\"ReadAction\",\"target\":[\"https:\\\/\\\/hojassueltas.es\\\/?p=20177\"]}]},{\"@type\":\"ImageObject\",\"inLanguage\":\"es\",\"@id\":\"https:\\\/\\\/hojassueltas.es\\\/?p=20177#primaryimage\",\"url\":\"https:\\\/\\\/hojassueltas.es\\\/wp-content\\\/uploads\\\/2025\\\/01\\\/GRAMATICA-ESPANOLA_H.S.png\",\"contentUrl\":\"https:\\\/\\\/hojassueltas.es\\\/wp-content\\\/uploads\\\/2025\\\/01\\\/GRAMATICA-ESPANOLA_H.S.png\",\"width\":1050,\"height\":610},{\"@type\":\"BreadcrumbList\",\"@id\":\"https:\\\/\\\/hojassueltas.es\\\/?p=20177#breadcrumb\",\"itemListElement\":[{\"@type\":\"ListItem\",\"position\":1,\"name\":\"Portada\",\"item\":\"https:\\\/\\\/hojassueltas.es\\\/\"},{\"@type\":\"ListItem\",\"position\":2,\"name\":\"Uso de may\u00fasculas y min\u00fasculas\"}]},{\"@type\":\"WebSite\",\"@id\":\"https:\\\/\\\/hojassueltas.es\\\/#website\",\"url\":\"https:\\\/\\\/hojassueltas.es\\\/\",\"name\":\"HojasSueltas.es\",\"description\":\"GRANADA - Peri\u00f3dico Cultural\",\"publisher\":{\"@id\":\"https:\\\/\\\/hojassueltas.es\\\/#organization\"},\"alternateName\":\"H.S. Periodico Cultural\",\"potentialAction\":[{\"@type\":\"SearchAction\",\"target\":{\"@type\":\"EntryPoint\",\"urlTemplate\":\"https:\\\/\\\/hojassueltas.es\\\/?s={search_term_string}\"},\"query-input\":{\"@type\":\"PropertyValueSpecification\",\"valueRequired\":true,\"valueName\":\"search_term_string\"}}],\"inLanguage\":\"es\"},{\"@type\":\"Organization\",\"@id\":\"https:\\\/\\\/hojassueltas.es\\\/#organization\",\"name\":\"HOJAS SUELTAS - Peri\u00f3dico Cultural\",\"alternateName\":\"HS - HOJAS SUELTAS Peri\u00f3dico Cultural\",\"url\":\"https:\\\/\\\/hojassueltas.es\\\/\",\"logo\":{\"@type\":\"ImageObject\",\"inLanguage\":\"es\",\"@id\":\"https:\\\/\\\/hojassueltas.es\\\/#\\\/schema\\\/logo\\\/image\\\/\",\"url\":\"https:\\\/\\\/hojassueltas.es\\\/wp-content\\\/uploads\\\/2025\\\/08\\\/Icono-HS_2.png\",\"contentUrl\":\"https:\\\/\\\/hojassueltas.es\\\/wp-content\\\/uploads\\\/2025\\\/08\\\/Icono-HS_2.png\",\"width\":500,\"height\":500,\"caption\":\"HOJAS SUELTAS - Peri\u00f3dico Cultural\"},\"image\":{\"@id\":\"https:\\\/\\\/hojassueltas.es\\\/#\\\/schema\\\/logo\\\/image\\\/\"},\"sameAs\":[\"https:\\\/\\\/x.com\\\/HOJASSUELTAS22\"]},{\"@type\":\"Person\",\"@id\":\"https:\\\/\\\/hojassueltas.es\\\/#\\\/schema\\\/person\\\/f232bbdb834c61c90aff2245daa401c0\",\"name\":\"Redacci\u00f3n\",\"image\":{\"@type\":\"ImageObject\",\"inLanguage\":\"es\",\"@id\":\"https:\\\/\\\/hojassueltas.es\\\/wp-content\\\/uploads\\\/2026\\\/02\\\/Redaccion-2-96x96.png\",\"url\":\"https:\\\/\\\/hojassueltas.es\\\/wp-content\\\/uploads\\\/2026\\\/02\\\/Redaccion-2-96x96.png\",\"contentUrl\":\"https:\\\/\\\/hojassueltas.es\\\/wp-content\\\/uploads\\\/2026\\\/02\\\/Redaccion-2-96x96.png\",\"caption\":\"Redacci\u00f3n\"},\"description\":\"Redacci\u00f3n de HOJAS SUELTAS\",\"url\":\"https:\\\/\\\/hojassueltas.es\\\/?author=1\"}]}<\/script>\n<!-- \/ Yoast SEO plugin. -->","yoast_head_json":{"title":"Uso de may\u00fasculas y min\u00fasculas | HOJAS SUELTAS Peri\u00f3dico Cultural","description":"IDIOMA ESPA\u00d1OL. Gram\u00e1tica y ortograf\u00eda. Nuevos recordatorios de uso.","robots":{"index":"index","follow":"follow","max-snippet":"max-snippet:-1","max-image-preview":"max-image-preview:large","max-video-preview":"max-video-preview:-1"},"canonical":"https:\/\/hojassueltas.es\/?p=20177","og_locale":"es_ES","og_type":"article","og_title":"Uso de may\u00fasculas y min\u00fasculas | HOJAS SUELTAS Peri\u00f3dico Cultural","og_description":"IDIOMA ESPA\u00d1OL. Gram\u00e1tica y ortograf\u00eda. Nuevos recordatorios de uso.","og_url":"https:\/\/hojassueltas.es\/?p=20177","og_site_name":"HOJAS SUELTAS Peri\u00f3dico Cultural","article_published_time":"2025-05-15T23:00:25+00:00","article_modified_time":"2025-06-08T07:56:28+00:00","og_image":[{"width":1050,"height":610,"url":"https:\/\/hojassueltas.es\/wp-content\/uploads\/2025\/01\/GRAMATICA-ESPANOLA_H.S.png","type":"image\/png"}],"author":"Redacci\u00f3n","twitter_card":"summary_large_image","twitter_creator":"@HOJASSUELTAS22","twitter_site":"@HOJASSUELTAS22","twitter_misc":{"Escrito por":"Redacci\u00f3n","Tiempo de lectura":"11 minutos"},"schema":{"@context":"https:\/\/schema.org","@graph":[{"@type":["Article","BlogPosting"],"@id":"https:\/\/hojassueltas.es\/?p=20177#article","isPartOf":{"@id":"https:\/\/hojassueltas.es\/?p=20177"},"author":{"name":"Redacci\u00f3n","@id":"https:\/\/hojassueltas.es\/#\/schema\/person\/f232bbdb834c61c90aff2245daa401c0"},"headline":"Uso de may\u00fasculas y min\u00fasculas","datePublished":"2025-05-15T23:00:25+00:00","dateModified":"2025-06-08T07:56:28+00:00","mainEntityOfPage":{"@id":"https:\/\/hojassueltas.es\/?p=20177"},"wordCount":2481,"commentCount":0,"publisher":{"@id":"https:\/\/hojassueltas.es\/#organization"},"image":{"@id":"https:\/\/hojassueltas.es\/?p=20177#primaryimage"},"thumbnailUrl":"https:\/\/hojassueltas.es\/wp-content\/uploads\/2025\/01\/GRAMATICA-ESPANOLA_H.S.png","articleSection":["NORMAS A RECORDAR"],"inLanguage":"es","potentialAction":[{"@type":"CommentAction","name":"Comment","target":["https:\/\/hojassueltas.es\/?p=20177#respond"]}]},{"@type":"WebPage","@id":"https:\/\/hojassueltas.es\/?p=20177","url":"https:\/\/hojassueltas.es\/?p=20177","name":"Uso de may\u00fasculas y min\u00fasculas | HOJAS SUELTAS Peri\u00f3dico Cultural","isPartOf":{"@id":"https:\/\/hojassueltas.es\/#website"},"primaryImageOfPage":{"@id":"https:\/\/hojassueltas.es\/?p=20177#primaryimage"},"image":{"@id":"https:\/\/hojassueltas.es\/?p=20177#primaryimage"},"thumbnailUrl":"https:\/\/hojassueltas.es\/wp-content\/uploads\/2025\/01\/GRAMATICA-ESPANOLA_H.S.png","datePublished":"2025-05-15T23:00:25+00:00","dateModified":"2025-06-08T07:56:28+00:00","description":"IDIOMA ESPA\u00d1OL. Gram\u00e1tica y ortograf\u00eda. Nuevos recordatorios de uso.","breadcrumb":{"@id":"https:\/\/hojassueltas.es\/?p=20177#breadcrumb"},"inLanguage":"es","potentialAction":[{"@type":"ReadAction","target":["https:\/\/hojassueltas.es\/?p=20177"]}]},{"@type":"ImageObject","inLanguage":"es","@id":"https:\/\/hojassueltas.es\/?p=20177#primaryimage","url":"https:\/\/hojassueltas.es\/wp-content\/uploads\/2025\/01\/GRAMATICA-ESPANOLA_H.S.png","contentUrl":"https:\/\/hojassueltas.es\/wp-content\/uploads\/2025\/01\/GRAMATICA-ESPANOLA_H.S.png","width":1050,"height":610},{"@type":"BreadcrumbList","@id":"https:\/\/hojassueltas.es\/?p=20177#breadcrumb","itemListElement":[{"@type":"ListItem","position":1,"name":"Portada","item":"https:\/\/hojassueltas.es\/"},{"@type":"ListItem","position":2,"name":"Uso de may\u00fasculas y min\u00fasculas"}]},{"@type":"WebSite","@id":"https:\/\/hojassueltas.es\/#website","url":"https:\/\/hojassueltas.es\/","name":"HojasSueltas.es","description":"GRANADA - Peri\u00f3dico Cultural","publisher":{"@id":"https:\/\/hojassueltas.es\/#organization"},"alternateName":"H.S. Periodico Cultural","potentialAction":[{"@type":"SearchAction","target":{"@type":"EntryPoint","urlTemplate":"https:\/\/hojassueltas.es\/?s={search_term_string}"},"query-input":{"@type":"PropertyValueSpecification","valueRequired":true,"valueName":"search_term_string"}}],"inLanguage":"es"},{"@type":"Organization","@id":"https:\/\/hojassueltas.es\/#organization","name":"HOJAS SUELTAS - Peri\u00f3dico Cultural","alternateName":"HS - HOJAS SUELTAS Peri\u00f3dico Cultural","url":"https:\/\/hojassueltas.es\/","logo":{"@type":"ImageObject","inLanguage":"es","@id":"https:\/\/hojassueltas.es\/#\/schema\/logo\/image\/","url":"https:\/\/hojassueltas.es\/wp-content\/uploads\/2025\/08\/Icono-HS_2.png","contentUrl":"https:\/\/hojassueltas.es\/wp-content\/uploads\/2025\/08\/Icono-HS_2.png","width":500,"height":500,"caption":"HOJAS SUELTAS - Peri\u00f3dico Cultural"},"image":{"@id":"https:\/\/hojassueltas.es\/#\/schema\/logo\/image\/"},"sameAs":["https:\/\/x.com\/HOJASSUELTAS22"]},{"@type":"Person","@id":"https:\/\/hojassueltas.es\/#\/schema\/person\/f232bbdb834c61c90aff2245daa401c0","name":"Redacci\u00f3n","image":{"@type":"ImageObject","inLanguage":"es","@id":"https:\/\/hojassueltas.es\/wp-content\/uploads\/2026\/02\/Redaccion-2-96x96.png","url":"https:\/\/hojassueltas.es\/wp-content\/uploads\/2026\/02\/Redaccion-2-96x96.png","contentUrl":"https:\/\/hojassueltas.es\/wp-content\/uploads\/2026\/02\/Redaccion-2-96x96.png","caption":"Redacci\u00f3n"},"description":"Redacci\u00f3n de HOJAS SUELTAS","url":"https:\/\/hojassueltas.es\/?author=1"}]}},"_links":{"self":[{"href":"https:\/\/hojassueltas.es\/index.php?rest_route=\/wp\/v2\/posts\/20177","targetHints":{"allow":["GET"]}}],"collection":[{"href":"https:\/\/hojassueltas.es\/index.php?rest_route=\/wp\/v2\/posts"}],"about":[{"href":"https:\/\/hojassueltas.es\/index.php?rest_route=\/wp\/v2\/types\/post"}],"author":[{"embeddable":true,"href":"https:\/\/hojassueltas.es\/index.php?rest_route=\/wp\/v2\/users\/1"}],"replies":[{"embeddable":true,"href":"https:\/\/hojassueltas.es\/index.php?rest_route=%2Fwp%2Fv2%2Fcomments&post=20177"}],"version-history":[{"count":3,"href":"https:\/\/hojassueltas.es\/index.php?rest_route=\/wp\/v2\/posts\/20177\/revisions"}],"predecessor-version":[{"id":20180,"href":"https:\/\/hojassueltas.es\/index.php?rest_route=\/wp\/v2\/posts\/20177\/revisions\/20180"}],"wp:featuredmedia":[{"embeddable":true,"href":"https:\/\/hojassueltas.es\/index.php?rest_route=\/wp\/v2\/media\/17198"}],"wp:attachment":[{"href":"https:\/\/hojassueltas.es\/index.php?rest_route=%2Fwp%2Fv2%2Fmedia&parent=20177"}],"wp:term":[{"taxonomy":"category","embeddable":true,"href":"https:\/\/hojassueltas.es\/index.php?rest_route=%2Fwp%2Fv2%2Fcategories&post=20177"},{"taxonomy":"post_tag","embeddable":true,"href":"https:\/\/hojassueltas.es\/index.php?rest_route=%2Fwp%2Fv2%2Ftags&post=20177"}],"curies":[{"name":"wp","href":"https:\/\/api.w.org\/{rel}","templated":true}]}}