{"id":20081,"date":"2025-05-21T00:00:08","date_gmt":"2025-05-20T23:00:08","guid":{"rendered":"https:\/\/hojassueltas.es\/?p=20081"},"modified":"2025-12-05T13:20:29","modified_gmt":"2025-12-05T11:20:29","slug":"en-la-aldea-de-los-dioses-capitulo-9-de-el-otro-nombre","status":"publish","type":"post","link":"https:\/\/hojassueltas.es\/?p=20081","title":{"rendered":"En la aldea de los Dioses &#8211; Cap\u00edtulo 9 de \u00abEl otro nombre\u00bb"},"content":{"rendered":"<p align=\"justify\"><span style=\"font-family: Cambria Math, serif;\"><span style=\"font-size: large;\">Caminan en silencio al amparo de la oscuridad de la noche. No encuentran guardi\u00e1n alguno. No los esperan y menos a ellos, con pocos medios y supuestamente inferiores. Posiblemente los subestiman, consideran que jam\u00e1s se atrever\u00e1n a pisar la tierra prohibida para llegar hasta la aldea de los dioses. Los hombres de ambas tribus est\u00e1n convencidos que son hombres como ellos, que tambi\u00e9n pueden morir.<\/span><\/span><\/p>\n<p align=\"justify\"><span style=\"font-family: Cambria Math, serif;\"><span style=\"font-size: large;\"> \u2014\u00a1Mira! \u2014dice Pasak a Kenie\u2014 tienen hogueras en la aldea.<\/span><\/span><\/p>\n<p align=\"justify\"><span style=\"font-family: Cambria Math, serif;\"><span style=\"font-size: large;\"> \u2014Deben ser muy grandes veo que iluminan las caba\u00f1as, tambi\u00e9n grandes.<\/span><\/span><\/p>\n<p align=\"justify\"><span style=\"font-family: Cambria Math, serif;\"><span style=\"font-size: large;\"> \u2014Es cierto, veo entrar y salir gente por una especie de rampa de la caba\u00f1a central.<\/span><\/span><\/p>\n<p align=\"justify\"><span style=\"font-family: Cambria Math, serif;\"><span style=\"font-size: large;\"> \u2014Nos acercaremos m\u00e1s. Fijaros si hay gente de nuestras aldeas.<\/span><\/span><\/p>\n<p align=\"justify\"><span style=\"font-family: Cambria Math, serif;\"><span style=\"font-size: large;\"> \u2014Deber\u00edamos esperar a que el sol ilumine, ser\u00e1 m\u00e1s f\u00e1cil observar.<\/span><\/span><\/p>\n<p align=\"justify\"><span style=\"font-family: Cambria Math, serif;\"><span style=\"font-size: large;\"> \u2014Tienes raz\u00f3n, busquemos un lugar donde dormir algo, a primera hora decidiremos como entrar \u2014termina diciendo Kenie.<\/span><\/span><\/p>\n<p align=\"justify\">\u00a0\u00a0\u00a0\u00a0\u00a0\u00a0\u00a0\u00a0\u00a0\u00a0\u00a0 <span style=\"font-family: Cambria Math, serif;\"><span style=\"font-size: large;\">Dejan centinelas apostados y duermen hasta el amanecer. Despiertan cuando la aldea comienza a tener movimiento de gente. De las rampas comienzan a salir cajas que sobrevuelan a poca distancia del suelo. Van cargadas con guardianes y hombres sin uniforme de diferentes tribus. Todas ellas llevan la misma direcci\u00f3n. Se fijan en la composici\u00f3n de la aldea de los dioses. Est\u00e1 formada por una gran caba\u00f1a en el centro y al menos diez de tama\u00f1o m\u00e1s peque\u00f1o a su alrededor, a modo de coraza o defensa respecto a la principal. Kenie no tiene duda, en esa principal deben estar los dioses.<\/span><\/span><\/p>\n<p align=\"justify\"><span style=\"font-family: Cambria Math, serif;\"><span style=\"font-size: large;\"> \u2014Deber\u00edamos averiguar d\u00f3nde van esas cajas, han parado a un pers aproximadamente.<\/span><\/span><\/p>\n<p align=\"justify\">\u2014<span style=\"font-family: Cambria Math, serif;\"><span style=\"font-size: large;\">Llegaremos all\u00ed dando un rodeo, saldremos por encima de donde se encuentran ahora.<\/span><\/span><\/p>\n<p align=\"justify\">\u00a0\u00a0\u00a0\u00a0\u00a0\u00a0\u00a0\u00a0\u00a0\u00a0\u00a0 <span style=\"font-family: Cambria Math, serif;\"><span style=\"font-size: large;\">Al llegar ven veinte cajas paradas sobre el suelo, en una explanada. Dos guardias con tubos vigilan despreocupadamente.<\/span><\/span><\/p>\n<p align=\"justify\">\u2014<span style=\"font-family: Cambria Math, serif;\"><span style=\"font-size: large;\">Voy a bajar \u2014dice Kenie dirigi\u00e9ndose a Pasak.<\/span><\/span><\/p>\n<p align=\"justify\">\u2014<span style=\"font-family: Cambria Math, serif;\"><span style=\"font-size: large;\">D\u00e9jame a m\u00ed \u2014responde.<\/span><\/span><\/p>\n<p align=\"justify\">\u2014<span style=\"font-family: Cambria Math, serif;\"><span style=\"font-size: large;\">No puedo, tu llevas el signo de los dioses, yo no.<\/span><\/span><\/p>\n<p align=\"justify\">\u2014<span style=\"font-family: Cambria Math, serif;\"><span style=\"font-size: large;\">De acuerdo.<\/span><\/span><\/p>\n<p align=\"justify\">\u2014<span style=\"font-family: Cambria Math, serif;\"><span style=\"font-size: large;\">No tengas cuidado, saldr\u00e9 pronto, esperarme sin hacer nada hasta mi regreso.<\/span><\/span><\/p>\n<p align=\"justify\">\u2014<span style=\"font-family: Cambria Math, serif;\"><span style=\"font-size: large;\">De acuerdo.<\/span><\/span><\/p>\n<p align=\"justify\">\u00a0\u00a0\u00a0\u00a0\u00a0\u00a0\u00a0\u00a0\u00a0\u00a0\u00a0 <span style=\"font-family: Cambria Math, serif;\"><span style=\"font-size: large;\">Kenie baja por la ladera para evitar ser descubierto por los guardianes. Logra entrar por la boca de una gigantesca gruta. A ambos lados, un camino horadado en la roca le invita a deslizarse por una de las aberturas, y tras arrastrarse, llega a una galer\u00eda. Se para un instante y mira asombrado. Hombres de diferentes tribus trabajan acarreando con sus manos cestos con piedras que descargan en una gran olla de metal brillante, de donde sale un vapor gris\u00e1ceo. Los hombres caminan lentos, parecen cansados. Regresan al punto de partida donde cargan de nuevo los cestos. Los guardianes a diferencia de los trabajadores cubren sus cabezas con una especie de bola transparente mientras gritan y mueven las armas largas de manera amenazante sobre los hombres.<\/span><\/span><\/p>\n<p align=\"justify\">\u00a0\u00a0\u00a0\u00a0\u00a0\u00a0\u00a0\u00a0\u00a0\u00a0\u00a0 <span style=\"font-family: Cambria Math, serif;\"><span style=\"font-size: large;\">Se arrastra por uno de los laterales. Encuentra otro grupo similar, en esta ocasi\u00f3n de Calos y Mosere, incluso Cobos (Hombres adultos de 40 a\u00f1os o m\u00e1s) todos ellos sacan piedras de la galer\u00eda. Entre ellos cree ver a un Mosere de su tribu. Se despoja de la camisa, la esconde junto a sus armas. Mantiene \u00fanicamente el calz\u00f3n, tal y como viste el grupo de hombres. Agarra uno de los instrumentos que encuentra en el suelo y se acerca a un joven. Sin hablar, comienza a imitarle. Golpea en la pared de la galer\u00eda y desprende trozos de ella. Al poco tiempo.<\/span><\/span><\/p>\n<p align=\"justify\">\u2014<span style=\"font-family: Cambria Math, serif;\"><span style=\"font-size: large;\">Soy Kenie de la tribu Partal \u00bfT\u00fa quieres eres?<\/span><\/span><\/p>\n<p align=\"justify\">\u2014<span style=\"font-family: Cambria Math, serif;\"><span style=\"font-size: large;\">No podemos hablar \u2014dice el joven mir\u00e1ndole con extra\u00f1eza y sorpresa\u2014 pero lo har\u00e9. Me alegra o\u00edr a alguien de mi tribu. Me llamo Jomaj Tan Pel.<\/span><\/span><\/p>\n<p align=\"justify\">\u2014<span style=\"font-family: Cambria Math, serif;\"><span style=\"font-size: large;\">\u00bfQu\u00e9 haces aqu\u00ed?<\/span><\/span><\/p>\n<p align=\"justify\">\u2014<span style=\"font-family: Cambria Math, serif;\"><span style=\"font-size: large;\">Sacamos piedras para llevarlas a una trituradora. Luego el resultado lo llevan a la gran caba\u00f1a de los dioses. El polvo no debe ser bueno, respirarlo nos condena a enfermar y morir.<\/span><\/span><\/p>\n<p align=\"justify\">\u2014<span style=\"font-family: Cambria Math, serif;\"><span style=\"font-size: large;\">Cu\u00e9ntame m\u00e1s, por favor.<\/span><\/span><\/p>\n<p align=\"justify\">\u2014<span style=\"font-family: Cambria Math, serif;\"><span style=\"font-size: large;\">Claro. Cada dos o tres meses traen gente que recogen de las tribus. Desconoc\u00eda la existencia de tantas, he llegado a contar m\u00e1s de diez.<\/span><\/span><\/p>\n<p align=\"justify\">\u2014<span style=\"font-family: Cambria Math, serif;\"><span style=\"font-size: large;\">\u00bfQu\u00e9 son esas luces, hogueras?<\/span><\/span><\/p>\n<p align=\"justify\">\u2014<span style=\"font-family: Cambria Math, serif;\"><span style=\"font-size: large;\">No. No puede hacerse fuego aqu\u00ed dentro, estallar\u00eda toda la galer\u00eda y la monta\u00f1a. \u00bfC\u00f3mo est\u00e1 nuestra aldea?<\/span><\/span><\/p>\n<p align=\"justify\">\u2014<span style=\"font-family: Cambria Math, serif;\"><span style=\"font-size: large;\">Bien, tu hermano ya no es Mosere, es fuerte se ha convertido en guerrero, aguarda frente a la Marca, junto a otros como \u00e9l.<\/span><\/span><\/p>\n<p align=\"justify\">\u2014<span style=\"font-family: Cambria Math, serif;\"><span style=\"font-size: large;\">\u00bfA qu\u00e9 has venido?<\/span><\/span><\/p>\n<p align=\"justify\">\u2014<span style=\"font-family: Cambria Math, serif;\"><span style=\"font-size: large;\">A matar a los dioses.<\/span><\/span><\/p>\n<p align=\"justify\">\u2014<span style=\"font-family: Cambria Math, serif;\"><span style=\"font-size: large;\">No son dioses, son hombres. Hablan una lengua que no entendemos y se comunican a trav\u00e9s de unas cajas peque\u00f1as cuando est\u00e1n alejados unos de otros. Solo nos quieren como esclavos y cuando enfermamos, nos alejan de este lugar y nos abandonan o dan muerte.<\/span><\/span><\/p>\n<p align=\"justify\">\u2014<span style=\"font-family: Cambria Math, serif;\"><span style=\"font-size: large;\">\u00bfQu\u00e9 hacen con los j\u00f3venes y las mujeres?<\/span><\/span><\/p>\n<p align=\"justify\">\u2014<span style=\"font-family: Cambria Math, serif;\"><span style=\"font-size: large;\">Abusan de ellos y si alguna mujer queda pre\u00f1ada suelen meterla en una nave inmediatamente.<\/span><\/span><\/p>\n<p align=\"justify\">\u2014<span style=\"font-family: Cambria Math, serif;\"><span style=\"font-size: large;\">\u00bfC\u00f3mo puedo entrar en la caba\u00f1a o nave de los dioses sin que me vean?<\/span><\/span><\/p>\n<p align=\"justify\">\u2014<span style=\"font-family: Cambria Math, serif;\"><span style=\"font-size: large;\">\u00danicamente por la parte superior, tiene una abertura para que penetre aire \u00bfQu\u00e9 piensas hacer?<\/span><\/span><\/p>\n<p align=\"justify\">\u2014<span style=\"font-family: Cambria Math, serif;\"><span style=\"font-size: large;\">A\u00fan no lo s\u00e9, ahora debo salir de aqu\u00ed y comentar cuanto me has dicho con el jefe de la tribu Socoa.<\/span><\/span><\/p>\n<p align=\"justify\">\u2014<span style=\"font-family: Cambria Math, serif;\"><span style=\"font-size: large;\">Si quieres puedo ayudaros desde dentro. Todos odiamos a los dioses y no nos importa morir antes de tiempo.<\/span><\/span><\/p>\n<p align=\"justify\">\u2014<span style=\"font-family: Cambria Math, serif;\"><span style=\"font-size: large;\">Espera, volver\u00e9 en cuanto hayamos preparado un plan, mientras tanto oc\u00fapate de reclutar a quienes puedan ayudar, todos somos necesarios. Deber\u00e1s hacer grupos y poner al frente a los m\u00e1s id\u00f3neos para dirigirlos. \u00bfPodr\u00e1s hacerlo?<\/span><\/span><\/p>\n<p align=\"justify\">\u2014<span style=\"font-family: Cambria Math, serif;\"><span style=\"font-size: large;\">Desde luego. \u00bfCu\u00e1ndo volver\u00e1s?<\/span><\/span><\/p>\n<p align=\"justify\">\u2014<span style=\"font-family: Cambria Math, serif;\"><span style=\"font-size: large;\">Si no hay problemas, ma\u00f1ana. Ahora ay\u00fadame a salir, y algo m\u00e1s, deb\u00e9is coger los tubos cortos y largos de los guardianes, sabemos c\u00f3mo se usan.<\/span><\/span><\/p>\n<p align=\"justify\">\u2014<span style=\"font-family: Cambria Math, serif;\"><span style=\"font-size: large;\">De acuerdo. Gracias por venir a rescatarnos.<\/span><\/span><\/p>\n<p align=\"justify\">\u00a0\u00a0\u00a0\u00a0\u00a0\u00a0\u00a0\u00a0\u00a0\u00a0\u00a0 <span style=\"font-family: Cambria Math, serif;\"><span style=\"font-size: large;\">Dos hombres de la galer\u00eda se dejan caer al suelo a recomendaci\u00f3n de Jomaj para llamar la atenci\u00f3n del guardi\u00e1n, momento que aprovecha Kenie para salir de la galer\u00eda en busca de la salida. Poco despu\u00e9s sube la ladera al encuentro de sus hombres y Pasak. Le cuenta lo averiguado y comienzan a urdir un plan. Aquella noche duermen poco, nervios e inquietud no lo permiten. Se mantienen trazando un plan de ataque.<\/span><\/span><\/p>\n<p align=\"justify\">\u2014<span style=\"font-family: Cambria Math, serif;\"><span style=\"font-size: large;\">Creo que podr\u00edamos hacerlo as\u00ed \u2014dice Kenie a Pasak\u2014 Oc\u00fapate del exterior, yo del interior, provocaremos algo que obligue a los guardianes a salir. Veremos si el fuego los anima a todos, cuando lo hagan los mataremos. Tomaremos sus ropas y nos llevaremos las cajas voladoras con nuestros hombres y algunos de los j\u00f3venes retenidos que todav\u00eda est\u00e9n fuertes. El resto viajar\u00e1 hasta la Marca y regresar\u00e1n con las cajas. Las utilizaremos para rescatar al resto de nuestras gentes.<\/span><\/span><\/p>\n<p align=\"justify\">\u2014<span style=\"font-family: Cambria Math, serif;\"><span style=\"font-size: large;\">Escucha Kenie, me parece bien, pero \u00bfC\u00f3mo vamos a rescatar a los ni\u00f1os y mujeres?<\/span><\/span><\/p>\n<p align=\"justify\">\u2014<span style=\"font-family: Cambria Math, serif;\"><span style=\"font-size: large;\">Provocaremos el derrumbe de las galer\u00edas sobre la explanada, y sobre dos cajas volaremos hasta la caba\u00f1a de los dioses.<\/span><\/span><\/p>\n<p align=\"justify\">\u2014<span style=\"font-family: Cambria Math, serif;\"><span style=\"font-size: large;\">Moriremos muchos.<\/span><\/span><\/p>\n<p align=\"justify\">\u2014<span style=\"font-family: Cambria Math, serif;\"><span style=\"font-size: large;\">Es posible, pero creo que todos estamos dispuestos a morir por liberarnos de esos dioses. Ahora debo prepararme para entrar en la cueva y contactar con quien habl\u00e9, debo comunicarle qu\u00e9 haremos. Necesitar\u00e9 estopa y varios grupos de pedernales para entreg\u00e1rselos.<\/span><\/span><\/p>\n<p align=\"justify\">\u2014<span style=\"font-family: Cambria Math, serif;\"><span style=\"font-size: large;\">Lo preparar\u00e9 yo mismo.<\/span><\/span><\/p>\n<p align=\"justify\">\u00a0\u00a0\u00a0\u00a0\u00a0\u00a0\u00a0\u00a0\u00a0\u00a0\u00a0 <span style=\"font-family: Cambria Math, serif;\"><span style=\"font-size: large;\">A punto est\u00e1n de descubrirlo cuando entra en la galer\u00eda. No puede dar explicaci\u00f3n alguna a los guardianes cuando le encuentran fuera, no habla la lengua de ellos. Solo escucha unas posibles imprecaciones seguidas de amenazas con el arma larga. Lleva ocultos la estopa y los pedernales. Cuando se une al resto de trabajadores esclavos, estos le miraron como si ya estuvieran salvados. Sin hablar ante la presencia de los guardianes, toma un capacho y comienza a cargarlo con las piedras que esperan en el suelo.<\/span><\/span><\/p>\n<p align=\"justify\">\u00a0\u00a0\u00a0\u00a0\u00a0\u00a0\u00a0\u00a0\u00a0\u00a0\u00a0 <span style=\"font-family: Cambria Math, serif;\"><span style=\"font-size: large;\">En pocos minutos una vez desparecidos los guardianes, pone en antecedentes del plan a Jomaj. Todo est\u00e1 coordinado en el interior seg\u00fan responde, por lo que cuando conoce deben provocar fuego para que aquella cueva se hunda, algunos Cobos se presentan voluntarios. No les importa, sabe que hacerlo provocar\u00e1 su muerte. Kenie les pide paciencia, pero sobre todo precauci\u00f3n y coordinaci\u00f3n en las explosiones. Deben rigurosos con el plan establecido. Al acabar, regresa de nuevo junto a Pasak y descansar el resto del d\u00eda.<\/span><\/span><\/p>\n<p align=\"justify\"><strong>\u00a9 Anxo do Rego. Todos los derechos reservados<\/strong><\/p>\n","protected":false},"excerpt":{"rendered":"<p>Caminan en silencio al amparo de la oscuridad de la noche. No encuentran guardi\u00e1n alguno. No los esperan y menos a ellos, con pocos medios y supuestamente inferiores. Posiblemente los subestiman, consideran que jam\u00e1s se atrever\u00e1n a pisar la tierra prohibida para llegar hasta la aldea de los dioses. Los hombres de ambas tribus est\u00e1n [&hellip;]<\/p>\n","protected":false},"author":18,"featured_media":20082,"comment_status":"open","ping_status":"closed","sticky":false,"template":"","format":"standard","meta":{"footnotes":""},"categories":[2254],"tags":[230],"class_list":["post-20081","post","type-post","status-publish","format-standard","has-post-thumbnail","category-el-otro-nombre","tag-anxo-do-rego"],"yoast_head":"<!-- This site is optimized with the Yoast SEO plugin v28.4 - https:\/\/yoast.com\/product\/yoast-seo-wordpress\/ -->\n<title>En la aldea de los Dioses - Cap\u00edtulo 9 de \u00abEl otro nombre\u00bb | El otro nombre | HOJAS SUELTAS<\/title>\n<meta name=\"description\" content=\"NOVELAS POR ENTREGAS, nuevo cap\u00edtulo.\" \/>\n<meta name=\"robots\" content=\"index, follow, max-snippet:-1, max-image-preview:large, max-video-preview:-1\" \/>\n<link rel=\"canonical\" href=\"https:\/\/hojassueltas.es\/?p=20081\" \/>\n<meta property=\"og:locale\" content=\"es_ES\" \/>\n<meta property=\"og:type\" content=\"article\" \/>\n<meta property=\"og:title\" content=\"En la aldea de los Dioses - Cap\u00edtulo 9 de \u00abEl otro nombre\u00bb | El otro nombre | HOJAS SUELTAS\" \/>\n<meta property=\"og:description\" content=\"NOVELAS POR ENTREGAS, nuevo cap\u00edtulo.\" \/>\n<meta property=\"og:url\" content=\"https:\/\/hojassueltas.es\/?p=20081\" \/>\n<meta property=\"og:site_name\" content=\"HOJAS SUELTAS\" \/>\n<meta property=\"article:author\" content=\"https:\/\/www.facebook.com\/anxodoregoescritor\/\" \/>\n<meta property=\"article:published_time\" content=\"2025-05-20T23:00:08+00:00\" \/>\n<meta property=\"article:modified_time\" content=\"2025-12-05T11:20:29+00:00\" \/>\n<meta property=\"og:image\" content=\"https:\/\/hojassueltas.es\/wp-content\/uploads\/2025\/05\/Capitulo-09_H.S.png\" \/>\n\t<meta property=\"og:image:width\" content=\"1050\" \/>\n\t<meta property=\"og:image:height\" content=\"610\" \/>\n\t<meta property=\"og:image:type\" content=\"image\/png\" \/>\n<meta name=\"author\" content=\"Anxo do Rego\" \/>\n<meta name=\"twitter:card\" content=\"summary_large_image\" \/>\n<meta name=\"twitter:creator\" content=\"@HOJASSUELTAS22\" \/>\n<meta name=\"twitter:site\" content=\"@HOJASSUELTAS22\" \/>\n<meta name=\"twitter:label1\" content=\"Escrito por\" \/>\n\t<meta name=\"twitter:data1\" content=\"Anxo do Rego\" \/>\n\t<meta name=\"twitter:label2\" content=\"Tiempo de lectura\" \/>\n\t<meta name=\"twitter:data2\" content=\"7 minutos\" \/>\n<script type=\"application\/ld+json\" class=\"yoast-schema-graph\">{\"@context\":\"https:\\\/\\\/schema.org\",\"@graph\":[{\"@type\":[\"Article\",\"BlogPosting\"],\"@id\":\"https:\\\/\\\/hojassueltas.es\\\/?p=20081#article\",\"isPartOf\":{\"@id\":\"https:\\\/\\\/hojassueltas.es\\\/?p=20081\"},\"author\":{\"name\":\"Anxo do Rego\",\"@id\":\"https:\\\/\\\/hojassueltas.es\\\/#\\\/schema\\\/person\\\/cc93a1a1f7825a6e1d2c9bddd471a87c\"},\"headline\":\"En la aldea de los Dioses &#8211; Cap\u00edtulo 9 de \u00abEl otro nombre\u00bb\",\"datePublished\":\"2025-05-20T23:00:08+00:00\",\"dateModified\":\"2025-12-05T11:20:29+00:00\",\"mainEntityOfPage\":{\"@id\":\"https:\\\/\\\/hojassueltas.es\\\/?p=20081\"},\"wordCount\":1429,\"commentCount\":0,\"publisher\":{\"@id\":\"https:\\\/\\\/hojassueltas.es\\\/#organization\"},\"image\":{\"@id\":\"https:\\\/\\\/hojassueltas.es\\\/?p=20081#primaryimage\"},\"thumbnailUrl\":\"https:\\\/\\\/hojassueltas.es\\\/wp-content\\\/uploads\\\/2025\\\/05\\\/Capitulo-09_H.S.png\",\"keywords\":[\"Anxo do Rego\"],\"articleSection\":[\"El otro nombre\"],\"inLanguage\":\"es\",\"potentialAction\":[{\"@type\":\"CommentAction\",\"name\":\"Comment\",\"target\":[\"https:\\\/\\\/hojassueltas.es\\\/?p=20081#respond\"]}]},{\"@type\":\"WebPage\",\"@id\":\"https:\\\/\\\/hojassueltas.es\\\/?p=20081\",\"url\":\"https:\\\/\\\/hojassueltas.es\\\/?p=20081\",\"name\":\"En la aldea de los Dioses - Cap\u00edtulo 9 de \u00abEl otro nombre\u00bb | El otro nombre | HOJAS SUELTAS\",\"isPartOf\":{\"@id\":\"https:\\\/\\\/hojassueltas.es\\\/#website\"},\"primaryImageOfPage\":{\"@id\":\"https:\\\/\\\/hojassueltas.es\\\/?p=20081#primaryimage\"},\"image\":{\"@id\":\"https:\\\/\\\/hojassueltas.es\\\/?p=20081#primaryimage\"},\"thumbnailUrl\":\"https:\\\/\\\/hojassueltas.es\\\/wp-content\\\/uploads\\\/2025\\\/05\\\/Capitulo-09_H.S.png\",\"datePublished\":\"2025-05-20T23:00:08+00:00\",\"dateModified\":\"2025-12-05T11:20:29+00:00\",\"description\":\"NOVELAS POR ENTREGAS, nuevo cap\u00edtulo.\",\"breadcrumb\":{\"@id\":\"https:\\\/\\\/hojassueltas.es\\\/?p=20081#breadcrumb\"},\"inLanguage\":\"es\",\"potentialAction\":[{\"@type\":\"ReadAction\",\"target\":[\"https:\\\/\\\/hojassueltas.es\\\/?p=20081\"]}]},{\"@type\":\"ImageObject\",\"inLanguage\":\"es\",\"@id\":\"https:\\\/\\\/hojassueltas.es\\\/?p=20081#primaryimage\",\"url\":\"https:\\\/\\\/hojassueltas.es\\\/wp-content\\\/uploads\\\/2025\\\/05\\\/Capitulo-09_H.S.png\",\"contentUrl\":\"https:\\\/\\\/hojassueltas.es\\\/wp-content\\\/uploads\\\/2025\\\/05\\\/Capitulo-09_H.S.png\",\"width\":1050,\"height\":610},{\"@type\":\"BreadcrumbList\",\"@id\":\"https:\\\/\\\/hojassueltas.es\\\/?p=20081#breadcrumb\",\"itemListElement\":[{\"@type\":\"ListItem\",\"position\":1,\"name\":\"Portada\",\"item\":\"https:\\\/\\\/hojassueltas.es\\\/\"},{\"@type\":\"ListItem\",\"position\":2,\"name\":\"En la aldea de los Dioses &#8211; Cap\u00edtulo 9 de \u00abEl otro nombre\u00bb\"}]},{\"@type\":\"WebSite\",\"@id\":\"https:\\\/\\\/hojassueltas.es\\\/#website\",\"url\":\"https:\\\/\\\/hojassueltas.es\\\/\",\"name\":\"HojasSueltas.es\",\"description\":\"Peri\u00f3dico Cultural\",\"publisher\":{\"@id\":\"https:\\\/\\\/hojassueltas.es\\\/#organization\"},\"alternateName\":\"H.S. Periodico Cultural\",\"potentialAction\":[{\"@type\":\"SearchAction\",\"target\":{\"@type\":\"EntryPoint\",\"urlTemplate\":\"https:\\\/\\\/hojassueltas.es\\\/?s={search_term_string}\"},\"query-input\":{\"@type\":\"PropertyValueSpecification\",\"valueRequired\":true,\"valueName\":\"search_term_string\"}}],\"inLanguage\":\"es\"},{\"@type\":\"Organization\",\"@id\":\"https:\\\/\\\/hojassueltas.es\\\/#organization\",\"name\":\"HOJAS SUELTAS - Peri\u00f3dico Cultural\",\"alternateName\":\"HS - HOJAS SUELTAS Peri\u00f3dico Cultural\",\"url\":\"https:\\\/\\\/hojassueltas.es\\\/\",\"logo\":{\"@type\":\"ImageObject\",\"inLanguage\":\"es\",\"@id\":\"https:\\\/\\\/hojassueltas.es\\\/#\\\/schema\\\/logo\\\/image\\\/\",\"url\":\"https:\\\/\\\/hojassueltas.es\\\/wp-content\\\/uploads\\\/2025\\\/08\\\/Icono-HS_2.png\",\"contentUrl\":\"https:\\\/\\\/hojassueltas.es\\\/wp-content\\\/uploads\\\/2025\\\/08\\\/Icono-HS_2.png\",\"width\":500,\"height\":500,\"caption\":\"HOJAS SUELTAS - Peri\u00f3dico Cultural\"},\"image\":{\"@id\":\"https:\\\/\\\/hojassueltas.es\\\/#\\\/schema\\\/logo\\\/image\\\/\"},\"sameAs\":[\"https:\\\/\\\/x.com\\\/HOJASSUELTAS22\"]},{\"@type\":\"Person\",\"@id\":\"https:\\\/\\\/hojassueltas.es\\\/#\\\/schema\\\/person\\\/cc93a1a1f7825a6e1d2c9bddd471a87c\",\"name\":\"Anxo do Rego\",\"image\":{\"@type\":\"ImageObject\",\"inLanguage\":\"es\",\"@id\":\"https:\\\/\\\/hojassueltas.es\\\/wp-content\\\/uploads\\\/2025\\\/02\\\/Anxo-do-Rego_2025-96x96.jpg\",\"url\":\"https:\\\/\\\/hojassueltas.es\\\/wp-content\\\/uploads\\\/2025\\\/02\\\/Anxo-do-Rego_2025-96x96.jpg\",\"contentUrl\":\"https:\\\/\\\/hojassueltas.es\\\/wp-content\\\/uploads\\\/2025\\\/02\\\/Anxo-do-Rego_2025-96x96.jpg\",\"caption\":\"Anxo do Rego\"},\"description\":\"Narrador. Fundador, director y editor de la extinta editorial PG Ediciones. Actualmente asesora y colabora en las editoriales: Editorial Skytale y Aldo Ediciones, del Grupo Editorial Regina Exlibris. Director y redactor del diario cultural Hojas Sueltas. Fundador en 2014 de una de las primeras revistas digitales del g\u00e9nero negro y policial \u00abSolo Novela Negra\u00bb. Participa en numerosas instituciones culturales. Su narrativa se sustenta principalmente en la novela polic\u00edaca con diecis\u00e9is t\u00edtulos del comisario del CNP, Roberto H.C. como protagonista, aunque realiza incursiones en otros g\u00e9neros literarios, tales como la ficci\u00f3n hist\u00f3rica, ciencia ficci\u00f3n, suspense y sentimentales. Mantiene su creatividad literaria con novelas, relatos, art\u00edculos, rese\u00f1as literarias y ensayos.\",\"sameAs\":[\"https:\\\/\\\/anxodorego.com\\\/\",\"https:\\\/\\\/www.facebook.com\\\/anxodoregoescritor\\\/\"],\"url\":\"https:\\\/\\\/hojassueltas.es\\\/?author=18\"}]}<\/script>\n<!-- \/ Yoast SEO plugin. -->","yoast_head_json":{"title":"En la aldea de los Dioses - Cap\u00edtulo 9 de \u00abEl otro nombre\u00bb | El otro nombre | HOJAS SUELTAS","description":"NOVELAS POR ENTREGAS, nuevo cap\u00edtulo.","robots":{"index":"index","follow":"follow","max-snippet":"max-snippet:-1","max-image-preview":"max-image-preview:large","max-video-preview":"max-video-preview:-1"},"canonical":"https:\/\/hojassueltas.es\/?p=20081","og_locale":"es_ES","og_type":"article","og_title":"En la aldea de los Dioses - Cap\u00edtulo 9 de \u00abEl otro nombre\u00bb | El otro nombre | HOJAS SUELTAS","og_description":"NOVELAS POR ENTREGAS, nuevo cap\u00edtulo.","og_url":"https:\/\/hojassueltas.es\/?p=20081","og_site_name":"HOJAS SUELTAS","article_author":"https:\/\/www.facebook.com\/anxodoregoescritor\/","article_published_time":"2025-05-20T23:00:08+00:00","article_modified_time":"2025-12-05T11:20:29+00:00","og_image":[{"width":1050,"height":610,"url":"https:\/\/hojassueltas.es\/wp-content\/uploads\/2025\/05\/Capitulo-09_H.S.png","type":"image\/png"}],"author":"Anxo do Rego","twitter_card":"summary_large_image","twitter_creator":"@HOJASSUELTAS22","twitter_site":"@HOJASSUELTAS22","twitter_misc":{"Escrito por":"Anxo do Rego","Tiempo de lectura":"7 minutos"},"schema":{"@context":"https:\/\/schema.org","@graph":[{"@type":["Article","BlogPosting"],"@id":"https:\/\/hojassueltas.es\/?p=20081#article","isPartOf":{"@id":"https:\/\/hojassueltas.es\/?p=20081"},"author":{"name":"Anxo do Rego","@id":"https:\/\/hojassueltas.es\/#\/schema\/person\/cc93a1a1f7825a6e1d2c9bddd471a87c"},"headline":"En la aldea de los Dioses &#8211; Cap\u00edtulo 9 de \u00abEl otro nombre\u00bb","datePublished":"2025-05-20T23:00:08+00:00","dateModified":"2025-12-05T11:20:29+00:00","mainEntityOfPage":{"@id":"https:\/\/hojassueltas.es\/?p=20081"},"wordCount":1429,"commentCount":0,"publisher":{"@id":"https:\/\/hojassueltas.es\/#organization"},"image":{"@id":"https:\/\/hojassueltas.es\/?p=20081#primaryimage"},"thumbnailUrl":"https:\/\/hojassueltas.es\/wp-content\/uploads\/2025\/05\/Capitulo-09_H.S.png","keywords":["Anxo do Rego"],"articleSection":["El otro nombre"],"inLanguage":"es","potentialAction":[{"@type":"CommentAction","name":"Comment","target":["https:\/\/hojassueltas.es\/?p=20081#respond"]}]},{"@type":"WebPage","@id":"https:\/\/hojassueltas.es\/?p=20081","url":"https:\/\/hojassueltas.es\/?p=20081","name":"En la aldea de los Dioses - Cap\u00edtulo 9 de \u00abEl otro nombre\u00bb | El otro nombre | HOJAS SUELTAS","isPartOf":{"@id":"https:\/\/hojassueltas.es\/#website"},"primaryImageOfPage":{"@id":"https:\/\/hojassueltas.es\/?p=20081#primaryimage"},"image":{"@id":"https:\/\/hojassueltas.es\/?p=20081#primaryimage"},"thumbnailUrl":"https:\/\/hojassueltas.es\/wp-content\/uploads\/2025\/05\/Capitulo-09_H.S.png","datePublished":"2025-05-20T23:00:08+00:00","dateModified":"2025-12-05T11:20:29+00:00","description":"NOVELAS POR ENTREGAS, nuevo cap\u00edtulo.","breadcrumb":{"@id":"https:\/\/hojassueltas.es\/?p=20081#breadcrumb"},"inLanguage":"es","potentialAction":[{"@type":"ReadAction","target":["https:\/\/hojassueltas.es\/?p=20081"]}]},{"@type":"ImageObject","inLanguage":"es","@id":"https:\/\/hojassueltas.es\/?p=20081#primaryimage","url":"https:\/\/hojassueltas.es\/wp-content\/uploads\/2025\/05\/Capitulo-09_H.S.png","contentUrl":"https:\/\/hojassueltas.es\/wp-content\/uploads\/2025\/05\/Capitulo-09_H.S.png","width":1050,"height":610},{"@type":"BreadcrumbList","@id":"https:\/\/hojassueltas.es\/?p=20081#breadcrumb","itemListElement":[{"@type":"ListItem","position":1,"name":"Portada","item":"https:\/\/hojassueltas.es\/"},{"@type":"ListItem","position":2,"name":"En la aldea de los Dioses &#8211; Cap\u00edtulo 9 de \u00abEl otro nombre\u00bb"}]},{"@type":"WebSite","@id":"https:\/\/hojassueltas.es\/#website","url":"https:\/\/hojassueltas.es\/","name":"HojasSueltas.es","description":"Peri\u00f3dico Cultural","publisher":{"@id":"https:\/\/hojassueltas.es\/#organization"},"alternateName":"H.S. Periodico Cultural","potentialAction":[{"@type":"SearchAction","target":{"@type":"EntryPoint","urlTemplate":"https:\/\/hojassueltas.es\/?s={search_term_string}"},"query-input":{"@type":"PropertyValueSpecification","valueRequired":true,"valueName":"search_term_string"}}],"inLanguage":"es"},{"@type":"Organization","@id":"https:\/\/hojassueltas.es\/#organization","name":"HOJAS SUELTAS - Peri\u00f3dico Cultural","alternateName":"HS - HOJAS SUELTAS Peri\u00f3dico Cultural","url":"https:\/\/hojassueltas.es\/","logo":{"@type":"ImageObject","inLanguage":"es","@id":"https:\/\/hojassueltas.es\/#\/schema\/logo\/image\/","url":"https:\/\/hojassueltas.es\/wp-content\/uploads\/2025\/08\/Icono-HS_2.png","contentUrl":"https:\/\/hojassueltas.es\/wp-content\/uploads\/2025\/08\/Icono-HS_2.png","width":500,"height":500,"caption":"HOJAS SUELTAS - Peri\u00f3dico Cultural"},"image":{"@id":"https:\/\/hojassueltas.es\/#\/schema\/logo\/image\/"},"sameAs":["https:\/\/x.com\/HOJASSUELTAS22"]},{"@type":"Person","@id":"https:\/\/hojassueltas.es\/#\/schema\/person\/cc93a1a1f7825a6e1d2c9bddd471a87c","name":"Anxo do Rego","image":{"@type":"ImageObject","inLanguage":"es","@id":"https:\/\/hojassueltas.es\/wp-content\/uploads\/2025\/02\/Anxo-do-Rego_2025-96x96.jpg","url":"https:\/\/hojassueltas.es\/wp-content\/uploads\/2025\/02\/Anxo-do-Rego_2025-96x96.jpg","contentUrl":"https:\/\/hojassueltas.es\/wp-content\/uploads\/2025\/02\/Anxo-do-Rego_2025-96x96.jpg","caption":"Anxo do Rego"},"description":"Narrador. Fundador, director y editor de la extinta editorial PG Ediciones. Actualmente asesora y colabora en las editoriales: Editorial Skytale y Aldo Ediciones, del Grupo Editorial Regina Exlibris. Director y redactor del diario cultural Hojas Sueltas. Fundador en 2014 de una de las primeras revistas digitales del g\u00e9nero negro y policial \u00abSolo Novela Negra\u00bb. Participa en numerosas instituciones culturales. Su narrativa se sustenta principalmente en la novela polic\u00edaca con diecis\u00e9is t\u00edtulos del comisario del CNP, Roberto H.C. como protagonista, aunque realiza incursiones en otros g\u00e9neros literarios, tales como la ficci\u00f3n hist\u00f3rica, ciencia ficci\u00f3n, suspense y sentimentales. Mantiene su creatividad literaria con novelas, relatos, art\u00edculos, rese\u00f1as literarias y ensayos.","sameAs":["https:\/\/anxodorego.com\/","https:\/\/www.facebook.com\/anxodoregoescritor\/"],"url":"https:\/\/hojassueltas.es\/?author=18"}]}},"_links":{"self":[{"href":"https:\/\/hojassueltas.es\/index.php?rest_route=\/wp\/v2\/posts\/20081","targetHints":{"allow":["GET"]}}],"collection":[{"href":"https:\/\/hojassueltas.es\/index.php?rest_route=\/wp\/v2\/posts"}],"about":[{"href":"https:\/\/hojassueltas.es\/index.php?rest_route=\/wp\/v2\/types\/post"}],"author":[{"embeddable":true,"href":"https:\/\/hojassueltas.es\/index.php?rest_route=\/wp\/v2\/users\/18"}],"replies":[{"embeddable":true,"href":"https:\/\/hojassueltas.es\/index.php?rest_route=%2Fwp%2Fv2%2Fcomments&post=20081"}],"version-history":[{"count":1,"href":"https:\/\/hojassueltas.es\/index.php?rest_route=\/wp\/v2\/posts\/20081\/revisions"}],"predecessor-version":[{"id":20083,"href":"https:\/\/hojassueltas.es\/index.php?rest_route=\/wp\/v2\/posts\/20081\/revisions\/20083"}],"wp:featuredmedia":[{"embeddable":true,"href":"https:\/\/hojassueltas.es\/index.php?rest_route=\/wp\/v2\/media\/20082"}],"wp:attachment":[{"href":"https:\/\/hojassueltas.es\/index.php?rest_route=%2Fwp%2Fv2%2Fmedia&parent=20081"}],"wp:term":[{"taxonomy":"category","embeddable":true,"href":"https:\/\/hojassueltas.es\/index.php?rest_route=%2Fwp%2Fv2%2Fcategories&post=20081"},{"taxonomy":"post_tag","embeddable":true,"href":"https:\/\/hojassueltas.es\/index.php?rest_route=%2Fwp%2Fv2%2Ftags&post=20081"}],"curies":[{"name":"wp","href":"https:\/\/api.w.org\/{rel}","templated":true}]}}