{"id":19880,"date":"2025-05-01T00:00:32","date_gmt":"2025-04-30T23:00:32","guid":{"rendered":"https:\/\/hojassueltas.es\/?p=19880"},"modified":"2025-12-11T17:34:15","modified_gmt":"2025-12-11T15:34:15","slug":"la-tienda-de-antiguedades-capitulo-26-de-el-balon-rojo","status":"publish","type":"post","link":"https:\/\/hojassueltas.es\/?p=19880","title":{"rendered":"La tienda de antig\u00fcedades &#8211; Cap\u00edtulo 26 de \u00abEl bal\u00f3n rojo\u00bb"},"content":{"rendered":"<p align=\"justify\"><span style=\"font-size: large;\">Llam\u00f3 sin perder m\u00e1s tiempo a <\/span><span style=\"font-size: large;\">l<\/span><span style=\"font-size: large;\">a tienda de antig\u00fcedades con <\/span><span style=\"font-size: large;\">una<\/span><span style=\"font-size: large;\"> preocupaci\u00f3n, que ya no tuvieran las temibles tijeras. Respir\u00f3 tranquilo cuando le confirmaron que segu\u00edan bajo la tela negra rodeado de crucifijos en el almac\u00e9n. Acord\u00f3 con el due\u00f1o el d\u00eda y la hora en la que se acercar\u00eda. Ser\u00eda el viernes de esa misma semana. El propietario se lo agradeci\u00f3 infinitamente, pero a la vez le previno. <\/span><\/p>\n<p align=\"justify\">\u2014<span style=\"font-size: large;\">No despojes en ning\u00fan momento la tela negra. S\u00e9 por tu amigo que las quer\u00e9is fundir, y es una excelente idea. Tengo un conocido que trabaja en la empresa fundidora de Santander. Me har\u00e1 ese favor con la condici\u00f3n de que se las entreguemos en mano. No puede desplazarse dejando su trabajo. Yo no las he dejado tiradas sin m\u00e1s, por el miedo que las cogiera cualquier persona con malas intenciones. Ya que me hac\u00e9is el favor de quit\u00e1rmelas de encima, lo tendr\u00e9is f\u00e1cil cuando llegu\u00e9is a la empresa fundidora. Preguntad por Tom\u00e1s el encargado. \u00c9l se <\/span><span style=\"font-size: large;\">oupar\u00e1<\/span><span style=\"font-size: large;\"> de todo. Yo os abonar\u00e9 el taxi y dar\u00e9 la direcci\u00f3n de la empresa. No coger\u00e9 esas tijeras. Lo siento. Mi mujer so\u00f1\u00f3 con ellas y desde esa noche no duerme bien. Est\u00e1 asustada. Ya han hecho mucho da\u00f1o a mi entorno. Debes cogerlas t\u00fa si quieres llev\u00e1rtelas. No me atrevo ni a rozarlas.<\/span><\/p>\n<p align=\"justify\">\u2014<span style=\"font-size: large;\">Este viernes se deshar\u00e1 de ellas. Qu\u00e9dese tranquilo..<\/span><\/p>\n<p align=\"justify\"><span style=\"font-size: large;\">Fran llam\u00f3 esa tarde a Javier. Le explic\u00f3 todo con detalle pensando que no creer\u00eda nada. Pero su sorpresa fue mayor cuando escuch\u00f3 su respuesta.<\/span><\/p>\n<p align=\"justify\">\u2014<span style=\"font-size: large;\">Esta noche so\u00f1\u00e9 con ese mago. Salud\u00e1ndome de forma descarada a lo lejos. Su chistera se mov\u00eda en su cabeza. Me nombr\u00f3 por mi apodo. Y me dijo si quer\u00eda ver un truco de magia. Dijo que ten\u00eda hambre. Alertado me mord\u00ed el labio con fuerza hasta notar el sabor de la sangre <\/span><span style=\"font-size: large;\">\u2014<\/span><span style=\"font-size: large;\">dijo Javier con tono asustado.<\/span><\/p>\n<p align=\"justify\">\u2014<span style=\"font-size: large;\">Joder. <\/span><span style=\"font-size: large;\">\u00bf<\/span><span style=\"font-size: large;\">Tambi\u00e9n ha empezado a rondarte a ti? <\/span><span style=\"font-size: large;\">\u2014<\/span><span style=\"font-size: large;\">dijo Fran angustiado<\/span><span style=\"font-size: large;\">\u2014<\/span><span style=\"font-size: large;\">. No pod\u00edan perder el tiempo.<\/span><\/p>\n<p align=\"justify\">\u2014<span style=\"font-size: large;\">Eso creo.<\/span><\/p>\n<p align=\"justify\">\u2014<span style=\"font-size: large;\">Esc\u00fachame Javi. Pon todas las alarmas posibles para no dormir esta semana hasta que podamos fundir esas tijeras. Hoy es lunes. Te pido que aguantes sin dormir hasta el s\u00e1bado.<\/span><\/p>\n<p align=\"justify\">\u2014<span style=\"font-size: large;\">Solo media hora. Solo dormir\u00e9 media hora..<\/span><\/p>\n<p align=\"justify\">\u2014<span style=\"font-size: large;\">Solo media hora, Javi. Ni un minuto m\u00e1s. <\/span><\/p>\n<p align=\"justify\">\u2014<span style=\"font-size: large;\">Te echo de menos Pizza. Nos debemos unas pizzas y cervezas.<\/span><\/p>\n<p align=\"justify\">\u2014<span style=\"font-size: large;\">Cuando acabemos con ellas, te invito yo, Barbilla negra <\/span><span style=\"font-size: large;\">\u2014<\/span><span style=\"font-size: large;\">dijo m\u00e1s animado.<\/span><\/p>\n<p align=\"justify\">\u2014<span style=\"font-size: large;\">Bien. Te tomo la palabra, Fran <\/span><span style=\"font-size: large;\">\u2014<\/span><span style=\"font-size: large;\">dijo Javier sonriendo.<\/span><\/p>\n<p align=\"justify\"><span style=\"font-size: large;\">\u00abCuando acabemos con ellas amigo, sino acaban ellas antes con nosotros\u00bb. Pens\u00f3 Fran con angustia.<\/span><\/p>\n<p align=\"justify\">\u00a9 Ver\u00f3nica V\u00e1zquez &#8211; Todos los derechos reservados.<\/p>\n","protected":false},"excerpt":{"rendered":"<p>Llam\u00f3 sin perder m\u00e1s tiempo a la tienda de antig\u00fcedades con una preocupaci\u00f3n, que ya no tuvieran las temibles tijeras. Respir\u00f3 tranquilo cuando le confirmaron que segu\u00edan bajo la tela negra rodeado de crucifijos en el almac\u00e9n. Acord\u00f3 con el due\u00f1o el d\u00eda y la hora en la que se acercar\u00eda. Ser\u00eda el viernes de [&hellip;]<\/p>\n","protected":false},"author":40,"featured_media":19881,"comment_status":"open","ping_status":"closed","sticky":false,"template":"","format":"standard","meta":{"footnotes":""},"categories":[2099],"tags":[2118,253],"class_list":{"0":"post-19880","1":"post","2":"type-post","3":"status-publish","4":"format-standard","5":"has-post-thumbnail","7":"category-el-balon-rojo-n-entregas","8":"tag-ver","9":"tag-veronica-vazquez"},"yoast_head":"<!-- This site is optimized with the Yoast SEO plugin v27.5 - https:\/\/yoast.com\/product\/yoast-seo-wordpress\/ -->\n<title>La tienda de antig\u00fcedades - Cap\u00edtulo 26 de &quot;El bal\u00f3n rojo&quot; | HOJAS SUELTAS Peri\u00f3dico Cultural<\/title>\n<meta name=\"description\" content=\"NOVELAS POR ENTREGAS. Nuevo cap\u00edtulo de la novela de terror, de la escritura gallega Ver\u00f3nica V\u00e1zquez.\" \/>\n<meta name=\"robots\" content=\"index, follow, max-snippet:-1, max-image-preview:large, max-video-preview:-1\" \/>\n<link rel=\"canonical\" href=\"https:\/\/hojassueltas.es\/?p=19880\" \/>\n<meta property=\"og:locale\" content=\"es_ES\" \/>\n<meta property=\"og:type\" content=\"article\" \/>\n<meta property=\"og:title\" content=\"La tienda de antig\u00fcedades - Cap\u00edtulo 26 de &quot;El bal\u00f3n rojo&quot; | HOJAS SUELTAS Peri\u00f3dico Cultural\" \/>\n<meta property=\"og:description\" content=\"NOVELAS POR ENTREGAS. Nuevo cap\u00edtulo de la novela de terror, de la escritura gallega Ver\u00f3nica V\u00e1zquez.\" \/>\n<meta property=\"og:url\" content=\"https:\/\/hojassueltas.es\/?p=19880\" \/>\n<meta property=\"og:site_name\" content=\"HOJAS SUELTAS Peri\u00f3dico Cultural\" \/>\n<meta property=\"article:published_time\" content=\"2025-04-30T23:00:32+00:00\" \/>\n<meta property=\"article:modified_time\" content=\"2025-12-11T15:34:15+00:00\" \/>\n<meta property=\"og:image\" content=\"https:\/\/hojassueltas.es\/wp-content\/uploads\/2025\/04\/Capitulo-26_H.S.png\" \/>\n\t<meta property=\"og:image:width\" content=\"1050\" \/>\n\t<meta property=\"og:image:height\" content=\"610\" \/>\n\t<meta property=\"og:image:type\" content=\"image\/png\" \/>\n<meta name=\"author\" content=\"Ver\u00f3nica V\u00e1zquez\" \/>\n<meta name=\"twitter:card\" content=\"summary_large_image\" \/>\n<meta name=\"twitter:creator\" content=\"@HOJASSUELTAS22\" \/>\n<meta name=\"twitter:site\" content=\"@HOJASSUELTAS22\" \/>\n<meta name=\"twitter:label1\" content=\"Escrito por\" \/>\n\t<meta name=\"twitter:data1\" content=\"Ver\u00f3nica V\u00e1zquez\" \/>\n\t<meta name=\"twitter:label2\" content=\"Tiempo de lectura\" \/>\n\t<meta name=\"twitter:data2\" content=\"3 minutos\" \/>\n<script type=\"application\/ld+json\" class=\"yoast-schema-graph\">{\"@context\":\"https:\\\/\\\/schema.org\",\"@graph\":[{\"@type\":[\"Article\",\"BlogPosting\"],\"@id\":\"https:\\\/\\\/hojassueltas.es\\\/?p=19880#article\",\"isPartOf\":{\"@id\":\"https:\\\/\\\/hojassueltas.es\\\/?p=19880\"},\"author\":{\"name\":\"Ver\u00f3nica V\u00e1zquez\",\"@id\":\"https:\\\/\\\/hojassueltas.es\\\/#\\\/schema\\\/person\\\/4c21892d9a305088d55a62ff59826d04\"},\"headline\":\"La tienda de antig\u00fcedades &#8211; Cap\u00edtulo 26 de \u00abEl bal\u00f3n rojo\u00bb\",\"datePublished\":\"2025-04-30T23:00:32+00:00\",\"dateModified\":\"2025-12-11T15:34:15+00:00\",\"mainEntityOfPage\":{\"@id\":\"https:\\\/\\\/hojassueltas.es\\\/?p=19880\"},\"wordCount\":480,\"commentCount\":0,\"publisher\":{\"@id\":\"https:\\\/\\\/hojassueltas.es\\\/#organization\"},\"image\":{\"@id\":\"https:\\\/\\\/hojassueltas.es\\\/?p=19880#primaryimage\"},\"thumbnailUrl\":\"https:\\\/\\\/hojassueltas.es\\\/wp-content\\\/uploads\\\/2025\\\/04\\\/Capitulo-26_H.S.png\",\"keywords\":[\"Ver\",\"Ver\u00f3nica V\u00e1zquez\"],\"articleSection\":[\"El Bal\u00f3n Rojo\"],\"inLanguage\":\"es\",\"potentialAction\":[{\"@type\":\"CommentAction\",\"name\":\"Comment\",\"target\":[\"https:\\\/\\\/hojassueltas.es\\\/?p=19880#respond\"]}]},{\"@type\":\"WebPage\",\"@id\":\"https:\\\/\\\/hojassueltas.es\\\/?p=19880\",\"url\":\"https:\\\/\\\/hojassueltas.es\\\/?p=19880\",\"name\":\"La tienda de antig\u00fcedades - Cap\u00edtulo 26 de \\\"El bal\u00f3n rojo\\\" | HOJAS SUELTAS Peri\u00f3dico Cultural\",\"isPartOf\":{\"@id\":\"https:\\\/\\\/hojassueltas.es\\\/#website\"},\"primaryImageOfPage\":{\"@id\":\"https:\\\/\\\/hojassueltas.es\\\/?p=19880#primaryimage\"},\"image\":{\"@id\":\"https:\\\/\\\/hojassueltas.es\\\/?p=19880#primaryimage\"},\"thumbnailUrl\":\"https:\\\/\\\/hojassueltas.es\\\/wp-content\\\/uploads\\\/2025\\\/04\\\/Capitulo-26_H.S.png\",\"datePublished\":\"2025-04-30T23:00:32+00:00\",\"dateModified\":\"2025-12-11T15:34:15+00:00\",\"description\":\"NOVELAS POR ENTREGAS. Nuevo cap\u00edtulo de la novela de terror, de la escritura gallega Ver\u00f3nica V\u00e1zquez.\",\"breadcrumb\":{\"@id\":\"https:\\\/\\\/hojassueltas.es\\\/?p=19880#breadcrumb\"},\"inLanguage\":\"es\",\"potentialAction\":[{\"@type\":\"ReadAction\",\"target\":[\"https:\\\/\\\/hojassueltas.es\\\/?p=19880\"]}]},{\"@type\":\"ImageObject\",\"inLanguage\":\"es\",\"@id\":\"https:\\\/\\\/hojassueltas.es\\\/?p=19880#primaryimage\",\"url\":\"https:\\\/\\\/hojassueltas.es\\\/wp-content\\\/uploads\\\/2025\\\/04\\\/Capitulo-26_H.S.png\",\"contentUrl\":\"https:\\\/\\\/hojassueltas.es\\\/wp-content\\\/uploads\\\/2025\\\/04\\\/Capitulo-26_H.S.png\",\"width\":1050,\"height\":610},{\"@type\":\"BreadcrumbList\",\"@id\":\"https:\\\/\\\/hojassueltas.es\\\/?p=19880#breadcrumb\",\"itemListElement\":[{\"@type\":\"ListItem\",\"position\":1,\"name\":\"Portada\",\"item\":\"https:\\\/\\\/hojassueltas.es\\\/\"},{\"@type\":\"ListItem\",\"position\":2,\"name\":\"La tienda de antig\u00fcedades &#8211; Cap\u00edtulo 26 de \u00abEl bal\u00f3n rojo\u00bb\"}]},{\"@type\":\"WebSite\",\"@id\":\"https:\\\/\\\/hojassueltas.es\\\/#website\",\"url\":\"https:\\\/\\\/hojassueltas.es\\\/\",\"name\":\"HojasSueltas.es\",\"description\":\"GRANADA - Peri\u00f3dico Cultural\",\"publisher\":{\"@id\":\"https:\\\/\\\/hojassueltas.es\\\/#organization\"},\"alternateName\":\"H.S. Periodico Cultural\",\"potentialAction\":[{\"@type\":\"SearchAction\",\"target\":{\"@type\":\"EntryPoint\",\"urlTemplate\":\"https:\\\/\\\/hojassueltas.es\\\/?s={search_term_string}\"},\"query-input\":{\"@type\":\"PropertyValueSpecification\",\"valueRequired\":true,\"valueName\":\"search_term_string\"}}],\"inLanguage\":\"es\"},{\"@type\":\"Organization\",\"@id\":\"https:\\\/\\\/hojassueltas.es\\\/#organization\",\"name\":\"HOJAS SUELTAS - Peri\u00f3dico Cultural\",\"alternateName\":\"HS - HOJAS SUELTAS Peri\u00f3dico Cultural\",\"url\":\"https:\\\/\\\/hojassueltas.es\\\/\",\"logo\":{\"@type\":\"ImageObject\",\"inLanguage\":\"es\",\"@id\":\"https:\\\/\\\/hojassueltas.es\\\/#\\\/schema\\\/logo\\\/image\\\/\",\"url\":\"https:\\\/\\\/hojassueltas.es\\\/wp-content\\\/uploads\\\/2025\\\/08\\\/Icono-HS_2.png\",\"contentUrl\":\"https:\\\/\\\/hojassueltas.es\\\/wp-content\\\/uploads\\\/2025\\\/08\\\/Icono-HS_2.png\",\"width\":500,\"height\":500,\"caption\":\"HOJAS SUELTAS - Peri\u00f3dico Cultural\"},\"image\":{\"@id\":\"https:\\\/\\\/hojassueltas.es\\\/#\\\/schema\\\/logo\\\/image\\\/\"},\"sameAs\":[\"https:\\\/\\\/x.com\\\/HOJASSUELTAS22\"]},{\"@type\":\"Person\",\"@id\":\"https:\\\/\\\/hojassueltas.es\\\/#\\\/schema\\\/person\\\/4c21892d9a305088d55a62ff59826d04\",\"name\":\"Ver\u00f3nica V\u00e1zquez\",\"image\":{\"@type\":\"ImageObject\",\"inLanguage\":\"es\",\"@id\":\"https:\\\/\\\/hojassueltas.es\\\/wp-content\\\/uploads\\\/2024\\\/10\\\/Imagen-2-96x96.jpg\",\"url\":\"https:\\\/\\\/hojassueltas.es\\\/wp-content\\\/uploads\\\/2024\\\/10\\\/Imagen-2-96x96.jpg\",\"contentUrl\":\"https:\\\/\\\/hojassueltas.es\\\/wp-content\\\/uploads\\\/2024\\\/10\\\/Imagen-2-96x96.jpg\",\"caption\":\"Ver\u00f3nica V\u00e1zquez\"},\"description\":\"Santiago de Compostela 1978. Tiene formaci\u00f3n y experiencia en secretariado. Pero su verdadera pasi\u00f3n siempre ha sido el cine y la literatura. Seguidora del g\u00e9nero de suspense. Tambi\u00e9n siente fascinaci\u00f3n por el c\u00f3mic de terror cl\u00e1sico consider\u00e1ndolo un exquisito arte. Gusta escribir sus historias como una pel\u00edcula. De gran imaginaci\u00f3n, en el a\u00f1o 2020 publica dos novelas de suspense en sello digital de Grupo Planeta, Click ediciones. En 2022 un audiolibro de \u00abLa sombra de Marcos\u00bb en plataforma Nextory. En 2023 comienza a realizar colaboraciones con microrrelatos de terror, en \u00abHojas Sueltas\u00bb En abril del 2023 gana convocatoria de relatos en la revista LO DESCONOCIDO con el relato de terror EL PASILLO. En junio del 2023 la productora indie TEATRO ROB\u00d3TICO DEL MISTERIO dramatiza en audio el relato de terror de infectados \u00a1CORRE!. En noviembre de 2023 gana convocatoria \u201cLa noche del lic\u00e1ntropo\u201d de la productora de audio LUX FERRE AUDIO con su relato de terror LA MONEDA DE PLATA para ser dramatizada en audio en el podcast Martes de Terror. En 2024 publica su novela de terror paranormal EL BAL\u00d3N ROJO en la web CALAMEO. En mayo del 2024 gana la convocatoria de relatos MIEDO EN CASA con su obra EL HOGAR DEL DIABLO, que ser\u00e1 publicada en una antolog\u00eda digital por la Red Municipal de Bibliotecas P\u00fablicas de Sevilla, Icas y el Ayuntamiento de Sevilla. En agosto del mismo a\u00f1o, gana la VIII convocatoria de relatos en la revista digital DRAG\u00d3N ESCRITOR con su microrrelato de terror TE PERTENECE. El fragmento de su novela de terror EL BAL\u00d3N ROJO se publica en la prestigiosa revista de M\u00e9xico \u201cdelatripa\u201d tambi\u00e9n en el mes de agosto de 2024 INSTAGRAM: Veronicavazquez_escritora \\\/ FACEBOOK: Ver\u00f3nica V\u00e1zquez ( El miedo es mi tinta) \\\/ X (Twitter) : @veronicav1978\",\"url\":\"https:\\\/\\\/hojassueltas.es\\\/?author=40\"}]}<\/script>\n<!-- \/ Yoast SEO plugin. -->","yoast_head_json":{"title":"La tienda de antig\u00fcedades - Cap\u00edtulo 26 de \"El bal\u00f3n rojo\" | HOJAS SUELTAS Peri\u00f3dico Cultural","description":"NOVELAS POR ENTREGAS. Nuevo cap\u00edtulo de la novela de terror, de la escritura gallega Ver\u00f3nica V\u00e1zquez.","robots":{"index":"index","follow":"follow","max-snippet":"max-snippet:-1","max-image-preview":"max-image-preview:large","max-video-preview":"max-video-preview:-1"},"canonical":"https:\/\/hojassueltas.es\/?p=19880","og_locale":"es_ES","og_type":"article","og_title":"La tienda de antig\u00fcedades - Cap\u00edtulo 26 de \"El bal\u00f3n rojo\" | HOJAS SUELTAS Peri\u00f3dico Cultural","og_description":"NOVELAS POR ENTREGAS. Nuevo cap\u00edtulo de la novela de terror, de la escritura gallega Ver\u00f3nica V\u00e1zquez.","og_url":"https:\/\/hojassueltas.es\/?p=19880","og_site_name":"HOJAS SUELTAS Peri\u00f3dico Cultural","article_published_time":"2025-04-30T23:00:32+00:00","article_modified_time":"2025-12-11T15:34:15+00:00","og_image":[{"width":1050,"height":610,"url":"https:\/\/hojassueltas.es\/wp-content\/uploads\/2025\/04\/Capitulo-26_H.S.png","type":"image\/png"}],"author":"Ver\u00f3nica V\u00e1zquez","twitter_card":"summary_large_image","twitter_creator":"@HOJASSUELTAS22","twitter_site":"@HOJASSUELTAS22","twitter_misc":{"Escrito por":"Ver\u00f3nica V\u00e1zquez","Tiempo de lectura":"3 minutos"},"schema":{"@context":"https:\/\/schema.org","@graph":[{"@type":["Article","BlogPosting"],"@id":"https:\/\/hojassueltas.es\/?p=19880#article","isPartOf":{"@id":"https:\/\/hojassueltas.es\/?p=19880"},"author":{"name":"Ver\u00f3nica V\u00e1zquez","@id":"https:\/\/hojassueltas.es\/#\/schema\/person\/4c21892d9a305088d55a62ff59826d04"},"headline":"La tienda de antig\u00fcedades &#8211; Cap\u00edtulo 26 de \u00abEl bal\u00f3n rojo\u00bb","datePublished":"2025-04-30T23:00:32+00:00","dateModified":"2025-12-11T15:34:15+00:00","mainEntityOfPage":{"@id":"https:\/\/hojassueltas.es\/?p=19880"},"wordCount":480,"commentCount":0,"publisher":{"@id":"https:\/\/hojassueltas.es\/#organization"},"image":{"@id":"https:\/\/hojassueltas.es\/?p=19880#primaryimage"},"thumbnailUrl":"https:\/\/hojassueltas.es\/wp-content\/uploads\/2025\/04\/Capitulo-26_H.S.png","keywords":["Ver","Ver\u00f3nica V\u00e1zquez"],"articleSection":["El Bal\u00f3n Rojo"],"inLanguage":"es","potentialAction":[{"@type":"CommentAction","name":"Comment","target":["https:\/\/hojassueltas.es\/?p=19880#respond"]}]},{"@type":"WebPage","@id":"https:\/\/hojassueltas.es\/?p=19880","url":"https:\/\/hojassueltas.es\/?p=19880","name":"La tienda de antig\u00fcedades - Cap\u00edtulo 26 de \"El bal\u00f3n rojo\" | HOJAS SUELTAS Peri\u00f3dico Cultural","isPartOf":{"@id":"https:\/\/hojassueltas.es\/#website"},"primaryImageOfPage":{"@id":"https:\/\/hojassueltas.es\/?p=19880#primaryimage"},"image":{"@id":"https:\/\/hojassueltas.es\/?p=19880#primaryimage"},"thumbnailUrl":"https:\/\/hojassueltas.es\/wp-content\/uploads\/2025\/04\/Capitulo-26_H.S.png","datePublished":"2025-04-30T23:00:32+00:00","dateModified":"2025-12-11T15:34:15+00:00","description":"NOVELAS POR ENTREGAS. Nuevo cap\u00edtulo de la novela de terror, de la escritura gallega Ver\u00f3nica V\u00e1zquez.","breadcrumb":{"@id":"https:\/\/hojassueltas.es\/?p=19880#breadcrumb"},"inLanguage":"es","potentialAction":[{"@type":"ReadAction","target":["https:\/\/hojassueltas.es\/?p=19880"]}]},{"@type":"ImageObject","inLanguage":"es","@id":"https:\/\/hojassueltas.es\/?p=19880#primaryimage","url":"https:\/\/hojassueltas.es\/wp-content\/uploads\/2025\/04\/Capitulo-26_H.S.png","contentUrl":"https:\/\/hojassueltas.es\/wp-content\/uploads\/2025\/04\/Capitulo-26_H.S.png","width":1050,"height":610},{"@type":"BreadcrumbList","@id":"https:\/\/hojassueltas.es\/?p=19880#breadcrumb","itemListElement":[{"@type":"ListItem","position":1,"name":"Portada","item":"https:\/\/hojassueltas.es\/"},{"@type":"ListItem","position":2,"name":"La tienda de antig\u00fcedades &#8211; Cap\u00edtulo 26 de \u00abEl bal\u00f3n rojo\u00bb"}]},{"@type":"WebSite","@id":"https:\/\/hojassueltas.es\/#website","url":"https:\/\/hojassueltas.es\/","name":"HojasSueltas.es","description":"GRANADA - Peri\u00f3dico Cultural","publisher":{"@id":"https:\/\/hojassueltas.es\/#organization"},"alternateName":"H.S. Periodico Cultural","potentialAction":[{"@type":"SearchAction","target":{"@type":"EntryPoint","urlTemplate":"https:\/\/hojassueltas.es\/?s={search_term_string}"},"query-input":{"@type":"PropertyValueSpecification","valueRequired":true,"valueName":"search_term_string"}}],"inLanguage":"es"},{"@type":"Organization","@id":"https:\/\/hojassueltas.es\/#organization","name":"HOJAS SUELTAS - Peri\u00f3dico Cultural","alternateName":"HS - HOJAS SUELTAS Peri\u00f3dico Cultural","url":"https:\/\/hojassueltas.es\/","logo":{"@type":"ImageObject","inLanguage":"es","@id":"https:\/\/hojassueltas.es\/#\/schema\/logo\/image\/","url":"https:\/\/hojassueltas.es\/wp-content\/uploads\/2025\/08\/Icono-HS_2.png","contentUrl":"https:\/\/hojassueltas.es\/wp-content\/uploads\/2025\/08\/Icono-HS_2.png","width":500,"height":500,"caption":"HOJAS SUELTAS - Peri\u00f3dico Cultural"},"image":{"@id":"https:\/\/hojassueltas.es\/#\/schema\/logo\/image\/"},"sameAs":["https:\/\/x.com\/HOJASSUELTAS22"]},{"@type":"Person","@id":"https:\/\/hojassueltas.es\/#\/schema\/person\/4c21892d9a305088d55a62ff59826d04","name":"Ver\u00f3nica V\u00e1zquez","image":{"@type":"ImageObject","inLanguage":"es","@id":"https:\/\/hojassueltas.es\/wp-content\/uploads\/2024\/10\/Imagen-2-96x96.jpg","url":"https:\/\/hojassueltas.es\/wp-content\/uploads\/2024\/10\/Imagen-2-96x96.jpg","contentUrl":"https:\/\/hojassueltas.es\/wp-content\/uploads\/2024\/10\/Imagen-2-96x96.jpg","caption":"Ver\u00f3nica V\u00e1zquez"},"description":"Santiago de Compostela 1978. Tiene formaci\u00f3n y experiencia en secretariado. Pero su verdadera pasi\u00f3n siempre ha sido el cine y la literatura. Seguidora del g\u00e9nero de suspense. Tambi\u00e9n siente fascinaci\u00f3n por el c\u00f3mic de terror cl\u00e1sico consider\u00e1ndolo un exquisito arte. Gusta escribir sus historias como una pel\u00edcula. De gran imaginaci\u00f3n, en el a\u00f1o 2020 publica dos novelas de suspense en sello digital de Grupo Planeta, Click ediciones. En 2022 un audiolibro de \u00abLa sombra de Marcos\u00bb en plataforma Nextory. En 2023 comienza a realizar colaboraciones con microrrelatos de terror, en \u00abHojas Sueltas\u00bb En abril del 2023 gana convocatoria de relatos en la revista LO DESCONOCIDO con el relato de terror EL PASILLO. En junio del 2023 la productora indie TEATRO ROB\u00d3TICO DEL MISTERIO dramatiza en audio el relato de terror de infectados \u00a1CORRE!. En noviembre de 2023 gana convocatoria \u201cLa noche del lic\u00e1ntropo\u201d de la productora de audio LUX FERRE AUDIO con su relato de terror LA MONEDA DE PLATA para ser dramatizada en audio en el podcast Martes de Terror. En 2024 publica su novela de terror paranormal EL BAL\u00d3N ROJO en la web CALAMEO. En mayo del 2024 gana la convocatoria de relatos MIEDO EN CASA con su obra EL HOGAR DEL DIABLO, que ser\u00e1 publicada en una antolog\u00eda digital por la Red Municipal de Bibliotecas P\u00fablicas de Sevilla, Icas y el Ayuntamiento de Sevilla. En agosto del mismo a\u00f1o, gana la VIII convocatoria de relatos en la revista digital DRAG\u00d3N ESCRITOR con su microrrelato de terror TE PERTENECE. El fragmento de su novela de terror EL BAL\u00d3N ROJO se publica en la prestigiosa revista de M\u00e9xico \u201cdelatripa\u201d tambi\u00e9n en el mes de agosto de 2024 INSTAGRAM: Veronicavazquez_escritora \/ FACEBOOK: Ver\u00f3nica V\u00e1zquez ( El miedo es mi tinta) \/ X (Twitter) : @veronicav1978","url":"https:\/\/hojassueltas.es\/?author=40"}]}},"_links":{"self":[{"href":"https:\/\/hojassueltas.es\/index.php?rest_route=\/wp\/v2\/posts\/19880","targetHints":{"allow":["GET"]}}],"collection":[{"href":"https:\/\/hojassueltas.es\/index.php?rest_route=\/wp\/v2\/posts"}],"about":[{"href":"https:\/\/hojassueltas.es\/index.php?rest_route=\/wp\/v2\/types\/post"}],"author":[{"embeddable":true,"href":"https:\/\/hojassueltas.es\/index.php?rest_route=\/wp\/v2\/users\/40"}],"replies":[{"embeddable":true,"href":"https:\/\/hojassueltas.es\/index.php?rest_route=%2Fwp%2Fv2%2Fcomments&post=19880"}],"version-history":[{"count":2,"href":"https:\/\/hojassueltas.es\/index.php?rest_route=\/wp\/v2\/posts\/19880\/revisions"}],"predecessor-version":[{"id":19883,"href":"https:\/\/hojassueltas.es\/index.php?rest_route=\/wp\/v2\/posts\/19880\/revisions\/19883"}],"wp:featuredmedia":[{"embeddable":true,"href":"https:\/\/hojassueltas.es\/index.php?rest_route=\/wp\/v2\/media\/19881"}],"wp:attachment":[{"href":"https:\/\/hojassueltas.es\/index.php?rest_route=%2Fwp%2Fv2%2Fmedia&parent=19880"}],"wp:term":[{"taxonomy":"category","embeddable":true,"href":"https:\/\/hojassueltas.es\/index.php?rest_route=%2Fwp%2Fv2%2Fcategories&post=19880"},{"taxonomy":"post_tag","embeddable":true,"href":"https:\/\/hojassueltas.es\/index.php?rest_route=%2Fwp%2Fv2%2Ftags&post=19880"}],"curies":[{"name":"wp","href":"https:\/\/api.w.org\/{rel}","templated":true}]}}