{"id":19835,"date":"2025-04-29T00:00:35","date_gmt":"2025-04-28T23:00:35","guid":{"rendered":"https:\/\/hojassueltas.es\/?p=19835"},"modified":"2025-07-21T09:59:59","modified_gmt":"2025-07-21T08:59:59","slug":"el-festival-de-cannes-afronta-criticas-por-su-falta-de-diversidad","status":"publish","type":"post","link":"https:\/\/hojassueltas.es\/?p=19835","title":{"rendered":"El festival de Cannes afronta cr\u00edticas por su falta de diversidad"},"content":{"rendered":"<p style=\"text-align: justify;\">El anuncio de la selecci\u00f3n oficial para la 78\u00aa edici\u00f3n del Festival de Cannes, realizado el pasado 23 de abril de 2025, ha desencadenado una fuerte ola de cr\u00edticas procedentes de diversos sectores de la industria cinematogr\u00e1fica y cultural a nivel internacional. El festival, uno de los m\u00e1s prestigiosos del mundo, ha sido acusado de falta de diversidad, tanto de g\u00e9nero como de origen geogr\u00e1fico, en la composici\u00f3n de las pel\u00edculas elegidas para competir por la Palma de Oro.<\/p>\n<p style=\"text-align: justify;\">De las 22 pel\u00edculas seleccionadas en la secci\u00f3n oficial, apenas cuatro est\u00e1n dirigidas por mujeres, una cifra que ha sido calificada de \u201cinsuficiente\u201d y \u201cdecepcionante\u201d por colectivos como <em>Collectif 50\/50<\/em>, un movimiento que desde 2018 reclama la paridad en festivales de cine y otras instituciones culturales europeas. Portavoces del colectivo subrayaron en declaraciones a <em>Le Monde<\/em> que, pese al compromiso p\u00fablico adquirido por Cannes hace siete a\u00f1os mediante la firma del \u00abPacto de Paridad\u00bb, los resultados siguen mostrando una tendencia preocupante a la perpetuaci\u00f3n de din\u00e1micas discriminatorias.<\/p>\n<p style=\"text-align: justify;\">La cuesti\u00f3n de g\u00e9nero no es la \u00fanica que ha levantado pol\u00e9mica. Varios cr\u00edticos y cineastas han se\u00f1alado tambi\u00e9n la ausencia significativa de representantes del cine africano, asi\u00e1tico y latinoamericano en la selecci\u00f3n principal. En particular, se ha destacado que mientras en ediciones anteriores se hab\u00edan presentado obras como <em>Atlantique<\/em> (Mati Diop, Senegal) o <em>Bacurau<\/em> (Kleber Mendon\u00e7a Filho y Juliano Dornelles, Brasil), este a\u00f1o la competici\u00f3n parece dominada por producciones europeas y norteamericanas de gran presupuesto, dejando escaso espacio a voces nuevas o a narrativas que escapen del \u00e1mbito occidental.<\/p>\n<p style=\"text-align: justify;\">Thierry Fr\u00e9maux, delegado general del festival, respondi\u00f3 a las cr\u00edticas en una rueda de prensa celebrada en Par\u00eds: \u00abLa calidad art\u00edstica es y debe seguir siendo el \u00fanico criterio de selecci\u00f3n en Cannes. No podemos, ni debemos, imponer cuotas que comprometan la libertad de nuestro comit\u00e9 de selecci\u00f3n\u00bb. Sin embargo, sus declaraciones no han conseguido apaciguar los \u00e1nimos. Varias figuras del cine independiente han replicado que la noci\u00f3n de \u201ccalidad\u201d sigue anclada en patrones culturales euroc\u00e9ntricos y que ignorar la diversidad es, en s\u00ed mismo, un sesgo.<\/p>\n<p style=\"text-align: justify;\">Entre las pel\u00edculas seleccionadas, destacan nombres consagrados como Jacques Audiard, Paolo Sorrentino y Sofia Coppola, lo que ha reforzado la percepci\u00f3n de que Cannes apuesta m\u00e1s por grandes firmas consolidadas que por descubrir nuevos talentos, especialmente aquellos provenientes de contextos no tradicionales. En contraste, apenas figuran cineastas debutantes o propuestas arriesgadas provenientes de \u00c1frica, Am\u00e9rica Latina o el sudeste asi\u00e1tico.<\/p>\n<p style=\"text-align: justify;\">La directora keniana Wanuri Kahiu, conocida por su pel\u00edcula <em>Rafiki<\/em>, expres\u00f3 su decepci\u00f3n en redes sociales, subrayando que \u00abmientras no abramos realmente las puertas a las historias que emergen de todos los rincones del mundo, el cine seguir\u00e1 hablando solo para una parte del planeta\u00bb. En esa l\u00ednea, tambi\u00e9n la cineasta espa\u00f1ola Carla Sim\u00f3n, ganadora del Oso de Oro en Berl\u00edn 2022, lament\u00f3 en una entrevista a <em>El Pa\u00eds<\/em> que \u00abla falta de diversidad limita la conversaci\u00f3n cultural que necesitamos tener como sociedad global\u00bb.<\/p>\n<p style=\"text-align: justify;\">La pol\u00e9mica no ha tardado en expandirse m\u00e1s all\u00e1 de las p\u00e1ginas culturales. Editoriales de diarios internacionales como <em>The New York Times<\/em> o <em>The Guardian<\/em> han planteado que esta crisis de representaci\u00f3n en Cannes refleja un problema m\u00e1s amplio que afecta a las grandes instituciones culturales europeas: la tensi\u00f3n entre tradici\u00f3n y cambio en una sociedad crecientemente plural. \u00bfPuede un certamen como Cannes seguir legitim\u00e1ndose como referente universal si no abraza realmente la multiplicidad de voces?<\/p>\n<p style=\"text-align: justify;\">Adem\u00e1s, organizaciones de cineastas afrodescendientes y de pa\u00edses en v\u00edas de desarrollo han comenzado a promover un boicot simb\u00f3lico al festival, animando a cr\u00edticos, distribuidores y directores a visibilizar otras plataformas alternativas donde la diversidad sea una prioridad genuina.<\/p>\n<p style=\"text-align: justify;\">En respuesta a la creciente presi\u00f3n, el comit\u00e9 organizador de Cannes anunci\u00f3 el 26 de abril que organizar\u00e1 una mesa redonda durante el festival, titulada \u201cDiversidad y Futuro del Cine Mundial\u201d, en la que participar\u00e1n representantes de varias cinematograf\u00edas perif\u00e9ricas. No obstante, numerosos analistas consideran que estas iniciativas llegan tarde y que el problema radica en estructuras mucho m\u00e1s profundas que no se resuelven con eventos paralelos.<\/p>\n<p style=\"text-align: justify;\">El festival, previsto entre el 14 y el 25 de mayo, promete ser, adem\u00e1s de un escaparate de grandes producciones, un espacio de debate sobre las nuevas demandas del mundo audiovisual contempor\u00e1neo. La pregunta ahora es si Cannes ser\u00e1 capaz de adaptarse al siglo XXI o si quedar\u00e1 como un s\u00edmbolo cada vez m\u00e1s anacr\u00f3nico de un elitismo cultural que ya no representa al conjunto de la audiencia global.<\/p>\n<p>Redacci\u00f3n<\/p>\n<p>&nbsp;<\/p>\n","protected":false},"excerpt":{"rendered":"<p>El anuncio de la selecci\u00f3n oficial para la 78\u00aa edici\u00f3n del Festival de Cannes, realizado el pasado 23 de abril de 2025, ha desencadenado una fuerte ola de cr\u00edticas procedentes de diversos sectores de la industria cinematogr\u00e1fica y cultural a nivel internacional. El festival, uno de los m\u00e1s prestigiosos del mundo, ha sido acusado de [&hellip;]<\/p>\n","protected":false},"author":1,"featured_media":19318,"comment_status":"open","ping_status":"closed","sticky":false,"template":"","format":"standard","meta":{"footnotes":""},"categories":[32],"tags":[],"class_list":{"0":"post-19835","1":"post","2":"type-post","3":"status-publish","4":"format-standard","5":"has-post-thumbnail","7":"category-panorama-cultural"},"yoast_head":"<!-- This site is optimized with the Yoast SEO plugin v27.4 - https:\/\/yoast.com\/product\/yoast-seo-wordpress\/ -->\n<title>El festival de Cannes afronta cr\u00edticas por su falta de diversidad | HOJAS SUELTAS Peri\u00f3dico Cultural<\/title>\n<meta name=\"description\" content=\"ACTUALIDAD; En respuesta a la creciente presi\u00f3n, el comit\u00e9 organizador de Cannes anunci\u00f3 el 26 de abril que organizar\u00e1 una mesa redonda durante el festival, titulada \u201cDiversidad y Futuro del Cine Mundial\u201d\" \/>\n<meta name=\"robots\" content=\"index, follow, max-snippet:-1, max-image-preview:large, max-video-preview:-1\" \/>\n<link rel=\"canonical\" href=\"https:\/\/hojassueltas.es\/?p=19835\" \/>\n<meta property=\"og:locale\" content=\"es_ES\" \/>\n<meta property=\"og:type\" content=\"article\" \/>\n<meta property=\"og:title\" content=\"El festival de Cannes afronta cr\u00edticas por su falta de diversidad | HOJAS SUELTAS Peri\u00f3dico Cultural\" \/>\n<meta property=\"og:description\" content=\"ACTUALIDAD; En respuesta a la creciente presi\u00f3n, el comit\u00e9 organizador de Cannes anunci\u00f3 el 26 de abril que organizar\u00e1 una mesa redonda durante el festival, titulada \u201cDiversidad y Futuro del Cine Mundial\u201d\" \/>\n<meta property=\"og:url\" content=\"https:\/\/hojassueltas.es\/?p=19835\" \/>\n<meta property=\"og:site_name\" content=\"HOJAS SUELTAS Peri\u00f3dico Cultural\" \/>\n<meta property=\"article:published_time\" content=\"2025-04-28T23:00:35+00:00\" \/>\n<meta property=\"article:modified_time\" content=\"2025-07-21T08:59:59+00:00\" \/>\n<meta property=\"og:image\" content=\"https:\/\/hojassueltas.es\/wp-content\/uploads\/2025\/04\/Actualidad-Cultural-_H.S.png\" \/>\n\t<meta property=\"og:image:width\" content=\"1050\" \/>\n\t<meta property=\"og:image:height\" content=\"610\" \/>\n\t<meta property=\"og:image:type\" content=\"image\/png\" \/>\n<meta name=\"author\" content=\"Redacci\u00f3n\" \/>\n<meta name=\"twitter:card\" content=\"summary_large_image\" \/>\n<meta name=\"twitter:creator\" content=\"@HOJASSUELTAS22\" \/>\n<meta name=\"twitter:site\" content=\"@HOJASSUELTAS22\" \/>\n<meta name=\"twitter:label1\" content=\"Escrito por\" \/>\n\t<meta name=\"twitter:data1\" content=\"Redacci\u00f3n\" \/>\n\t<meta name=\"twitter:label2\" content=\"Tiempo de lectura\" \/>\n\t<meta name=\"twitter:data2\" content=\"4 minutos\" \/>\n<script type=\"application\/ld+json\" class=\"yoast-schema-graph\">{\"@context\":\"https:\\\/\\\/schema.org\",\"@graph\":[{\"@type\":[\"Article\",\"BlogPosting\"],\"@id\":\"https:\\\/\\\/hojassueltas.es\\\/?p=19835#article\",\"isPartOf\":{\"@id\":\"https:\\\/\\\/hojassueltas.es\\\/?p=19835\"},\"author\":{\"name\":\"Redacci\u00f3n\",\"@id\":\"https:\\\/\\\/hojassueltas.es\\\/#\\\/schema\\\/person\\\/f232bbdb834c61c90aff2245daa401c0\"},\"headline\":\"El festival de Cannes afronta cr\u00edticas por su falta de diversidad\",\"datePublished\":\"2025-04-28T23:00:35+00:00\",\"dateModified\":\"2025-07-21T08:59:59+00:00\",\"mainEntityOfPage\":{\"@id\":\"https:\\\/\\\/hojassueltas.es\\\/?p=19835\"},\"wordCount\":816,\"commentCount\":0,\"publisher\":{\"@id\":\"https:\\\/\\\/hojassueltas.es\\\/#organization\"},\"image\":{\"@id\":\"https:\\\/\\\/hojassueltas.es\\\/?p=19835#primaryimage\"},\"thumbnailUrl\":\"https:\\\/\\\/hojassueltas.es\\\/wp-content\\\/uploads\\\/2025\\\/04\\\/Actualidad-Cultural-_H.S.png\",\"articleSection\":[\"PANORAMA CULTURAL\"],\"inLanguage\":\"es\",\"potentialAction\":[{\"@type\":\"CommentAction\",\"name\":\"Comment\",\"target\":[\"https:\\\/\\\/hojassueltas.es\\\/?p=19835#respond\"]}]},{\"@type\":\"WebPage\",\"@id\":\"https:\\\/\\\/hojassueltas.es\\\/?p=19835\",\"url\":\"https:\\\/\\\/hojassueltas.es\\\/?p=19835\",\"name\":\"El festival de Cannes afronta cr\u00edticas por su falta de diversidad | HOJAS SUELTAS Peri\u00f3dico Cultural\",\"isPartOf\":{\"@id\":\"https:\\\/\\\/hojassueltas.es\\\/#website\"},\"primaryImageOfPage\":{\"@id\":\"https:\\\/\\\/hojassueltas.es\\\/?p=19835#primaryimage\"},\"image\":{\"@id\":\"https:\\\/\\\/hojassueltas.es\\\/?p=19835#primaryimage\"},\"thumbnailUrl\":\"https:\\\/\\\/hojassueltas.es\\\/wp-content\\\/uploads\\\/2025\\\/04\\\/Actualidad-Cultural-_H.S.png\",\"datePublished\":\"2025-04-28T23:00:35+00:00\",\"dateModified\":\"2025-07-21T08:59:59+00:00\",\"description\":\"ACTUALIDAD; En respuesta a la creciente presi\u00f3n, el comit\u00e9 organizador de Cannes anunci\u00f3 el 26 de abril que organizar\u00e1 una mesa redonda durante el festival, titulada \u201cDiversidad y Futuro del Cine Mundial\u201d\",\"breadcrumb\":{\"@id\":\"https:\\\/\\\/hojassueltas.es\\\/?p=19835#breadcrumb\"},\"inLanguage\":\"es\",\"potentialAction\":[{\"@type\":\"ReadAction\",\"target\":[\"https:\\\/\\\/hojassueltas.es\\\/?p=19835\"]}]},{\"@type\":\"ImageObject\",\"inLanguage\":\"es\",\"@id\":\"https:\\\/\\\/hojassueltas.es\\\/?p=19835#primaryimage\",\"url\":\"https:\\\/\\\/hojassueltas.es\\\/wp-content\\\/uploads\\\/2025\\\/04\\\/Actualidad-Cultural-_H.S.png\",\"contentUrl\":\"https:\\\/\\\/hojassueltas.es\\\/wp-content\\\/uploads\\\/2025\\\/04\\\/Actualidad-Cultural-_H.S.png\",\"width\":1050,\"height\":610},{\"@type\":\"BreadcrumbList\",\"@id\":\"https:\\\/\\\/hojassueltas.es\\\/?p=19835#breadcrumb\",\"itemListElement\":[{\"@type\":\"ListItem\",\"position\":1,\"name\":\"Portada\",\"item\":\"https:\\\/\\\/hojassueltas.es\\\/\"},{\"@type\":\"ListItem\",\"position\":2,\"name\":\"El festival de Cannes afronta cr\u00edticas por su falta de diversidad\"}]},{\"@type\":\"WebSite\",\"@id\":\"https:\\\/\\\/hojassueltas.es\\\/#website\",\"url\":\"https:\\\/\\\/hojassueltas.es\\\/\",\"name\":\"HojasSueltas.es\",\"description\":\"GRANADA - Peri\u00f3dico Cultural\",\"publisher\":{\"@id\":\"https:\\\/\\\/hojassueltas.es\\\/#organization\"},\"alternateName\":\"H.S. Periodico Cultural\",\"potentialAction\":[{\"@type\":\"SearchAction\",\"target\":{\"@type\":\"EntryPoint\",\"urlTemplate\":\"https:\\\/\\\/hojassueltas.es\\\/?s={search_term_string}\"},\"query-input\":{\"@type\":\"PropertyValueSpecification\",\"valueRequired\":true,\"valueName\":\"search_term_string\"}}],\"inLanguage\":\"es\"},{\"@type\":\"Organization\",\"@id\":\"https:\\\/\\\/hojassueltas.es\\\/#organization\",\"name\":\"HOJAS SUELTAS - Peri\u00f3dico Cultural\",\"alternateName\":\"HS - HOJAS SUELTAS Peri\u00f3dico Cultural\",\"url\":\"https:\\\/\\\/hojassueltas.es\\\/\",\"logo\":{\"@type\":\"ImageObject\",\"inLanguage\":\"es\",\"@id\":\"https:\\\/\\\/hojassueltas.es\\\/#\\\/schema\\\/logo\\\/image\\\/\",\"url\":\"https:\\\/\\\/hojassueltas.es\\\/wp-content\\\/uploads\\\/2025\\\/08\\\/Icono-HS_2.png\",\"contentUrl\":\"https:\\\/\\\/hojassueltas.es\\\/wp-content\\\/uploads\\\/2025\\\/08\\\/Icono-HS_2.png\",\"width\":500,\"height\":500,\"caption\":\"HOJAS SUELTAS - Peri\u00f3dico Cultural\"},\"image\":{\"@id\":\"https:\\\/\\\/hojassueltas.es\\\/#\\\/schema\\\/logo\\\/image\\\/\"},\"sameAs\":[\"https:\\\/\\\/x.com\\\/HOJASSUELTAS22\"]},{\"@type\":\"Person\",\"@id\":\"https:\\\/\\\/hojassueltas.es\\\/#\\\/schema\\\/person\\\/f232bbdb834c61c90aff2245daa401c0\",\"name\":\"Redacci\u00f3n\",\"image\":{\"@type\":\"ImageObject\",\"inLanguage\":\"es\",\"@id\":\"https:\\\/\\\/hojassueltas.es\\\/wp-content\\\/uploads\\\/2026\\\/02\\\/Redaccion-2-96x96.png\",\"url\":\"https:\\\/\\\/hojassueltas.es\\\/wp-content\\\/uploads\\\/2026\\\/02\\\/Redaccion-2-96x96.png\",\"contentUrl\":\"https:\\\/\\\/hojassueltas.es\\\/wp-content\\\/uploads\\\/2026\\\/02\\\/Redaccion-2-96x96.png\",\"caption\":\"Redacci\u00f3n\"},\"description\":\"Redacci\u00f3n de HOJAS SUELTAS\",\"url\":\"https:\\\/\\\/hojassueltas.es\\\/?author=1\"}]}<\/script>\n<!-- \/ Yoast SEO plugin. -->","yoast_head_json":{"title":"El festival de Cannes afronta cr\u00edticas por su falta de diversidad | HOJAS SUELTAS Peri\u00f3dico Cultural","description":"ACTUALIDAD; En respuesta a la creciente presi\u00f3n, el comit\u00e9 organizador de Cannes anunci\u00f3 el 26 de abril que organizar\u00e1 una mesa redonda durante el festival, titulada \u201cDiversidad y Futuro del Cine Mundial\u201d","robots":{"index":"index","follow":"follow","max-snippet":"max-snippet:-1","max-image-preview":"max-image-preview:large","max-video-preview":"max-video-preview:-1"},"canonical":"https:\/\/hojassueltas.es\/?p=19835","og_locale":"es_ES","og_type":"article","og_title":"El festival de Cannes afronta cr\u00edticas por su falta de diversidad | HOJAS SUELTAS Peri\u00f3dico Cultural","og_description":"ACTUALIDAD; En respuesta a la creciente presi\u00f3n, el comit\u00e9 organizador de Cannes anunci\u00f3 el 26 de abril que organizar\u00e1 una mesa redonda durante el festival, titulada \u201cDiversidad y Futuro del Cine Mundial\u201d","og_url":"https:\/\/hojassueltas.es\/?p=19835","og_site_name":"HOJAS SUELTAS Peri\u00f3dico Cultural","article_published_time":"2025-04-28T23:00:35+00:00","article_modified_time":"2025-07-21T08:59:59+00:00","og_image":[{"width":1050,"height":610,"url":"https:\/\/hojassueltas.es\/wp-content\/uploads\/2025\/04\/Actualidad-Cultural-_H.S.png","type":"image\/png"}],"author":"Redacci\u00f3n","twitter_card":"summary_large_image","twitter_creator":"@HOJASSUELTAS22","twitter_site":"@HOJASSUELTAS22","twitter_misc":{"Escrito por":"Redacci\u00f3n","Tiempo de lectura":"4 minutos"},"schema":{"@context":"https:\/\/schema.org","@graph":[{"@type":["Article","BlogPosting"],"@id":"https:\/\/hojassueltas.es\/?p=19835#article","isPartOf":{"@id":"https:\/\/hojassueltas.es\/?p=19835"},"author":{"name":"Redacci\u00f3n","@id":"https:\/\/hojassueltas.es\/#\/schema\/person\/f232bbdb834c61c90aff2245daa401c0"},"headline":"El festival de Cannes afronta cr\u00edticas por su falta de diversidad","datePublished":"2025-04-28T23:00:35+00:00","dateModified":"2025-07-21T08:59:59+00:00","mainEntityOfPage":{"@id":"https:\/\/hojassueltas.es\/?p=19835"},"wordCount":816,"commentCount":0,"publisher":{"@id":"https:\/\/hojassueltas.es\/#organization"},"image":{"@id":"https:\/\/hojassueltas.es\/?p=19835#primaryimage"},"thumbnailUrl":"https:\/\/hojassueltas.es\/wp-content\/uploads\/2025\/04\/Actualidad-Cultural-_H.S.png","articleSection":["PANORAMA CULTURAL"],"inLanguage":"es","potentialAction":[{"@type":"CommentAction","name":"Comment","target":["https:\/\/hojassueltas.es\/?p=19835#respond"]}]},{"@type":"WebPage","@id":"https:\/\/hojassueltas.es\/?p=19835","url":"https:\/\/hojassueltas.es\/?p=19835","name":"El festival de Cannes afronta cr\u00edticas por su falta de diversidad | HOJAS SUELTAS Peri\u00f3dico Cultural","isPartOf":{"@id":"https:\/\/hojassueltas.es\/#website"},"primaryImageOfPage":{"@id":"https:\/\/hojassueltas.es\/?p=19835#primaryimage"},"image":{"@id":"https:\/\/hojassueltas.es\/?p=19835#primaryimage"},"thumbnailUrl":"https:\/\/hojassueltas.es\/wp-content\/uploads\/2025\/04\/Actualidad-Cultural-_H.S.png","datePublished":"2025-04-28T23:00:35+00:00","dateModified":"2025-07-21T08:59:59+00:00","description":"ACTUALIDAD; En respuesta a la creciente presi\u00f3n, el comit\u00e9 organizador de Cannes anunci\u00f3 el 26 de abril que organizar\u00e1 una mesa redonda durante el festival, titulada \u201cDiversidad y Futuro del Cine Mundial\u201d","breadcrumb":{"@id":"https:\/\/hojassueltas.es\/?p=19835#breadcrumb"},"inLanguage":"es","potentialAction":[{"@type":"ReadAction","target":["https:\/\/hojassueltas.es\/?p=19835"]}]},{"@type":"ImageObject","inLanguage":"es","@id":"https:\/\/hojassueltas.es\/?p=19835#primaryimage","url":"https:\/\/hojassueltas.es\/wp-content\/uploads\/2025\/04\/Actualidad-Cultural-_H.S.png","contentUrl":"https:\/\/hojassueltas.es\/wp-content\/uploads\/2025\/04\/Actualidad-Cultural-_H.S.png","width":1050,"height":610},{"@type":"BreadcrumbList","@id":"https:\/\/hojassueltas.es\/?p=19835#breadcrumb","itemListElement":[{"@type":"ListItem","position":1,"name":"Portada","item":"https:\/\/hojassueltas.es\/"},{"@type":"ListItem","position":2,"name":"El festival de Cannes afronta cr\u00edticas por su falta de diversidad"}]},{"@type":"WebSite","@id":"https:\/\/hojassueltas.es\/#website","url":"https:\/\/hojassueltas.es\/","name":"HojasSueltas.es","description":"GRANADA - Peri\u00f3dico Cultural","publisher":{"@id":"https:\/\/hojassueltas.es\/#organization"},"alternateName":"H.S. Periodico Cultural","potentialAction":[{"@type":"SearchAction","target":{"@type":"EntryPoint","urlTemplate":"https:\/\/hojassueltas.es\/?s={search_term_string}"},"query-input":{"@type":"PropertyValueSpecification","valueRequired":true,"valueName":"search_term_string"}}],"inLanguage":"es"},{"@type":"Organization","@id":"https:\/\/hojassueltas.es\/#organization","name":"HOJAS SUELTAS - Peri\u00f3dico Cultural","alternateName":"HS - HOJAS SUELTAS Peri\u00f3dico Cultural","url":"https:\/\/hojassueltas.es\/","logo":{"@type":"ImageObject","inLanguage":"es","@id":"https:\/\/hojassueltas.es\/#\/schema\/logo\/image\/","url":"https:\/\/hojassueltas.es\/wp-content\/uploads\/2025\/08\/Icono-HS_2.png","contentUrl":"https:\/\/hojassueltas.es\/wp-content\/uploads\/2025\/08\/Icono-HS_2.png","width":500,"height":500,"caption":"HOJAS SUELTAS - Peri\u00f3dico Cultural"},"image":{"@id":"https:\/\/hojassueltas.es\/#\/schema\/logo\/image\/"},"sameAs":["https:\/\/x.com\/HOJASSUELTAS22"]},{"@type":"Person","@id":"https:\/\/hojassueltas.es\/#\/schema\/person\/f232bbdb834c61c90aff2245daa401c0","name":"Redacci\u00f3n","image":{"@type":"ImageObject","inLanguage":"es","@id":"https:\/\/hojassueltas.es\/wp-content\/uploads\/2026\/02\/Redaccion-2-96x96.png","url":"https:\/\/hojassueltas.es\/wp-content\/uploads\/2026\/02\/Redaccion-2-96x96.png","contentUrl":"https:\/\/hojassueltas.es\/wp-content\/uploads\/2026\/02\/Redaccion-2-96x96.png","caption":"Redacci\u00f3n"},"description":"Redacci\u00f3n de HOJAS SUELTAS","url":"https:\/\/hojassueltas.es\/?author=1"}]}},"_links":{"self":[{"href":"https:\/\/hojassueltas.es\/index.php?rest_route=\/wp\/v2\/posts\/19835","targetHints":{"allow":["GET"]}}],"collection":[{"href":"https:\/\/hojassueltas.es\/index.php?rest_route=\/wp\/v2\/posts"}],"about":[{"href":"https:\/\/hojassueltas.es\/index.php?rest_route=\/wp\/v2\/types\/post"}],"author":[{"embeddable":true,"href":"https:\/\/hojassueltas.es\/index.php?rest_route=\/wp\/v2\/users\/1"}],"replies":[{"embeddable":true,"href":"https:\/\/hojassueltas.es\/index.php?rest_route=%2Fwp%2Fv2%2Fcomments&post=19835"}],"version-history":[{"count":1,"href":"https:\/\/hojassueltas.es\/index.php?rest_route=\/wp\/v2\/posts\/19835\/revisions"}],"predecessor-version":[{"id":19836,"href":"https:\/\/hojassueltas.es\/index.php?rest_route=\/wp\/v2\/posts\/19835\/revisions\/19836"}],"wp:featuredmedia":[{"embeddable":true,"href":"https:\/\/hojassueltas.es\/index.php?rest_route=\/wp\/v2\/media\/19318"}],"wp:attachment":[{"href":"https:\/\/hojassueltas.es\/index.php?rest_route=%2Fwp%2Fv2%2Fmedia&parent=19835"}],"wp:term":[{"taxonomy":"category","embeddable":true,"href":"https:\/\/hojassueltas.es\/index.php?rest_route=%2Fwp%2Fv2%2Fcategories&post=19835"},{"taxonomy":"post_tag","embeddable":true,"href":"https:\/\/hojassueltas.es\/index.php?rest_route=%2Fwp%2Fv2%2Ftags&post=19835"}],"curies":[{"name":"wp","href":"https:\/\/api.w.org\/{rel}","templated":true}]}}