{"id":19081,"date":"2025-04-05T00:00:02","date_gmt":"2025-04-04T23:00:02","guid":{"rendered":"https:\/\/hojassueltas.es\/?p=19081"},"modified":"2025-10-18T11:00:56","modified_gmt":"2025-10-18T09:00:56","slug":"primavera-cruel-luis-roso","status":"publish","type":"post","link":"https:\/\/hojassueltas.es\/?p=19081","title":{"rendered":"Primavera cruel &#8211; Luis Roso"},"content":{"rendered":"<div data-sticky-container=\"\">\n<div class=\"max-w-2xl xl:mx-auto\">\n<div class=\"mt-12 mb-24 md:mt-16 md:mb-32 sm:text-lg md:text-xl leading-relaxed wysiwyg\">\n<div style=\"text-align: justify;\">Un caso del inspector Ernesto Trevejo<\/div>\n<div style=\"text-align: justify;\"><\/div>\n<div style=\"text-align: justify;\">\n<p>En la primavera de 1956, el inspector Trevejo recibe el encargo de enfrentarse a un caso muy delicado: un hombre armado aparece muerto de un disparo en las inmediaciones del palacio de El Pardo, donde reside Francisco Franco, y el inspector debe esclarecer cuanto antes si tras el suceso hay alg\u00fan tipo de trama terrorista para atentar contra el dictador.<\/p>\n<\/div>\n<div style=\"text-align: justify;\">Tras esa muerte vendr\u00e1n otras, y todo parece apuntar a las redes y c\u00e9lulas secretas de opositores al gobierno. El inspector Trevejo deber\u00e1 afrontar una compleja investigaci\u00f3n en los aparatos internos del Estado y los bajos fondos de Madrid y Barcelona, en la que quedar\u00e1 retratado el funcionamiento policial de la Dictadura, y en la que se pondr\u00e1 a prueba no solo su olfato de detective, sino tambi\u00e9n su valor al enfrentarse a un enemigo temible, astuto y sin piedad.<\/div>\n<div><\/div>\n<div>Sobre el Autor:<\/div>\n<div style=\"text-align: justify;\"><strong>Luis Roso<\/strong> (Moraleja, C\u00e1ceres, 1988) es licenciado en Filolog\u00eda Hisp\u00e1nica por la Universidad de Salamanca y en Filolog\u00eda Inglesa por la Universidad Aut\u00f3noma de Barcelona, as\u00ed como comisario del festival de novela Gata Negra, que se celebra cada verano en la Sierra de Gata (Extremadura). En su palmar\u00e9s se cuentan el Premio de Narrativa Ciutat de Vila-real por <em>Durante la nevada<\/em> (Alrev\u00e9s, 2020), y el Premio Tuber Melanosporum a la mejor novela negra novel de 2016, otorgado por el festival Morella Negra, que gan\u00f3 justamente con su primera novela, <em>Aguacero<\/em>, tambi\u00e9n publicada en la editorial Alrev\u00e9s (2023). Sus otros libros son <em>Todos los demonios <\/em>(Alrev\u00e9s, 2021) y <em>El crimen de Malladas: Por vuestra boca muerta<\/em> (Alrev\u00e9s, 2022), nominado al Premio Rodolfo Walsh a la mejor obra de no ficci\u00f3n de g\u00e9nero negro por la Semana Negra de Gij\u00f3n, y seleccionado entre las mejores novelas negras de 2022 para <em>El Pa\u00eds<\/em>. <em>Primavera cruel<\/em> se public\u00f3 por primera vez en 2018.<\/div>\n<div><\/div>\n<div>\u00a9 ALREV\u00c9S EDITORIAL<\/div>\n<\/div>\n<\/div>\n<\/div>\n<div><\/div>\n","protected":false},"excerpt":{"rendered":"<p>Un caso del inspector Ernesto Trevejo En la primavera de 1956, el inspector Trevejo recibe el encargo de enfrentarse a un caso muy delicado: un hombre armado aparece muerto de un disparo en las inmediaciones del palacio de El Pardo, donde reside Francisco Franco, y el inspector debe esclarecer cuanto antes si tras el suceso [&hellip;]<\/p>\n","protected":false},"author":1,"featured_media":19084,"comment_status":"open","ping_status":"closed","sticky":false,"template":"","format":"standard","meta":{"footnotes":""},"categories":[1124],"tags":[249,577],"class_list":{"0":"post-19081","1":"post","2":"type-post","3":"status-publish","4":"format-standard","5":"has-post-thumbnail","7":"category-por-que-leer","8":"tag-alreves-editorial","9":"tag-luis-roso"},"yoast_head":"<!-- This site is optimized with the Yoast SEO plugin v27.5 - https:\/\/yoast.com\/product\/yoast-seo-wordpress\/ -->\n<title>Primavera cruel - Luis Roso | HOJAS SUELTAS Peri\u00f3dico Cultural<\/title>\n<meta name=\"description\" content=\"INTRIGA POLIC\u00cdACA En la primavera de 1956, el inspector Trevejo recibe el encargo de enfrentarse a un caso muy delicado: un hombre armado aparece muerto de un disparo en las inmediaciones del palacio de El Pardo\" \/>\n<meta name=\"robots\" content=\"index, follow, max-snippet:-1, max-image-preview:large, max-video-preview:-1\" \/>\n<link rel=\"canonical\" href=\"https:\/\/hojassueltas.es\/?p=19081\" \/>\n<meta property=\"og:locale\" content=\"es_ES\" \/>\n<meta property=\"og:type\" content=\"article\" \/>\n<meta property=\"og:title\" content=\"Primavera cruel - Luis Roso | HOJAS SUELTAS Peri\u00f3dico Cultural\" \/>\n<meta property=\"og:description\" content=\"INTRIGA POLIC\u00cdACA En la primavera de 1956, el inspector Trevejo recibe el encargo de enfrentarse a un caso muy delicado: un hombre armado aparece muerto de un disparo en las inmediaciones del palacio de El Pardo\" \/>\n<meta property=\"og:url\" content=\"https:\/\/hojassueltas.es\/?p=19081\" \/>\n<meta property=\"og:site_name\" content=\"HOJAS SUELTAS Peri\u00f3dico Cultural\" \/>\n<meta property=\"article:published_time\" content=\"2025-04-04T23:00:02+00:00\" \/>\n<meta property=\"article:modified_time\" content=\"2025-10-18T09:00:56+00:00\" \/>\n<meta property=\"og:image\" content=\"https:\/\/hojassueltas.es\/wp-content\/uploads\/2025\/04\/PRIMAVERA-CRUEL-2-_H.S.png\" \/>\n\t<meta property=\"og:image:width\" content=\"1050\" \/>\n\t<meta property=\"og:image:height\" content=\"610\" \/>\n\t<meta property=\"og:image:type\" content=\"image\/png\" \/>\n<meta name=\"author\" content=\"Redacci\u00f3n\" \/>\n<meta name=\"twitter:card\" content=\"summary_large_image\" \/>\n<meta name=\"twitter:creator\" content=\"@HOJASSUELTAS22\" \/>\n<meta name=\"twitter:site\" content=\"@HOJASSUELTAS22\" \/>\n<meta name=\"twitter:label1\" content=\"Escrito por\" \/>\n\t<meta name=\"twitter:data1\" content=\"Redacci\u00f3n\" \/>\n\t<meta name=\"twitter:label2\" content=\"Tiempo de lectura\" \/>\n\t<meta name=\"twitter:data2\" content=\"2 minutos\" \/>\n<script type=\"application\/ld+json\" class=\"yoast-schema-graph\">{\"@context\":\"https:\\\/\\\/schema.org\",\"@graph\":[{\"@type\":[\"Article\",\"BlogPosting\"],\"@id\":\"https:\\\/\\\/hojassueltas.es\\\/?p=19081#article\",\"isPartOf\":{\"@id\":\"https:\\\/\\\/hojassueltas.es\\\/?p=19081\"},\"author\":{\"name\":\"Redacci\u00f3n\",\"@id\":\"https:\\\/\\\/hojassueltas.es\\\/#\\\/schema\\\/person\\\/f232bbdb834c61c90aff2245daa401c0\"},\"headline\":\"Primavera cruel &#8211; Luis Roso\",\"datePublished\":\"2025-04-04T23:00:02+00:00\",\"dateModified\":\"2025-10-18T09:00:56+00:00\",\"mainEntityOfPage\":{\"@id\":\"https:\\\/\\\/hojassueltas.es\\\/?p=19081\"},\"wordCount\":327,\"commentCount\":0,\"publisher\":{\"@id\":\"https:\\\/\\\/hojassueltas.es\\\/#organization\"},\"image\":{\"@id\":\"https:\\\/\\\/hojassueltas.es\\\/?p=19081#primaryimage\"},\"thumbnailUrl\":\"https:\\\/\\\/hojassueltas.es\\\/wp-content\\\/uploads\\\/2025\\\/04\\\/PRIMAVERA-CRUEL-2-_H.S.png\",\"keywords\":[\"Alrev\u00e9s Editorial\",\"Luis Roso\"],\"articleSection\":[\"POR QU\u00c9 LEER...\"],\"inLanguage\":\"es\",\"potentialAction\":[{\"@type\":\"CommentAction\",\"name\":\"Comment\",\"target\":[\"https:\\\/\\\/hojassueltas.es\\\/?p=19081#respond\"]}]},{\"@type\":\"WebPage\",\"@id\":\"https:\\\/\\\/hojassueltas.es\\\/?p=19081\",\"url\":\"https:\\\/\\\/hojassueltas.es\\\/?p=19081\",\"name\":\"Primavera cruel - Luis Roso | HOJAS SUELTAS Peri\u00f3dico Cultural\",\"isPartOf\":{\"@id\":\"https:\\\/\\\/hojassueltas.es\\\/#website\"},\"primaryImageOfPage\":{\"@id\":\"https:\\\/\\\/hojassueltas.es\\\/?p=19081#primaryimage\"},\"image\":{\"@id\":\"https:\\\/\\\/hojassueltas.es\\\/?p=19081#primaryimage\"},\"thumbnailUrl\":\"https:\\\/\\\/hojassueltas.es\\\/wp-content\\\/uploads\\\/2025\\\/04\\\/PRIMAVERA-CRUEL-2-_H.S.png\",\"datePublished\":\"2025-04-04T23:00:02+00:00\",\"dateModified\":\"2025-10-18T09:00:56+00:00\",\"description\":\"INTRIGA POLIC\u00cdACA En la primavera de 1956, el inspector Trevejo recibe el encargo de enfrentarse a un caso muy delicado: un hombre armado aparece muerto de un disparo en las inmediaciones del palacio de El Pardo\",\"breadcrumb\":{\"@id\":\"https:\\\/\\\/hojassueltas.es\\\/?p=19081#breadcrumb\"},\"inLanguage\":\"es\",\"potentialAction\":[{\"@type\":\"ReadAction\",\"target\":[\"https:\\\/\\\/hojassueltas.es\\\/?p=19081\"]}]},{\"@type\":\"ImageObject\",\"inLanguage\":\"es\",\"@id\":\"https:\\\/\\\/hojassueltas.es\\\/?p=19081#primaryimage\",\"url\":\"https:\\\/\\\/hojassueltas.es\\\/wp-content\\\/uploads\\\/2025\\\/04\\\/PRIMAVERA-CRUEL-2-_H.S.png\",\"contentUrl\":\"https:\\\/\\\/hojassueltas.es\\\/wp-content\\\/uploads\\\/2025\\\/04\\\/PRIMAVERA-CRUEL-2-_H.S.png\",\"width\":1050,\"height\":610},{\"@type\":\"BreadcrumbList\",\"@id\":\"https:\\\/\\\/hojassueltas.es\\\/?p=19081#breadcrumb\",\"itemListElement\":[{\"@type\":\"ListItem\",\"position\":1,\"name\":\"Portada\",\"item\":\"https:\\\/\\\/hojassueltas.es\\\/\"},{\"@type\":\"ListItem\",\"position\":2,\"name\":\"Primavera cruel &#8211; Luis Roso\"}]},{\"@type\":\"WebSite\",\"@id\":\"https:\\\/\\\/hojassueltas.es\\\/#website\",\"url\":\"https:\\\/\\\/hojassueltas.es\\\/\",\"name\":\"HojasSueltas.es\",\"description\":\"GRANADA - Peri\u00f3dico Cultural\",\"publisher\":{\"@id\":\"https:\\\/\\\/hojassueltas.es\\\/#organization\"},\"alternateName\":\"H.S. Periodico Cultural\",\"potentialAction\":[{\"@type\":\"SearchAction\",\"target\":{\"@type\":\"EntryPoint\",\"urlTemplate\":\"https:\\\/\\\/hojassueltas.es\\\/?s={search_term_string}\"},\"query-input\":{\"@type\":\"PropertyValueSpecification\",\"valueRequired\":true,\"valueName\":\"search_term_string\"}}],\"inLanguage\":\"es\"},{\"@type\":\"Organization\",\"@id\":\"https:\\\/\\\/hojassueltas.es\\\/#organization\",\"name\":\"HOJAS SUELTAS - Peri\u00f3dico Cultural\",\"alternateName\":\"HS - HOJAS SUELTAS Peri\u00f3dico Cultural\",\"url\":\"https:\\\/\\\/hojassueltas.es\\\/\",\"logo\":{\"@type\":\"ImageObject\",\"inLanguage\":\"es\",\"@id\":\"https:\\\/\\\/hojassueltas.es\\\/#\\\/schema\\\/logo\\\/image\\\/\",\"url\":\"https:\\\/\\\/hojassueltas.es\\\/wp-content\\\/uploads\\\/2025\\\/08\\\/Icono-HS_2.png\",\"contentUrl\":\"https:\\\/\\\/hojassueltas.es\\\/wp-content\\\/uploads\\\/2025\\\/08\\\/Icono-HS_2.png\",\"width\":500,\"height\":500,\"caption\":\"HOJAS SUELTAS - Peri\u00f3dico Cultural\"},\"image\":{\"@id\":\"https:\\\/\\\/hojassueltas.es\\\/#\\\/schema\\\/logo\\\/image\\\/\"},\"sameAs\":[\"https:\\\/\\\/x.com\\\/HOJASSUELTAS22\"]},{\"@type\":\"Person\",\"@id\":\"https:\\\/\\\/hojassueltas.es\\\/#\\\/schema\\\/person\\\/f232bbdb834c61c90aff2245daa401c0\",\"name\":\"Redacci\u00f3n\",\"image\":{\"@type\":\"ImageObject\",\"inLanguage\":\"es\",\"@id\":\"https:\\\/\\\/hojassueltas.es\\\/wp-content\\\/uploads\\\/2026\\\/02\\\/Redaccion-2-96x96.png\",\"url\":\"https:\\\/\\\/hojassueltas.es\\\/wp-content\\\/uploads\\\/2026\\\/02\\\/Redaccion-2-96x96.png\",\"contentUrl\":\"https:\\\/\\\/hojassueltas.es\\\/wp-content\\\/uploads\\\/2026\\\/02\\\/Redaccion-2-96x96.png\",\"caption\":\"Redacci\u00f3n\"},\"description\":\"Redacci\u00f3n de HOJAS SUELTAS\",\"url\":\"https:\\\/\\\/hojassueltas.es\\\/?author=1\"}]}<\/script>\n<!-- \/ Yoast SEO plugin. -->","yoast_head_json":{"title":"Primavera cruel - Luis Roso | HOJAS SUELTAS Peri\u00f3dico Cultural","description":"INTRIGA POLIC\u00cdACA En la primavera de 1956, el inspector Trevejo recibe el encargo de enfrentarse a un caso muy delicado: un hombre armado aparece muerto de un disparo en las inmediaciones del palacio de El Pardo","robots":{"index":"index","follow":"follow","max-snippet":"max-snippet:-1","max-image-preview":"max-image-preview:large","max-video-preview":"max-video-preview:-1"},"canonical":"https:\/\/hojassueltas.es\/?p=19081","og_locale":"es_ES","og_type":"article","og_title":"Primavera cruel - Luis Roso | HOJAS SUELTAS Peri\u00f3dico Cultural","og_description":"INTRIGA POLIC\u00cdACA En la primavera de 1956, el inspector Trevejo recibe el encargo de enfrentarse a un caso muy delicado: un hombre armado aparece muerto de un disparo en las inmediaciones del palacio de El Pardo","og_url":"https:\/\/hojassueltas.es\/?p=19081","og_site_name":"HOJAS SUELTAS Peri\u00f3dico Cultural","article_published_time":"2025-04-04T23:00:02+00:00","article_modified_time":"2025-10-18T09:00:56+00:00","og_image":[{"width":1050,"height":610,"url":"https:\/\/hojassueltas.es\/wp-content\/uploads\/2025\/04\/PRIMAVERA-CRUEL-2-_H.S.png","type":"image\/png"}],"author":"Redacci\u00f3n","twitter_card":"summary_large_image","twitter_creator":"@HOJASSUELTAS22","twitter_site":"@HOJASSUELTAS22","twitter_misc":{"Escrito por":"Redacci\u00f3n","Tiempo de lectura":"2 minutos"},"schema":{"@context":"https:\/\/schema.org","@graph":[{"@type":["Article","BlogPosting"],"@id":"https:\/\/hojassueltas.es\/?p=19081#article","isPartOf":{"@id":"https:\/\/hojassueltas.es\/?p=19081"},"author":{"name":"Redacci\u00f3n","@id":"https:\/\/hojassueltas.es\/#\/schema\/person\/f232bbdb834c61c90aff2245daa401c0"},"headline":"Primavera cruel &#8211; Luis Roso","datePublished":"2025-04-04T23:00:02+00:00","dateModified":"2025-10-18T09:00:56+00:00","mainEntityOfPage":{"@id":"https:\/\/hojassueltas.es\/?p=19081"},"wordCount":327,"commentCount":0,"publisher":{"@id":"https:\/\/hojassueltas.es\/#organization"},"image":{"@id":"https:\/\/hojassueltas.es\/?p=19081#primaryimage"},"thumbnailUrl":"https:\/\/hojassueltas.es\/wp-content\/uploads\/2025\/04\/PRIMAVERA-CRUEL-2-_H.S.png","keywords":["Alrev\u00e9s Editorial","Luis Roso"],"articleSection":["POR QU\u00c9 LEER..."],"inLanguage":"es","potentialAction":[{"@type":"CommentAction","name":"Comment","target":["https:\/\/hojassueltas.es\/?p=19081#respond"]}]},{"@type":"WebPage","@id":"https:\/\/hojassueltas.es\/?p=19081","url":"https:\/\/hojassueltas.es\/?p=19081","name":"Primavera cruel - Luis Roso | HOJAS SUELTAS Peri\u00f3dico Cultural","isPartOf":{"@id":"https:\/\/hojassueltas.es\/#website"},"primaryImageOfPage":{"@id":"https:\/\/hojassueltas.es\/?p=19081#primaryimage"},"image":{"@id":"https:\/\/hojassueltas.es\/?p=19081#primaryimage"},"thumbnailUrl":"https:\/\/hojassueltas.es\/wp-content\/uploads\/2025\/04\/PRIMAVERA-CRUEL-2-_H.S.png","datePublished":"2025-04-04T23:00:02+00:00","dateModified":"2025-10-18T09:00:56+00:00","description":"INTRIGA POLIC\u00cdACA En la primavera de 1956, el inspector Trevejo recibe el encargo de enfrentarse a un caso muy delicado: un hombre armado aparece muerto de un disparo en las inmediaciones del palacio de El Pardo","breadcrumb":{"@id":"https:\/\/hojassueltas.es\/?p=19081#breadcrumb"},"inLanguage":"es","potentialAction":[{"@type":"ReadAction","target":["https:\/\/hojassueltas.es\/?p=19081"]}]},{"@type":"ImageObject","inLanguage":"es","@id":"https:\/\/hojassueltas.es\/?p=19081#primaryimage","url":"https:\/\/hojassueltas.es\/wp-content\/uploads\/2025\/04\/PRIMAVERA-CRUEL-2-_H.S.png","contentUrl":"https:\/\/hojassueltas.es\/wp-content\/uploads\/2025\/04\/PRIMAVERA-CRUEL-2-_H.S.png","width":1050,"height":610},{"@type":"BreadcrumbList","@id":"https:\/\/hojassueltas.es\/?p=19081#breadcrumb","itemListElement":[{"@type":"ListItem","position":1,"name":"Portada","item":"https:\/\/hojassueltas.es\/"},{"@type":"ListItem","position":2,"name":"Primavera cruel &#8211; Luis Roso"}]},{"@type":"WebSite","@id":"https:\/\/hojassueltas.es\/#website","url":"https:\/\/hojassueltas.es\/","name":"HojasSueltas.es","description":"GRANADA - Peri\u00f3dico Cultural","publisher":{"@id":"https:\/\/hojassueltas.es\/#organization"},"alternateName":"H.S. Periodico Cultural","potentialAction":[{"@type":"SearchAction","target":{"@type":"EntryPoint","urlTemplate":"https:\/\/hojassueltas.es\/?s={search_term_string}"},"query-input":{"@type":"PropertyValueSpecification","valueRequired":true,"valueName":"search_term_string"}}],"inLanguage":"es"},{"@type":"Organization","@id":"https:\/\/hojassueltas.es\/#organization","name":"HOJAS SUELTAS - Peri\u00f3dico Cultural","alternateName":"HS - HOJAS SUELTAS Peri\u00f3dico Cultural","url":"https:\/\/hojassueltas.es\/","logo":{"@type":"ImageObject","inLanguage":"es","@id":"https:\/\/hojassueltas.es\/#\/schema\/logo\/image\/","url":"https:\/\/hojassueltas.es\/wp-content\/uploads\/2025\/08\/Icono-HS_2.png","contentUrl":"https:\/\/hojassueltas.es\/wp-content\/uploads\/2025\/08\/Icono-HS_2.png","width":500,"height":500,"caption":"HOJAS SUELTAS - Peri\u00f3dico Cultural"},"image":{"@id":"https:\/\/hojassueltas.es\/#\/schema\/logo\/image\/"},"sameAs":["https:\/\/x.com\/HOJASSUELTAS22"]},{"@type":"Person","@id":"https:\/\/hojassueltas.es\/#\/schema\/person\/f232bbdb834c61c90aff2245daa401c0","name":"Redacci\u00f3n","image":{"@type":"ImageObject","inLanguage":"es","@id":"https:\/\/hojassueltas.es\/wp-content\/uploads\/2026\/02\/Redaccion-2-96x96.png","url":"https:\/\/hojassueltas.es\/wp-content\/uploads\/2026\/02\/Redaccion-2-96x96.png","contentUrl":"https:\/\/hojassueltas.es\/wp-content\/uploads\/2026\/02\/Redaccion-2-96x96.png","caption":"Redacci\u00f3n"},"description":"Redacci\u00f3n de HOJAS SUELTAS","url":"https:\/\/hojassueltas.es\/?author=1"}]}},"_links":{"self":[{"href":"https:\/\/hojassueltas.es\/index.php?rest_route=\/wp\/v2\/posts\/19081","targetHints":{"allow":["GET"]}}],"collection":[{"href":"https:\/\/hojassueltas.es\/index.php?rest_route=\/wp\/v2\/posts"}],"about":[{"href":"https:\/\/hojassueltas.es\/index.php?rest_route=\/wp\/v2\/types\/post"}],"author":[{"embeddable":true,"href":"https:\/\/hojassueltas.es\/index.php?rest_route=\/wp\/v2\/users\/1"}],"replies":[{"embeddable":true,"href":"https:\/\/hojassueltas.es\/index.php?rest_route=%2Fwp%2Fv2%2Fcomments&post=19081"}],"version-history":[{"count":2,"href":"https:\/\/hojassueltas.es\/index.php?rest_route=\/wp\/v2\/posts\/19081\/revisions"}],"predecessor-version":[{"id":19106,"href":"https:\/\/hojassueltas.es\/index.php?rest_route=\/wp\/v2\/posts\/19081\/revisions\/19106"}],"wp:featuredmedia":[{"embeddable":true,"href":"https:\/\/hojassueltas.es\/index.php?rest_route=\/wp\/v2\/media\/19084"}],"wp:attachment":[{"href":"https:\/\/hojassueltas.es\/index.php?rest_route=%2Fwp%2Fv2%2Fmedia&parent=19081"}],"wp:term":[{"taxonomy":"category","embeddable":true,"href":"https:\/\/hojassueltas.es\/index.php?rest_route=%2Fwp%2Fv2%2Fcategories&post=19081"},{"taxonomy":"post_tag","embeddable":true,"href":"https:\/\/hojassueltas.es\/index.php?rest_route=%2Fwp%2Fv2%2Ftags&post=19081"}],"curies":[{"name":"wp","href":"https:\/\/api.w.org\/{rel}","templated":true}]}}