{"id":18996,"date":"2025-04-03T00:00:31","date_gmt":"2025-04-02T23:00:31","guid":{"rendered":"https:\/\/hojassueltas.es\/?p=18996"},"modified":"2025-12-11T17:34:15","modified_gmt":"2025-12-11T15:34:15","slug":"fotos-en-el-parque-y-una-sorpresa-capitulo-22-de-el-balon-rojo","status":"publish","type":"post","link":"https:\/\/hojassueltas.es\/?p=18996","title":{"rendered":"Fotos en el parque y una sorpresa &#8211; Cap\u00edtulo 22 de \u00abEl bal\u00f3n rojo\u00bb"},"content":{"rendered":"<p align=\"justify\"><span style=\"font-size: large;\">Ese domingo Daniel y Gala caminaban con las manos enlazadas, como llevaban haciendo todos los fines de semana en el parque de los pinares. Solo se soltaron cuando Gala quiso hacer una sesi\u00f3n de fotos reflejando su inmensa dicha. Llevaba su c\u00e1mara de fotos colgada al cuello. <\/span><\/p>\n<p align=\"justify\">\u2014<span style=\"font-size: large;\">Mira a esa chica. Ll\u00e1mala Dani. <\/span><span style=\"font-size: large;\">Preg\u00fantale<\/span><span style=\"font-size: large;\"> si puede hacernos una fotos. <\/span><\/p>\n<p align=\"justify\">\u2014<span style=\"font-size: large;\">Sabes de sobra que no quiero salir en las fotos cari\u00f1o.<\/span><\/p>\n<p align=\"justify\">\u2014<span style=\"font-size: large;\">Por favor Dani. Solo \u00e9sta vez. Me hace mucha ilusi\u00f3n salir juntos en nuestro \u201cmes aniversario\u201d y tambi\u00e9n, porque debemos celebrar algo.<\/span><\/p>\n<p align=\"justify\">\u2014<span style=\"font-size: large;\">\u00bf<\/span><span style=\"font-size: large;\">Celebrar algo?<\/span><span style=\"font-size: large;\">\u2014<\/span><span style=\"font-size: large;\">pregunt\u00f3 con inter\u00e9s<\/span><span style=\"font-size: large;\">\u2014<\/span><span style=\"font-size: large;\"> \u00bfA qu\u00e9 te refieres cari\u00f1o? <\/span><span style=\"font-size: large;\">\u2014<\/span><span style=\"font-size: large;\">dijo abraz\u00e1ndola con profundo amor.<\/span><\/p>\n<p align=\"justify\">\u2014<span style=\"font-size: large;\">Luego en casa te dir\u00e9 <\/span><span style=\"font-size: large;\">\u2014<\/span><span style=\"font-size: large;\">dijo con picard\u00eda.<\/span><\/p>\n<p align=\"justify\"><span style=\"font-size: large;\">Dani no olvidaba aquellas fotos, pero consinti\u00f3 en hacerse unas con su chica. <\/span><\/p>\n<p align=\"justify\"><span style=\"font-size: large;\">Pregunt\u00f3 a la joven que paseaba sola y se prest\u00f3 con agrado. Sac\u00f3 varias fotos a la pareja de enamorados y se despidi\u00f3 luego con una sonrisa.<\/span><\/p>\n<p align=\"justify\">\u2014<span style=\"font-size: large;\">\u00bfA ver? <\/span><span style=\"font-size: large;\">\u2014<\/span><span style=\"font-size: large;\">pregunt\u00f3 Gala.<\/span><\/p>\n<p align=\"justify\"><span style=\"font-size: large;\">Dani estaba mirando las fotos. Se le nubl\u00f3 el \u00e1nimo. En todas las fotos sal\u00eda la sombra de unas tijeras enormes abiertas hacia el cuello de su Gala. Y otra sombra con forma de chistera cubr\u00eda la tripa de su chica. Le tembl\u00f3 el pulso cuando le devolvi\u00f3 la c\u00e1mara.<\/span><\/p>\n<p align=\"justify\"><span style=\"font-size: large;\">Gala observaba con dicha las fotos junto a Daniel, que la contemplaba con preocupaci\u00f3n. <\/span><\/p>\n<p align=\"justify\">\u2014<span style=\"font-size: large;\">\u00a1<\/span><span style=\"font-size: large;\">Qu\u00e9 guapos salimos en todas las fotos! No entiendo por qu\u00e9 odias salir en ellas. <\/span><\/p>\n<p align=\"justify\"><span style=\"font-size: large;\">Se ducharon juntos. Llevaban ya unos minutos bajo el agua despu\u00e9s de aquel largo paseo en su parque favorito. El parque de los Pinares era muy suyo. Fue testigo de sus primeros paseos, de muchos besos intensos y apasionados. Muchas veces llevaban la merienda y com\u00edan all\u00ed bajo la sombra de los \u00e1rboles, abrazados. <\/span><\/p>\n<p align=\"justify\"><span style=\"font-size: large;\">Segu\u00edan bes\u00e1ndose en la ducha. Abraz\u00e1ndose. Sintiendo sus caricias. Contempl\u00e1ndose desnudos bajo el agua. Luego en la cama, dieron rienda suelta a sus pasiones. A Dani le gustaba deleitarse contemplando la belleza infinita de su amada Gala. En la noche, ya abrazados, ella anunci\u00f3 la noticia.<\/span><\/p>\n<p align=\"justify\">\u2014<span style=\"font-size: large;\">Dani. Estoy embarazada.<\/span><\/p>\n<p align=\"justify\"><span style=\"font-size: large;\">Dani dej\u00f3 de abrazarla unos segundos. El hombre de antes hubiera salido corriendo ante esa noticia. El de ahora aceptaba con alegr\u00eda e ilusi\u00f3n el hecho de ser padre. <\/span><\/p>\n<p align=\"justify\">\u2014<span style=\"font-size: large;\">Ser\u00e1s padre de un ni\u00f1o <\/span><span style=\"font-size: large;\">\u2014<\/span><span style=\"font-size: large;\">continu\u00f3 Gala mir\u00e1ndole fijamente a los ojos emocionada. Necesitaba saber la reacci\u00f3n de Daniel.<\/span><\/p>\n<p align=\"justify\"><span style=\"font-size: large;\">El<\/span><span style=\"font-size: large;\"> volvi\u00f3 a abrazarla con m\u00e1s fuerza. Se sent\u00eda muy feliz. Pero la felicidad se torn\u00f3 pronto en temor y preocupaci\u00f3n. <\/span><\/p>\n<p align=\"justify\"><span style=\"font-size: large;\">\u00ab<\/span><span style=\"font-size: large;\">Esa chistera ya lo anunciaba<\/span><span style=\"font-size: large;\">\u00bb,<\/span><span style=\"font-size: large;\"> pens\u00f3 para sus adentros con angustia. <\/span><\/p>\n<p align=\"justify\">\u2014<span style=\"font-size: large;\">\u00bfTe hace ilusi\u00f3n ser padre?<\/span><span style=\"font-size: large;\">\u2014<\/span><span style=\"font-size: large;\">pregunt\u00f3 Gala con cierta preocupaci\u00f3n. <\/span><\/p>\n<p align=\"justify\">\u2014<span style=\"font-size: large;\">Mucha, porque eres t\u00fa quien me dar\u00e1 el hijo. Nunca lo hubiera querido con otra <\/span><span style=\"font-size: large;\">\u2014<\/span><span style=\"font-size: large;\">dijo con miedo a perderla. No quer\u00eda dejar de abrazarla. Esas fotos se\u00f1alaban una amenaza y no sab\u00eda como enfrentarlo. La causa por la que no quer\u00eda enamorarse empez\u00f3 a materializarse. El puro terror que Daniel siempre tuvo a la p\u00e9rdida. Gala ahora era su mundo. Y ese ni\u00f1o que ven\u00eda completar\u00edan su dicha. <\/span><\/p>\n<p align=\"justify\"><span style=\"font-size: large;\">\u00ab<\/span><span style=\"font-size: large;\">La abrazar\u00e1n. Las tijeras la abrazar\u00e1n<\/span><span style=\"font-size: large;\">\u00bb.<\/span><\/p>\n<p align=\"justify\">\u2014<span style=\"font-size: large;\">Me alegra escucharte. Se que ser\u00e1s un gran padre <\/span><span style=\"font-size: large;\">\u2014<\/span><span style=\"font-size: large;\"> respondi\u00f3 Gala bes\u00e1ndole dulce<\/span><span style=\"font-size: large;\">mente<\/span><span style=\"font-size: large;\">. La joven pareja pas\u00f3 la noche abrazados. <\/span><\/p>\n<p align=\"justify\"><span style=\"font-size: large;\">Una semana despu\u00e9s de acudir al ginec\u00f3logo, comunicaron la noticia a los padres de Daniel acogiendo la sorpresa con gran alegr\u00eda y j\u00fabilo. No terminaban de cre\u00e9rselo. Ya daban por perdido el hecho de ser abuelos.<\/span><\/p>\n<p align=\"justify\"><span style=\"font-size: large;\">Observaban a su hijo feliz y muy cambiado con Gabriela. La felicitaron por su estado de buena esperanza, y no perdieron el tiempo, <\/span><span style=\"font-size: large;\">s<\/span><span style=\"font-size: large;\">e prestaron sol\u00edcitos en comprar el carrito y la cunita del futuro bebe. En una ma\u00f1ana hicieron toda una compra de art\u00edculos para su futuro nieto. <\/span><\/p>\n<p align=\"justify\">\u2014<span style=\"font-size: large;\">Ser\u00e1n unos excelentes abuelos, Dani <\/span><span style=\"font-size: large;\">\u2014<\/span><span style=\"font-size: large;\">dijo a su amado, agradecida y feliz. <\/span><\/p>\n<p align=\"justify\">\u2014<span style=\"font-size: large;\">Ser\u00e1 un ni\u00f1o muy querido <\/span><span style=\"font-size: large;\">\u2014r<\/span><span style=\"font-size: large;\">espondi\u00f3 Dani en su o\u00eddo con inmensa dulzura.<\/span><\/p>\n<p align=\"justify\">\u2014<span style=\"font-size: large;\">\u00bf<\/span><span style=\"font-size: large;\">Quieres que sea chico o chica? <\/span><span style=\"font-size: large;\">\u2014<\/span><span style=\"font-size: large;\">pregunt\u00f3 Gala como una ni\u00f1a peque\u00f1a.<\/span><\/p>\n<p align=\"justify\">\u2014<span style=\"font-size: large;\">Francamente me da igual, mientras venga muy sano cari\u00f1o <\/span><span style=\"font-size: large;\">\u2014<\/span><span style=\"font-size: large;\">dijo emocionado<\/span><\/p>\n<p align=\"justify\">\u2014<span style=\"font-size: large;\">Tu madre apoy\u00f3 sus manos en mi tripa y dijo muy segura, que ser\u00e1 ni\u00f1o.<\/span><\/p>\n<p align=\"justify\">\u2014<span style=\"font-size: large;\">Mi madre y sus intuiciones <\/span><span style=\"font-size: large;\">\u2014<\/span><span style=\"font-size: large;\">dijo sonriendo<\/span><span style=\"font-size: large;\">\u2014,<\/span><span style=\"font-size: large;\">pero es cierto que ha acertado el sexo de varios embarazos de su entorno.<\/span><\/p>\n<p align=\"justify\">\u2014<span style=\"font-size: large;\">Entonces tendremos un ni\u00f1o \u2014respondi\u00f3 emocionada. Deseaba que fuera la viva copia de su Dani<\/span><span style=\"font-size: large;\">\u2014.<\/span><span style=\"font-size: large;\"> Me har\u00eda ilusi\u00f3n que llevara el nombre de mi padre cari\u00f1o. Me gustar\u00eda llamarlo Iv\u00e1n <\/span><span style=\"font-size: large;\">\u2014a\u00f1adi\u00f3<\/span><span style=\"font-size: large;\"> con ternura y felicidad.<\/span><\/p>\n<p align=\"justify\">\u2014<span style=\"font-size: large;\">Nuestro peque\u00f1o Iv\u00e1n <\/span><span style=\"font-size: large;\">\u2014<\/span><span style=\"font-size: large;\">susurr\u00f3 Dani acariciando los cabellos dorados de su amada. <\/span><\/p>\n","protected":false},"excerpt":{"rendered":"<p>Ese domingo Daniel y Gala caminaban con las manos enlazadas, como llevaban haciendo todos los fines de semana en el parque de los pinares. Solo se soltaron cuando Gala quiso hacer una sesi\u00f3n de fotos reflejando su inmensa dicha. Llevaba su c\u00e1mara de fotos colgada al cuello. \u2014Mira a esa chica. Ll\u00e1mala Dani. Preg\u00fantale si [&hellip;]<\/p>\n","protected":false},"author":40,"featured_media":18999,"comment_status":"open","ping_status":"closed","sticky":false,"template":"","format":"standard","meta":{"footnotes":""},"categories":[2099],"tags":[253],"class_list":{"0":"post-18996","1":"post","2":"type-post","3":"status-publish","4":"format-standard","5":"has-post-thumbnail","7":"category-el-balon-rojo-n-entregas","8":"tag-veronica-vazquez"},"yoast_head":"<!-- This site is optimized with the Yoast SEO plugin v27.4 - https:\/\/yoast.com\/product\/yoast-seo-wordpress\/ -->\n<title>Fotos en el parque y una sorpresa - Cap\u00edtulo 22 de \u00abEl bal\u00f3n rojo\u00bb | HOJAS SUELTAS Peri\u00f3dico Cultural<\/title>\n<meta name=\"description\" content=\"NOVELAS POR ENTREGAS = Dani estaba mirando las fotos. Se le nubl\u00f3 el \u00e1nimo. En todas las fotos sal\u00eda la sombra de unas tijeras enormes abiertas hacia el cuello de su Gala. Y otra sombra con forma de chistera cubr\u00eda la tripa de su chica. Le tembl\u00f3 el pulso cuando le devolvi\u00f3 la c\u00e1mara.\" \/>\n<meta name=\"robots\" content=\"index, follow, max-snippet:-1, max-image-preview:large, max-video-preview:-1\" \/>\n<link rel=\"canonical\" href=\"https:\/\/hojassueltas.es\/?p=18996\" \/>\n<meta property=\"og:locale\" content=\"es_ES\" \/>\n<meta property=\"og:type\" content=\"article\" \/>\n<meta property=\"og:title\" content=\"Fotos en el parque y una sorpresa - Cap\u00edtulo 22 de \u00abEl bal\u00f3n rojo\u00bb | HOJAS SUELTAS Peri\u00f3dico Cultural\" \/>\n<meta property=\"og:description\" content=\"NOVELAS POR ENTREGAS = Dani estaba mirando las fotos. Se le nubl\u00f3 el \u00e1nimo. En todas las fotos sal\u00eda la sombra de unas tijeras enormes abiertas hacia el cuello de su Gala. Y otra sombra con forma de chistera cubr\u00eda la tripa de su chica. Le tembl\u00f3 el pulso cuando le devolvi\u00f3 la c\u00e1mara.\" \/>\n<meta property=\"og:url\" content=\"https:\/\/hojassueltas.es\/?p=18996\" \/>\n<meta property=\"og:site_name\" content=\"HOJAS SUELTAS Peri\u00f3dico Cultural\" \/>\n<meta property=\"article:published_time\" content=\"2025-04-02T23:00:31+00:00\" \/>\n<meta property=\"article:modified_time\" content=\"2025-12-11T15:34:15+00:00\" \/>\n<meta property=\"og:image\" content=\"https:\/\/hojassueltas.es\/wp-content\/uploads\/2025\/04\/Capitulo-22_H.S.png\" \/>\n\t<meta property=\"og:image:width\" content=\"1050\" \/>\n\t<meta property=\"og:image:height\" content=\"610\" \/>\n\t<meta property=\"og:image:type\" content=\"image\/png\" \/>\n<meta name=\"author\" content=\"Ver\u00f3nica V\u00e1zquez\" \/>\n<meta name=\"twitter:card\" content=\"summary_large_image\" \/>\n<meta name=\"twitter:creator\" content=\"@HOJASSUELTAS22\" \/>\n<meta name=\"twitter:site\" content=\"@HOJASSUELTAS22\" \/>\n<meta name=\"twitter:label1\" content=\"Escrito por\" \/>\n\t<meta name=\"twitter:data1\" content=\"Ver\u00f3nica V\u00e1zquez\" \/>\n\t<meta name=\"twitter:label2\" content=\"Tiempo de lectura\" \/>\n\t<meta name=\"twitter:data2\" content=\"4 minutos\" \/>\n<script type=\"application\/ld+json\" class=\"yoast-schema-graph\">{\"@context\":\"https:\\\/\\\/schema.org\",\"@graph\":[{\"@type\":[\"Article\",\"BlogPosting\"],\"@id\":\"https:\\\/\\\/hojassueltas.es\\\/?p=18996#article\",\"isPartOf\":{\"@id\":\"https:\\\/\\\/hojassueltas.es\\\/?p=18996\"},\"author\":{\"name\":\"Ver\u00f3nica V\u00e1zquez\",\"@id\":\"https:\\\/\\\/hojassueltas.es\\\/#\\\/schema\\\/person\\\/4c21892d9a305088d55a62ff59826d04\"},\"headline\":\"Fotos en el parque y una sorpresa &#8211; Cap\u00edtulo 22 de \u00abEl bal\u00f3n rojo\u00bb\",\"datePublished\":\"2025-04-02T23:00:31+00:00\",\"dateModified\":\"2025-12-11T15:34:15+00:00\",\"mainEntityOfPage\":{\"@id\":\"https:\\\/\\\/hojassueltas.es\\\/?p=18996\"},\"wordCount\":828,\"commentCount\":0,\"publisher\":{\"@id\":\"https:\\\/\\\/hojassueltas.es\\\/#organization\"},\"image\":{\"@id\":\"https:\\\/\\\/hojassueltas.es\\\/?p=18996#primaryimage\"},\"thumbnailUrl\":\"https:\\\/\\\/hojassueltas.es\\\/wp-content\\\/uploads\\\/2025\\\/04\\\/Capitulo-22_H.S.png\",\"keywords\":[\"Ver\u00f3nica V\u00e1zquez\"],\"articleSection\":[\"El Bal\u00f3n Rojo\"],\"inLanguage\":\"es\",\"potentialAction\":[{\"@type\":\"CommentAction\",\"name\":\"Comment\",\"target\":[\"https:\\\/\\\/hojassueltas.es\\\/?p=18996#respond\"]}]},{\"@type\":\"WebPage\",\"@id\":\"https:\\\/\\\/hojassueltas.es\\\/?p=18996\",\"url\":\"https:\\\/\\\/hojassueltas.es\\\/?p=18996\",\"name\":\"Fotos en el parque y una sorpresa - Cap\u00edtulo 22 de \u00abEl bal\u00f3n rojo\u00bb | HOJAS SUELTAS Peri\u00f3dico Cultural\",\"isPartOf\":{\"@id\":\"https:\\\/\\\/hojassueltas.es\\\/#website\"},\"primaryImageOfPage\":{\"@id\":\"https:\\\/\\\/hojassueltas.es\\\/?p=18996#primaryimage\"},\"image\":{\"@id\":\"https:\\\/\\\/hojassueltas.es\\\/?p=18996#primaryimage\"},\"thumbnailUrl\":\"https:\\\/\\\/hojassueltas.es\\\/wp-content\\\/uploads\\\/2025\\\/04\\\/Capitulo-22_H.S.png\",\"datePublished\":\"2025-04-02T23:00:31+00:00\",\"dateModified\":\"2025-12-11T15:34:15+00:00\",\"description\":\"NOVELAS POR ENTREGAS = Dani estaba mirando las fotos. Se le nubl\u00f3 el \u00e1nimo. En todas las fotos sal\u00eda la sombra de unas tijeras enormes abiertas hacia el cuello de su Gala. Y otra sombra con forma de chistera cubr\u00eda la tripa de su chica. Le tembl\u00f3 el pulso cuando le devolvi\u00f3 la c\u00e1mara.\",\"breadcrumb\":{\"@id\":\"https:\\\/\\\/hojassueltas.es\\\/?p=18996#breadcrumb\"},\"inLanguage\":\"es\",\"potentialAction\":[{\"@type\":\"ReadAction\",\"target\":[\"https:\\\/\\\/hojassueltas.es\\\/?p=18996\"]}]},{\"@type\":\"ImageObject\",\"inLanguage\":\"es\",\"@id\":\"https:\\\/\\\/hojassueltas.es\\\/?p=18996#primaryimage\",\"url\":\"https:\\\/\\\/hojassueltas.es\\\/wp-content\\\/uploads\\\/2025\\\/04\\\/Capitulo-22_H.S.png\",\"contentUrl\":\"https:\\\/\\\/hojassueltas.es\\\/wp-content\\\/uploads\\\/2025\\\/04\\\/Capitulo-22_H.S.png\",\"width\":1050,\"height\":610},{\"@type\":\"BreadcrumbList\",\"@id\":\"https:\\\/\\\/hojassueltas.es\\\/?p=18996#breadcrumb\",\"itemListElement\":[{\"@type\":\"ListItem\",\"position\":1,\"name\":\"Portada\",\"item\":\"https:\\\/\\\/hojassueltas.es\\\/\"},{\"@type\":\"ListItem\",\"position\":2,\"name\":\"Fotos en el parque y una sorpresa &#8211; Cap\u00edtulo 22 de \u00abEl bal\u00f3n rojo\u00bb\"}]},{\"@type\":\"WebSite\",\"@id\":\"https:\\\/\\\/hojassueltas.es\\\/#website\",\"url\":\"https:\\\/\\\/hojassueltas.es\\\/\",\"name\":\"HojasSueltas.es\",\"description\":\"GRANADA - Peri\u00f3dico Cultural\",\"publisher\":{\"@id\":\"https:\\\/\\\/hojassueltas.es\\\/#organization\"},\"alternateName\":\"H.S. Periodico Cultural\",\"potentialAction\":[{\"@type\":\"SearchAction\",\"target\":{\"@type\":\"EntryPoint\",\"urlTemplate\":\"https:\\\/\\\/hojassueltas.es\\\/?s={search_term_string}\"},\"query-input\":{\"@type\":\"PropertyValueSpecification\",\"valueRequired\":true,\"valueName\":\"search_term_string\"}}],\"inLanguage\":\"es\"},{\"@type\":\"Organization\",\"@id\":\"https:\\\/\\\/hojassueltas.es\\\/#organization\",\"name\":\"HOJAS SUELTAS - Peri\u00f3dico Cultural\",\"alternateName\":\"HS - HOJAS SUELTAS Peri\u00f3dico Cultural\",\"url\":\"https:\\\/\\\/hojassueltas.es\\\/\",\"logo\":{\"@type\":\"ImageObject\",\"inLanguage\":\"es\",\"@id\":\"https:\\\/\\\/hojassueltas.es\\\/#\\\/schema\\\/logo\\\/image\\\/\",\"url\":\"https:\\\/\\\/hojassueltas.es\\\/wp-content\\\/uploads\\\/2025\\\/08\\\/Icono-HS_2.png\",\"contentUrl\":\"https:\\\/\\\/hojassueltas.es\\\/wp-content\\\/uploads\\\/2025\\\/08\\\/Icono-HS_2.png\",\"width\":500,\"height\":500,\"caption\":\"HOJAS SUELTAS - Peri\u00f3dico Cultural\"},\"image\":{\"@id\":\"https:\\\/\\\/hojassueltas.es\\\/#\\\/schema\\\/logo\\\/image\\\/\"},\"sameAs\":[\"https:\\\/\\\/x.com\\\/HOJASSUELTAS22\"]},{\"@type\":\"Person\",\"@id\":\"https:\\\/\\\/hojassueltas.es\\\/#\\\/schema\\\/person\\\/4c21892d9a305088d55a62ff59826d04\",\"name\":\"Ver\u00f3nica V\u00e1zquez\",\"image\":{\"@type\":\"ImageObject\",\"inLanguage\":\"es\",\"@id\":\"https:\\\/\\\/hojassueltas.es\\\/wp-content\\\/uploads\\\/2024\\\/10\\\/Imagen-2-96x96.jpg\",\"url\":\"https:\\\/\\\/hojassueltas.es\\\/wp-content\\\/uploads\\\/2024\\\/10\\\/Imagen-2-96x96.jpg\",\"contentUrl\":\"https:\\\/\\\/hojassueltas.es\\\/wp-content\\\/uploads\\\/2024\\\/10\\\/Imagen-2-96x96.jpg\",\"caption\":\"Ver\u00f3nica V\u00e1zquez\"},\"description\":\"Santiago de Compostela 1978. Tiene formaci\u00f3n y experiencia en secretariado. Pero su verdadera pasi\u00f3n siempre ha sido el cine y la literatura. Seguidora del g\u00e9nero de suspense. Tambi\u00e9n siente fascinaci\u00f3n por el c\u00f3mic de terror cl\u00e1sico consider\u00e1ndolo un exquisito arte. Gusta escribir sus historias como una pel\u00edcula. De gran imaginaci\u00f3n, en el a\u00f1o 2020 publica dos novelas de suspense en sello digital de Grupo Planeta, Click ediciones. En 2022 un audiolibro de \u00abLa sombra de Marcos\u00bb en plataforma Nextory. En 2023 comienza a realizar colaboraciones con microrrelatos de terror, en \u00abHojas Sueltas\u00bb En abril del 2023 gana convocatoria de relatos en la revista LO DESCONOCIDO con el relato de terror EL PASILLO. En junio del 2023 la productora indie TEATRO ROB\u00d3TICO DEL MISTERIO dramatiza en audio el relato de terror de infectados \u00a1CORRE!. En noviembre de 2023 gana convocatoria \u201cLa noche del lic\u00e1ntropo\u201d de la productora de audio LUX FERRE AUDIO con su relato de terror LA MONEDA DE PLATA para ser dramatizada en audio en el podcast Martes de Terror. En 2024 publica su novela de terror paranormal EL BAL\u00d3N ROJO en la web CALAMEO. En mayo del 2024 gana la convocatoria de relatos MIEDO EN CASA con su obra EL HOGAR DEL DIABLO, que ser\u00e1 publicada en una antolog\u00eda digital por la Red Municipal de Bibliotecas P\u00fablicas de Sevilla, Icas y el Ayuntamiento de Sevilla. En agosto del mismo a\u00f1o, gana la VIII convocatoria de relatos en la revista digital DRAG\u00d3N ESCRITOR con su microrrelato de terror TE PERTENECE. El fragmento de su novela de terror EL BAL\u00d3N ROJO se publica en la prestigiosa revista de M\u00e9xico \u201cdelatripa\u201d tambi\u00e9n en el mes de agosto de 2024 INSTAGRAM: Veronicavazquez_escritora \\\/ FACEBOOK: Ver\u00f3nica V\u00e1zquez ( El miedo es mi tinta) \\\/ X (Twitter) : @veronicav1978\",\"url\":\"https:\\\/\\\/hojassueltas.es\\\/?author=40\"}]}<\/script>\n<!-- \/ Yoast SEO plugin. -->","yoast_head_json":{"title":"Fotos en el parque y una sorpresa - Cap\u00edtulo 22 de \u00abEl bal\u00f3n rojo\u00bb | HOJAS SUELTAS Peri\u00f3dico Cultural","description":"NOVELAS POR ENTREGAS = Dani estaba mirando las fotos. Se le nubl\u00f3 el \u00e1nimo. En todas las fotos sal\u00eda la sombra de unas tijeras enormes abiertas hacia el cuello de su Gala. Y otra sombra con forma de chistera cubr\u00eda la tripa de su chica. Le tembl\u00f3 el pulso cuando le devolvi\u00f3 la c\u00e1mara.","robots":{"index":"index","follow":"follow","max-snippet":"max-snippet:-1","max-image-preview":"max-image-preview:large","max-video-preview":"max-video-preview:-1"},"canonical":"https:\/\/hojassueltas.es\/?p=18996","og_locale":"es_ES","og_type":"article","og_title":"Fotos en el parque y una sorpresa - Cap\u00edtulo 22 de \u00abEl bal\u00f3n rojo\u00bb | HOJAS SUELTAS Peri\u00f3dico Cultural","og_description":"NOVELAS POR ENTREGAS = Dani estaba mirando las fotos. Se le nubl\u00f3 el \u00e1nimo. En todas las fotos sal\u00eda la sombra de unas tijeras enormes abiertas hacia el cuello de su Gala. Y otra sombra con forma de chistera cubr\u00eda la tripa de su chica. Le tembl\u00f3 el pulso cuando le devolvi\u00f3 la c\u00e1mara.","og_url":"https:\/\/hojassueltas.es\/?p=18996","og_site_name":"HOJAS SUELTAS Peri\u00f3dico Cultural","article_published_time":"2025-04-02T23:00:31+00:00","article_modified_time":"2025-12-11T15:34:15+00:00","og_image":[{"width":1050,"height":610,"url":"https:\/\/hojassueltas.es\/wp-content\/uploads\/2025\/04\/Capitulo-22_H.S.png","type":"image\/png"}],"author":"Ver\u00f3nica V\u00e1zquez","twitter_card":"summary_large_image","twitter_creator":"@HOJASSUELTAS22","twitter_site":"@HOJASSUELTAS22","twitter_misc":{"Escrito por":"Ver\u00f3nica V\u00e1zquez","Tiempo de lectura":"4 minutos"},"schema":{"@context":"https:\/\/schema.org","@graph":[{"@type":["Article","BlogPosting"],"@id":"https:\/\/hojassueltas.es\/?p=18996#article","isPartOf":{"@id":"https:\/\/hojassueltas.es\/?p=18996"},"author":{"name":"Ver\u00f3nica V\u00e1zquez","@id":"https:\/\/hojassueltas.es\/#\/schema\/person\/4c21892d9a305088d55a62ff59826d04"},"headline":"Fotos en el parque y una sorpresa &#8211; Cap\u00edtulo 22 de \u00abEl bal\u00f3n rojo\u00bb","datePublished":"2025-04-02T23:00:31+00:00","dateModified":"2025-12-11T15:34:15+00:00","mainEntityOfPage":{"@id":"https:\/\/hojassueltas.es\/?p=18996"},"wordCount":828,"commentCount":0,"publisher":{"@id":"https:\/\/hojassueltas.es\/#organization"},"image":{"@id":"https:\/\/hojassueltas.es\/?p=18996#primaryimage"},"thumbnailUrl":"https:\/\/hojassueltas.es\/wp-content\/uploads\/2025\/04\/Capitulo-22_H.S.png","keywords":["Ver\u00f3nica V\u00e1zquez"],"articleSection":["El Bal\u00f3n Rojo"],"inLanguage":"es","potentialAction":[{"@type":"CommentAction","name":"Comment","target":["https:\/\/hojassueltas.es\/?p=18996#respond"]}]},{"@type":"WebPage","@id":"https:\/\/hojassueltas.es\/?p=18996","url":"https:\/\/hojassueltas.es\/?p=18996","name":"Fotos en el parque y una sorpresa - Cap\u00edtulo 22 de \u00abEl bal\u00f3n rojo\u00bb | HOJAS SUELTAS Peri\u00f3dico Cultural","isPartOf":{"@id":"https:\/\/hojassueltas.es\/#website"},"primaryImageOfPage":{"@id":"https:\/\/hojassueltas.es\/?p=18996#primaryimage"},"image":{"@id":"https:\/\/hojassueltas.es\/?p=18996#primaryimage"},"thumbnailUrl":"https:\/\/hojassueltas.es\/wp-content\/uploads\/2025\/04\/Capitulo-22_H.S.png","datePublished":"2025-04-02T23:00:31+00:00","dateModified":"2025-12-11T15:34:15+00:00","description":"NOVELAS POR ENTREGAS = Dani estaba mirando las fotos. Se le nubl\u00f3 el \u00e1nimo. En todas las fotos sal\u00eda la sombra de unas tijeras enormes abiertas hacia el cuello de su Gala. Y otra sombra con forma de chistera cubr\u00eda la tripa de su chica. Le tembl\u00f3 el pulso cuando le devolvi\u00f3 la c\u00e1mara.","breadcrumb":{"@id":"https:\/\/hojassueltas.es\/?p=18996#breadcrumb"},"inLanguage":"es","potentialAction":[{"@type":"ReadAction","target":["https:\/\/hojassueltas.es\/?p=18996"]}]},{"@type":"ImageObject","inLanguage":"es","@id":"https:\/\/hojassueltas.es\/?p=18996#primaryimage","url":"https:\/\/hojassueltas.es\/wp-content\/uploads\/2025\/04\/Capitulo-22_H.S.png","contentUrl":"https:\/\/hojassueltas.es\/wp-content\/uploads\/2025\/04\/Capitulo-22_H.S.png","width":1050,"height":610},{"@type":"BreadcrumbList","@id":"https:\/\/hojassueltas.es\/?p=18996#breadcrumb","itemListElement":[{"@type":"ListItem","position":1,"name":"Portada","item":"https:\/\/hojassueltas.es\/"},{"@type":"ListItem","position":2,"name":"Fotos en el parque y una sorpresa &#8211; Cap\u00edtulo 22 de \u00abEl bal\u00f3n rojo\u00bb"}]},{"@type":"WebSite","@id":"https:\/\/hojassueltas.es\/#website","url":"https:\/\/hojassueltas.es\/","name":"HojasSueltas.es","description":"GRANADA - Peri\u00f3dico Cultural","publisher":{"@id":"https:\/\/hojassueltas.es\/#organization"},"alternateName":"H.S. Periodico Cultural","potentialAction":[{"@type":"SearchAction","target":{"@type":"EntryPoint","urlTemplate":"https:\/\/hojassueltas.es\/?s={search_term_string}"},"query-input":{"@type":"PropertyValueSpecification","valueRequired":true,"valueName":"search_term_string"}}],"inLanguage":"es"},{"@type":"Organization","@id":"https:\/\/hojassueltas.es\/#organization","name":"HOJAS SUELTAS - Peri\u00f3dico Cultural","alternateName":"HS - HOJAS SUELTAS Peri\u00f3dico Cultural","url":"https:\/\/hojassueltas.es\/","logo":{"@type":"ImageObject","inLanguage":"es","@id":"https:\/\/hojassueltas.es\/#\/schema\/logo\/image\/","url":"https:\/\/hojassueltas.es\/wp-content\/uploads\/2025\/08\/Icono-HS_2.png","contentUrl":"https:\/\/hojassueltas.es\/wp-content\/uploads\/2025\/08\/Icono-HS_2.png","width":500,"height":500,"caption":"HOJAS SUELTAS - Peri\u00f3dico Cultural"},"image":{"@id":"https:\/\/hojassueltas.es\/#\/schema\/logo\/image\/"},"sameAs":["https:\/\/x.com\/HOJASSUELTAS22"]},{"@type":"Person","@id":"https:\/\/hojassueltas.es\/#\/schema\/person\/4c21892d9a305088d55a62ff59826d04","name":"Ver\u00f3nica V\u00e1zquez","image":{"@type":"ImageObject","inLanguage":"es","@id":"https:\/\/hojassueltas.es\/wp-content\/uploads\/2024\/10\/Imagen-2-96x96.jpg","url":"https:\/\/hojassueltas.es\/wp-content\/uploads\/2024\/10\/Imagen-2-96x96.jpg","contentUrl":"https:\/\/hojassueltas.es\/wp-content\/uploads\/2024\/10\/Imagen-2-96x96.jpg","caption":"Ver\u00f3nica V\u00e1zquez"},"description":"Santiago de Compostela 1978. Tiene formaci\u00f3n y experiencia en secretariado. Pero su verdadera pasi\u00f3n siempre ha sido el cine y la literatura. Seguidora del g\u00e9nero de suspense. Tambi\u00e9n siente fascinaci\u00f3n por el c\u00f3mic de terror cl\u00e1sico consider\u00e1ndolo un exquisito arte. Gusta escribir sus historias como una pel\u00edcula. De gran imaginaci\u00f3n, en el a\u00f1o 2020 publica dos novelas de suspense en sello digital de Grupo Planeta, Click ediciones. En 2022 un audiolibro de \u00abLa sombra de Marcos\u00bb en plataforma Nextory. En 2023 comienza a realizar colaboraciones con microrrelatos de terror, en \u00abHojas Sueltas\u00bb En abril del 2023 gana convocatoria de relatos en la revista LO DESCONOCIDO con el relato de terror EL PASILLO. En junio del 2023 la productora indie TEATRO ROB\u00d3TICO DEL MISTERIO dramatiza en audio el relato de terror de infectados \u00a1CORRE!. En noviembre de 2023 gana convocatoria \u201cLa noche del lic\u00e1ntropo\u201d de la productora de audio LUX FERRE AUDIO con su relato de terror LA MONEDA DE PLATA para ser dramatizada en audio en el podcast Martes de Terror. En 2024 publica su novela de terror paranormal EL BAL\u00d3N ROJO en la web CALAMEO. En mayo del 2024 gana la convocatoria de relatos MIEDO EN CASA con su obra EL HOGAR DEL DIABLO, que ser\u00e1 publicada en una antolog\u00eda digital por la Red Municipal de Bibliotecas P\u00fablicas de Sevilla, Icas y el Ayuntamiento de Sevilla. En agosto del mismo a\u00f1o, gana la VIII convocatoria de relatos en la revista digital DRAG\u00d3N ESCRITOR con su microrrelato de terror TE PERTENECE. El fragmento de su novela de terror EL BAL\u00d3N ROJO se publica en la prestigiosa revista de M\u00e9xico \u201cdelatripa\u201d tambi\u00e9n en el mes de agosto de 2024 INSTAGRAM: Veronicavazquez_escritora \/ FACEBOOK: Ver\u00f3nica V\u00e1zquez ( El miedo es mi tinta) \/ X (Twitter) : @veronicav1978","url":"https:\/\/hojassueltas.es\/?author=40"}]}},"_links":{"self":[{"href":"https:\/\/hojassueltas.es\/index.php?rest_route=\/wp\/v2\/posts\/18996","targetHints":{"allow":["GET"]}}],"collection":[{"href":"https:\/\/hojassueltas.es\/index.php?rest_route=\/wp\/v2\/posts"}],"about":[{"href":"https:\/\/hojassueltas.es\/index.php?rest_route=\/wp\/v2\/types\/post"}],"author":[{"embeddable":true,"href":"https:\/\/hojassueltas.es\/index.php?rest_route=\/wp\/v2\/users\/40"}],"replies":[{"embeddable":true,"href":"https:\/\/hojassueltas.es\/index.php?rest_route=%2Fwp%2Fv2%2Fcomments&post=18996"}],"version-history":[{"count":1,"href":"https:\/\/hojassueltas.es\/index.php?rest_route=\/wp\/v2\/posts\/18996\/revisions"}],"predecessor-version":[{"id":19000,"href":"https:\/\/hojassueltas.es\/index.php?rest_route=\/wp\/v2\/posts\/18996\/revisions\/19000"}],"wp:featuredmedia":[{"embeddable":true,"href":"https:\/\/hojassueltas.es\/index.php?rest_route=\/wp\/v2\/media\/18999"}],"wp:attachment":[{"href":"https:\/\/hojassueltas.es\/index.php?rest_route=%2Fwp%2Fv2%2Fmedia&parent=18996"}],"wp:term":[{"taxonomy":"category","embeddable":true,"href":"https:\/\/hojassueltas.es\/index.php?rest_route=%2Fwp%2Fv2%2Fcategories&post=18996"},{"taxonomy":"post_tag","embeddable":true,"href":"https:\/\/hojassueltas.es\/index.php?rest_route=%2Fwp%2Fv2%2Ftags&post=18996"}],"curies":[{"name":"wp","href":"https:\/\/api.w.org\/{rel}","templated":true}]}}