{"id":18903,"date":"2025-03-29T00:00:41","date_gmt":"2025-03-28T23:00:41","guid":{"rendered":"https:\/\/hojassueltas.es\/?p=18903"},"modified":"2025-03-29T09:01:00","modified_gmt":"2025-03-29T08:01:00","slug":"la-leyenda-de-izbe","status":"publish","type":"post","link":"https:\/\/hojassueltas.es\/?p=18903","title":{"rendered":"La leyenda de IZB\u00c8"},"content":{"rendered":"<p lang=\"en-GB\" align=\"center\"><span style=\"font-family: Calibri, sans-serif;\"><span style=\"font-family: Times New Roman, serif;\"><span lang=\"es-ES\"><b>MITOS Y LEYENDAS DE LOS IK&#8217;HUE<\/b><\/span><\/span><\/span><\/p>\n<p lang=\"en-GB\" align=\"center\"><span style=\"font-family: Calibri, sans-serif;\"><span style=\"font-family: Times New Roman, serif;\"><span style=\"font-size: small;\"><span lang=\"es-ES\">Los presentes mitos y leyendas conforman el imaginario colectivo de la tribu de los <\/span><\/span><\/span><span style=\"font-family: Times New Roman, serif;\"><span style=\"font-size: small;\"><span lang=\"es-ES\"><i>Ik&#8217;hue<\/i><\/span><\/span><\/span><span style=\"font-family: Times New Roman, serif;\"><span style=\"font-size: small;\"><span lang=\"es-ES\">, una naci\u00f3n norteamericana de car\u00e1cter ficticio en la que se desarrolla la novela <\/span><\/span><\/span><span style=\"font-size: small;\"><span lang=\"es-ES\">\u00ab<\/span><\/span><span style=\"font-family: Times New Roman, serif;\"><span style=\"font-size: small;\"><span lang=\"es-ES\">Ik\u2019hue \u2013 Lazos de sangre<\/span><\/span><\/span><span style=\"font-size: small;\"><span lang=\"es-ES\">\u00bb<\/span><\/span><span style=\"font-family: Times New Roman, serif;\"><span style=\"font-size: small;\"><span lang=\"es-ES\"> (Verbum, 2024), obra del prol\u00edfico autor guipuzcoano I\u00f1aki Sainz de Murieta.<\/span><\/span><\/span><\/span><\/p>\n<p lang=\"en-GB\" align=\"center\"><span style=\"font-family: Calibri, sans-serif;\"><span style=\"font-family: Times New Roman, serif;\"><span lang=\"es-ES\"><b>LA LEYENDA DE IZB\u00c8<\/b><\/span><\/span><\/span><\/p>\n<p lang=\"en-GB\" align=\"justify\"><span style=\"font-family: verdana, geneva, sans-serif; font-size: 16px;\"><span lang=\"es-ES\"> Cuentan que una pareja tuvo un hijo que no respond\u00eda a sus llamadas, ni a la melod\u00eda de los p\u00e1jaros. No prestaba atenci\u00f3n a la m\u00fasica, ni a los cuentos de cuna, como tampoco a los gritos de sus muchos hermanos. Aunque algunas noches a\u00fan se alimentaba del generoso pecho de su madre, pisaba la tierra con firmeza. Tambi\u00e9n disfrutaba de cada juego, por muy violento que fuera. Corr\u00eda y saltaba sin que pareciese costarle ning\u00fan esfuerzo, demostrando tambi\u00e9n un fuerte car\u00e1cter a pesar de su corta edad.<\/span><\/span><\/p>\n<p lang=\"en-GB\" align=\"justify\"><span style=\"font-family: verdana, geneva, sans-serif; font-size: 16px;\"><span lang=\"es-ES\">Sin embargo, no aprendi\u00f3 a hablar en el mismo tiempo y forma en que lo hicieron sus hermanos mayores. Preocupados por la tardanza de su hijo en articular palabra, sus padres decidieron acudir a un hombre medicina esperando que pudiese orientarlos. Tras explicar la situaci\u00f3n y consultarlo con los esp\u00edritus, el cham\u00e1n, lejos de preocuparse por la especial condici\u00f3n del peque\u00f1o, los felicit\u00f3 y los anim\u00f3 a que lo proclamasen en el poblado con el mayor de los orgullos. Los padres se quedaron sorprendidos ante tal respuesta y demandaron explicaciones. Fue entonces cuando el hechicero les narr\u00f3 la leyenda de Izb\u00e8:<\/span><\/span><\/p>\n<p lang=\"en-GB\" align=\"justify\"><span style=\"font-family: verdana, geneva, sans-serif; font-size: 16px;\"><span lang=\"es-ES\">Tiempo atr\u00e1s vivi\u00f3 un bravo privado de la facultad del habla. A pesar de ello, no dejaba nunca de sonre\u00edr y de disfrutar de la compa\u00f1\u00eda de otras personas, con quienes depart\u00eda todos los d\u00edas vali\u00e9ndose para ello de su particular ingenio y de los escasos sonidos que malamente hab\u00eda aprendido a reproducir. La caza le ayud\u00f3 a establecer unos gestos b\u00e1sicos para comunicarse, aumentando y ampliando ese conjunto de significados con el paso de las lunas, hasta que se convirti\u00f3 en una suerte de idioma no hablado. De hecho, a\u00fan hoy en d\u00eda usamos muchos de estos c\u00f3digos, que tambi\u00e9n se aplican a las cuentas y a las cintas de colores con las que adornamos nuestras ropas. Todo esto fue de gran ayuda en los tratos e intercambios con otras naciones. Sus gestos, aunque peque\u00f1os, facilitaban mucho la comunicaci\u00f3n. Y hoy en d\u00eda lo siguen haciendo. Por eso confiamos en que todo aquel que se lleva la mano al coraz\u00f3n est\u00e1 empe\u00f1ando su palabra. Es lo que \u00e9l hac\u00eda.<\/span><\/span><\/p>\n<p lang=\"en-GB\" align=\"justify\"><span style=\"font-family: verdana, geneva, sans-serif; font-size: 16px;\"><span lang=\"es-ES\">Adem\u00e1s de su enorme val\u00eda en muchos \u00e1mbitos, se desviv\u00eda por ayudar al pr\u00f3jimo. Siempre daba un paso al frente cuando era necesario, sin importarle que fueran tiempos de paz o de guerra. Su ingenio, siendo extraordinario, solo era equiparable a su valent\u00eda, ganando para s\u00ed, a temprana edad, los primeros honores de guerra. No fueron los \u00fanicos. Con el tiempo, gan\u00f3 por derecho propio la jefatura de su sociedad.<\/span><\/span><\/p>\n<p lang=\"en-GB\" align=\"justify\"><span style=\"font-family: verdana, geneva, sans-serif; font-size: 16px;\"><span lang=\"es-ES\">Tuvo numerosa familia, de la que siempre se mostr\u00f3 orgulloso. Sus hijos honraron su figura con una vida recta y plena, prolongando as\u00ed su recuerdo cuando \u00e9l ya hab\u00eda abandonado este mundo. Fue muerto en combate, siendo casi un anciano, al quedarse guardando la retirada de los suyos para salvarlos de una muerte cierta. Muri\u00f3 como el bravo que era, combatiendo a un enemigo superior en n\u00famero. Su caballera fue un s\u00edmbolo de poder para el enemigo hasta que los nuestros la recuperaron y se inciner\u00f3 en una ceremonia sagrada, junto a otros de sus amuletos y objetos medicinales.<\/span><\/span><\/p>\n<p lang=\"en-GB\" align=\"justify\"><span style=\"font-family: verdana, geneva, sans-serif; font-size: 16px;\"><span lang=\"es-ES\">Ahora su esp\u00edritu vela por nosotros desde el otro mundo, donde combate a los esp\u00edritus malignos que tratan de infligir dolor y pena a nuestro pueblo. Pero no tiene mucho tiempo para esto, porque ahora disfruta hablando y escuchando cada sonido que llega a sus o\u00eddos. Y es que, lo que perdi\u00f3 al nacer, con la muerte lo recuper\u00f3. As\u00ed es como pasa la eternidad, prendado de las conversaciones que mantienen los m\u00e1s peque\u00f1os y disfrutando del sonido de la lluvia, sabiendo que la m\u00fasica que proviene del mundo inferior nunca ha de terminar, al menos hasta que la \u00faltima de las ranas deje de croar.<\/span><\/span><\/p>\n<p lang=\"en-GB\" align=\"justify\"><span style=\"font-family: verdana, geneva, sans-serif; font-size: 16px;\"><span lang=\"es-ES\">Tras escuchar atentamente al hombre medicina, comprendieron que el destino de su hijo estaba marcado y bendecido de antemano. Ik lo hab\u00eda elegido entre todos los dem\u00e1s para que fuese un gran hombre, aunque distinto al resto. Su silencio ser\u00eda su mayor virtud, y no una carga como hab\u00edan presupuesto, al poder observar el mundo con la atenci\u00f3n necesaria y no caer en la tentaci\u00f3n de profanar el silencio con palabras vac\u00edas. De ese modo, la medida de sus virtudes ser\u00edan los hechos consumados y no las promesas tras las que otros se escudan. Su propia vida hablar\u00eda por \u00e9l. Sus pasos, aunque silenciosos, abrir\u00edan el camino a otros.<\/span><\/span><\/p>\n<p lang=\"en-GB\" align=\"justify\"><span style=\"font-family: verdana, geneva, sans-serif; font-size: 16px;\"><span lang=\"es-ES\">Cuentan que as\u00ed fue.<\/span><\/span><\/p>\n<p lang=\"en-GB\" align=\"justify\"><span lang=\"es-ES\">\u00a9 I\u00f1aki Sainz de Murieta. Todos los derechos reservados\u00a0<\/span><\/p>\n","protected":false},"excerpt":{"rendered":"<p>MITOS Y LEYENDAS DE LOS IK&#8217;HUE Los presentes mitos y leyendas conforman el imaginario colectivo de la tribu de los Ik&#8217;hue, una naci\u00f3n norteamericana de car\u00e1cter ficticio en la que se desarrolla la novela \u00abIk\u2019hue \u2013 Lazos de sangre\u00bb (Verbum, 2024), obra del prol\u00edfico autor guipuzcoano I\u00f1aki Sainz de Murieta. LA LEYENDA DE IZB\u00c8 Cuentan [&hellip;]<\/p>\n","protected":false},"author":83,"featured_media":18904,"comment_status":"open","ping_status":"closed","sticky":false,"template":"","format":"standard","meta":{"footnotes":""},"categories":[2101],"tags":[2073],"class_list":{"0":"post-18903","1":"post","2":"type-post","3":"status-publish","4":"format-standard","5":"has-post-thumbnail","7":"category-ikhue","8":"tag-inaki-sainz-de-murieta"},"yoast_head":"<!-- This site is optimized with the Yoast SEO plugin v27.5 - https:\/\/yoast.com\/product\/yoast-seo-wordpress\/ -->\n<title>La leyenda de IZB\u00c8 | IK&#039;HUE | HOJAS SUELTAS Peri\u00f3dico Cultural<\/title>\n<meta name=\"description\" content=\"NOVELAS POR ENTREGAS: Cuentan que una pareja tuvo un hijo que no respond\u00eda a sus llamadas, ni a la melod\u00eda de los p\u00e1jaros\" \/>\n<meta name=\"robots\" content=\"index, follow, max-snippet:-1, max-image-preview:large, max-video-preview:-1\" \/>\n<link rel=\"canonical\" href=\"https:\/\/hojassueltas.es\/?p=18903\" \/>\n<meta property=\"og:locale\" content=\"es_ES\" \/>\n<meta property=\"og:type\" content=\"article\" \/>\n<meta property=\"og:title\" content=\"La leyenda de IZB\u00c8 | IK&#039;HUE | HOJAS SUELTAS Peri\u00f3dico Cultural\" \/>\n<meta property=\"og:description\" content=\"NOVELAS POR ENTREGAS: Cuentan que una pareja tuvo un hijo que no respond\u00eda a sus llamadas, ni a la melod\u00eda de los p\u00e1jaros\" \/>\n<meta property=\"og:url\" content=\"https:\/\/hojassueltas.es\/?p=18903\" \/>\n<meta property=\"og:site_name\" content=\"HOJAS SUELTAS Peri\u00f3dico Cultural\" \/>\n<meta property=\"article:published_time\" content=\"2025-03-28T23:00:41+00:00\" \/>\n<meta property=\"article:modified_time\" content=\"2025-03-29T08:01:00+00:00\" \/>\n<meta property=\"og:image\" content=\"https:\/\/hojassueltas.es\/wp-content\/uploads\/2025\/03\/La-leyenda_H.S.png\" \/>\n\t<meta property=\"og:image:width\" content=\"1050\" \/>\n\t<meta property=\"og:image:height\" content=\"610\" \/>\n\t<meta property=\"og:image:type\" content=\"image\/png\" \/>\n<meta name=\"author\" content=\"I\u00f1aki Sainz de Murieta\" \/>\n<meta name=\"twitter:card\" content=\"summary_large_image\" \/>\n<meta name=\"twitter:creator\" content=\"@imurieta\" \/>\n<meta name=\"twitter:site\" content=\"@HOJASSUELTAS22\" \/>\n<meta name=\"twitter:label1\" content=\"Escrito por\" \/>\n\t<meta name=\"twitter:data1\" content=\"I\u00f1aki Sainz de Murieta\" \/>\n\t<meta name=\"twitter:label2\" content=\"Tiempo de lectura\" \/>\n\t<meta name=\"twitter:data2\" content=\"4 minutos\" \/>\n<script type=\"application\/ld+json\" class=\"yoast-schema-graph\">{\"@context\":\"https:\\\/\\\/schema.org\",\"@graph\":[{\"@type\":[\"Article\",\"BlogPosting\"],\"@id\":\"https:\\\/\\\/hojassueltas.es\\\/?p=18903#article\",\"isPartOf\":{\"@id\":\"https:\\\/\\\/hojassueltas.es\\\/?p=18903\"},\"author\":{\"name\":\"I\u00f1aki Sainz de Murieta\",\"@id\":\"https:\\\/\\\/hojassueltas.es\\\/#\\\/schema\\\/person\\\/b89017499a84a01cea76e50cd67be335\"},\"headline\":\"La leyenda de IZB\u00c8\",\"datePublished\":\"2025-03-28T23:00:41+00:00\",\"dateModified\":\"2025-03-29T08:01:00+00:00\",\"mainEntityOfPage\":{\"@id\":\"https:\\\/\\\/hojassueltas.es\\\/?p=18903\"},\"wordCount\":877,\"commentCount\":0,\"publisher\":{\"@id\":\"https:\\\/\\\/hojassueltas.es\\\/#organization\"},\"image\":{\"@id\":\"https:\\\/\\\/hojassueltas.es\\\/?p=18903#primaryimage\"},\"thumbnailUrl\":\"https:\\\/\\\/hojassueltas.es\\\/wp-content\\\/uploads\\\/2025\\\/03\\\/La-leyenda_H.S.png\",\"keywords\":[\"I\u00f1aki Sainz de Murieta\"],\"articleSection\":[\"IK'HUE\"],\"inLanguage\":\"es\",\"potentialAction\":[{\"@type\":\"CommentAction\",\"name\":\"Comment\",\"target\":[\"https:\\\/\\\/hojassueltas.es\\\/?p=18903#respond\"]}]},{\"@type\":\"WebPage\",\"@id\":\"https:\\\/\\\/hojassueltas.es\\\/?p=18903\",\"url\":\"https:\\\/\\\/hojassueltas.es\\\/?p=18903\",\"name\":\"La leyenda de IZB\u00c8 | IK'HUE | HOJAS SUELTAS Peri\u00f3dico Cultural\",\"isPartOf\":{\"@id\":\"https:\\\/\\\/hojassueltas.es\\\/#website\"},\"primaryImageOfPage\":{\"@id\":\"https:\\\/\\\/hojassueltas.es\\\/?p=18903#primaryimage\"},\"image\":{\"@id\":\"https:\\\/\\\/hojassueltas.es\\\/?p=18903#primaryimage\"},\"thumbnailUrl\":\"https:\\\/\\\/hojassueltas.es\\\/wp-content\\\/uploads\\\/2025\\\/03\\\/La-leyenda_H.S.png\",\"datePublished\":\"2025-03-28T23:00:41+00:00\",\"dateModified\":\"2025-03-29T08:01:00+00:00\",\"description\":\"NOVELAS POR ENTREGAS: Cuentan que una pareja tuvo un hijo que no respond\u00eda a sus llamadas, ni a la melod\u00eda de los p\u00e1jaros\",\"breadcrumb\":{\"@id\":\"https:\\\/\\\/hojassueltas.es\\\/?p=18903#breadcrumb\"},\"inLanguage\":\"es\",\"potentialAction\":[{\"@type\":\"ReadAction\",\"target\":[\"https:\\\/\\\/hojassueltas.es\\\/?p=18903\"]}]},{\"@type\":\"ImageObject\",\"inLanguage\":\"es\",\"@id\":\"https:\\\/\\\/hojassueltas.es\\\/?p=18903#primaryimage\",\"url\":\"https:\\\/\\\/hojassueltas.es\\\/wp-content\\\/uploads\\\/2025\\\/03\\\/La-leyenda_H.S.png\",\"contentUrl\":\"https:\\\/\\\/hojassueltas.es\\\/wp-content\\\/uploads\\\/2025\\\/03\\\/La-leyenda_H.S.png\",\"width\":1050,\"height\":610},{\"@type\":\"BreadcrumbList\",\"@id\":\"https:\\\/\\\/hojassueltas.es\\\/?p=18903#breadcrumb\",\"itemListElement\":[{\"@type\":\"ListItem\",\"position\":1,\"name\":\"Portada\",\"item\":\"https:\\\/\\\/hojassueltas.es\\\/\"},{\"@type\":\"ListItem\",\"position\":2,\"name\":\"La leyenda de IZB\u00c8\"}]},{\"@type\":\"WebSite\",\"@id\":\"https:\\\/\\\/hojassueltas.es\\\/#website\",\"url\":\"https:\\\/\\\/hojassueltas.es\\\/\",\"name\":\"HojasSueltas.es\",\"description\":\"GRANADA - Peri\u00f3dico Cultural\",\"publisher\":{\"@id\":\"https:\\\/\\\/hojassueltas.es\\\/#organization\"},\"alternateName\":\"H.S. Periodico Cultural\",\"potentialAction\":[{\"@type\":\"SearchAction\",\"target\":{\"@type\":\"EntryPoint\",\"urlTemplate\":\"https:\\\/\\\/hojassueltas.es\\\/?s={search_term_string}\"},\"query-input\":{\"@type\":\"PropertyValueSpecification\",\"valueRequired\":true,\"valueName\":\"search_term_string\"}}],\"inLanguage\":\"es\"},{\"@type\":\"Organization\",\"@id\":\"https:\\\/\\\/hojassueltas.es\\\/#organization\",\"name\":\"HOJAS SUELTAS - Peri\u00f3dico Cultural\",\"alternateName\":\"HS - HOJAS SUELTAS Peri\u00f3dico Cultural\",\"url\":\"https:\\\/\\\/hojassueltas.es\\\/\",\"logo\":{\"@type\":\"ImageObject\",\"inLanguage\":\"es\",\"@id\":\"https:\\\/\\\/hojassueltas.es\\\/#\\\/schema\\\/logo\\\/image\\\/\",\"url\":\"https:\\\/\\\/hojassueltas.es\\\/wp-content\\\/uploads\\\/2025\\\/08\\\/Icono-HS_2.png\",\"contentUrl\":\"https:\\\/\\\/hojassueltas.es\\\/wp-content\\\/uploads\\\/2025\\\/08\\\/Icono-HS_2.png\",\"width\":500,\"height\":500,\"caption\":\"HOJAS SUELTAS - Peri\u00f3dico Cultural\"},\"image\":{\"@id\":\"https:\\\/\\\/hojassueltas.es\\\/#\\\/schema\\\/logo\\\/image\\\/\"},\"sameAs\":[\"https:\\\/\\\/x.com\\\/HOJASSUELTAS22\"]},{\"@type\":\"Person\",\"@id\":\"https:\\\/\\\/hojassueltas.es\\\/#\\\/schema\\\/person\\\/b89017499a84a01cea76e50cd67be335\",\"name\":\"I\u00f1aki Sainz de Murieta\",\"image\":{\"@type\":\"ImageObject\",\"inLanguage\":\"es\",\"@id\":\"https:\\\/\\\/hojassueltas.es\\\/wp-content\\\/uploads\\\/2024\\\/11\\\/Inaki-Sainz-de-Murieta-L-96x96.png\",\"url\":\"https:\\\/\\\/hojassueltas.es\\\/wp-content\\\/uploads\\\/2024\\\/11\\\/Inaki-Sainz-de-Murieta-L-96x96.png\",\"contentUrl\":\"https:\\\/\\\/hojassueltas.es\\\/wp-content\\\/uploads\\\/2024\\\/11\\\/Inaki-Sainz-de-Murieta-L-96x96.png\",\"caption\":\"I\u00f1aki Sainz de Murieta\"},\"description\":\"I\u00f1aki Sainz de Murieta (Donostia-San Sebasti\u00e1n, 1985) es un antrop\u00f3logo, escritor y guionista guipuzcoano de renombre. Cuenta con una profusa producci\u00f3n que figura en el cat\u00e1logo de editoriales de Espa\u00f1a, Argentina y Estados Unidos, siendo la narrativa, el ensayo y el c\u00f3mic los g\u00e9neros que m\u00e1s ha trabajado y por los que m\u00e1s se reconoce su obra. Especialmente reconocida es su colecci\u00f3n juvenil \u00abLas aventuras de Kanide\u00bb, que consta de siete t\u00edtulos hasta la fecha, sin olvidar el c\u00f3mic \u00abHern\u00e1n Cort\u00e9s. Oro p\u00f3lvora y acero\u00bb o la publicaci\u00f3n \u00abNarraciones y leyendas vascas\u00bb.\",\"sameAs\":[\"http:\\\/\\\/www.sainzdemurieta.com\",\"https:\\\/\\\/x.com\\\/imurieta\"],\"url\":\"https:\\\/\\\/hojassueltas.es\\\/?author=83\"}]}<\/script>\n<!-- \/ Yoast SEO plugin. -->","yoast_head_json":{"title":"La leyenda de IZB\u00c8 | IK'HUE | HOJAS SUELTAS Peri\u00f3dico Cultural","description":"NOVELAS POR ENTREGAS: Cuentan que una pareja tuvo un hijo que no respond\u00eda a sus llamadas, ni a la melod\u00eda de los p\u00e1jaros","robots":{"index":"index","follow":"follow","max-snippet":"max-snippet:-1","max-image-preview":"max-image-preview:large","max-video-preview":"max-video-preview:-1"},"canonical":"https:\/\/hojassueltas.es\/?p=18903","og_locale":"es_ES","og_type":"article","og_title":"La leyenda de IZB\u00c8 | IK'HUE | HOJAS SUELTAS Peri\u00f3dico Cultural","og_description":"NOVELAS POR ENTREGAS: Cuentan que una pareja tuvo un hijo que no respond\u00eda a sus llamadas, ni a la melod\u00eda de los p\u00e1jaros","og_url":"https:\/\/hojassueltas.es\/?p=18903","og_site_name":"HOJAS SUELTAS Peri\u00f3dico Cultural","article_published_time":"2025-03-28T23:00:41+00:00","article_modified_time":"2025-03-29T08:01:00+00:00","og_image":[{"width":1050,"height":610,"url":"https:\/\/hojassueltas.es\/wp-content\/uploads\/2025\/03\/La-leyenda_H.S.png","type":"image\/png"}],"author":"I\u00f1aki Sainz de Murieta","twitter_card":"summary_large_image","twitter_creator":"@imurieta","twitter_site":"@HOJASSUELTAS22","twitter_misc":{"Escrito por":"I\u00f1aki Sainz de Murieta","Tiempo de lectura":"4 minutos"},"schema":{"@context":"https:\/\/schema.org","@graph":[{"@type":["Article","BlogPosting"],"@id":"https:\/\/hojassueltas.es\/?p=18903#article","isPartOf":{"@id":"https:\/\/hojassueltas.es\/?p=18903"},"author":{"name":"I\u00f1aki Sainz de Murieta","@id":"https:\/\/hojassueltas.es\/#\/schema\/person\/b89017499a84a01cea76e50cd67be335"},"headline":"La leyenda de IZB\u00c8","datePublished":"2025-03-28T23:00:41+00:00","dateModified":"2025-03-29T08:01:00+00:00","mainEntityOfPage":{"@id":"https:\/\/hojassueltas.es\/?p=18903"},"wordCount":877,"commentCount":0,"publisher":{"@id":"https:\/\/hojassueltas.es\/#organization"},"image":{"@id":"https:\/\/hojassueltas.es\/?p=18903#primaryimage"},"thumbnailUrl":"https:\/\/hojassueltas.es\/wp-content\/uploads\/2025\/03\/La-leyenda_H.S.png","keywords":["I\u00f1aki Sainz de Murieta"],"articleSection":["IK'HUE"],"inLanguage":"es","potentialAction":[{"@type":"CommentAction","name":"Comment","target":["https:\/\/hojassueltas.es\/?p=18903#respond"]}]},{"@type":"WebPage","@id":"https:\/\/hojassueltas.es\/?p=18903","url":"https:\/\/hojassueltas.es\/?p=18903","name":"La leyenda de IZB\u00c8 | IK'HUE | HOJAS SUELTAS Peri\u00f3dico Cultural","isPartOf":{"@id":"https:\/\/hojassueltas.es\/#website"},"primaryImageOfPage":{"@id":"https:\/\/hojassueltas.es\/?p=18903#primaryimage"},"image":{"@id":"https:\/\/hojassueltas.es\/?p=18903#primaryimage"},"thumbnailUrl":"https:\/\/hojassueltas.es\/wp-content\/uploads\/2025\/03\/La-leyenda_H.S.png","datePublished":"2025-03-28T23:00:41+00:00","dateModified":"2025-03-29T08:01:00+00:00","description":"NOVELAS POR ENTREGAS: Cuentan que una pareja tuvo un hijo que no respond\u00eda a sus llamadas, ni a la melod\u00eda de los p\u00e1jaros","breadcrumb":{"@id":"https:\/\/hojassueltas.es\/?p=18903#breadcrumb"},"inLanguage":"es","potentialAction":[{"@type":"ReadAction","target":["https:\/\/hojassueltas.es\/?p=18903"]}]},{"@type":"ImageObject","inLanguage":"es","@id":"https:\/\/hojassueltas.es\/?p=18903#primaryimage","url":"https:\/\/hojassueltas.es\/wp-content\/uploads\/2025\/03\/La-leyenda_H.S.png","contentUrl":"https:\/\/hojassueltas.es\/wp-content\/uploads\/2025\/03\/La-leyenda_H.S.png","width":1050,"height":610},{"@type":"BreadcrumbList","@id":"https:\/\/hojassueltas.es\/?p=18903#breadcrumb","itemListElement":[{"@type":"ListItem","position":1,"name":"Portada","item":"https:\/\/hojassueltas.es\/"},{"@type":"ListItem","position":2,"name":"La leyenda de IZB\u00c8"}]},{"@type":"WebSite","@id":"https:\/\/hojassueltas.es\/#website","url":"https:\/\/hojassueltas.es\/","name":"HojasSueltas.es","description":"GRANADA - Peri\u00f3dico Cultural","publisher":{"@id":"https:\/\/hojassueltas.es\/#organization"},"alternateName":"H.S. Periodico Cultural","potentialAction":[{"@type":"SearchAction","target":{"@type":"EntryPoint","urlTemplate":"https:\/\/hojassueltas.es\/?s={search_term_string}"},"query-input":{"@type":"PropertyValueSpecification","valueRequired":true,"valueName":"search_term_string"}}],"inLanguage":"es"},{"@type":"Organization","@id":"https:\/\/hojassueltas.es\/#organization","name":"HOJAS SUELTAS - Peri\u00f3dico Cultural","alternateName":"HS - HOJAS SUELTAS Peri\u00f3dico Cultural","url":"https:\/\/hojassueltas.es\/","logo":{"@type":"ImageObject","inLanguage":"es","@id":"https:\/\/hojassueltas.es\/#\/schema\/logo\/image\/","url":"https:\/\/hojassueltas.es\/wp-content\/uploads\/2025\/08\/Icono-HS_2.png","contentUrl":"https:\/\/hojassueltas.es\/wp-content\/uploads\/2025\/08\/Icono-HS_2.png","width":500,"height":500,"caption":"HOJAS SUELTAS - Peri\u00f3dico Cultural"},"image":{"@id":"https:\/\/hojassueltas.es\/#\/schema\/logo\/image\/"},"sameAs":["https:\/\/x.com\/HOJASSUELTAS22"]},{"@type":"Person","@id":"https:\/\/hojassueltas.es\/#\/schema\/person\/b89017499a84a01cea76e50cd67be335","name":"I\u00f1aki Sainz de Murieta","image":{"@type":"ImageObject","inLanguage":"es","@id":"https:\/\/hojassueltas.es\/wp-content\/uploads\/2024\/11\/Inaki-Sainz-de-Murieta-L-96x96.png","url":"https:\/\/hojassueltas.es\/wp-content\/uploads\/2024\/11\/Inaki-Sainz-de-Murieta-L-96x96.png","contentUrl":"https:\/\/hojassueltas.es\/wp-content\/uploads\/2024\/11\/Inaki-Sainz-de-Murieta-L-96x96.png","caption":"I\u00f1aki Sainz de Murieta"},"description":"I\u00f1aki Sainz de Murieta (Donostia-San Sebasti\u00e1n, 1985) es un antrop\u00f3logo, escritor y guionista guipuzcoano de renombre. Cuenta con una profusa producci\u00f3n que figura en el cat\u00e1logo de editoriales de Espa\u00f1a, Argentina y Estados Unidos, siendo la narrativa, el ensayo y el c\u00f3mic los g\u00e9neros que m\u00e1s ha trabajado y por los que m\u00e1s se reconoce su obra. Especialmente reconocida es su colecci\u00f3n juvenil \u00abLas aventuras de Kanide\u00bb, que consta de siete t\u00edtulos hasta la fecha, sin olvidar el c\u00f3mic \u00abHern\u00e1n Cort\u00e9s. Oro p\u00f3lvora y acero\u00bb o la publicaci\u00f3n \u00abNarraciones y leyendas vascas\u00bb.","sameAs":["http:\/\/www.sainzdemurieta.com","https:\/\/x.com\/imurieta"],"url":"https:\/\/hojassueltas.es\/?author=83"}]}},"_links":{"self":[{"href":"https:\/\/hojassueltas.es\/index.php?rest_route=\/wp\/v2\/posts\/18903","targetHints":{"allow":["GET"]}}],"collection":[{"href":"https:\/\/hojassueltas.es\/index.php?rest_route=\/wp\/v2\/posts"}],"about":[{"href":"https:\/\/hojassueltas.es\/index.php?rest_route=\/wp\/v2\/types\/post"}],"author":[{"embeddable":true,"href":"https:\/\/hojassueltas.es\/index.php?rest_route=\/wp\/v2\/users\/83"}],"replies":[{"embeddable":true,"href":"https:\/\/hojassueltas.es\/index.php?rest_route=%2Fwp%2Fv2%2Fcomments&post=18903"}],"version-history":[{"count":1,"href":"https:\/\/hojassueltas.es\/index.php?rest_route=\/wp\/v2\/posts\/18903\/revisions"}],"predecessor-version":[{"id":18905,"href":"https:\/\/hojassueltas.es\/index.php?rest_route=\/wp\/v2\/posts\/18903\/revisions\/18905"}],"wp:featuredmedia":[{"embeddable":true,"href":"https:\/\/hojassueltas.es\/index.php?rest_route=\/wp\/v2\/media\/18904"}],"wp:attachment":[{"href":"https:\/\/hojassueltas.es\/index.php?rest_route=%2Fwp%2Fv2%2Fmedia&parent=18903"}],"wp:term":[{"taxonomy":"category","embeddable":true,"href":"https:\/\/hojassueltas.es\/index.php?rest_route=%2Fwp%2Fv2%2Fcategories&post=18903"},{"taxonomy":"post_tag","embeddable":true,"href":"https:\/\/hojassueltas.es\/index.php?rest_route=%2Fwp%2Fv2%2Ftags&post=18903"}],"curies":[{"name":"wp","href":"https:\/\/api.w.org\/{rel}","templated":true}]}}