{"id":18507,"date":"2025-03-12T00:00:55","date_gmt":"2025-03-11T23:00:55","guid":{"rendered":"https:\/\/hojassueltas.es\/?p=18507"},"modified":"2025-03-13T08:16:48","modified_gmt":"2025-03-13T07:16:48","slug":"empar-fernandez-desentranando-los-secretos-de-la-memoria-y-la-culpa-en-la-novela-negra","status":"publish","type":"post","link":"https:\/\/hojassueltas.es\/?p=18507","title":{"rendered":"Empar Fern\u00e1ndez: Desentra\u00f1ando los secretos de la memoria y la culpa en la novela negra"},"content":{"rendered":"<p align=\"justify\"><span style=\"font-family: Cambria Math, serif;\"><span style=\"font-size: large;\">Es un honor presentar a Empar Fern\u00e1ndez, una de las voces m\u00e1s destacadas de la literatura contempor\u00e1nea espa\u00f1ola. Nacida en Barcelona en 1962, ha sabido compaginar su labor como profesora de Historia en un instituto p\u00fablico, con una prol\u00edfica carrera literaria que abarca desde la novela negra hasta la divulgaci\u00f3n hist\u00f3rica. Su obra se caracteriza por una profunda exploraci\u00f3n de la psicolog\u00eda humana y una aguda cr\u00edtica social, elementos que la han consolidado como una autora imprescindible en el panorama literario actual.<\/span><\/span><\/p>\n<p align=\"justify\"><strong><span style=\"font-family: Cambria Math, serif;\"><span style=\"font-size: large;\">Perfil biogr\u00e1fico y bibliogr\u00e1fico:<\/span><\/span><\/strong><\/p>\n<p align=\"justify\"><span style=\"font-family: Cambria Math, serif;\"><span style=\"font-size: large;\">Empar Fern\u00e1ndez G\u00f3mez es licenciada en Psicolog\u00eda Cl\u00ednica y en Historia Contempor\u00e1nea por la Universidad de Barcelona. Adem\u00e1s de su labor docente, ha trabajado como columnista y guionista de documentales hist\u00f3ricos. Su incursi\u00f3n en el mundo literario comenz\u00f3 con la novela \u00abHoracio en la memoria\u00bb (2000), que le vali\u00f3 el XXV Premio C\u00e1ceres de Novela Corta.<\/span><\/span><\/p>\n<p align=\"justify\"><span style=\"font-family: Cambria Math, serif;\"><span style=\"font-size: large;\">A continuaci\u00f3n, rese\u00f1amos una selecci\u00f3n de sus obras m\u00e1s destacadas:<\/span><\/span><\/p>\n<ul>\n<li>\n<p align=\"justify\"><strong><span style=\"font-family: Cambria Math, serif;\"><span style=\"font-size: large;\"><b>\u00abPara que nunca amanezca\u00bb<\/b><\/span><\/span><\/strong><span style=\"font-family: Cambria Math, serif;\"><span style=\"font-size: large;\"> (2001): Una novela que explora los l\u00edmites de la desesperaci\u00f3n humana en situaciones extremas.<\/span><\/span><\/p>\n<\/li>\n<li>\n<p align=\"justify\"><strong><span style=\"font-family: Cambria Math, serif;\"><span style=\"font-size: large;\"><b>\u00abHijos de la derrota\u00bb<\/b><\/span><\/span><\/strong><span style=\"font-family: Cambria Math, serif;\"><span style=\"font-size: large;\"> (2008): Ambientada en la posguerra espa\u00f1ola, narra las vicisitudes de tres ni\u00f1os cuyas vidas se ven marcadas por las decisiones de sus padres al t\u00e9rmino de la Guerra Civil.<\/span><\/span><\/p>\n<\/li>\n<li>\n<p align=\"justify\"><strong><span style=\"font-family: Cambria Math, serif;\"><span style=\"font-size: large;\"><b>\u00abEl loco de las mu\u00f1ecas\u00bb<\/b><\/span><\/span><\/strong><span style=\"font-family: Cambria Math, serif;\"><span style=\"font-size: large;\"> (2008): Finalista del IX Premio Unicaja de Novela Fernando Qui\u00f1ones, esta obra desentra\u00f1a la misteriosa vida de un mendigo a trav\u00e9s de su obsesi\u00f3n por las mu\u00f1ecas.<\/span><\/span><\/p>\n<\/li>\n<li>\n<p align=\"justify\"><strong><span style=\"font-family: Cambria Math, serif;\"><span style=\"font-size: large;\"><b>\u00abMentiras capitales\u00bb<\/b><\/span><\/span><\/strong><span style=\"font-family: Cambria Math, serif;\"><span style=\"font-size: large;\"> (2010): Una historia ambientada en la posguerra que sigue a personajes que huyen a Veracruz en busca de una nueva vida.<\/span><\/span><\/p>\n<\/li>\n<li>\n<p align=\"justify\"><strong><span style=\"font-family: Cambria Math, serif;\"><span style=\"font-size: large;\"><b>\u00abSin causa aparente\u00bb<\/b><\/span><\/span><\/strong><span style=\"font-family: Cambria Math, serif;\"><span style=\"font-size: large;\"> (2011): Novela negra que aborda la investigaci\u00f3n de una serie de cr\u00edmenes sin motivo aparente.<\/span><\/span><\/p>\n<\/li>\n<li>\n<p align=\"justify\"><strong><span style=\"font-family: Cambria Math, serif;\"><span style=\"font-size: large;\"><b>\u00abLa mujer que no baj\u00f3 del avi\u00f3n\u00bb<\/b><\/span><\/span><\/strong><span style=\"font-family: Cambria Math, serif;\"><span style=\"font-size: large;\"> (2014): Primera entrega de la Trilog\u00eda de la Culpa, donde una mujer desaparece misteriosamente durante un vuelo transatl\u00e1ntico.<\/span><\/span><\/p>\n<\/li>\n<li>\n<p align=\"justify\"><strong><span style=\"font-family: Cambria Math, serif;\"><span style=\"font-size: large;\"><b>\u00abLa \u00faltima llamada\u00bb<\/b><\/span><\/span><\/strong><span style=\"font-family: Cambria Math, serif;\"><span style=\"font-size: large;\"> (2015): Segunda parte de la trilog\u00eda, que profundiza en las consecuencias de decisiones pasadas y su impacto en el presente.<\/span><\/span><\/p>\n<\/li>\n<li>\n<p align=\"justify\"><strong><span style=\"font-family: Cambria Math, serif;\"><span style=\"font-size: large;\"><b>\u00abMaldita verdad\u00bb<\/b><\/span><\/span><\/strong><span style=\"font-family: Cambria Math, serif;\"><span style=\"font-size: large;\"> (2016): Cierre de la trilog\u00eda, galardonada con los premios Tenerife Noir y Cubelles Noir, y finalista del Premio Hammett.<\/span><\/span><\/p>\n<\/li>\n<li>\n<p align=\"justify\"><strong><span style=\"font-family: Cambria Math, serif;\"><span style=\"font-size: large;\"><b>\u00abHotel Lutecia\u00bb<\/b><\/span><\/span><\/strong><span style=\"font-family: Cambria Math, serif;\"><span style=\"font-size: large;\"> (2017): Una novela que retrata la vida en el emblem\u00e1tico hotel parisino durante la Segunda Guerra Mundial.<\/span><\/span><\/p>\n<\/li>\n<li>\n<p align=\"justify\"><strong><span style=\"font-family: Cambria Math, serif;\"><span style=\"font-size: large;\"><b>\u00abLa epidemia de la primavera\u00bb<\/b><\/span><\/span><\/strong><span style=\"font-family: Cambria Math, serif;\"><span style=\"font-size: large;\"> (2018): Finalista del Premio Espartaco de Novela Hist\u00f3rica, aborda la pandemia de gripe de 1918 y sus efectos en la sociedad.<\/span><\/span><\/p>\n<\/li>\n<li>\n<p align=\"justify\"><strong><span style=\"font-family: Cambria Math, serif;\"><span style=\"font-size: large;\"><b>\u00abSer\u00e1 nuestro secreto\u00bb<\/b><\/span><\/span><\/strong><span style=\"font-family: Cambria Math, serif;\"><span style=\"font-size: large;\"> (2022): Una novela negra que explora la desaparici\u00f3n de una adolescente en el seno de una familia de la alta burgues\u00eda barcelonesa.<\/span><\/span><\/p>\n<\/li>\n<li>\n<p align=\"justify\"><strong><span style=\"font-family: Cambria Math, serif;\"><span style=\"font-size: large;\"><b>\u00abEl miedo en el cuerpo\u00bb<\/b><\/span><\/span><\/strong><span style=\"font-family: Cambria Math, serif;\"><span style=\"font-size: large;\"> (2023): Segunda entrega de la serie protagonizada por el inspector Mauricio Tedesco, galardonada con el Premio Hammett de la Semana Negra de Gij\u00f3n en 2024. Explora los efectos del miedo en la vida cotidiana de personajes aparentemente comunes, revelando sus peores temores y su lucha por enfrentarlos.<\/span><\/span><\/p>\n<\/li>\n<li>\n<p align=\"justify\"><strong><span style=\"font-family: Cambria Math, serif;\"><span style=\"font-size: large;\"><b>Ser\u00e1 nuestro secreto<\/b><\/span><\/span><\/strong><b> <\/b><span style=\"font-family: Cambria Math, serif;\"><span style=\"font-size: large;\">(2020) Novela de intriga psicol\u00f3gica donde una mujer descubre, tras la muerte de su esposo, que este guardaba un secreto perturbador que cambiar\u00e1 su percepci\u00f3n de la realidad.<\/span><\/span><\/p>\n<\/li>\n<\/ul>\n<ul>\n<li>\n<p align=\"justify\"><strong><span style=\"font-family: Cambria Math, serif;\"><span style=\"font-size: large;\"><b>El instante en que se encienden las farolas<\/b><\/span><\/span><\/strong><span style=\"font-family: Cambria Math, serif;\"><span style=\"font-size: large;\"> (2025)<br \/>\nSu m\u00e1s reciente novela, donde aborda la fragilidad de la memoria y la identidad en un contexto de desapariciones y reencuentros inesperados.<\/span><\/span><\/p>\n<\/li>\n<\/ul>\n<p align=\"justify\"><span style=\"font-family: Cambria Math, serif;\"><span style=\"font-size: large;\">Adem\u00e1s de su obra en solitario, ha colaborado con otros autores, como Pablo Bonell Goytisolo, con quien coescribi\u00f3 la serie de novelas negras protagonizadas por el inspector Santiago Escalona: \u00abCienfuegos, 17 de agosto\u00bb (2004), \u00abLas cosas de la muerte\u00bb (2006), \u00abMala sangre\u00bb (2007) y \u00abUn mal d\u00eda para morir\u00bb (2009). Tambi\u00e9n ha trabajado junto a Judith Pujad\u00f3 en obras sat\u00edricas como \u00abPlaneta ESO\u00bb (2002), galardonada con el Premio Pere Quart de Humor y S\u00e1tira, y \u00ab30, 40, l&#8217;edat amarganta\u00bb (2004).<\/span><\/span><\/p>\n<p align=\"justify\"><span style=\"font-family: Cambria Math, serif;\"><span style=\"font-size: large;\">Su obra ha recibido una c\u00e1lida acogida consolidando su reputaci\u00f3n m\u00e1s all\u00e1 de las fronteras espa\u00f1olas. Entre los reconocimientos obtenidos, destacan el Premio Rejadorada de Novela Breve por \u00abLa cicatriz\u00bb (2009) y el Memorial Antonio Lozano del Festival Granada Noir en 2022, por su empe\u00f1o en evidenciar la desigualdad y la injusticia social presentes en toda su obra.<\/span><\/span><\/p>\n<p align=\"justify\"><span style=\"font-family: Cambria Math, serif;\"><span style=\"font-size: large;\">En diversas entrevistas, Empar Fern\u00e1ndez ha compartido reflexiones que ofrecen una visi\u00f3n profunda de su proceso creativo y su perspectiva sobre la literatura. A continuaci\u00f3n, recopilamos algunas de sus declaraciones m\u00e1s destacadas:<\/span><\/span><\/p>\n<ul>\n<li>\n<p align=\"justify\"><span style=\"font-family: Cambria Math, serif;\"><span style=\"font-size: large;\">\u00abIntento siempre construir personajes completos, convincentes; detesto los personajes planos que ofrecen al lector una \u00fanica faceta de s\u00ed mismos\u00bb <\/span><\/span><\/p>\n<\/li>\n<li>\n<p align=\"justify\"><span style=\"font-family: Cambria Math, serif;\"><span style=\"font-size: large;\">\u00abHe escrito algunas de mis novelas a partir de la pura y dura observaci\u00f3n de la realidad, de una noticia breve aparecida en un diario&#8230;\u00bb <\/span><\/span><\/p>\n<\/li>\n<li>\n<p align=\"justify\"><span style=\"font-family: Cambria Math, serif;\"><span style=\"font-size: large;\">\u00abPrefiero pensar que la novela negra sirve para elaborar una cr\u00f3nica de la realidad m\u00e1s oscura. Prefiero la palabra cr\u00f3nica o relato social a la expresi\u00f3n denuncia\u00bb <\/span><\/span><\/p>\n<\/li>\n<li>\n<p align=\"justify\"><span style=\"font-family: Cambria Math, serif;\"><span style=\"font-size: large;\">\u00abEscribo siempre en un sill\u00f3n con un ordenador muy peque\u00f1o y siempre a la misma hora, a partir de las 9 de la ma\u00f1ana tras el primer caf\u00e9 y la lectura de la prensa. Necesito silencio absoluto\u00bb <\/span><\/span><\/p>\n<\/li>\n<\/ul>\n<p><span style=\"font-size: 16px;\">Seguidamente, Empar <span class=\"x_relative x_-mx-px x_my-[-0.2rem] x_rounded x_px-px x_py-[0.2rem]\">nos ofrece una visi\u00f3n detallada de su obra y experiencia.<\/span><\/span><\/p>\n<p class=\"western\" align=\"justify\"><span style=\"font-size: 14px;\"><strong><b>Sobre el proceso creativo y construcci\u00f3n de historias<\/b><\/strong><\/span><\/p>\n<p class=\"western\" align=\"justify\"><strong>HOJAS SUELTAS: <\/strong><span style=\"font-family: georgia, palatino, serif; font-size: 16px;\">Su obra ha explorado el peso de la culpa, la memoria y la identidad. \u00bfDe d\u00f3nde nace esa necesidad de abordar estos temas en sus novelas?<\/span><\/p>\n<p class=\"western\" align=\"justify\"><strong>EMPAR FERN\u00c1NDEZ:<\/strong> Son temas que me interesan, en especial un sentimiento tan subjetivo y dif\u00edcil de explicar como es la culpa. Por otra parte son temas muy relacionados con el lado oscuro del ser humano y abordables desde la novela negra. Tambi\u00e9n me interesa la fatalidad, el estar en el lugar menos adecuado en un momento inapropiado.<\/p>\n<p class=\"western\" align=\"justify\"><strong>H.S.: <\/strong><span style=\"font-family: georgia, palatino, serif; font-size: 16px;\">La atm\u00f3sfera es un elemento clave en la novela negra. \u00bfC\u00f3mo trabaja la ambientaci\u00f3n en sus historias para lograr esa sensaci\u00f3n de inquietud constante?<\/span><\/p>\n<p class=\"western\" align=\"justify\"><strong>E.F.: <\/strong>Poniendo toda mi atenci\u00f3n en el detalle que completa una descripci\u00f3n, en las sensaciones que recibir\u00edan los personajes en determinado escenario y en un instante concreto. Conseguir retratar la atm\u00f3sfera que rodea la acci\u00f3n es imprescindible en el g\u00e9nero negro que nos ofrece ejemplos magn\u00edficos de recreaci\u00f3n de atm\u00f3sferas.<\/p>\n<p class=\"western\" align=\"justify\"><strong>H.S.:<\/strong> <span style=\"font-family: georgia, palatino, serif; font-size: 16px;\">Su escritura se caracteriza por una profundidad psicol\u00f3gica notable en los personajes. \u00bfCu\u00e1l es el proceso para construirlos? \u00bfTiene alguna metodolog\u00eda particular?<\/span><\/p>\n<p class=\"western\" align=\"justify\"><strong>E.F.:<\/strong> Trato de ponerme en la piel, en los zapatos, de cada personaje y de mirar desde sus ojos, de adoptar su mirada. Un novelista es un actor t\u00edmido que recrea todos los personajes, desde el primero al \u00faltimo, desde el principal a aquel que tiene una aparici\u00f3n fugaz. Por otra parte creo que mi formaci\u00f3n en psicolog\u00eda cl\u00ednica me permite atribuirles caracter\u00edsticas que los individualizan y conseguir dibujar protagonistas y secundarios con un perfil propio.<\/p>\n<p class=\"western\" align=\"justify\"><strong>H.S.:<\/strong> <span style=\"font-family: georgia, palatino, serif; font-size: 16px;\">Ha escrito en solitario y tambi\u00e9n en colaboraci\u00f3n con Pablo Bonell Goytisolo. \u00bfC\u00f3mo cambia el proceso de escritura al trabajar con otro autor?<\/span><\/p>\n<p class=\"western\" align=\"justify\"><strong>E.F.:<\/strong>Trabajar con otro autor exige aparcar el propio ego y aprender a considerar que la opini\u00f3n de tu c\u00f3mplice es tan valiosa como la tuya. No es f\u00e1cil y obliga a negociar constantemente. Es mucho m\u00e1s complejo y m\u00e1s lento que escribir en solitario, pero tambi\u00e9n es m\u00e1s gratificante.<\/p>\n<p class=\"western\" align=\"justify\"><strong>H.S.:<\/strong> <span style=\"font-family: georgia, palatino, serif; font-size: 16px;\">En muchas de sus novelas los personajes arrastran cicatrices del pasado. \u00bfCree que la literatura tiene el poder de exorcizar nuestros fantasmas personales?<\/span><\/p>\n<p class=\"western\" align=\"justify\"><strong>E.F.: <\/strong>Creo que la literatura puede ayudarnos a comprenderlos, a dejar de tener miedo a nuestros traumas personales, a nuestros miedos y a nuestros fantaamas. Nos permite familiarizarnos con todos ellos e identificar nuestras propias emociones al respecto, siempre hay alg\u00fan autor que ha hablado de ellas en alguna de sus novelas. Creo que la literatura nos ayuda a comprender la vida en toda su complejidad.<\/p>\n<p class=\"western\" align=\"justify\"><strong>Respecto al g\u00e9nero negro y su evoluci\u00f3n<\/strong><\/p>\n<p class=\"western\" align=\"justify\"><strong>H.S.:<\/strong> <span style=\"font-family: georgia, palatino, serif; font-size: 16px;\">\u00bfC\u00f3mo percibe la evoluci\u00f3n de la novela negra en Espa\u00f1a en los \u00faltimos a\u00f1os? \u00bfHay una mayor apertura a nuevos enfoques y protagonistas diferentes?<\/span><\/p>\n<p class=\"western\" align=\"justify\"><strong>E.F.:<\/strong> Desde luego, hay una mayor apertura y una gran dosis de creatividad. Y as\u00ed debe ser. Los novelistas seguimos innovando, buscando nuevos temas y diferentes enfoques. Creamos nuevos escenarios, nuevos protagonistas, perseguimos la originalidad y el cambio, La novela negra, como cualquier otro g\u00e9nero, debe evolucionar, est\u00e1 obligada a adaptarse a una sociedad que se transforma a un ritmo endiablado, no puede ce\u00f1irse a los patrones que funcionaban hace muchas d\u00e9cadas.<\/p>\n<p class=\"western\" align=\"justify\"><strong>H.S.:<\/strong> <span style=\"font-family: georgia, palatino, serif; font-size: 16px;\">\u00bfQu\u00e9 opina de la etiqueta \u00abnovela negra mediterr\u00e1nea\u00bb? \u00bfCree que existe un sello distintivo en las historias que se desarrollan en este contexto geogr\u00e1fico?<\/span><\/p>\n<p class=\"western\" align=\"justify\"><strong>E.F.:<\/strong> Creo que es una \u201cetiqueta\u201d que sirve \u00fanicamente para diferenciarla de la escrita en otras latitudes como la novela n\u00f3rdica o la americana. En la novela negra mediterr\u00e1nea podemos detectar una gran diversidad, lo mismo ocurre con la novela escrita en un mismo pa\u00eds. Precisar\u00edamos muchas m\u00e1s etiquetas para lograr una clasificaci\u00f3n que, a mi entender, resulta imposible e innecesaria.<\/p>\n<p class=\"western\" align=\"justify\"><strong>H.S.:<\/strong> <span style=\"font-family: georgia, palatino, serif; font-size: 16px;\">En su trilog\u00eda de la culpa, el crimen no siempre es el centro de la trama, sino una consecuencia de los dilemas morales de los personajes. \u00bfConsidera que la novela negra debe ir m\u00e1s all\u00e1 del crimen y la resoluci\u00f3n del caso?<\/span><\/p>\n<p class=\"western\" align=\"justify\"><strong>E.F.:<\/strong> S\u00ed. Sin ninguna duda. La novela negra debe plantear situaciones inc\u00f3modas, dilemas, injusticias&#8230; Debe obligar al lector a reflexiona, aunque no siempre se trate de una reflexi\u00f3n consciente, y en ocasiones a posicionarse respecto a los hechos narrados. Ahora que tan de moda est\u00e1 hablar del esp\u00edritu cr\u00edtico, la novela negra es su inductora por excelencia.<\/p>\n<p class=\"western\" align=\"justify\"><strong>H.S.:<\/strong> <span style=\"font-family: georgia, palatino, serif; font-size: 16px;\">En \u00abHotel Lutecia\u00bb y otras obras, aborda episodios hist\u00f3ricos importantes. \u00bfC\u00f3mo decide cu\u00e1ndo y c\u00f3mo incorporar la historia en tu narrativa?<\/span><\/p>\n<p class=\"western\" align=\"justify\"><strong>E.F.:<\/strong> Desde hace a\u00f1os escribo novela negra y novela hist\u00f3rica contempor\u00e1nea. Me interesan ambos g\u00e9neros, pero no los mezclo. Si escribo novela hist\u00f3rica no incluyo una trama negra y si escribo novela negra me sit\u00fao temporalmente en el momento actual. Mentiras capitales fue mi primera novela hist\u00f3rica. M\u00e1s tarde publiqu\u00e9 Hotel Lutecia, Irina y La epidemia de la primavera. Para emprender la escritura de una novela hist\u00f3rica necesito encontrar un episodio que considere que merece la pena ser contado.<\/p>\n<p class=\"western\" align=\"justify\"><strong>H.S.:<\/strong> <span style=\"font-family: georgia, palatino, serif; font-size: 16px;\">\u00bfCu\u00e1les son los desaf\u00edos de escribir una novela negra en una sociedad donde la realidad ya supera a la ficci\u00f3n en t\u00e9rminos de violencia e incertidumbre?<\/span><\/p>\n<p class=\"western\" align=\"justify\"><strong>E.F.:<\/strong> Para m\u00ed el desaf\u00edo consiste en lograr atraer la atenci\u00f3n del lector sin abusar de la violencia y de los m\u00faltiples giros narrativos poco veros\u00edmiles. Me interesa que la persona que se adentra en una de mis novelas llegue a la conclusi\u00f3n de que lo que en ella se narra podr\u00eda llegar a suceder.<\/p>\n<h5 class=\"western\" align=\"justify\"><strong><b>Relaci\u00f3n con los lectores<\/b><\/strong><\/h5>\n<p class=\"western\" align=\"justify\"><strong>H.S.:<\/strong> <span style=\"font-family: georgia, palatino, serif; font-size: 16px;\">Ha recibido premios como el Ciudad de Santa Cruz de Novela Negra y ha sido finalista en otros prestigiosos cert\u00e1menes. \u00bfQu\u00e9 significan estos reconocimientos en su carrera?<\/span><\/p>\n<p class=\"western\" align=\"justify\"><strong>E.F.:<\/strong> Los premios equivalen a la palmada en la espalda que te indica que est\u00e1s en el buen camino, que lo que haces gusta, interesa y tiene una calidad digna de menci\u00f3n. Resultan satisfactorios y a menudo sirven para elevar el \u00e1nimo en los momentos dif\u00edciles. Raramente su proyecci\u00f3n se refleja en las ventas.<\/p>\n<p class=\"western\" align=\"justify\"><strong>H.S.:<\/strong> <span style=\"font-family: georgia, palatino, serif; font-size: 16px;\">En las ferias y festivales de literatura negra, el contacto con los lectores es directo. \u00bfC\u00f3mo influyen sus comentarios en su forma de abordar nuevas historias?<\/span><\/p>\n<p class=\"western\" align=\"justify\"><strong>E.F.:<\/strong> La verdad es que influyen positivamente en mi \u00e1nimo si son comentarios elogiosos, pero no acostumbro a adaptar una trama o a modificar mi estilo por el hecho de haber recibido una determinada opini\u00f3n. Si un lector me se\u00f1ala la conveniencia de adoptar un recurso narrativo u otro, de dar a mis historias un final m\u00e1s esperanzado o de continuar con un personaje destinado a desaparecer; escucho atentamente, pero no modifico mi planteamiento.<\/p>\n<p class=\"western\" align=\"justify\"><strong>H.S.:<\/strong> <span style=\"font-family: georgia, palatino, serif; font-size: 16px;\">\u00bfQu\u00e9 novela suya recomendar\u00edas a alguien que nunca ha le\u00eddo Su obra y por qu\u00e9?<\/span><\/p>\n<p class=\"western\" align=\"justify\"><strong>E.F.: <\/strong>En Novela negra: <em>El miedo en el cuerpo<\/em>, Premio Hammet 2024, por su originalidad. En Novela hist\u00f3rica: <em>La epidemia de la primavera<\/em> que describe los efectos de la gripe espa\u00f1ola, porque el lector encontrar\u00e1 paralelismos evidentes con lo sucedido recientemente con la forma de enfrentarmos al coronavirus.<\/p>\n<p class=\"western\" align=\"justify\"><strong>H.S.:<\/strong> <span style=\"font-family: georgia, palatino, serif; font-size: 16px;\">\u00bfPuede adelantar a los lectores de Hojas Sueltas en qu\u00e9 est\u00e1 trabajando actualmente? \u00bfSigue explorando la novela negra o le gustar\u00eda incursionar en otros g\u00e9neros?<\/span><\/p>\n<p class=\"western\" align=\"justify\"><strong>E.F.:<\/strong> El lunes 10 de marzo publico una nueva novela negra <em>El instante en que se encienden las farolas<\/em> de la mano de la editorial Alrev\u00e9s. Estoy trabajando en una nueva novela de g\u00e9nero negro, la cuarta protagonizada por el inspector Mauricio Tedesco, y dentro de unos meses publicar\u00e9 una novela juvenil destinada a lectores a partir de 13-14 a\u00f1os.<\/p>\n<p class=\"western\" align=\"justify\"><strong>H.S.:<\/strong> <span style=\"font-size: 16px; font-family: georgia, palatino, serif;\">Para finalizar, \u00bfcu\u00e1l es la mejor lecci\u00f3n que la literatura le ha ense\u00f1ado, tanto como lectora como escritora?<\/span><\/p>\n<p class=\"western\" align=\"justify\"><strong>E.F.: <\/strong>Que una novela ofrece, y debe ofrecer, entretenimiento, evasi\u00f3n, debe estimular la imaginaci\u00f3n facilitando la posibilidad de teletransportarte a otras \u00e9pocas, a otros paisajes, a otras situaciones&#8230; Como lectora puedo asegurar que aquel que experimenta el placer de leer ficci\u00f3n posee un verdadero tesoro.<\/p>\n<p style=\"text-align: center;\" align=\"justify\">oOo<\/p>\n<p style=\"text-align: justify;\" align=\"justify\"><span style=\"font-family: verdana, geneva, sans-serif; font-size: 16px;\">A lo largo de esta conversaci\u00f3n, Empar Fern\u00e1ndez nos ha ofrecido una mirada profunda y l\u00facida sobre su universo narrativo, sus obsesiones literarias y la manera en que construye sus historias. Con una trayectoria marcada por la exploraci\u00f3n de las emociones humanas y el peso del pasado, su obra sigue consolid\u00e1ndose como una referencia en la narrativa actual.<\/span><\/p>\n<p style=\"text-align: justify;\"><span style=\"font-family: verdana, geneva, sans-serif; font-size: 16px;\">Sus respuestas reflejan no solo su dominio del oficio, sino tambi\u00e9n su compromiso con una literatura que interroga, que incomoda y que deja huella en el lector. En tiempos en los que la prisa parece imponerse al pensamiento pausado, su voz nos recuerda la importancia de la memoria, de los matices y de la complejidad de los personajes que habitan sus p\u00e1ginas.<\/span><\/p>\n<p><span style=\"font-family: verdana, geneva, sans-serif; font-size: 16px;\">Un testimonio valioso que confirma por qu\u00e9 Empar <\/span>Fern\u00e1ndez es una de las autoras m\u00e1s interesantes de nuestro panorama literario.<\/p>\n<p style=\"text-align: justify;\"><span style=\"font-size: 16px;\">Muy agradecidos por las respuestas, nuestros lectores, como nosotros estamos encantados.<\/span><\/p>\n<p><strong>Redacci\u00f3n<\/strong><\/p>\n","protected":false},"excerpt":{"rendered":"<p>Es un honor presentar a Empar Fern\u00e1ndez, una de las voces m\u00e1s destacadas de la literatura contempor\u00e1nea espa\u00f1ola. Nacida en Barcelona en 1962, ha sabido compaginar su labor como profesora de Historia en un instituto p\u00fablico, con una prol\u00edfica carrera literaria que abarca desde la novela negra hasta la divulgaci\u00f3n hist\u00f3rica. Su obra se caracteriza [&hellip;]<\/p>\n","protected":false},"author":1,"featured_media":18536,"comment_status":"open","ping_status":"closed","sticky":false,"template":"","format":"standard","meta":{"footnotes":""},"categories":[1760],"tags":[416],"class_list":{"0":"post-18507","1":"post","2":"type-post","3":"status-publish","4":"format-standard","5":"has-post-thumbnail","7":"category-entrevistas-autores","8":"tag-empar-fernandez"},"yoast_head":"<!-- This site is optimized with the Yoast SEO plugin v27.4 - https:\/\/yoast.com\/product\/yoast-seo-wordpress\/ -->\n<title>Empar Fern\u00e1ndez: Desentra\u00f1ando los secretos de la memoria y la culpa en la novela negra | Entrevistas | HOJAS SUELTAS Peri\u00f3dico Cultural<\/title>\n<meta name=\"description\" content=\"Entrevistas: Un testimonio valioso que confirma por qu\u00e9 Empar Fern\u00e1ndez es una de las autoras m\u00e1s interesantes de nuestro panorama literario.\" \/>\n<meta name=\"robots\" content=\"index, follow, max-snippet:-1, max-image-preview:large, max-video-preview:-1\" \/>\n<link rel=\"canonical\" href=\"https:\/\/hojassueltas.es\/?p=18507\" \/>\n<meta property=\"og:locale\" content=\"es_ES\" \/>\n<meta property=\"og:type\" content=\"article\" \/>\n<meta property=\"og:title\" content=\"Empar Fern\u00e1ndez: Desentra\u00f1ando los secretos de la memoria y la culpa en la novela negra | Entrevistas | HOJAS SUELTAS Peri\u00f3dico Cultural\" \/>\n<meta property=\"og:description\" content=\"Entrevistas: Un testimonio valioso que confirma por qu\u00e9 Empar Fern\u00e1ndez es una de las autoras m\u00e1s interesantes de nuestro panorama literario.\" \/>\n<meta property=\"og:url\" content=\"https:\/\/hojassueltas.es\/?p=18507\" \/>\n<meta property=\"og:site_name\" content=\"HOJAS SUELTAS Peri\u00f3dico Cultural\" \/>\n<meta property=\"article:published_time\" content=\"2025-03-11T23:00:55+00:00\" \/>\n<meta property=\"article:modified_time\" content=\"2025-03-13T07:16:48+00:00\" \/>\n<meta property=\"og:image\" content=\"https:\/\/hojassueltas.es\/wp-content\/uploads\/2025\/03\/Empar-Fernandez_H.S.1.png\" \/>\n\t<meta property=\"og:image:width\" content=\"1050\" \/>\n\t<meta property=\"og:image:height\" content=\"610\" \/>\n\t<meta property=\"og:image:type\" content=\"image\/png\" \/>\n<meta name=\"author\" content=\"Redacci\u00f3n\" \/>\n<meta name=\"twitter:card\" content=\"summary_large_image\" \/>\n<meta name=\"twitter:creator\" content=\"@HOJASSUELTAS22\" \/>\n<meta name=\"twitter:site\" content=\"@HOJASSUELTAS22\" \/>\n<meta name=\"twitter:label1\" content=\"Escrito por\" \/>\n\t<meta name=\"twitter:data1\" content=\"Redacci\u00f3n\" \/>\n\t<meta name=\"twitter:label2\" content=\"Tiempo de lectura\" \/>\n\t<meta name=\"twitter:data2\" content=\"11 minutos\" \/>\n<script type=\"application\/ld+json\" class=\"yoast-schema-graph\">{\"@context\":\"https:\\\/\\\/schema.org\",\"@graph\":[{\"@type\":[\"Article\",\"BlogPosting\"],\"@id\":\"https:\\\/\\\/hojassueltas.es\\\/?p=18507#article\",\"isPartOf\":{\"@id\":\"https:\\\/\\\/hojassueltas.es\\\/?p=18507\"},\"author\":{\"name\":\"Redacci\u00f3n\",\"@id\":\"https:\\\/\\\/hojassueltas.es\\\/#\\\/schema\\\/person\\\/f232bbdb834c61c90aff2245daa401c0\"},\"headline\":\"Empar Fern\u00e1ndez: Desentra\u00f1ando los secretos de la memoria y la culpa en la novela negra\",\"datePublished\":\"2025-03-11T23:00:55+00:00\",\"dateModified\":\"2025-03-13T07:16:48+00:00\",\"mainEntityOfPage\":{\"@id\":\"https:\\\/\\\/hojassueltas.es\\\/?p=18507\"},\"wordCount\":2487,\"commentCount\":0,\"publisher\":{\"@id\":\"https:\\\/\\\/hojassueltas.es\\\/#organization\"},\"image\":{\"@id\":\"https:\\\/\\\/hojassueltas.es\\\/?p=18507#primaryimage\"},\"thumbnailUrl\":\"https:\\\/\\\/hojassueltas.es\\\/wp-content\\\/uploads\\\/2025\\\/03\\\/Empar-Fernandez_H.S.1.png\",\"keywords\":[\"Empar Fern\u00e1ndez\"],\"articleSection\":[\"Entrevistas\"],\"inLanguage\":\"es\",\"potentialAction\":[{\"@type\":\"CommentAction\",\"name\":\"Comment\",\"target\":[\"https:\\\/\\\/hojassueltas.es\\\/?p=18507#respond\"]}]},{\"@type\":\"WebPage\",\"@id\":\"https:\\\/\\\/hojassueltas.es\\\/?p=18507\",\"url\":\"https:\\\/\\\/hojassueltas.es\\\/?p=18507\",\"name\":\"Empar Fern\u00e1ndez: Desentra\u00f1ando los secretos de la memoria y la culpa en la novela negra | Entrevistas | HOJAS SUELTAS Peri\u00f3dico Cultural\",\"isPartOf\":{\"@id\":\"https:\\\/\\\/hojassueltas.es\\\/#website\"},\"primaryImageOfPage\":{\"@id\":\"https:\\\/\\\/hojassueltas.es\\\/?p=18507#primaryimage\"},\"image\":{\"@id\":\"https:\\\/\\\/hojassueltas.es\\\/?p=18507#primaryimage\"},\"thumbnailUrl\":\"https:\\\/\\\/hojassueltas.es\\\/wp-content\\\/uploads\\\/2025\\\/03\\\/Empar-Fernandez_H.S.1.png\",\"datePublished\":\"2025-03-11T23:00:55+00:00\",\"dateModified\":\"2025-03-13T07:16:48+00:00\",\"description\":\"Entrevistas: Un testimonio valioso que confirma por qu\u00e9 Empar Fern\u00e1ndez es una de las autoras m\u00e1s interesantes de nuestro panorama literario.\",\"breadcrumb\":{\"@id\":\"https:\\\/\\\/hojassueltas.es\\\/?p=18507#breadcrumb\"},\"inLanguage\":\"es\",\"potentialAction\":[{\"@type\":\"ReadAction\",\"target\":[\"https:\\\/\\\/hojassueltas.es\\\/?p=18507\"]}]},{\"@type\":\"ImageObject\",\"inLanguage\":\"es\",\"@id\":\"https:\\\/\\\/hojassueltas.es\\\/?p=18507#primaryimage\",\"url\":\"https:\\\/\\\/hojassueltas.es\\\/wp-content\\\/uploads\\\/2025\\\/03\\\/Empar-Fernandez_H.S.1.png\",\"contentUrl\":\"https:\\\/\\\/hojassueltas.es\\\/wp-content\\\/uploads\\\/2025\\\/03\\\/Empar-Fernandez_H.S.1.png\",\"width\":1050,\"height\":610},{\"@type\":\"BreadcrumbList\",\"@id\":\"https:\\\/\\\/hojassueltas.es\\\/?p=18507#breadcrumb\",\"itemListElement\":[{\"@type\":\"ListItem\",\"position\":1,\"name\":\"Portada\",\"item\":\"https:\\\/\\\/hojassueltas.es\\\/\"},{\"@type\":\"ListItem\",\"position\":2,\"name\":\"Empar Fern\u00e1ndez: Desentra\u00f1ando los secretos de la memoria y la culpa en la novela negra\"}]},{\"@type\":\"WebSite\",\"@id\":\"https:\\\/\\\/hojassueltas.es\\\/#website\",\"url\":\"https:\\\/\\\/hojassueltas.es\\\/\",\"name\":\"HojasSueltas.es\",\"description\":\"GRANADA - Peri\u00f3dico Cultural\",\"publisher\":{\"@id\":\"https:\\\/\\\/hojassueltas.es\\\/#organization\"},\"alternateName\":\"H.S. Periodico Cultural\",\"potentialAction\":[{\"@type\":\"SearchAction\",\"target\":{\"@type\":\"EntryPoint\",\"urlTemplate\":\"https:\\\/\\\/hojassueltas.es\\\/?s={search_term_string}\"},\"query-input\":{\"@type\":\"PropertyValueSpecification\",\"valueRequired\":true,\"valueName\":\"search_term_string\"}}],\"inLanguage\":\"es\"},{\"@type\":\"Organization\",\"@id\":\"https:\\\/\\\/hojassueltas.es\\\/#organization\",\"name\":\"HOJAS SUELTAS - Peri\u00f3dico Cultural\",\"alternateName\":\"HS - HOJAS SUELTAS Peri\u00f3dico Cultural\",\"url\":\"https:\\\/\\\/hojassueltas.es\\\/\",\"logo\":{\"@type\":\"ImageObject\",\"inLanguage\":\"es\",\"@id\":\"https:\\\/\\\/hojassueltas.es\\\/#\\\/schema\\\/logo\\\/image\\\/\",\"url\":\"https:\\\/\\\/hojassueltas.es\\\/wp-content\\\/uploads\\\/2025\\\/08\\\/Icono-HS_2.png\",\"contentUrl\":\"https:\\\/\\\/hojassueltas.es\\\/wp-content\\\/uploads\\\/2025\\\/08\\\/Icono-HS_2.png\",\"width\":500,\"height\":500,\"caption\":\"HOJAS SUELTAS - Peri\u00f3dico Cultural\"},\"image\":{\"@id\":\"https:\\\/\\\/hojassueltas.es\\\/#\\\/schema\\\/logo\\\/image\\\/\"},\"sameAs\":[\"https:\\\/\\\/x.com\\\/HOJASSUELTAS22\"]},{\"@type\":\"Person\",\"@id\":\"https:\\\/\\\/hojassueltas.es\\\/#\\\/schema\\\/person\\\/f232bbdb834c61c90aff2245daa401c0\",\"name\":\"Redacci\u00f3n\",\"image\":{\"@type\":\"ImageObject\",\"inLanguage\":\"es\",\"@id\":\"https:\\\/\\\/hojassueltas.es\\\/wp-content\\\/uploads\\\/2026\\\/02\\\/Redaccion-2-96x96.png\",\"url\":\"https:\\\/\\\/hojassueltas.es\\\/wp-content\\\/uploads\\\/2026\\\/02\\\/Redaccion-2-96x96.png\",\"contentUrl\":\"https:\\\/\\\/hojassueltas.es\\\/wp-content\\\/uploads\\\/2026\\\/02\\\/Redaccion-2-96x96.png\",\"caption\":\"Redacci\u00f3n\"},\"description\":\"Redacci\u00f3n de HOJAS SUELTAS\",\"url\":\"https:\\\/\\\/hojassueltas.es\\\/?author=1\"}]}<\/script>\n<!-- \/ Yoast SEO plugin. -->","yoast_head_json":{"title":"Empar Fern\u00e1ndez: Desentra\u00f1ando los secretos de la memoria y la culpa en la novela negra | Entrevistas | HOJAS SUELTAS Peri\u00f3dico Cultural","description":"Entrevistas: Un testimonio valioso que confirma por qu\u00e9 Empar Fern\u00e1ndez es una de las autoras m\u00e1s interesantes de nuestro panorama literario.","robots":{"index":"index","follow":"follow","max-snippet":"max-snippet:-1","max-image-preview":"max-image-preview:large","max-video-preview":"max-video-preview:-1"},"canonical":"https:\/\/hojassueltas.es\/?p=18507","og_locale":"es_ES","og_type":"article","og_title":"Empar Fern\u00e1ndez: Desentra\u00f1ando los secretos de la memoria y la culpa en la novela negra | Entrevistas | HOJAS SUELTAS Peri\u00f3dico Cultural","og_description":"Entrevistas: Un testimonio valioso que confirma por qu\u00e9 Empar Fern\u00e1ndez es una de las autoras m\u00e1s interesantes de nuestro panorama literario.","og_url":"https:\/\/hojassueltas.es\/?p=18507","og_site_name":"HOJAS SUELTAS Peri\u00f3dico Cultural","article_published_time":"2025-03-11T23:00:55+00:00","article_modified_time":"2025-03-13T07:16:48+00:00","og_image":[{"width":1050,"height":610,"url":"https:\/\/hojassueltas.es\/wp-content\/uploads\/2025\/03\/Empar-Fernandez_H.S.1.png","type":"image\/png"}],"author":"Redacci\u00f3n","twitter_card":"summary_large_image","twitter_creator":"@HOJASSUELTAS22","twitter_site":"@HOJASSUELTAS22","twitter_misc":{"Escrito por":"Redacci\u00f3n","Tiempo de lectura":"11 minutos"},"schema":{"@context":"https:\/\/schema.org","@graph":[{"@type":["Article","BlogPosting"],"@id":"https:\/\/hojassueltas.es\/?p=18507#article","isPartOf":{"@id":"https:\/\/hojassueltas.es\/?p=18507"},"author":{"name":"Redacci\u00f3n","@id":"https:\/\/hojassueltas.es\/#\/schema\/person\/f232bbdb834c61c90aff2245daa401c0"},"headline":"Empar Fern\u00e1ndez: Desentra\u00f1ando los secretos de la memoria y la culpa en la novela negra","datePublished":"2025-03-11T23:00:55+00:00","dateModified":"2025-03-13T07:16:48+00:00","mainEntityOfPage":{"@id":"https:\/\/hojassueltas.es\/?p=18507"},"wordCount":2487,"commentCount":0,"publisher":{"@id":"https:\/\/hojassueltas.es\/#organization"},"image":{"@id":"https:\/\/hojassueltas.es\/?p=18507#primaryimage"},"thumbnailUrl":"https:\/\/hojassueltas.es\/wp-content\/uploads\/2025\/03\/Empar-Fernandez_H.S.1.png","keywords":["Empar Fern\u00e1ndez"],"articleSection":["Entrevistas"],"inLanguage":"es","potentialAction":[{"@type":"CommentAction","name":"Comment","target":["https:\/\/hojassueltas.es\/?p=18507#respond"]}]},{"@type":"WebPage","@id":"https:\/\/hojassueltas.es\/?p=18507","url":"https:\/\/hojassueltas.es\/?p=18507","name":"Empar Fern\u00e1ndez: Desentra\u00f1ando los secretos de la memoria y la culpa en la novela negra | Entrevistas | HOJAS SUELTAS Peri\u00f3dico Cultural","isPartOf":{"@id":"https:\/\/hojassueltas.es\/#website"},"primaryImageOfPage":{"@id":"https:\/\/hojassueltas.es\/?p=18507#primaryimage"},"image":{"@id":"https:\/\/hojassueltas.es\/?p=18507#primaryimage"},"thumbnailUrl":"https:\/\/hojassueltas.es\/wp-content\/uploads\/2025\/03\/Empar-Fernandez_H.S.1.png","datePublished":"2025-03-11T23:00:55+00:00","dateModified":"2025-03-13T07:16:48+00:00","description":"Entrevistas: Un testimonio valioso que confirma por qu\u00e9 Empar Fern\u00e1ndez es una de las autoras m\u00e1s interesantes de nuestro panorama literario.","breadcrumb":{"@id":"https:\/\/hojassueltas.es\/?p=18507#breadcrumb"},"inLanguage":"es","potentialAction":[{"@type":"ReadAction","target":["https:\/\/hojassueltas.es\/?p=18507"]}]},{"@type":"ImageObject","inLanguage":"es","@id":"https:\/\/hojassueltas.es\/?p=18507#primaryimage","url":"https:\/\/hojassueltas.es\/wp-content\/uploads\/2025\/03\/Empar-Fernandez_H.S.1.png","contentUrl":"https:\/\/hojassueltas.es\/wp-content\/uploads\/2025\/03\/Empar-Fernandez_H.S.1.png","width":1050,"height":610},{"@type":"BreadcrumbList","@id":"https:\/\/hojassueltas.es\/?p=18507#breadcrumb","itemListElement":[{"@type":"ListItem","position":1,"name":"Portada","item":"https:\/\/hojassueltas.es\/"},{"@type":"ListItem","position":2,"name":"Empar Fern\u00e1ndez: Desentra\u00f1ando los secretos de la memoria y la culpa en la novela negra"}]},{"@type":"WebSite","@id":"https:\/\/hojassueltas.es\/#website","url":"https:\/\/hojassueltas.es\/","name":"HojasSueltas.es","description":"GRANADA - Peri\u00f3dico Cultural","publisher":{"@id":"https:\/\/hojassueltas.es\/#organization"},"alternateName":"H.S. Periodico Cultural","potentialAction":[{"@type":"SearchAction","target":{"@type":"EntryPoint","urlTemplate":"https:\/\/hojassueltas.es\/?s={search_term_string}"},"query-input":{"@type":"PropertyValueSpecification","valueRequired":true,"valueName":"search_term_string"}}],"inLanguage":"es"},{"@type":"Organization","@id":"https:\/\/hojassueltas.es\/#organization","name":"HOJAS SUELTAS - Peri\u00f3dico Cultural","alternateName":"HS - HOJAS SUELTAS Peri\u00f3dico Cultural","url":"https:\/\/hojassueltas.es\/","logo":{"@type":"ImageObject","inLanguage":"es","@id":"https:\/\/hojassueltas.es\/#\/schema\/logo\/image\/","url":"https:\/\/hojassueltas.es\/wp-content\/uploads\/2025\/08\/Icono-HS_2.png","contentUrl":"https:\/\/hojassueltas.es\/wp-content\/uploads\/2025\/08\/Icono-HS_2.png","width":500,"height":500,"caption":"HOJAS SUELTAS - Peri\u00f3dico Cultural"},"image":{"@id":"https:\/\/hojassueltas.es\/#\/schema\/logo\/image\/"},"sameAs":["https:\/\/x.com\/HOJASSUELTAS22"]},{"@type":"Person","@id":"https:\/\/hojassueltas.es\/#\/schema\/person\/f232bbdb834c61c90aff2245daa401c0","name":"Redacci\u00f3n","image":{"@type":"ImageObject","inLanguage":"es","@id":"https:\/\/hojassueltas.es\/wp-content\/uploads\/2026\/02\/Redaccion-2-96x96.png","url":"https:\/\/hojassueltas.es\/wp-content\/uploads\/2026\/02\/Redaccion-2-96x96.png","contentUrl":"https:\/\/hojassueltas.es\/wp-content\/uploads\/2026\/02\/Redaccion-2-96x96.png","caption":"Redacci\u00f3n"},"description":"Redacci\u00f3n de HOJAS SUELTAS","url":"https:\/\/hojassueltas.es\/?author=1"}]}},"_links":{"self":[{"href":"https:\/\/hojassueltas.es\/index.php?rest_route=\/wp\/v2\/posts\/18507","targetHints":{"allow":["GET"]}}],"collection":[{"href":"https:\/\/hojassueltas.es\/index.php?rest_route=\/wp\/v2\/posts"}],"about":[{"href":"https:\/\/hojassueltas.es\/index.php?rest_route=\/wp\/v2\/types\/post"}],"author":[{"embeddable":true,"href":"https:\/\/hojassueltas.es\/index.php?rest_route=\/wp\/v2\/users\/1"}],"replies":[{"embeddable":true,"href":"https:\/\/hojassueltas.es\/index.php?rest_route=%2Fwp%2Fv2%2Fcomments&post=18507"}],"version-history":[{"count":6,"href":"https:\/\/hojassueltas.es\/index.php?rest_route=\/wp\/v2\/posts\/18507\/revisions"}],"predecessor-version":[{"id":18538,"href":"https:\/\/hojassueltas.es\/index.php?rest_route=\/wp\/v2\/posts\/18507\/revisions\/18538"}],"wp:featuredmedia":[{"embeddable":true,"href":"https:\/\/hojassueltas.es\/index.php?rest_route=\/wp\/v2\/media\/18536"}],"wp:attachment":[{"href":"https:\/\/hojassueltas.es\/index.php?rest_route=%2Fwp%2Fv2%2Fmedia&parent=18507"}],"wp:term":[{"taxonomy":"category","embeddable":true,"href":"https:\/\/hojassueltas.es\/index.php?rest_route=%2Fwp%2Fv2%2Fcategories&post=18507"},{"taxonomy":"post_tag","embeddable":true,"href":"https:\/\/hojassueltas.es\/index.php?rest_route=%2Fwp%2Fv2%2Ftags&post=18507"}],"curies":[{"name":"wp","href":"https:\/\/api.w.org\/{rel}","templated":true}]}}