{"id":18473,"date":"2025-03-11T00:00:32","date_gmt":"2025-03-10T23:00:32","guid":{"rendered":"https:\/\/hojassueltas.es\/?p=18473"},"modified":"2025-12-05T13:24:32","modified_gmt":"2025-12-05T11:24:32","slug":"fue-sin-querer-2","status":"publish","type":"post","link":"https:\/\/hojassueltas.es\/?p=18473","title":{"rendered":"Fue sin querer"},"content":{"rendered":"<p style=\"text-align: justify;\" align=\"justify\"><span style=\"font-family: verdana, geneva, sans-serif; font-size: 16px;\">Fue una gran ocasi\u00f3n, producto de una conversaci\u00f3n mantenida con un amigo, como cada martes. Un caf\u00e9 a media ma\u00f1ana en el bar regentado por Marcos. Pese al ruido propio del local y la mala costumbre de conversar con un tono de voz elevado, que mejor lo calificar\u00eda como hablar a gritos, pude escuchar el ofrecimiento de Mario. <\/span><\/p>\n<p style=\"text-align: justify;\" align=\"justify\"><span style=\"font-family: verdana, geneva, sans-serif; font-size: 16px;\">Conoc\u00eda mi deseo de mudarme a otra vivienda, lo comentamos en numerosas ocasiones. La actual parece sumida en una bacanal de ruidos provocados por unos vecinos carentes de algo tan imprescindible como es el respeto. No solo a las horas obligadas de descanso nocturno, o en verano en momentos de la regeneradora siesta, tambi\u00e9n en cualquier instante del d\u00eda, ello como consecuencia de cerrar las puertas de acceso a sus hogares, tal si fueran animales. Se asemejan a los rel\u00e1mpagos que preceden a los truenos, pero con una diferencia, en este caso primero se deja o\u00edr el portazo y posteriormente retumba la vivienda. En ocasiones hasta tintinean las copas de cristal en un armario o se vuelca alg\u00fan libro de una estanter\u00eda. <\/span><\/p>\n<p style=\"text-align: justify;\" align=\"justify\"><span style=\"font-family: verdana, geneva, sans-serif; font-size: 16px;\">As\u00ed, abri\u00f3 la conversaci\u00f3n.<\/span><\/p>\n<p style=\"text-align: justify;\" align=\"justify\"><span style=\"font-size: 16px; font-family: verdana, geneva, sans-serif;\">\u2014Conozco un apartamento en la ciudad, \u00bfTe interesa?<\/span><\/p>\n<p style=\"text-align: justify;\" align=\"justify\"><span style=\"font-size: 16px; font-family: verdana, geneva, sans-serif;\">\u2014\u00bfQu\u00e9? Perdona, \u00bfQu\u00e9 has dicho?<\/span><\/p>\n<p style=\"text-align: justify;\" align=\"justify\"><span style=\"font-size: 16px; font-family: verdana, geneva, sans-serif;\">\u2014\u00bfEst\u00e1s preocupado por algo? No me has escuchado.<\/span><\/p>\n<p style=\"text-align: justify;\" align=\"justify\"><span style=\"font-size: 16px; font-family: verdana, geneva, sans-serif;\">\u2014Disculpa, me fijaba en la mujer que acaba de entrar y sentarse en esa mesa. \u2014respond\u00ed con temor a que pudiera escucharme. Acababa de hacerlo en la m\u00e1s cercana a la nuestra.<\/span><\/p>\n<p style=\"text-align: justify;\" align=\"justify\"><span style=\"font-size: 16px; font-family: verdana, geneva, sans-serif;\">\u2014\u00bfLa conoces?<\/span><\/p>\n<p style=\"text-align: justify;\" align=\"justify\"><span style=\"font-size: 16px; font-family: verdana, geneva, sans-serif;\">\u2014No, pero me gustar\u00eda. Es mi sue\u00f1o hecho realidad. Pero por favor, dime.<\/span><\/p>\n<p style=\"text-align: justify;\" align=\"justify\"><span style=\"font-size: 16px; font-family: verdana, geneva, sans-serif;\">\u2014Te dec\u00eda, que conozco un apartamento en la ciudad que podr\u00eda interesarte.<\/span><\/p>\n<p style=\"text-align: justify;\" align=\"justify\"><span style=\"font-size: 16px; font-family: verdana, geneva, sans-serif;\">\u2014Claro. \u00bfPodemos ir a verlo?<\/span><\/p>\n<p style=\"text-align: justify;\" align=\"justify\"><span style=\"font-size: 16px; font-family: verdana, geneva, sans-serif;\">\u2014Si te va bien, ma\u00f1ana por la ma\u00f1ana nos acercamos. El propietario es amigo m\u00edo.<\/span><\/p>\n<p style=\"text-align: justify;\" align=\"justify\"><span style=\"font-size: 16px; font-family: verdana, geneva, sans-serif;\">\u2014De acuerdo.<\/span><\/p>\n<p style=\"text-align: justify;\" align=\"justify\"><span style=\"font-size: 16px; font-family: verdana, geneva, sans-serif;\">A la ma\u00f1ana siguiente nos encontramos en el portal de su casa. Caminamos durante unos minutos hasta encontrar el edificio donde se encontraba el apartamento. Lo vimos, analizamos las posibilidades de alquilarlo y posteriormente nos dirigimos a la calle. Al salir lo hice mirando a Mario comentandole la luminosidad de la vivienda. No pude advertir que una mujer caminaba conversando por tel\u00e9fono hasta tropezar.<\/span><\/p>\n<p style=\"text-align: justify;\" align=\"justify\"><span style=\"font-family: verdana, geneva, sans-serif; font-size: 16px;\">Me disculp\u00e9, la mir\u00e9 y comprob\u00e9 se trataba de la misma que entr\u00f3 en el bar el d\u00eda anterior.<\/span><\/p>\n<p style=\"text-align: justify;\" align=\"justify\"><span style=\"font-size: 16px; font-family: verdana, geneva, sans-serif;\">\u2014<i>Fue sin querer<\/i>, lo siento, ha sido mi culpa.<\/span><\/p>\n<p style=\"text-align: justify;\" align=\"justify\"><span style=\"font-size: 16px; font-family: verdana, geneva, sans-serif;\">\u2014No hay problema \u2014respondi\u00f3 ella.<\/span><\/p>\n<p style=\"text-align: justify;\" align=\"justify\"><span style=\"font-size: 16px; font-family: verdana, geneva, sans-serif;\">\u2014<i>Es caprichoso el azar<\/i>, nos volvemos a encontrar, ayer ambos estuvimos en el mismo bar.<\/span><\/p>\n<p style=\"text-align: justify;\" align=\"justify\"><span style=\"font-size: 16px; font-family: verdana, geneva, sans-serif;\">\u2014Pues <i>no te busqu\u00e9<\/i>.<\/span><\/p>\n<p style=\"text-align: justify;\" align=\"justify\"><span style=\"font-size: 16px; font-family: verdana, geneva, sans-serif;\">\u2014<i>Ni yo te vine a buscar<\/i>. <\/span><\/p>\n<p style=\"text-align: justify;\" align=\"justify\"><span style=\"font-family: verdana, geneva, sans-serif; font-size: 16px;\">Nos miramos a los ojos. Sent\u00ed un resplandor, una descarga el\u00e9ctrica.<\/span><\/p>\n<p style=\"text-align: justify;\" align=\"justify\"><span style=\"font-size: 16px; font-family: verdana, geneva, sans-serif;\">\u2014Me llamo Juan.<\/span><\/p>\n<p style=\"text-align: justify;\" align=\"justify\"><span style=\"font-family: verdana, geneva, sans-serif; font-size: 16px;\">Ella sonri\u00f3 y a\u00f1adi\u00f3:<\/span><\/p>\n<p style=\"text-align: justify;\" align=\"justify\"><span style=\"font-size: 16px; font-family: verdana, geneva, sans-serif;\">\u2014Pues yo no. Me llaman, Celia.<\/span><\/p>\n<p style=\"text-align: justify;\" align=\"justify\"><span style=\"font-family: verdana, geneva, sans-serif; font-size: 16px;\">Dos minutos despu\u00e9s, al alejarse, sent\u00ed una sensaci\u00f3n de tristeza no imaginada.<\/span><\/p>\n<p style=\"text-align: justify;\" align=\"justify\"><span style=\"font-size: 16px; font-family: verdana, geneva, sans-serif;\">Quince d\u00edas transcurrieron desde entonces. Me mud\u00e9 al apartamento y retom\u00e9 mi estancia rodeado del silencio preciso para mi trabajo en casa. A unos veinte metros del portal dispon\u00eda de una parada de bus, por lo que apenas deb\u00eda tomar el coche para desplazarme. <\/span><\/p>\n<p style=\"text-align: justify;\" align=\"justify\"><span style=\"font-size: 16px; font-family: verdana, geneva, sans-serif;\">Aquel d\u00eda se cerr\u00f3 cubierto de nubes, presagiando lluvia. Sal\u00ed a la calle para cerrar un contrato. Me dispuse a caminar, no quise esperar al bus. Aliger\u00e9 el paso hasta la siguiente parada a la vista de las nubes que parec\u00edan estar dispuestas a dejar caer su carga. Esper\u00e9 unos minutos y sub\u00ed al bus. Me situ\u00e9 junto a una ventana al lado derecho. Al llegar a la siguiente parada vi a Celia bajo la marquesina. Nos miramos el corto tiempo en que bajaron y subieron viajeros. Alargu\u00e9 una mano para agitarla y saludar. Supuse que no me vio al no recibir respuesta.<\/span><\/p>\n<p style=\"text-align: justify;\" align=\"justify\"><span style=\"font-family: verdana, geneva, sans-serif; font-size: 16px;\">La tarde siguiente, calcul\u00e9 la hora y me dispuse a volver hasta la parada. Camin\u00e9 deprisa, llevando el comp\u00e1s que marcaba el agitado palpitar de mi coraz\u00f3n, ahora con la ilusi\u00f3n de volver a verla. En efecto all\u00ed estaba. Me acerqu\u00e9 despacio pero agitado.<\/span><\/p>\n<p style=\"text-align: justify;\" align=\"justify\"><span style=\"font-size: 16px; font-family: verdana, geneva, sans-serif;\">\u2014Hola, nos encontramos de nuevo. Ayer te vi en esta misma parada. \u00bfVives cerca?<\/span><\/p>\n<p style=\"text-align: justify;\" align=\"justify\"><span style=\"font-size: 16px; font-family: verdana, geneva, sans-serif;\">\u2014No, en el otro extremo de la ciudad.<\/span><\/p>\n<p style=\"text-align: justify;\" align=\"justify\"><span style=\"font-size: 16px; font-family: verdana, geneva, sans-serif;\">\u2014Entonces <i>estabas donde no ten\u00edas que estar<\/i><\/span><\/p>\n<p style=\"text-align: justify;\" align=\"justify\"><span style=\"font-size: 16px; font-family: verdana, geneva, sans-serif;\">\u2014Seguro<\/span><\/p>\n<p style=\"text-align: justify;\" align=\"justify\"><span style=\"font-size: 16px; font-family: verdana, geneva, sans-serif;\">\u2014\u00bfNo me viste? <\/span><\/p>\n<p style=\"text-align: justify;\" align=\"justify\"><span style=\"font-size: 16px; font-family: verdana, geneva, sans-serif;\">\u2014Me pareci\u00f3, pero no puedo asegurarlo.<\/span><\/p>\n<p style=\"text-align: justify;\" align=\"justify\"><span style=\"font-size: 16px; font-family: verdana, geneva, sans-serif;\">\u2014<i>Pues yo pas\u00e9 sin querer pasar, y me viste, y te vi, entre la gente<\/i> <i>que iba y ven\u00eda con<\/i><\/span><\/p>\n<p style=\"text-align: justify;\" align=\"justify\"><span style=\"font-family: verdana, geneva, sans-serif; font-size: 16px;\"><i>prisa en la tarde que anunciaba chaparr\u00f3n.<\/i><\/span><\/p>\n<p style=\"text-align: justify;\" align=\"justify\"><span style=\"font-size: 16px; font-family: verdana, geneva, sans-serif;\">\u2014\u00bfTienes prisa o puedo invitarte a un caf\u00e9?<\/span><\/p>\n<p style=\"text-align: justify;\" align=\"justify\"><span style=\"font-size: 16px; font-family: verdana, geneva, sans-serif;\">\u2014Si me ocurre como ayer que me dieron plant\u00f3n, acepto.<\/span><\/p>\n<p style=\"text-align: justify;\" align=\"justify\"><span style=\"font-size: 16px; font-family: verdana, geneva, sans-serif;\">\u2014Claro, entonces esperar\u00e9.<\/span><\/p>\n<p style=\"text-align: justify;\" align=\"justify\"><span style=\"font-family: verdana, geneva, sans-serif; font-size: 16px;\">Charlamos durante m\u00e1s de quince minutos. Mir\u00f3 el reloj y se\u00f1al\u00f3.<\/span><\/p>\n<p style=\"text-align: justify;\" align=\"justify\"><span style=\"font-size: 16px; font-family: verdana, geneva, sans-serif;\">\u2014\u00a1Vamos a tomar ese caf\u00e9! Hoy tampoco viene.<\/span><\/p>\n<p style=\"text-align: justify;\" align=\"justify\"><span style=\"font-size: 16px; font-family: verdana, geneva, sans-serif;\">\u2014\u00bfAlguien especial?<\/span><\/p>\n<p style=\"text-align: justify;\" align=\"justify\"><span style=\"font-size: 16px; font-family: verdana, geneva, sans-serif;\">\u2014Me habr\u00eda gustado.<\/span><\/p>\n<p style=\"text-align: justify;\" align=\"justify\"><span style=\"font-size: 16px; font-family: verdana, geneva, sans-serif;\">\u2014Lamentable.<\/span><\/p>\n<p style=\"text-align: justify;\" align=\"justify\"><span style=\"font-size: 16px; font-family: verdana, geneva, sans-serif;\">\u2014No importa. Quiz\u00e1s sea mejor as\u00ed. Pero no quiero aburrirte con mi historia.<\/span><\/p>\n<p style=\"text-align: justify;\" align=\"justify\"><span style=\"font-family: verdana, geneva, sans-serif; font-size: 16px;\">Comenz\u00f3 a llover, abr\u00ed el paraguas y caminamos hasta una cafeter\u00eda. Hablamos, nos miramos y esperamos a que escampara. Al salir vi una sonrisa en sus ojos marrones. <\/span><\/p>\n<p style=\"text-align: justify;\" align=\"justify\"><span style=\"font-family: verdana, geneva, sans-serif; font-size: 16px;\">La tarde se prolong\u00f3, no dejamos de hablar y confiarnos nuestras historias. Tan ensimismado estuve con ella, que olvid\u00e9 anotar su n\u00famero de tel\u00e9fono para llamar e intentar volver a verla. Creo que su voz, c\u00e1lida, susurrante y alegre, junto a la sonrisa que de cuando en cuando me regal\u00f3, fueron los art\u00edfices de olvidar algo tan necesario. Quise pensar que aquellas horas juntos nos ofrecieron algo especial. <\/span><\/p>\n<p style=\"text-align: justify;\" align=\"justify\"><span style=\"font-family: verdana, geneva, sans-serif; font-size: 16px;\">Ella tom\u00f3 un bus hacia el sur yo otro hacia el norte. La distancia, el desconocimiento y la m\u00ednima perspicacia, me hicieron perder la oportunidad tanto tiempo buscada.<\/span><\/p>\n<p style=\"text-align: justify;\" align=\"justify\"><span style=\"font-family: verdana, geneva, sans-serif; font-size: 16px;\">No deb\u00ed permitirme tama\u00f1o error. Durante un mes, cada tarde, a la misma hora, caminaba con el pretexto de pasear y el deseo de encontrarla. Al siguiente, cambi\u00e9 la ruta y segu\u00ed el camino que marcara el bus donde ella subi\u00f3 aquella tarde. Nada, no consegu\u00ed verla.<\/span><\/p>\n<p style=\"text-align: justify;\" align=\"justify\"><span style=\"font-size: 16px; font-family: verdana, geneva, sans-serif;\">Pas\u00f3 el verano y al acabar la ilusi\u00f3n por encontrar de nuevo a Celia fue desmoron\u00e1ndose. Solo paseaba por la ruta del bus, una o dos tardes a la semana. Mi trabajo no me permit\u00eda ocupar tantas horas diarias. Dej\u00e9 de caminar, de buscar, de escudri\u00f1ar cada rinc\u00f3n de la l\u00ednea donde supuse viv\u00eda.<\/span><\/p>\n<p style=\"text-align: justify;\" align=\"justify\"><span style=\"font-size: 16px; font-family: verdana, geneva, sans-serif;\">En los primeros d\u00edas de diciembre, despu\u00e9s de resolver unos asuntos laborales, quise rendir un \u00faltimo homenaje a lo que pudo existir y no fue debido a mi negligencia. Camin\u00e9 inicialmente despacio, observando detenidamente cada casa, cada ventana, cada portal, sin resultado positivo alguno. La l\u00ednea del bus se acababa y no lograba nada. \u00a1Que romanticismo mas cruel! Tener al alcance de la mano la oportunidad que me brind\u00f3 conocerla aquella ma\u00f1ana, en la que intentaba mudarme de vivienda y perderla despu\u00e9s de una est\u00fapida falta de previsi\u00f3n.<\/span><\/p>\n<p style=\"text-align: justify;\" align=\"justify\"><span style=\"font-size: 16px; font-family: verdana, geneva, sans-serif;\">Comenz\u00f3 a chispear. A punto estuve de parar un taxi y regresar a mi casa, que no hogar, faltaba un elemento especial para serlo. <i>Espera un poco m\u00e1s, acaba lo que empezaste<\/i> \u2014me dije balbuceando\u2014 y as\u00ed lo hice. Camin\u00e9 rebasando la antepen\u00faltima marquesina del bus. Me acerqu\u00e9 con paso decidido a la siguiente parada, ahora que la lluvia comenzaba a caer desprovisto de paraguas. En ese momento y como \u00faltimo recurso, estaba dispuesto a tomar el bus hasta el centro e intercambiar a la l\u00ednea que me llevar\u00eda a casa. Cruc\u00e9 la avenida hacia la parada de inicio. <\/span><\/p>\n<p style=\"text-align: justify;\" align=\"justify\"><span style=\"font-family: verdana, geneva, sans-serif; font-size: 16px;\">La lluvia arreci\u00f3, la tarde comenzaba a oscurecerse por momentos y sin embargo una luz apareci\u00f3 a lo lejos. All\u00ed estaba Celia, resguardada de la lluvia. Me acerqu\u00e9 temiendo que tal vez no me reconociera, o no quisiera hacerlo. Sin resguardarme me puse frente a ella.<\/span><\/p>\n<p style=\"text-align: justify;\" align=\"justify\"><span style=\"font-size: 16px; font-family: verdana, geneva, sans-serif;\">\u2014<i>Tanto tiempo esper\u00e1ndote<\/i> \u2014dijo Celia nada m\u00e1s verme.<\/span><\/p>\n<p style=\"text-align: justify;\" align=\"justify\"><span style=\"font-size: 16px; font-family: verdana, geneva, sans-serif;\">\u2014Lo siento, olvid\u00e9 pedirte el n\u00famero de tel\u00e9fono. <i>Fue sin querer<\/i><\/span><\/p>\n<p style=\"text-align: justify;\" align=\"justify\"><span style=\"font-size: 16px; font-family: verdana, geneva, sans-serif;\">\u2014<i>Es caprichoso el azar.<\/i><\/span><\/p>\n<p style=\"text-align: justify;\" align=\"justify\"><span style=\"font-size: 16px; font-family: verdana, geneva, sans-serif;\">\u2014<i>Yo te busqu\u00e9 <\/i>cada tarde durante meses, caminando desde la parada en que subiste al bus aquel d\u00eda, hasta aqu\u00ed.<\/span><\/p>\n<p style=\"text-align: justify;\" align=\"justify\"><span style=\"font-size: 16px; font-family: verdana, geneva, sans-serif;\">\u2014Yo cre\u00ed<i> que no me viniste a buscar. <\/i>Recuerda que el d\u00eda en que nos conocimos <i>yo estaba donde no ten\u00eda que estar.<\/i><\/span><\/p>\n<p style=\"text-align: justify;\" align=\"justify\"><span style=\"font-size: 16px; font-family: verdana, geneva, sans-serif;\">\u2014Y <i>yo pas\u00e9 como sin querer pasar.<\/i><\/span><\/p>\n<p style=\"text-align: justify;\" align=\"justify\"><span style=\"font-family: verdana, geneva, sans-serif; font-size: 16px;\">Un rel\u00e1mpago ilumin\u00f3 la marquesina. Celia sujet\u00f3 mi mano y me atrajo. Nos miramos y nos fundimos en un abrazo.<\/span><\/p>\n<p style=\"text-align: justify;\" align=\"justify\"><span style=\"font-size: 16px; font-family: verdana, geneva, sans-serif;\">\u2014Estoy empapado \u2014dije.<\/span><\/p>\n<p style=\"text-align: justify;\" align=\"justify\"><span style=\"font-size: 16px; font-family: verdana, geneva, sans-serif;\">\u2014No importa, con la humedad despertar\u00e9 del sue\u00f1o.<\/span><\/p>\n<p style=\"text-align: justify;\" align=\"justify\"><span style=\"font-size: 16px; font-family: verdana, geneva, sans-serif;\">Nos besamos. La gente nos mir\u00f3 mientras sub\u00edan al bus. Nosotros permanecimos abrazados. El bus abandon\u00f3 la parada, nosotros no. Nos miramos y volvimos a besarnos. Ella dijo: <i>Tanto tiempo esper\u00e1ndote,<\/i> yo repliqu\u00e9: <i>Tanto tiempo esper\u00e1ndote.<\/i><\/span><\/p>\n<p align=\"justify\">Relato basado en la letra de la canci\u00f3n de Joan Manuel Serrat: Fue sin querer<\/p>\n<p align=\"justify\"><strong>\u00a9 Anxo do Rego. Todos los derechos reservados.<\/strong><\/p>\n","protected":false},"excerpt":{"rendered":"<p>Fue una gran ocasi\u00f3n, producto de una conversaci\u00f3n mantenida con un amigo, como cada martes. Un caf\u00e9 a media ma\u00f1ana en el bar regentado por Marcos. Pese al ruido propio del local y la mala costumbre de conversar con un tono de voz elevado, que mejor lo calificar\u00eda como hablar a gritos, pude escuchar el [&hellip;]<\/p>\n","protected":false},"author":18,"featured_media":18474,"comment_status":"open","ping_status":"closed","sticky":false,"template":"","format":"standard","meta":{"footnotes":""},"categories":[40],"tags":[],"class_list":{"0":"post-18473","1":"post","2":"type-post","3":"status-publish","4":"format-standard","5":"has-post-thumbnail","7":"category-relatos"},"yoast_head":"<!-- This site is optimized with the Yoast SEO plugin v27.5 - https:\/\/yoast.com\/product\/yoast-seo-wordpress\/ -->\n<title>Fue sin querer | RELATOS | HOJAS SUELTAS Peri\u00f3dico Cultural<\/title>\n<meta name=\"description\" content=\"RELATO: La lluvia arreci\u00f3, la tarde comenzaba a oscurecerse por momentos y sin embargo una luz apareci\u00f3 a lo lejos. All\u00ed estaba Celia, resguardada de la lluvia. Me acerqu\u00e9 temiendo que tal vez no me reconociera\" \/>\n<meta name=\"robots\" content=\"index, follow, max-snippet:-1, max-image-preview:large, max-video-preview:-1\" \/>\n<link rel=\"canonical\" href=\"https:\/\/hojassueltas.es\/?p=18473\" \/>\n<meta property=\"og:locale\" content=\"es_ES\" \/>\n<meta property=\"og:type\" content=\"article\" \/>\n<meta property=\"og:title\" content=\"Fue sin querer | RELATOS | HOJAS SUELTAS Peri\u00f3dico Cultural\" \/>\n<meta property=\"og:description\" content=\"RELATO: La lluvia arreci\u00f3, la tarde comenzaba a oscurecerse por momentos y sin embargo una luz apareci\u00f3 a lo lejos. All\u00ed estaba Celia, resguardada de la lluvia. Me acerqu\u00e9 temiendo que tal vez no me reconociera\" \/>\n<meta property=\"og:url\" content=\"https:\/\/hojassueltas.es\/?p=18473\" \/>\n<meta property=\"og:site_name\" content=\"HOJAS SUELTAS Peri\u00f3dico Cultural\" \/>\n<meta property=\"article:author\" content=\"https:\/\/www.facebook.com\/anxodoregoescritor\/\" \/>\n<meta property=\"article:published_time\" content=\"2025-03-10T23:00:32+00:00\" \/>\n<meta property=\"article:modified_time\" content=\"2025-12-05T11:24:32+00:00\" \/>\n<meta property=\"og:image\" content=\"https:\/\/hojassueltas.es\/wp-content\/uploads\/2025\/03\/Fue-sin-querer_H.S.png\" \/>\n\t<meta property=\"og:image:width\" content=\"1050\" \/>\n\t<meta property=\"og:image:height\" content=\"610\" \/>\n\t<meta property=\"og:image:type\" content=\"image\/png\" \/>\n<meta name=\"author\" content=\"Anxo do Rego\" \/>\n<meta name=\"twitter:card\" content=\"summary_large_image\" \/>\n<meta name=\"twitter:creator\" content=\"@HOJASSUELTAS22\" \/>\n<meta name=\"twitter:site\" content=\"@HOJASSUELTAS22\" \/>\n<meta name=\"twitter:label1\" content=\"Escrito por\" \/>\n\t<meta name=\"twitter:data1\" content=\"Anxo do Rego\" \/>\n\t<meta name=\"twitter:label2\" content=\"Tiempo de lectura\" \/>\n\t<meta name=\"twitter:data2\" content=\"7 minutos\" \/>\n<script type=\"application\/ld+json\" class=\"yoast-schema-graph\">{\"@context\":\"https:\\\/\\\/schema.org\",\"@graph\":[{\"@type\":[\"Article\",\"BlogPosting\"],\"@id\":\"https:\\\/\\\/hojassueltas.es\\\/?p=18473#article\",\"isPartOf\":{\"@id\":\"https:\\\/\\\/hojassueltas.es\\\/?p=18473\"},\"author\":{\"name\":\"Anxo do Rego\",\"@id\":\"https:\\\/\\\/hojassueltas.es\\\/#\\\/schema\\\/person\\\/cc93a1a1f7825a6e1d2c9bddd471a87c\"},\"headline\":\"Fue sin querer\",\"datePublished\":\"2025-03-10T23:00:32+00:00\",\"dateModified\":\"2025-12-05T11:24:32+00:00\",\"mainEntityOfPage\":{\"@id\":\"https:\\\/\\\/hojassueltas.es\\\/?p=18473\"},\"wordCount\":1465,\"commentCount\":0,\"publisher\":{\"@id\":\"https:\\\/\\\/hojassueltas.es\\\/#organization\"},\"image\":{\"@id\":\"https:\\\/\\\/hojassueltas.es\\\/?p=18473#primaryimage\"},\"thumbnailUrl\":\"https:\\\/\\\/hojassueltas.es\\\/wp-content\\\/uploads\\\/2025\\\/03\\\/Fue-sin-querer_H.S.png\",\"articleSection\":[\"RELATOS\"],\"inLanguage\":\"es\",\"potentialAction\":[{\"@type\":\"CommentAction\",\"name\":\"Comment\",\"target\":[\"https:\\\/\\\/hojassueltas.es\\\/?p=18473#respond\"]}]},{\"@type\":\"WebPage\",\"@id\":\"https:\\\/\\\/hojassueltas.es\\\/?p=18473\",\"url\":\"https:\\\/\\\/hojassueltas.es\\\/?p=18473\",\"name\":\"Fue sin querer | RELATOS | HOJAS SUELTAS Peri\u00f3dico Cultural\",\"isPartOf\":{\"@id\":\"https:\\\/\\\/hojassueltas.es\\\/#website\"},\"primaryImageOfPage\":{\"@id\":\"https:\\\/\\\/hojassueltas.es\\\/?p=18473#primaryimage\"},\"image\":{\"@id\":\"https:\\\/\\\/hojassueltas.es\\\/?p=18473#primaryimage\"},\"thumbnailUrl\":\"https:\\\/\\\/hojassueltas.es\\\/wp-content\\\/uploads\\\/2025\\\/03\\\/Fue-sin-querer_H.S.png\",\"datePublished\":\"2025-03-10T23:00:32+00:00\",\"dateModified\":\"2025-12-05T11:24:32+00:00\",\"description\":\"RELATO: La lluvia arreci\u00f3, la tarde comenzaba a oscurecerse por momentos y sin embargo una luz apareci\u00f3 a lo lejos. All\u00ed estaba Celia, resguardada de la lluvia. Me acerqu\u00e9 temiendo que tal vez no me reconociera\",\"breadcrumb\":{\"@id\":\"https:\\\/\\\/hojassueltas.es\\\/?p=18473#breadcrumb\"},\"inLanguage\":\"es\",\"potentialAction\":[{\"@type\":\"ReadAction\",\"target\":[\"https:\\\/\\\/hojassueltas.es\\\/?p=18473\"]}]},{\"@type\":\"ImageObject\",\"inLanguage\":\"es\",\"@id\":\"https:\\\/\\\/hojassueltas.es\\\/?p=18473#primaryimage\",\"url\":\"https:\\\/\\\/hojassueltas.es\\\/wp-content\\\/uploads\\\/2025\\\/03\\\/Fue-sin-querer_H.S.png\",\"contentUrl\":\"https:\\\/\\\/hojassueltas.es\\\/wp-content\\\/uploads\\\/2025\\\/03\\\/Fue-sin-querer_H.S.png\",\"width\":1050,\"height\":610},{\"@type\":\"BreadcrumbList\",\"@id\":\"https:\\\/\\\/hojassueltas.es\\\/?p=18473#breadcrumb\",\"itemListElement\":[{\"@type\":\"ListItem\",\"position\":1,\"name\":\"Portada\",\"item\":\"https:\\\/\\\/hojassueltas.es\\\/\"},{\"@type\":\"ListItem\",\"position\":2,\"name\":\"Fue sin querer\"}]},{\"@type\":\"WebSite\",\"@id\":\"https:\\\/\\\/hojassueltas.es\\\/#website\",\"url\":\"https:\\\/\\\/hojassueltas.es\\\/\",\"name\":\"HojasSueltas.es\",\"description\":\"GRANADA - Peri\u00f3dico Cultural\",\"publisher\":{\"@id\":\"https:\\\/\\\/hojassueltas.es\\\/#organization\"},\"alternateName\":\"H.S. Periodico Cultural\",\"potentialAction\":[{\"@type\":\"SearchAction\",\"target\":{\"@type\":\"EntryPoint\",\"urlTemplate\":\"https:\\\/\\\/hojassueltas.es\\\/?s={search_term_string}\"},\"query-input\":{\"@type\":\"PropertyValueSpecification\",\"valueRequired\":true,\"valueName\":\"search_term_string\"}}],\"inLanguage\":\"es\"},{\"@type\":\"Organization\",\"@id\":\"https:\\\/\\\/hojassueltas.es\\\/#organization\",\"name\":\"HOJAS SUELTAS - Peri\u00f3dico Cultural\",\"alternateName\":\"HS - HOJAS SUELTAS Peri\u00f3dico Cultural\",\"url\":\"https:\\\/\\\/hojassueltas.es\\\/\",\"logo\":{\"@type\":\"ImageObject\",\"inLanguage\":\"es\",\"@id\":\"https:\\\/\\\/hojassueltas.es\\\/#\\\/schema\\\/logo\\\/image\\\/\",\"url\":\"https:\\\/\\\/hojassueltas.es\\\/wp-content\\\/uploads\\\/2025\\\/08\\\/Icono-HS_2.png\",\"contentUrl\":\"https:\\\/\\\/hojassueltas.es\\\/wp-content\\\/uploads\\\/2025\\\/08\\\/Icono-HS_2.png\",\"width\":500,\"height\":500,\"caption\":\"HOJAS SUELTAS - Peri\u00f3dico Cultural\"},\"image\":{\"@id\":\"https:\\\/\\\/hojassueltas.es\\\/#\\\/schema\\\/logo\\\/image\\\/\"},\"sameAs\":[\"https:\\\/\\\/x.com\\\/HOJASSUELTAS22\"]},{\"@type\":\"Person\",\"@id\":\"https:\\\/\\\/hojassueltas.es\\\/#\\\/schema\\\/person\\\/cc93a1a1f7825a6e1d2c9bddd471a87c\",\"name\":\"Anxo do Rego\",\"image\":{\"@type\":\"ImageObject\",\"inLanguage\":\"es\",\"@id\":\"https:\\\/\\\/hojassueltas.es\\\/wp-content\\\/uploads\\\/2025\\\/02\\\/Anxo-do-Rego_2025-96x96.jpg\",\"url\":\"https:\\\/\\\/hojassueltas.es\\\/wp-content\\\/uploads\\\/2025\\\/02\\\/Anxo-do-Rego_2025-96x96.jpg\",\"contentUrl\":\"https:\\\/\\\/hojassueltas.es\\\/wp-content\\\/uploads\\\/2025\\\/02\\\/Anxo-do-Rego_2025-96x96.jpg\",\"caption\":\"Anxo do Rego\"},\"description\":\"Narrador. Fundador, director y editor de la extinta editorial PG Ediciones. Actualmente asesora y colabora en las editoriales: Editorial Skytale y Aldo Ediciones, del Grupo Editorial Regina Exlibris. Director y redactor del diario cultural Hojas Sueltas. Fundador en 2014 de una de las primeras revistas digitales del g\u00e9nero negro y policial \u00abSolo Novela Negra\u00bb. Participa en numerosas instituciones culturales. Su narrativa se sustenta principalmente en la novela polic\u00edaca con diecis\u00e9is t\u00edtulos del comisario del CNP, Roberto H.C. como protagonista, aunque realiza incursiones en otros g\u00e9neros literarios, tales como la ficci\u00f3n hist\u00f3rica, ciencia ficci\u00f3n, suspense y sentimentales. Mantiene su creatividad literaria con novelas, relatos, art\u00edculos, rese\u00f1as literarias y ensayos.\",\"sameAs\":[\"https:\\\/\\\/anxodorego.com\\\/\",\"https:\\\/\\\/www.facebook.com\\\/anxodoregoescritor\\\/\"],\"url\":\"https:\\\/\\\/hojassueltas.es\\\/?author=18\"}]}<\/script>\n<!-- \/ Yoast SEO plugin. -->","yoast_head_json":{"title":"Fue sin querer | RELATOS | HOJAS SUELTAS Peri\u00f3dico Cultural","description":"RELATO: La lluvia arreci\u00f3, la tarde comenzaba a oscurecerse por momentos y sin embargo una luz apareci\u00f3 a lo lejos. All\u00ed estaba Celia, resguardada de la lluvia. Me acerqu\u00e9 temiendo que tal vez no me reconociera","robots":{"index":"index","follow":"follow","max-snippet":"max-snippet:-1","max-image-preview":"max-image-preview:large","max-video-preview":"max-video-preview:-1"},"canonical":"https:\/\/hojassueltas.es\/?p=18473","og_locale":"es_ES","og_type":"article","og_title":"Fue sin querer | RELATOS | HOJAS SUELTAS Peri\u00f3dico Cultural","og_description":"RELATO: La lluvia arreci\u00f3, la tarde comenzaba a oscurecerse por momentos y sin embargo una luz apareci\u00f3 a lo lejos. All\u00ed estaba Celia, resguardada de la lluvia. Me acerqu\u00e9 temiendo que tal vez no me reconociera","og_url":"https:\/\/hojassueltas.es\/?p=18473","og_site_name":"HOJAS SUELTAS Peri\u00f3dico Cultural","article_author":"https:\/\/www.facebook.com\/anxodoregoescritor\/","article_published_time":"2025-03-10T23:00:32+00:00","article_modified_time":"2025-12-05T11:24:32+00:00","og_image":[{"width":1050,"height":610,"url":"https:\/\/hojassueltas.es\/wp-content\/uploads\/2025\/03\/Fue-sin-querer_H.S.png","type":"image\/png"}],"author":"Anxo do Rego","twitter_card":"summary_large_image","twitter_creator":"@HOJASSUELTAS22","twitter_site":"@HOJASSUELTAS22","twitter_misc":{"Escrito por":"Anxo do Rego","Tiempo de lectura":"7 minutos"},"schema":{"@context":"https:\/\/schema.org","@graph":[{"@type":["Article","BlogPosting"],"@id":"https:\/\/hojassueltas.es\/?p=18473#article","isPartOf":{"@id":"https:\/\/hojassueltas.es\/?p=18473"},"author":{"name":"Anxo do Rego","@id":"https:\/\/hojassueltas.es\/#\/schema\/person\/cc93a1a1f7825a6e1d2c9bddd471a87c"},"headline":"Fue sin querer","datePublished":"2025-03-10T23:00:32+00:00","dateModified":"2025-12-05T11:24:32+00:00","mainEntityOfPage":{"@id":"https:\/\/hojassueltas.es\/?p=18473"},"wordCount":1465,"commentCount":0,"publisher":{"@id":"https:\/\/hojassueltas.es\/#organization"},"image":{"@id":"https:\/\/hojassueltas.es\/?p=18473#primaryimage"},"thumbnailUrl":"https:\/\/hojassueltas.es\/wp-content\/uploads\/2025\/03\/Fue-sin-querer_H.S.png","articleSection":["RELATOS"],"inLanguage":"es","potentialAction":[{"@type":"CommentAction","name":"Comment","target":["https:\/\/hojassueltas.es\/?p=18473#respond"]}]},{"@type":"WebPage","@id":"https:\/\/hojassueltas.es\/?p=18473","url":"https:\/\/hojassueltas.es\/?p=18473","name":"Fue sin querer | RELATOS | HOJAS SUELTAS Peri\u00f3dico Cultural","isPartOf":{"@id":"https:\/\/hojassueltas.es\/#website"},"primaryImageOfPage":{"@id":"https:\/\/hojassueltas.es\/?p=18473#primaryimage"},"image":{"@id":"https:\/\/hojassueltas.es\/?p=18473#primaryimage"},"thumbnailUrl":"https:\/\/hojassueltas.es\/wp-content\/uploads\/2025\/03\/Fue-sin-querer_H.S.png","datePublished":"2025-03-10T23:00:32+00:00","dateModified":"2025-12-05T11:24:32+00:00","description":"RELATO: La lluvia arreci\u00f3, la tarde comenzaba a oscurecerse por momentos y sin embargo una luz apareci\u00f3 a lo lejos. All\u00ed estaba Celia, resguardada de la lluvia. Me acerqu\u00e9 temiendo que tal vez no me reconociera","breadcrumb":{"@id":"https:\/\/hojassueltas.es\/?p=18473#breadcrumb"},"inLanguage":"es","potentialAction":[{"@type":"ReadAction","target":["https:\/\/hojassueltas.es\/?p=18473"]}]},{"@type":"ImageObject","inLanguage":"es","@id":"https:\/\/hojassueltas.es\/?p=18473#primaryimage","url":"https:\/\/hojassueltas.es\/wp-content\/uploads\/2025\/03\/Fue-sin-querer_H.S.png","contentUrl":"https:\/\/hojassueltas.es\/wp-content\/uploads\/2025\/03\/Fue-sin-querer_H.S.png","width":1050,"height":610},{"@type":"BreadcrumbList","@id":"https:\/\/hojassueltas.es\/?p=18473#breadcrumb","itemListElement":[{"@type":"ListItem","position":1,"name":"Portada","item":"https:\/\/hojassueltas.es\/"},{"@type":"ListItem","position":2,"name":"Fue sin querer"}]},{"@type":"WebSite","@id":"https:\/\/hojassueltas.es\/#website","url":"https:\/\/hojassueltas.es\/","name":"HojasSueltas.es","description":"GRANADA - Peri\u00f3dico Cultural","publisher":{"@id":"https:\/\/hojassueltas.es\/#organization"},"alternateName":"H.S. Periodico Cultural","potentialAction":[{"@type":"SearchAction","target":{"@type":"EntryPoint","urlTemplate":"https:\/\/hojassueltas.es\/?s={search_term_string}"},"query-input":{"@type":"PropertyValueSpecification","valueRequired":true,"valueName":"search_term_string"}}],"inLanguage":"es"},{"@type":"Organization","@id":"https:\/\/hojassueltas.es\/#organization","name":"HOJAS SUELTAS - Peri\u00f3dico Cultural","alternateName":"HS - HOJAS SUELTAS Peri\u00f3dico Cultural","url":"https:\/\/hojassueltas.es\/","logo":{"@type":"ImageObject","inLanguage":"es","@id":"https:\/\/hojassueltas.es\/#\/schema\/logo\/image\/","url":"https:\/\/hojassueltas.es\/wp-content\/uploads\/2025\/08\/Icono-HS_2.png","contentUrl":"https:\/\/hojassueltas.es\/wp-content\/uploads\/2025\/08\/Icono-HS_2.png","width":500,"height":500,"caption":"HOJAS SUELTAS - Peri\u00f3dico Cultural"},"image":{"@id":"https:\/\/hojassueltas.es\/#\/schema\/logo\/image\/"},"sameAs":["https:\/\/x.com\/HOJASSUELTAS22"]},{"@type":"Person","@id":"https:\/\/hojassueltas.es\/#\/schema\/person\/cc93a1a1f7825a6e1d2c9bddd471a87c","name":"Anxo do Rego","image":{"@type":"ImageObject","inLanguage":"es","@id":"https:\/\/hojassueltas.es\/wp-content\/uploads\/2025\/02\/Anxo-do-Rego_2025-96x96.jpg","url":"https:\/\/hojassueltas.es\/wp-content\/uploads\/2025\/02\/Anxo-do-Rego_2025-96x96.jpg","contentUrl":"https:\/\/hojassueltas.es\/wp-content\/uploads\/2025\/02\/Anxo-do-Rego_2025-96x96.jpg","caption":"Anxo do Rego"},"description":"Narrador. Fundador, director y editor de la extinta editorial PG Ediciones. Actualmente asesora y colabora en las editoriales: Editorial Skytale y Aldo Ediciones, del Grupo Editorial Regina Exlibris. Director y redactor del diario cultural Hojas Sueltas. Fundador en 2014 de una de las primeras revistas digitales del g\u00e9nero negro y policial \u00abSolo Novela Negra\u00bb. Participa en numerosas instituciones culturales. Su narrativa se sustenta principalmente en la novela polic\u00edaca con diecis\u00e9is t\u00edtulos del comisario del CNP, Roberto H.C. como protagonista, aunque realiza incursiones en otros g\u00e9neros literarios, tales como la ficci\u00f3n hist\u00f3rica, ciencia ficci\u00f3n, suspense y sentimentales. Mantiene su creatividad literaria con novelas, relatos, art\u00edculos, rese\u00f1as literarias y ensayos.","sameAs":["https:\/\/anxodorego.com\/","https:\/\/www.facebook.com\/anxodoregoescritor\/"],"url":"https:\/\/hojassueltas.es\/?author=18"}]}},"_links":{"self":[{"href":"https:\/\/hojassueltas.es\/index.php?rest_route=\/wp\/v2\/posts\/18473","targetHints":{"allow":["GET"]}}],"collection":[{"href":"https:\/\/hojassueltas.es\/index.php?rest_route=\/wp\/v2\/posts"}],"about":[{"href":"https:\/\/hojassueltas.es\/index.php?rest_route=\/wp\/v2\/types\/post"}],"author":[{"embeddable":true,"href":"https:\/\/hojassueltas.es\/index.php?rest_route=\/wp\/v2\/users\/18"}],"replies":[{"embeddable":true,"href":"https:\/\/hojassueltas.es\/index.php?rest_route=%2Fwp%2Fv2%2Fcomments&post=18473"}],"version-history":[{"count":3,"href":"https:\/\/hojassueltas.es\/index.php?rest_route=\/wp\/v2\/posts\/18473\/revisions"}],"predecessor-version":[{"id":18477,"href":"https:\/\/hojassueltas.es\/index.php?rest_route=\/wp\/v2\/posts\/18473\/revisions\/18477"}],"wp:featuredmedia":[{"embeddable":true,"href":"https:\/\/hojassueltas.es\/index.php?rest_route=\/wp\/v2\/media\/18474"}],"wp:attachment":[{"href":"https:\/\/hojassueltas.es\/index.php?rest_route=%2Fwp%2Fv2%2Fmedia&parent=18473"}],"wp:term":[{"taxonomy":"category","embeddable":true,"href":"https:\/\/hojassueltas.es\/index.php?rest_route=%2Fwp%2Fv2%2Fcategories&post=18473"},{"taxonomy":"post_tag","embeddable":true,"href":"https:\/\/hojassueltas.es\/index.php?rest_route=%2Fwp%2Fv2%2Ftags&post=18473"}],"curies":[{"name":"wp","href":"https:\/\/api.w.org\/{rel}","templated":true}]}}