{"id":18444,"date":"2025-03-06T00:00:46","date_gmt":"2025-03-05T23:00:46","guid":{"rendered":"https:\/\/hojassueltas.es\/?p=18444"},"modified":"2025-12-11T17:34:15","modified_gmt":"2025-12-11T15:34:15","slug":"el-pizza-y-barbilla-negra-capitulo-18-de-el-balon-rojo","status":"publish","type":"post","link":"https:\/\/hojassueltas.es\/?p=18444","title":{"rendered":"El Pizza y Barbilla negra &#8211; Cap\u00edtulo 18 de \u00abEl bal\u00f3n rojo\u00bb"},"content":{"rendered":"<p align=\"justify\"><span style=\"font-family: Cambria Math, serif;\"><span style=\"font-size: large;\">Fran caminaba solo por la calle, empap\u00e1ndose de los rayos de sol, sin ninguna prisa. Saboreando el paseo y el aire fresco en su cara. Escondi\u00f3 la mano en el bolsillo. Se detuvo frente al piso de su amigo Javier. Muchas cosas ten\u00edan que decirse. Observ\u00f3 que no hab\u00eda nadie por la calle. Era extra\u00f1o en plena hora punta con un d\u00eda tan soleado. Puls\u00f3 el timbre silbando una melod\u00eda que no recordaba donde la escuch\u00f3. <\/span><\/span><\/p>\n<p align=\"justify\"><span style=\"font-family: Cambria Math, serif;\"><span style=\"font-size: large;\">Se estrecharon en un fuerte abrazo al verse. <\/span><\/span><\/p>\n<p align=\"justify\">\u2014<span style=\"font-family: Cambria Math, serif;\"><span style=\"font-size: large;\">Pasa dentro, Pizza. Hay mucho que hablar.<\/span><\/span><\/p>\n<p align=\"justify\">\u2014<span style=\"font-family: Cambria Math, serif;\"><span style=\"font-size: large;\">Lo mismo pienso yo Barbilla negra- respondi\u00f3 Fran m\u00e1s animado al verle.<\/span><\/span><\/p>\n<p align=\"justify\">\u2014<span style=\"font-family: Cambria Math, serif;\"><span style=\"font-size: large;\">Hay pizza margarita en el congelador. Supongo que te quedar\u00e1s a comer verdad? \u2014pregunt\u00f3 inquisitivo Javier\u2014. Mis padres pasar\u00e1n fuera todo el d\u00eda y no quiero comer solo.<\/span><\/span><\/p>\n<p align=\"justify\">\u2014<span style=\"font-family: Cambria Math, serif;\"><span style=\"font-size: large;\">\u00a1No ser\u00eda yo si el Gran Pizza rechazara una pizza! \u00a1Claro que s\u00ed!\u2014respondi\u00f3 anim\u00e1ndolo.<\/span><\/span><\/p>\n<p align=\"justify\"><span style=\"font-family: Cambria Math, serif;\"><span style=\"font-size: large;\">Chocaron los cinco con la mano de la cicatriz. Fran mostr\u00f3 una mueca de dolor. A\u00fan le dol\u00eda. Javier le mir\u00f3 en silencio con preocupaci\u00f3n. <\/span><\/span><\/p>\n<p align=\"justify\">\u2014<span style=\"font-family: Cambria Math, serif;\"><span style=\"font-size: large;\">\u00bfNo fue cortando el pan verdad? \u2014pregunt\u00f3 mirando la mano de Fran. Intu\u00eda que su amigo Fran escond\u00eda algo.<\/span><\/span><\/p>\n<p align=\"justify\"><span style=\"font-family: Cambria Math, serif;\"><span style=\"font-size: large;\">Su amigo respondi\u00f3 con un silencio. No quer\u00eda verbalizarlo.<\/span><\/span><\/p>\n<p align=\"justify\"><span style=\"font-family: Cambria Math, serif;\"><span style=\"font-size: large;\">M\u00e1s tarde, estaban ya sentados en el c\u00f3modo sill\u00f3n del sal\u00f3n, mientras las pizzas se enfriaban un poco en los platos. Javier sac\u00f3 unas cervezas fr\u00edas. La tele estaba encendida al fondo, sin volumen. <\/span><\/span><\/p>\n<p align=\"justify\">\u2014<span style=\"font-family: Cambria Math, serif;\"><span style=\"font-size: large;\">Qu\u00e9 ocurre Fran. Dime. C\u00f3mo te heriste la mano as\u00ed.\u2014pregunt\u00f3 Javier con preocupaci\u00f3n y curiosidad<\/span><\/span><\/p>\n<p align=\"justify\">\u2014<span style=\"font-family: Cambria Math, serif;\"><span style=\"font-size: large;\">Tenemos que hablar con Ra\u00fal. Debemos hacerlo hoy mismo \u2014respondi\u00f3 sumido en nervios.<\/span><\/span><\/p>\n<p align=\"justify\">\u2014<span style=\"font-family: Cambria Math, serif;\"><span style=\"font-size: large;\">No me has respondido amigo \u2014respondi\u00f3 con aparente tranquilidad. Muy despacio\u2014 \u00bfC\u00f3mo te heriste as\u00ed la mano? \u2014insisti\u00f3. <\/span><\/span><\/p>\n<p align=\"justify\">\u2014<span style=\"font-family: Cambria Math, serif;\"><span style=\"font-size: large;\">No me lo hice yo \u2014dijo Fran sin mirarle a los ojos. Sus manos temblaban. Ya no era ese joven duro con chaqueta de cuero. Era un chico asustado en que la situaci\u00f3n se le estaba escapando de las manos. Sal\u00eda de su control\u2014. Piel de Harina con el que ha so\u00f1ado muchas veces Ra\u00fal, existe. <\/span><\/span><\/p>\n<p align=\"justify\"><span style=\"font-family: Cambria Math, serif;\"><span style=\"font-size: large;\">Guardaron silencio unos minutos hasta que Fran continu\u00f3. <\/span><\/span><\/p>\n<p align=\"justify\">\u2014<span style=\"font-family: Cambria Math, serif;\"><span style=\"font-size: large;\">Ese ser que asusta a Ra\u00fal, estaba tambi\u00e9n en mis pesadillas la otra noche\u2014 dijo inquieto. <\/span><\/span><\/p>\n<p align=\"justify\"><span style=\"font-family: Cambria Math, serif;\"><span style=\"font-size: large;\">El m\u00f3vil de Fran empez\u00f3 a sonar a todo volumen encima de la mesa, provocando que los dos j\u00f3venes ensimismados en sus pensamientos se asustaran. <\/span><\/span><\/p>\n<p align=\"justify\"><span style=\"font-family: Cambria Math, serif;\"><span style=\"font-size: large;\">Era Ra\u00fal<\/span><\/span><\/p>\n<p align=\"justify\">\u2014<span style=\"font-family: Cambria Math, serif;\"><span style=\"font-size: large;\">Joder Ra\u00fal. Cu\u00e1nto tiempo. Pensaba llamarte o ir a verte. Es imposible comunicarse ya contigo. <\/span><\/span><\/p>\n<p align=\"justify\"><span style=\"font-family: Cambria Math, serif;\"><span style=\"font-size: large;\">Javier escuchaba con mucha atenci\u00f3n la conversaci\u00f3n. <\/span><\/span><\/p>\n<p align=\"justify\">\u2014<span style=\"font-family: Cambria Math, serif;\"><span style=\"font-size: large;\">Lo tengo aqu\u00ed. Si no te quiso coger el tel\u00e9fono sus razones tendr\u00e1. Entre muchas, que no asistieras al entierro de Gus. No te vimos.<\/span><\/span><\/p>\n<p align=\"justify\"><span style=\"font-family: Cambria Math, serif;\"><span style=\"font-size: large;\">Javier se qued\u00f3 sorprendido. Le complaci\u00f3 enterarse. Ra\u00fal asisti\u00f3 al entierro de su amigo. Se encontraba all\u00ed. El joven dibuj\u00f3 una sonrisa en su rostro.<\/span><\/span><\/p>\n<p align=\"justify\"><span style=\"font-family: Cambria Math, serif;\"><span style=\"font-size: large;\">Fran colg\u00f3 despidi\u00e9ndose de Ra\u00fal. <\/span><\/span><\/p>\n<p align=\"justify\">\u2014<span style=\"font-family: Cambria Math, serif;\"><span style=\"font-size: large;\">Qu\u00e9 quer\u00eda. \u2014pregunt\u00f3 Javier con cierto rencor a\u00fan.<\/span><\/span><\/p>\n<p align=\"justify\">\u2014<span style=\"font-family: Cambria Math, serif;\"><span style=\"font-size: large;\">Dice que no le coges el tel\u00e9fono. Que te ha llamado muchas veces. Observa mi cicatriz. Si no llego a despertar, con el dolor intenso que me infligi\u00f3 el corte con sus malditas tijeras de hierro, me hubiera decapitado con ellas.<\/span><\/span><\/p>\n<p align=\"justify\"><span style=\"font-family: Cambria Math, serif;\"><span style=\"font-size: large;\">Se dej\u00f3 sentir el silencio. Javier jam\u00e1s reconocer\u00eda el sentimiento de terror que llevaba ya un tiempo invadiendo su alma. Se obcec\u00f3 en negar las evidencias. No pod\u00eda creer toda esa locura. <\/span><\/span><\/p>\n<p align=\"justify\">\u2014<span style=\"font-family: Cambria Math, serif;\"><span style=\"font-size: large;\">Fran, por lo menos no te vuelvas un lun\u00e1tico como Ra\u00fal \u2014 respondi\u00f3 Javier serio.<\/span><\/span><\/p>\n<p align=\"justify\"><span style=\"font-family: Cambria Math, serif;\"><span style=\"font-size: large;\">Fran cambi\u00f3 el tono. Ahora era oscuro e intenso sin dejar de mirar a Javier. <\/span><\/span><\/p>\n<p align=\"justify\">\u2014<span style=\"font-family: Cambria Math, serif;\"><span style=\"font-size: large;\">Ra\u00fal no es un lun\u00e1tico. Si supieras el miedo infinito que yo sent\u00ed al ver a ese tipo extra\u00f1o en mis sue\u00f1os. Estaba en mi casa y lo ten\u00eda frente a m\u00ed. Y esa piel enharinada, esas manchas de sangre en sus manos. Resulta insoportable para m\u00ed recordarlo. Si te mata en el sue\u00f1o, dudo que despiertes. No conviene dormir profundamente. <\/span><\/span><\/p>\n<p align=\"justify\">\u2014<span style=\"font-family: Cambria Math, serif;\"><span style=\"font-size: large;\">Fran. \u00a1\u00bfEntonces qu\u00e9 vas a hacer?! \u00a1\u00bfDejar de dormir como Ra\u00fal, y volverte loco como \u00e9l?! So\u00f1aste solo una vez. Dudo que vuelvas a verlo otra vez. Yo no he so\u00f1ado nunca con esa cosa.<\/span><\/span><\/p>\n<p align=\"justify\">\u2014<span style=\"font-family: Cambria Math, serif;\"><span style=\"font-size: large;\">Ma\u00f1ana haremos una visita a Ra\u00fal por la tarde. Est\u00e1 claro que en el instituto es imposible. Se cierra en banda y baja la cabeza.\u2014dijo Fran.<\/span><\/span><\/p>\n<p align=\"justify\"><span style=\"font-family: Cambria Math, serif;\"><span style=\"font-size: large;\">Javier apret\u00f3 los labios y confes\u00f3 con los ojos turbios, que visit\u00f3 la tumba de Gustavo con unas hamburguesas. Fran lo tranquiliz\u00f3 con buenas palabras. Comprendi\u00f3 lo que hac\u00eda. Era una forma de reconocer que Gustavo segu\u00eda en sus vidas. <\/span><\/span><\/p>\n<p align=\"justify\">\u2014<span style=\"font-family: Cambria Math, serif;\"><span style=\"font-size: large;\">Despu\u00e9s de visitar ma\u00f1ana a Ra\u00fal, te acompa\u00f1ar\u00e9 tambi\u00e9n con unas hamburguesas a visitarlo al cementerio \u2014dijo Fran d\u00e1ndole una palmada en el hombro con una sonrisa sincera\u2014 sigue siendo nuestro Gus.<\/span><\/span><\/p>\n<p align=\"justify\">\u2014<span style=\"font-family: Cambria Math, serif;\"><span style=\"font-size: large;\">Menudos dos locos somos \u2014-dijo Javier con una sonrisa. Estaba ya m\u00e1s tranquilo. Le vino bien llorar. Pero no quer\u00eda que se convirtiera en una costumbre. Para \u00e9l solo los d\u00e9biles lloraban.<\/span><\/span><\/p>\n<p align=\"justify\"><span style=\"font-family: Cambria Math, serif;\"><span style=\"font-size: large;\">Se despidieron cuando ya anochec\u00eda. Juraron repetir m\u00e1s veces una tarde de pizzas y cervezas. Ma\u00f1ana quedar\u00edan con Ra\u00fal en su casa y por fin ver\u00edan en el estado en que se encontraba su amigo f\u00edsica y mentalmente porque en el instituto era totalmente inaccesible, encerrado en su mundo y sus bufandas cubri\u00e9ndole casi la mitad del rostro.<\/span><\/span><\/p>\n<p align=\"justify\">\u00a9 Ver\u00f3nica V\u00e1zquez &#8211; Todos los derechos reservados.<\/p>\n","protected":false},"excerpt":{"rendered":"<p>Fran caminaba solo por la calle, empap\u00e1ndose de los rayos de sol, sin ninguna prisa. Saboreando el paseo y el aire fresco en su cara. Escondi\u00f3 la mano en el bolsillo. Se detuvo frente al piso de su amigo Javier. Muchas cosas ten\u00edan que decirse. Observ\u00f3 que no hab\u00eda nadie por la calle. Era extra\u00f1o [&hellip;]<\/p>\n","protected":false},"author":40,"featured_media":18445,"comment_status":"open","ping_status":"closed","sticky":false,"template":"","format":"standard","meta":{"footnotes":""},"categories":[2099],"tags":[253],"class_list":{"0":"post-18444","1":"post","2":"type-post","3":"status-publish","4":"format-standard","5":"has-post-thumbnail","7":"category-el-balon-rojo-n-entregas","8":"tag-veronica-vazquez"},"yoast_head":"<!-- This site is optimized with the Yoast SEO plugin v27.4 - https:\/\/yoast.com\/product\/yoast-seo-wordpress\/ -->\n<title>El Pizza y Barbilla negra - Cap\u00edtulo 18 de \u00abEl bal\u00f3n rojo\u00bb | HOJAS SUELTAS Peri\u00f3dico Cultural<\/title>\n<meta name=\"description\" content=\"BLOG \u00abEl balon rojo\u00bb por Ver\u00f3nica V\u00e1zquez, Nuevo cap\u00edtulo de la novela\" \/>\n<meta name=\"robots\" content=\"index, follow, max-snippet:-1, max-image-preview:large, max-video-preview:-1\" \/>\n<link rel=\"canonical\" href=\"https:\/\/hojassueltas.es\/?p=18444\" \/>\n<meta property=\"og:locale\" content=\"es_ES\" \/>\n<meta property=\"og:type\" content=\"article\" \/>\n<meta property=\"og:title\" content=\"El Pizza y Barbilla negra - Cap\u00edtulo 18 de \u00abEl bal\u00f3n rojo\u00bb | HOJAS SUELTAS Peri\u00f3dico Cultural\" \/>\n<meta property=\"og:description\" content=\"BLOG \u00abEl balon rojo\u00bb por Ver\u00f3nica V\u00e1zquez, Nuevo cap\u00edtulo de la novela\" \/>\n<meta property=\"og:url\" content=\"https:\/\/hojassueltas.es\/?p=18444\" \/>\n<meta property=\"og:site_name\" content=\"HOJAS SUELTAS Peri\u00f3dico Cultural\" \/>\n<meta property=\"article:published_time\" content=\"2025-03-05T23:00:46+00:00\" \/>\n<meta property=\"article:modified_time\" content=\"2025-12-11T15:34:15+00:00\" \/>\n<meta property=\"og:image\" content=\"https:\/\/hojassueltas.es\/wp-content\/uploads\/2025\/03\/Capitulo-18_H.S.png\" \/>\n\t<meta property=\"og:image:width\" content=\"1050\" \/>\n\t<meta property=\"og:image:height\" content=\"610\" \/>\n\t<meta property=\"og:image:type\" content=\"image\/png\" \/>\n<meta name=\"author\" content=\"Ver\u00f3nica V\u00e1zquez\" \/>\n<meta name=\"twitter:card\" content=\"summary_large_image\" \/>\n<meta name=\"twitter:creator\" content=\"@HOJASSUELTAS22\" \/>\n<meta name=\"twitter:site\" content=\"@HOJASSUELTAS22\" \/>\n<meta name=\"twitter:label1\" content=\"Escrito por\" \/>\n\t<meta name=\"twitter:data1\" content=\"Ver\u00f3nica V\u00e1zquez\" \/>\n\t<meta name=\"twitter:label2\" content=\"Tiempo de lectura\" \/>\n\t<meta name=\"twitter:data2\" content=\"5 minutos\" \/>\n<script type=\"application\/ld+json\" class=\"yoast-schema-graph\">{\"@context\":\"https:\\\/\\\/schema.org\",\"@graph\":[{\"@type\":[\"Article\",\"BlogPosting\"],\"@id\":\"https:\\\/\\\/hojassueltas.es\\\/?p=18444#article\",\"isPartOf\":{\"@id\":\"https:\\\/\\\/hojassueltas.es\\\/?p=18444\"},\"author\":{\"name\":\"Ver\u00f3nica V\u00e1zquez\",\"@id\":\"https:\\\/\\\/hojassueltas.es\\\/#\\\/schema\\\/person\\\/4c21892d9a305088d55a62ff59826d04\"},\"headline\":\"El Pizza y Barbilla negra &#8211; Cap\u00edtulo 18 de \u00abEl bal\u00f3n rojo\u00bb\",\"datePublished\":\"2025-03-05T23:00:46+00:00\",\"dateModified\":\"2025-12-11T15:34:15+00:00\",\"mainEntityOfPage\":{\"@id\":\"https:\\\/\\\/hojassueltas.es\\\/?p=18444\"},\"wordCount\":963,\"commentCount\":0,\"publisher\":{\"@id\":\"https:\\\/\\\/hojassueltas.es\\\/#organization\"},\"image\":{\"@id\":\"https:\\\/\\\/hojassueltas.es\\\/?p=18444#primaryimage\"},\"thumbnailUrl\":\"https:\\\/\\\/hojassueltas.es\\\/wp-content\\\/uploads\\\/2025\\\/03\\\/Capitulo-18_H.S.png\",\"keywords\":[\"Ver\u00f3nica V\u00e1zquez\"],\"articleSection\":[\"El Bal\u00f3n Rojo\"],\"inLanguage\":\"es\",\"potentialAction\":[{\"@type\":\"CommentAction\",\"name\":\"Comment\",\"target\":[\"https:\\\/\\\/hojassueltas.es\\\/?p=18444#respond\"]}]},{\"@type\":\"WebPage\",\"@id\":\"https:\\\/\\\/hojassueltas.es\\\/?p=18444\",\"url\":\"https:\\\/\\\/hojassueltas.es\\\/?p=18444\",\"name\":\"El Pizza y Barbilla negra - Cap\u00edtulo 18 de \u00abEl bal\u00f3n rojo\u00bb | HOJAS SUELTAS Peri\u00f3dico Cultural\",\"isPartOf\":{\"@id\":\"https:\\\/\\\/hojassueltas.es\\\/#website\"},\"primaryImageOfPage\":{\"@id\":\"https:\\\/\\\/hojassueltas.es\\\/?p=18444#primaryimage\"},\"image\":{\"@id\":\"https:\\\/\\\/hojassueltas.es\\\/?p=18444#primaryimage\"},\"thumbnailUrl\":\"https:\\\/\\\/hojassueltas.es\\\/wp-content\\\/uploads\\\/2025\\\/03\\\/Capitulo-18_H.S.png\",\"datePublished\":\"2025-03-05T23:00:46+00:00\",\"dateModified\":\"2025-12-11T15:34:15+00:00\",\"description\":\"BLOG \u00abEl balon rojo\u00bb por Ver\u00f3nica V\u00e1zquez, Nuevo cap\u00edtulo de la novela\",\"breadcrumb\":{\"@id\":\"https:\\\/\\\/hojassueltas.es\\\/?p=18444#breadcrumb\"},\"inLanguage\":\"es\",\"potentialAction\":[{\"@type\":\"ReadAction\",\"target\":[\"https:\\\/\\\/hojassueltas.es\\\/?p=18444\"]}]},{\"@type\":\"ImageObject\",\"inLanguage\":\"es\",\"@id\":\"https:\\\/\\\/hojassueltas.es\\\/?p=18444#primaryimage\",\"url\":\"https:\\\/\\\/hojassueltas.es\\\/wp-content\\\/uploads\\\/2025\\\/03\\\/Capitulo-18_H.S.png\",\"contentUrl\":\"https:\\\/\\\/hojassueltas.es\\\/wp-content\\\/uploads\\\/2025\\\/03\\\/Capitulo-18_H.S.png\",\"width\":1050,\"height\":610},{\"@type\":\"BreadcrumbList\",\"@id\":\"https:\\\/\\\/hojassueltas.es\\\/?p=18444#breadcrumb\",\"itemListElement\":[{\"@type\":\"ListItem\",\"position\":1,\"name\":\"Portada\",\"item\":\"https:\\\/\\\/hojassueltas.es\\\/\"},{\"@type\":\"ListItem\",\"position\":2,\"name\":\"El Pizza y Barbilla negra &#8211; Cap\u00edtulo 18 de \u00abEl bal\u00f3n rojo\u00bb\"}]},{\"@type\":\"WebSite\",\"@id\":\"https:\\\/\\\/hojassueltas.es\\\/#website\",\"url\":\"https:\\\/\\\/hojassueltas.es\\\/\",\"name\":\"HojasSueltas.es\",\"description\":\"GRANADA - Peri\u00f3dico Cultural\",\"publisher\":{\"@id\":\"https:\\\/\\\/hojassueltas.es\\\/#organization\"},\"alternateName\":\"H.S. Periodico Cultural\",\"potentialAction\":[{\"@type\":\"SearchAction\",\"target\":{\"@type\":\"EntryPoint\",\"urlTemplate\":\"https:\\\/\\\/hojassueltas.es\\\/?s={search_term_string}\"},\"query-input\":{\"@type\":\"PropertyValueSpecification\",\"valueRequired\":true,\"valueName\":\"search_term_string\"}}],\"inLanguage\":\"es\"},{\"@type\":\"Organization\",\"@id\":\"https:\\\/\\\/hojassueltas.es\\\/#organization\",\"name\":\"HOJAS SUELTAS - Peri\u00f3dico Cultural\",\"alternateName\":\"HS - HOJAS SUELTAS Peri\u00f3dico Cultural\",\"url\":\"https:\\\/\\\/hojassueltas.es\\\/\",\"logo\":{\"@type\":\"ImageObject\",\"inLanguage\":\"es\",\"@id\":\"https:\\\/\\\/hojassueltas.es\\\/#\\\/schema\\\/logo\\\/image\\\/\",\"url\":\"https:\\\/\\\/hojassueltas.es\\\/wp-content\\\/uploads\\\/2025\\\/08\\\/Icono-HS_2.png\",\"contentUrl\":\"https:\\\/\\\/hojassueltas.es\\\/wp-content\\\/uploads\\\/2025\\\/08\\\/Icono-HS_2.png\",\"width\":500,\"height\":500,\"caption\":\"HOJAS SUELTAS - Peri\u00f3dico Cultural\"},\"image\":{\"@id\":\"https:\\\/\\\/hojassueltas.es\\\/#\\\/schema\\\/logo\\\/image\\\/\"},\"sameAs\":[\"https:\\\/\\\/x.com\\\/HOJASSUELTAS22\"]},{\"@type\":\"Person\",\"@id\":\"https:\\\/\\\/hojassueltas.es\\\/#\\\/schema\\\/person\\\/4c21892d9a305088d55a62ff59826d04\",\"name\":\"Ver\u00f3nica V\u00e1zquez\",\"image\":{\"@type\":\"ImageObject\",\"inLanguage\":\"es\",\"@id\":\"https:\\\/\\\/hojassueltas.es\\\/wp-content\\\/uploads\\\/2024\\\/10\\\/Imagen-2-96x96.jpg\",\"url\":\"https:\\\/\\\/hojassueltas.es\\\/wp-content\\\/uploads\\\/2024\\\/10\\\/Imagen-2-96x96.jpg\",\"contentUrl\":\"https:\\\/\\\/hojassueltas.es\\\/wp-content\\\/uploads\\\/2024\\\/10\\\/Imagen-2-96x96.jpg\",\"caption\":\"Ver\u00f3nica V\u00e1zquez\"},\"description\":\"Santiago de Compostela 1978. Tiene formaci\u00f3n y experiencia en secretariado. Pero su verdadera pasi\u00f3n siempre ha sido el cine y la literatura. Seguidora del g\u00e9nero de suspense. Tambi\u00e9n siente fascinaci\u00f3n por el c\u00f3mic de terror cl\u00e1sico consider\u00e1ndolo un exquisito arte. Gusta escribir sus historias como una pel\u00edcula. De gran imaginaci\u00f3n, en el a\u00f1o 2020 publica dos novelas de suspense en sello digital de Grupo Planeta, Click ediciones. En 2022 un audiolibro de \u00abLa sombra de Marcos\u00bb en plataforma Nextory. En 2023 comienza a realizar colaboraciones con microrrelatos de terror, en \u00abHojas Sueltas\u00bb En abril del 2023 gana convocatoria de relatos en la revista LO DESCONOCIDO con el relato de terror EL PASILLO. En junio del 2023 la productora indie TEATRO ROB\u00d3TICO DEL MISTERIO dramatiza en audio el relato de terror de infectados \u00a1CORRE!. En noviembre de 2023 gana convocatoria \u201cLa noche del lic\u00e1ntropo\u201d de la productora de audio LUX FERRE AUDIO con su relato de terror LA MONEDA DE PLATA para ser dramatizada en audio en el podcast Martes de Terror. En 2024 publica su novela de terror paranormal EL BAL\u00d3N ROJO en la web CALAMEO. En mayo del 2024 gana la convocatoria de relatos MIEDO EN CASA con su obra EL HOGAR DEL DIABLO, que ser\u00e1 publicada en una antolog\u00eda digital por la Red Municipal de Bibliotecas P\u00fablicas de Sevilla, Icas y el Ayuntamiento de Sevilla. En agosto del mismo a\u00f1o, gana la VIII convocatoria de relatos en la revista digital DRAG\u00d3N ESCRITOR con su microrrelato de terror TE PERTENECE. El fragmento de su novela de terror EL BAL\u00d3N ROJO se publica en la prestigiosa revista de M\u00e9xico \u201cdelatripa\u201d tambi\u00e9n en el mes de agosto de 2024 INSTAGRAM: Veronicavazquez_escritora \\\/ FACEBOOK: Ver\u00f3nica V\u00e1zquez ( El miedo es mi tinta) \\\/ X (Twitter) : @veronicav1978\",\"url\":\"https:\\\/\\\/hojassueltas.es\\\/?author=40\"}]}<\/script>\n<!-- \/ Yoast SEO plugin. -->","yoast_head_json":{"title":"El Pizza y Barbilla negra - Cap\u00edtulo 18 de \u00abEl bal\u00f3n rojo\u00bb | HOJAS SUELTAS Peri\u00f3dico Cultural","description":"BLOG \u00abEl balon rojo\u00bb por Ver\u00f3nica V\u00e1zquez, Nuevo cap\u00edtulo de la novela","robots":{"index":"index","follow":"follow","max-snippet":"max-snippet:-1","max-image-preview":"max-image-preview:large","max-video-preview":"max-video-preview:-1"},"canonical":"https:\/\/hojassueltas.es\/?p=18444","og_locale":"es_ES","og_type":"article","og_title":"El Pizza y Barbilla negra - Cap\u00edtulo 18 de \u00abEl bal\u00f3n rojo\u00bb | HOJAS SUELTAS Peri\u00f3dico Cultural","og_description":"BLOG \u00abEl balon rojo\u00bb por Ver\u00f3nica V\u00e1zquez, Nuevo cap\u00edtulo de la novela","og_url":"https:\/\/hojassueltas.es\/?p=18444","og_site_name":"HOJAS SUELTAS Peri\u00f3dico Cultural","article_published_time":"2025-03-05T23:00:46+00:00","article_modified_time":"2025-12-11T15:34:15+00:00","og_image":[{"width":1050,"height":610,"url":"https:\/\/hojassueltas.es\/wp-content\/uploads\/2025\/03\/Capitulo-18_H.S.png","type":"image\/png"}],"author":"Ver\u00f3nica V\u00e1zquez","twitter_card":"summary_large_image","twitter_creator":"@HOJASSUELTAS22","twitter_site":"@HOJASSUELTAS22","twitter_misc":{"Escrito por":"Ver\u00f3nica V\u00e1zquez","Tiempo de lectura":"5 minutos"},"schema":{"@context":"https:\/\/schema.org","@graph":[{"@type":["Article","BlogPosting"],"@id":"https:\/\/hojassueltas.es\/?p=18444#article","isPartOf":{"@id":"https:\/\/hojassueltas.es\/?p=18444"},"author":{"name":"Ver\u00f3nica V\u00e1zquez","@id":"https:\/\/hojassueltas.es\/#\/schema\/person\/4c21892d9a305088d55a62ff59826d04"},"headline":"El Pizza y Barbilla negra &#8211; Cap\u00edtulo 18 de \u00abEl bal\u00f3n rojo\u00bb","datePublished":"2025-03-05T23:00:46+00:00","dateModified":"2025-12-11T15:34:15+00:00","mainEntityOfPage":{"@id":"https:\/\/hojassueltas.es\/?p=18444"},"wordCount":963,"commentCount":0,"publisher":{"@id":"https:\/\/hojassueltas.es\/#organization"},"image":{"@id":"https:\/\/hojassueltas.es\/?p=18444#primaryimage"},"thumbnailUrl":"https:\/\/hojassueltas.es\/wp-content\/uploads\/2025\/03\/Capitulo-18_H.S.png","keywords":["Ver\u00f3nica V\u00e1zquez"],"articleSection":["El Bal\u00f3n Rojo"],"inLanguage":"es","potentialAction":[{"@type":"CommentAction","name":"Comment","target":["https:\/\/hojassueltas.es\/?p=18444#respond"]}]},{"@type":"WebPage","@id":"https:\/\/hojassueltas.es\/?p=18444","url":"https:\/\/hojassueltas.es\/?p=18444","name":"El Pizza y Barbilla negra - Cap\u00edtulo 18 de \u00abEl bal\u00f3n rojo\u00bb | HOJAS SUELTAS Peri\u00f3dico Cultural","isPartOf":{"@id":"https:\/\/hojassueltas.es\/#website"},"primaryImageOfPage":{"@id":"https:\/\/hojassueltas.es\/?p=18444#primaryimage"},"image":{"@id":"https:\/\/hojassueltas.es\/?p=18444#primaryimage"},"thumbnailUrl":"https:\/\/hojassueltas.es\/wp-content\/uploads\/2025\/03\/Capitulo-18_H.S.png","datePublished":"2025-03-05T23:00:46+00:00","dateModified":"2025-12-11T15:34:15+00:00","description":"BLOG \u00abEl balon rojo\u00bb por Ver\u00f3nica V\u00e1zquez, Nuevo cap\u00edtulo de la novela","breadcrumb":{"@id":"https:\/\/hojassueltas.es\/?p=18444#breadcrumb"},"inLanguage":"es","potentialAction":[{"@type":"ReadAction","target":["https:\/\/hojassueltas.es\/?p=18444"]}]},{"@type":"ImageObject","inLanguage":"es","@id":"https:\/\/hojassueltas.es\/?p=18444#primaryimage","url":"https:\/\/hojassueltas.es\/wp-content\/uploads\/2025\/03\/Capitulo-18_H.S.png","contentUrl":"https:\/\/hojassueltas.es\/wp-content\/uploads\/2025\/03\/Capitulo-18_H.S.png","width":1050,"height":610},{"@type":"BreadcrumbList","@id":"https:\/\/hojassueltas.es\/?p=18444#breadcrumb","itemListElement":[{"@type":"ListItem","position":1,"name":"Portada","item":"https:\/\/hojassueltas.es\/"},{"@type":"ListItem","position":2,"name":"El Pizza y Barbilla negra &#8211; Cap\u00edtulo 18 de \u00abEl bal\u00f3n rojo\u00bb"}]},{"@type":"WebSite","@id":"https:\/\/hojassueltas.es\/#website","url":"https:\/\/hojassueltas.es\/","name":"HojasSueltas.es","description":"GRANADA - Peri\u00f3dico Cultural","publisher":{"@id":"https:\/\/hojassueltas.es\/#organization"},"alternateName":"H.S. Periodico Cultural","potentialAction":[{"@type":"SearchAction","target":{"@type":"EntryPoint","urlTemplate":"https:\/\/hojassueltas.es\/?s={search_term_string}"},"query-input":{"@type":"PropertyValueSpecification","valueRequired":true,"valueName":"search_term_string"}}],"inLanguage":"es"},{"@type":"Organization","@id":"https:\/\/hojassueltas.es\/#organization","name":"HOJAS SUELTAS - Peri\u00f3dico Cultural","alternateName":"HS - HOJAS SUELTAS Peri\u00f3dico Cultural","url":"https:\/\/hojassueltas.es\/","logo":{"@type":"ImageObject","inLanguage":"es","@id":"https:\/\/hojassueltas.es\/#\/schema\/logo\/image\/","url":"https:\/\/hojassueltas.es\/wp-content\/uploads\/2025\/08\/Icono-HS_2.png","contentUrl":"https:\/\/hojassueltas.es\/wp-content\/uploads\/2025\/08\/Icono-HS_2.png","width":500,"height":500,"caption":"HOJAS SUELTAS - Peri\u00f3dico Cultural"},"image":{"@id":"https:\/\/hojassueltas.es\/#\/schema\/logo\/image\/"},"sameAs":["https:\/\/x.com\/HOJASSUELTAS22"]},{"@type":"Person","@id":"https:\/\/hojassueltas.es\/#\/schema\/person\/4c21892d9a305088d55a62ff59826d04","name":"Ver\u00f3nica V\u00e1zquez","image":{"@type":"ImageObject","inLanguage":"es","@id":"https:\/\/hojassueltas.es\/wp-content\/uploads\/2024\/10\/Imagen-2-96x96.jpg","url":"https:\/\/hojassueltas.es\/wp-content\/uploads\/2024\/10\/Imagen-2-96x96.jpg","contentUrl":"https:\/\/hojassueltas.es\/wp-content\/uploads\/2024\/10\/Imagen-2-96x96.jpg","caption":"Ver\u00f3nica V\u00e1zquez"},"description":"Santiago de Compostela 1978. Tiene formaci\u00f3n y experiencia en secretariado. Pero su verdadera pasi\u00f3n siempre ha sido el cine y la literatura. Seguidora del g\u00e9nero de suspense. Tambi\u00e9n siente fascinaci\u00f3n por el c\u00f3mic de terror cl\u00e1sico consider\u00e1ndolo un exquisito arte. Gusta escribir sus historias como una pel\u00edcula. De gran imaginaci\u00f3n, en el a\u00f1o 2020 publica dos novelas de suspense en sello digital de Grupo Planeta, Click ediciones. En 2022 un audiolibro de \u00abLa sombra de Marcos\u00bb en plataforma Nextory. En 2023 comienza a realizar colaboraciones con microrrelatos de terror, en \u00abHojas Sueltas\u00bb En abril del 2023 gana convocatoria de relatos en la revista LO DESCONOCIDO con el relato de terror EL PASILLO. En junio del 2023 la productora indie TEATRO ROB\u00d3TICO DEL MISTERIO dramatiza en audio el relato de terror de infectados \u00a1CORRE!. En noviembre de 2023 gana convocatoria \u201cLa noche del lic\u00e1ntropo\u201d de la productora de audio LUX FERRE AUDIO con su relato de terror LA MONEDA DE PLATA para ser dramatizada en audio en el podcast Martes de Terror. En 2024 publica su novela de terror paranormal EL BAL\u00d3N ROJO en la web CALAMEO. En mayo del 2024 gana la convocatoria de relatos MIEDO EN CASA con su obra EL HOGAR DEL DIABLO, que ser\u00e1 publicada en una antolog\u00eda digital por la Red Municipal de Bibliotecas P\u00fablicas de Sevilla, Icas y el Ayuntamiento de Sevilla. En agosto del mismo a\u00f1o, gana la VIII convocatoria de relatos en la revista digital DRAG\u00d3N ESCRITOR con su microrrelato de terror TE PERTENECE. El fragmento de su novela de terror EL BAL\u00d3N ROJO se publica en la prestigiosa revista de M\u00e9xico \u201cdelatripa\u201d tambi\u00e9n en el mes de agosto de 2024 INSTAGRAM: Veronicavazquez_escritora \/ FACEBOOK: Ver\u00f3nica V\u00e1zquez ( El miedo es mi tinta) \/ X (Twitter) : @veronicav1978","url":"https:\/\/hojassueltas.es\/?author=40"}]}},"_links":{"self":[{"href":"https:\/\/hojassueltas.es\/index.php?rest_route=\/wp\/v2\/posts\/18444","targetHints":{"allow":["GET"]}}],"collection":[{"href":"https:\/\/hojassueltas.es\/index.php?rest_route=\/wp\/v2\/posts"}],"about":[{"href":"https:\/\/hojassueltas.es\/index.php?rest_route=\/wp\/v2\/types\/post"}],"author":[{"embeddable":true,"href":"https:\/\/hojassueltas.es\/index.php?rest_route=\/wp\/v2\/users\/40"}],"replies":[{"embeddable":true,"href":"https:\/\/hojassueltas.es\/index.php?rest_route=%2Fwp%2Fv2%2Fcomments&post=18444"}],"version-history":[{"count":1,"href":"https:\/\/hojassueltas.es\/index.php?rest_route=\/wp\/v2\/posts\/18444\/revisions"}],"predecessor-version":[{"id":18446,"href":"https:\/\/hojassueltas.es\/index.php?rest_route=\/wp\/v2\/posts\/18444\/revisions\/18446"}],"wp:featuredmedia":[{"embeddable":true,"href":"https:\/\/hojassueltas.es\/index.php?rest_route=\/wp\/v2\/media\/18445"}],"wp:attachment":[{"href":"https:\/\/hojassueltas.es\/index.php?rest_route=%2Fwp%2Fv2%2Fmedia&parent=18444"}],"wp:term":[{"taxonomy":"category","embeddable":true,"href":"https:\/\/hojassueltas.es\/index.php?rest_route=%2Fwp%2Fv2%2Fcategories&post=18444"},{"taxonomy":"post_tag","embeddable":true,"href":"https:\/\/hojassueltas.es\/index.php?rest_route=%2Fwp%2Fv2%2Ftags&post=18444"}],"curies":[{"name":"wp","href":"https:\/\/api.w.org\/{rel}","templated":true}]}}