{"id":18015,"date":"2025-02-18T00:00:12","date_gmt":"2025-02-17T23:00:12","guid":{"rendered":"https:\/\/hojassueltas.es\/?p=18015"},"modified":"2025-12-01T12:37:16","modified_gmt":"2025-12-01T10:37:16","slug":"literatura-y-musica-en-la-narrativa-espanola-contemporanea-una-armonia-narrativa","status":"publish","type":"post","link":"https:\/\/hojassueltas.es\/?p=18015","title":{"rendered":"Literatura y m\u00fasica en la narrativa espa\u00f1ola contempor\u00e1nea: una armon\u00eda narrativa"},"content":{"rendered":"<h3 align=\"justify\">La m\u00fasica como eco narrativo: c\u00f3mo el sonido moldea personajes, atm\u00f3sferas y estructuras en la literatura espa\u00f1ola contempor\u00e1nea.<\/h3>\n<h2 class=\"western\" align=\"justify\"><span style=\"font-family: verdana, geneva, sans-serif; font-size: 20px;\">Un acorde literario: la m\u00fasica como recurso narrativo<\/span><\/h2>\n<p align=\"justify\"><span style=\"font-family: verdana, geneva, sans-serif; font-size: 16px;\">Una guitarra suena en una habitaci\u00f3n oscura. El personaje, un hombre en la treintena, enciende un cigarro mientras el vinilo gira en el tocadiscos. Suena Lou Reed. La escena podr\u00eda pertenecer a una novela de Ray Loriga, donde la m\u00fasica no es solo una ambientaci\u00f3n de fondo, sino una clave para comprender el estado emocional del protagonista. La m\u00fasica en la literatura es mucho m\u00e1s que una referencia cultural: es un recurso narrativo que moldea la atm\u00f3sfera, perfila personajes y estructura el ritmo de la narraci\u00f3n.<\/span><\/p>\n<p align=\"justify\"><span style=\"font-family: verdana, geneva, sans-serif; font-size: 16px;\">Desde el siglo XX hasta la actualidad, la relaci\u00f3n entre literatura y m\u00fasica en la narrativa espa\u00f1ola ha evolucionado desde las alusiones a la copla y el flamenco hasta el rock, el pop y la electr\u00f3nica, convirti\u00e9ndose en un elemento indispensable en la construcci\u00f3n de mundos literarios.<\/span><\/p>\n<h3 class=\"western\" align=\"justify\"><span style=\"font-family: verdana, geneva, sans-serif; font-size: 20px;\">Ecos de una historia: la m\u00fasica en la literatura espa\u00f1ola desde el siglo XX<\/span><\/h3>\n<p align=\"justify\"><span style=\"font-family: verdana, geneva, sans-serif; font-size: 16px;\">El siglo XX supuso un cambio radical en la manera en que la literatura incorporaba la m\u00fasica. Si en la literatura del Siglo de Oro la m\u00fasica aparec\u00eda en forma de liras y romances, en la narrativa moderna se convierte en un lenguaje que dialoga con el texto. La Generaci\u00f3n del 27, con autores como Federico Garc\u00eda Lorca, ya mostraba un inter\u00e9s por la tradici\u00f3n musical popular, especialmente el flamenco. Pero es en la segunda mitad del siglo XX cuando la m\u00fasica se convierte en un c\u00f3digo de identidad dentro de la literatura.<\/span><\/p>\n<p align=\"justify\"><span style=\"font-family: verdana, geneva, sans-serif; font-size: 16px;\">La llegada de la cultura pop, el auge del rock y la influencia del cine crearon un contexto en el que la literatura comenz\u00f3 a absorber las narrativas de la m\u00fasica. La movida madrile\u00f1a de los a\u00f1os 80 dej\u00f3 una huella indeleble en la literatura de los escritores de la \u00e9poca, en la que grupos como Radio Futura, Nacha Pop o Alaska y los Pegamoides se convirtieron en la banda sonora de toda una generaci\u00f3n.<\/span><\/p>\n<p align=\"justify\"><span style=\"font-family: verdana, geneva, sans-serif; font-size: 16px;\">En este sentido, la literatura de los a\u00f1os 90 y 2000 en Espa\u00f1a reflej\u00f3 una narratividad que incorporaba la m\u00fasica como un elemento fundamental de la identidad de los personajes y de la estructura misma del relato.<\/span><\/p>\n<h3 class=\"western\" align=\"justify\"><span style=\"font-family: verdana, geneva, sans-serif; font-size: 20px;\">La m\u00fasica como narrativa en la obra de Ray Loriga, Javier Mar\u00edas y Almudena Grandes<\/span><\/h3>\n<p align=\"justify\"><span style=\"font-family: verdana, geneva, sans-serif; font-size: 16px;\">Ray Loriga es uno de los escritores que mejor ha sabido integrar la m\u00fasica en su narrativa. En <em>H\u00e9roes<\/em> (1993), novela marcada por la influencia del rock, el protagonista se refugia en la m\u00fasica para sobrellevar su alienaci\u00f3n juvenil. El texto est\u00e1 impregnado de referencias a David Bowie, The Rolling Stones y Lou Reed, y la propia estructura de la novela imita el ritmo de un disco: fragmentaria, evocadora y directa. La m\u00fasica en Loriga no es un mero decorado, sino un espejo de la crisis existencial de los personajes.<\/span><\/p>\n<p align=\"justify\"><span style=\"font-family: verdana, geneva, sans-serif; font-size: 16px;\">Por su parte, Javier Mar\u00edas recurre a la m\u00fasica de una manera m\u00e1s sutil pero igualmente significativa. En <em>Tu rostro ma\u00f1ana<\/em> (2002-2007), la m\u00fasica cl\u00e1sica y el jazz juegan un papel determinante en la atm\u00f3sfera de la obra. El protagonista, Jacques Deza, escucha a Glenn Gould y a Duke Ellington, y la manera en que la m\u00fasica se describe refleja la tensi\u00f3n entre la memoria y la identidad. En Mar\u00edas, la m\u00fasica funciona como una met\u00e1fora de la imposibilidad de capturar el tiempo, una constante en su obra.<\/span><\/p>\n<p align=\"justify\"><span style=\"font-family: verdana, geneva, sans-serif; font-size: 16px;\">Almudena Grandes, en cambio, utiliza la m\u00fasica de manera m\u00e1s emocional y social. En <em>El coraz\u00f3n helado<\/em> (2007), la m\u00fasica popular, como las canciones de la Guerra Civil espa\u00f1ola, est\u00e1 ligada a la memoria hist\u00f3rica y a la identidad colectiva. Sus personajes escuchan canciones que evocan la p\u00e9rdida, la resistencia y el exilio. La m\u00fasica en su narrativa es un v\u00ednculo entre el pasado y el presente, entre la historia y la intimidad de los personajes.<\/span><\/p>\n<h3 class=\"western\" align=\"justify\"><span style=\"font-family: verdana, geneva, sans-serif; font-size: 20px;\">El futuro de la literatura y la m\u00fasica en la era digital<\/span><\/h3>\n<p align=\"justify\"><span style=\"font-family: verdana, geneva, sans-serif; font-size: 16px;\">En la actualidad, la relaci\u00f3n entre literatura y m\u00fasica sigue evolucionando gracias a las nuevas tecnolog\u00edas. La digitalizaci\u00f3n ha permitido que los lectores no solo imaginen la m\u00fasica en un libro, sino que la escuchen simult\u00e1neamente. Novelas con listas de reproducci\u00f3n en plataformas digitales, narrativas transmedia que combinan texto y sonido, e incluso audiolibros que integran bandas sonoras son solo algunos ejemplos de c\u00f3mo la m\u00fasica y la literatura contin\u00faan fusion\u00e1ndose.<\/span><\/p>\n<p align=\"justify\"><span style=\"font-family: verdana, geneva, sans-serif; font-size: 16px;\">Autores contempor\u00e1neos como Agust\u00edn Fern\u00e1ndez Mallo han llevado esta interconexi\u00f3n un paso m\u00e1s all\u00e1, explorando la relaci\u00f3n entre el sonido y la escritura desde una perspectiva posmoderna. En su <em>Nocilla Dream<\/em> (2006), la m\u00fasica forma parte del montaje narrativo, creando un efecto casi cinematogr\u00e1fico en la lectura.<\/span><\/p>\n<p align=\"justify\"><span style=\"font-family: verdana, geneva, sans-serif; font-size: 16px;\">En definitiva, la m\u00fasica y la literatura han construido una relaci\u00f3n que va mucho m\u00e1s all\u00e1 de la simple referencia cultural. Desde la identidad de los personajes hasta la estructura de la narraci\u00f3n, la m\u00fasica es un c\u00f3digo que sigue reinvent\u00e1ndose y que promete nuevas formas de contar historias en el siglo XXI. Como un buen disco, una buena novela tambi\u00e9n necesita ritmo, melod\u00eda y un eco que resuene en la memoria del lector.<\/span><\/p>\n<p align=\"justify\"><span style=\"font-family: impact, sans-serif;\">Anxo do Rego<\/span><\/p>\n","protected":false},"excerpt":{"rendered":"<p>La m\u00fasica como eco narrativo: c\u00f3mo el sonido moldea personajes, atm\u00f3sferas y estructuras en la literatura espa\u00f1ola contempor\u00e1nea. Un acorde literario: la m\u00fasica como recurso narrativo Una guitarra suena en una habitaci\u00f3n oscura. El personaje, un hombre en la treintena, enciende un cigarro mientras el vinilo gira en el tocadiscos. Suena Lou Reed. La escena [&hellip;]<\/p>\n","protected":false},"author":1,"featured_media":18016,"comment_status":"open","ping_status":"closed","sticky":false,"template":"","format":"standard","meta":{"footnotes":""},"categories":[2258],"tags":[230],"class_list":{"0":"post-18015","1":"post","2":"type-post","3":"status-publish","4":"format-standard","5":"has-post-thumbnail","7":"category-lente-critica","8":"tag-anxo-do-rego"},"yoast_head":"<!-- This site is optimized with the Yoast SEO plugin v27.5 - https:\/\/yoast.com\/product\/yoast-seo-wordpress\/ -->\n<title>Literatura y m\u00fasica en la narrativa espa\u00f1ola contempor\u00e1nea: una armon\u00eda narrativa | HOJAS SUELTAS Peri\u00f3dico Cultural<\/title>\n<meta name=\"description\" content=\"OPINI\u00d3N: La m\u00fasica como eco narrativo: c\u00f3mo el sonido moldea personajes, atm\u00f3sferas y estructuras en la literatura espa\u00f1ola contempor\u00e1nea.\" \/>\n<meta name=\"robots\" content=\"index, follow, max-snippet:-1, max-image-preview:large, max-video-preview:-1\" \/>\n<link rel=\"canonical\" href=\"https:\/\/hojassueltas.es\/?p=18015\" \/>\n<meta property=\"og:locale\" content=\"es_ES\" \/>\n<meta property=\"og:type\" content=\"article\" \/>\n<meta property=\"og:title\" content=\"Literatura y m\u00fasica en la narrativa espa\u00f1ola contempor\u00e1nea: una armon\u00eda narrativa | HOJAS SUELTAS Peri\u00f3dico Cultural\" \/>\n<meta property=\"og:description\" content=\"OPINI\u00d3N: La m\u00fasica como eco narrativo: c\u00f3mo el sonido moldea personajes, atm\u00f3sferas y estructuras en la literatura espa\u00f1ola contempor\u00e1nea.\" \/>\n<meta property=\"og:url\" content=\"https:\/\/hojassueltas.es\/?p=18015\" \/>\n<meta property=\"og:site_name\" content=\"HOJAS SUELTAS Peri\u00f3dico Cultural\" \/>\n<meta property=\"article:published_time\" content=\"2025-02-17T23:00:12+00:00\" \/>\n<meta property=\"article:modified_time\" content=\"2025-12-01T10:37:16+00:00\" \/>\n<meta property=\"og:image\" content=\"https:\/\/hojassueltas.es\/wp-content\/uploads\/2025\/02\/Literatura-y-musica_H.S.png\" \/>\n\t<meta property=\"og:image:width\" content=\"1050\" \/>\n\t<meta property=\"og:image:height\" content=\"610\" \/>\n\t<meta property=\"og:image:type\" content=\"image\/png\" \/>\n<meta name=\"author\" content=\"Redacci\u00f3n\" \/>\n<meta name=\"twitter:card\" content=\"summary_large_image\" \/>\n<meta name=\"twitter:creator\" content=\"@HOJASSUELTAS22\" \/>\n<meta name=\"twitter:site\" content=\"@HOJASSUELTAS22\" \/>\n<meta name=\"twitter:label1\" content=\"Escrito por\" \/>\n\t<meta name=\"twitter:data1\" content=\"Redacci\u00f3n\" \/>\n\t<meta name=\"twitter:label2\" content=\"Tiempo de lectura\" \/>\n\t<meta name=\"twitter:data2\" content=\"5 minutos\" \/>\n<script type=\"application\/ld+json\" class=\"yoast-schema-graph\">{\"@context\":\"https:\\\/\\\/schema.org\",\"@graph\":[{\"@type\":[\"Article\",\"BlogPosting\"],\"@id\":\"https:\\\/\\\/hojassueltas.es\\\/?p=18015#article\",\"isPartOf\":{\"@id\":\"https:\\\/\\\/hojassueltas.es\\\/?p=18015\"},\"author\":{\"name\":\"Redacci\u00f3n\",\"@id\":\"https:\\\/\\\/hojassueltas.es\\\/#\\\/schema\\\/person\\\/f232bbdb834c61c90aff2245daa401c0\"},\"headline\":\"Literatura y m\u00fasica en la narrativa espa\u00f1ola contempor\u00e1nea: una armon\u00eda narrativa\",\"datePublished\":\"2025-02-17T23:00:12+00:00\",\"dateModified\":\"2025-12-01T10:37:16+00:00\",\"mainEntityOfPage\":{\"@id\":\"https:\\\/\\\/hojassueltas.es\\\/?p=18015\"},\"wordCount\":957,\"commentCount\":0,\"publisher\":{\"@id\":\"https:\\\/\\\/hojassueltas.es\\\/#organization\"},\"image\":{\"@id\":\"https:\\\/\\\/hojassueltas.es\\\/?p=18015#primaryimage\"},\"thumbnailUrl\":\"https:\\\/\\\/hojassueltas.es\\\/wp-content\\\/uploads\\\/2025\\\/02\\\/Literatura-y-musica_H.S.png\",\"keywords\":[\"Anxo do Rego\"],\"articleSection\":[\"LENTE CR\u00cdTICA\"],\"inLanguage\":\"es\",\"potentialAction\":[{\"@type\":\"CommentAction\",\"name\":\"Comment\",\"target\":[\"https:\\\/\\\/hojassueltas.es\\\/?p=18015#respond\"]}]},{\"@type\":\"WebPage\",\"@id\":\"https:\\\/\\\/hojassueltas.es\\\/?p=18015\",\"url\":\"https:\\\/\\\/hojassueltas.es\\\/?p=18015\",\"name\":\"Literatura y m\u00fasica en la narrativa espa\u00f1ola contempor\u00e1nea: una armon\u00eda narrativa | HOJAS SUELTAS Peri\u00f3dico Cultural\",\"isPartOf\":{\"@id\":\"https:\\\/\\\/hojassueltas.es\\\/#website\"},\"primaryImageOfPage\":{\"@id\":\"https:\\\/\\\/hojassueltas.es\\\/?p=18015#primaryimage\"},\"image\":{\"@id\":\"https:\\\/\\\/hojassueltas.es\\\/?p=18015#primaryimage\"},\"thumbnailUrl\":\"https:\\\/\\\/hojassueltas.es\\\/wp-content\\\/uploads\\\/2025\\\/02\\\/Literatura-y-musica_H.S.png\",\"datePublished\":\"2025-02-17T23:00:12+00:00\",\"dateModified\":\"2025-12-01T10:37:16+00:00\",\"description\":\"OPINI\u00d3N: La m\u00fasica como eco narrativo: c\u00f3mo el sonido moldea personajes, atm\u00f3sferas y estructuras en la literatura espa\u00f1ola contempor\u00e1nea.\",\"breadcrumb\":{\"@id\":\"https:\\\/\\\/hojassueltas.es\\\/?p=18015#breadcrumb\"},\"inLanguage\":\"es\",\"potentialAction\":[{\"@type\":\"ReadAction\",\"target\":[\"https:\\\/\\\/hojassueltas.es\\\/?p=18015\"]}]},{\"@type\":\"ImageObject\",\"inLanguage\":\"es\",\"@id\":\"https:\\\/\\\/hojassueltas.es\\\/?p=18015#primaryimage\",\"url\":\"https:\\\/\\\/hojassueltas.es\\\/wp-content\\\/uploads\\\/2025\\\/02\\\/Literatura-y-musica_H.S.png\",\"contentUrl\":\"https:\\\/\\\/hojassueltas.es\\\/wp-content\\\/uploads\\\/2025\\\/02\\\/Literatura-y-musica_H.S.png\",\"width\":1050,\"height\":610},{\"@type\":\"BreadcrumbList\",\"@id\":\"https:\\\/\\\/hojassueltas.es\\\/?p=18015#breadcrumb\",\"itemListElement\":[{\"@type\":\"ListItem\",\"position\":1,\"name\":\"Portada\",\"item\":\"https:\\\/\\\/hojassueltas.es\\\/\"},{\"@type\":\"ListItem\",\"position\":2,\"name\":\"Literatura y m\u00fasica en la narrativa espa\u00f1ola contempor\u00e1nea: una armon\u00eda narrativa\"}]},{\"@type\":\"WebSite\",\"@id\":\"https:\\\/\\\/hojassueltas.es\\\/#website\",\"url\":\"https:\\\/\\\/hojassueltas.es\\\/\",\"name\":\"HojasSueltas.es\",\"description\":\"GRANADA - Peri\u00f3dico Cultural\",\"publisher\":{\"@id\":\"https:\\\/\\\/hojassueltas.es\\\/#organization\"},\"alternateName\":\"H.S. Periodico Cultural\",\"potentialAction\":[{\"@type\":\"SearchAction\",\"target\":{\"@type\":\"EntryPoint\",\"urlTemplate\":\"https:\\\/\\\/hojassueltas.es\\\/?s={search_term_string}\"},\"query-input\":{\"@type\":\"PropertyValueSpecification\",\"valueRequired\":true,\"valueName\":\"search_term_string\"}}],\"inLanguage\":\"es\"},{\"@type\":\"Organization\",\"@id\":\"https:\\\/\\\/hojassueltas.es\\\/#organization\",\"name\":\"HOJAS SUELTAS - Peri\u00f3dico Cultural\",\"alternateName\":\"HS - HOJAS SUELTAS Peri\u00f3dico Cultural\",\"url\":\"https:\\\/\\\/hojassueltas.es\\\/\",\"logo\":{\"@type\":\"ImageObject\",\"inLanguage\":\"es\",\"@id\":\"https:\\\/\\\/hojassueltas.es\\\/#\\\/schema\\\/logo\\\/image\\\/\",\"url\":\"https:\\\/\\\/hojassueltas.es\\\/wp-content\\\/uploads\\\/2025\\\/08\\\/Icono-HS_2.png\",\"contentUrl\":\"https:\\\/\\\/hojassueltas.es\\\/wp-content\\\/uploads\\\/2025\\\/08\\\/Icono-HS_2.png\",\"width\":500,\"height\":500,\"caption\":\"HOJAS SUELTAS - Peri\u00f3dico Cultural\"},\"image\":{\"@id\":\"https:\\\/\\\/hojassueltas.es\\\/#\\\/schema\\\/logo\\\/image\\\/\"},\"sameAs\":[\"https:\\\/\\\/x.com\\\/HOJASSUELTAS22\"]},{\"@type\":\"Person\",\"@id\":\"https:\\\/\\\/hojassueltas.es\\\/#\\\/schema\\\/person\\\/f232bbdb834c61c90aff2245daa401c0\",\"name\":\"Redacci\u00f3n\",\"image\":{\"@type\":\"ImageObject\",\"inLanguage\":\"es\",\"@id\":\"https:\\\/\\\/hojassueltas.es\\\/wp-content\\\/uploads\\\/2026\\\/02\\\/Redaccion-2-96x96.png\",\"url\":\"https:\\\/\\\/hojassueltas.es\\\/wp-content\\\/uploads\\\/2026\\\/02\\\/Redaccion-2-96x96.png\",\"contentUrl\":\"https:\\\/\\\/hojassueltas.es\\\/wp-content\\\/uploads\\\/2026\\\/02\\\/Redaccion-2-96x96.png\",\"caption\":\"Redacci\u00f3n\"},\"description\":\"Redacci\u00f3n de HOJAS SUELTAS\",\"url\":\"https:\\\/\\\/hojassueltas.es\\\/?author=1\"}]}<\/script>\n<!-- \/ Yoast SEO plugin. -->","yoast_head_json":{"title":"Literatura y m\u00fasica en la narrativa espa\u00f1ola contempor\u00e1nea: una armon\u00eda narrativa | HOJAS SUELTAS Peri\u00f3dico Cultural","description":"OPINI\u00d3N: La m\u00fasica como eco narrativo: c\u00f3mo el sonido moldea personajes, atm\u00f3sferas y estructuras en la literatura espa\u00f1ola contempor\u00e1nea.","robots":{"index":"index","follow":"follow","max-snippet":"max-snippet:-1","max-image-preview":"max-image-preview:large","max-video-preview":"max-video-preview:-1"},"canonical":"https:\/\/hojassueltas.es\/?p=18015","og_locale":"es_ES","og_type":"article","og_title":"Literatura y m\u00fasica en la narrativa espa\u00f1ola contempor\u00e1nea: una armon\u00eda narrativa | HOJAS SUELTAS Peri\u00f3dico Cultural","og_description":"OPINI\u00d3N: La m\u00fasica como eco narrativo: c\u00f3mo el sonido moldea personajes, atm\u00f3sferas y estructuras en la literatura espa\u00f1ola contempor\u00e1nea.","og_url":"https:\/\/hojassueltas.es\/?p=18015","og_site_name":"HOJAS SUELTAS Peri\u00f3dico Cultural","article_published_time":"2025-02-17T23:00:12+00:00","article_modified_time":"2025-12-01T10:37:16+00:00","og_image":[{"width":1050,"height":610,"url":"https:\/\/hojassueltas.es\/wp-content\/uploads\/2025\/02\/Literatura-y-musica_H.S.png","type":"image\/png"}],"author":"Redacci\u00f3n","twitter_card":"summary_large_image","twitter_creator":"@HOJASSUELTAS22","twitter_site":"@HOJASSUELTAS22","twitter_misc":{"Escrito por":"Redacci\u00f3n","Tiempo de lectura":"5 minutos"},"schema":{"@context":"https:\/\/schema.org","@graph":[{"@type":["Article","BlogPosting"],"@id":"https:\/\/hojassueltas.es\/?p=18015#article","isPartOf":{"@id":"https:\/\/hojassueltas.es\/?p=18015"},"author":{"name":"Redacci\u00f3n","@id":"https:\/\/hojassueltas.es\/#\/schema\/person\/f232bbdb834c61c90aff2245daa401c0"},"headline":"Literatura y m\u00fasica en la narrativa espa\u00f1ola contempor\u00e1nea: una armon\u00eda narrativa","datePublished":"2025-02-17T23:00:12+00:00","dateModified":"2025-12-01T10:37:16+00:00","mainEntityOfPage":{"@id":"https:\/\/hojassueltas.es\/?p=18015"},"wordCount":957,"commentCount":0,"publisher":{"@id":"https:\/\/hojassueltas.es\/#organization"},"image":{"@id":"https:\/\/hojassueltas.es\/?p=18015#primaryimage"},"thumbnailUrl":"https:\/\/hojassueltas.es\/wp-content\/uploads\/2025\/02\/Literatura-y-musica_H.S.png","keywords":["Anxo do Rego"],"articleSection":["LENTE CR\u00cdTICA"],"inLanguage":"es","potentialAction":[{"@type":"CommentAction","name":"Comment","target":["https:\/\/hojassueltas.es\/?p=18015#respond"]}]},{"@type":"WebPage","@id":"https:\/\/hojassueltas.es\/?p=18015","url":"https:\/\/hojassueltas.es\/?p=18015","name":"Literatura y m\u00fasica en la narrativa espa\u00f1ola contempor\u00e1nea: una armon\u00eda narrativa | HOJAS SUELTAS Peri\u00f3dico Cultural","isPartOf":{"@id":"https:\/\/hojassueltas.es\/#website"},"primaryImageOfPage":{"@id":"https:\/\/hojassueltas.es\/?p=18015#primaryimage"},"image":{"@id":"https:\/\/hojassueltas.es\/?p=18015#primaryimage"},"thumbnailUrl":"https:\/\/hojassueltas.es\/wp-content\/uploads\/2025\/02\/Literatura-y-musica_H.S.png","datePublished":"2025-02-17T23:00:12+00:00","dateModified":"2025-12-01T10:37:16+00:00","description":"OPINI\u00d3N: La m\u00fasica como eco narrativo: c\u00f3mo el sonido moldea personajes, atm\u00f3sferas y estructuras en la literatura espa\u00f1ola contempor\u00e1nea.","breadcrumb":{"@id":"https:\/\/hojassueltas.es\/?p=18015#breadcrumb"},"inLanguage":"es","potentialAction":[{"@type":"ReadAction","target":["https:\/\/hojassueltas.es\/?p=18015"]}]},{"@type":"ImageObject","inLanguage":"es","@id":"https:\/\/hojassueltas.es\/?p=18015#primaryimage","url":"https:\/\/hojassueltas.es\/wp-content\/uploads\/2025\/02\/Literatura-y-musica_H.S.png","contentUrl":"https:\/\/hojassueltas.es\/wp-content\/uploads\/2025\/02\/Literatura-y-musica_H.S.png","width":1050,"height":610},{"@type":"BreadcrumbList","@id":"https:\/\/hojassueltas.es\/?p=18015#breadcrumb","itemListElement":[{"@type":"ListItem","position":1,"name":"Portada","item":"https:\/\/hojassueltas.es\/"},{"@type":"ListItem","position":2,"name":"Literatura y m\u00fasica en la narrativa espa\u00f1ola contempor\u00e1nea: una armon\u00eda narrativa"}]},{"@type":"WebSite","@id":"https:\/\/hojassueltas.es\/#website","url":"https:\/\/hojassueltas.es\/","name":"HojasSueltas.es","description":"GRANADA - Peri\u00f3dico Cultural","publisher":{"@id":"https:\/\/hojassueltas.es\/#organization"},"alternateName":"H.S. Periodico Cultural","potentialAction":[{"@type":"SearchAction","target":{"@type":"EntryPoint","urlTemplate":"https:\/\/hojassueltas.es\/?s={search_term_string}"},"query-input":{"@type":"PropertyValueSpecification","valueRequired":true,"valueName":"search_term_string"}}],"inLanguage":"es"},{"@type":"Organization","@id":"https:\/\/hojassueltas.es\/#organization","name":"HOJAS SUELTAS - Peri\u00f3dico Cultural","alternateName":"HS - HOJAS SUELTAS Peri\u00f3dico Cultural","url":"https:\/\/hojassueltas.es\/","logo":{"@type":"ImageObject","inLanguage":"es","@id":"https:\/\/hojassueltas.es\/#\/schema\/logo\/image\/","url":"https:\/\/hojassueltas.es\/wp-content\/uploads\/2025\/08\/Icono-HS_2.png","contentUrl":"https:\/\/hojassueltas.es\/wp-content\/uploads\/2025\/08\/Icono-HS_2.png","width":500,"height":500,"caption":"HOJAS SUELTAS - Peri\u00f3dico Cultural"},"image":{"@id":"https:\/\/hojassueltas.es\/#\/schema\/logo\/image\/"},"sameAs":["https:\/\/x.com\/HOJASSUELTAS22"]},{"@type":"Person","@id":"https:\/\/hojassueltas.es\/#\/schema\/person\/f232bbdb834c61c90aff2245daa401c0","name":"Redacci\u00f3n","image":{"@type":"ImageObject","inLanguage":"es","@id":"https:\/\/hojassueltas.es\/wp-content\/uploads\/2026\/02\/Redaccion-2-96x96.png","url":"https:\/\/hojassueltas.es\/wp-content\/uploads\/2026\/02\/Redaccion-2-96x96.png","contentUrl":"https:\/\/hojassueltas.es\/wp-content\/uploads\/2026\/02\/Redaccion-2-96x96.png","caption":"Redacci\u00f3n"},"description":"Redacci\u00f3n de HOJAS SUELTAS","url":"https:\/\/hojassueltas.es\/?author=1"}]}},"_links":{"self":[{"href":"https:\/\/hojassueltas.es\/index.php?rest_route=\/wp\/v2\/posts\/18015","targetHints":{"allow":["GET"]}}],"collection":[{"href":"https:\/\/hojassueltas.es\/index.php?rest_route=\/wp\/v2\/posts"}],"about":[{"href":"https:\/\/hojassueltas.es\/index.php?rest_route=\/wp\/v2\/types\/post"}],"author":[{"embeddable":true,"href":"https:\/\/hojassueltas.es\/index.php?rest_route=\/wp\/v2\/users\/1"}],"replies":[{"embeddable":true,"href":"https:\/\/hojassueltas.es\/index.php?rest_route=%2Fwp%2Fv2%2Fcomments&post=18015"}],"version-history":[{"count":1,"href":"https:\/\/hojassueltas.es\/index.php?rest_route=\/wp\/v2\/posts\/18015\/revisions"}],"predecessor-version":[{"id":18017,"href":"https:\/\/hojassueltas.es\/index.php?rest_route=\/wp\/v2\/posts\/18015\/revisions\/18017"}],"wp:featuredmedia":[{"embeddable":true,"href":"https:\/\/hojassueltas.es\/index.php?rest_route=\/wp\/v2\/media\/18016"}],"wp:attachment":[{"href":"https:\/\/hojassueltas.es\/index.php?rest_route=%2Fwp%2Fv2%2Fmedia&parent=18015"}],"wp:term":[{"taxonomy":"category","embeddable":true,"href":"https:\/\/hojassueltas.es\/index.php?rest_route=%2Fwp%2Fv2%2Fcategories&post=18015"},{"taxonomy":"post_tag","embeddable":true,"href":"https:\/\/hojassueltas.es\/index.php?rest_route=%2Fwp%2Fv2%2Ftags&post=18015"}],"curies":[{"name":"wp","href":"https:\/\/api.w.org\/{rel}","templated":true}]}}