{"id":17765,"date":"2025-02-13T00:00:48","date_gmt":"2025-02-12T23:00:48","guid":{"rendered":"https:\/\/hojassueltas.es\/?p=17765"},"modified":"2025-06-08T08:56:29","modified_gmt":"2025-06-08T07:56:29","slug":"puntuacion-el-punto","status":"publish","type":"post","link":"https:\/\/hojassueltas.es\/?p=17765","title":{"rendered":"Puntuaci\u00f3n: el punto"},"content":{"rendered":"<div class=\"flex max-w-full flex-col flex-grow\">\n<div class=\"min-h-8 text-message flex w-full flex-col items-end gap-2 whitespace-normal break-words text-start [.text-message+&amp;]:mt-5\" dir=\"auto\" data-message-author-role=\"assistant\" data-message-id=\"ae9f7cb2-35a3-47c7-a165-7a019b188bec\" data-message-model-slug=\"gpt-4o\">\n<div class=\"flex w-full flex-col gap-1 empty:hidden first:pt-[3px]\">\n<div class=\"markdown prose w-full break-words dark:prose-invert light\">\n<p>El punto es un signo de puntuaci\u00f3n fundamental en la escritura del espa\u00f1ol. Su funci\u00f3n principal es marcar la separaci\u00f3n entre oraciones y p\u00e1rrafos, ayudando a estructurar el discurso y a clarificar el significado de los textos. A continuaci\u00f3n, se desarrollan sus usos y normas en distintos contextos.<\/p>\n<hr \/>\n<h3><strong>1. El punto como delimitador del discurso<\/strong><\/h3>\n<p>El punto es el signo de puntuaci\u00f3n que indica una pausa mayor dentro del texto, separando unidades discursivas completas. Su funci\u00f3n es delimitar el discurso en distintos niveles:<\/p>\n<h4><strong>1.1. El punto y seguido<\/strong><\/h4>\n<p>Se usa dentro de un mismo p\u00e1rrafo para separar oraciones que tratan sobre una misma idea o tema. Despu\u00e9s del punto y seguido, la escritura contin\u00faa en la misma l\u00ednea, con may\u00fascula inicial.<\/p>\n<p><strong>Ejemplo:<\/strong><br \/>\n\u2714\ufe0f La reuni\u00f3n fue un \u00e9xito. Todos los asistentes expresaron su satisfacci\u00f3n con las decisiones tomadas.<\/p>\n<p>\u26a0\ufe0f <em>Error com\u00fan:<\/em> usar una coma en lugar del punto y seguido.<br \/>\n\u274c La reuni\u00f3n fue un \u00e9xito, todos los asistentes expresaron su satisfacci\u00f3n con las decisiones tomadas.<\/p>\n<h4><strong>1.2. El punto y aparte<\/strong><\/h4>\n<p>Se emplea para separar p\u00e1rrafos dentro de un texto. Se usa cuando se cambia de idea o se desarrolla un nuevo aspecto del tema.<\/p>\n<p><strong>Ejemplo:<\/strong><br \/>\n\u2714\ufe0f La conferencia sobre historia del arte fue muy interesante. Se abordaron temas sobre la pintura renacentista y barroca.<\/p>\n<p>El p\u00fablico mostr\u00f3 un gran inter\u00e9s en las obras de Caravaggio y Vel\u00e1zquez.<\/p>\n<h4><strong>1.3. El punto final<\/strong><\/h4>\n<p>Indica el cierre definitivo del texto o de una secci\u00f3n. No debe confundirse con el punto y aparte, ya que su funci\u00f3n es dar por concluido un escrito.<\/p>\n<p><strong>Ejemplo:<\/strong><br \/>\n\u2714\ufe0f En conclusi\u00f3n, la educaci\u00f3n es un pilar fundamental para el desarrollo de la sociedad.<\/p>\n<h3><strong>2. El punto en contextos espec\u00edficos<\/strong><\/h3>\n<h4><strong>2.1. El punto en abreviaturas<\/strong><\/h4>\n<p>Las abreviaturas llevan punto al final, aunque si la abreviatura aparece al final de una oraci\u00f3n, no se debe a\u00f1adir un segundo punto.<\/p>\n<p><strong>Ejemplo:<\/strong><br \/>\n\u2714\ufe0f El m\u00e9dico fue atendido por el Dr. P\u00e9rez.<br \/>\n\u2714\ufe0f La reuni\u00f3n ser\u00e1 el pr\u00f3ximo lunes a las 10 a. m.<\/p>\n<p>\u26a0\ufe0f <em>Error com\u00fan:<\/em> colocar punto despu\u00e9s de una abreviatura cuando ya hay otro signo de puntuaci\u00f3n.<br \/>\n\u274c El m\u00e9dico fue atendido por el Dr.. P\u00e9rez.<br \/>\n\u274c La reuni\u00f3n ser\u00e1 el pr\u00f3ximo lunes a las 10 a. m..<\/p>\n<h4><strong>2.2. El punto en siglas y acr\u00f3nimos<\/strong><\/h4>\n<p>Las siglas y acr\u00f3nimos no llevan punto entre sus letras.<\/p>\n<p><strong>Ejemplo:<\/strong><br \/>\n\u2714\ufe0f La ONU tiene un papel fundamental en la diplomacia internacional.<br \/>\n\u2714\ufe0f La RAE regula el uso del espa\u00f1ol.<\/p>\n<p>\u26a0\ufe0f <em>Error com\u00fan:<\/em> insertar puntos entre las letras de una sigla.<br \/>\n\u274c La O.N.U. tiene un papel fundamental en la diplomacia internacional.<\/p>\n<h4><strong>2.3. El punto en t\u00edtulos y subt\u00edtulos<\/strong><\/h4>\n<p>El punto no debe colocarse al final de t\u00edtulos o subt\u00edtulos, a menos que el t\u00edtulo sea un enunciado completo.<\/p>\n<p><strong>Ejemplo:<\/strong><br \/>\n\u2714\ufe0f <strong>Normas de estilo en escritura acad\u00e9mica<\/strong><br \/>\n\u2714\ufe0f <strong>El futuro del lenguaje en la era digital.<\/strong> (enunciado completo)<\/p>\n<p>\u26a0\ufe0f <em>Error com\u00fan:<\/em> colocar punto despu\u00e9s de t\u00edtulos que no son enunciados completos.<br \/>\n\u274c <strong>Normas de estilo en escritura acad\u00e9mica.<\/strong><\/p>\n<h2><strong>3. Concurrencia con otros signos<\/strong><\/h2>\n<p>El punto no siempre aparece solo en un texto. Debe convivir con otros signos de puntuaci\u00f3n seg\u00fan reglas espec\u00edficas.<\/p>\n<h4><strong>3.1. Punto y comillas<\/strong><\/h4>\n<p>Cuando el punto coincide con comillas, debe colocarse fuera de las comillas si el enunciado completo est\u00e1 fuera de ellas.<\/p>\n<p><strong>Ejemplo:<\/strong><br \/>\n\u2714\ufe0f Pedro exclam\u00f3: \u201c\u00a1Qu\u00e9 sorpresa!\u201d.<br \/>\n\u2714\ufe0f \u201cMa\u00f1ana ser\u00e1 un gran d\u00eda\u201d, dijo el profesor.<\/p>\n<p>\u26a0\ufe0f <em>Error com\u00fan:<\/em> colocar el punto dentro de las comillas cuando el enunciado principal a\u00fan no ha terminado.<br \/>\n\u274c \u201cMa\u00f1ana ser\u00e1 un gran d\u00eda.\u201d, dijo el profesor.<\/p>\n<h4><strong>3.2. Punto y par\u00e9ntesis<\/strong><\/h4>\n<p>Si la oraci\u00f3n dentro del par\u00e9ntesis es independiente, el punto se coloca dentro. Si forma parte de un enunciado mayor, el punto va fuera del par\u00e9ntesis.<\/p>\n<p><strong>Ejemplo:<\/strong><br \/>\n\u2714\ufe0f Mar\u00eda viaj\u00f3 a Par\u00eds. (Siempre so\u00f1\u00f3 con conocer la ciudad.)<br \/>\n\u2714\ufe0f Mar\u00eda viaj\u00f3 a Par\u00eds (una ciudad llena de historia y arte).<\/p>\n<p>\u26a0\ufe0f <em>Error com\u00fan:<\/em> colocar el punto fuera cuando la oraci\u00f3n dentro del par\u00e9ntesis es independiente.<br \/>\n\u274c Mar\u00eda viaj\u00f3 a Par\u00eds. (Siempre so\u00f1\u00f3 con conocer la ciudad).<\/p>\n<h4><strong>3.3. Punto y signos de interrogaci\u00f3n o exclamaci\u00f3n<\/strong><\/h4>\n<p>No se coloca punto despu\u00e9s de signos de interrogaci\u00f3n o exclamaci\u00f3n, ya que estos ya cumplen la funci\u00f3n de cierre de la oraci\u00f3n.<\/p>\n<p><strong>Ejemplo:<\/strong><br \/>\n\u2714\ufe0f \u00bfVendr\u00e1s ma\u00f1ana?<br \/>\n\u2714\ufe0f \u00a1Qu\u00e9 sorpresa!<\/p>\n<p>\u26a0\ufe0f <em>Error com\u00fan:<\/em> a\u00f1adir un punto despu\u00e9s de estos signos.<br \/>\n\u274c \u00bfVendr\u00e1s ma\u00f1ana?.<br \/>\n\u274c \u00a1Qu\u00e9 sorpresa!.<\/p>\n<h4><strong>3.4. Punto y puntos suspensivos<\/strong><\/h4>\n<p>Cuando los puntos suspensivos cierran una oraci\u00f3n, no se a\u00f1ade un punto adicional.<\/p>\n<p><strong>Ejemplo:<\/strong><br \/>\n\u2714\ufe0f No s\u00e9 qu\u00e9 hacer&#8230;<br \/>\n\u2714\ufe0f Pens\u00e9 que todo saldr\u00eda bien, pero&#8230;<\/p>\n<p>\u26a0\ufe0f <em>Error com\u00fan:<\/em> agregar un punto despu\u00e9s de los puntos suspensivos.<br \/>\n\u274c No s\u00e9 qu\u00e9 hacer&#8230;..<\/p>\n<hr \/>\n<h3 style=\"text-align: center;\"><strong>Ejercicios de pr\u00e1ctica<\/strong><\/h3>\n<h5><strong>1. Identifica el error en el uso del punto y corrige las oraciones:<\/strong><\/h5>\n<p>a) La pel\u00edcula fue emocionante, todos aplaudieron al final.<br \/>\nb) Me encanta la m\u00fasica cl\u00e1sica. sobre todo Beethoven y Mozart.<br \/>\nc) La reuni\u00f3n comenzar\u00e1 a las 9 a.m.. en la sala principal.<br \/>\nd) \u00bfCu\u00e1ndo llegar\u00e1s?.<\/p>\n<h5><strong>2. Escribe un p\u00e1rrafo usando correctamente el punto y seguido, el punto y aparte y el punto final.<\/strong><\/h5>\n<\/div>\n<\/div>\n<p><span style=\"font-family: impact, sans-serif;\">Equipo de Redacci\u00f3n<\/span><\/p>\n<\/div>\n<\/div>\n<div class=\"mb-2 flex gap-3 empty:hidden -ml-2\">\n<div class=\"items-center justify-start rounded-xl p-1 flex\">\n<div class=\"flex items-center\"><\/div>\n<\/div>\n<\/div>\n","protected":false},"excerpt":{"rendered":"<p>El punto es un signo de puntuaci\u00f3n fundamental en la escritura del espa\u00f1ol. Su funci\u00f3n principal es marcar la separaci\u00f3n entre oraciones y p\u00e1rrafos, ayudando a estructurar el discurso y a clarificar el significado de los textos. A continuaci\u00f3n, se desarrollan sus usos y normas en distintos contextos. 1. El punto como delimitador del discurso [&hellip;]<\/p>\n","protected":false},"author":1,"featured_media":17259,"comment_status":"open","ping_status":"closed","sticky":false,"template":"","format":"standard","meta":{"footnotes":""},"categories":[2186],"tags":[],"class_list":{"0":"post-17765","1":"post","2":"type-post","3":"status-publish","4":"format-standard","5":"has-post-thumbnail","7":"category-normas-a-recordar"},"yoast_head":"<!-- This site is optimized with the Yoast SEO plugin v27.5 - https:\/\/yoast.com\/product\/yoast-seo-wordpress\/ -->\n<title>Puntuaci\u00f3n: el punto | HOJAS SUELTAS Peri\u00f3dico Cultural<\/title>\n<meta name=\"description\" content=\"ORTOGRAF\u00cdA. El punto es un signo de puntuaci\u00f3n fundamental en la escritura del espa\u00f1ol. Su funci\u00f3n principal es marcar la separaci\u00f3n entre oraciones y p\u00e1rrafos\" \/>\n<meta name=\"robots\" content=\"index, follow, max-snippet:-1, max-image-preview:large, max-video-preview:-1\" \/>\n<link rel=\"canonical\" href=\"https:\/\/hojassueltas.es\/?p=17765\" \/>\n<meta property=\"og:locale\" content=\"es_ES\" \/>\n<meta property=\"og:type\" content=\"article\" \/>\n<meta property=\"og:title\" content=\"Puntuaci\u00f3n: el punto | HOJAS SUELTAS Peri\u00f3dico Cultural\" \/>\n<meta property=\"og:description\" content=\"ORTOGRAF\u00cdA. El punto es un signo de puntuaci\u00f3n fundamental en la escritura del espa\u00f1ol. Su funci\u00f3n principal es marcar la separaci\u00f3n entre oraciones y p\u00e1rrafos\" \/>\n<meta property=\"og:url\" content=\"https:\/\/hojassueltas.es\/?p=17765\" \/>\n<meta property=\"og:site_name\" content=\"HOJAS SUELTAS Peri\u00f3dico Cultural\" \/>\n<meta property=\"article:published_time\" content=\"2025-02-12T23:00:48+00:00\" \/>\n<meta property=\"article:modified_time\" content=\"2025-06-08T07:56:29+00:00\" \/>\n<meta property=\"og:image\" content=\"https:\/\/hojassueltas.es\/wp-content\/uploads\/2025\/01\/Ortografia_H.S.png\" \/>\n\t<meta property=\"og:image:width\" content=\"1050\" \/>\n\t<meta property=\"og:image:height\" content=\"610\" \/>\n\t<meta property=\"og:image:type\" content=\"image\/png\" \/>\n<meta name=\"author\" content=\"Redacci\u00f3n\" \/>\n<meta name=\"twitter:card\" content=\"summary_large_image\" \/>\n<meta name=\"twitter:creator\" content=\"@HOJASSUELTAS22\" \/>\n<meta name=\"twitter:site\" content=\"@HOJASSUELTAS22\" \/>\n<meta name=\"twitter:label1\" content=\"Escrito por\" \/>\n\t<meta name=\"twitter:data1\" content=\"Redacci\u00f3n\" \/>\n\t<meta name=\"twitter:label2\" content=\"Tiempo de lectura\" \/>\n\t<meta name=\"twitter:data2\" content=\"5 minutos\" \/>\n<script type=\"application\/ld+json\" class=\"yoast-schema-graph\">{\"@context\":\"https:\\\/\\\/schema.org\",\"@graph\":[{\"@type\":[\"Article\",\"BlogPosting\"],\"@id\":\"https:\\\/\\\/hojassueltas.es\\\/?p=17765#article\",\"isPartOf\":{\"@id\":\"https:\\\/\\\/hojassueltas.es\\\/?p=17765\"},\"author\":{\"name\":\"Redacci\u00f3n\",\"@id\":\"https:\\\/\\\/hojassueltas.es\\\/#\\\/schema\\\/person\\\/f232bbdb834c61c90aff2245daa401c0\"},\"headline\":\"Puntuaci\u00f3n: el punto\",\"datePublished\":\"2025-02-12T23:00:48+00:00\",\"dateModified\":\"2025-06-08T07:56:29+00:00\",\"mainEntityOfPage\":{\"@id\":\"https:\\\/\\\/hojassueltas.es\\\/?p=17765\"},\"wordCount\":895,\"commentCount\":0,\"publisher\":{\"@id\":\"https:\\\/\\\/hojassueltas.es\\\/#organization\"},\"image\":{\"@id\":\"https:\\\/\\\/hojassueltas.es\\\/?p=17765#primaryimage\"},\"thumbnailUrl\":\"https:\\\/\\\/hojassueltas.es\\\/wp-content\\\/uploads\\\/2025\\\/01\\\/Ortografia_H.S.png\",\"articleSection\":[\"NORMAS A RECORDAR\"],\"inLanguage\":\"es\",\"potentialAction\":[{\"@type\":\"CommentAction\",\"name\":\"Comment\",\"target\":[\"https:\\\/\\\/hojassueltas.es\\\/?p=17765#respond\"]}]},{\"@type\":\"WebPage\",\"@id\":\"https:\\\/\\\/hojassueltas.es\\\/?p=17765\",\"url\":\"https:\\\/\\\/hojassueltas.es\\\/?p=17765\",\"name\":\"Puntuaci\u00f3n: el punto | HOJAS SUELTAS Peri\u00f3dico Cultural\",\"isPartOf\":{\"@id\":\"https:\\\/\\\/hojassueltas.es\\\/#website\"},\"primaryImageOfPage\":{\"@id\":\"https:\\\/\\\/hojassueltas.es\\\/?p=17765#primaryimage\"},\"image\":{\"@id\":\"https:\\\/\\\/hojassueltas.es\\\/?p=17765#primaryimage\"},\"thumbnailUrl\":\"https:\\\/\\\/hojassueltas.es\\\/wp-content\\\/uploads\\\/2025\\\/01\\\/Ortografia_H.S.png\",\"datePublished\":\"2025-02-12T23:00:48+00:00\",\"dateModified\":\"2025-06-08T07:56:29+00:00\",\"description\":\"ORTOGRAF\u00cdA. El punto es un signo de puntuaci\u00f3n fundamental en la escritura del espa\u00f1ol. Su funci\u00f3n principal es marcar la separaci\u00f3n entre oraciones y p\u00e1rrafos\",\"breadcrumb\":{\"@id\":\"https:\\\/\\\/hojassueltas.es\\\/?p=17765#breadcrumb\"},\"inLanguage\":\"es\",\"potentialAction\":[{\"@type\":\"ReadAction\",\"target\":[\"https:\\\/\\\/hojassueltas.es\\\/?p=17765\"]}]},{\"@type\":\"ImageObject\",\"inLanguage\":\"es\",\"@id\":\"https:\\\/\\\/hojassueltas.es\\\/?p=17765#primaryimage\",\"url\":\"https:\\\/\\\/hojassueltas.es\\\/wp-content\\\/uploads\\\/2025\\\/01\\\/Ortografia_H.S.png\",\"contentUrl\":\"https:\\\/\\\/hojassueltas.es\\\/wp-content\\\/uploads\\\/2025\\\/01\\\/Ortografia_H.S.png\",\"width\":1050,\"height\":610},{\"@type\":\"BreadcrumbList\",\"@id\":\"https:\\\/\\\/hojassueltas.es\\\/?p=17765#breadcrumb\",\"itemListElement\":[{\"@type\":\"ListItem\",\"position\":1,\"name\":\"Portada\",\"item\":\"https:\\\/\\\/hojassueltas.es\\\/\"},{\"@type\":\"ListItem\",\"position\":2,\"name\":\"Puntuaci\u00f3n: el punto\"}]},{\"@type\":\"WebSite\",\"@id\":\"https:\\\/\\\/hojassueltas.es\\\/#website\",\"url\":\"https:\\\/\\\/hojassueltas.es\\\/\",\"name\":\"HojasSueltas.es\",\"description\":\"GRANADA - Peri\u00f3dico Cultural\",\"publisher\":{\"@id\":\"https:\\\/\\\/hojassueltas.es\\\/#organization\"},\"alternateName\":\"H.S. Periodico Cultural\",\"potentialAction\":[{\"@type\":\"SearchAction\",\"target\":{\"@type\":\"EntryPoint\",\"urlTemplate\":\"https:\\\/\\\/hojassueltas.es\\\/?s={search_term_string}\"},\"query-input\":{\"@type\":\"PropertyValueSpecification\",\"valueRequired\":true,\"valueName\":\"search_term_string\"}}],\"inLanguage\":\"es\"},{\"@type\":\"Organization\",\"@id\":\"https:\\\/\\\/hojassueltas.es\\\/#organization\",\"name\":\"HOJAS SUELTAS - Peri\u00f3dico Cultural\",\"alternateName\":\"HS - HOJAS SUELTAS Peri\u00f3dico Cultural\",\"url\":\"https:\\\/\\\/hojassueltas.es\\\/\",\"logo\":{\"@type\":\"ImageObject\",\"inLanguage\":\"es\",\"@id\":\"https:\\\/\\\/hojassueltas.es\\\/#\\\/schema\\\/logo\\\/image\\\/\",\"url\":\"https:\\\/\\\/hojassueltas.es\\\/wp-content\\\/uploads\\\/2025\\\/08\\\/Icono-HS_2.png\",\"contentUrl\":\"https:\\\/\\\/hojassueltas.es\\\/wp-content\\\/uploads\\\/2025\\\/08\\\/Icono-HS_2.png\",\"width\":500,\"height\":500,\"caption\":\"HOJAS SUELTAS - Peri\u00f3dico Cultural\"},\"image\":{\"@id\":\"https:\\\/\\\/hojassueltas.es\\\/#\\\/schema\\\/logo\\\/image\\\/\"},\"sameAs\":[\"https:\\\/\\\/x.com\\\/HOJASSUELTAS22\"]},{\"@type\":\"Person\",\"@id\":\"https:\\\/\\\/hojassueltas.es\\\/#\\\/schema\\\/person\\\/f232bbdb834c61c90aff2245daa401c0\",\"name\":\"Redacci\u00f3n\",\"image\":{\"@type\":\"ImageObject\",\"inLanguage\":\"es\",\"@id\":\"https:\\\/\\\/hojassueltas.es\\\/wp-content\\\/uploads\\\/2026\\\/02\\\/Redaccion-2-96x96.png\",\"url\":\"https:\\\/\\\/hojassueltas.es\\\/wp-content\\\/uploads\\\/2026\\\/02\\\/Redaccion-2-96x96.png\",\"contentUrl\":\"https:\\\/\\\/hojassueltas.es\\\/wp-content\\\/uploads\\\/2026\\\/02\\\/Redaccion-2-96x96.png\",\"caption\":\"Redacci\u00f3n\"},\"description\":\"Redacci\u00f3n de HOJAS SUELTAS\",\"url\":\"https:\\\/\\\/hojassueltas.es\\\/?author=1\"}]}<\/script>\n<!-- \/ Yoast SEO plugin. -->","yoast_head_json":{"title":"Puntuaci\u00f3n: el punto | HOJAS SUELTAS Peri\u00f3dico Cultural","description":"ORTOGRAF\u00cdA. El punto es un signo de puntuaci\u00f3n fundamental en la escritura del espa\u00f1ol. Su funci\u00f3n principal es marcar la separaci\u00f3n entre oraciones y p\u00e1rrafos","robots":{"index":"index","follow":"follow","max-snippet":"max-snippet:-1","max-image-preview":"max-image-preview:large","max-video-preview":"max-video-preview:-1"},"canonical":"https:\/\/hojassueltas.es\/?p=17765","og_locale":"es_ES","og_type":"article","og_title":"Puntuaci\u00f3n: el punto | HOJAS SUELTAS Peri\u00f3dico Cultural","og_description":"ORTOGRAF\u00cdA. El punto es un signo de puntuaci\u00f3n fundamental en la escritura del espa\u00f1ol. Su funci\u00f3n principal es marcar la separaci\u00f3n entre oraciones y p\u00e1rrafos","og_url":"https:\/\/hojassueltas.es\/?p=17765","og_site_name":"HOJAS SUELTAS Peri\u00f3dico Cultural","article_published_time":"2025-02-12T23:00:48+00:00","article_modified_time":"2025-06-08T07:56:29+00:00","og_image":[{"width":1050,"height":610,"url":"https:\/\/hojassueltas.es\/wp-content\/uploads\/2025\/01\/Ortografia_H.S.png","type":"image\/png"}],"author":"Redacci\u00f3n","twitter_card":"summary_large_image","twitter_creator":"@HOJASSUELTAS22","twitter_site":"@HOJASSUELTAS22","twitter_misc":{"Escrito por":"Redacci\u00f3n","Tiempo de lectura":"5 minutos"},"schema":{"@context":"https:\/\/schema.org","@graph":[{"@type":["Article","BlogPosting"],"@id":"https:\/\/hojassueltas.es\/?p=17765#article","isPartOf":{"@id":"https:\/\/hojassueltas.es\/?p=17765"},"author":{"name":"Redacci\u00f3n","@id":"https:\/\/hojassueltas.es\/#\/schema\/person\/f232bbdb834c61c90aff2245daa401c0"},"headline":"Puntuaci\u00f3n: el punto","datePublished":"2025-02-12T23:00:48+00:00","dateModified":"2025-06-08T07:56:29+00:00","mainEntityOfPage":{"@id":"https:\/\/hojassueltas.es\/?p=17765"},"wordCount":895,"commentCount":0,"publisher":{"@id":"https:\/\/hojassueltas.es\/#organization"},"image":{"@id":"https:\/\/hojassueltas.es\/?p=17765#primaryimage"},"thumbnailUrl":"https:\/\/hojassueltas.es\/wp-content\/uploads\/2025\/01\/Ortografia_H.S.png","articleSection":["NORMAS A RECORDAR"],"inLanguage":"es","potentialAction":[{"@type":"CommentAction","name":"Comment","target":["https:\/\/hojassueltas.es\/?p=17765#respond"]}]},{"@type":"WebPage","@id":"https:\/\/hojassueltas.es\/?p=17765","url":"https:\/\/hojassueltas.es\/?p=17765","name":"Puntuaci\u00f3n: el punto | HOJAS SUELTAS Peri\u00f3dico Cultural","isPartOf":{"@id":"https:\/\/hojassueltas.es\/#website"},"primaryImageOfPage":{"@id":"https:\/\/hojassueltas.es\/?p=17765#primaryimage"},"image":{"@id":"https:\/\/hojassueltas.es\/?p=17765#primaryimage"},"thumbnailUrl":"https:\/\/hojassueltas.es\/wp-content\/uploads\/2025\/01\/Ortografia_H.S.png","datePublished":"2025-02-12T23:00:48+00:00","dateModified":"2025-06-08T07:56:29+00:00","description":"ORTOGRAF\u00cdA. El punto es un signo de puntuaci\u00f3n fundamental en la escritura del espa\u00f1ol. Su funci\u00f3n principal es marcar la separaci\u00f3n entre oraciones y p\u00e1rrafos","breadcrumb":{"@id":"https:\/\/hojassueltas.es\/?p=17765#breadcrumb"},"inLanguage":"es","potentialAction":[{"@type":"ReadAction","target":["https:\/\/hojassueltas.es\/?p=17765"]}]},{"@type":"ImageObject","inLanguage":"es","@id":"https:\/\/hojassueltas.es\/?p=17765#primaryimage","url":"https:\/\/hojassueltas.es\/wp-content\/uploads\/2025\/01\/Ortografia_H.S.png","contentUrl":"https:\/\/hojassueltas.es\/wp-content\/uploads\/2025\/01\/Ortografia_H.S.png","width":1050,"height":610},{"@type":"BreadcrumbList","@id":"https:\/\/hojassueltas.es\/?p=17765#breadcrumb","itemListElement":[{"@type":"ListItem","position":1,"name":"Portada","item":"https:\/\/hojassueltas.es\/"},{"@type":"ListItem","position":2,"name":"Puntuaci\u00f3n: el punto"}]},{"@type":"WebSite","@id":"https:\/\/hojassueltas.es\/#website","url":"https:\/\/hojassueltas.es\/","name":"HojasSueltas.es","description":"GRANADA - Peri\u00f3dico Cultural","publisher":{"@id":"https:\/\/hojassueltas.es\/#organization"},"alternateName":"H.S. Periodico Cultural","potentialAction":[{"@type":"SearchAction","target":{"@type":"EntryPoint","urlTemplate":"https:\/\/hojassueltas.es\/?s={search_term_string}"},"query-input":{"@type":"PropertyValueSpecification","valueRequired":true,"valueName":"search_term_string"}}],"inLanguage":"es"},{"@type":"Organization","@id":"https:\/\/hojassueltas.es\/#organization","name":"HOJAS SUELTAS - Peri\u00f3dico Cultural","alternateName":"HS - HOJAS SUELTAS Peri\u00f3dico Cultural","url":"https:\/\/hojassueltas.es\/","logo":{"@type":"ImageObject","inLanguage":"es","@id":"https:\/\/hojassueltas.es\/#\/schema\/logo\/image\/","url":"https:\/\/hojassueltas.es\/wp-content\/uploads\/2025\/08\/Icono-HS_2.png","contentUrl":"https:\/\/hojassueltas.es\/wp-content\/uploads\/2025\/08\/Icono-HS_2.png","width":500,"height":500,"caption":"HOJAS SUELTAS - Peri\u00f3dico Cultural"},"image":{"@id":"https:\/\/hojassueltas.es\/#\/schema\/logo\/image\/"},"sameAs":["https:\/\/x.com\/HOJASSUELTAS22"]},{"@type":"Person","@id":"https:\/\/hojassueltas.es\/#\/schema\/person\/f232bbdb834c61c90aff2245daa401c0","name":"Redacci\u00f3n","image":{"@type":"ImageObject","inLanguage":"es","@id":"https:\/\/hojassueltas.es\/wp-content\/uploads\/2026\/02\/Redaccion-2-96x96.png","url":"https:\/\/hojassueltas.es\/wp-content\/uploads\/2026\/02\/Redaccion-2-96x96.png","contentUrl":"https:\/\/hojassueltas.es\/wp-content\/uploads\/2026\/02\/Redaccion-2-96x96.png","caption":"Redacci\u00f3n"},"description":"Redacci\u00f3n de HOJAS SUELTAS","url":"https:\/\/hojassueltas.es\/?author=1"}]}},"_links":{"self":[{"href":"https:\/\/hojassueltas.es\/index.php?rest_route=\/wp\/v2\/posts\/17765","targetHints":{"allow":["GET"]}}],"collection":[{"href":"https:\/\/hojassueltas.es\/index.php?rest_route=\/wp\/v2\/posts"}],"about":[{"href":"https:\/\/hojassueltas.es\/index.php?rest_route=\/wp\/v2\/types\/post"}],"author":[{"embeddable":true,"href":"https:\/\/hojassueltas.es\/index.php?rest_route=\/wp\/v2\/users\/1"}],"replies":[{"embeddable":true,"href":"https:\/\/hojassueltas.es\/index.php?rest_route=%2Fwp%2Fv2%2Fcomments&post=17765"}],"version-history":[{"count":1,"href":"https:\/\/hojassueltas.es\/index.php?rest_route=\/wp\/v2\/posts\/17765\/revisions"}],"predecessor-version":[{"id":17766,"href":"https:\/\/hojassueltas.es\/index.php?rest_route=\/wp\/v2\/posts\/17765\/revisions\/17766"}],"wp:featuredmedia":[{"embeddable":true,"href":"https:\/\/hojassueltas.es\/index.php?rest_route=\/wp\/v2\/media\/17259"}],"wp:attachment":[{"href":"https:\/\/hojassueltas.es\/index.php?rest_route=%2Fwp%2Fv2%2Fmedia&parent=17765"}],"wp:term":[{"taxonomy":"category","embeddable":true,"href":"https:\/\/hojassueltas.es\/index.php?rest_route=%2Fwp%2Fv2%2Fcategories&post=17765"},{"taxonomy":"post_tag","embeddable":true,"href":"https:\/\/hojassueltas.es\/index.php?rest_route=%2Fwp%2Fv2%2Ftags&post=17765"}],"curies":[{"name":"wp","href":"https:\/\/api.w.org\/{rel}","templated":true}]}}