{"id":17683,"date":"2025-02-04T00:00:23","date_gmt":"2025-02-03T23:00:23","guid":{"rendered":"https:\/\/hojassueltas.es\/?p=17683"},"modified":"2025-02-04T08:41:03","modified_gmt":"2025-02-04T07:41:03","slug":"la-voz-de-lola-callejon","status":"publish","type":"post","link":"https:\/\/hojassueltas.es\/?p=17683","title":{"rendered":"La Voz de LOLA CALLEJ\u00d3N"},"content":{"rendered":"<p class=\"western\" align=\"justify\">Hay libros a los que vuelves y volver\u00e1s de forma reiterada. Te acompa\u00f1an para siempre. Me ha ocurrido con varios a lo largo de mi vida, pero quiero destacar uno que he le\u00eddo recientemente. El poemario <i>LA POES\u00cdA DE LOS \u00c1RBOLES<\/i> es una antolog\u00eda de poemas y textos cortos de m\u00e1s de setenta autores en torno al v\u00ednculo que tenemos con el \u00e1rbol, con los \u00e1rboles o el bosque. Algunos de estos autores tambi\u00e9n son pintores. Una contemplaci\u00f3n que recorre el planeta, voces que nos llegan desde el Norte al Sur y desde el Este al Oeste. Miradas que conectan con lo inmemorial, con lo mitol\u00f3gico, con el asombro y memorias de poetas que establecen relaciones emocionales con la floresta, ya sea \u00e9sta un bosque, un \u00e1rbol centenario, un \u00e1rbol vencido o canciones de la infancia.<\/p>\n<p class=\"western\" align=\"justify\">Se agradecen libros as\u00ed que nos devuelven el nexo con la naturaleza, precisamente ahora que estamos perdiendo todo v\u00ednculo con ella de forma acelerada. Adentrarte en las p\u00e1ginas de LA <i>POES\u00cdA DE LOS \u00c1RBOLES<\/i> es volver a lo m\u00e1s profundo de la especie humana, a nuestras ra\u00edces, y entender la majestuosidad del mundo de lo vivo. Despu\u00e9s de su lectura, la mirada cambia, nos volvemos m\u00e1s permeables al lenguaje de los \u00e1rboles, a su poes\u00eda, a su presencia.<\/p>\n<p class=\"western\" align=\"justify\">Hay que a\u00f1adir que N\u00f3rdica Libros ha hecho una edici\u00f3n muy cuidada. Acompa\u00f1an a los poemas ilustraciones muy bellas de Leticia Ruifern\u00e1ndez. El conjunto de todos estos detalles tan esmeradamente cohesionados, hacen del libro una obra hermosa, una lectura para siempre.<\/p>\n<p class=\"western\" align=\"justify\">LA POES\u00cdA DE LOS \u00c1RBOLES (VV.AA.). Edici\u00f3n de Ignacio Abella. N\u00f3rdica Libros, 2022.<\/p>\n<p align=\"justify\"><span style=\"font-family: impact, sans-serif;\">Lola Callej\u00f3n<\/span><\/p>\n","protected":false},"excerpt":{"rendered":"<p>Hay libros a los que vuelves y volver\u00e1s de forma reiterada. Te acompa\u00f1an para siempre. Me ha ocurrido con varios a lo largo de mi vida, pero quiero destacar uno que he le\u00eddo recientemente. El poemario LA POES\u00cdA DE LOS \u00c1RBOLES es una antolog\u00eda de poemas y textos cortos de m\u00e1s de setenta autores en [&hellip;]<\/p>\n","protected":false},"author":56,"featured_media":17684,"comment_status":"open","ping_status":"closed","sticky":false,"template":"","format":"standard","meta":{"footnotes":""},"categories":[1945],"tags":[955],"class_list":{"0":"post-17683","1":"post","2":"type-post","3":"status-publish","4":"format-standard","5":"has-post-thumbnail","7":"category-voces-prestadas","8":"tag-lola-callejon"},"yoast_head":"<!-- This site is optimized with the Yoast SEO plugin v27.5 - https:\/\/yoast.com\/product\/yoast-seo-wordpress\/ -->\n<title>La Voz de LOLA CALLEJ\u00d3N | Voces prestadas | HOJAS SUELTAS Peri\u00f3dico Cultural<\/title>\n<meta name=\"description\" content=\"VOCES PRESTADAS. Lola Callej\u00f3n, poeta, nos habla de libros a los que vuelves y volver\u00e1s de forma reiterada. Te acompa\u00f1an para siempre...\" \/>\n<meta name=\"robots\" content=\"index, follow, max-snippet:-1, max-image-preview:large, max-video-preview:-1\" \/>\n<link rel=\"canonical\" href=\"https:\/\/hojassueltas.es\/?p=17683\" \/>\n<meta property=\"og:locale\" content=\"es_ES\" \/>\n<meta property=\"og:type\" content=\"article\" \/>\n<meta property=\"og:title\" content=\"La Voz de LOLA CALLEJ\u00d3N | Voces prestadas | HOJAS SUELTAS Peri\u00f3dico Cultural\" \/>\n<meta property=\"og:description\" content=\"VOCES PRESTADAS. Lola Callej\u00f3n, poeta, nos habla de libros a los que vuelves y volver\u00e1s de forma reiterada. Te acompa\u00f1an para siempre...\" \/>\n<meta property=\"og:url\" content=\"https:\/\/hojassueltas.es\/?p=17683\" \/>\n<meta property=\"og:site_name\" content=\"HOJAS SUELTAS Peri\u00f3dico Cultural\" \/>\n<meta property=\"article:published_time\" content=\"2025-02-03T23:00:23+00:00\" \/>\n<meta property=\"article:modified_time\" content=\"2025-02-04T07:41:03+00:00\" \/>\n<meta property=\"og:image\" content=\"https:\/\/hojassueltas.es\/wp-content\/uploads\/2025\/02\/Lola-Callejon_HS.png\" \/>\n\t<meta property=\"og:image:width\" content=\"500\" \/>\n\t<meta property=\"og:image:height\" content=\"500\" \/>\n\t<meta property=\"og:image:type\" content=\"image\/png\" \/>\n<meta name=\"author\" content=\"Lola Callej\u00f3n Aci\u00e9n\" \/>\n<meta name=\"twitter:card\" content=\"summary_large_image\" \/>\n<meta name=\"twitter:creator\" content=\"@HOJASSUELTAS22\" \/>\n<meta name=\"twitter:site\" content=\"@HOJASSUELTAS22\" \/>\n<meta name=\"twitter:label1\" content=\"Escrito por\" \/>\n\t<meta name=\"twitter:data1\" content=\"Lola Callej\u00f3n Aci\u00e9n\" \/>\n\t<meta name=\"twitter:label2\" content=\"Tiempo de lectura\" \/>\n\t<meta name=\"twitter:data2\" content=\"2 minutos\" \/>\n<script type=\"application\/ld+json\" class=\"yoast-schema-graph\">{\"@context\":\"https:\\\/\\\/schema.org\",\"@graph\":[{\"@type\":[\"Article\",\"BlogPosting\"],\"@id\":\"https:\\\/\\\/hojassueltas.es\\\/?p=17683#article\",\"isPartOf\":{\"@id\":\"https:\\\/\\\/hojassueltas.es\\\/?p=17683\"},\"author\":{\"name\":\"Lola Callej\u00f3n Aci\u00e9n\",\"@id\":\"https:\\\/\\\/hojassueltas.es\\\/#\\\/schema\\\/person\\\/4be183267eaebfdeee39ba9280459766\"},\"headline\":\"La Voz de LOLA CALLEJ\u00d3N\",\"datePublished\":\"2025-02-03T23:00:23+00:00\",\"dateModified\":\"2025-02-04T07:41:03+00:00\",\"mainEntityOfPage\":{\"@id\":\"https:\\\/\\\/hojassueltas.es\\\/?p=17683\"},\"wordCount\":303,\"commentCount\":0,\"publisher\":{\"@id\":\"https:\\\/\\\/hojassueltas.es\\\/#organization\"},\"image\":{\"@id\":\"https:\\\/\\\/hojassueltas.es\\\/?p=17683#primaryimage\"},\"thumbnailUrl\":\"https:\\\/\\\/hojassueltas.es\\\/wp-content\\\/uploads\\\/2025\\\/02\\\/Lola-Callejon_HS.png\",\"keywords\":[\"Lola Callej\u00f3n\"],\"articleSection\":[\"Voces prestadas\"],\"inLanguage\":\"es\",\"potentialAction\":[{\"@type\":\"CommentAction\",\"name\":\"Comment\",\"target\":[\"https:\\\/\\\/hojassueltas.es\\\/?p=17683#respond\"]}]},{\"@type\":\"WebPage\",\"@id\":\"https:\\\/\\\/hojassueltas.es\\\/?p=17683\",\"url\":\"https:\\\/\\\/hojassueltas.es\\\/?p=17683\",\"name\":\"La Voz de LOLA CALLEJ\u00d3N | Voces prestadas | HOJAS SUELTAS Peri\u00f3dico Cultural\",\"isPartOf\":{\"@id\":\"https:\\\/\\\/hojassueltas.es\\\/#website\"},\"primaryImageOfPage\":{\"@id\":\"https:\\\/\\\/hojassueltas.es\\\/?p=17683#primaryimage\"},\"image\":{\"@id\":\"https:\\\/\\\/hojassueltas.es\\\/?p=17683#primaryimage\"},\"thumbnailUrl\":\"https:\\\/\\\/hojassueltas.es\\\/wp-content\\\/uploads\\\/2025\\\/02\\\/Lola-Callejon_HS.png\",\"datePublished\":\"2025-02-03T23:00:23+00:00\",\"dateModified\":\"2025-02-04T07:41:03+00:00\",\"description\":\"VOCES PRESTADAS. Lola Callej\u00f3n, poeta, nos habla de libros a los que vuelves y volver\u00e1s de forma reiterada. Te acompa\u00f1an para siempre...\",\"breadcrumb\":{\"@id\":\"https:\\\/\\\/hojassueltas.es\\\/?p=17683#breadcrumb\"},\"inLanguage\":\"es\",\"potentialAction\":[{\"@type\":\"ReadAction\",\"target\":[\"https:\\\/\\\/hojassueltas.es\\\/?p=17683\"]}]},{\"@type\":\"ImageObject\",\"inLanguage\":\"es\",\"@id\":\"https:\\\/\\\/hojassueltas.es\\\/?p=17683#primaryimage\",\"url\":\"https:\\\/\\\/hojassueltas.es\\\/wp-content\\\/uploads\\\/2025\\\/02\\\/Lola-Callejon_HS.png\",\"contentUrl\":\"https:\\\/\\\/hojassueltas.es\\\/wp-content\\\/uploads\\\/2025\\\/02\\\/Lola-Callejon_HS.png\",\"width\":500,\"height\":500},{\"@type\":\"BreadcrumbList\",\"@id\":\"https:\\\/\\\/hojassueltas.es\\\/?p=17683#breadcrumb\",\"itemListElement\":[{\"@type\":\"ListItem\",\"position\":1,\"name\":\"Portada\",\"item\":\"https:\\\/\\\/hojassueltas.es\\\/\"},{\"@type\":\"ListItem\",\"position\":2,\"name\":\"La Voz de LOLA CALLEJ\u00d3N\"}]},{\"@type\":\"WebSite\",\"@id\":\"https:\\\/\\\/hojassueltas.es\\\/#website\",\"url\":\"https:\\\/\\\/hojassueltas.es\\\/\",\"name\":\"HojasSueltas.es\",\"description\":\"GRANADA - Peri\u00f3dico Cultural\",\"publisher\":{\"@id\":\"https:\\\/\\\/hojassueltas.es\\\/#organization\"},\"alternateName\":\"H.S. Periodico Cultural\",\"potentialAction\":[{\"@type\":\"SearchAction\",\"target\":{\"@type\":\"EntryPoint\",\"urlTemplate\":\"https:\\\/\\\/hojassueltas.es\\\/?s={search_term_string}\"},\"query-input\":{\"@type\":\"PropertyValueSpecification\",\"valueRequired\":true,\"valueName\":\"search_term_string\"}}],\"inLanguage\":\"es\"},{\"@type\":\"Organization\",\"@id\":\"https:\\\/\\\/hojassueltas.es\\\/#organization\",\"name\":\"HOJAS SUELTAS - Peri\u00f3dico Cultural\",\"alternateName\":\"HS - HOJAS SUELTAS Peri\u00f3dico Cultural\",\"url\":\"https:\\\/\\\/hojassueltas.es\\\/\",\"logo\":{\"@type\":\"ImageObject\",\"inLanguage\":\"es\",\"@id\":\"https:\\\/\\\/hojassueltas.es\\\/#\\\/schema\\\/logo\\\/image\\\/\",\"url\":\"https:\\\/\\\/hojassueltas.es\\\/wp-content\\\/uploads\\\/2025\\\/08\\\/Icono-HS_2.png\",\"contentUrl\":\"https:\\\/\\\/hojassueltas.es\\\/wp-content\\\/uploads\\\/2025\\\/08\\\/Icono-HS_2.png\",\"width\":500,\"height\":500,\"caption\":\"HOJAS SUELTAS - Peri\u00f3dico Cultural\"},\"image\":{\"@id\":\"https:\\\/\\\/hojassueltas.es\\\/#\\\/schema\\\/logo\\\/image\\\/\"},\"sameAs\":[\"https:\\\/\\\/x.com\\\/HOJASSUELTAS22\"]},{\"@type\":\"Person\",\"@id\":\"https:\\\/\\\/hojassueltas.es\\\/#\\\/schema\\\/person\\\/4be183267eaebfdeee39ba9280459766\",\"name\":\"Lola Callej\u00f3n Aci\u00e9n\",\"image\":{\"@type\":\"ImageObject\",\"inLanguage\":\"es\",\"@id\":\"https:\\\/\\\/hojassueltas.es\\\/wp-content\\\/uploads\\\/2023\\\/10\\\/Lola-callejon_web-96x96.jpg\",\"url\":\"https:\\\/\\\/hojassueltas.es\\\/wp-content\\\/uploads\\\/2023\\\/10\\\/Lola-callejon_web-96x96.jpg\",\"contentUrl\":\"https:\\\/\\\/hojassueltas.es\\\/wp-content\\\/uploads\\\/2023\\\/10\\\/Lola-callejon_web-96x96.jpg\",\"caption\":\"Lola Callej\u00f3n Aci\u00e9n\"},\"description\":\"Es licenciada en Ciencias Biol\u00f3gicas. M\u00e1ster en Educaci\u00f3n Ambiental y Desarrollo Sostenible y Especialista Universitaria en Educaci\u00f3n Ambiental y Globalizaci\u00f3n: Educar para un Desarrollo Sostenible Global y Local. Actualmente es profesora en Granada, en centro p\u00fablico de la Junta de Andaluc\u00eda. Especialidad: Interpretaci\u00f3n y Educaci\u00f3n Ambiental. Ha publicado numerosos poemarios, as\u00ed como diversos libros y trabajos de investigaci\u00f3n medioambientales. Ha participado en diferentes encuentros y recitales po\u00e9ticos, entre los que destacamos: Quej\u00edo. Grito de mujer. C\u00f3rdoba. D\u00eda Mundial de la Poes\u00eda. Granada Ciudad de Literatura Unesco. Amanecer en la Alcazaba. Almer\u00eda. Voces del Extremo. Moguer (Huelva).\",\"sameAs\":[\"https:\\\/\\\/www.lolacallejonacien.es\\\/\"],\"url\":\"https:\\\/\\\/hojassueltas.es\\\/?author=56\"}]}<\/script>\n<!-- \/ Yoast SEO plugin. -->","yoast_head_json":{"title":"La Voz de LOLA CALLEJ\u00d3N | Voces prestadas | HOJAS SUELTAS Peri\u00f3dico Cultural","description":"VOCES PRESTADAS. Lola Callej\u00f3n, poeta, nos habla de libros a los que vuelves y volver\u00e1s de forma reiterada. Te acompa\u00f1an para siempre...","robots":{"index":"index","follow":"follow","max-snippet":"max-snippet:-1","max-image-preview":"max-image-preview:large","max-video-preview":"max-video-preview:-1"},"canonical":"https:\/\/hojassueltas.es\/?p=17683","og_locale":"es_ES","og_type":"article","og_title":"La Voz de LOLA CALLEJ\u00d3N | Voces prestadas | HOJAS SUELTAS Peri\u00f3dico Cultural","og_description":"VOCES PRESTADAS. Lola Callej\u00f3n, poeta, nos habla de libros a los que vuelves y volver\u00e1s de forma reiterada. Te acompa\u00f1an para siempre...","og_url":"https:\/\/hojassueltas.es\/?p=17683","og_site_name":"HOJAS SUELTAS Peri\u00f3dico Cultural","article_published_time":"2025-02-03T23:00:23+00:00","article_modified_time":"2025-02-04T07:41:03+00:00","og_image":[{"width":500,"height":500,"url":"https:\/\/hojassueltas.es\/wp-content\/uploads\/2025\/02\/Lola-Callejon_HS.png","type":"image\/png"}],"author":"Lola Callej\u00f3n Aci\u00e9n","twitter_card":"summary_large_image","twitter_creator":"@HOJASSUELTAS22","twitter_site":"@HOJASSUELTAS22","twitter_misc":{"Escrito por":"Lola Callej\u00f3n Aci\u00e9n","Tiempo de lectura":"2 minutos"},"schema":{"@context":"https:\/\/schema.org","@graph":[{"@type":["Article","BlogPosting"],"@id":"https:\/\/hojassueltas.es\/?p=17683#article","isPartOf":{"@id":"https:\/\/hojassueltas.es\/?p=17683"},"author":{"name":"Lola Callej\u00f3n Aci\u00e9n","@id":"https:\/\/hojassueltas.es\/#\/schema\/person\/4be183267eaebfdeee39ba9280459766"},"headline":"La Voz de LOLA CALLEJ\u00d3N","datePublished":"2025-02-03T23:00:23+00:00","dateModified":"2025-02-04T07:41:03+00:00","mainEntityOfPage":{"@id":"https:\/\/hojassueltas.es\/?p=17683"},"wordCount":303,"commentCount":0,"publisher":{"@id":"https:\/\/hojassueltas.es\/#organization"},"image":{"@id":"https:\/\/hojassueltas.es\/?p=17683#primaryimage"},"thumbnailUrl":"https:\/\/hojassueltas.es\/wp-content\/uploads\/2025\/02\/Lola-Callejon_HS.png","keywords":["Lola Callej\u00f3n"],"articleSection":["Voces prestadas"],"inLanguage":"es","potentialAction":[{"@type":"CommentAction","name":"Comment","target":["https:\/\/hojassueltas.es\/?p=17683#respond"]}]},{"@type":"WebPage","@id":"https:\/\/hojassueltas.es\/?p=17683","url":"https:\/\/hojassueltas.es\/?p=17683","name":"La Voz de LOLA CALLEJ\u00d3N | Voces prestadas | HOJAS SUELTAS Peri\u00f3dico Cultural","isPartOf":{"@id":"https:\/\/hojassueltas.es\/#website"},"primaryImageOfPage":{"@id":"https:\/\/hojassueltas.es\/?p=17683#primaryimage"},"image":{"@id":"https:\/\/hojassueltas.es\/?p=17683#primaryimage"},"thumbnailUrl":"https:\/\/hojassueltas.es\/wp-content\/uploads\/2025\/02\/Lola-Callejon_HS.png","datePublished":"2025-02-03T23:00:23+00:00","dateModified":"2025-02-04T07:41:03+00:00","description":"VOCES PRESTADAS. Lola Callej\u00f3n, poeta, nos habla de libros a los que vuelves y volver\u00e1s de forma reiterada. Te acompa\u00f1an para siempre...","breadcrumb":{"@id":"https:\/\/hojassueltas.es\/?p=17683#breadcrumb"},"inLanguage":"es","potentialAction":[{"@type":"ReadAction","target":["https:\/\/hojassueltas.es\/?p=17683"]}]},{"@type":"ImageObject","inLanguage":"es","@id":"https:\/\/hojassueltas.es\/?p=17683#primaryimage","url":"https:\/\/hojassueltas.es\/wp-content\/uploads\/2025\/02\/Lola-Callejon_HS.png","contentUrl":"https:\/\/hojassueltas.es\/wp-content\/uploads\/2025\/02\/Lola-Callejon_HS.png","width":500,"height":500},{"@type":"BreadcrumbList","@id":"https:\/\/hojassueltas.es\/?p=17683#breadcrumb","itemListElement":[{"@type":"ListItem","position":1,"name":"Portada","item":"https:\/\/hojassueltas.es\/"},{"@type":"ListItem","position":2,"name":"La Voz de LOLA CALLEJ\u00d3N"}]},{"@type":"WebSite","@id":"https:\/\/hojassueltas.es\/#website","url":"https:\/\/hojassueltas.es\/","name":"HojasSueltas.es","description":"GRANADA - Peri\u00f3dico Cultural","publisher":{"@id":"https:\/\/hojassueltas.es\/#organization"},"alternateName":"H.S. Periodico Cultural","potentialAction":[{"@type":"SearchAction","target":{"@type":"EntryPoint","urlTemplate":"https:\/\/hojassueltas.es\/?s={search_term_string}"},"query-input":{"@type":"PropertyValueSpecification","valueRequired":true,"valueName":"search_term_string"}}],"inLanguage":"es"},{"@type":"Organization","@id":"https:\/\/hojassueltas.es\/#organization","name":"HOJAS SUELTAS - Peri\u00f3dico Cultural","alternateName":"HS - HOJAS SUELTAS Peri\u00f3dico Cultural","url":"https:\/\/hojassueltas.es\/","logo":{"@type":"ImageObject","inLanguage":"es","@id":"https:\/\/hojassueltas.es\/#\/schema\/logo\/image\/","url":"https:\/\/hojassueltas.es\/wp-content\/uploads\/2025\/08\/Icono-HS_2.png","contentUrl":"https:\/\/hojassueltas.es\/wp-content\/uploads\/2025\/08\/Icono-HS_2.png","width":500,"height":500,"caption":"HOJAS SUELTAS - Peri\u00f3dico Cultural"},"image":{"@id":"https:\/\/hojassueltas.es\/#\/schema\/logo\/image\/"},"sameAs":["https:\/\/x.com\/HOJASSUELTAS22"]},{"@type":"Person","@id":"https:\/\/hojassueltas.es\/#\/schema\/person\/4be183267eaebfdeee39ba9280459766","name":"Lola Callej\u00f3n Aci\u00e9n","image":{"@type":"ImageObject","inLanguage":"es","@id":"https:\/\/hojassueltas.es\/wp-content\/uploads\/2023\/10\/Lola-callejon_web-96x96.jpg","url":"https:\/\/hojassueltas.es\/wp-content\/uploads\/2023\/10\/Lola-callejon_web-96x96.jpg","contentUrl":"https:\/\/hojassueltas.es\/wp-content\/uploads\/2023\/10\/Lola-callejon_web-96x96.jpg","caption":"Lola Callej\u00f3n Aci\u00e9n"},"description":"Es licenciada en Ciencias Biol\u00f3gicas. M\u00e1ster en Educaci\u00f3n Ambiental y Desarrollo Sostenible y Especialista Universitaria en Educaci\u00f3n Ambiental y Globalizaci\u00f3n: Educar para un Desarrollo Sostenible Global y Local. Actualmente es profesora en Granada, en centro p\u00fablico de la Junta de Andaluc\u00eda. Especialidad: Interpretaci\u00f3n y Educaci\u00f3n Ambiental. Ha publicado numerosos poemarios, as\u00ed como diversos libros y trabajos de investigaci\u00f3n medioambientales. Ha participado en diferentes encuentros y recitales po\u00e9ticos, entre los que destacamos: Quej\u00edo. Grito de mujer. C\u00f3rdoba. D\u00eda Mundial de la Poes\u00eda. Granada Ciudad de Literatura Unesco. Amanecer en la Alcazaba. Almer\u00eda. Voces del Extremo. Moguer (Huelva).","sameAs":["https:\/\/www.lolacallejonacien.es\/"],"url":"https:\/\/hojassueltas.es\/?author=56"}]}},"_links":{"self":[{"href":"https:\/\/hojassueltas.es\/index.php?rest_route=\/wp\/v2\/posts\/17683","targetHints":{"allow":["GET"]}}],"collection":[{"href":"https:\/\/hojassueltas.es\/index.php?rest_route=\/wp\/v2\/posts"}],"about":[{"href":"https:\/\/hojassueltas.es\/index.php?rest_route=\/wp\/v2\/types\/post"}],"author":[{"embeddable":true,"href":"https:\/\/hojassueltas.es\/index.php?rest_route=\/wp\/v2\/users\/56"}],"replies":[{"embeddable":true,"href":"https:\/\/hojassueltas.es\/index.php?rest_route=%2Fwp%2Fv2%2Fcomments&post=17683"}],"version-history":[{"count":1,"href":"https:\/\/hojassueltas.es\/index.php?rest_route=\/wp\/v2\/posts\/17683\/revisions"}],"predecessor-version":[{"id":17685,"href":"https:\/\/hojassueltas.es\/index.php?rest_route=\/wp\/v2\/posts\/17683\/revisions\/17685"}],"wp:featuredmedia":[{"embeddable":true,"href":"https:\/\/hojassueltas.es\/index.php?rest_route=\/wp\/v2\/media\/17684"}],"wp:attachment":[{"href":"https:\/\/hojassueltas.es\/index.php?rest_route=%2Fwp%2Fv2%2Fmedia&parent=17683"}],"wp:term":[{"taxonomy":"category","embeddable":true,"href":"https:\/\/hojassueltas.es\/index.php?rest_route=%2Fwp%2Fv2%2Fcategories&post=17683"},{"taxonomy":"post_tag","embeddable":true,"href":"https:\/\/hojassueltas.es\/index.php?rest_route=%2Fwp%2Fv2%2Ftags&post=17683"}],"curies":[{"name":"wp","href":"https:\/\/api.w.org\/{rel}","templated":true}]}}