{"id":17497,"date":"2025-02-01T00:00:02","date_gmt":"2025-01-31T23:00:02","guid":{"rendered":"https:\/\/hojassueltas.es\/?p=17497"},"modified":"2025-10-18T11:02:17","modified_gmt":"2025-10-18T09:02:17","slug":"vida-y-muerte-de-un-jardin-de-papel-menchu-gutierrez","status":"publish","type":"post","link":"https:\/\/hojassueltas.es\/?p=17497","title":{"rendered":"Vida y muerte de un jard\u00edn de papel  &#8211; Menchu Guti\u00e9rrez"},"content":{"rendered":"<p style=\"text-align: justify;\">Esta obra es el resultado del di\u00e1logo entre dos libros diferentes: uno que nace de las ruinas de otro; uno que se construye y otro que se descompone. Dos libros que conversan y crecen juntos, a veces hacia la p\u00e9rdida y la desaparici\u00f3n.<\/p>\n<p style=\"text-align: justify;\">La muerte de la madre de la autora irrumpe en la escritura del texto original, dedicado a algunos elementos del jard\u00edn, y comienza a hablar con sus ruinas, de entre las cuales pronto empieza a surgir una savia diferente. Es este un jard\u00edn que se borda, se escribe y se ilustra en la tierra, que se relaciona con los jarrones, los herbarios, las alfombras y la guerra; con algunas flores sanadoras que brotan de la literatura y el arte o con un perfume maravilloso y embriagador que tambi\u00e9n puede ser mortal\u2026<\/p>\n<p style=\"text-align: justify;\">La vida y la muerte de este enclave sit\u00faan en primer t\u00e9rmino la realidad de una incesante metamorfosis e invitan a reflexionar sobre el duelo y la ausencia; sobre la p\u00e9rdida que se abre.<\/p>\n<p>Sobre la autora:<\/p>\n<p style=\"text-align: justify;\"><strong>Menchu Guti\u00e9rrez<\/strong> (Madrid, 1957) es novelista, traductora y poeta. \u00ad\u00adDe\u00ad su amplia obra po\u00e9tica destacan El ojo de Newton,<em> La mano muerta cuenta el dinero de la vida<\/em>, <em>La mordedura blanca <\/em>(Premio de Poes\u00eda Ricardo Molina 1989),<em> Lo extra\u00f1o, la ra\u00edz y el ensayo biogr\u00e1fico San Juan de la Cruz<\/em>. En Siruela ha publicado <em>Latente<\/em> (2002), <em>Disecci\u00f3n de una tormenta<\/em> (2005), <em>Detr\u00e1s de la boca<\/em> (2007), <em>La niebla, tres veces<\/em> (2011), <em>El faro por dentro<\/em> (2011), <em>Decir la nieve <\/em>(2011), <em>ara\u00f1a, cisne, caballo <\/em>(2014), <em>Siete pasos m\u00e1s tarde<\/em> (2017) y <em>La mitad de la casa <\/em>(2021)<\/p>\n<p><span style=\"font-family: impact, sans-serif;\">\u2014 Siruela \u2014<\/span><\/p>\n<p>&nbsp;<\/p>\n","protected":false},"excerpt":{"rendered":"<p>Esta obra es el resultado del di\u00e1logo entre dos libros diferentes: uno que nace de las ruinas de otro; uno que se construye y otro que se descompone. Dos libros que conversan y crecen juntos, a veces hacia la p\u00e9rdida y la desaparici\u00f3n. La muerte de la madre de la autora irrumpe en la escritura [&hellip;]<\/p>\n","protected":false},"author":1,"featured_media":17498,"comment_status":"open","ping_status":"closed","sticky":false,"template":"","format":"standard","meta":{"footnotes":""},"categories":[1124],"tags":[2218,1556],"class_list":{"0":"post-17497","1":"post","2":"type-post","3":"status-publish","4":"format-standard","5":"has-post-thumbnail","7":"category-por-que-leer","8":"tag-menchu-gutierrez","9":"tag-siruela-editorial"},"yoast_head":"<!-- This site is optimized with the Yoast SEO plugin v27.5 - https:\/\/yoast.com\/product\/yoast-seo-wordpress\/ -->\n<title>Vida y muerte de un jard\u00edn de papel - Menchu Guti\u00e9rrez | HOJAS SUELTAS Peri\u00f3dico Cultural<\/title>\n<meta name=\"description\" content=\"Ensayo. Una fascinante y emotiva reflexi\u00f3n sobre el duelo y la ausencia\" \/>\n<meta name=\"robots\" content=\"index, follow, max-snippet:-1, max-image-preview:large, max-video-preview:-1\" \/>\n<link rel=\"canonical\" href=\"https:\/\/hojassueltas.es\/?p=17497\" \/>\n<meta property=\"og:locale\" content=\"es_ES\" \/>\n<meta property=\"og:type\" content=\"article\" \/>\n<meta property=\"og:title\" content=\"Vida y muerte de un jard\u00edn de papel - Menchu Guti\u00e9rrez | HOJAS SUELTAS Peri\u00f3dico Cultural\" \/>\n<meta property=\"og:description\" content=\"Ensayo. Una fascinante y emotiva reflexi\u00f3n sobre el duelo y la ausencia\" \/>\n<meta property=\"og:url\" content=\"https:\/\/hojassueltas.es\/?p=17497\" \/>\n<meta property=\"og:site_name\" content=\"HOJAS SUELTAS Peri\u00f3dico Cultural\" \/>\n<meta property=\"article:published_time\" content=\"2025-01-31T23:00:02+00:00\" \/>\n<meta property=\"article:modified_time\" content=\"2025-10-18T09:02:17+00:00\" \/>\n<meta property=\"og:image\" content=\"https:\/\/hojassueltas.es\/wp-content\/uploads\/2025\/01\/Vida-y-muerte_H.S.-.png\" \/>\n\t<meta property=\"og:image:width\" content=\"1050\" \/>\n\t<meta property=\"og:image:height\" content=\"610\" \/>\n\t<meta property=\"og:image:type\" content=\"image\/png\" \/>\n<meta name=\"author\" content=\"Redacci\u00f3n\" \/>\n<meta name=\"twitter:card\" content=\"summary_large_image\" \/>\n<meta name=\"twitter:creator\" content=\"@HOJASSUELTAS22\" \/>\n<meta name=\"twitter:site\" content=\"@HOJASSUELTAS22\" \/>\n<meta name=\"twitter:label1\" content=\"Escrito por\" \/>\n\t<meta name=\"twitter:data1\" content=\"Redacci\u00f3n\" \/>\n\t<meta name=\"twitter:label2\" content=\"Tiempo de lectura\" \/>\n\t<meta name=\"twitter:data2\" content=\"2 minutos\" \/>\n<script type=\"application\/ld+json\" class=\"yoast-schema-graph\">{\"@context\":\"https:\\\/\\\/schema.org\",\"@graph\":[{\"@type\":[\"Article\",\"BlogPosting\"],\"@id\":\"https:\\\/\\\/hojassueltas.es\\\/?p=17497#article\",\"isPartOf\":{\"@id\":\"https:\\\/\\\/hojassueltas.es\\\/?p=17497\"},\"author\":{\"name\":\"Redacci\u00f3n\",\"@id\":\"https:\\\/\\\/hojassueltas.es\\\/#\\\/schema\\\/person\\\/f232bbdb834c61c90aff2245daa401c0\"},\"headline\":\"Vida y muerte de un jard\u00edn de papel &#8211; Menchu Guti\u00e9rrez\",\"datePublished\":\"2025-01-31T23:00:02+00:00\",\"dateModified\":\"2025-10-18T09:02:17+00:00\",\"mainEntityOfPage\":{\"@id\":\"https:\\\/\\\/hojassueltas.es\\\/?p=17497\"},\"wordCount\":290,\"commentCount\":0,\"publisher\":{\"@id\":\"https:\\\/\\\/hojassueltas.es\\\/#organization\"},\"image\":{\"@id\":\"https:\\\/\\\/hojassueltas.es\\\/?p=17497#primaryimage\"},\"thumbnailUrl\":\"https:\\\/\\\/hojassueltas.es\\\/wp-content\\\/uploads\\\/2025\\\/01\\\/Vida-y-muerte_H.S.-.png\",\"keywords\":[\"Menchu Guti\u00e9rrez\",\"Siruela Editorial\"],\"articleSection\":[\"POR QU\u00c9 LEER...\"],\"inLanguage\":\"es\",\"potentialAction\":[{\"@type\":\"CommentAction\",\"name\":\"Comment\",\"target\":[\"https:\\\/\\\/hojassueltas.es\\\/?p=17497#respond\"]}]},{\"@type\":\"WebPage\",\"@id\":\"https:\\\/\\\/hojassueltas.es\\\/?p=17497\",\"url\":\"https:\\\/\\\/hojassueltas.es\\\/?p=17497\",\"name\":\"Vida y muerte de un jard\u00edn de papel - Menchu Guti\u00e9rrez | HOJAS SUELTAS Peri\u00f3dico Cultural\",\"isPartOf\":{\"@id\":\"https:\\\/\\\/hojassueltas.es\\\/#website\"},\"primaryImageOfPage\":{\"@id\":\"https:\\\/\\\/hojassueltas.es\\\/?p=17497#primaryimage\"},\"image\":{\"@id\":\"https:\\\/\\\/hojassueltas.es\\\/?p=17497#primaryimage\"},\"thumbnailUrl\":\"https:\\\/\\\/hojassueltas.es\\\/wp-content\\\/uploads\\\/2025\\\/01\\\/Vida-y-muerte_H.S.-.png\",\"datePublished\":\"2025-01-31T23:00:02+00:00\",\"dateModified\":\"2025-10-18T09:02:17+00:00\",\"description\":\"Ensayo. Una fascinante y emotiva reflexi\u00f3n sobre el duelo y la ausencia\",\"breadcrumb\":{\"@id\":\"https:\\\/\\\/hojassueltas.es\\\/?p=17497#breadcrumb\"},\"inLanguage\":\"es\",\"potentialAction\":[{\"@type\":\"ReadAction\",\"target\":[\"https:\\\/\\\/hojassueltas.es\\\/?p=17497\"]}]},{\"@type\":\"ImageObject\",\"inLanguage\":\"es\",\"@id\":\"https:\\\/\\\/hojassueltas.es\\\/?p=17497#primaryimage\",\"url\":\"https:\\\/\\\/hojassueltas.es\\\/wp-content\\\/uploads\\\/2025\\\/01\\\/Vida-y-muerte_H.S.-.png\",\"contentUrl\":\"https:\\\/\\\/hojassueltas.es\\\/wp-content\\\/uploads\\\/2025\\\/01\\\/Vida-y-muerte_H.S.-.png\",\"width\":1050,\"height\":610},{\"@type\":\"BreadcrumbList\",\"@id\":\"https:\\\/\\\/hojassueltas.es\\\/?p=17497#breadcrumb\",\"itemListElement\":[{\"@type\":\"ListItem\",\"position\":1,\"name\":\"Portada\",\"item\":\"https:\\\/\\\/hojassueltas.es\\\/\"},{\"@type\":\"ListItem\",\"position\":2,\"name\":\"Vida y muerte de un jard\u00edn de papel &#8211; Menchu Guti\u00e9rrez\"}]},{\"@type\":\"WebSite\",\"@id\":\"https:\\\/\\\/hojassueltas.es\\\/#website\",\"url\":\"https:\\\/\\\/hojassueltas.es\\\/\",\"name\":\"HojasSueltas.es\",\"description\":\"GRANADA - Peri\u00f3dico Cultural\",\"publisher\":{\"@id\":\"https:\\\/\\\/hojassueltas.es\\\/#organization\"},\"alternateName\":\"H.S. Periodico Cultural\",\"potentialAction\":[{\"@type\":\"SearchAction\",\"target\":{\"@type\":\"EntryPoint\",\"urlTemplate\":\"https:\\\/\\\/hojassueltas.es\\\/?s={search_term_string}\"},\"query-input\":{\"@type\":\"PropertyValueSpecification\",\"valueRequired\":true,\"valueName\":\"search_term_string\"}}],\"inLanguage\":\"es\"},{\"@type\":\"Organization\",\"@id\":\"https:\\\/\\\/hojassueltas.es\\\/#organization\",\"name\":\"HOJAS SUELTAS - Peri\u00f3dico Cultural\",\"alternateName\":\"HS - HOJAS SUELTAS Peri\u00f3dico Cultural\",\"url\":\"https:\\\/\\\/hojassueltas.es\\\/\",\"logo\":{\"@type\":\"ImageObject\",\"inLanguage\":\"es\",\"@id\":\"https:\\\/\\\/hojassueltas.es\\\/#\\\/schema\\\/logo\\\/image\\\/\",\"url\":\"https:\\\/\\\/hojassueltas.es\\\/wp-content\\\/uploads\\\/2025\\\/08\\\/Icono-HS_2.png\",\"contentUrl\":\"https:\\\/\\\/hojassueltas.es\\\/wp-content\\\/uploads\\\/2025\\\/08\\\/Icono-HS_2.png\",\"width\":500,\"height\":500,\"caption\":\"HOJAS SUELTAS - Peri\u00f3dico Cultural\"},\"image\":{\"@id\":\"https:\\\/\\\/hojassueltas.es\\\/#\\\/schema\\\/logo\\\/image\\\/\"},\"sameAs\":[\"https:\\\/\\\/x.com\\\/HOJASSUELTAS22\"]},{\"@type\":\"Person\",\"@id\":\"https:\\\/\\\/hojassueltas.es\\\/#\\\/schema\\\/person\\\/f232bbdb834c61c90aff2245daa401c0\",\"name\":\"Redacci\u00f3n\",\"image\":{\"@type\":\"ImageObject\",\"inLanguage\":\"es\",\"@id\":\"https:\\\/\\\/hojassueltas.es\\\/wp-content\\\/uploads\\\/2026\\\/02\\\/Redaccion-2-96x96.png\",\"url\":\"https:\\\/\\\/hojassueltas.es\\\/wp-content\\\/uploads\\\/2026\\\/02\\\/Redaccion-2-96x96.png\",\"contentUrl\":\"https:\\\/\\\/hojassueltas.es\\\/wp-content\\\/uploads\\\/2026\\\/02\\\/Redaccion-2-96x96.png\",\"caption\":\"Redacci\u00f3n\"},\"description\":\"Redacci\u00f3n de HOJAS SUELTAS\",\"url\":\"https:\\\/\\\/hojassueltas.es\\\/?author=1\"}]}<\/script>\n<!-- \/ Yoast SEO plugin. -->","yoast_head_json":{"title":"Vida y muerte de un jard\u00edn de papel - Menchu Guti\u00e9rrez | HOJAS SUELTAS Peri\u00f3dico Cultural","description":"Ensayo. Una fascinante y emotiva reflexi\u00f3n sobre el duelo y la ausencia","robots":{"index":"index","follow":"follow","max-snippet":"max-snippet:-1","max-image-preview":"max-image-preview:large","max-video-preview":"max-video-preview:-1"},"canonical":"https:\/\/hojassueltas.es\/?p=17497","og_locale":"es_ES","og_type":"article","og_title":"Vida y muerte de un jard\u00edn de papel - Menchu Guti\u00e9rrez | HOJAS SUELTAS Peri\u00f3dico Cultural","og_description":"Ensayo. Una fascinante y emotiva reflexi\u00f3n sobre el duelo y la ausencia","og_url":"https:\/\/hojassueltas.es\/?p=17497","og_site_name":"HOJAS SUELTAS Peri\u00f3dico Cultural","article_published_time":"2025-01-31T23:00:02+00:00","article_modified_time":"2025-10-18T09:02:17+00:00","og_image":[{"width":1050,"height":610,"url":"https:\/\/hojassueltas.es\/wp-content\/uploads\/2025\/01\/Vida-y-muerte_H.S.-.png","type":"image\/png"}],"author":"Redacci\u00f3n","twitter_card":"summary_large_image","twitter_creator":"@HOJASSUELTAS22","twitter_site":"@HOJASSUELTAS22","twitter_misc":{"Escrito por":"Redacci\u00f3n","Tiempo de lectura":"2 minutos"},"schema":{"@context":"https:\/\/schema.org","@graph":[{"@type":["Article","BlogPosting"],"@id":"https:\/\/hojassueltas.es\/?p=17497#article","isPartOf":{"@id":"https:\/\/hojassueltas.es\/?p=17497"},"author":{"name":"Redacci\u00f3n","@id":"https:\/\/hojassueltas.es\/#\/schema\/person\/f232bbdb834c61c90aff2245daa401c0"},"headline":"Vida y muerte de un jard\u00edn de papel &#8211; Menchu Guti\u00e9rrez","datePublished":"2025-01-31T23:00:02+00:00","dateModified":"2025-10-18T09:02:17+00:00","mainEntityOfPage":{"@id":"https:\/\/hojassueltas.es\/?p=17497"},"wordCount":290,"commentCount":0,"publisher":{"@id":"https:\/\/hojassueltas.es\/#organization"},"image":{"@id":"https:\/\/hojassueltas.es\/?p=17497#primaryimage"},"thumbnailUrl":"https:\/\/hojassueltas.es\/wp-content\/uploads\/2025\/01\/Vida-y-muerte_H.S.-.png","keywords":["Menchu Guti\u00e9rrez","Siruela Editorial"],"articleSection":["POR QU\u00c9 LEER..."],"inLanguage":"es","potentialAction":[{"@type":"CommentAction","name":"Comment","target":["https:\/\/hojassueltas.es\/?p=17497#respond"]}]},{"@type":"WebPage","@id":"https:\/\/hojassueltas.es\/?p=17497","url":"https:\/\/hojassueltas.es\/?p=17497","name":"Vida y muerte de un jard\u00edn de papel - Menchu Guti\u00e9rrez | HOJAS SUELTAS Peri\u00f3dico Cultural","isPartOf":{"@id":"https:\/\/hojassueltas.es\/#website"},"primaryImageOfPage":{"@id":"https:\/\/hojassueltas.es\/?p=17497#primaryimage"},"image":{"@id":"https:\/\/hojassueltas.es\/?p=17497#primaryimage"},"thumbnailUrl":"https:\/\/hojassueltas.es\/wp-content\/uploads\/2025\/01\/Vida-y-muerte_H.S.-.png","datePublished":"2025-01-31T23:00:02+00:00","dateModified":"2025-10-18T09:02:17+00:00","description":"Ensayo. Una fascinante y emotiva reflexi\u00f3n sobre el duelo y la ausencia","breadcrumb":{"@id":"https:\/\/hojassueltas.es\/?p=17497#breadcrumb"},"inLanguage":"es","potentialAction":[{"@type":"ReadAction","target":["https:\/\/hojassueltas.es\/?p=17497"]}]},{"@type":"ImageObject","inLanguage":"es","@id":"https:\/\/hojassueltas.es\/?p=17497#primaryimage","url":"https:\/\/hojassueltas.es\/wp-content\/uploads\/2025\/01\/Vida-y-muerte_H.S.-.png","contentUrl":"https:\/\/hojassueltas.es\/wp-content\/uploads\/2025\/01\/Vida-y-muerte_H.S.-.png","width":1050,"height":610},{"@type":"BreadcrumbList","@id":"https:\/\/hojassueltas.es\/?p=17497#breadcrumb","itemListElement":[{"@type":"ListItem","position":1,"name":"Portada","item":"https:\/\/hojassueltas.es\/"},{"@type":"ListItem","position":2,"name":"Vida y muerte de un jard\u00edn de papel &#8211; Menchu Guti\u00e9rrez"}]},{"@type":"WebSite","@id":"https:\/\/hojassueltas.es\/#website","url":"https:\/\/hojassueltas.es\/","name":"HojasSueltas.es","description":"GRANADA - Peri\u00f3dico Cultural","publisher":{"@id":"https:\/\/hojassueltas.es\/#organization"},"alternateName":"H.S. Periodico Cultural","potentialAction":[{"@type":"SearchAction","target":{"@type":"EntryPoint","urlTemplate":"https:\/\/hojassueltas.es\/?s={search_term_string}"},"query-input":{"@type":"PropertyValueSpecification","valueRequired":true,"valueName":"search_term_string"}}],"inLanguage":"es"},{"@type":"Organization","@id":"https:\/\/hojassueltas.es\/#organization","name":"HOJAS SUELTAS - Peri\u00f3dico Cultural","alternateName":"HS - HOJAS SUELTAS Peri\u00f3dico Cultural","url":"https:\/\/hojassueltas.es\/","logo":{"@type":"ImageObject","inLanguage":"es","@id":"https:\/\/hojassueltas.es\/#\/schema\/logo\/image\/","url":"https:\/\/hojassueltas.es\/wp-content\/uploads\/2025\/08\/Icono-HS_2.png","contentUrl":"https:\/\/hojassueltas.es\/wp-content\/uploads\/2025\/08\/Icono-HS_2.png","width":500,"height":500,"caption":"HOJAS SUELTAS - Peri\u00f3dico Cultural"},"image":{"@id":"https:\/\/hojassueltas.es\/#\/schema\/logo\/image\/"},"sameAs":["https:\/\/x.com\/HOJASSUELTAS22"]},{"@type":"Person","@id":"https:\/\/hojassueltas.es\/#\/schema\/person\/f232bbdb834c61c90aff2245daa401c0","name":"Redacci\u00f3n","image":{"@type":"ImageObject","inLanguage":"es","@id":"https:\/\/hojassueltas.es\/wp-content\/uploads\/2026\/02\/Redaccion-2-96x96.png","url":"https:\/\/hojassueltas.es\/wp-content\/uploads\/2026\/02\/Redaccion-2-96x96.png","contentUrl":"https:\/\/hojassueltas.es\/wp-content\/uploads\/2026\/02\/Redaccion-2-96x96.png","caption":"Redacci\u00f3n"},"description":"Redacci\u00f3n de HOJAS SUELTAS","url":"https:\/\/hojassueltas.es\/?author=1"}]}},"_links":{"self":[{"href":"https:\/\/hojassueltas.es\/index.php?rest_route=\/wp\/v2\/posts\/17497","targetHints":{"allow":["GET"]}}],"collection":[{"href":"https:\/\/hojassueltas.es\/index.php?rest_route=\/wp\/v2\/posts"}],"about":[{"href":"https:\/\/hojassueltas.es\/index.php?rest_route=\/wp\/v2\/types\/post"}],"author":[{"embeddable":true,"href":"https:\/\/hojassueltas.es\/index.php?rest_route=\/wp\/v2\/users\/1"}],"replies":[{"embeddable":true,"href":"https:\/\/hojassueltas.es\/index.php?rest_route=%2Fwp%2Fv2%2Fcomments&post=17497"}],"version-history":[{"count":1,"href":"https:\/\/hojassueltas.es\/index.php?rest_route=\/wp\/v2\/posts\/17497\/revisions"}],"predecessor-version":[{"id":17499,"href":"https:\/\/hojassueltas.es\/index.php?rest_route=\/wp\/v2\/posts\/17497\/revisions\/17499"}],"wp:featuredmedia":[{"embeddable":true,"href":"https:\/\/hojassueltas.es\/index.php?rest_route=\/wp\/v2\/media\/17498"}],"wp:attachment":[{"href":"https:\/\/hojassueltas.es\/index.php?rest_route=%2Fwp%2Fv2%2Fmedia&parent=17497"}],"wp:term":[{"taxonomy":"category","embeddable":true,"href":"https:\/\/hojassueltas.es\/index.php?rest_route=%2Fwp%2Fv2%2Fcategories&post=17497"},{"taxonomy":"post_tag","embeddable":true,"href":"https:\/\/hojassueltas.es\/index.php?rest_route=%2Fwp%2Fv2%2Ftags&post=17497"}],"curies":[{"name":"wp","href":"https:\/\/api.w.org\/{rel}","templated":true}]}}