{"id":17174,"date":"2025-02-09T00:00:09","date_gmt":"2025-02-08T23:00:09","guid":{"rendered":"https:\/\/hojassueltas.es\/?p=17174"},"modified":"2025-06-08T08:55:15","modified_gmt":"2025-06-08T07:55:15","slug":"curso-de-espanol-capitulo-11-el-preterito-pluscuamperfecto-y-el-condicional-perfecto","status":"publish","type":"post","link":"https:\/\/hojassueltas.es\/?p=17174","title":{"rendered":"Curso de espa\u00f1ol: Cap\u00edtulo 11: El pret\u00e9rito pluscuamperfecto y el condicional perfecto"},"content":{"rendered":"<p>En este cap\u00edtulo exploraremos dos tiempos compuestos fundamentales: <strong>el pret\u00e9rito pluscuamperfecto<\/strong> y el <strong>condicional perfecto<\/strong>. Ambos se usan para hablar de acciones pasadas, pero cada uno tiene un enfoque diferente.<\/p>\n<hr \/>\n<h4 class=\"western\"><strong>1. Pret\u00e9rito pluscuamperfecto<\/strong><\/h4>\n<p>El <strong>pret\u00e9rito pluscuamperfecto<\/strong> se utiliza para referirse a una acci\u00f3n pasada que ocurri\u00f3 antes de otra acci\u00f3n tambi\u00e9n pasada.<\/p>\n<h5 class=\"western\"><strong>Formaci\u00f3n del pret\u00e9rito pluscuamperfecto<\/strong><\/h5>\n<p>Se forma con el verbo <strong>haber<\/strong> en imperfecto m\u00e1s el participio pasado del verbo principal:<\/p>\n<table width=\"438\" cellspacing=\"0\" cellpadding=\"2\">\n<thead>\n<tr>\n<th width=\"100\">Persona<\/th>\n<th width=\"120\">Haber (imperfecto)<\/th>\n<th width=\"206\">Ejemplo: <em>hablar<\/em> \/ <em>comer<\/em> \/ <em>vivir<\/em><\/th>\n<\/tr>\n<\/thead>\n<tbody>\n<tr>\n<td width=\"100\">Yo<\/td>\n<td width=\"120\">hab\u00eda<\/td>\n<td width=\"206\">hab\u00eda hablado \/ comido \/ vivido<\/td>\n<\/tr>\n<tr>\n<td width=\"100\">T\u00fa<\/td>\n<td width=\"120\">hab\u00edas<\/td>\n<td width=\"206\">hab\u00edas hablado \/ comido \/ vivido<\/td>\n<\/tr>\n<tr>\n<td width=\"100\">\u00c9l\/Ella\/Usted<\/td>\n<td width=\"120\">hab\u00eda<\/td>\n<td width=\"206\">hab\u00eda hablado \/ comido \/ vivido<\/td>\n<\/tr>\n<tr>\n<td width=\"100\">Nosotros\/as<\/td>\n<td width=\"120\">hab\u00edamos<\/td>\n<td width=\"206\">hab\u00edamos hablado \/ comido \/ vivido<\/td>\n<\/tr>\n<tr>\n<td width=\"100\">Vosotros\/as<\/td>\n<td width=\"120\">hab\u00edais<\/td>\n<td width=\"206\">hab\u00edais hablado \/ comido \/ vivido<\/td>\n<\/tr>\n<tr>\n<td width=\"100\">Ellos\/as\/Ustedes<\/td>\n<td width=\"120\">hab\u00edan<\/td>\n<td width=\"206\">hab\u00edan hablado \/ comido \/ vivido<\/td>\n<\/tr>\n<\/tbody>\n<\/table>\n<h5 class=\"western\"><strong>Usos del pret\u00e9rito pluscuamperfecto<\/strong><\/h5>\n<ol>\n<li><strong>Hablar de una acci\u00f3n anterior a otra en el pasado:<\/strong>\n<ul>\n<li><em>Cuando llegu\u00e9, ellos ya hab\u00edan salido.<\/em><\/li>\n<\/ul>\n<\/li>\n<li><strong>Expresar una acci\u00f3n no realizada pero deseada en el pasado:<\/strong>\n<ul>\n<li><em>Ojal\u00e1 hubiera estudiado m\u00e1s para ese examen.<\/em><\/li>\n<\/ul>\n<\/li>\n<\/ol>\n<hr \/>\n<h4 class=\"western\"><strong>2. Condicional perfecto<\/strong><\/h4>\n<p>El <strong>condicional perfecto<\/strong> se utiliza para expresar lo que habr\u00eda sucedido en ciertas circunstancias o para reflexionar sobre algo que no ocurri\u00f3.<\/p>\n<h5 class=\"western\"><strong>Formaci\u00f3n del condicional perfecto<\/strong><\/h5>\n<p>Se forma con el verbo <strong>haber<\/strong> en condicional m\u00e1s el participio pasado del verbo principal:<\/p>\n<table width=\"438\" cellspacing=\"0\" cellpadding=\"2\">\n<thead>\n<tr>\n<th width=\"99\">Persona<\/th>\n<th width=\"122\">Haber (condicional)<\/th>\n<th width=\"205\">Ejemplo: <em>hablar<\/em> \/ <em>comer<\/em> \/ <em>vivir<\/em><\/th>\n<\/tr>\n<\/thead>\n<tbody>\n<tr>\n<td width=\"99\">Yo<\/td>\n<td width=\"122\">habr\u00eda<\/td>\n<td width=\"205\">habr\u00eda hablado \/ comido \/ vivido<\/td>\n<\/tr>\n<tr>\n<td width=\"99\">T\u00fa<\/td>\n<td width=\"122\">habr\u00edas<\/td>\n<td width=\"205\">habr\u00edas hablado \/ comido \/ vivido<\/td>\n<\/tr>\n<tr>\n<td width=\"99\">\u00c9l\/Ella\/Usted<\/td>\n<td width=\"122\">habr\u00eda<\/td>\n<td width=\"205\">habr\u00eda hablado \/ comido \/ vivido<\/td>\n<\/tr>\n<tr>\n<td width=\"99\">Nosotros\/as<\/td>\n<td width=\"122\">habr\u00edamos<\/td>\n<td width=\"205\">habr\u00edamos hablado \/ comido \/ vivido<\/td>\n<\/tr>\n<tr>\n<td width=\"99\">Vosotros\/as<\/td>\n<td width=\"122\">habr\u00edais<\/td>\n<td width=\"205\">habr\u00edais hablado \/ comido \/ vivido<\/td>\n<\/tr>\n<tr>\n<td width=\"99\">Ellos\/as\/Ustedes<\/td>\n<td width=\"122\">habr\u00edan<\/td>\n<td width=\"205\">habr\u00edan hablado \/ comido \/ vivido<\/td>\n<\/tr>\n<\/tbody>\n<\/table>\n<h5 class=\"western\"><strong>Usos del condicional perfecto<\/strong><\/h5>\n<ol>\n<li><strong>Acciones hipot\u00e9ticas que no ocurrieron:<\/strong>\n<ul>\n<li><em>Habr\u00eda ido a la fiesta si me hubieran invitado.<\/em><\/li>\n<\/ul>\n<\/li>\n<li><strong>Expresar cortes\u00eda o suposiciones en el pasado:<\/strong>\n<ul>\n<li><em>\u00bfHabr\u00edas ayudado si te lo hubieran pedido?<\/em><\/li>\n<\/ul>\n<\/li>\n<\/ol>\n<h4><strong>Ejercicios pr\u00e1cticos<\/strong><\/h4>\n<ol>\n<li><strong>Completa las oraciones con el pret\u00e9rito pluscuamperfecto del verbo indicado:<\/strong> a) Antes de llegar al aeropuerto, ya _______ (perder) el pasaporte.<br \/>\nb) Cuando llamaste, nosotros a\u00fan no _______ (salir) de casa.<br \/>\nc) Ella no sab\u00eda que ellos _______ (leer) el informe.<\/li>\n<li><strong>Transforma las oraciones en condicional perfecto:<\/strong>\n<ul>\n<li>Activa: <em>Yo habr\u00eda comprado la casa si el precio hubiera sido m\u00e1s bajo.<\/em><\/li>\n<li>Pasiva: <em>La casa ______ (comprar) por m\u00ed si el precio hubiera sido m\u00e1s bajo.<\/em><\/li>\n<\/ul>\n<\/li>\n<li><strong>Corrige las frases si es necesario y explica el error:<\/strong> a) Habr\u00edamos terminado el trabajo antes si hubi\u00e9ramos tenido m\u00e1s tiempo.<br \/>\nb) Si t\u00fa ven\u00edas a la fiesta, habr\u00edas conocido a Juan.<\/li>\n<\/ol>\n<p><span style=\"font-family: impact, sans-serif;\">Redacci\u00f3n<\/span><\/p>\n","protected":false},"excerpt":{"rendered":"<p>En este cap\u00edtulo exploraremos dos tiempos compuestos fundamentales: el pret\u00e9rito pluscuamperfecto y el condicional perfecto. Ambos se usan para hablar de acciones pasadas, pero cada uno tiene un enfoque diferente. 1. Pret\u00e9rito pluscuamperfecto El pret\u00e9rito pluscuamperfecto se utiliza para referirse a una acci\u00f3n pasada que ocurri\u00f3 antes de otra acci\u00f3n tambi\u00e9n pasada. Formaci\u00f3n del pret\u00e9rito [&hellip;]<\/p>\n","protected":false},"author":1,"featured_media":17175,"comment_status":"open","ping_status":"closed","sticky":false,"template":"","format":"standard","meta":{"footnotes":""},"categories":[2186],"tags":[],"class_list":{"0":"post-17174","1":"post","2":"type-post","3":"status-publish","4":"format-standard","5":"has-post-thumbnail","7":"category-normas-a-recordar"},"yoast_head":"<!-- This site is optimized with the Yoast SEO plugin v27.5 - https:\/\/yoast.com\/product\/yoast-seo-wordpress\/ -->\n<title>Curso de espa\u00f1ol: Cap\u00edtulo 11: El pret\u00e9rito pluscuamperfecto y el condicional perfecto | HOJAS SUELTAS Peri\u00f3dico Cultural<\/title>\n<meta name=\"description\" content=\"CURSO DE ESPA\u00d1OL. En este cap\u00edtulo exploraremos dos tiempos compuestos fundamentales: el pret\u00e9rito pluscuamperfecto y el condicional perfecto.\" \/>\n<meta name=\"robots\" content=\"index, follow, max-snippet:-1, max-image-preview:large, max-video-preview:-1\" \/>\n<link rel=\"canonical\" href=\"https:\/\/hojassueltas.es\/?p=17174\" \/>\n<meta property=\"og:locale\" content=\"es_ES\" \/>\n<meta property=\"og:type\" content=\"article\" \/>\n<meta property=\"og:title\" content=\"Curso de espa\u00f1ol: Cap\u00edtulo 11: El pret\u00e9rito pluscuamperfecto y el condicional perfecto | HOJAS SUELTAS Peri\u00f3dico Cultural\" \/>\n<meta property=\"og:description\" content=\"CURSO DE ESPA\u00d1OL. En este cap\u00edtulo exploraremos dos tiempos compuestos fundamentales: el pret\u00e9rito pluscuamperfecto y el condicional perfecto.\" \/>\n<meta property=\"og:url\" content=\"https:\/\/hojassueltas.es\/?p=17174\" \/>\n<meta property=\"og:site_name\" content=\"HOJAS SUELTAS Peri\u00f3dico Cultural\" \/>\n<meta property=\"article:published_time\" content=\"2025-02-08T23:00:09+00:00\" \/>\n<meta property=\"article:modified_time\" content=\"2025-06-08T07:55:15+00:00\" \/>\n<meta property=\"og:image\" content=\"https:\/\/hojassueltas.es\/wp-content\/uploads\/2025\/01\/Cap-11_H.S.png\" \/>\n\t<meta property=\"og:image:width\" content=\"1050\" \/>\n\t<meta property=\"og:image:height\" content=\"610\" \/>\n\t<meta property=\"og:image:type\" content=\"image\/png\" \/>\n<meta name=\"author\" content=\"Redacci\u00f3n\" \/>\n<meta name=\"twitter:card\" content=\"summary_large_image\" \/>\n<meta name=\"twitter:creator\" content=\"@HOJASSUELTAS22\" \/>\n<meta name=\"twitter:site\" content=\"@HOJASSUELTAS22\" \/>\n<meta name=\"twitter:label1\" content=\"Escrito por\" \/>\n\t<meta name=\"twitter:data1\" content=\"Redacci\u00f3n\" \/>\n\t<meta name=\"twitter:label2\" content=\"Tiempo de lectura\" \/>\n\t<meta name=\"twitter:data2\" content=\"3 minutos\" \/>\n<script type=\"application\/ld+json\" class=\"yoast-schema-graph\">{\"@context\":\"https:\\\/\\\/schema.org\",\"@graph\":[{\"@type\":[\"Article\",\"BlogPosting\"],\"@id\":\"https:\\\/\\\/hojassueltas.es\\\/?p=17174#article\",\"isPartOf\":{\"@id\":\"https:\\\/\\\/hojassueltas.es\\\/?p=17174\"},\"author\":{\"name\":\"Redacci\u00f3n\",\"@id\":\"https:\\\/\\\/hojassueltas.es\\\/#\\\/schema\\\/person\\\/f232bbdb834c61c90aff2245daa401c0\"},\"headline\":\"Curso de espa\u00f1ol: Cap\u00edtulo 11: El pret\u00e9rito pluscuamperfecto y el condicional perfecto\",\"datePublished\":\"2025-02-08T23:00:09+00:00\",\"dateModified\":\"2025-06-08T07:55:15+00:00\",\"mainEntityOfPage\":{\"@id\":\"https:\\\/\\\/hojassueltas.es\\\/?p=17174\"},\"wordCount\":458,\"commentCount\":0,\"publisher\":{\"@id\":\"https:\\\/\\\/hojassueltas.es\\\/#organization\"},\"image\":{\"@id\":\"https:\\\/\\\/hojassueltas.es\\\/?p=17174#primaryimage\"},\"thumbnailUrl\":\"https:\\\/\\\/hojassueltas.es\\\/wp-content\\\/uploads\\\/2025\\\/01\\\/Cap-11_H.S.png\",\"articleSection\":[\"NORMAS A RECORDAR\"],\"inLanguage\":\"es\",\"potentialAction\":[{\"@type\":\"CommentAction\",\"name\":\"Comment\",\"target\":[\"https:\\\/\\\/hojassueltas.es\\\/?p=17174#respond\"]}]},{\"@type\":\"WebPage\",\"@id\":\"https:\\\/\\\/hojassueltas.es\\\/?p=17174\",\"url\":\"https:\\\/\\\/hojassueltas.es\\\/?p=17174\",\"name\":\"Curso de espa\u00f1ol: Cap\u00edtulo 11: El pret\u00e9rito pluscuamperfecto y el condicional perfecto | HOJAS SUELTAS Peri\u00f3dico Cultural\",\"isPartOf\":{\"@id\":\"https:\\\/\\\/hojassueltas.es\\\/#website\"},\"primaryImageOfPage\":{\"@id\":\"https:\\\/\\\/hojassueltas.es\\\/?p=17174#primaryimage\"},\"image\":{\"@id\":\"https:\\\/\\\/hojassueltas.es\\\/?p=17174#primaryimage\"},\"thumbnailUrl\":\"https:\\\/\\\/hojassueltas.es\\\/wp-content\\\/uploads\\\/2025\\\/01\\\/Cap-11_H.S.png\",\"datePublished\":\"2025-02-08T23:00:09+00:00\",\"dateModified\":\"2025-06-08T07:55:15+00:00\",\"description\":\"CURSO DE ESPA\u00d1OL. En este cap\u00edtulo exploraremos dos tiempos compuestos fundamentales: el pret\u00e9rito pluscuamperfecto y el condicional perfecto.\",\"breadcrumb\":{\"@id\":\"https:\\\/\\\/hojassueltas.es\\\/?p=17174#breadcrumb\"},\"inLanguage\":\"es\",\"potentialAction\":[{\"@type\":\"ReadAction\",\"target\":[\"https:\\\/\\\/hojassueltas.es\\\/?p=17174\"]}]},{\"@type\":\"ImageObject\",\"inLanguage\":\"es\",\"@id\":\"https:\\\/\\\/hojassueltas.es\\\/?p=17174#primaryimage\",\"url\":\"https:\\\/\\\/hojassueltas.es\\\/wp-content\\\/uploads\\\/2025\\\/01\\\/Cap-11_H.S.png\",\"contentUrl\":\"https:\\\/\\\/hojassueltas.es\\\/wp-content\\\/uploads\\\/2025\\\/01\\\/Cap-11_H.S.png\",\"width\":1050,\"height\":610},{\"@type\":\"BreadcrumbList\",\"@id\":\"https:\\\/\\\/hojassueltas.es\\\/?p=17174#breadcrumb\",\"itemListElement\":[{\"@type\":\"ListItem\",\"position\":1,\"name\":\"Portada\",\"item\":\"https:\\\/\\\/hojassueltas.es\\\/\"},{\"@type\":\"ListItem\",\"position\":2,\"name\":\"Curso de espa\u00f1ol: Cap\u00edtulo 11: El pret\u00e9rito pluscuamperfecto y el condicional perfecto\"}]},{\"@type\":\"WebSite\",\"@id\":\"https:\\\/\\\/hojassueltas.es\\\/#website\",\"url\":\"https:\\\/\\\/hojassueltas.es\\\/\",\"name\":\"HojasSueltas.es\",\"description\":\"GRANADA - Peri\u00f3dico Cultural\",\"publisher\":{\"@id\":\"https:\\\/\\\/hojassueltas.es\\\/#organization\"},\"alternateName\":\"H.S. Periodico Cultural\",\"potentialAction\":[{\"@type\":\"SearchAction\",\"target\":{\"@type\":\"EntryPoint\",\"urlTemplate\":\"https:\\\/\\\/hojassueltas.es\\\/?s={search_term_string}\"},\"query-input\":{\"@type\":\"PropertyValueSpecification\",\"valueRequired\":true,\"valueName\":\"search_term_string\"}}],\"inLanguage\":\"es\"},{\"@type\":\"Organization\",\"@id\":\"https:\\\/\\\/hojassueltas.es\\\/#organization\",\"name\":\"HOJAS SUELTAS - Peri\u00f3dico Cultural\",\"alternateName\":\"HS - HOJAS SUELTAS Peri\u00f3dico Cultural\",\"url\":\"https:\\\/\\\/hojassueltas.es\\\/\",\"logo\":{\"@type\":\"ImageObject\",\"inLanguage\":\"es\",\"@id\":\"https:\\\/\\\/hojassueltas.es\\\/#\\\/schema\\\/logo\\\/image\\\/\",\"url\":\"https:\\\/\\\/hojassueltas.es\\\/wp-content\\\/uploads\\\/2025\\\/08\\\/Icono-HS_2.png\",\"contentUrl\":\"https:\\\/\\\/hojassueltas.es\\\/wp-content\\\/uploads\\\/2025\\\/08\\\/Icono-HS_2.png\",\"width\":500,\"height\":500,\"caption\":\"HOJAS SUELTAS - Peri\u00f3dico Cultural\"},\"image\":{\"@id\":\"https:\\\/\\\/hojassueltas.es\\\/#\\\/schema\\\/logo\\\/image\\\/\"},\"sameAs\":[\"https:\\\/\\\/x.com\\\/HOJASSUELTAS22\"]},{\"@type\":\"Person\",\"@id\":\"https:\\\/\\\/hojassueltas.es\\\/#\\\/schema\\\/person\\\/f232bbdb834c61c90aff2245daa401c0\",\"name\":\"Redacci\u00f3n\",\"image\":{\"@type\":\"ImageObject\",\"inLanguage\":\"es\",\"@id\":\"https:\\\/\\\/hojassueltas.es\\\/wp-content\\\/uploads\\\/2026\\\/02\\\/Redaccion-2-96x96.png\",\"url\":\"https:\\\/\\\/hojassueltas.es\\\/wp-content\\\/uploads\\\/2026\\\/02\\\/Redaccion-2-96x96.png\",\"contentUrl\":\"https:\\\/\\\/hojassueltas.es\\\/wp-content\\\/uploads\\\/2026\\\/02\\\/Redaccion-2-96x96.png\",\"caption\":\"Redacci\u00f3n\"},\"description\":\"Redacci\u00f3n de HOJAS SUELTAS\",\"url\":\"https:\\\/\\\/hojassueltas.es\\\/?author=1\"}]}<\/script>\n<!-- \/ Yoast SEO plugin. -->","yoast_head_json":{"title":"Curso de espa\u00f1ol: Cap\u00edtulo 11: El pret\u00e9rito pluscuamperfecto y el condicional perfecto | HOJAS SUELTAS Peri\u00f3dico Cultural","description":"CURSO DE ESPA\u00d1OL. En este cap\u00edtulo exploraremos dos tiempos compuestos fundamentales: el pret\u00e9rito pluscuamperfecto y el condicional perfecto.","robots":{"index":"index","follow":"follow","max-snippet":"max-snippet:-1","max-image-preview":"max-image-preview:large","max-video-preview":"max-video-preview:-1"},"canonical":"https:\/\/hojassueltas.es\/?p=17174","og_locale":"es_ES","og_type":"article","og_title":"Curso de espa\u00f1ol: Cap\u00edtulo 11: El pret\u00e9rito pluscuamperfecto y el condicional perfecto | HOJAS SUELTAS Peri\u00f3dico Cultural","og_description":"CURSO DE ESPA\u00d1OL. En este cap\u00edtulo exploraremos dos tiempos compuestos fundamentales: el pret\u00e9rito pluscuamperfecto y el condicional perfecto.","og_url":"https:\/\/hojassueltas.es\/?p=17174","og_site_name":"HOJAS SUELTAS Peri\u00f3dico Cultural","article_published_time":"2025-02-08T23:00:09+00:00","article_modified_time":"2025-06-08T07:55:15+00:00","og_image":[{"width":1050,"height":610,"url":"https:\/\/hojassueltas.es\/wp-content\/uploads\/2025\/01\/Cap-11_H.S.png","type":"image\/png"}],"author":"Redacci\u00f3n","twitter_card":"summary_large_image","twitter_creator":"@HOJASSUELTAS22","twitter_site":"@HOJASSUELTAS22","twitter_misc":{"Escrito por":"Redacci\u00f3n","Tiempo de lectura":"3 minutos"},"schema":{"@context":"https:\/\/schema.org","@graph":[{"@type":["Article","BlogPosting"],"@id":"https:\/\/hojassueltas.es\/?p=17174#article","isPartOf":{"@id":"https:\/\/hojassueltas.es\/?p=17174"},"author":{"name":"Redacci\u00f3n","@id":"https:\/\/hojassueltas.es\/#\/schema\/person\/f232bbdb834c61c90aff2245daa401c0"},"headline":"Curso de espa\u00f1ol: Cap\u00edtulo 11: El pret\u00e9rito pluscuamperfecto y el condicional perfecto","datePublished":"2025-02-08T23:00:09+00:00","dateModified":"2025-06-08T07:55:15+00:00","mainEntityOfPage":{"@id":"https:\/\/hojassueltas.es\/?p=17174"},"wordCount":458,"commentCount":0,"publisher":{"@id":"https:\/\/hojassueltas.es\/#organization"},"image":{"@id":"https:\/\/hojassueltas.es\/?p=17174#primaryimage"},"thumbnailUrl":"https:\/\/hojassueltas.es\/wp-content\/uploads\/2025\/01\/Cap-11_H.S.png","articleSection":["NORMAS A RECORDAR"],"inLanguage":"es","potentialAction":[{"@type":"CommentAction","name":"Comment","target":["https:\/\/hojassueltas.es\/?p=17174#respond"]}]},{"@type":"WebPage","@id":"https:\/\/hojassueltas.es\/?p=17174","url":"https:\/\/hojassueltas.es\/?p=17174","name":"Curso de espa\u00f1ol: Cap\u00edtulo 11: El pret\u00e9rito pluscuamperfecto y el condicional perfecto | HOJAS SUELTAS Peri\u00f3dico Cultural","isPartOf":{"@id":"https:\/\/hojassueltas.es\/#website"},"primaryImageOfPage":{"@id":"https:\/\/hojassueltas.es\/?p=17174#primaryimage"},"image":{"@id":"https:\/\/hojassueltas.es\/?p=17174#primaryimage"},"thumbnailUrl":"https:\/\/hojassueltas.es\/wp-content\/uploads\/2025\/01\/Cap-11_H.S.png","datePublished":"2025-02-08T23:00:09+00:00","dateModified":"2025-06-08T07:55:15+00:00","description":"CURSO DE ESPA\u00d1OL. En este cap\u00edtulo exploraremos dos tiempos compuestos fundamentales: el pret\u00e9rito pluscuamperfecto y el condicional perfecto.","breadcrumb":{"@id":"https:\/\/hojassueltas.es\/?p=17174#breadcrumb"},"inLanguage":"es","potentialAction":[{"@type":"ReadAction","target":["https:\/\/hojassueltas.es\/?p=17174"]}]},{"@type":"ImageObject","inLanguage":"es","@id":"https:\/\/hojassueltas.es\/?p=17174#primaryimage","url":"https:\/\/hojassueltas.es\/wp-content\/uploads\/2025\/01\/Cap-11_H.S.png","contentUrl":"https:\/\/hojassueltas.es\/wp-content\/uploads\/2025\/01\/Cap-11_H.S.png","width":1050,"height":610},{"@type":"BreadcrumbList","@id":"https:\/\/hojassueltas.es\/?p=17174#breadcrumb","itemListElement":[{"@type":"ListItem","position":1,"name":"Portada","item":"https:\/\/hojassueltas.es\/"},{"@type":"ListItem","position":2,"name":"Curso de espa\u00f1ol: Cap\u00edtulo 11: El pret\u00e9rito pluscuamperfecto y el condicional perfecto"}]},{"@type":"WebSite","@id":"https:\/\/hojassueltas.es\/#website","url":"https:\/\/hojassueltas.es\/","name":"HojasSueltas.es","description":"GRANADA - Peri\u00f3dico Cultural","publisher":{"@id":"https:\/\/hojassueltas.es\/#organization"},"alternateName":"H.S. Periodico Cultural","potentialAction":[{"@type":"SearchAction","target":{"@type":"EntryPoint","urlTemplate":"https:\/\/hojassueltas.es\/?s={search_term_string}"},"query-input":{"@type":"PropertyValueSpecification","valueRequired":true,"valueName":"search_term_string"}}],"inLanguage":"es"},{"@type":"Organization","@id":"https:\/\/hojassueltas.es\/#organization","name":"HOJAS SUELTAS - Peri\u00f3dico Cultural","alternateName":"HS - HOJAS SUELTAS Peri\u00f3dico Cultural","url":"https:\/\/hojassueltas.es\/","logo":{"@type":"ImageObject","inLanguage":"es","@id":"https:\/\/hojassueltas.es\/#\/schema\/logo\/image\/","url":"https:\/\/hojassueltas.es\/wp-content\/uploads\/2025\/08\/Icono-HS_2.png","contentUrl":"https:\/\/hojassueltas.es\/wp-content\/uploads\/2025\/08\/Icono-HS_2.png","width":500,"height":500,"caption":"HOJAS SUELTAS - Peri\u00f3dico Cultural"},"image":{"@id":"https:\/\/hojassueltas.es\/#\/schema\/logo\/image\/"},"sameAs":["https:\/\/x.com\/HOJASSUELTAS22"]},{"@type":"Person","@id":"https:\/\/hojassueltas.es\/#\/schema\/person\/f232bbdb834c61c90aff2245daa401c0","name":"Redacci\u00f3n","image":{"@type":"ImageObject","inLanguage":"es","@id":"https:\/\/hojassueltas.es\/wp-content\/uploads\/2026\/02\/Redaccion-2-96x96.png","url":"https:\/\/hojassueltas.es\/wp-content\/uploads\/2026\/02\/Redaccion-2-96x96.png","contentUrl":"https:\/\/hojassueltas.es\/wp-content\/uploads\/2026\/02\/Redaccion-2-96x96.png","caption":"Redacci\u00f3n"},"description":"Redacci\u00f3n de HOJAS SUELTAS","url":"https:\/\/hojassueltas.es\/?author=1"}]}},"_links":{"self":[{"href":"https:\/\/hojassueltas.es\/index.php?rest_route=\/wp\/v2\/posts\/17174","targetHints":{"allow":["GET"]}}],"collection":[{"href":"https:\/\/hojassueltas.es\/index.php?rest_route=\/wp\/v2\/posts"}],"about":[{"href":"https:\/\/hojassueltas.es\/index.php?rest_route=\/wp\/v2\/types\/post"}],"author":[{"embeddable":true,"href":"https:\/\/hojassueltas.es\/index.php?rest_route=\/wp\/v2\/users\/1"}],"replies":[{"embeddable":true,"href":"https:\/\/hojassueltas.es\/index.php?rest_route=%2Fwp%2Fv2%2Fcomments&post=17174"}],"version-history":[{"count":1,"href":"https:\/\/hojassueltas.es\/index.php?rest_route=\/wp\/v2\/posts\/17174\/revisions"}],"predecessor-version":[{"id":17176,"href":"https:\/\/hojassueltas.es\/index.php?rest_route=\/wp\/v2\/posts\/17174\/revisions\/17176"}],"wp:featuredmedia":[{"embeddable":true,"href":"https:\/\/hojassueltas.es\/index.php?rest_route=\/wp\/v2\/media\/17175"}],"wp:attachment":[{"href":"https:\/\/hojassueltas.es\/index.php?rest_route=%2Fwp%2Fv2%2Fmedia&parent=17174"}],"wp:term":[{"taxonomy":"category","embeddable":true,"href":"https:\/\/hojassueltas.es\/index.php?rest_route=%2Fwp%2Fv2%2Fcategories&post=17174"},{"taxonomy":"post_tag","embeddable":true,"href":"https:\/\/hojassueltas.es\/index.php?rest_route=%2Fwp%2Fv2%2Ftags&post=17174"}],"curies":[{"name":"wp","href":"https:\/\/api.w.org\/{rel}","templated":true}]}}