{"id":17109,"date":"2025-01-21T00:00:05","date_gmt":"2025-01-20T23:00:05","guid":{"rendered":"https:\/\/hojassueltas.es\/?p=17109"},"modified":"2025-07-21T10:01:15","modified_gmt":"2025-07-21T09:01:15","slug":"restauracion-del-real-monasterio-de-san-lorenzo-de-el-escorial","status":"publish","type":"post","link":"https:\/\/hojassueltas.es\/?p=17109","title":{"rendered":"Restauraci\u00f3n del Real Monasterio de San Lorenzo de El Escorial"},"content":{"rendered":"<p style=\"text-align: justify;\">El Real Monasterio de San Lorenzo de El Escorial, situado en la ladera meridional del monte Abantos en la Sierra de Guadarrama, es una de las joyas arquitect\u00f3nicas m\u00e1s emblem\u00e1ticas de Espa\u00f1a. Construido entre 1563 y 1584 bajo el reinado de Felipe II, este complejo monumental alberga un palacio real, una bas\u00edlica, un pante\u00f3n, una biblioteca, un colegio y un monasterio.<\/p>\n<p style=\"text-align: justify;\">En conmemoraci\u00f3n del 40\u00ba aniversario de su declaraci\u00f3n como Patrimonio de la Humanidad por la UNESCO, el monasterio est\u00e1 siendo objeto de una significativa restauraci\u00f3n y reorganizaci\u00f3n. Patrimonio Nacional ha destinado m\u00e1s de seis millones y medio de euros, financiados por el Plan de Recuperaci\u00f3n, Transformaci\u00f3n y Resiliencia de la Uni\u00f3n Europea, para llevar a cabo estas mejoras durante un per\u00edodo de dos a\u00f1os.<\/p>\n<p style=\"text-align: justify;\">Entre las intervenciones m\u00e1s destacadas se encuentran:<\/p>\n<p style=\"text-align: justify;\"><strong>Reapertura de los Museos de Arquitectura y Pintura<\/strong>: Tras varios a\u00f1os cerrados, estos museos exhibir\u00e1n obras de artistas renombrados como Tiziano, El Greco, Vel\u00e1zquez, Tintoretto y Zurbar\u00e1n. La pinacoteca se distribuir\u00e1 en nueve salas que reflejar\u00e1n los gustos y adquisiciones de monarcas como Felipe II, Felipe IV, Carlos II &#8230;<\/p>\n<p style=\"text-align: justify;\"><strong>Restauraci\u00f3n del Claustro<\/strong> : Se llevar\u00e1n a cabo trabajos de recuperaci\u00f3n de los paseos enlosados &#8230; de este emblem\u00e1tico espacio, permitiendo a los visitantes disfrutar de su serenidad y belleza arquitect\u00f3nica.<\/p>\n<p style=\"text-align: justify;\"><strong>Mejora de la eficiencia energ\u00e9tica<\/strong>: Se implementar\u00e1 iluminaci\u00f3n LED, puntos de carga para veh\u00edculos el\u00e9ctricos y paneles solares, contribuyendo a la sostenibilidad del monumento.<\/p>\n<p style=\"text-align: justify;\">Estas acciones no solo buscan preservar el patrimonio hist\u00f3rico y art\u00edstico del monasterio, sino tambi\u00e9n enriquecer la experiencia de los m\u00e1s de 450.000 visitantes que recibe anualmente, ofreciendo un recorrido m\u00e1s completo y accesible por sus estancias y colecciones.<\/p>\n<p style=\"text-align: justify;\">Con estas iniciativas, el Real Monasterio de San Lorenzo &#8230; reafirma su relevancia como s\u00edmbolo del \u00abSiglo de Oro &#8230; y como testimonio vivo de la historia, la arquitectura y el arte de Espa\u00f1a.<\/p>\n<p><span style=\"font-family: impact, sans-serif;\">\u2014 Redacci\u00f3n \u2014<\/span><\/p>\n","protected":false},"excerpt":{"rendered":"<p>El Real Monasterio de San Lorenzo de El Escorial, situado en la ladera meridional del monte Abantos en la Sierra de Guadarrama, es una de las joyas arquitect\u00f3nicas m\u00e1s emblem\u00e1ticas de Espa\u00f1a. Construido entre 1563 y 1584 bajo el reinado de Felipe II, este complejo monumental alberga un palacio real, una bas\u00edlica, un pante\u00f3n, una [&hellip;]<\/p>\n","protected":false},"author":1,"featured_media":16738,"comment_status":"open","ping_status":"closed","sticky":false,"template":"","format":"standard","meta":{"footnotes":""},"categories":[32],"tags":[],"class_list":{"0":"post-17109","1":"post","2":"type-post","3":"status-publish","4":"format-standard","5":"has-post-thumbnail","7":"category-panorama-cultural"},"yoast_head":"<!-- This site is optimized with the Yoast SEO plugin v27.4 - https:\/\/yoast.com\/product\/yoast-seo-wordpress\/ -->\n<title>Restauraci\u00f3n del Real Monasterio de San Lorenzo de El Escorial | HOJAS SUELTAS Peri\u00f3dico Cultural<\/title>\n<meta name=\"description\" content=\"PATRIMONIO CULTURAL: En conmemoraci\u00f3n del 40\u00ba aniversario de su declaraci\u00f3n como Patrimonio de la Humanidad por la UNESCO, el monasterio est\u00e1 siendo objeto de una significativa restauraci\u00f3n\" \/>\n<meta name=\"robots\" content=\"index, follow, max-snippet:-1, max-image-preview:large, max-video-preview:-1\" \/>\n<link rel=\"canonical\" href=\"https:\/\/hojassueltas.es\/?p=17109\" \/>\n<meta property=\"og:locale\" content=\"es_ES\" \/>\n<meta property=\"og:type\" content=\"article\" \/>\n<meta property=\"og:title\" content=\"Restauraci\u00f3n del Real Monasterio de San Lorenzo de El Escorial | HOJAS SUELTAS Peri\u00f3dico Cultural\" \/>\n<meta property=\"og:description\" content=\"PATRIMONIO CULTURAL: En conmemoraci\u00f3n del 40\u00ba aniversario de su declaraci\u00f3n como Patrimonio de la Humanidad por la UNESCO, el monasterio est\u00e1 siendo objeto de una significativa restauraci\u00f3n\" \/>\n<meta property=\"og:url\" content=\"https:\/\/hojassueltas.es\/?p=17109\" \/>\n<meta property=\"og:site_name\" content=\"HOJAS SUELTAS Peri\u00f3dico Cultural\" \/>\n<meta property=\"article:published_time\" content=\"2025-01-20T23:00:05+00:00\" \/>\n<meta property=\"article:modified_time\" content=\"2025-07-21T09:01:15+00:00\" \/>\n<meta property=\"og:image\" content=\"https:\/\/hojassueltas.es\/wp-content\/uploads\/2024\/12\/gLOBAL_HS.png\" \/>\n\t<meta property=\"og:image:width\" content=\"1050\" \/>\n\t<meta property=\"og:image:height\" content=\"610\" \/>\n\t<meta property=\"og:image:type\" content=\"image\/png\" \/>\n<meta name=\"author\" content=\"Redacci\u00f3n\" \/>\n<meta name=\"twitter:card\" content=\"summary_large_image\" \/>\n<meta name=\"twitter:creator\" content=\"@HOJASSUELTAS22\" \/>\n<meta name=\"twitter:site\" content=\"@HOJASSUELTAS22\" \/>\n<meta name=\"twitter:label1\" content=\"Escrito por\" \/>\n\t<meta name=\"twitter:data1\" content=\"Redacci\u00f3n\" \/>\n\t<meta name=\"twitter:label2\" content=\"Tiempo de lectura\" \/>\n\t<meta name=\"twitter:data2\" content=\"2 minutos\" \/>\n<script type=\"application\/ld+json\" class=\"yoast-schema-graph\">{\"@context\":\"https:\\\/\\\/schema.org\",\"@graph\":[{\"@type\":[\"Article\",\"BlogPosting\"],\"@id\":\"https:\\\/\\\/hojassueltas.es\\\/?p=17109#article\",\"isPartOf\":{\"@id\":\"https:\\\/\\\/hojassueltas.es\\\/?p=17109\"},\"author\":{\"name\":\"Redacci\u00f3n\",\"@id\":\"https:\\\/\\\/hojassueltas.es\\\/#\\\/schema\\\/person\\\/f232bbdb834c61c90aff2245daa401c0\"},\"headline\":\"Restauraci\u00f3n del Real Monasterio de San Lorenzo de El Escorial\",\"datePublished\":\"2025-01-20T23:00:05+00:00\",\"dateModified\":\"2025-07-21T09:01:15+00:00\",\"mainEntityOfPage\":{\"@id\":\"https:\\\/\\\/hojassueltas.es\\\/?p=17109\"},\"wordCount\":352,\"commentCount\":0,\"publisher\":{\"@id\":\"https:\\\/\\\/hojassueltas.es\\\/#organization\"},\"image\":{\"@id\":\"https:\\\/\\\/hojassueltas.es\\\/?p=17109#primaryimage\"},\"thumbnailUrl\":\"https:\\\/\\\/hojassueltas.es\\\/wp-content\\\/uploads\\\/2024\\\/12\\\/gLOBAL_HS.png\",\"articleSection\":[\"PANORAMA CULTURAL\"],\"inLanguage\":\"es\",\"potentialAction\":[{\"@type\":\"CommentAction\",\"name\":\"Comment\",\"target\":[\"https:\\\/\\\/hojassueltas.es\\\/?p=17109#respond\"]}]},{\"@type\":\"WebPage\",\"@id\":\"https:\\\/\\\/hojassueltas.es\\\/?p=17109\",\"url\":\"https:\\\/\\\/hojassueltas.es\\\/?p=17109\",\"name\":\"Restauraci\u00f3n del Real Monasterio de San Lorenzo de El Escorial | HOJAS SUELTAS Peri\u00f3dico Cultural\",\"isPartOf\":{\"@id\":\"https:\\\/\\\/hojassueltas.es\\\/#website\"},\"primaryImageOfPage\":{\"@id\":\"https:\\\/\\\/hojassueltas.es\\\/?p=17109#primaryimage\"},\"image\":{\"@id\":\"https:\\\/\\\/hojassueltas.es\\\/?p=17109#primaryimage\"},\"thumbnailUrl\":\"https:\\\/\\\/hojassueltas.es\\\/wp-content\\\/uploads\\\/2024\\\/12\\\/gLOBAL_HS.png\",\"datePublished\":\"2025-01-20T23:00:05+00:00\",\"dateModified\":\"2025-07-21T09:01:15+00:00\",\"description\":\"PATRIMONIO CULTURAL: En conmemoraci\u00f3n del 40\u00ba aniversario de su declaraci\u00f3n como Patrimonio de la Humanidad por la UNESCO, el monasterio est\u00e1 siendo objeto de una significativa restauraci\u00f3n\",\"breadcrumb\":{\"@id\":\"https:\\\/\\\/hojassueltas.es\\\/?p=17109#breadcrumb\"},\"inLanguage\":\"es\",\"potentialAction\":[{\"@type\":\"ReadAction\",\"target\":[\"https:\\\/\\\/hojassueltas.es\\\/?p=17109\"]}]},{\"@type\":\"ImageObject\",\"inLanguage\":\"es\",\"@id\":\"https:\\\/\\\/hojassueltas.es\\\/?p=17109#primaryimage\",\"url\":\"https:\\\/\\\/hojassueltas.es\\\/wp-content\\\/uploads\\\/2024\\\/12\\\/gLOBAL_HS.png\",\"contentUrl\":\"https:\\\/\\\/hojassueltas.es\\\/wp-content\\\/uploads\\\/2024\\\/12\\\/gLOBAL_HS.png\",\"width\":1050,\"height\":610},{\"@type\":\"BreadcrumbList\",\"@id\":\"https:\\\/\\\/hojassueltas.es\\\/?p=17109#breadcrumb\",\"itemListElement\":[{\"@type\":\"ListItem\",\"position\":1,\"name\":\"Portada\",\"item\":\"https:\\\/\\\/hojassueltas.es\\\/\"},{\"@type\":\"ListItem\",\"position\":2,\"name\":\"Restauraci\u00f3n del Real Monasterio de San Lorenzo de El Escorial\"}]},{\"@type\":\"WebSite\",\"@id\":\"https:\\\/\\\/hojassueltas.es\\\/#website\",\"url\":\"https:\\\/\\\/hojassueltas.es\\\/\",\"name\":\"HojasSueltas.es\",\"description\":\"GRANADA - Peri\u00f3dico Cultural\",\"publisher\":{\"@id\":\"https:\\\/\\\/hojassueltas.es\\\/#organization\"},\"alternateName\":\"H.S. Periodico Cultural\",\"potentialAction\":[{\"@type\":\"SearchAction\",\"target\":{\"@type\":\"EntryPoint\",\"urlTemplate\":\"https:\\\/\\\/hojassueltas.es\\\/?s={search_term_string}\"},\"query-input\":{\"@type\":\"PropertyValueSpecification\",\"valueRequired\":true,\"valueName\":\"search_term_string\"}}],\"inLanguage\":\"es\"},{\"@type\":\"Organization\",\"@id\":\"https:\\\/\\\/hojassueltas.es\\\/#organization\",\"name\":\"HOJAS SUELTAS - Peri\u00f3dico Cultural\",\"alternateName\":\"HS - HOJAS SUELTAS Peri\u00f3dico Cultural\",\"url\":\"https:\\\/\\\/hojassueltas.es\\\/\",\"logo\":{\"@type\":\"ImageObject\",\"inLanguage\":\"es\",\"@id\":\"https:\\\/\\\/hojassueltas.es\\\/#\\\/schema\\\/logo\\\/image\\\/\",\"url\":\"https:\\\/\\\/hojassueltas.es\\\/wp-content\\\/uploads\\\/2025\\\/08\\\/Icono-HS_2.png\",\"contentUrl\":\"https:\\\/\\\/hojassueltas.es\\\/wp-content\\\/uploads\\\/2025\\\/08\\\/Icono-HS_2.png\",\"width\":500,\"height\":500,\"caption\":\"HOJAS SUELTAS - Peri\u00f3dico Cultural\"},\"image\":{\"@id\":\"https:\\\/\\\/hojassueltas.es\\\/#\\\/schema\\\/logo\\\/image\\\/\"},\"sameAs\":[\"https:\\\/\\\/x.com\\\/HOJASSUELTAS22\"]},{\"@type\":\"Person\",\"@id\":\"https:\\\/\\\/hojassueltas.es\\\/#\\\/schema\\\/person\\\/f232bbdb834c61c90aff2245daa401c0\",\"name\":\"Redacci\u00f3n\",\"image\":{\"@type\":\"ImageObject\",\"inLanguage\":\"es\",\"@id\":\"https:\\\/\\\/hojassueltas.es\\\/wp-content\\\/uploads\\\/2026\\\/02\\\/Redaccion-2-96x96.png\",\"url\":\"https:\\\/\\\/hojassueltas.es\\\/wp-content\\\/uploads\\\/2026\\\/02\\\/Redaccion-2-96x96.png\",\"contentUrl\":\"https:\\\/\\\/hojassueltas.es\\\/wp-content\\\/uploads\\\/2026\\\/02\\\/Redaccion-2-96x96.png\",\"caption\":\"Redacci\u00f3n\"},\"description\":\"Redacci\u00f3n de HOJAS SUELTAS\",\"url\":\"https:\\\/\\\/hojassueltas.es\\\/?author=1\"}]}<\/script>\n<!-- \/ Yoast SEO plugin. -->","yoast_head_json":{"title":"Restauraci\u00f3n del Real Monasterio de San Lorenzo de El Escorial | HOJAS SUELTAS Peri\u00f3dico Cultural","description":"PATRIMONIO CULTURAL: En conmemoraci\u00f3n del 40\u00ba aniversario de su declaraci\u00f3n como Patrimonio de la Humanidad por la UNESCO, el monasterio est\u00e1 siendo objeto de una significativa restauraci\u00f3n","robots":{"index":"index","follow":"follow","max-snippet":"max-snippet:-1","max-image-preview":"max-image-preview:large","max-video-preview":"max-video-preview:-1"},"canonical":"https:\/\/hojassueltas.es\/?p=17109","og_locale":"es_ES","og_type":"article","og_title":"Restauraci\u00f3n del Real Monasterio de San Lorenzo de El Escorial | HOJAS SUELTAS Peri\u00f3dico Cultural","og_description":"PATRIMONIO CULTURAL: En conmemoraci\u00f3n del 40\u00ba aniversario de su declaraci\u00f3n como Patrimonio de la Humanidad por la UNESCO, el monasterio est\u00e1 siendo objeto de una significativa restauraci\u00f3n","og_url":"https:\/\/hojassueltas.es\/?p=17109","og_site_name":"HOJAS SUELTAS Peri\u00f3dico Cultural","article_published_time":"2025-01-20T23:00:05+00:00","article_modified_time":"2025-07-21T09:01:15+00:00","og_image":[{"width":1050,"height":610,"url":"https:\/\/hojassueltas.es\/wp-content\/uploads\/2024\/12\/gLOBAL_HS.png","type":"image\/png"}],"author":"Redacci\u00f3n","twitter_card":"summary_large_image","twitter_creator":"@HOJASSUELTAS22","twitter_site":"@HOJASSUELTAS22","twitter_misc":{"Escrito por":"Redacci\u00f3n","Tiempo de lectura":"2 minutos"},"schema":{"@context":"https:\/\/schema.org","@graph":[{"@type":["Article","BlogPosting"],"@id":"https:\/\/hojassueltas.es\/?p=17109#article","isPartOf":{"@id":"https:\/\/hojassueltas.es\/?p=17109"},"author":{"name":"Redacci\u00f3n","@id":"https:\/\/hojassueltas.es\/#\/schema\/person\/f232bbdb834c61c90aff2245daa401c0"},"headline":"Restauraci\u00f3n del Real Monasterio de San Lorenzo de El Escorial","datePublished":"2025-01-20T23:00:05+00:00","dateModified":"2025-07-21T09:01:15+00:00","mainEntityOfPage":{"@id":"https:\/\/hojassueltas.es\/?p=17109"},"wordCount":352,"commentCount":0,"publisher":{"@id":"https:\/\/hojassueltas.es\/#organization"},"image":{"@id":"https:\/\/hojassueltas.es\/?p=17109#primaryimage"},"thumbnailUrl":"https:\/\/hojassueltas.es\/wp-content\/uploads\/2024\/12\/gLOBAL_HS.png","articleSection":["PANORAMA CULTURAL"],"inLanguage":"es","potentialAction":[{"@type":"CommentAction","name":"Comment","target":["https:\/\/hojassueltas.es\/?p=17109#respond"]}]},{"@type":"WebPage","@id":"https:\/\/hojassueltas.es\/?p=17109","url":"https:\/\/hojassueltas.es\/?p=17109","name":"Restauraci\u00f3n del Real Monasterio de San Lorenzo de El Escorial | HOJAS SUELTAS Peri\u00f3dico Cultural","isPartOf":{"@id":"https:\/\/hojassueltas.es\/#website"},"primaryImageOfPage":{"@id":"https:\/\/hojassueltas.es\/?p=17109#primaryimage"},"image":{"@id":"https:\/\/hojassueltas.es\/?p=17109#primaryimage"},"thumbnailUrl":"https:\/\/hojassueltas.es\/wp-content\/uploads\/2024\/12\/gLOBAL_HS.png","datePublished":"2025-01-20T23:00:05+00:00","dateModified":"2025-07-21T09:01:15+00:00","description":"PATRIMONIO CULTURAL: En conmemoraci\u00f3n del 40\u00ba aniversario de su declaraci\u00f3n como Patrimonio de la Humanidad por la UNESCO, el monasterio est\u00e1 siendo objeto de una significativa restauraci\u00f3n","breadcrumb":{"@id":"https:\/\/hojassueltas.es\/?p=17109#breadcrumb"},"inLanguage":"es","potentialAction":[{"@type":"ReadAction","target":["https:\/\/hojassueltas.es\/?p=17109"]}]},{"@type":"ImageObject","inLanguage":"es","@id":"https:\/\/hojassueltas.es\/?p=17109#primaryimage","url":"https:\/\/hojassueltas.es\/wp-content\/uploads\/2024\/12\/gLOBAL_HS.png","contentUrl":"https:\/\/hojassueltas.es\/wp-content\/uploads\/2024\/12\/gLOBAL_HS.png","width":1050,"height":610},{"@type":"BreadcrumbList","@id":"https:\/\/hojassueltas.es\/?p=17109#breadcrumb","itemListElement":[{"@type":"ListItem","position":1,"name":"Portada","item":"https:\/\/hojassueltas.es\/"},{"@type":"ListItem","position":2,"name":"Restauraci\u00f3n del Real Monasterio de San Lorenzo de El Escorial"}]},{"@type":"WebSite","@id":"https:\/\/hojassueltas.es\/#website","url":"https:\/\/hojassueltas.es\/","name":"HojasSueltas.es","description":"GRANADA - Peri\u00f3dico Cultural","publisher":{"@id":"https:\/\/hojassueltas.es\/#organization"},"alternateName":"H.S. Periodico Cultural","potentialAction":[{"@type":"SearchAction","target":{"@type":"EntryPoint","urlTemplate":"https:\/\/hojassueltas.es\/?s={search_term_string}"},"query-input":{"@type":"PropertyValueSpecification","valueRequired":true,"valueName":"search_term_string"}}],"inLanguage":"es"},{"@type":"Organization","@id":"https:\/\/hojassueltas.es\/#organization","name":"HOJAS SUELTAS - Peri\u00f3dico Cultural","alternateName":"HS - HOJAS SUELTAS Peri\u00f3dico Cultural","url":"https:\/\/hojassueltas.es\/","logo":{"@type":"ImageObject","inLanguage":"es","@id":"https:\/\/hojassueltas.es\/#\/schema\/logo\/image\/","url":"https:\/\/hojassueltas.es\/wp-content\/uploads\/2025\/08\/Icono-HS_2.png","contentUrl":"https:\/\/hojassueltas.es\/wp-content\/uploads\/2025\/08\/Icono-HS_2.png","width":500,"height":500,"caption":"HOJAS SUELTAS - Peri\u00f3dico Cultural"},"image":{"@id":"https:\/\/hojassueltas.es\/#\/schema\/logo\/image\/"},"sameAs":["https:\/\/x.com\/HOJASSUELTAS22"]},{"@type":"Person","@id":"https:\/\/hojassueltas.es\/#\/schema\/person\/f232bbdb834c61c90aff2245daa401c0","name":"Redacci\u00f3n","image":{"@type":"ImageObject","inLanguage":"es","@id":"https:\/\/hojassueltas.es\/wp-content\/uploads\/2026\/02\/Redaccion-2-96x96.png","url":"https:\/\/hojassueltas.es\/wp-content\/uploads\/2026\/02\/Redaccion-2-96x96.png","contentUrl":"https:\/\/hojassueltas.es\/wp-content\/uploads\/2026\/02\/Redaccion-2-96x96.png","caption":"Redacci\u00f3n"},"description":"Redacci\u00f3n de HOJAS SUELTAS","url":"https:\/\/hojassueltas.es\/?author=1"}]}},"_links":{"self":[{"href":"https:\/\/hojassueltas.es\/index.php?rest_route=\/wp\/v2\/posts\/17109","targetHints":{"allow":["GET"]}}],"collection":[{"href":"https:\/\/hojassueltas.es\/index.php?rest_route=\/wp\/v2\/posts"}],"about":[{"href":"https:\/\/hojassueltas.es\/index.php?rest_route=\/wp\/v2\/types\/post"}],"author":[{"embeddable":true,"href":"https:\/\/hojassueltas.es\/index.php?rest_route=\/wp\/v2\/users\/1"}],"replies":[{"embeddable":true,"href":"https:\/\/hojassueltas.es\/index.php?rest_route=%2Fwp%2Fv2%2Fcomments&post=17109"}],"version-history":[{"count":1,"href":"https:\/\/hojassueltas.es\/index.php?rest_route=\/wp\/v2\/posts\/17109\/revisions"}],"predecessor-version":[{"id":17110,"href":"https:\/\/hojassueltas.es\/index.php?rest_route=\/wp\/v2\/posts\/17109\/revisions\/17110"}],"wp:featuredmedia":[{"embeddable":true,"href":"https:\/\/hojassueltas.es\/index.php?rest_route=\/wp\/v2\/media\/16738"}],"wp:attachment":[{"href":"https:\/\/hojassueltas.es\/index.php?rest_route=%2Fwp%2Fv2%2Fmedia&parent=17109"}],"wp:term":[{"taxonomy":"category","embeddable":true,"href":"https:\/\/hojassueltas.es\/index.php?rest_route=%2Fwp%2Fv2%2Fcategories&post=17109"},{"taxonomy":"post_tag","embeddable":true,"href":"https:\/\/hojassueltas.es\/index.php?rest_route=%2Fwp%2Fv2%2Ftags&post=17109"}],"curies":[{"name":"wp","href":"https:\/\/api.w.org\/{rel}","templated":true}]}}