{"id":17060,"date":"2025-01-21T00:00:09","date_gmt":"2025-01-20T23:00:09","guid":{"rendered":"https:\/\/hojassueltas.es\/?p=17060"},"modified":"2025-10-18T11:02:17","modified_gmt":"2025-10-18T09:02:17","slug":"fin-de-poema-juan-tallon","status":"publish","type":"post","link":"https:\/\/hojassueltas.es\/?p=17060","title":{"rendered":"Fin de poema &#8211; Juan Tall\u00f3n"},"content":{"rendered":"<div class=\"flex max-w-full flex-col flex-grow\">\n<div class=\"min-h-8 text-message flex w-full flex-col items-end gap-2 whitespace-normal break-words text-start [.text-message+&amp;]:mt-5\" dir=\"auto\" data-message-author-role=\"assistant\" data-message-id=\"2fab9b43-3cda-4a07-bd46-3db3dfbebb70\" data-message-model-slug=\"gpt-4o\">\n<div class=\"flex w-full flex-col gap-1 empty:hidden first:pt-[3px]\">\n<div class=\"markdown prose w-full break-words dark:prose-invert light\">\n<h3 style=\"text-align: justify;\"><strong>Este relato se despliega a partir de situaciones cotidianas y aparentemente normales de las \u00faltimas horas de vida de cuatro poetas brillantes y atormentados. Un homenaje a la poes\u00eda<\/strong><\/h3>\n<p style=\"text-align: justify;\">Cesare Pavese ya no conf\u00eda en la idea de un poema terminado; Alejandra Pizarnik, influida por el psicoan\u00e1lisis, expone sus escritos en un intento por cerrar la brecha entre el impulso de vivir y el deseo de desaparecer; Anne Sexton se cruza casualmente con un hombre cuya vida encierra la m\u00e1s triste historia que ha conocido, alguien despojado de su memoria mientras estaba inconsciente; y Gabriel Ferrater recorre la biblioteca con la esperanza de recuperar la edici\u00f3n italiana de una obra perdida.<\/p>\n<p style=\"text-align: justify;\">Este relato se construye a partir de momentos cotidianos que enmarcan las \u00faltimas horas de vida de cuatro poetas brillantes y atormentados. Gradualmente, el ejercicio literario que marc\u00f3 sus vidas se desploma, y las palabras, antes vibrantes, van apag\u00e1ndose hasta quedar en silencio. Figuras como Franz Kafka, Silvina Ocampo, Le\u00f3n Tolst\u00f3i, Samuel Beckett y S\u00f8ren Kierkegaard transitan las p\u00e1ginas, acompa\u00f1ando a los protagonistas en un viaje introspectivo hacia lo m\u00e1s profundo de su ser.<\/p>\n<p style=\"text-align: justify;\"><em>\u00abFin de poema\u00bb<\/em> es una inmersi\u00f3n en los misterios de los conflictos del alma. Con una narrativa penetrante y cargada de lirismo, esta novela captura una belleza desgarradora en medio de la obsesi\u00f3n, la soledad y la desesperanza. Un aut\u00e9ntico homenaje a la poes\u00eda.<\/p>\n<p><span style=\"font-family: impact, sans-serif;\">Redacci\u00f3n<\/span><\/p>\n<p style=\"text-align: justify;\">Juan Tall\u00f3n, antes de escribir <span class=\"ml-rte-link-wrapper\"><em>El mejor del mundo<\/em><\/span>, antes de escribir <span class=\"ml-rte-link-wrapper\"><em>Obra maestra<\/em><\/span>, antes incluso de escribir <span class=\"ml-rte-link-wrapper\"><em>Rewind<\/em><\/span>, firm\u00f3 un libro que exploraba los \u00faltimos momentos de vida de cuatro poetas suicidas: <span class=\"ml-rte-link-wrapper\">Cesare Pavese<\/span>, <span class=\"ml-rte-link-wrapper\">Alejandra Pizarnik<\/span>, <span class=\"ml-rte-link-wrapper\">Anne Sexton<\/span> y <span class=\"ml-rte-link-wrapper\">Gabriel Ferrater<\/span>. Se titulaba <span class=\"ml-rte-link-wrapper\"><em>Fin de poema<\/em><\/span>, y aunque se public\u00f3 por primera vez en 2013, lo reeditamos ahora en Anagrama, en \u00abCompactos\u00bb, con una edici\u00f3n revisada por el mismo autor. En \u00e9l, Tall\u00f3n se transporta a Tur\u00edn, Buenos Aires, Boston y Sant Cugat para seguir los pasos de los cuatro poetas que, algunos faltos de inspiraci\u00f3n, otros intentando recuperar una obra perdida, estaban a punto\u00a0de quitarse la vida. \u00bfQu\u00e9 revelan esos eventos finales de sus existencias? \u00bfQu\u00e9 revelan de sus muertes?<\/p>\n<p style=\"text-align: justify;\">Tall\u00f3n ilumina con belleza desgarradora la obsesi\u00f3n, la soledad y la desesperanza de los cuatro autores, a trav\u00e9s de un ejercicio literario que quiere trazar los hilos que unen creaci\u00f3n y vida, como si esos finales tristes se pudieran entender tambi\u00e9n a trav\u00e9s de sus obras, de sus \u00faltimos versos. \u00abEl suicida siempre ha de estar preparado, con su maleta hecha\u00bb, escribe Tall\u00f3n con la voz de Cesare Pavese. Pero a veces no hay lugar al que escapar. \u00bfAcaso era la poes\u00eda para todos ellos un sitio al que huir? \u00bfAcaso era la literatura un intento de salvarse a s\u00ed mismos?<\/p>\n<p style=\"text-align: justify;\">Sea como fuere, no hay hoja de instrucciones para la vida, como tampoco la hay para la creaci\u00f3n: con los ojos abiertos en la oscuridad, uno avanza con intuiciones, sin barandillas, probando de acertar. Y de hacer del camino, creativo y vital, el mejor de los posibles.<\/p>\n<p><span style=\"font-family: impact, sans-serif;\">\u2014Anagrama\u2014<\/span><\/p>\n<\/div>\n<\/div>\n<\/div>\n<\/div>\n<div class=\"mb-2 flex gap-3 empty:hidden -ml-2\">\n<div class=\"items-center justify-start rounded-xl p-1 flex\">\n<div class=\"flex items-center\"><\/div>\n<\/div>\n<\/div>\n","protected":false},"excerpt":{"rendered":"<p>Este relato se despliega a partir de situaciones cotidianas y aparentemente normales de las \u00faltimas horas de vida de cuatro poetas brillantes y atormentados. Un homenaje a la poes\u00eda Cesare Pavese ya no conf\u00eda en la idea de un poema terminado; Alejandra Pizarnik, influida por el psicoan\u00e1lisis, expone sus escritos en un intento por cerrar [&hellip;]<\/p>\n","protected":false},"author":1,"featured_media":17061,"comment_status":"open","ping_status":"closed","sticky":false,"template":"","format":"standard","meta":{"footnotes":""},"categories":[1124],"tags":[10,1864],"class_list":{"0":"post-17060","1":"post","2":"type-post","3":"status-publish","4":"format-standard","5":"has-post-thumbnail","7":"category-por-que-leer","8":"tag-anagrama-editorial","9":"tag-juan-tallon"},"yoast_head":"<!-- This site is optimized with the Yoast SEO plugin v27.4 - https:\/\/yoast.com\/product\/yoast-seo-wordpress\/ -->\n<title>Fin de poema - Juan Tall\u00f3n | HOJAS SUELTAS Peri\u00f3dico Cultural<\/title>\n<meta name=\"description\" content=\"POES\u00cdA: Este relato se despliega a partir de situaciones cotidianas y aparentemente normales de las \u00faltimas horas de vida de cuatro poetas brillantes y atormentados. Un homenaje a la poes\u00eda\" \/>\n<meta name=\"robots\" content=\"index, follow, max-snippet:-1, max-image-preview:large, max-video-preview:-1\" \/>\n<link rel=\"canonical\" href=\"https:\/\/hojassueltas.es\/?p=17060\" \/>\n<meta property=\"og:locale\" content=\"es_ES\" \/>\n<meta property=\"og:type\" content=\"article\" \/>\n<meta property=\"og:title\" content=\"Fin de poema - Juan Tall\u00f3n | HOJAS SUELTAS Peri\u00f3dico Cultural\" \/>\n<meta property=\"og:description\" content=\"POES\u00cdA: Este relato se despliega a partir de situaciones cotidianas y aparentemente normales de las \u00faltimas horas de vida de cuatro poetas brillantes y atormentados. Un homenaje a la poes\u00eda\" \/>\n<meta property=\"og:url\" content=\"https:\/\/hojassueltas.es\/?p=17060\" \/>\n<meta property=\"og:site_name\" content=\"HOJAS SUELTAS Peri\u00f3dico Cultural\" \/>\n<meta property=\"article:published_time\" content=\"2025-01-20T23:00:09+00:00\" \/>\n<meta property=\"article:modified_time\" content=\"2025-10-18T09:02:17+00:00\" \/>\n<meta property=\"og:image\" content=\"https:\/\/hojassueltas.es\/wp-content\/uploads\/2025\/01\/Fin-de-poema_H.S.png\" \/>\n\t<meta property=\"og:image:width\" content=\"1050\" \/>\n\t<meta property=\"og:image:height\" content=\"610\" \/>\n\t<meta property=\"og:image:type\" content=\"image\/png\" \/>\n<meta name=\"author\" content=\"Redacci\u00f3n\" \/>\n<meta name=\"twitter:card\" content=\"summary_large_image\" \/>\n<meta name=\"twitter:creator\" content=\"@HOJASSUELTAS22\" \/>\n<meta name=\"twitter:site\" content=\"@HOJASSUELTAS22\" \/>\n<meta name=\"twitter:label1\" content=\"Escrito por\" \/>\n\t<meta name=\"twitter:data1\" content=\"Redacci\u00f3n\" \/>\n\t<meta name=\"twitter:label2\" content=\"Tiempo de lectura\" \/>\n\t<meta name=\"twitter:data2\" content=\"3 minutos\" \/>\n<script type=\"application\/ld+json\" class=\"yoast-schema-graph\">{\"@context\":\"https:\\\/\\\/schema.org\",\"@graph\":[{\"@type\":[\"Article\",\"BlogPosting\"],\"@id\":\"https:\\\/\\\/hojassueltas.es\\\/?p=17060#article\",\"isPartOf\":{\"@id\":\"https:\\\/\\\/hojassueltas.es\\\/?p=17060\"},\"author\":{\"name\":\"Redacci\u00f3n\",\"@id\":\"https:\\\/\\\/hojassueltas.es\\\/#\\\/schema\\\/person\\\/f232bbdb834c61c90aff2245daa401c0\"},\"headline\":\"Fin de poema &#8211; Juan Tall\u00f3n\",\"datePublished\":\"2025-01-20T23:00:09+00:00\",\"dateModified\":\"2025-10-18T09:02:17+00:00\",\"mainEntityOfPage\":{\"@id\":\"https:\\\/\\\/hojassueltas.es\\\/?p=17060\"},\"wordCount\":539,\"commentCount\":0,\"publisher\":{\"@id\":\"https:\\\/\\\/hojassueltas.es\\\/#organization\"},\"image\":{\"@id\":\"https:\\\/\\\/hojassueltas.es\\\/?p=17060#primaryimage\"},\"thumbnailUrl\":\"https:\\\/\\\/hojassueltas.es\\\/wp-content\\\/uploads\\\/2025\\\/01\\\/Fin-de-poema_H.S.png\",\"keywords\":[\"Anagrama Editorial\",\"Juan Tall\u00f3n\"],\"articleSection\":[\"POR QU\u00c9 LEER...\"],\"inLanguage\":\"es\",\"potentialAction\":[{\"@type\":\"CommentAction\",\"name\":\"Comment\",\"target\":[\"https:\\\/\\\/hojassueltas.es\\\/?p=17060#respond\"]}]},{\"@type\":\"WebPage\",\"@id\":\"https:\\\/\\\/hojassueltas.es\\\/?p=17060\",\"url\":\"https:\\\/\\\/hojassueltas.es\\\/?p=17060\",\"name\":\"Fin de poema - Juan Tall\u00f3n | HOJAS SUELTAS Peri\u00f3dico Cultural\",\"isPartOf\":{\"@id\":\"https:\\\/\\\/hojassueltas.es\\\/#website\"},\"primaryImageOfPage\":{\"@id\":\"https:\\\/\\\/hojassueltas.es\\\/?p=17060#primaryimage\"},\"image\":{\"@id\":\"https:\\\/\\\/hojassueltas.es\\\/?p=17060#primaryimage\"},\"thumbnailUrl\":\"https:\\\/\\\/hojassueltas.es\\\/wp-content\\\/uploads\\\/2025\\\/01\\\/Fin-de-poema_H.S.png\",\"datePublished\":\"2025-01-20T23:00:09+00:00\",\"dateModified\":\"2025-10-18T09:02:17+00:00\",\"description\":\"POES\u00cdA: Este relato se despliega a partir de situaciones cotidianas y aparentemente normales de las \u00faltimas horas de vida de cuatro poetas brillantes y atormentados. Un homenaje a la poes\u00eda\",\"breadcrumb\":{\"@id\":\"https:\\\/\\\/hojassueltas.es\\\/?p=17060#breadcrumb\"},\"inLanguage\":\"es\",\"potentialAction\":[{\"@type\":\"ReadAction\",\"target\":[\"https:\\\/\\\/hojassueltas.es\\\/?p=17060\"]}]},{\"@type\":\"ImageObject\",\"inLanguage\":\"es\",\"@id\":\"https:\\\/\\\/hojassueltas.es\\\/?p=17060#primaryimage\",\"url\":\"https:\\\/\\\/hojassueltas.es\\\/wp-content\\\/uploads\\\/2025\\\/01\\\/Fin-de-poema_H.S.png\",\"contentUrl\":\"https:\\\/\\\/hojassueltas.es\\\/wp-content\\\/uploads\\\/2025\\\/01\\\/Fin-de-poema_H.S.png\",\"width\":1050,\"height\":610},{\"@type\":\"BreadcrumbList\",\"@id\":\"https:\\\/\\\/hojassueltas.es\\\/?p=17060#breadcrumb\",\"itemListElement\":[{\"@type\":\"ListItem\",\"position\":1,\"name\":\"Portada\",\"item\":\"https:\\\/\\\/hojassueltas.es\\\/\"},{\"@type\":\"ListItem\",\"position\":2,\"name\":\"Fin de poema &#8211; Juan Tall\u00f3n\"}]},{\"@type\":\"WebSite\",\"@id\":\"https:\\\/\\\/hojassueltas.es\\\/#website\",\"url\":\"https:\\\/\\\/hojassueltas.es\\\/\",\"name\":\"HojasSueltas.es\",\"description\":\"GRANADA - Peri\u00f3dico Cultural\",\"publisher\":{\"@id\":\"https:\\\/\\\/hojassueltas.es\\\/#organization\"},\"alternateName\":\"H.S. Periodico Cultural\",\"potentialAction\":[{\"@type\":\"SearchAction\",\"target\":{\"@type\":\"EntryPoint\",\"urlTemplate\":\"https:\\\/\\\/hojassueltas.es\\\/?s={search_term_string}\"},\"query-input\":{\"@type\":\"PropertyValueSpecification\",\"valueRequired\":true,\"valueName\":\"search_term_string\"}}],\"inLanguage\":\"es\"},{\"@type\":\"Organization\",\"@id\":\"https:\\\/\\\/hojassueltas.es\\\/#organization\",\"name\":\"HOJAS SUELTAS - Peri\u00f3dico Cultural\",\"alternateName\":\"HS - HOJAS SUELTAS Peri\u00f3dico Cultural\",\"url\":\"https:\\\/\\\/hojassueltas.es\\\/\",\"logo\":{\"@type\":\"ImageObject\",\"inLanguage\":\"es\",\"@id\":\"https:\\\/\\\/hojassueltas.es\\\/#\\\/schema\\\/logo\\\/image\\\/\",\"url\":\"https:\\\/\\\/hojassueltas.es\\\/wp-content\\\/uploads\\\/2025\\\/08\\\/Icono-HS_2.png\",\"contentUrl\":\"https:\\\/\\\/hojassueltas.es\\\/wp-content\\\/uploads\\\/2025\\\/08\\\/Icono-HS_2.png\",\"width\":500,\"height\":500,\"caption\":\"HOJAS SUELTAS - Peri\u00f3dico Cultural\"},\"image\":{\"@id\":\"https:\\\/\\\/hojassueltas.es\\\/#\\\/schema\\\/logo\\\/image\\\/\"},\"sameAs\":[\"https:\\\/\\\/x.com\\\/HOJASSUELTAS22\"]},{\"@type\":\"Person\",\"@id\":\"https:\\\/\\\/hojassueltas.es\\\/#\\\/schema\\\/person\\\/f232bbdb834c61c90aff2245daa401c0\",\"name\":\"Redacci\u00f3n\",\"image\":{\"@type\":\"ImageObject\",\"inLanguage\":\"es\",\"@id\":\"https:\\\/\\\/hojassueltas.es\\\/wp-content\\\/uploads\\\/2026\\\/02\\\/Redaccion-2-96x96.png\",\"url\":\"https:\\\/\\\/hojassueltas.es\\\/wp-content\\\/uploads\\\/2026\\\/02\\\/Redaccion-2-96x96.png\",\"contentUrl\":\"https:\\\/\\\/hojassueltas.es\\\/wp-content\\\/uploads\\\/2026\\\/02\\\/Redaccion-2-96x96.png\",\"caption\":\"Redacci\u00f3n\"},\"description\":\"Redacci\u00f3n de HOJAS SUELTAS\",\"url\":\"https:\\\/\\\/hojassueltas.es\\\/?author=1\"}]}<\/script>\n<!-- \/ Yoast SEO plugin. -->","yoast_head_json":{"title":"Fin de poema - Juan Tall\u00f3n | HOJAS SUELTAS Peri\u00f3dico Cultural","description":"POES\u00cdA: Este relato se despliega a partir de situaciones cotidianas y aparentemente normales de las \u00faltimas horas de vida de cuatro poetas brillantes y atormentados. Un homenaje a la poes\u00eda","robots":{"index":"index","follow":"follow","max-snippet":"max-snippet:-1","max-image-preview":"max-image-preview:large","max-video-preview":"max-video-preview:-1"},"canonical":"https:\/\/hojassueltas.es\/?p=17060","og_locale":"es_ES","og_type":"article","og_title":"Fin de poema - Juan Tall\u00f3n | HOJAS SUELTAS Peri\u00f3dico Cultural","og_description":"POES\u00cdA: Este relato se despliega a partir de situaciones cotidianas y aparentemente normales de las \u00faltimas horas de vida de cuatro poetas brillantes y atormentados. Un homenaje a la poes\u00eda","og_url":"https:\/\/hojassueltas.es\/?p=17060","og_site_name":"HOJAS SUELTAS Peri\u00f3dico Cultural","article_published_time":"2025-01-20T23:00:09+00:00","article_modified_time":"2025-10-18T09:02:17+00:00","og_image":[{"width":1050,"height":610,"url":"https:\/\/hojassueltas.es\/wp-content\/uploads\/2025\/01\/Fin-de-poema_H.S.png","type":"image\/png"}],"author":"Redacci\u00f3n","twitter_card":"summary_large_image","twitter_creator":"@HOJASSUELTAS22","twitter_site":"@HOJASSUELTAS22","twitter_misc":{"Escrito por":"Redacci\u00f3n","Tiempo de lectura":"3 minutos"},"schema":{"@context":"https:\/\/schema.org","@graph":[{"@type":["Article","BlogPosting"],"@id":"https:\/\/hojassueltas.es\/?p=17060#article","isPartOf":{"@id":"https:\/\/hojassueltas.es\/?p=17060"},"author":{"name":"Redacci\u00f3n","@id":"https:\/\/hojassueltas.es\/#\/schema\/person\/f232bbdb834c61c90aff2245daa401c0"},"headline":"Fin de poema &#8211; Juan Tall\u00f3n","datePublished":"2025-01-20T23:00:09+00:00","dateModified":"2025-10-18T09:02:17+00:00","mainEntityOfPage":{"@id":"https:\/\/hojassueltas.es\/?p=17060"},"wordCount":539,"commentCount":0,"publisher":{"@id":"https:\/\/hojassueltas.es\/#organization"},"image":{"@id":"https:\/\/hojassueltas.es\/?p=17060#primaryimage"},"thumbnailUrl":"https:\/\/hojassueltas.es\/wp-content\/uploads\/2025\/01\/Fin-de-poema_H.S.png","keywords":["Anagrama Editorial","Juan Tall\u00f3n"],"articleSection":["POR QU\u00c9 LEER..."],"inLanguage":"es","potentialAction":[{"@type":"CommentAction","name":"Comment","target":["https:\/\/hojassueltas.es\/?p=17060#respond"]}]},{"@type":"WebPage","@id":"https:\/\/hojassueltas.es\/?p=17060","url":"https:\/\/hojassueltas.es\/?p=17060","name":"Fin de poema - Juan Tall\u00f3n | HOJAS SUELTAS Peri\u00f3dico Cultural","isPartOf":{"@id":"https:\/\/hojassueltas.es\/#website"},"primaryImageOfPage":{"@id":"https:\/\/hojassueltas.es\/?p=17060#primaryimage"},"image":{"@id":"https:\/\/hojassueltas.es\/?p=17060#primaryimage"},"thumbnailUrl":"https:\/\/hojassueltas.es\/wp-content\/uploads\/2025\/01\/Fin-de-poema_H.S.png","datePublished":"2025-01-20T23:00:09+00:00","dateModified":"2025-10-18T09:02:17+00:00","description":"POES\u00cdA: Este relato se despliega a partir de situaciones cotidianas y aparentemente normales de las \u00faltimas horas de vida de cuatro poetas brillantes y atormentados. Un homenaje a la poes\u00eda","breadcrumb":{"@id":"https:\/\/hojassueltas.es\/?p=17060#breadcrumb"},"inLanguage":"es","potentialAction":[{"@type":"ReadAction","target":["https:\/\/hojassueltas.es\/?p=17060"]}]},{"@type":"ImageObject","inLanguage":"es","@id":"https:\/\/hojassueltas.es\/?p=17060#primaryimage","url":"https:\/\/hojassueltas.es\/wp-content\/uploads\/2025\/01\/Fin-de-poema_H.S.png","contentUrl":"https:\/\/hojassueltas.es\/wp-content\/uploads\/2025\/01\/Fin-de-poema_H.S.png","width":1050,"height":610},{"@type":"BreadcrumbList","@id":"https:\/\/hojassueltas.es\/?p=17060#breadcrumb","itemListElement":[{"@type":"ListItem","position":1,"name":"Portada","item":"https:\/\/hojassueltas.es\/"},{"@type":"ListItem","position":2,"name":"Fin de poema &#8211; Juan Tall\u00f3n"}]},{"@type":"WebSite","@id":"https:\/\/hojassueltas.es\/#website","url":"https:\/\/hojassueltas.es\/","name":"HojasSueltas.es","description":"GRANADA - Peri\u00f3dico Cultural","publisher":{"@id":"https:\/\/hojassueltas.es\/#organization"},"alternateName":"H.S. Periodico Cultural","potentialAction":[{"@type":"SearchAction","target":{"@type":"EntryPoint","urlTemplate":"https:\/\/hojassueltas.es\/?s={search_term_string}"},"query-input":{"@type":"PropertyValueSpecification","valueRequired":true,"valueName":"search_term_string"}}],"inLanguage":"es"},{"@type":"Organization","@id":"https:\/\/hojassueltas.es\/#organization","name":"HOJAS SUELTAS - Peri\u00f3dico Cultural","alternateName":"HS - HOJAS SUELTAS Peri\u00f3dico Cultural","url":"https:\/\/hojassueltas.es\/","logo":{"@type":"ImageObject","inLanguage":"es","@id":"https:\/\/hojassueltas.es\/#\/schema\/logo\/image\/","url":"https:\/\/hojassueltas.es\/wp-content\/uploads\/2025\/08\/Icono-HS_2.png","contentUrl":"https:\/\/hojassueltas.es\/wp-content\/uploads\/2025\/08\/Icono-HS_2.png","width":500,"height":500,"caption":"HOJAS SUELTAS - Peri\u00f3dico Cultural"},"image":{"@id":"https:\/\/hojassueltas.es\/#\/schema\/logo\/image\/"},"sameAs":["https:\/\/x.com\/HOJASSUELTAS22"]},{"@type":"Person","@id":"https:\/\/hojassueltas.es\/#\/schema\/person\/f232bbdb834c61c90aff2245daa401c0","name":"Redacci\u00f3n","image":{"@type":"ImageObject","inLanguage":"es","@id":"https:\/\/hojassueltas.es\/wp-content\/uploads\/2026\/02\/Redaccion-2-96x96.png","url":"https:\/\/hojassueltas.es\/wp-content\/uploads\/2026\/02\/Redaccion-2-96x96.png","contentUrl":"https:\/\/hojassueltas.es\/wp-content\/uploads\/2026\/02\/Redaccion-2-96x96.png","caption":"Redacci\u00f3n"},"description":"Redacci\u00f3n de HOJAS SUELTAS","url":"https:\/\/hojassueltas.es\/?author=1"}]}},"_links":{"self":[{"href":"https:\/\/hojassueltas.es\/index.php?rest_route=\/wp\/v2\/posts\/17060","targetHints":{"allow":["GET"]}}],"collection":[{"href":"https:\/\/hojassueltas.es\/index.php?rest_route=\/wp\/v2\/posts"}],"about":[{"href":"https:\/\/hojassueltas.es\/index.php?rest_route=\/wp\/v2\/types\/post"}],"author":[{"embeddable":true,"href":"https:\/\/hojassueltas.es\/index.php?rest_route=\/wp\/v2\/users\/1"}],"replies":[{"embeddable":true,"href":"https:\/\/hojassueltas.es\/index.php?rest_route=%2Fwp%2Fv2%2Fcomments&post=17060"}],"version-history":[{"count":1,"href":"https:\/\/hojassueltas.es\/index.php?rest_route=\/wp\/v2\/posts\/17060\/revisions"}],"predecessor-version":[{"id":17062,"href":"https:\/\/hojassueltas.es\/index.php?rest_route=\/wp\/v2\/posts\/17060\/revisions\/17062"}],"wp:featuredmedia":[{"embeddable":true,"href":"https:\/\/hojassueltas.es\/index.php?rest_route=\/wp\/v2\/media\/17061"}],"wp:attachment":[{"href":"https:\/\/hojassueltas.es\/index.php?rest_route=%2Fwp%2Fv2%2Fmedia&parent=17060"}],"wp:term":[{"taxonomy":"category","embeddable":true,"href":"https:\/\/hojassueltas.es\/index.php?rest_route=%2Fwp%2Fv2%2Fcategories&post=17060"},{"taxonomy":"post_tag","embeddable":true,"href":"https:\/\/hojassueltas.es\/index.php?rest_route=%2Fwp%2Fv2%2Ftags&post=17060"}],"curies":[{"name":"wp","href":"https:\/\/api.w.org\/{rel}","templated":true}]}}