{"id":16916,"date":"2025-01-12T00:00:37","date_gmt":"2025-01-11T23:00:37","guid":{"rendered":"https:\/\/hojassueltas.es\/?p=16916"},"modified":"2025-10-18T11:02:18","modified_gmt":"2025-10-18T09:02:18","slug":"lo-que-habita-en-los-suenos-las-sombras-de-ava","status":"publish","type":"post","link":"https:\/\/hojassueltas.es\/?p=16916","title":{"rendered":"Lo que habita en los sue\u00f1os &#8211; Las sombras de Ava"},"content":{"rendered":"<h3>Secretos, arte y misterio entre Florencia y San Sebasti\u00e1n<\/h3>\n<p style=\"text-align: justify;\">Florencia, 1938. Para Manuela, una adolescente instruida en la complacencia, conocer a Ava, enigm\u00e1tica e independiente, en un colegio para se\u00f1oritas en la capital de la Toscana, supone traspasar las puertas de un universo desconocido: atreverse a ser ella misma lejos de los preceptos de su familia. Pero pronto Manuela tambi\u00e9n descubrir\u00e1 las sombras de Ava, quien plasma en oscuras pinturas escenas que vislumbra en sue\u00f1os y que un d\u00eda desaparecer\u00e1 sin dejar rastro, como si ella y su obra jam\u00e1s hubiesen existido.<\/p>\n<p style=\"text-align: justify;\">San Sebasti\u00e1n, 1952. Con la intenci\u00f3n de escapar de la tutela de su hermano, Manuela decide pasar el verano en su rinc\u00f3n favorito del norte buscando tranquilidad. Sin embargo, sus planes cambian cuando la invitan al mayor acto social de la temporada, la inauguraci\u00f3n de la intrigante Villa Allur, donde accidentalmente halla en una de sus paredes un extra\u00f1o cuadro que conoce bien y que jam\u00e1s pens\u00f3 que volver\u00eda a ver: la \u00faltima obra de Ava.<\/p>\n<p style=\"text-align: justify;\">Una novela llena de secretos y misterios, en un entorno y una \u00e9poca fascinantes en los que Nagore Su\u00e1rez ha sabido dar vida a unos personajes singulares, nada convencionales, que tienen mucho que contar y que callar\u2026<\/p>\n<p>Autora:<\/p>\n<p style=\"text-align: justify;\"><strong>Nagore Su\u00e1rez<\/strong>\u00a0(Madrid, 1994) estudi\u00f3 Periodismo y tiene formaci\u00f3n en Arqueolog\u00eda y Ciencias Forenses. Tambi\u00e9n ha estudiado Creatividad y ha trabajado como\u00a0<em>copywriter<\/em>\u00a0en publicidad. Su primera trilog\u00eda, formada por\u00a0<em>La m\u00fasica de los huesos<\/em>,\u00a0<em>El ritual de los muertos<\/em>\u00a0y\u00a0<em>El final de la fiesta<\/em>, ha sido un \u00e9xito de cr\u00edtica y ventas.<\/p>\n<p><span style=\"font-family: impact, sans-serif;\">\u2014 Destino \u2014<\/span><\/p>\n","protected":false},"excerpt":{"rendered":"<p>Secretos, arte y misterio entre Florencia y San Sebasti\u00e1n Florencia, 1938. Para Manuela, una adolescente instruida en la complacencia, conocer a Ava, enigm\u00e1tica e independiente, en un colegio para se\u00f1oritas en la capital de la Toscana, supone traspasar las puertas de un universo desconocido: atreverse a ser ella misma lejos de los preceptos de su [&hellip;]<\/p>\n","protected":false},"author":1,"featured_media":16917,"comment_status":"open","ping_status":"closed","sticky":false,"template":"","format":"standard","meta":{"footnotes":""},"categories":[1124],"tags":[128,2165],"class_list":{"0":"post-16916","1":"post","2":"type-post","3":"status-publish","4":"format-standard","5":"has-post-thumbnail","7":"category-por-que-leer","8":"tag-destino-editorial","9":"tag-nagore-suarez"},"yoast_head":"<!-- This site is optimized with the Yoast SEO plugin v27.5 - https:\/\/yoast.com\/product\/yoast-seo-wordpress\/ -->\n<title>Lo que habita en los sue\u00f1os - Las sombras de Ava | HOJAS SUELTAS Peri\u00f3dico Cultural<\/title>\n<meta name=\"description\" content=\"SUSPENSE: Secretos, arte y misterio entre Florencia y San Sebasti\u00e1n\" \/>\n<meta name=\"robots\" content=\"index, follow, max-snippet:-1, max-image-preview:large, max-video-preview:-1\" \/>\n<link rel=\"canonical\" href=\"https:\/\/hojassueltas.es\/?p=16916\" \/>\n<meta property=\"og:locale\" content=\"es_ES\" \/>\n<meta property=\"og:type\" content=\"article\" \/>\n<meta property=\"og:title\" content=\"Lo que habita en los sue\u00f1os - Las sombras de Ava | HOJAS SUELTAS Peri\u00f3dico Cultural\" \/>\n<meta property=\"og:description\" content=\"SUSPENSE: Secretos, arte y misterio entre Florencia y San Sebasti\u00e1n\" \/>\n<meta property=\"og:url\" content=\"https:\/\/hojassueltas.es\/?p=16916\" \/>\n<meta property=\"og:site_name\" content=\"HOJAS SUELTAS Peri\u00f3dico Cultural\" \/>\n<meta property=\"article:published_time\" content=\"2025-01-11T23:00:37+00:00\" \/>\n<meta property=\"article:modified_time\" content=\"2025-10-18T09:02:18+00:00\" \/>\n<meta property=\"og:image\" content=\"https:\/\/hojassueltas.es\/wp-content\/uploads\/2025\/01\/Lo-que-habita-en-los-suelos_HS.png\" \/>\n\t<meta property=\"og:image:width\" content=\"1050\" \/>\n\t<meta property=\"og:image:height\" content=\"610\" \/>\n\t<meta property=\"og:image:type\" content=\"image\/png\" \/>\n<meta name=\"author\" content=\"Redacci\u00f3n\" \/>\n<meta name=\"twitter:card\" content=\"summary_large_image\" \/>\n<meta name=\"twitter:creator\" content=\"@HOJASSUELTAS22\" \/>\n<meta name=\"twitter:site\" content=\"@HOJASSUELTAS22\" \/>\n<meta name=\"twitter:label1\" content=\"Escrito por\" \/>\n\t<meta name=\"twitter:data1\" content=\"Redacci\u00f3n\" \/>\n\t<meta name=\"twitter:label2\" content=\"Tiempo de lectura\" \/>\n\t<meta name=\"twitter:data2\" content=\"2 minutos\" \/>\n<script type=\"application\/ld+json\" class=\"yoast-schema-graph\">{\"@context\":\"https:\\\/\\\/schema.org\",\"@graph\":[{\"@type\":[\"Article\",\"BlogPosting\"],\"@id\":\"https:\\\/\\\/hojassueltas.es\\\/?p=16916#article\",\"isPartOf\":{\"@id\":\"https:\\\/\\\/hojassueltas.es\\\/?p=16916\"},\"author\":{\"name\":\"Redacci\u00f3n\",\"@id\":\"https:\\\/\\\/hojassueltas.es\\\/#\\\/schema\\\/person\\\/f232bbdb834c61c90aff2245daa401c0\"},\"headline\":\"Lo que habita en los sue\u00f1os &#8211; Las sombras de Ava\",\"datePublished\":\"2025-01-11T23:00:37+00:00\",\"dateModified\":\"2025-10-18T09:02:18+00:00\",\"mainEntityOfPage\":{\"@id\":\"https:\\\/\\\/hojassueltas.es\\\/?p=16916\"},\"wordCount\":292,\"commentCount\":0,\"publisher\":{\"@id\":\"https:\\\/\\\/hojassueltas.es\\\/#organization\"},\"image\":{\"@id\":\"https:\\\/\\\/hojassueltas.es\\\/?p=16916#primaryimage\"},\"thumbnailUrl\":\"https:\\\/\\\/hojassueltas.es\\\/wp-content\\\/uploads\\\/2025\\\/01\\\/Lo-que-habita-en-los-suelos_HS.png\",\"keywords\":[\"Destino Editorial\",\"Nagore Su\u00e1rez\"],\"articleSection\":[\"POR QU\u00c9 LEER...\"],\"inLanguage\":\"es\",\"potentialAction\":[{\"@type\":\"CommentAction\",\"name\":\"Comment\",\"target\":[\"https:\\\/\\\/hojassueltas.es\\\/?p=16916#respond\"]}]},{\"@type\":\"WebPage\",\"@id\":\"https:\\\/\\\/hojassueltas.es\\\/?p=16916\",\"url\":\"https:\\\/\\\/hojassueltas.es\\\/?p=16916\",\"name\":\"Lo que habita en los sue\u00f1os - Las sombras de Ava | HOJAS SUELTAS Peri\u00f3dico Cultural\",\"isPartOf\":{\"@id\":\"https:\\\/\\\/hojassueltas.es\\\/#website\"},\"primaryImageOfPage\":{\"@id\":\"https:\\\/\\\/hojassueltas.es\\\/?p=16916#primaryimage\"},\"image\":{\"@id\":\"https:\\\/\\\/hojassueltas.es\\\/?p=16916#primaryimage\"},\"thumbnailUrl\":\"https:\\\/\\\/hojassueltas.es\\\/wp-content\\\/uploads\\\/2025\\\/01\\\/Lo-que-habita-en-los-suelos_HS.png\",\"datePublished\":\"2025-01-11T23:00:37+00:00\",\"dateModified\":\"2025-10-18T09:02:18+00:00\",\"description\":\"SUSPENSE: Secretos, arte y misterio entre Florencia y San Sebasti\u00e1n\",\"breadcrumb\":{\"@id\":\"https:\\\/\\\/hojassueltas.es\\\/?p=16916#breadcrumb\"},\"inLanguage\":\"es\",\"potentialAction\":[{\"@type\":\"ReadAction\",\"target\":[\"https:\\\/\\\/hojassueltas.es\\\/?p=16916\"]}]},{\"@type\":\"ImageObject\",\"inLanguage\":\"es\",\"@id\":\"https:\\\/\\\/hojassueltas.es\\\/?p=16916#primaryimage\",\"url\":\"https:\\\/\\\/hojassueltas.es\\\/wp-content\\\/uploads\\\/2025\\\/01\\\/Lo-que-habita-en-los-suelos_HS.png\",\"contentUrl\":\"https:\\\/\\\/hojassueltas.es\\\/wp-content\\\/uploads\\\/2025\\\/01\\\/Lo-que-habita-en-los-suelos_HS.png\",\"width\":1050,\"height\":610},{\"@type\":\"BreadcrumbList\",\"@id\":\"https:\\\/\\\/hojassueltas.es\\\/?p=16916#breadcrumb\",\"itemListElement\":[{\"@type\":\"ListItem\",\"position\":1,\"name\":\"Portada\",\"item\":\"https:\\\/\\\/hojassueltas.es\\\/\"},{\"@type\":\"ListItem\",\"position\":2,\"name\":\"Lo que habita en los sue\u00f1os &#8211; Las sombras de Ava\"}]},{\"@type\":\"WebSite\",\"@id\":\"https:\\\/\\\/hojassueltas.es\\\/#website\",\"url\":\"https:\\\/\\\/hojassueltas.es\\\/\",\"name\":\"HojasSueltas.es\",\"description\":\"GRANADA - Peri\u00f3dico Cultural\",\"publisher\":{\"@id\":\"https:\\\/\\\/hojassueltas.es\\\/#organization\"},\"alternateName\":\"H.S. Periodico Cultural\",\"potentialAction\":[{\"@type\":\"SearchAction\",\"target\":{\"@type\":\"EntryPoint\",\"urlTemplate\":\"https:\\\/\\\/hojassueltas.es\\\/?s={search_term_string}\"},\"query-input\":{\"@type\":\"PropertyValueSpecification\",\"valueRequired\":true,\"valueName\":\"search_term_string\"}}],\"inLanguage\":\"es\"},{\"@type\":\"Organization\",\"@id\":\"https:\\\/\\\/hojassueltas.es\\\/#organization\",\"name\":\"HOJAS SUELTAS - Peri\u00f3dico Cultural\",\"alternateName\":\"HS - HOJAS SUELTAS Peri\u00f3dico Cultural\",\"url\":\"https:\\\/\\\/hojassueltas.es\\\/\",\"logo\":{\"@type\":\"ImageObject\",\"inLanguage\":\"es\",\"@id\":\"https:\\\/\\\/hojassueltas.es\\\/#\\\/schema\\\/logo\\\/image\\\/\",\"url\":\"https:\\\/\\\/hojassueltas.es\\\/wp-content\\\/uploads\\\/2025\\\/08\\\/Icono-HS_2.png\",\"contentUrl\":\"https:\\\/\\\/hojassueltas.es\\\/wp-content\\\/uploads\\\/2025\\\/08\\\/Icono-HS_2.png\",\"width\":500,\"height\":500,\"caption\":\"HOJAS SUELTAS - Peri\u00f3dico Cultural\"},\"image\":{\"@id\":\"https:\\\/\\\/hojassueltas.es\\\/#\\\/schema\\\/logo\\\/image\\\/\"},\"sameAs\":[\"https:\\\/\\\/x.com\\\/HOJASSUELTAS22\"]},{\"@type\":\"Person\",\"@id\":\"https:\\\/\\\/hojassueltas.es\\\/#\\\/schema\\\/person\\\/f232bbdb834c61c90aff2245daa401c0\",\"name\":\"Redacci\u00f3n\",\"image\":{\"@type\":\"ImageObject\",\"inLanguage\":\"es\",\"@id\":\"https:\\\/\\\/hojassueltas.es\\\/wp-content\\\/uploads\\\/2026\\\/02\\\/Redaccion-2-96x96.png\",\"url\":\"https:\\\/\\\/hojassueltas.es\\\/wp-content\\\/uploads\\\/2026\\\/02\\\/Redaccion-2-96x96.png\",\"contentUrl\":\"https:\\\/\\\/hojassueltas.es\\\/wp-content\\\/uploads\\\/2026\\\/02\\\/Redaccion-2-96x96.png\",\"caption\":\"Redacci\u00f3n\"},\"description\":\"Redacci\u00f3n de HOJAS SUELTAS\",\"url\":\"https:\\\/\\\/hojassueltas.es\\\/?author=1\"}]}<\/script>\n<!-- \/ Yoast SEO plugin. -->","yoast_head_json":{"title":"Lo que habita en los sue\u00f1os - Las sombras de Ava | HOJAS SUELTAS Peri\u00f3dico Cultural","description":"SUSPENSE: Secretos, arte y misterio entre Florencia y San Sebasti\u00e1n","robots":{"index":"index","follow":"follow","max-snippet":"max-snippet:-1","max-image-preview":"max-image-preview:large","max-video-preview":"max-video-preview:-1"},"canonical":"https:\/\/hojassueltas.es\/?p=16916","og_locale":"es_ES","og_type":"article","og_title":"Lo que habita en los sue\u00f1os - Las sombras de Ava | HOJAS SUELTAS Peri\u00f3dico Cultural","og_description":"SUSPENSE: Secretos, arte y misterio entre Florencia y San Sebasti\u00e1n","og_url":"https:\/\/hojassueltas.es\/?p=16916","og_site_name":"HOJAS SUELTAS Peri\u00f3dico Cultural","article_published_time":"2025-01-11T23:00:37+00:00","article_modified_time":"2025-10-18T09:02:18+00:00","og_image":[{"width":1050,"height":610,"url":"https:\/\/hojassueltas.es\/wp-content\/uploads\/2025\/01\/Lo-que-habita-en-los-suelos_HS.png","type":"image\/png"}],"author":"Redacci\u00f3n","twitter_card":"summary_large_image","twitter_creator":"@HOJASSUELTAS22","twitter_site":"@HOJASSUELTAS22","twitter_misc":{"Escrito por":"Redacci\u00f3n","Tiempo de lectura":"2 minutos"},"schema":{"@context":"https:\/\/schema.org","@graph":[{"@type":["Article","BlogPosting"],"@id":"https:\/\/hojassueltas.es\/?p=16916#article","isPartOf":{"@id":"https:\/\/hojassueltas.es\/?p=16916"},"author":{"name":"Redacci\u00f3n","@id":"https:\/\/hojassueltas.es\/#\/schema\/person\/f232bbdb834c61c90aff2245daa401c0"},"headline":"Lo que habita en los sue\u00f1os &#8211; Las sombras de Ava","datePublished":"2025-01-11T23:00:37+00:00","dateModified":"2025-10-18T09:02:18+00:00","mainEntityOfPage":{"@id":"https:\/\/hojassueltas.es\/?p=16916"},"wordCount":292,"commentCount":0,"publisher":{"@id":"https:\/\/hojassueltas.es\/#organization"},"image":{"@id":"https:\/\/hojassueltas.es\/?p=16916#primaryimage"},"thumbnailUrl":"https:\/\/hojassueltas.es\/wp-content\/uploads\/2025\/01\/Lo-que-habita-en-los-suelos_HS.png","keywords":["Destino Editorial","Nagore Su\u00e1rez"],"articleSection":["POR QU\u00c9 LEER..."],"inLanguage":"es","potentialAction":[{"@type":"CommentAction","name":"Comment","target":["https:\/\/hojassueltas.es\/?p=16916#respond"]}]},{"@type":"WebPage","@id":"https:\/\/hojassueltas.es\/?p=16916","url":"https:\/\/hojassueltas.es\/?p=16916","name":"Lo que habita en los sue\u00f1os - Las sombras de Ava | HOJAS SUELTAS Peri\u00f3dico Cultural","isPartOf":{"@id":"https:\/\/hojassueltas.es\/#website"},"primaryImageOfPage":{"@id":"https:\/\/hojassueltas.es\/?p=16916#primaryimage"},"image":{"@id":"https:\/\/hojassueltas.es\/?p=16916#primaryimage"},"thumbnailUrl":"https:\/\/hojassueltas.es\/wp-content\/uploads\/2025\/01\/Lo-que-habita-en-los-suelos_HS.png","datePublished":"2025-01-11T23:00:37+00:00","dateModified":"2025-10-18T09:02:18+00:00","description":"SUSPENSE: Secretos, arte y misterio entre Florencia y San Sebasti\u00e1n","breadcrumb":{"@id":"https:\/\/hojassueltas.es\/?p=16916#breadcrumb"},"inLanguage":"es","potentialAction":[{"@type":"ReadAction","target":["https:\/\/hojassueltas.es\/?p=16916"]}]},{"@type":"ImageObject","inLanguage":"es","@id":"https:\/\/hojassueltas.es\/?p=16916#primaryimage","url":"https:\/\/hojassueltas.es\/wp-content\/uploads\/2025\/01\/Lo-que-habita-en-los-suelos_HS.png","contentUrl":"https:\/\/hojassueltas.es\/wp-content\/uploads\/2025\/01\/Lo-que-habita-en-los-suelos_HS.png","width":1050,"height":610},{"@type":"BreadcrumbList","@id":"https:\/\/hojassueltas.es\/?p=16916#breadcrumb","itemListElement":[{"@type":"ListItem","position":1,"name":"Portada","item":"https:\/\/hojassueltas.es\/"},{"@type":"ListItem","position":2,"name":"Lo que habita en los sue\u00f1os &#8211; Las sombras de Ava"}]},{"@type":"WebSite","@id":"https:\/\/hojassueltas.es\/#website","url":"https:\/\/hojassueltas.es\/","name":"HojasSueltas.es","description":"GRANADA - Peri\u00f3dico Cultural","publisher":{"@id":"https:\/\/hojassueltas.es\/#organization"},"alternateName":"H.S. Periodico Cultural","potentialAction":[{"@type":"SearchAction","target":{"@type":"EntryPoint","urlTemplate":"https:\/\/hojassueltas.es\/?s={search_term_string}"},"query-input":{"@type":"PropertyValueSpecification","valueRequired":true,"valueName":"search_term_string"}}],"inLanguage":"es"},{"@type":"Organization","@id":"https:\/\/hojassueltas.es\/#organization","name":"HOJAS SUELTAS - Peri\u00f3dico Cultural","alternateName":"HS - HOJAS SUELTAS Peri\u00f3dico Cultural","url":"https:\/\/hojassueltas.es\/","logo":{"@type":"ImageObject","inLanguage":"es","@id":"https:\/\/hojassueltas.es\/#\/schema\/logo\/image\/","url":"https:\/\/hojassueltas.es\/wp-content\/uploads\/2025\/08\/Icono-HS_2.png","contentUrl":"https:\/\/hojassueltas.es\/wp-content\/uploads\/2025\/08\/Icono-HS_2.png","width":500,"height":500,"caption":"HOJAS SUELTAS - Peri\u00f3dico Cultural"},"image":{"@id":"https:\/\/hojassueltas.es\/#\/schema\/logo\/image\/"},"sameAs":["https:\/\/x.com\/HOJASSUELTAS22"]},{"@type":"Person","@id":"https:\/\/hojassueltas.es\/#\/schema\/person\/f232bbdb834c61c90aff2245daa401c0","name":"Redacci\u00f3n","image":{"@type":"ImageObject","inLanguage":"es","@id":"https:\/\/hojassueltas.es\/wp-content\/uploads\/2026\/02\/Redaccion-2-96x96.png","url":"https:\/\/hojassueltas.es\/wp-content\/uploads\/2026\/02\/Redaccion-2-96x96.png","contentUrl":"https:\/\/hojassueltas.es\/wp-content\/uploads\/2026\/02\/Redaccion-2-96x96.png","caption":"Redacci\u00f3n"},"description":"Redacci\u00f3n de HOJAS SUELTAS","url":"https:\/\/hojassueltas.es\/?author=1"}]}},"_links":{"self":[{"href":"https:\/\/hojassueltas.es\/index.php?rest_route=\/wp\/v2\/posts\/16916","targetHints":{"allow":["GET"]}}],"collection":[{"href":"https:\/\/hojassueltas.es\/index.php?rest_route=\/wp\/v2\/posts"}],"about":[{"href":"https:\/\/hojassueltas.es\/index.php?rest_route=\/wp\/v2\/types\/post"}],"author":[{"embeddable":true,"href":"https:\/\/hojassueltas.es\/index.php?rest_route=\/wp\/v2\/users\/1"}],"replies":[{"embeddable":true,"href":"https:\/\/hojassueltas.es\/index.php?rest_route=%2Fwp%2Fv2%2Fcomments&post=16916"}],"version-history":[{"count":1,"href":"https:\/\/hojassueltas.es\/index.php?rest_route=\/wp\/v2\/posts\/16916\/revisions"}],"predecessor-version":[{"id":16918,"href":"https:\/\/hojassueltas.es\/index.php?rest_route=\/wp\/v2\/posts\/16916\/revisions\/16918"}],"wp:featuredmedia":[{"embeddable":true,"href":"https:\/\/hojassueltas.es\/index.php?rest_route=\/wp\/v2\/media\/16917"}],"wp:attachment":[{"href":"https:\/\/hojassueltas.es\/index.php?rest_route=%2Fwp%2Fv2%2Fmedia&parent=16916"}],"wp:term":[{"taxonomy":"category","embeddable":true,"href":"https:\/\/hojassueltas.es\/index.php?rest_route=%2Fwp%2Fv2%2Fcategories&post=16916"},{"taxonomy":"post_tag","embeddable":true,"href":"https:\/\/hojassueltas.es\/index.php?rest_route=%2Fwp%2Fv2%2Ftags&post=16916"}],"curies":[{"name":"wp","href":"https:\/\/api.w.org\/{rel}","templated":true}]}}