{"id":16835,"date":"2025-01-07T00:00:25","date_gmt":"2025-01-06T23:00:25","guid":{"rendered":"https:\/\/hojassueltas.es\/?p=16835"},"modified":"2026-03-07T18:47:32","modified_gmt":"2026-03-07T16:47:32","slug":"el-hombre-de-los-circulos-azules-fred-vargas","status":"publish","type":"post","link":"https:\/\/hojassueltas.es\/?p=16835","title":{"rendered":"El hombre de los c\u00edrculos azules &#8211; Fred Vargas 01"},"content":{"rendered":"<p style=\"text-align: justify;\"><em>El hombre de los c\u00edrculos azules<\/em> (1991) marca el inicio de la c\u00e9lebre serie protagonizada por el comisario Jean-Baptiste Adamsberg, creado por la escritora francesa Fred Vargas. Esta novela combina elementos del g\u00e9nero negro con un estilo literario \u00fanico, cargado de enigmas y personajes exc\u00e9ntricos. Vargas se posiciona como una autora capaz de trascender las convenciones del g\u00e9nero, brindando una narrativa que mezcla el suspenso policial con reflexiones filos\u00f3ficas y toques de humor sutil.<\/p>\n<h3>Sinopsis<\/h3>\n<p style=\"text-align: justify;\">Desde hace meses, en las calles de Par\u00eds aparecen misteriosos c\u00edrculos dibujados con tiza azul alrededor de objetos cotidianos: un vaso roto, una mu\u00f1eca olvidada, una colilla. Dentro de cada c\u00edrculo, un mensaje inquietante: \u00abVictor, mala suerte\u00bb. Aunque inicialmente parece un juego exc\u00e9ntrico, el asunto toma un giro siniestro cuando dentro de uno de estos c\u00edrculos aparece un cad\u00e1ver. El comisario Adamsberg, reci\u00e9n llegado a la capital, enfrenta su primer gran caso en la ciudad. Con su peculiar m\u00e9todo basado en la intuici\u00f3n y la observaci\u00f3n, se embarca en una investigaci\u00f3n que lo llevar\u00e1 a descubrir secretos insospechados.<\/p>\n<p style=\"text-align: justify;\">La obra se organiza de manera lineal, con un desarrollo que progresa junto a los descubrimientos del comisario Adamsberg. Aunque la estructura parece sencilla, Vargas introduce numerosos elementos que desaf\u00edan al lector: cambios en el enfoque narrativo, personajes que aportan perspectivas alternativas y un constante juego entre la tensi\u00f3n y el alivio c\u00f3mico. La autora evita el uso de cap\u00edtulos largos, favoreciendo escenas din\u00e1micas que mantienen el ritmo y la atenci\u00f3n del lector.<\/p>\n<p style=\"text-align: justify;\">El comisario Adamsberg es el centro de la narraci\u00f3n. Vargas lo retrata como un antih\u00e9roe: introspectivo, aparentemente disperso, pero con una capacidad excepcional para descifrar patrones ocultos. Frente a \u00e9l, el inspector Danglard, su contrapunto, representa la l\u00f3gica y el rigor acad\u00e9mico. Juntos forman un d\u00fao que refleja el contraste entre la intuici\u00f3n y el m\u00e9todo deductivo. Los personajes secundarios, como Mathilde, una ocean\u00f3grafa obsesionada con la observaci\u00f3n, enriquecen la trama con sus idiosincrasias y aportan profundidad al universo creado por Vargas.<\/p>\n<p style=\"text-align: justify;\">Fred Vargas adopta una voz narrativa en tercera persona que equilibra la omnisciencia con momentos de intimidad psicol\u00f3gica. Su estilo se caracteriza por descripciones po\u00e9ticas, di\u00e1logos cargados de iron\u00eda y una atenci\u00f3n meticulosa a los detalles cotidianos. Los di\u00e1logos son especialmente efectivos para revelar la personalidad de los personajes y sus relaciones, mientras que las descripciones urbanas convierten a Par\u00eds en un protagonista m\u00e1s de la novela.<\/p>\n<p style=\"text-align: justify;\">La obra se inscribe dentro del renacimiento del g\u00e9nero policial franc\u00e9s en los a\u00f1os 90, diferenci\u00e1ndose por su apuesta por la profundidad psicol\u00f3gica y la riqueza literaria. Vargas, arque\u00f3loga de formaci\u00f3n, aporta un enfoque distintivo que combina el rigor del an\u00e1lisis hist\u00f3rico con una visi\u00f3n cr\u00edtica de la sociedad contempor\u00e1nea. Adem\u00e1s, la novela se inserta en una tradici\u00f3n literaria que dialoga con los grandes nombres del g\u00e9nero negro, como Simenon, pero tambi\u00e9n con referentes internacionales como Agatha Christie y Arthur<\/p>\n<p style=\"text-align: justify;\">Entre los temas centrales de la novela destacan la soledad, la obsesi\u00f3n y la complejidad de la naturaleza humana. Los c\u00edrculos azules, m\u00e1s all\u00e1 de ser un simple recurso narrativo, funcionan como un s\u00edmbolo de orden dentro del caos, un intento fallido de controlar lo incontrolable. La recurrente referencia al azar y la fortuna invita al lector a reflexionar sobre el papel de lo impredecible en la vida cotidiana.<\/p>\n<p style=\"text-align: justify;\"><em>El hombre de los c\u00edrculos azules<\/em> es una obra que trasciende el g\u00e9nero policial. Vargas logra una narrativa envolvente, donde el misterio se convierte en un pretexto para explorar las contradicciones humanas. Aunque la resoluci\u00f3n del caso puede parecer menos impactante que la construcci\u00f3n del suspense, el verdadero valor de la novela radica en la riqueza de sus personajes y su atm\u00f3sfera. Vargas consigue un equilibrio perfecto entre la intriga y la introspecci\u00f3n, convirtiendo esta obra en un referente imprescindible para los amantes del g\u00e9nero.<\/p>\n<h3 style=\"text-align: justify;\">Sobre la autora<\/h3>\n<p style=\"text-align: justify;\">Fred Vargas, pseud\u00f3nimo de Fr\u00e9d\u00e9rique Audoin-Rouzeau, naci\u00f3 en Par\u00eds en 1957. Es arque\u00f3loga e historiadora especializada en Edad Media, facetas que enriquecen su escritura. Entre sus obras m\u00e1s destacadas se encuentran <em>Huye r\u00e1pido, vete lejos<\/em> (2001) y <em>El hombre del rev\u00e9s<\/em> (1999), ambas protagonizadas por Adamsberg. Vargas ha recibido numerosos galardones, incluido el prestigioso Premio Princesa de Asturias de las Letras en 2018.<\/p>\n<p>Leer primeras p\u00e1ginas<\/p>\n<table style=\"border-collapse: collapse; width: 100%;\">\n<tbody>\n<tr>\n<td style=\"width: 13.0747%;\"><\/td>\n<td style=\"width: 86.9253%;\">[pdf-embedder url=\u00bbhttps:\/\/hojassueltas.es\/wp-content\/uploads\/2025\/01\/El_hombre_de_los_circulos_azules_BFV.pdf\u00bb]<\/td>\n<\/tr>\n<\/tbody>\n<\/table>\n<p>&nbsp;<\/p>\n<p><span style=\"font-family: impact, sans-serif;\">-Siruela Editores-<\/span><\/p>\n<p><span style=\"font-family: impact, sans-serif;\">\u2014 Redacci\u00f3n \u2014<\/span><\/p>\n","protected":false},"excerpt":{"rendered":"<p>El hombre de los c\u00edrculos azules (1991) marca el inicio de la c\u00e9lebre serie protagonizada por el comisario Jean-Baptiste Adamsberg, creado por la escritora francesa Fred Vargas. Esta novela combina elementos del g\u00e9nero negro con un estilo literario \u00fanico, cargado de enigmas y personajes exc\u00e9ntricos. Vargas se posiciona como una autora capaz de trascender las [&hellip;]<\/p>\n","protected":false},"author":94,"featured_media":16838,"comment_status":"open","ping_status":"closed","sticky":false,"template":"","format":"standard","meta":{"footnotes":""},"categories":[2200],"tags":[692,2911],"class_list":{"0":"post-16835","1":"post","2":"type-post","3":"status-publish","4":"format-standard","5":"has-post-thumbnail","7":"category-fred-vargas","8":"tag-fred-vargas","9":"tag-novela-negra"},"yoast_head":"<!-- This site is optimized with the Yoast SEO plugin v27.5 - https:\/\/yoast.com\/product\/yoast-seo-wordpress\/ -->\n<title>El hombre de los c\u00edrculos azules - Fred Vargas 01 | HOJAS SUELTAS Peri\u00f3dico Cultural<\/title>\n<meta name=\"description\" content=\"CL\u00c1SICOS DE LA NOVELA NEGRA: El hombre de los c\u00edrculos azules (1991) marca el inicio de la c\u00e9lebre serie protagonizada por el comisario Jean-Baptiste Adamsberg\" \/>\n<meta name=\"robots\" content=\"index, follow, max-snippet:-1, max-image-preview:large, max-video-preview:-1\" \/>\n<link rel=\"canonical\" href=\"https:\/\/hojassueltas.es\/?p=16835\" \/>\n<meta property=\"og:locale\" content=\"es_ES\" \/>\n<meta property=\"og:type\" content=\"article\" \/>\n<meta property=\"og:title\" content=\"El hombre de los c\u00edrculos azules - Fred Vargas 01 | HOJAS SUELTAS Peri\u00f3dico Cultural\" \/>\n<meta property=\"og:description\" content=\"CL\u00c1SICOS DE LA NOVELA NEGRA: El hombre de los c\u00edrculos azules (1991) marca el inicio de la c\u00e9lebre serie protagonizada por el comisario Jean-Baptiste Adamsberg\" \/>\n<meta property=\"og:url\" content=\"https:\/\/hojassueltas.es\/?p=16835\" \/>\n<meta property=\"og:site_name\" content=\"HOJAS SUELTAS Peri\u00f3dico Cultural\" \/>\n<meta property=\"article:published_time\" content=\"2025-01-06T23:00:25+00:00\" \/>\n<meta property=\"article:modified_time\" content=\"2026-03-07T16:47:32+00:00\" \/>\n<meta property=\"og:image\" content=\"https:\/\/hojassueltas.es\/wp-content\/uploads\/2025\/01\/El-hombre-de-los-circulos-aules_HS.png\" \/>\n\t<meta property=\"og:image:width\" content=\"1050\" \/>\n\t<meta property=\"og:image:height\" content=\"610\" \/>\n\t<meta property=\"og:image:type\" content=\"image\/png\" \/>\n<meta name=\"author\" content=\"Punto y Seguido - Marcos G\u00f3mez-Puertas\" \/>\n<meta name=\"twitter:card\" content=\"summary_large_image\" \/>\n<meta name=\"twitter:creator\" content=\"@HOJASSUELTAS22\" \/>\n<meta name=\"twitter:site\" content=\"@HOJASSUELTAS22\" \/>\n<meta name=\"twitter:label1\" content=\"Escrito por\" \/>\n\t<meta name=\"twitter:data1\" content=\"Punto y Seguido - Marcos G\u00f3mez-Puertas\" \/>\n\t<meta name=\"twitter:label2\" content=\"Tiempo de lectura\" \/>\n\t<meta name=\"twitter:data2\" content=\"4 minutos\" \/>\n<script type=\"application\/ld+json\" class=\"yoast-schema-graph\">{\"@context\":\"https:\\\/\\\/schema.org\",\"@graph\":[{\"@type\":[\"Article\",\"BlogPosting\"],\"@id\":\"https:\\\/\\\/hojassueltas.es\\\/?p=16835#article\",\"isPartOf\":{\"@id\":\"https:\\\/\\\/hojassueltas.es\\\/?p=16835\"},\"author\":{\"name\":\"Punto y Seguido - Marcos G\u00f3mez-Puertas\",\"@id\":\"https:\\\/\\\/hojassueltas.es\\\/#\\\/schema\\\/person\\\/74898c937e096a898bdf112cf2f94879\"},\"headline\":\"El hombre de los c\u00edrculos azules &#8211; Fred Vargas 01\",\"datePublished\":\"2025-01-06T23:00:25+00:00\",\"dateModified\":\"2026-03-07T16:47:32+00:00\",\"mainEntityOfPage\":{\"@id\":\"https:\\\/\\\/hojassueltas.es\\\/?p=16835\"},\"wordCount\":799,\"commentCount\":0,\"publisher\":{\"@id\":\"https:\\\/\\\/hojassueltas.es\\\/#organization\"},\"image\":{\"@id\":\"https:\\\/\\\/hojassueltas.es\\\/?p=16835#primaryimage\"},\"thumbnailUrl\":\"https:\\\/\\\/hojassueltas.es\\\/wp-content\\\/uploads\\\/2025\\\/01\\\/El-hombre-de-los-circulos-aules_HS.png\",\"keywords\":[\"Fred Vargas\",\"Novela Negra\"],\"articleSection\":[\"Fred Vargas\"],\"inLanguage\":\"es\",\"potentialAction\":[{\"@type\":\"CommentAction\",\"name\":\"Comment\",\"target\":[\"https:\\\/\\\/hojassueltas.es\\\/?p=16835#respond\"]}]},{\"@type\":\"WebPage\",\"@id\":\"https:\\\/\\\/hojassueltas.es\\\/?p=16835\",\"url\":\"https:\\\/\\\/hojassueltas.es\\\/?p=16835\",\"name\":\"El hombre de los c\u00edrculos azules - Fred Vargas 01 | HOJAS SUELTAS Peri\u00f3dico Cultural\",\"isPartOf\":{\"@id\":\"https:\\\/\\\/hojassueltas.es\\\/#website\"},\"primaryImageOfPage\":{\"@id\":\"https:\\\/\\\/hojassueltas.es\\\/?p=16835#primaryimage\"},\"image\":{\"@id\":\"https:\\\/\\\/hojassueltas.es\\\/?p=16835#primaryimage\"},\"thumbnailUrl\":\"https:\\\/\\\/hojassueltas.es\\\/wp-content\\\/uploads\\\/2025\\\/01\\\/El-hombre-de-los-circulos-aules_HS.png\",\"datePublished\":\"2025-01-06T23:00:25+00:00\",\"dateModified\":\"2026-03-07T16:47:32+00:00\",\"description\":\"CL\u00c1SICOS DE LA NOVELA NEGRA: El hombre de los c\u00edrculos azules (1991) marca el inicio de la c\u00e9lebre serie protagonizada por el comisario Jean-Baptiste Adamsberg\",\"breadcrumb\":{\"@id\":\"https:\\\/\\\/hojassueltas.es\\\/?p=16835#breadcrumb\"},\"inLanguage\":\"es\",\"potentialAction\":[{\"@type\":\"ReadAction\",\"target\":[\"https:\\\/\\\/hojassueltas.es\\\/?p=16835\"]}]},{\"@type\":\"ImageObject\",\"inLanguage\":\"es\",\"@id\":\"https:\\\/\\\/hojassueltas.es\\\/?p=16835#primaryimage\",\"url\":\"https:\\\/\\\/hojassueltas.es\\\/wp-content\\\/uploads\\\/2025\\\/01\\\/El-hombre-de-los-circulos-aules_HS.png\",\"contentUrl\":\"https:\\\/\\\/hojassueltas.es\\\/wp-content\\\/uploads\\\/2025\\\/01\\\/El-hombre-de-los-circulos-aules_HS.png\",\"width\":1050,\"height\":610},{\"@type\":\"BreadcrumbList\",\"@id\":\"https:\\\/\\\/hojassueltas.es\\\/?p=16835#breadcrumb\",\"itemListElement\":[{\"@type\":\"ListItem\",\"position\":1,\"name\":\"Portada\",\"item\":\"https:\\\/\\\/hojassueltas.es\\\/\"},{\"@type\":\"ListItem\",\"position\":2,\"name\":\"El hombre de los c\u00edrculos azules &#8211; Fred Vargas 01\"}]},{\"@type\":\"WebSite\",\"@id\":\"https:\\\/\\\/hojassueltas.es\\\/#website\",\"url\":\"https:\\\/\\\/hojassueltas.es\\\/\",\"name\":\"HojasSueltas.es\",\"description\":\"GRANADA - Peri\u00f3dico Cultural\",\"publisher\":{\"@id\":\"https:\\\/\\\/hojassueltas.es\\\/#organization\"},\"alternateName\":\"H.S. Periodico Cultural\",\"potentialAction\":[{\"@type\":\"SearchAction\",\"target\":{\"@type\":\"EntryPoint\",\"urlTemplate\":\"https:\\\/\\\/hojassueltas.es\\\/?s={search_term_string}\"},\"query-input\":{\"@type\":\"PropertyValueSpecification\",\"valueRequired\":true,\"valueName\":\"search_term_string\"}}],\"inLanguage\":\"es\"},{\"@type\":\"Organization\",\"@id\":\"https:\\\/\\\/hojassueltas.es\\\/#organization\",\"name\":\"HOJAS SUELTAS - Peri\u00f3dico Cultural\",\"alternateName\":\"HS - HOJAS SUELTAS Peri\u00f3dico Cultural\",\"url\":\"https:\\\/\\\/hojassueltas.es\\\/\",\"logo\":{\"@type\":\"ImageObject\",\"inLanguage\":\"es\",\"@id\":\"https:\\\/\\\/hojassueltas.es\\\/#\\\/schema\\\/logo\\\/image\\\/\",\"url\":\"https:\\\/\\\/hojassueltas.es\\\/wp-content\\\/uploads\\\/2025\\\/08\\\/Icono-HS_2.png\",\"contentUrl\":\"https:\\\/\\\/hojassueltas.es\\\/wp-content\\\/uploads\\\/2025\\\/08\\\/Icono-HS_2.png\",\"width\":500,\"height\":500,\"caption\":\"HOJAS SUELTAS - Peri\u00f3dico Cultural\"},\"image\":{\"@id\":\"https:\\\/\\\/hojassueltas.es\\\/#\\\/schema\\\/logo\\\/image\\\/\"},\"sameAs\":[\"https:\\\/\\\/x.com\\\/HOJASSUELTAS22\"]},{\"@type\":\"Person\",\"@id\":\"https:\\\/\\\/hojassueltas.es\\\/#\\\/schema\\\/person\\\/74898c937e096a898bdf112cf2f94879\",\"name\":\"Punto y Seguido - Marcos G\u00f3mez-Puertas\",\"image\":{\"@type\":\"ImageObject\",\"inLanguage\":\"es\",\"@id\":\"https:\\\/\\\/hojassueltas.es\\\/wp-content\\\/uploads\\\/2026\\\/02\\\/Marcos-Gomez-Puertas_3-96x96.png\",\"url\":\"https:\\\/\\\/hojassueltas.es\\\/wp-content\\\/uploads\\\/2026\\\/02\\\/Marcos-Gomez-Puertas_3-96x96.png\",\"contentUrl\":\"https:\\\/\\\/hojassueltas.es\\\/wp-content\\\/uploads\\\/2026\\\/02\\\/Marcos-Gomez-Puertas_3-96x96.png\",\"caption\":\"Punto y Seguido - Marcos G\u00f3mez-Puertas\"},\"description\":\"Toledano. Psicologo. Escritor bajo seud\u00f3nimo de novelas de g\u00e9nero negro y suspense. Asiste, cuando su profesi\u00f3n se lo permite, a festivales noir. Lector apasionado, rese\u00f1a novelas de vez en cuando.\",\"url\":\"https:\\\/\\\/hojassueltas.es\\\/?author=94\"}]}<\/script>\n<!-- \/ Yoast SEO plugin. -->","yoast_head_json":{"title":"El hombre de los c\u00edrculos azules - Fred Vargas 01 | HOJAS SUELTAS Peri\u00f3dico Cultural","description":"CL\u00c1SICOS DE LA NOVELA NEGRA: El hombre de los c\u00edrculos azules (1991) marca el inicio de la c\u00e9lebre serie protagonizada por el comisario Jean-Baptiste Adamsberg","robots":{"index":"index","follow":"follow","max-snippet":"max-snippet:-1","max-image-preview":"max-image-preview:large","max-video-preview":"max-video-preview:-1"},"canonical":"https:\/\/hojassueltas.es\/?p=16835","og_locale":"es_ES","og_type":"article","og_title":"El hombre de los c\u00edrculos azules - Fred Vargas 01 | HOJAS SUELTAS Peri\u00f3dico Cultural","og_description":"CL\u00c1SICOS DE LA NOVELA NEGRA: El hombre de los c\u00edrculos azules (1991) marca el inicio de la c\u00e9lebre serie protagonizada por el comisario Jean-Baptiste Adamsberg","og_url":"https:\/\/hojassueltas.es\/?p=16835","og_site_name":"HOJAS SUELTAS Peri\u00f3dico Cultural","article_published_time":"2025-01-06T23:00:25+00:00","article_modified_time":"2026-03-07T16:47:32+00:00","og_image":[{"width":1050,"height":610,"url":"https:\/\/hojassueltas.es\/wp-content\/uploads\/2025\/01\/El-hombre-de-los-circulos-aules_HS.png","type":"image\/png"}],"author":"Punto y Seguido - Marcos G\u00f3mez-Puertas","twitter_card":"summary_large_image","twitter_creator":"@HOJASSUELTAS22","twitter_site":"@HOJASSUELTAS22","twitter_misc":{"Escrito por":"Punto y Seguido - Marcos G\u00f3mez-Puertas","Tiempo de lectura":"4 minutos"},"schema":{"@context":"https:\/\/schema.org","@graph":[{"@type":["Article","BlogPosting"],"@id":"https:\/\/hojassueltas.es\/?p=16835#article","isPartOf":{"@id":"https:\/\/hojassueltas.es\/?p=16835"},"author":{"name":"Punto y Seguido - Marcos G\u00f3mez-Puertas","@id":"https:\/\/hojassueltas.es\/#\/schema\/person\/74898c937e096a898bdf112cf2f94879"},"headline":"El hombre de los c\u00edrculos azules &#8211; Fred Vargas 01","datePublished":"2025-01-06T23:00:25+00:00","dateModified":"2026-03-07T16:47:32+00:00","mainEntityOfPage":{"@id":"https:\/\/hojassueltas.es\/?p=16835"},"wordCount":799,"commentCount":0,"publisher":{"@id":"https:\/\/hojassueltas.es\/#organization"},"image":{"@id":"https:\/\/hojassueltas.es\/?p=16835#primaryimage"},"thumbnailUrl":"https:\/\/hojassueltas.es\/wp-content\/uploads\/2025\/01\/El-hombre-de-los-circulos-aules_HS.png","keywords":["Fred Vargas","Novela Negra"],"articleSection":["Fred Vargas"],"inLanguage":"es","potentialAction":[{"@type":"CommentAction","name":"Comment","target":["https:\/\/hojassueltas.es\/?p=16835#respond"]}]},{"@type":"WebPage","@id":"https:\/\/hojassueltas.es\/?p=16835","url":"https:\/\/hojassueltas.es\/?p=16835","name":"El hombre de los c\u00edrculos azules - Fred Vargas 01 | HOJAS SUELTAS Peri\u00f3dico Cultural","isPartOf":{"@id":"https:\/\/hojassueltas.es\/#website"},"primaryImageOfPage":{"@id":"https:\/\/hojassueltas.es\/?p=16835#primaryimage"},"image":{"@id":"https:\/\/hojassueltas.es\/?p=16835#primaryimage"},"thumbnailUrl":"https:\/\/hojassueltas.es\/wp-content\/uploads\/2025\/01\/El-hombre-de-los-circulos-aules_HS.png","datePublished":"2025-01-06T23:00:25+00:00","dateModified":"2026-03-07T16:47:32+00:00","description":"CL\u00c1SICOS DE LA NOVELA NEGRA: El hombre de los c\u00edrculos azules (1991) marca el inicio de la c\u00e9lebre serie protagonizada por el comisario Jean-Baptiste Adamsberg","breadcrumb":{"@id":"https:\/\/hojassueltas.es\/?p=16835#breadcrumb"},"inLanguage":"es","potentialAction":[{"@type":"ReadAction","target":["https:\/\/hojassueltas.es\/?p=16835"]}]},{"@type":"ImageObject","inLanguage":"es","@id":"https:\/\/hojassueltas.es\/?p=16835#primaryimage","url":"https:\/\/hojassueltas.es\/wp-content\/uploads\/2025\/01\/El-hombre-de-los-circulos-aules_HS.png","contentUrl":"https:\/\/hojassueltas.es\/wp-content\/uploads\/2025\/01\/El-hombre-de-los-circulos-aules_HS.png","width":1050,"height":610},{"@type":"BreadcrumbList","@id":"https:\/\/hojassueltas.es\/?p=16835#breadcrumb","itemListElement":[{"@type":"ListItem","position":1,"name":"Portada","item":"https:\/\/hojassueltas.es\/"},{"@type":"ListItem","position":2,"name":"El hombre de los c\u00edrculos azules &#8211; Fred Vargas 01"}]},{"@type":"WebSite","@id":"https:\/\/hojassueltas.es\/#website","url":"https:\/\/hojassueltas.es\/","name":"HojasSueltas.es","description":"GRANADA - Peri\u00f3dico Cultural","publisher":{"@id":"https:\/\/hojassueltas.es\/#organization"},"alternateName":"H.S. Periodico Cultural","potentialAction":[{"@type":"SearchAction","target":{"@type":"EntryPoint","urlTemplate":"https:\/\/hojassueltas.es\/?s={search_term_string}"},"query-input":{"@type":"PropertyValueSpecification","valueRequired":true,"valueName":"search_term_string"}}],"inLanguage":"es"},{"@type":"Organization","@id":"https:\/\/hojassueltas.es\/#organization","name":"HOJAS SUELTAS - Peri\u00f3dico Cultural","alternateName":"HS - HOJAS SUELTAS Peri\u00f3dico Cultural","url":"https:\/\/hojassueltas.es\/","logo":{"@type":"ImageObject","inLanguage":"es","@id":"https:\/\/hojassueltas.es\/#\/schema\/logo\/image\/","url":"https:\/\/hojassueltas.es\/wp-content\/uploads\/2025\/08\/Icono-HS_2.png","contentUrl":"https:\/\/hojassueltas.es\/wp-content\/uploads\/2025\/08\/Icono-HS_2.png","width":500,"height":500,"caption":"HOJAS SUELTAS - Peri\u00f3dico Cultural"},"image":{"@id":"https:\/\/hojassueltas.es\/#\/schema\/logo\/image\/"},"sameAs":["https:\/\/x.com\/HOJASSUELTAS22"]},{"@type":"Person","@id":"https:\/\/hojassueltas.es\/#\/schema\/person\/74898c937e096a898bdf112cf2f94879","name":"Punto y Seguido - Marcos G\u00f3mez-Puertas","image":{"@type":"ImageObject","inLanguage":"es","@id":"https:\/\/hojassueltas.es\/wp-content\/uploads\/2026\/02\/Marcos-Gomez-Puertas_3-96x96.png","url":"https:\/\/hojassueltas.es\/wp-content\/uploads\/2026\/02\/Marcos-Gomez-Puertas_3-96x96.png","contentUrl":"https:\/\/hojassueltas.es\/wp-content\/uploads\/2026\/02\/Marcos-Gomez-Puertas_3-96x96.png","caption":"Punto y Seguido - Marcos G\u00f3mez-Puertas"},"description":"Toledano. Psicologo. Escritor bajo seud\u00f3nimo de novelas de g\u00e9nero negro y suspense. Asiste, cuando su profesi\u00f3n se lo permite, a festivales noir. Lector apasionado, rese\u00f1a novelas de vez en cuando.","url":"https:\/\/hojassueltas.es\/?author=94"}]}},"_links":{"self":[{"href":"https:\/\/hojassueltas.es\/index.php?rest_route=\/wp\/v2\/posts\/16835","targetHints":{"allow":["GET"]}}],"collection":[{"href":"https:\/\/hojassueltas.es\/index.php?rest_route=\/wp\/v2\/posts"}],"about":[{"href":"https:\/\/hojassueltas.es\/index.php?rest_route=\/wp\/v2\/types\/post"}],"author":[{"embeddable":true,"href":"https:\/\/hojassueltas.es\/index.php?rest_route=\/wp\/v2\/users\/94"}],"replies":[{"embeddable":true,"href":"https:\/\/hojassueltas.es\/index.php?rest_route=%2Fwp%2Fv2%2Fcomments&post=16835"}],"version-history":[{"count":3,"href":"https:\/\/hojassueltas.es\/index.php?rest_route=\/wp\/v2\/posts\/16835\/revisions"}],"predecessor-version":[{"id":17559,"href":"https:\/\/hojassueltas.es\/index.php?rest_route=\/wp\/v2\/posts\/16835\/revisions\/17559"}],"wp:featuredmedia":[{"embeddable":true,"href":"https:\/\/hojassueltas.es\/index.php?rest_route=\/wp\/v2\/media\/16838"}],"wp:attachment":[{"href":"https:\/\/hojassueltas.es\/index.php?rest_route=%2Fwp%2Fv2%2Fmedia&parent=16835"}],"wp:term":[{"taxonomy":"category","embeddable":true,"href":"https:\/\/hojassueltas.es\/index.php?rest_route=%2Fwp%2Fv2%2Fcategories&post=16835"},{"taxonomy":"post_tag","embeddable":true,"href":"https:\/\/hojassueltas.es\/index.php?rest_route=%2Fwp%2Fv2%2Ftags&post=16835"}],"curies":[{"name":"wp","href":"https:\/\/api.w.org\/{rel}","templated":true}]}}