{"id":16827,"date":"2025-01-07T00:00:34","date_gmt":"2025-01-06T23:00:34","guid":{"rendered":"https:\/\/hojassueltas.es\/?p=16827"},"modified":"2025-01-07T09:53:57","modified_gmt":"2025-01-07T08:53:57","slug":"la-maldicion-del-coyote","status":"publish","type":"post","link":"https:\/\/hojassueltas.es\/?p=16827","title":{"rendered":"La maldici\u00f3n del coyote"},"content":{"rendered":"<p lang=\"en-GB\" align=\"center\"><span style=\"font-family: Calibri, sans-serif;\"><span style=\"font-family: Times New Roman, serif;\"><span lang=\"es-ES\"><b>MITOS Y LEYENDAS DE LOS IK&#8217;HUE<\/b><\/span><\/span><\/span><\/p>\n<p lang=\"en-GB\" align=\"center\"><span style=\"font-family: Calibri, sans-serif;\"><span style=\"font-family: Times New Roman, serif;\"><span style=\"font-size: small;\"><span lang=\"es-ES\">Los presentes mitos y leyendas conforman el imaginario colectivo de la tribu de los <\/span><\/span><\/span><span style=\"font-family: Times New Roman, serif;\"><span style=\"font-size: small;\"><span lang=\"es-ES\"><i>Ik&#8217;hue<\/i><\/span><\/span><\/span><span style=\"font-family: Times New Roman, serif;\"><span style=\"font-size: small;\"><span lang=\"es-ES\">, una naci\u00f3n norteamericana de car\u00e1cter ficticio en la que se desarrolla la novela <\/span><\/span><\/span><span style=\"font-size: small;\"><span lang=\"es-ES\">\u00ab<\/span><\/span><span style=\"font-family: Times New Roman, serif;\"><span style=\"font-size: small;\"><span lang=\"es-ES\">Ik\u2019hue \u2013 Lazos de sangre<\/span><\/span><\/span><span style=\"font-size: small;\"><span lang=\"es-ES\">\u00bb<\/span><\/span><span style=\"font-family: Times New Roman, serif;\"><span style=\"font-size: small;\"><span lang=\"es-ES\"> (Verbum, 2024), obra del prol\u00edfico autor guipuzcoano I\u00f1aki Sainz de Murieta.<\/span><\/span><\/span><\/span><\/p>\n<hr \/>\n<p align=\"justify\"><span style=\"font-family: Times New Roman, serif;\"><span lang=\"es-ES\">Hace mucho tiempo, poco despu\u00e9s de que los animales se volviesen mortales, un oso caz\u00f3 un reno. Lo hizo para saciar el enorme apetito que lo atormentaba desde que abandon\u00f3 el lago sagrado. Tras derribarlo, desparram\u00f3 sus v\u00edsceras por la tierra y empez\u00f3 a gozar de su particular fest\u00edn, haciendo saber al resto de los presentes que no estaban invitados. L\u00f3gicamente, ninguna criatura os\u00f3 molestarlo. Nadie estaba lo suficientemente loco como para importunar a un oso hambriento.<\/span><\/span><\/p>\n<p lang=\"en-GB\" align=\"justify\"><span style=\"font-family: Calibri, sans-serif;\"><span style=\"font-family: Times New Roman, serif;\"><span lang=\"es-ES\">El enorme animal ten\u00eda la cabeza metida en la cavidad estomacal de su v\u00edctima, cuando una r\u00e1faga de viento c\u00e1lido removi\u00f3 el ambiente. Inmediatamente despu\u00e9s apareci\u00f3 un coyote, que brinc\u00f3 sobre el cad\u00e1ver y se ofreci\u00f3 al oso para ayudarle a comer tan gran pieza, pero este gru\u00f1\u00f3 y lo apart\u00f3 salvajemente haciendo uso de sus poderosas garras. El coyote rod\u00f3 malherido sobre la hierba, pero a\u00fan tuvo el coraje suficiente para maldecirlo antes de emprender la huida.<\/span><\/span><\/span><\/p>\n<p lang=\"en-GB\" align=\"justify\"><span style=\"font-family: Calibri, sans-serif;\"><span style=\"font-family: Times New Roman, serif;\"><span lang=\"es-ES\">Al atardecer, el oso cay\u00f3 profundamente dormido. Los d\u00edas transcurrieron entonces de forma ininterrumpida, sucedi\u00e9ndose uno tras otro sin que el animal fuese capaz de abrir los ojos. Despu\u00e9s, los r\u00edos se helaron y la tierra se cubri\u00f3 de nieve. Lleg\u00f3 entonces la primavera y con ella el coyote y otros animales que hab\u00edan migrado a tierras m\u00e1s c\u00e1lidas. Las tornas hab\u00edan cambiado. Mientras que el oso se hab\u00eda despertado fam\u00e9lico y exhausto, el coyote saltaba en\u00e9rgicamente sobre \u00e9l y le mord\u00eda las canillas record\u00e1ndole lo ocurrido en el pasado. As\u00ed, le hizo saber que, de entonces en adelante, desde las primeras nieves y hasta su fusi\u00f3n y el rebrotar de las plantas, el oso estar\u00eda condenado a hibernar para sobrevivir. Esa era la venganza del coyote. Pero el oso no estaba tan d\u00e9bil como aparentaba y persigui\u00f3 al coyote hasta que logr\u00f3 expulsarlo del bosque, oblig\u00e1ndolo a vagar solitario campo a trav\u00e9s, sin m\u00e1s compa\u00f1\u00eda que el sol sobre su cabeza y la tierra bajo sus pies.<\/span><\/span><\/span><\/p>\n<p lang=\"en-GB\" align=\"justify\"><span style=\"font-family: Calibri, sans-serif;\"><span style=\"font-family: Times New Roman, serif;\"><span lang=\"es-ES\">Por este y otros motivos, muchos animales desaparecen y se esconden en los m\u00e1s remotos lugares al llegar el invierno, prepar\u00e1ndose para el letargo al que se ven obligados, porque, claro est\u00e1, el coyote sigui\u00f3 maldiciendo a todos aquellos que se negaban a compartir con \u00e9l su alimento. Al fin y al cabo, mientras su competencia dorm\u00eda, \u00e9l pod\u00eda alimentarse sin mayor preocupaci\u00f3n. Ese era su mayor poder.<\/span><\/span><\/span><\/p>\n<p lang=\"en-GB\" align=\"justify\"><span style=\"font-family: impact, sans-serif;\">\u2014 <\/span><span style=\"font-family: Calibri, sans-serif;\"><span style=\"font-family: Times New Roman, serif;\"><span style=\"font-size: small;\"><span lang=\"es-ES\"><span style=\"font-family: impact, sans-serif;\">I\u00f1aki Sainz de Murieta \u2014<\/span><br \/>\n<\/span><\/span><\/span><\/span><\/p>\n","protected":false},"excerpt":{"rendered":"<p>MITOS Y LEYENDAS DE LOS IK&#8217;HUE Los presentes mitos y leyendas conforman el imaginario colectivo de la tribu de los Ik&#8217;hue, una naci\u00f3n norteamericana de car\u00e1cter ficticio en la que se desarrolla la novela \u00abIk\u2019hue \u2013 Lazos de sangre\u00bb (Verbum, 2024), obra del prol\u00edfico autor guipuzcoano I\u00f1aki Sainz de Murieta. Hace mucho tiempo, poco despu\u00e9s [&hellip;]<\/p>\n","protected":false},"author":83,"featured_media":16828,"comment_status":"open","ping_status":"closed","sticky":false,"template":"","format":"standard","meta":{"footnotes":""},"categories":[2101],"tags":[2073],"class_list":{"0":"post-16827","1":"post","2":"type-post","3":"status-publish","4":"format-standard","5":"has-post-thumbnail","7":"category-ikhue","8":"tag-inaki-sainz-de-murieta"},"yoast_head":"<!-- This site is optimized with the Yoast SEO plugin v27.5 - https:\/\/yoast.com\/product\/yoast-seo-wordpress\/ -->\n<title>La maldici\u00f3n del coyote | IK&#039;HUE | HOJAS SUELTAS Peri\u00f3dico Cultural<\/title>\n<meta name=\"description\" content=\"NOVELAS POR ENTREGAS: \u00abMITOS Y LEYENDAS DE LOS IK&#039;HUE\u00bb La maldici\u00f3n del coyote , de I\u00f1aki Sainz de Murieta\" \/>\n<meta name=\"robots\" content=\"index, follow, max-snippet:-1, max-image-preview:large, max-video-preview:-1\" \/>\n<link rel=\"canonical\" href=\"https:\/\/hojassueltas.es\/?p=16827\" \/>\n<meta property=\"og:locale\" content=\"es_ES\" \/>\n<meta property=\"og:type\" content=\"article\" \/>\n<meta property=\"og:title\" content=\"La maldici\u00f3n del coyote | IK&#039;HUE | HOJAS SUELTAS Peri\u00f3dico Cultural\" \/>\n<meta property=\"og:description\" content=\"NOVELAS POR ENTREGAS: \u00abMITOS Y LEYENDAS DE LOS IK&#039;HUE\u00bb La maldici\u00f3n del coyote , de I\u00f1aki Sainz de Murieta\" \/>\n<meta property=\"og:url\" content=\"https:\/\/hojassueltas.es\/?p=16827\" \/>\n<meta property=\"og:site_name\" content=\"HOJAS SUELTAS Peri\u00f3dico Cultural\" \/>\n<meta property=\"article:published_time\" content=\"2025-01-06T23:00:34+00:00\" \/>\n<meta property=\"article:modified_time\" content=\"2025-01-07T08:53:57+00:00\" \/>\n<meta property=\"og:image\" content=\"https:\/\/hojassueltas.es\/wp-content\/uploads\/2025\/01\/La-maldicion-del-coyote_HS.png\" \/>\n\t<meta property=\"og:image:width\" content=\"1050\" \/>\n\t<meta property=\"og:image:height\" content=\"610\" \/>\n\t<meta property=\"og:image:type\" content=\"image\/png\" \/>\n<meta name=\"author\" content=\"I\u00f1aki Sainz de Murieta\" \/>\n<meta name=\"twitter:card\" content=\"summary_large_image\" \/>\n<meta name=\"twitter:creator\" content=\"@imurieta\" \/>\n<meta name=\"twitter:site\" content=\"@HOJASSUELTAS22\" \/>\n<meta name=\"twitter:label1\" content=\"Escrito por\" \/>\n\t<meta name=\"twitter:data1\" content=\"I\u00f1aki Sainz de Murieta\" \/>\n\t<meta name=\"twitter:label2\" content=\"Tiempo de lectura\" \/>\n\t<meta name=\"twitter:data2\" content=\"3 minutos\" \/>\n<script type=\"application\/ld+json\" class=\"yoast-schema-graph\">{\"@context\":\"https:\\\/\\\/schema.org\",\"@graph\":[{\"@type\":[\"Article\",\"BlogPosting\"],\"@id\":\"https:\\\/\\\/hojassueltas.es\\\/?p=16827#article\",\"isPartOf\":{\"@id\":\"https:\\\/\\\/hojassueltas.es\\\/?p=16827\"},\"author\":{\"name\":\"I\u00f1aki Sainz de Murieta\",\"@id\":\"https:\\\/\\\/hojassueltas.es\\\/#\\\/schema\\\/person\\\/b89017499a84a01cea76e50cd67be335\"},\"headline\":\"La maldici\u00f3n del coyote\",\"datePublished\":\"2025-01-06T23:00:34+00:00\",\"dateModified\":\"2025-01-07T08:53:57+00:00\",\"mainEntityOfPage\":{\"@id\":\"https:\\\/\\\/hojassueltas.es\\\/?p=16827\"},\"wordCount\":492,\"commentCount\":0,\"publisher\":{\"@id\":\"https:\\\/\\\/hojassueltas.es\\\/#organization\"},\"image\":{\"@id\":\"https:\\\/\\\/hojassueltas.es\\\/?p=16827#primaryimage\"},\"thumbnailUrl\":\"https:\\\/\\\/hojassueltas.es\\\/wp-content\\\/uploads\\\/2025\\\/01\\\/La-maldicion-del-coyote_HS.png\",\"keywords\":[\"I\u00f1aki Sainz de Murieta\"],\"articleSection\":[\"IK'HUE\"],\"inLanguage\":\"es\",\"potentialAction\":[{\"@type\":\"CommentAction\",\"name\":\"Comment\",\"target\":[\"https:\\\/\\\/hojassueltas.es\\\/?p=16827#respond\"]}]},{\"@type\":\"WebPage\",\"@id\":\"https:\\\/\\\/hojassueltas.es\\\/?p=16827\",\"url\":\"https:\\\/\\\/hojassueltas.es\\\/?p=16827\",\"name\":\"La maldici\u00f3n del coyote | IK'HUE | HOJAS SUELTAS Peri\u00f3dico Cultural\",\"isPartOf\":{\"@id\":\"https:\\\/\\\/hojassueltas.es\\\/#website\"},\"primaryImageOfPage\":{\"@id\":\"https:\\\/\\\/hojassueltas.es\\\/?p=16827#primaryimage\"},\"image\":{\"@id\":\"https:\\\/\\\/hojassueltas.es\\\/?p=16827#primaryimage\"},\"thumbnailUrl\":\"https:\\\/\\\/hojassueltas.es\\\/wp-content\\\/uploads\\\/2025\\\/01\\\/La-maldicion-del-coyote_HS.png\",\"datePublished\":\"2025-01-06T23:00:34+00:00\",\"dateModified\":\"2025-01-07T08:53:57+00:00\",\"description\":\"NOVELAS POR ENTREGAS: \u00abMITOS Y LEYENDAS DE LOS IK'HUE\u00bb La maldici\u00f3n del coyote , de I\u00f1aki Sainz de Murieta\",\"breadcrumb\":{\"@id\":\"https:\\\/\\\/hojassueltas.es\\\/?p=16827#breadcrumb\"},\"inLanguage\":\"es\",\"potentialAction\":[{\"@type\":\"ReadAction\",\"target\":[\"https:\\\/\\\/hojassueltas.es\\\/?p=16827\"]}]},{\"@type\":\"ImageObject\",\"inLanguage\":\"es\",\"@id\":\"https:\\\/\\\/hojassueltas.es\\\/?p=16827#primaryimage\",\"url\":\"https:\\\/\\\/hojassueltas.es\\\/wp-content\\\/uploads\\\/2025\\\/01\\\/La-maldicion-del-coyote_HS.png\",\"contentUrl\":\"https:\\\/\\\/hojassueltas.es\\\/wp-content\\\/uploads\\\/2025\\\/01\\\/La-maldicion-del-coyote_HS.png\",\"width\":1050,\"height\":610},{\"@type\":\"BreadcrumbList\",\"@id\":\"https:\\\/\\\/hojassueltas.es\\\/?p=16827#breadcrumb\",\"itemListElement\":[{\"@type\":\"ListItem\",\"position\":1,\"name\":\"Portada\",\"item\":\"https:\\\/\\\/hojassueltas.es\\\/\"},{\"@type\":\"ListItem\",\"position\":2,\"name\":\"La maldici\u00f3n del coyote\"}]},{\"@type\":\"WebSite\",\"@id\":\"https:\\\/\\\/hojassueltas.es\\\/#website\",\"url\":\"https:\\\/\\\/hojassueltas.es\\\/\",\"name\":\"HojasSueltas.es\",\"description\":\"GRANADA - Peri\u00f3dico Cultural\",\"publisher\":{\"@id\":\"https:\\\/\\\/hojassueltas.es\\\/#organization\"},\"alternateName\":\"H.S. Periodico Cultural\",\"potentialAction\":[{\"@type\":\"SearchAction\",\"target\":{\"@type\":\"EntryPoint\",\"urlTemplate\":\"https:\\\/\\\/hojassueltas.es\\\/?s={search_term_string}\"},\"query-input\":{\"@type\":\"PropertyValueSpecification\",\"valueRequired\":true,\"valueName\":\"search_term_string\"}}],\"inLanguage\":\"es\"},{\"@type\":\"Organization\",\"@id\":\"https:\\\/\\\/hojassueltas.es\\\/#organization\",\"name\":\"HOJAS SUELTAS - Peri\u00f3dico Cultural\",\"alternateName\":\"HS - HOJAS SUELTAS Peri\u00f3dico Cultural\",\"url\":\"https:\\\/\\\/hojassueltas.es\\\/\",\"logo\":{\"@type\":\"ImageObject\",\"inLanguage\":\"es\",\"@id\":\"https:\\\/\\\/hojassueltas.es\\\/#\\\/schema\\\/logo\\\/image\\\/\",\"url\":\"https:\\\/\\\/hojassueltas.es\\\/wp-content\\\/uploads\\\/2025\\\/08\\\/Icono-HS_2.png\",\"contentUrl\":\"https:\\\/\\\/hojassueltas.es\\\/wp-content\\\/uploads\\\/2025\\\/08\\\/Icono-HS_2.png\",\"width\":500,\"height\":500,\"caption\":\"HOJAS SUELTAS - Peri\u00f3dico Cultural\"},\"image\":{\"@id\":\"https:\\\/\\\/hojassueltas.es\\\/#\\\/schema\\\/logo\\\/image\\\/\"},\"sameAs\":[\"https:\\\/\\\/x.com\\\/HOJASSUELTAS22\"]},{\"@type\":\"Person\",\"@id\":\"https:\\\/\\\/hojassueltas.es\\\/#\\\/schema\\\/person\\\/b89017499a84a01cea76e50cd67be335\",\"name\":\"I\u00f1aki Sainz de Murieta\",\"image\":{\"@type\":\"ImageObject\",\"inLanguage\":\"es\",\"@id\":\"https:\\\/\\\/hojassueltas.es\\\/wp-content\\\/uploads\\\/2024\\\/11\\\/Inaki-Sainz-de-Murieta-L-96x96.png\",\"url\":\"https:\\\/\\\/hojassueltas.es\\\/wp-content\\\/uploads\\\/2024\\\/11\\\/Inaki-Sainz-de-Murieta-L-96x96.png\",\"contentUrl\":\"https:\\\/\\\/hojassueltas.es\\\/wp-content\\\/uploads\\\/2024\\\/11\\\/Inaki-Sainz-de-Murieta-L-96x96.png\",\"caption\":\"I\u00f1aki Sainz de Murieta\"},\"description\":\"I\u00f1aki Sainz de Murieta (Donostia-San Sebasti\u00e1n, 1985) es un antrop\u00f3logo, escritor y guionista guipuzcoano de renombre. Cuenta con una profusa producci\u00f3n que figura en el cat\u00e1logo de editoriales de Espa\u00f1a, Argentina y Estados Unidos, siendo la narrativa, el ensayo y el c\u00f3mic los g\u00e9neros que m\u00e1s ha trabajado y por los que m\u00e1s se reconoce su obra. Especialmente reconocida es su colecci\u00f3n juvenil \u00abLas aventuras de Kanide\u00bb, que consta de siete t\u00edtulos hasta la fecha, sin olvidar el c\u00f3mic \u00abHern\u00e1n Cort\u00e9s. Oro p\u00f3lvora y acero\u00bb o la publicaci\u00f3n \u00abNarraciones y leyendas vascas\u00bb.\",\"sameAs\":[\"http:\\\/\\\/www.sainzdemurieta.com\",\"https:\\\/\\\/x.com\\\/imurieta\"],\"url\":\"https:\\\/\\\/hojassueltas.es\\\/?author=83\"}]}<\/script>\n<!-- \/ Yoast SEO plugin. -->","yoast_head_json":{"title":"La maldici\u00f3n del coyote | IK'HUE | HOJAS SUELTAS Peri\u00f3dico Cultural","description":"NOVELAS POR ENTREGAS: \u00abMITOS Y LEYENDAS DE LOS IK'HUE\u00bb La maldici\u00f3n del coyote , de I\u00f1aki Sainz de Murieta","robots":{"index":"index","follow":"follow","max-snippet":"max-snippet:-1","max-image-preview":"max-image-preview:large","max-video-preview":"max-video-preview:-1"},"canonical":"https:\/\/hojassueltas.es\/?p=16827","og_locale":"es_ES","og_type":"article","og_title":"La maldici\u00f3n del coyote | IK'HUE | HOJAS SUELTAS Peri\u00f3dico Cultural","og_description":"NOVELAS POR ENTREGAS: \u00abMITOS Y LEYENDAS DE LOS IK'HUE\u00bb La maldici\u00f3n del coyote , de I\u00f1aki Sainz de Murieta","og_url":"https:\/\/hojassueltas.es\/?p=16827","og_site_name":"HOJAS SUELTAS Peri\u00f3dico Cultural","article_published_time":"2025-01-06T23:00:34+00:00","article_modified_time":"2025-01-07T08:53:57+00:00","og_image":[{"width":1050,"height":610,"url":"https:\/\/hojassueltas.es\/wp-content\/uploads\/2025\/01\/La-maldicion-del-coyote_HS.png","type":"image\/png"}],"author":"I\u00f1aki Sainz de Murieta","twitter_card":"summary_large_image","twitter_creator":"@imurieta","twitter_site":"@HOJASSUELTAS22","twitter_misc":{"Escrito por":"I\u00f1aki Sainz de Murieta","Tiempo de lectura":"3 minutos"},"schema":{"@context":"https:\/\/schema.org","@graph":[{"@type":["Article","BlogPosting"],"@id":"https:\/\/hojassueltas.es\/?p=16827#article","isPartOf":{"@id":"https:\/\/hojassueltas.es\/?p=16827"},"author":{"name":"I\u00f1aki Sainz de Murieta","@id":"https:\/\/hojassueltas.es\/#\/schema\/person\/b89017499a84a01cea76e50cd67be335"},"headline":"La maldici\u00f3n del coyote","datePublished":"2025-01-06T23:00:34+00:00","dateModified":"2025-01-07T08:53:57+00:00","mainEntityOfPage":{"@id":"https:\/\/hojassueltas.es\/?p=16827"},"wordCount":492,"commentCount":0,"publisher":{"@id":"https:\/\/hojassueltas.es\/#organization"},"image":{"@id":"https:\/\/hojassueltas.es\/?p=16827#primaryimage"},"thumbnailUrl":"https:\/\/hojassueltas.es\/wp-content\/uploads\/2025\/01\/La-maldicion-del-coyote_HS.png","keywords":["I\u00f1aki Sainz de Murieta"],"articleSection":["IK'HUE"],"inLanguage":"es","potentialAction":[{"@type":"CommentAction","name":"Comment","target":["https:\/\/hojassueltas.es\/?p=16827#respond"]}]},{"@type":"WebPage","@id":"https:\/\/hojassueltas.es\/?p=16827","url":"https:\/\/hojassueltas.es\/?p=16827","name":"La maldici\u00f3n del coyote | IK'HUE | HOJAS SUELTAS Peri\u00f3dico Cultural","isPartOf":{"@id":"https:\/\/hojassueltas.es\/#website"},"primaryImageOfPage":{"@id":"https:\/\/hojassueltas.es\/?p=16827#primaryimage"},"image":{"@id":"https:\/\/hojassueltas.es\/?p=16827#primaryimage"},"thumbnailUrl":"https:\/\/hojassueltas.es\/wp-content\/uploads\/2025\/01\/La-maldicion-del-coyote_HS.png","datePublished":"2025-01-06T23:00:34+00:00","dateModified":"2025-01-07T08:53:57+00:00","description":"NOVELAS POR ENTREGAS: \u00abMITOS Y LEYENDAS DE LOS IK'HUE\u00bb La maldici\u00f3n del coyote , de I\u00f1aki Sainz de Murieta","breadcrumb":{"@id":"https:\/\/hojassueltas.es\/?p=16827#breadcrumb"},"inLanguage":"es","potentialAction":[{"@type":"ReadAction","target":["https:\/\/hojassueltas.es\/?p=16827"]}]},{"@type":"ImageObject","inLanguage":"es","@id":"https:\/\/hojassueltas.es\/?p=16827#primaryimage","url":"https:\/\/hojassueltas.es\/wp-content\/uploads\/2025\/01\/La-maldicion-del-coyote_HS.png","contentUrl":"https:\/\/hojassueltas.es\/wp-content\/uploads\/2025\/01\/La-maldicion-del-coyote_HS.png","width":1050,"height":610},{"@type":"BreadcrumbList","@id":"https:\/\/hojassueltas.es\/?p=16827#breadcrumb","itemListElement":[{"@type":"ListItem","position":1,"name":"Portada","item":"https:\/\/hojassueltas.es\/"},{"@type":"ListItem","position":2,"name":"La maldici\u00f3n del coyote"}]},{"@type":"WebSite","@id":"https:\/\/hojassueltas.es\/#website","url":"https:\/\/hojassueltas.es\/","name":"HojasSueltas.es","description":"GRANADA - Peri\u00f3dico Cultural","publisher":{"@id":"https:\/\/hojassueltas.es\/#organization"},"alternateName":"H.S. Periodico Cultural","potentialAction":[{"@type":"SearchAction","target":{"@type":"EntryPoint","urlTemplate":"https:\/\/hojassueltas.es\/?s={search_term_string}"},"query-input":{"@type":"PropertyValueSpecification","valueRequired":true,"valueName":"search_term_string"}}],"inLanguage":"es"},{"@type":"Organization","@id":"https:\/\/hojassueltas.es\/#organization","name":"HOJAS SUELTAS - Peri\u00f3dico Cultural","alternateName":"HS - HOJAS SUELTAS Peri\u00f3dico Cultural","url":"https:\/\/hojassueltas.es\/","logo":{"@type":"ImageObject","inLanguage":"es","@id":"https:\/\/hojassueltas.es\/#\/schema\/logo\/image\/","url":"https:\/\/hojassueltas.es\/wp-content\/uploads\/2025\/08\/Icono-HS_2.png","contentUrl":"https:\/\/hojassueltas.es\/wp-content\/uploads\/2025\/08\/Icono-HS_2.png","width":500,"height":500,"caption":"HOJAS SUELTAS - Peri\u00f3dico Cultural"},"image":{"@id":"https:\/\/hojassueltas.es\/#\/schema\/logo\/image\/"},"sameAs":["https:\/\/x.com\/HOJASSUELTAS22"]},{"@type":"Person","@id":"https:\/\/hojassueltas.es\/#\/schema\/person\/b89017499a84a01cea76e50cd67be335","name":"I\u00f1aki Sainz de Murieta","image":{"@type":"ImageObject","inLanguage":"es","@id":"https:\/\/hojassueltas.es\/wp-content\/uploads\/2024\/11\/Inaki-Sainz-de-Murieta-L-96x96.png","url":"https:\/\/hojassueltas.es\/wp-content\/uploads\/2024\/11\/Inaki-Sainz-de-Murieta-L-96x96.png","contentUrl":"https:\/\/hojassueltas.es\/wp-content\/uploads\/2024\/11\/Inaki-Sainz-de-Murieta-L-96x96.png","caption":"I\u00f1aki Sainz de Murieta"},"description":"I\u00f1aki Sainz de Murieta (Donostia-San Sebasti\u00e1n, 1985) es un antrop\u00f3logo, escritor y guionista guipuzcoano de renombre. Cuenta con una profusa producci\u00f3n que figura en el cat\u00e1logo de editoriales de Espa\u00f1a, Argentina y Estados Unidos, siendo la narrativa, el ensayo y el c\u00f3mic los g\u00e9neros que m\u00e1s ha trabajado y por los que m\u00e1s se reconoce su obra. Especialmente reconocida es su colecci\u00f3n juvenil \u00abLas aventuras de Kanide\u00bb, que consta de siete t\u00edtulos hasta la fecha, sin olvidar el c\u00f3mic \u00abHern\u00e1n Cort\u00e9s. Oro p\u00f3lvora y acero\u00bb o la publicaci\u00f3n \u00abNarraciones y leyendas vascas\u00bb.","sameAs":["http:\/\/www.sainzdemurieta.com","https:\/\/x.com\/imurieta"],"url":"https:\/\/hojassueltas.es\/?author=83"}]}},"_links":{"self":[{"href":"https:\/\/hojassueltas.es\/index.php?rest_route=\/wp\/v2\/posts\/16827","targetHints":{"allow":["GET"]}}],"collection":[{"href":"https:\/\/hojassueltas.es\/index.php?rest_route=\/wp\/v2\/posts"}],"about":[{"href":"https:\/\/hojassueltas.es\/index.php?rest_route=\/wp\/v2\/types\/post"}],"author":[{"embeddable":true,"href":"https:\/\/hojassueltas.es\/index.php?rest_route=\/wp\/v2\/users\/83"}],"replies":[{"embeddable":true,"href":"https:\/\/hojassueltas.es\/index.php?rest_route=%2Fwp%2Fv2%2Fcomments&post=16827"}],"version-history":[{"count":1,"href":"https:\/\/hojassueltas.es\/index.php?rest_route=\/wp\/v2\/posts\/16827\/revisions"}],"predecessor-version":[{"id":16829,"href":"https:\/\/hojassueltas.es\/index.php?rest_route=\/wp\/v2\/posts\/16827\/revisions\/16829"}],"wp:featuredmedia":[{"embeddable":true,"href":"https:\/\/hojassueltas.es\/index.php?rest_route=\/wp\/v2\/media\/16828"}],"wp:attachment":[{"href":"https:\/\/hojassueltas.es\/index.php?rest_route=%2Fwp%2Fv2%2Fmedia&parent=16827"}],"wp:term":[{"taxonomy":"category","embeddable":true,"href":"https:\/\/hojassueltas.es\/index.php?rest_route=%2Fwp%2Fv2%2Fcategories&post=16827"},{"taxonomy":"post_tag","embeddable":true,"href":"https:\/\/hojassueltas.es\/index.php?rest_route=%2Fwp%2Fv2%2Ftags&post=16827"}],"curies":[{"name":"wp","href":"https:\/\/api.w.org\/{rel}","templated":true}]}}