{"id":16736,"date":"2025-01-04T00:00:49","date_gmt":"2025-01-03T23:00:49","guid":{"rendered":"https:\/\/hojassueltas.es\/?p=16736"},"modified":"2025-07-21T10:01:15","modified_gmt":"2025-07-21T09:01:15","slug":"un-paso-adelante-el-estado-de-la-cultura-en-espana-2024","status":"publish","type":"post","link":"https:\/\/hojassueltas.es\/?p=16736","title":{"rendered":"Un paso adelante: el estado de la cultura en Espa\u00f1a 2024"},"content":{"rendered":"<h3 style=\"text-align: justify;\">Creatividad, retos y derechos culturales en la mejor valoraci\u00f3n de la \u00faltima d\u00e9cada<\/h3>\n<p style=\"text-align: justify;\">El \u00abInforme sobre el estado de la Cultura en Espa\u00f1a 2024\u00bb, elaborado por el Observatorio de Cultura y Comunicaci\u00f3n de la Fundaci\u00f3n Alternativas, celebra su und\u00e9cima edici\u00f3n centr\u00e1ndose en los desaf\u00edos que enfrentan las legislaturas espa\u00f1ola y europea en materia de derechos culturales.<\/p>\n<p style=\"text-align: justify;\"><strong>Principales conclusiones del informe:<\/strong><\/p>\n<ul style=\"text-align: justify;\">\n<li><strong>Calificaci\u00f3n general de la cultura en Espa\u00f1a:<\/strong> La encuesta realizada entre mayo y junio de 2024 a un centenar de artistas, creadores, productores, editores, distribuidores, investigadores y cr\u00edticos culturales otorga una puntuaci\u00f3n de 5,4 sobre 10 al estado de la cultura en Espa\u00f1a. Este resultado representa la mejor valoraci\u00f3n de la serie de Encuestas ICE, consolidando una tendencia de mejora iniciada en 2019.<\/li>\n<li><strong>\u00c1reas mejor valoradas:<\/strong>\n<ul>\n<li><strong>Creaci\u00f3n:<\/strong> Con una puntuaci\u00f3n de 6,3, se destaca como la esfera mejor valorada, reflejando la creatividad y pluralismo de la cultura hacia sus p\u00fablicos.<\/li>\n<li><strong>Uso y consumo de la cultura:<\/strong> Obtiene una calificaci\u00f3n de 5,7, indicando una percepci\u00f3n positiva en la accesibilidad y participaci\u00f3n del p\u00fablico en actividades culturales.<\/li>\n<\/ul>\n<\/li>\n<li><strong>\u00c1reas con desaf\u00edos pendientes:<\/strong>\n<ul>\n<li><strong>Remuneraci\u00f3n de los creadores:<\/strong> Se identifica una preocupaci\u00f3n por la falta de una compensaci\u00f3n justa que garantice la sostenibilidad del trabajo creativo.<\/li>\n<li><strong>Proyecci\u00f3n exterior de la cultura espa\u00f1ola:<\/strong> Se se\u00f1ala la necesidad de fortalecer la presencia y reconocimiento internacional de las producciones culturales espa\u00f1olas.<\/li>\n<li><strong>Apoyo de los medios de comunicaci\u00f3n tradicionales:<\/strong> Se percibe una insuficiente promoci\u00f3n de la diversidad cultural y de la creaci\u00f3n art\u00edstica por parte de estos medios.<\/li>\n<\/ul>\n<\/li>\n<li><strong>Derechos culturales:<\/strong> El informe subraya la importancia de considerar la cultura como un bien p\u00fablico esencial y destaca la necesidad de pol\u00edticas p\u00fablicas que promuevan la libertad de expresi\u00f3n art\u00edstica, la igualdad de g\u00e9nero en la creaci\u00f3n y producci\u00f3n cultural, y la adaptaci\u00f3n a los avances tecnol\u00f3gicos, como la inteligencia artificial, en beneficio de la diversidad cultural.<\/li>\n<\/ul>\n<p style=\"text-align: justify;\">Este informe ofrece una visi\u00f3n detallada del panorama cultural espa\u00f1ol, identificando fortalezas y \u00e1reas de mejora, y sirve como herramienta para la formulaci\u00f3n de pol\u00edticas que promuevan el desarrollo y la sostenibilidad de la cultura en Espa\u00f1a.<\/p>\n<p><span style=\"font-family: impact, sans-serif;\">\u2014 Redacci\u00f3n \u2014<\/span><\/p>\n","protected":false},"excerpt":{"rendered":"<p>Creatividad, retos y derechos culturales en la mejor valoraci\u00f3n de la \u00faltima d\u00e9cada El \u00abInforme sobre el estado de la Cultura en Espa\u00f1a 2024\u00bb, elaborado por el Observatorio de Cultura y Comunicaci\u00f3n de la Fundaci\u00f3n Alternativas, celebra su und\u00e9cima edici\u00f3n centr\u00e1ndose en los desaf\u00edos que enfrentan las legislaturas espa\u00f1ola y europea en materia de derechos [&hellip;]<\/p>\n","protected":false},"author":1,"featured_media":16738,"comment_status":"open","ping_status":"closed","sticky":false,"template":"","format":"standard","meta":{"footnotes":""},"categories":[32],"tags":[],"class_list":{"0":"post-16736","1":"post","2":"type-post","3":"status-publish","4":"format-standard","5":"has-post-thumbnail","7":"category-panorama-cultural"},"yoast_head":"<!-- This site is optimized with the Yoast SEO plugin v27.5 - https:\/\/yoast.com\/product\/yoast-seo-wordpress\/ -->\n<title>Un paso adelante: el estado de la cultura en Espa\u00f1a 2024 | HOJAS SUELTAS Peri\u00f3dico Cultural<\/title>\n<meta name=\"description\" content=\"GLOBAL: Creatividad, retos y derechos culturales en la mejor valoraci\u00f3n de la \u00faltima d\u00e9cada\" \/>\n<meta name=\"robots\" content=\"index, follow, max-snippet:-1, max-image-preview:large, max-video-preview:-1\" \/>\n<link rel=\"canonical\" href=\"https:\/\/hojassueltas.es\/?p=16736\" \/>\n<meta property=\"og:locale\" content=\"es_ES\" \/>\n<meta property=\"og:type\" content=\"article\" \/>\n<meta property=\"og:title\" content=\"Un paso adelante: el estado de la cultura en Espa\u00f1a 2024 | HOJAS SUELTAS Peri\u00f3dico Cultural\" \/>\n<meta property=\"og:description\" content=\"GLOBAL: Creatividad, retos y derechos culturales en la mejor valoraci\u00f3n de la \u00faltima d\u00e9cada\" \/>\n<meta property=\"og:url\" content=\"https:\/\/hojassueltas.es\/?p=16736\" \/>\n<meta property=\"og:site_name\" content=\"HOJAS SUELTAS Peri\u00f3dico Cultural\" \/>\n<meta property=\"article:published_time\" content=\"2025-01-03T23:00:49+00:00\" \/>\n<meta property=\"article:modified_time\" content=\"2025-07-21T09:01:15+00:00\" \/>\n<meta property=\"og:image\" content=\"https:\/\/hojassueltas.es\/wp-content\/uploads\/2024\/12\/gLOBAL_HS.png\" \/>\n\t<meta property=\"og:image:width\" content=\"1050\" \/>\n\t<meta property=\"og:image:height\" content=\"610\" \/>\n\t<meta property=\"og:image:type\" content=\"image\/png\" \/>\n<meta name=\"author\" content=\"Redacci\u00f3n\" \/>\n<meta name=\"twitter:card\" content=\"summary_large_image\" \/>\n<meta name=\"twitter:creator\" content=\"@HOJASSUELTAS22\" \/>\n<meta name=\"twitter:site\" content=\"@HOJASSUELTAS22\" \/>\n<meta name=\"twitter:label1\" content=\"Escrito por\" \/>\n\t<meta name=\"twitter:data1\" content=\"Redacci\u00f3n\" \/>\n\t<meta name=\"twitter:label2\" content=\"Tiempo de lectura\" \/>\n\t<meta name=\"twitter:data2\" content=\"2 minutos\" \/>\n<script type=\"application\/ld+json\" class=\"yoast-schema-graph\">{\"@context\":\"https:\\\/\\\/schema.org\",\"@graph\":[{\"@type\":[\"Article\",\"BlogPosting\"],\"@id\":\"https:\\\/\\\/hojassueltas.es\\\/?p=16736#article\",\"isPartOf\":{\"@id\":\"https:\\\/\\\/hojassueltas.es\\\/?p=16736\"},\"author\":{\"name\":\"Redacci\u00f3n\",\"@id\":\"https:\\\/\\\/hojassueltas.es\\\/#\\\/schema\\\/person\\\/f232bbdb834c61c90aff2245daa401c0\"},\"headline\":\"Un paso adelante: el estado de la cultura en Espa\u00f1a 2024\",\"datePublished\":\"2025-01-03T23:00:49+00:00\",\"dateModified\":\"2025-07-21T09:01:15+00:00\",\"mainEntityOfPage\":{\"@id\":\"https:\\\/\\\/hojassueltas.es\\\/?p=16736\"},\"wordCount\":399,\"commentCount\":0,\"publisher\":{\"@id\":\"https:\\\/\\\/hojassueltas.es\\\/#organization\"},\"image\":{\"@id\":\"https:\\\/\\\/hojassueltas.es\\\/?p=16736#primaryimage\"},\"thumbnailUrl\":\"https:\\\/\\\/hojassueltas.es\\\/wp-content\\\/uploads\\\/2024\\\/12\\\/gLOBAL_HS.png\",\"articleSection\":[\"PANORAMA CULTURAL\"],\"inLanguage\":\"es\",\"potentialAction\":[{\"@type\":\"CommentAction\",\"name\":\"Comment\",\"target\":[\"https:\\\/\\\/hojassueltas.es\\\/?p=16736#respond\"]}]},{\"@type\":\"WebPage\",\"@id\":\"https:\\\/\\\/hojassueltas.es\\\/?p=16736\",\"url\":\"https:\\\/\\\/hojassueltas.es\\\/?p=16736\",\"name\":\"Un paso adelante: el estado de la cultura en Espa\u00f1a 2024 | HOJAS SUELTAS Peri\u00f3dico Cultural\",\"isPartOf\":{\"@id\":\"https:\\\/\\\/hojassueltas.es\\\/#website\"},\"primaryImageOfPage\":{\"@id\":\"https:\\\/\\\/hojassueltas.es\\\/?p=16736#primaryimage\"},\"image\":{\"@id\":\"https:\\\/\\\/hojassueltas.es\\\/?p=16736#primaryimage\"},\"thumbnailUrl\":\"https:\\\/\\\/hojassueltas.es\\\/wp-content\\\/uploads\\\/2024\\\/12\\\/gLOBAL_HS.png\",\"datePublished\":\"2025-01-03T23:00:49+00:00\",\"dateModified\":\"2025-07-21T09:01:15+00:00\",\"description\":\"GLOBAL: Creatividad, retos y derechos culturales en la mejor valoraci\u00f3n de la \u00faltima d\u00e9cada\",\"breadcrumb\":{\"@id\":\"https:\\\/\\\/hojassueltas.es\\\/?p=16736#breadcrumb\"},\"inLanguage\":\"es\",\"potentialAction\":[{\"@type\":\"ReadAction\",\"target\":[\"https:\\\/\\\/hojassueltas.es\\\/?p=16736\"]}]},{\"@type\":\"ImageObject\",\"inLanguage\":\"es\",\"@id\":\"https:\\\/\\\/hojassueltas.es\\\/?p=16736#primaryimage\",\"url\":\"https:\\\/\\\/hojassueltas.es\\\/wp-content\\\/uploads\\\/2024\\\/12\\\/gLOBAL_HS.png\",\"contentUrl\":\"https:\\\/\\\/hojassueltas.es\\\/wp-content\\\/uploads\\\/2024\\\/12\\\/gLOBAL_HS.png\",\"width\":1050,\"height\":610},{\"@type\":\"BreadcrumbList\",\"@id\":\"https:\\\/\\\/hojassueltas.es\\\/?p=16736#breadcrumb\",\"itemListElement\":[{\"@type\":\"ListItem\",\"position\":1,\"name\":\"Portada\",\"item\":\"https:\\\/\\\/hojassueltas.es\\\/\"},{\"@type\":\"ListItem\",\"position\":2,\"name\":\"Un paso adelante: el estado de la cultura en Espa\u00f1a 2024\"}]},{\"@type\":\"WebSite\",\"@id\":\"https:\\\/\\\/hojassueltas.es\\\/#website\",\"url\":\"https:\\\/\\\/hojassueltas.es\\\/\",\"name\":\"HojasSueltas.es\",\"description\":\"GRANADA - Peri\u00f3dico Cultural\",\"publisher\":{\"@id\":\"https:\\\/\\\/hojassueltas.es\\\/#organization\"},\"alternateName\":\"H.S. Periodico Cultural\",\"potentialAction\":[{\"@type\":\"SearchAction\",\"target\":{\"@type\":\"EntryPoint\",\"urlTemplate\":\"https:\\\/\\\/hojassueltas.es\\\/?s={search_term_string}\"},\"query-input\":{\"@type\":\"PropertyValueSpecification\",\"valueRequired\":true,\"valueName\":\"search_term_string\"}}],\"inLanguage\":\"es\"},{\"@type\":\"Organization\",\"@id\":\"https:\\\/\\\/hojassueltas.es\\\/#organization\",\"name\":\"HOJAS SUELTAS - Peri\u00f3dico Cultural\",\"alternateName\":\"HS - HOJAS SUELTAS Peri\u00f3dico Cultural\",\"url\":\"https:\\\/\\\/hojassueltas.es\\\/\",\"logo\":{\"@type\":\"ImageObject\",\"inLanguage\":\"es\",\"@id\":\"https:\\\/\\\/hojassueltas.es\\\/#\\\/schema\\\/logo\\\/image\\\/\",\"url\":\"https:\\\/\\\/hojassueltas.es\\\/wp-content\\\/uploads\\\/2025\\\/08\\\/Icono-HS_2.png\",\"contentUrl\":\"https:\\\/\\\/hojassueltas.es\\\/wp-content\\\/uploads\\\/2025\\\/08\\\/Icono-HS_2.png\",\"width\":500,\"height\":500,\"caption\":\"HOJAS SUELTAS - Peri\u00f3dico Cultural\"},\"image\":{\"@id\":\"https:\\\/\\\/hojassueltas.es\\\/#\\\/schema\\\/logo\\\/image\\\/\"},\"sameAs\":[\"https:\\\/\\\/x.com\\\/HOJASSUELTAS22\"]},{\"@type\":\"Person\",\"@id\":\"https:\\\/\\\/hojassueltas.es\\\/#\\\/schema\\\/person\\\/f232bbdb834c61c90aff2245daa401c0\",\"name\":\"Redacci\u00f3n\",\"image\":{\"@type\":\"ImageObject\",\"inLanguage\":\"es\",\"@id\":\"https:\\\/\\\/hojassueltas.es\\\/wp-content\\\/uploads\\\/2026\\\/02\\\/Redaccion-2-96x96.png\",\"url\":\"https:\\\/\\\/hojassueltas.es\\\/wp-content\\\/uploads\\\/2026\\\/02\\\/Redaccion-2-96x96.png\",\"contentUrl\":\"https:\\\/\\\/hojassueltas.es\\\/wp-content\\\/uploads\\\/2026\\\/02\\\/Redaccion-2-96x96.png\",\"caption\":\"Redacci\u00f3n\"},\"description\":\"Redacci\u00f3n de HOJAS SUELTAS\",\"url\":\"https:\\\/\\\/hojassueltas.es\\\/?author=1\"}]}<\/script>\n<!-- \/ Yoast SEO plugin. -->","yoast_head_json":{"title":"Un paso adelante: el estado de la cultura en Espa\u00f1a 2024 | HOJAS SUELTAS Peri\u00f3dico Cultural","description":"GLOBAL: Creatividad, retos y derechos culturales en la mejor valoraci\u00f3n de la \u00faltima d\u00e9cada","robots":{"index":"index","follow":"follow","max-snippet":"max-snippet:-1","max-image-preview":"max-image-preview:large","max-video-preview":"max-video-preview:-1"},"canonical":"https:\/\/hojassueltas.es\/?p=16736","og_locale":"es_ES","og_type":"article","og_title":"Un paso adelante: el estado de la cultura en Espa\u00f1a 2024 | HOJAS SUELTAS Peri\u00f3dico Cultural","og_description":"GLOBAL: Creatividad, retos y derechos culturales en la mejor valoraci\u00f3n de la \u00faltima d\u00e9cada","og_url":"https:\/\/hojassueltas.es\/?p=16736","og_site_name":"HOJAS SUELTAS Peri\u00f3dico Cultural","article_published_time":"2025-01-03T23:00:49+00:00","article_modified_time":"2025-07-21T09:01:15+00:00","og_image":[{"width":1050,"height":610,"url":"https:\/\/hojassueltas.es\/wp-content\/uploads\/2024\/12\/gLOBAL_HS.png","type":"image\/png"}],"author":"Redacci\u00f3n","twitter_card":"summary_large_image","twitter_creator":"@HOJASSUELTAS22","twitter_site":"@HOJASSUELTAS22","twitter_misc":{"Escrito por":"Redacci\u00f3n","Tiempo de lectura":"2 minutos"},"schema":{"@context":"https:\/\/schema.org","@graph":[{"@type":["Article","BlogPosting"],"@id":"https:\/\/hojassueltas.es\/?p=16736#article","isPartOf":{"@id":"https:\/\/hojassueltas.es\/?p=16736"},"author":{"name":"Redacci\u00f3n","@id":"https:\/\/hojassueltas.es\/#\/schema\/person\/f232bbdb834c61c90aff2245daa401c0"},"headline":"Un paso adelante: el estado de la cultura en Espa\u00f1a 2024","datePublished":"2025-01-03T23:00:49+00:00","dateModified":"2025-07-21T09:01:15+00:00","mainEntityOfPage":{"@id":"https:\/\/hojassueltas.es\/?p=16736"},"wordCount":399,"commentCount":0,"publisher":{"@id":"https:\/\/hojassueltas.es\/#organization"},"image":{"@id":"https:\/\/hojassueltas.es\/?p=16736#primaryimage"},"thumbnailUrl":"https:\/\/hojassueltas.es\/wp-content\/uploads\/2024\/12\/gLOBAL_HS.png","articleSection":["PANORAMA CULTURAL"],"inLanguage":"es","potentialAction":[{"@type":"CommentAction","name":"Comment","target":["https:\/\/hojassueltas.es\/?p=16736#respond"]}]},{"@type":"WebPage","@id":"https:\/\/hojassueltas.es\/?p=16736","url":"https:\/\/hojassueltas.es\/?p=16736","name":"Un paso adelante: el estado de la cultura en Espa\u00f1a 2024 | HOJAS SUELTAS Peri\u00f3dico Cultural","isPartOf":{"@id":"https:\/\/hojassueltas.es\/#website"},"primaryImageOfPage":{"@id":"https:\/\/hojassueltas.es\/?p=16736#primaryimage"},"image":{"@id":"https:\/\/hojassueltas.es\/?p=16736#primaryimage"},"thumbnailUrl":"https:\/\/hojassueltas.es\/wp-content\/uploads\/2024\/12\/gLOBAL_HS.png","datePublished":"2025-01-03T23:00:49+00:00","dateModified":"2025-07-21T09:01:15+00:00","description":"GLOBAL: Creatividad, retos y derechos culturales en la mejor valoraci\u00f3n de la \u00faltima d\u00e9cada","breadcrumb":{"@id":"https:\/\/hojassueltas.es\/?p=16736#breadcrumb"},"inLanguage":"es","potentialAction":[{"@type":"ReadAction","target":["https:\/\/hojassueltas.es\/?p=16736"]}]},{"@type":"ImageObject","inLanguage":"es","@id":"https:\/\/hojassueltas.es\/?p=16736#primaryimage","url":"https:\/\/hojassueltas.es\/wp-content\/uploads\/2024\/12\/gLOBAL_HS.png","contentUrl":"https:\/\/hojassueltas.es\/wp-content\/uploads\/2024\/12\/gLOBAL_HS.png","width":1050,"height":610},{"@type":"BreadcrumbList","@id":"https:\/\/hojassueltas.es\/?p=16736#breadcrumb","itemListElement":[{"@type":"ListItem","position":1,"name":"Portada","item":"https:\/\/hojassueltas.es\/"},{"@type":"ListItem","position":2,"name":"Un paso adelante: el estado de la cultura en Espa\u00f1a 2024"}]},{"@type":"WebSite","@id":"https:\/\/hojassueltas.es\/#website","url":"https:\/\/hojassueltas.es\/","name":"HojasSueltas.es","description":"GRANADA - Peri\u00f3dico Cultural","publisher":{"@id":"https:\/\/hojassueltas.es\/#organization"},"alternateName":"H.S. Periodico Cultural","potentialAction":[{"@type":"SearchAction","target":{"@type":"EntryPoint","urlTemplate":"https:\/\/hojassueltas.es\/?s={search_term_string}"},"query-input":{"@type":"PropertyValueSpecification","valueRequired":true,"valueName":"search_term_string"}}],"inLanguage":"es"},{"@type":"Organization","@id":"https:\/\/hojassueltas.es\/#organization","name":"HOJAS SUELTAS - Peri\u00f3dico Cultural","alternateName":"HS - HOJAS SUELTAS Peri\u00f3dico Cultural","url":"https:\/\/hojassueltas.es\/","logo":{"@type":"ImageObject","inLanguage":"es","@id":"https:\/\/hojassueltas.es\/#\/schema\/logo\/image\/","url":"https:\/\/hojassueltas.es\/wp-content\/uploads\/2025\/08\/Icono-HS_2.png","contentUrl":"https:\/\/hojassueltas.es\/wp-content\/uploads\/2025\/08\/Icono-HS_2.png","width":500,"height":500,"caption":"HOJAS SUELTAS - Peri\u00f3dico Cultural"},"image":{"@id":"https:\/\/hojassueltas.es\/#\/schema\/logo\/image\/"},"sameAs":["https:\/\/x.com\/HOJASSUELTAS22"]},{"@type":"Person","@id":"https:\/\/hojassueltas.es\/#\/schema\/person\/f232bbdb834c61c90aff2245daa401c0","name":"Redacci\u00f3n","image":{"@type":"ImageObject","inLanguage":"es","@id":"https:\/\/hojassueltas.es\/wp-content\/uploads\/2026\/02\/Redaccion-2-96x96.png","url":"https:\/\/hojassueltas.es\/wp-content\/uploads\/2026\/02\/Redaccion-2-96x96.png","contentUrl":"https:\/\/hojassueltas.es\/wp-content\/uploads\/2026\/02\/Redaccion-2-96x96.png","caption":"Redacci\u00f3n"},"description":"Redacci\u00f3n de HOJAS SUELTAS","url":"https:\/\/hojassueltas.es\/?author=1"}]}},"_links":{"self":[{"href":"https:\/\/hojassueltas.es\/index.php?rest_route=\/wp\/v2\/posts\/16736","targetHints":{"allow":["GET"]}}],"collection":[{"href":"https:\/\/hojassueltas.es\/index.php?rest_route=\/wp\/v2\/posts"}],"about":[{"href":"https:\/\/hojassueltas.es\/index.php?rest_route=\/wp\/v2\/types\/post"}],"author":[{"embeddable":true,"href":"https:\/\/hojassueltas.es\/index.php?rest_route=\/wp\/v2\/users\/1"}],"replies":[{"embeddable":true,"href":"https:\/\/hojassueltas.es\/index.php?rest_route=%2Fwp%2Fv2%2Fcomments&post=16736"}],"version-history":[{"count":1,"href":"https:\/\/hojassueltas.es\/index.php?rest_route=\/wp\/v2\/posts\/16736\/revisions"}],"predecessor-version":[{"id":16739,"href":"https:\/\/hojassueltas.es\/index.php?rest_route=\/wp\/v2\/posts\/16736\/revisions\/16739"}],"wp:featuredmedia":[{"embeddable":true,"href":"https:\/\/hojassueltas.es\/index.php?rest_route=\/wp\/v2\/media\/16738"}],"wp:attachment":[{"href":"https:\/\/hojassueltas.es\/index.php?rest_route=%2Fwp%2Fv2%2Fmedia&parent=16736"}],"wp:term":[{"taxonomy":"category","embeddable":true,"href":"https:\/\/hojassueltas.es\/index.php?rest_route=%2Fwp%2Fv2%2Fcategories&post=16736"},{"taxonomy":"post_tag","embeddable":true,"href":"https:\/\/hojassueltas.es\/index.php?rest_route=%2Fwp%2Fv2%2Ftags&post=16736"}],"curies":[{"name":"wp","href":"https:\/\/api.w.org\/{rel}","templated":true}]}}