{"id":16586,"date":"2024-12-28T00:00:15","date_gmt":"2024-12-27T23:00:15","guid":{"rendered":"https:\/\/hojassueltas.es\/?p=16586"},"modified":"2025-12-11T17:34:15","modified_gmt":"2025-12-11T15:34:15","slug":"fotografiando-lapidas-capitulo-7-de-el-balon-rojo","status":"publish","type":"post","link":"https:\/\/hojassueltas.es\/?p=16586","title":{"rendered":"Fotografiando l\u00e1pidas &#8211; Capitulo 8 de \u00abEl Balon Rojo\u00bb"},"content":{"rendered":"<p align=\"justify\">Admiraba la belleza de aquel camposanto. Daniel se mantuvo alejado de esas personas que lloraban la muerte de un familiar, hasta que escuch\u00f3 los gritos desgarradores de la mujer y entendi\u00f3 con gran angustia, que eran unos padres enterrando a un hijo. Algo que iba en contra de la naturaleza. \u00c9l experimentaba terror a sufrir. Jam\u00e1s sentir\u00eda ese dolor. Nunca tendr\u00eda hijos.<\/p>\n<p align=\"justify\">\u00ab\u00a1Mi hijo!! Mi hijo! \u00a1Ahora dormir\u00e1 fr\u00edo todas las noches! \u00a1Hijo m\u00edoo!\u00bb<\/p>\n<p align=\"justify\">A Daniel se le encogi\u00f3 el coraz\u00f3n y dese\u00f3 que encontrara esa madre pronto la serenidad y la paz. Se distanci\u00f3 totalmente hasta perderlos de vista. Abri\u00f3 su mochila oscura y sac\u00f3 su c\u00e1mara. R\u00e1pido se enfrasc\u00f3 en su mundo realizando multitud de fotos en aquella hermosa necr\u00f3polis. Una se\u00f1ora de edad avanzada, depositaba un ramo de flores en una l\u00e1pida. Lloraba silenciosa besando aquella tumba.<\/p>\n<p align=\"justify\">\u00abMientras nos recuerden al fallecer, no estaremos del todo muertos\u00bb, pens\u00f3 Daniel, observando a esa pobre anciana con el mayor de los respetos. Se le ocurri\u00f3 la idea de poner esa frase en su novela. Se alej\u00f3 con su preciada c\u00e1mara realizando fotos de todo el cementerio.<\/p>\n<p align=\"justify\">El tiempo pas\u00f3 volando y pas\u00f3 sin darse cuenta por el mismo sitio donde vio aquella pobre madre, horas atr\u00e1s, llorando a su hijo. Ya no hab\u00eda nadie rodeando aquella tumba. Ley\u00f3 el epitafio de aquella l\u00e1pida..<\/p>\n<p align=\"justify\">Fuiste nuestro mayor orgullo y nuestro mayor tesoro. Volveremos a abrazarnos. Te queremos profundamente amado hijo.<\/p>\n<p align=\"justify\">Daniel tom\u00f3 una foto. La vida pod\u00eda ser tan bella como cruel. Gotas de lluvia helada empezaron a caer sobre \u00e9l. Guard\u00f3 r\u00e1pido su c\u00e1mara y regres\u00f3 a su hogar pensativo. Necesitaba disfrutar de una ducha reparadora. Sent\u00eda fr\u00edo en los huesos. Jam\u00e1s tendr\u00eda hijos, jam\u00e1s. No pasar\u00eda nunca por un sufrimiento as\u00ed. Estuvo el resto del martes dici\u00e9ndoselo as\u00ed mismo. El joven quer\u00eda controlar todo en su vida, hasta el sufrimiento, pero la vida era impredecible y las mayores alegr\u00edas y los mayores pesares llegan muchas veces sin avisar.<\/p>\n<p align=\"justify\"><span style=\"font-family: impact, sans-serif;\">\u00a9 Ver\u00f3nica V\u00e1zquez<\/span><\/p>\n","protected":false},"excerpt":{"rendered":"<p>Admiraba la belleza de aquel camposanto. Daniel se mantuvo alejado de esas personas que lloraban la muerte de un familiar, hasta que escuch\u00f3 los gritos desgarradores de la mujer y entendi\u00f3 con gran angustia, que eran unos padres enterrando a un hijo. Algo que iba en contra de la naturaleza. \u00c9l experimentaba terror a sufrir. [&hellip;]<\/p>\n","protected":false},"author":40,"featured_media":16587,"comment_status":"open","ping_status":"closed","sticky":false,"template":"","format":"standard","meta":{"footnotes":""},"categories":[2099],"tags":[],"class_list":{"0":"post-16586","1":"post","2":"type-post","3":"status-publish","4":"format-standard","5":"has-post-thumbnail","7":"category-el-balon-rojo-n-entregas"},"yoast_head":"<!-- This site is optimized with the Yoast SEO plugin v27.5 - https:\/\/yoast.com\/product\/yoast-seo-wordpress\/ -->\n<title>Fotografiando l\u00e1pidas - Capitulo 8 de \u00abEl Balon Rojo\u00bb | HOJAS SUELTAS Peri\u00f3dico Cultural<\/title>\n<meta name=\"description\" content=\"BLOG \u00abEl miedo es mi tinta\u00bb de Ver\u00f3nica V\u00e1zquez. Capitulo 8 de su novela &quot;El globo rojo&quot;\" \/>\n<meta name=\"robots\" content=\"index, follow, max-snippet:-1, max-image-preview:large, max-video-preview:-1\" \/>\n<link rel=\"canonical\" href=\"https:\/\/hojassueltas.es\/?p=16586\" \/>\n<meta property=\"og:locale\" content=\"es_ES\" \/>\n<meta property=\"og:type\" content=\"article\" \/>\n<meta property=\"og:title\" content=\"Fotografiando l\u00e1pidas - Capitulo 8 de \u00abEl Balon Rojo\u00bb | HOJAS SUELTAS Peri\u00f3dico Cultural\" \/>\n<meta property=\"og:description\" content=\"BLOG \u00abEl miedo es mi tinta\u00bb de Ver\u00f3nica V\u00e1zquez. Capitulo 8 de su novela &quot;El globo rojo&quot;\" \/>\n<meta property=\"og:url\" content=\"https:\/\/hojassueltas.es\/?p=16586\" \/>\n<meta property=\"og:site_name\" content=\"HOJAS SUELTAS Peri\u00f3dico Cultural\" \/>\n<meta property=\"article:published_time\" content=\"2024-12-27T23:00:15+00:00\" \/>\n<meta property=\"article:modified_time\" content=\"2025-12-11T15:34:15+00:00\" \/>\n<meta property=\"og:image\" content=\"https:\/\/hojassueltas.es\/wp-content\/uploads\/2024\/12\/Capitulo-8_-HS.png\" \/>\n\t<meta property=\"og:image:width\" content=\"1050\" \/>\n\t<meta property=\"og:image:height\" content=\"610\" \/>\n\t<meta property=\"og:image:type\" content=\"image\/png\" \/>\n<meta name=\"author\" content=\"Ver\u00f3nica V\u00e1zquez\" \/>\n<meta name=\"twitter:card\" content=\"summary_large_image\" \/>\n<meta name=\"twitter:creator\" content=\"@HOJASSUELTAS22\" \/>\n<meta name=\"twitter:site\" content=\"@HOJASSUELTAS22\" \/>\n<meta name=\"twitter:label1\" content=\"Escrito por\" \/>\n\t<meta name=\"twitter:data1\" content=\"Ver\u00f3nica V\u00e1zquez\" \/>\n\t<meta name=\"twitter:label2\" content=\"Tiempo de lectura\" \/>\n\t<meta name=\"twitter:data2\" content=\"2 minutos\" \/>\n<script type=\"application\/ld+json\" class=\"yoast-schema-graph\">{\"@context\":\"https:\\\/\\\/schema.org\",\"@graph\":[{\"@type\":[\"Article\",\"BlogPosting\"],\"@id\":\"https:\\\/\\\/hojassueltas.es\\\/?p=16586#article\",\"isPartOf\":{\"@id\":\"https:\\\/\\\/hojassueltas.es\\\/?p=16586\"},\"author\":{\"name\":\"Ver\u00f3nica V\u00e1zquez\",\"@id\":\"https:\\\/\\\/hojassueltas.es\\\/#\\\/schema\\\/person\\\/4c21892d9a305088d55a62ff59826d04\"},\"headline\":\"Fotografiando l\u00e1pidas &#8211; Capitulo 8 de \u00abEl Balon Rojo\u00bb\",\"datePublished\":\"2024-12-27T23:00:15+00:00\",\"dateModified\":\"2025-12-11T15:34:15+00:00\",\"mainEntityOfPage\":{\"@id\":\"https:\\\/\\\/hojassueltas.es\\\/?p=16586\"},\"wordCount\":370,\"commentCount\":0,\"publisher\":{\"@id\":\"https:\\\/\\\/hojassueltas.es\\\/#organization\"},\"image\":{\"@id\":\"https:\\\/\\\/hojassueltas.es\\\/?p=16586#primaryimage\"},\"thumbnailUrl\":\"https:\\\/\\\/hojassueltas.es\\\/wp-content\\\/uploads\\\/2024\\\/12\\\/Capitulo-8_-HS.png\",\"articleSection\":[\"El Bal\u00f3n Rojo\"],\"inLanguage\":\"es\",\"potentialAction\":[{\"@type\":\"CommentAction\",\"name\":\"Comment\",\"target\":[\"https:\\\/\\\/hojassueltas.es\\\/?p=16586#respond\"]}]},{\"@type\":\"WebPage\",\"@id\":\"https:\\\/\\\/hojassueltas.es\\\/?p=16586\",\"url\":\"https:\\\/\\\/hojassueltas.es\\\/?p=16586\",\"name\":\"Fotografiando l\u00e1pidas - Capitulo 8 de \u00abEl Balon Rojo\u00bb | HOJAS SUELTAS Peri\u00f3dico Cultural\",\"isPartOf\":{\"@id\":\"https:\\\/\\\/hojassueltas.es\\\/#website\"},\"primaryImageOfPage\":{\"@id\":\"https:\\\/\\\/hojassueltas.es\\\/?p=16586#primaryimage\"},\"image\":{\"@id\":\"https:\\\/\\\/hojassueltas.es\\\/?p=16586#primaryimage\"},\"thumbnailUrl\":\"https:\\\/\\\/hojassueltas.es\\\/wp-content\\\/uploads\\\/2024\\\/12\\\/Capitulo-8_-HS.png\",\"datePublished\":\"2024-12-27T23:00:15+00:00\",\"dateModified\":\"2025-12-11T15:34:15+00:00\",\"description\":\"BLOG \u00abEl miedo es mi tinta\u00bb de Ver\u00f3nica V\u00e1zquez. Capitulo 8 de su novela \\\"El globo rojo\\\"\",\"breadcrumb\":{\"@id\":\"https:\\\/\\\/hojassueltas.es\\\/?p=16586#breadcrumb\"},\"inLanguage\":\"es\",\"potentialAction\":[{\"@type\":\"ReadAction\",\"target\":[\"https:\\\/\\\/hojassueltas.es\\\/?p=16586\"]}]},{\"@type\":\"ImageObject\",\"inLanguage\":\"es\",\"@id\":\"https:\\\/\\\/hojassueltas.es\\\/?p=16586#primaryimage\",\"url\":\"https:\\\/\\\/hojassueltas.es\\\/wp-content\\\/uploads\\\/2024\\\/12\\\/Capitulo-8_-HS.png\",\"contentUrl\":\"https:\\\/\\\/hojassueltas.es\\\/wp-content\\\/uploads\\\/2024\\\/12\\\/Capitulo-8_-HS.png\",\"width\":1050,\"height\":610},{\"@type\":\"BreadcrumbList\",\"@id\":\"https:\\\/\\\/hojassueltas.es\\\/?p=16586#breadcrumb\",\"itemListElement\":[{\"@type\":\"ListItem\",\"position\":1,\"name\":\"Portada\",\"item\":\"https:\\\/\\\/hojassueltas.es\\\/\"},{\"@type\":\"ListItem\",\"position\":2,\"name\":\"Fotografiando l\u00e1pidas &#8211; Capitulo 8 de \u00abEl Balon Rojo\u00bb\"}]},{\"@type\":\"WebSite\",\"@id\":\"https:\\\/\\\/hojassueltas.es\\\/#website\",\"url\":\"https:\\\/\\\/hojassueltas.es\\\/\",\"name\":\"HojasSueltas.es\",\"description\":\"GRANADA - Peri\u00f3dico Cultural\",\"publisher\":{\"@id\":\"https:\\\/\\\/hojassueltas.es\\\/#organization\"},\"alternateName\":\"H.S. Periodico Cultural\",\"potentialAction\":[{\"@type\":\"SearchAction\",\"target\":{\"@type\":\"EntryPoint\",\"urlTemplate\":\"https:\\\/\\\/hojassueltas.es\\\/?s={search_term_string}\"},\"query-input\":{\"@type\":\"PropertyValueSpecification\",\"valueRequired\":true,\"valueName\":\"search_term_string\"}}],\"inLanguage\":\"es\"},{\"@type\":\"Organization\",\"@id\":\"https:\\\/\\\/hojassueltas.es\\\/#organization\",\"name\":\"HOJAS SUELTAS - Peri\u00f3dico Cultural\",\"alternateName\":\"HS - HOJAS SUELTAS Peri\u00f3dico Cultural\",\"url\":\"https:\\\/\\\/hojassueltas.es\\\/\",\"logo\":{\"@type\":\"ImageObject\",\"inLanguage\":\"es\",\"@id\":\"https:\\\/\\\/hojassueltas.es\\\/#\\\/schema\\\/logo\\\/image\\\/\",\"url\":\"https:\\\/\\\/hojassueltas.es\\\/wp-content\\\/uploads\\\/2025\\\/08\\\/Icono-HS_2.png\",\"contentUrl\":\"https:\\\/\\\/hojassueltas.es\\\/wp-content\\\/uploads\\\/2025\\\/08\\\/Icono-HS_2.png\",\"width\":500,\"height\":500,\"caption\":\"HOJAS SUELTAS - Peri\u00f3dico Cultural\"},\"image\":{\"@id\":\"https:\\\/\\\/hojassueltas.es\\\/#\\\/schema\\\/logo\\\/image\\\/\"},\"sameAs\":[\"https:\\\/\\\/x.com\\\/HOJASSUELTAS22\"]},{\"@type\":\"Person\",\"@id\":\"https:\\\/\\\/hojassueltas.es\\\/#\\\/schema\\\/person\\\/4c21892d9a305088d55a62ff59826d04\",\"name\":\"Ver\u00f3nica V\u00e1zquez\",\"image\":{\"@type\":\"ImageObject\",\"inLanguage\":\"es\",\"@id\":\"https:\\\/\\\/hojassueltas.es\\\/wp-content\\\/uploads\\\/2024\\\/10\\\/Imagen-2-96x96.jpg\",\"url\":\"https:\\\/\\\/hojassueltas.es\\\/wp-content\\\/uploads\\\/2024\\\/10\\\/Imagen-2-96x96.jpg\",\"contentUrl\":\"https:\\\/\\\/hojassueltas.es\\\/wp-content\\\/uploads\\\/2024\\\/10\\\/Imagen-2-96x96.jpg\",\"caption\":\"Ver\u00f3nica V\u00e1zquez\"},\"description\":\"Santiago de Compostela 1978. Tiene formaci\u00f3n y experiencia en secretariado. Pero su verdadera pasi\u00f3n siempre ha sido el cine y la literatura. Seguidora del g\u00e9nero de suspense. Tambi\u00e9n siente fascinaci\u00f3n por el c\u00f3mic de terror cl\u00e1sico consider\u00e1ndolo un exquisito arte. Gusta escribir sus historias como una pel\u00edcula. De gran imaginaci\u00f3n, en el a\u00f1o 2020 publica dos novelas de suspense en sello digital de Grupo Planeta, Click ediciones. En 2022 un audiolibro de \u00abLa sombra de Marcos\u00bb en plataforma Nextory. En 2023 comienza a realizar colaboraciones con microrrelatos de terror, en \u00abHojas Sueltas\u00bb En abril del 2023 gana convocatoria de relatos en la revista LO DESCONOCIDO con el relato de terror EL PASILLO. En junio del 2023 la productora indie TEATRO ROB\u00d3TICO DEL MISTERIO dramatiza en audio el relato de terror de infectados \u00a1CORRE!. En noviembre de 2023 gana convocatoria \u201cLa noche del lic\u00e1ntropo\u201d de la productora de audio LUX FERRE AUDIO con su relato de terror LA MONEDA DE PLATA para ser dramatizada en audio en el podcast Martes de Terror. En 2024 publica su novela de terror paranormal EL BAL\u00d3N ROJO en la web CALAMEO. En mayo del 2024 gana la convocatoria de relatos MIEDO EN CASA con su obra EL HOGAR DEL DIABLO, que ser\u00e1 publicada en una antolog\u00eda digital por la Red Municipal de Bibliotecas P\u00fablicas de Sevilla, Icas y el Ayuntamiento de Sevilla. En agosto del mismo a\u00f1o, gana la VIII convocatoria de relatos en la revista digital DRAG\u00d3N ESCRITOR con su microrrelato de terror TE PERTENECE. El fragmento de su novela de terror EL BAL\u00d3N ROJO se publica en la prestigiosa revista de M\u00e9xico \u201cdelatripa\u201d tambi\u00e9n en el mes de agosto de 2024 INSTAGRAM: Veronicavazquez_escritora \\\/ FACEBOOK: Ver\u00f3nica V\u00e1zquez ( El miedo es mi tinta) \\\/ X (Twitter) : @veronicav1978\",\"url\":\"https:\\\/\\\/hojassueltas.es\\\/?author=40\"}]}<\/script>\n<!-- \/ Yoast SEO plugin. -->","yoast_head_json":{"title":"Fotografiando l\u00e1pidas - Capitulo 8 de \u00abEl Balon Rojo\u00bb | HOJAS SUELTAS Peri\u00f3dico Cultural","description":"BLOG \u00abEl miedo es mi tinta\u00bb de Ver\u00f3nica V\u00e1zquez. Capitulo 8 de su novela \"El globo rojo\"","robots":{"index":"index","follow":"follow","max-snippet":"max-snippet:-1","max-image-preview":"max-image-preview:large","max-video-preview":"max-video-preview:-1"},"canonical":"https:\/\/hojassueltas.es\/?p=16586","og_locale":"es_ES","og_type":"article","og_title":"Fotografiando l\u00e1pidas - Capitulo 8 de \u00abEl Balon Rojo\u00bb | HOJAS SUELTAS Peri\u00f3dico Cultural","og_description":"BLOG \u00abEl miedo es mi tinta\u00bb de Ver\u00f3nica V\u00e1zquez. Capitulo 8 de su novela \"El globo rojo\"","og_url":"https:\/\/hojassueltas.es\/?p=16586","og_site_name":"HOJAS SUELTAS Peri\u00f3dico Cultural","article_published_time":"2024-12-27T23:00:15+00:00","article_modified_time":"2025-12-11T15:34:15+00:00","og_image":[{"width":1050,"height":610,"url":"https:\/\/hojassueltas.es\/wp-content\/uploads\/2024\/12\/Capitulo-8_-HS.png","type":"image\/png"}],"author":"Ver\u00f3nica V\u00e1zquez","twitter_card":"summary_large_image","twitter_creator":"@HOJASSUELTAS22","twitter_site":"@HOJASSUELTAS22","twitter_misc":{"Escrito por":"Ver\u00f3nica V\u00e1zquez","Tiempo de lectura":"2 minutos"},"schema":{"@context":"https:\/\/schema.org","@graph":[{"@type":["Article","BlogPosting"],"@id":"https:\/\/hojassueltas.es\/?p=16586#article","isPartOf":{"@id":"https:\/\/hojassueltas.es\/?p=16586"},"author":{"name":"Ver\u00f3nica V\u00e1zquez","@id":"https:\/\/hojassueltas.es\/#\/schema\/person\/4c21892d9a305088d55a62ff59826d04"},"headline":"Fotografiando l\u00e1pidas &#8211; Capitulo 8 de \u00abEl Balon Rojo\u00bb","datePublished":"2024-12-27T23:00:15+00:00","dateModified":"2025-12-11T15:34:15+00:00","mainEntityOfPage":{"@id":"https:\/\/hojassueltas.es\/?p=16586"},"wordCount":370,"commentCount":0,"publisher":{"@id":"https:\/\/hojassueltas.es\/#organization"},"image":{"@id":"https:\/\/hojassueltas.es\/?p=16586#primaryimage"},"thumbnailUrl":"https:\/\/hojassueltas.es\/wp-content\/uploads\/2024\/12\/Capitulo-8_-HS.png","articleSection":["El Bal\u00f3n Rojo"],"inLanguage":"es","potentialAction":[{"@type":"CommentAction","name":"Comment","target":["https:\/\/hojassueltas.es\/?p=16586#respond"]}]},{"@type":"WebPage","@id":"https:\/\/hojassueltas.es\/?p=16586","url":"https:\/\/hojassueltas.es\/?p=16586","name":"Fotografiando l\u00e1pidas - Capitulo 8 de \u00abEl Balon Rojo\u00bb | HOJAS SUELTAS Peri\u00f3dico Cultural","isPartOf":{"@id":"https:\/\/hojassueltas.es\/#website"},"primaryImageOfPage":{"@id":"https:\/\/hojassueltas.es\/?p=16586#primaryimage"},"image":{"@id":"https:\/\/hojassueltas.es\/?p=16586#primaryimage"},"thumbnailUrl":"https:\/\/hojassueltas.es\/wp-content\/uploads\/2024\/12\/Capitulo-8_-HS.png","datePublished":"2024-12-27T23:00:15+00:00","dateModified":"2025-12-11T15:34:15+00:00","description":"BLOG \u00abEl miedo es mi tinta\u00bb de Ver\u00f3nica V\u00e1zquez. Capitulo 8 de su novela \"El globo rojo\"","breadcrumb":{"@id":"https:\/\/hojassueltas.es\/?p=16586#breadcrumb"},"inLanguage":"es","potentialAction":[{"@type":"ReadAction","target":["https:\/\/hojassueltas.es\/?p=16586"]}]},{"@type":"ImageObject","inLanguage":"es","@id":"https:\/\/hojassueltas.es\/?p=16586#primaryimage","url":"https:\/\/hojassueltas.es\/wp-content\/uploads\/2024\/12\/Capitulo-8_-HS.png","contentUrl":"https:\/\/hojassueltas.es\/wp-content\/uploads\/2024\/12\/Capitulo-8_-HS.png","width":1050,"height":610},{"@type":"BreadcrumbList","@id":"https:\/\/hojassueltas.es\/?p=16586#breadcrumb","itemListElement":[{"@type":"ListItem","position":1,"name":"Portada","item":"https:\/\/hojassueltas.es\/"},{"@type":"ListItem","position":2,"name":"Fotografiando l\u00e1pidas &#8211; Capitulo 8 de \u00abEl Balon Rojo\u00bb"}]},{"@type":"WebSite","@id":"https:\/\/hojassueltas.es\/#website","url":"https:\/\/hojassueltas.es\/","name":"HojasSueltas.es","description":"GRANADA - Peri\u00f3dico Cultural","publisher":{"@id":"https:\/\/hojassueltas.es\/#organization"},"alternateName":"H.S. Periodico Cultural","potentialAction":[{"@type":"SearchAction","target":{"@type":"EntryPoint","urlTemplate":"https:\/\/hojassueltas.es\/?s={search_term_string}"},"query-input":{"@type":"PropertyValueSpecification","valueRequired":true,"valueName":"search_term_string"}}],"inLanguage":"es"},{"@type":"Organization","@id":"https:\/\/hojassueltas.es\/#organization","name":"HOJAS SUELTAS - Peri\u00f3dico Cultural","alternateName":"HS - HOJAS SUELTAS Peri\u00f3dico Cultural","url":"https:\/\/hojassueltas.es\/","logo":{"@type":"ImageObject","inLanguage":"es","@id":"https:\/\/hojassueltas.es\/#\/schema\/logo\/image\/","url":"https:\/\/hojassueltas.es\/wp-content\/uploads\/2025\/08\/Icono-HS_2.png","contentUrl":"https:\/\/hojassueltas.es\/wp-content\/uploads\/2025\/08\/Icono-HS_2.png","width":500,"height":500,"caption":"HOJAS SUELTAS - Peri\u00f3dico Cultural"},"image":{"@id":"https:\/\/hojassueltas.es\/#\/schema\/logo\/image\/"},"sameAs":["https:\/\/x.com\/HOJASSUELTAS22"]},{"@type":"Person","@id":"https:\/\/hojassueltas.es\/#\/schema\/person\/4c21892d9a305088d55a62ff59826d04","name":"Ver\u00f3nica V\u00e1zquez","image":{"@type":"ImageObject","inLanguage":"es","@id":"https:\/\/hojassueltas.es\/wp-content\/uploads\/2024\/10\/Imagen-2-96x96.jpg","url":"https:\/\/hojassueltas.es\/wp-content\/uploads\/2024\/10\/Imagen-2-96x96.jpg","contentUrl":"https:\/\/hojassueltas.es\/wp-content\/uploads\/2024\/10\/Imagen-2-96x96.jpg","caption":"Ver\u00f3nica V\u00e1zquez"},"description":"Santiago de Compostela 1978. Tiene formaci\u00f3n y experiencia en secretariado. Pero su verdadera pasi\u00f3n siempre ha sido el cine y la literatura. Seguidora del g\u00e9nero de suspense. Tambi\u00e9n siente fascinaci\u00f3n por el c\u00f3mic de terror cl\u00e1sico consider\u00e1ndolo un exquisito arte. Gusta escribir sus historias como una pel\u00edcula. De gran imaginaci\u00f3n, en el a\u00f1o 2020 publica dos novelas de suspense en sello digital de Grupo Planeta, Click ediciones. En 2022 un audiolibro de \u00abLa sombra de Marcos\u00bb en plataforma Nextory. En 2023 comienza a realizar colaboraciones con microrrelatos de terror, en \u00abHojas Sueltas\u00bb En abril del 2023 gana convocatoria de relatos en la revista LO DESCONOCIDO con el relato de terror EL PASILLO. En junio del 2023 la productora indie TEATRO ROB\u00d3TICO DEL MISTERIO dramatiza en audio el relato de terror de infectados \u00a1CORRE!. En noviembre de 2023 gana convocatoria \u201cLa noche del lic\u00e1ntropo\u201d de la productora de audio LUX FERRE AUDIO con su relato de terror LA MONEDA DE PLATA para ser dramatizada en audio en el podcast Martes de Terror. En 2024 publica su novela de terror paranormal EL BAL\u00d3N ROJO en la web CALAMEO. En mayo del 2024 gana la convocatoria de relatos MIEDO EN CASA con su obra EL HOGAR DEL DIABLO, que ser\u00e1 publicada en una antolog\u00eda digital por la Red Municipal de Bibliotecas P\u00fablicas de Sevilla, Icas y el Ayuntamiento de Sevilla. En agosto del mismo a\u00f1o, gana la VIII convocatoria de relatos en la revista digital DRAG\u00d3N ESCRITOR con su microrrelato de terror TE PERTENECE. El fragmento de su novela de terror EL BAL\u00d3N ROJO se publica en la prestigiosa revista de M\u00e9xico \u201cdelatripa\u201d tambi\u00e9n en el mes de agosto de 2024 INSTAGRAM: Veronicavazquez_escritora \/ FACEBOOK: Ver\u00f3nica V\u00e1zquez ( El miedo es mi tinta) \/ X (Twitter) : @veronicav1978","url":"https:\/\/hojassueltas.es\/?author=40"}]}},"_links":{"self":[{"href":"https:\/\/hojassueltas.es\/index.php?rest_route=\/wp\/v2\/posts\/16586","targetHints":{"allow":["GET"]}}],"collection":[{"href":"https:\/\/hojassueltas.es\/index.php?rest_route=\/wp\/v2\/posts"}],"about":[{"href":"https:\/\/hojassueltas.es\/index.php?rest_route=\/wp\/v2\/types\/post"}],"author":[{"embeddable":true,"href":"https:\/\/hojassueltas.es\/index.php?rest_route=\/wp\/v2\/users\/40"}],"replies":[{"embeddable":true,"href":"https:\/\/hojassueltas.es\/index.php?rest_route=%2Fwp%2Fv2%2Fcomments&post=16586"}],"version-history":[{"count":3,"href":"https:\/\/hojassueltas.es\/index.php?rest_route=\/wp\/v2\/posts\/16586\/revisions"}],"predecessor-version":[{"id":16815,"href":"https:\/\/hojassueltas.es\/index.php?rest_route=\/wp\/v2\/posts\/16586\/revisions\/16815"}],"wp:featuredmedia":[{"embeddable":true,"href":"https:\/\/hojassueltas.es\/index.php?rest_route=\/wp\/v2\/media\/16587"}],"wp:attachment":[{"href":"https:\/\/hojassueltas.es\/index.php?rest_route=%2Fwp%2Fv2%2Fmedia&parent=16586"}],"wp:term":[{"taxonomy":"category","embeddable":true,"href":"https:\/\/hojassueltas.es\/index.php?rest_route=%2Fwp%2Fv2%2Fcategories&post=16586"},{"taxonomy":"post_tag","embeddable":true,"href":"https:\/\/hojassueltas.es\/index.php?rest_route=%2Fwp%2Fv2%2Ftags&post=16586"}],"curies":[{"name":"wp","href":"https:\/\/api.w.org\/{rel}","templated":true}]}}