{"id":16582,"date":"2024-12-19T00:00:15","date_gmt":"2024-12-18T23:00:15","guid":{"rendered":"https:\/\/hojassueltas.es\/?p=16582"},"modified":"2025-12-11T17:34:15","modified_gmt":"2025-12-11T15:34:15","slug":"daniel-capitulo-7-de-el-balon-rojo","status":"publish","type":"post","link":"https:\/\/hojassueltas.es\/?p=16582","title":{"rendered":"Daniel &#8211; Cap\u00edtulo 7 de \u00abEl Bal\u00f3n Rojo\u00bb"},"content":{"rendered":"<p align=\"justify\">No era un buen d\u00eda para visitar tumbas. El cielo oscuro amenazaba lluvia y no le gustaba pasearse por los cementerios con el paraguas abierto o mucho peor, que se mojara su c\u00e1mara de fotos por el que sent\u00eda un apego especial. Le cost\u00f3 un sueldo entero, pero lo pag\u00f3 con gusto.<\/p>\n<p align=\"justify\">Daniel era un joven treinta\u00f1ero de car\u00e1cter melanc\u00f3lico. Disfrutaba de su soledad, de las noches de tormenta. La oscuridad era su leal amiga. Y sus paseos tur\u00edsticos eran los cementerios. Se conoc\u00eda cada recoveco de todos los camposantos que hab\u00eda visitado. Ten\u00eda \u00e1lbumes llenos de fotos. Las figuras que se ve\u00edan pegadas a las l\u00e1pidas le fascinaban. Sab\u00edan que representaban a los esp\u00edritus guardianes de los cementerios en forma de leones, \u00e1ngeles, caballos, esfinges, o figuras encapuchadas. Estaban ah\u00ed para asegurar el descanso eterno de los que viv\u00edan eternamente bajo las l\u00e1pidas. Las estatuas nunca miraban hacia arriba. Siempre miraban hacia abajo protegiendo a los fallecidos del camposanto. O mirando al frente para vigilar toda la necr\u00f3polis.<\/p>\n<p align=\"justify\">A Daniel le molestaba e incomodaba escuchar a un ignorante, cuando exclamaba \u00abHas visto qu\u00e9 figuras tan bonitas decoran este cementerio?\u00bb Le entraban ganas de volverse a esa persona y contestarle que se informara antes de hablar. Que no eran meras figuras de decoraci\u00f3n. Y que no tocara con sus manazas a los esp\u00edritus guardianes.<\/p>\n<p align=\"justify\">Daniel estaba fijo de administrativo en una asesor\u00eda familiar en Santander y en sus ratos libres, se dedicaba a escribir una novela y visitar tumbas con su c\u00e1mara. Hab\u00eda visitado todos los cementerios de Cantabria. Era un joven de estatura media, tez muy blanca, cabellos negros y ojos oscuros como el carb\u00f3n. Sus labios carnosos y bien dibujados robaban el sue\u00f1o. Pero \u00e9l parec\u00eda que no se daba cuenta del inter\u00e9s que despertaba en el sexo femenino, pues siempre andaba sumergido en su mundo. En sus treinta a\u00f1os, nunca hab\u00eda experimentado el amor profundo hacia ninguna mujer. Solo rollos de una noche. Sus padres pensaban que dieron a luz un hijo muy peculiar. No era sano que le gustara tanto la soledad y caminar entre tumbas. Ya daban por perdido el hecho de ser abuelos y pensaban pesimistas que no tendr\u00edan nunca la suerte de tener un nieto. Los padres desearon haber tenido m\u00e1s hijos. Ellos pensaban siempre. M\u00e1s hijos, m\u00e1s nietos!<\/p>\n<p align=\"justify\">Decidi\u00f3 al final arriesgarse ese Martes y visitar el cementerio con vistas al mar. Estaba disfrutando de su semana de vacaciones. Eso s\u00ed, en su mochila vieja llevaba bolsas y pl\u00e1sticos para resguardar bien la c\u00e1mara si al final descargara lluvia. Antes de salir de su casa, meti\u00f3 en su mochila el paraguas peque\u00f1o de color negro. Deb\u00eda salir ese d\u00eda. Necesitaba hacer nuevas fotos y encontrar as\u00ed m\u00e1s inspiraci\u00f3n en la novela de terror que llevaba un tiempo escribiendo. Proyecto del que nadie sab\u00eda nada. Quer\u00eda mantenerlo en secreto hasta que terminara su obra literaria.<\/p>\n<p align=\"justify\"><span style=\"font-family: impact, sans-serif;\">\u00a9 Ver\u00f3nica V\u00e1zquez<\/span><\/p>\n<p align=\"justify\">\n","protected":false},"excerpt":{"rendered":"<p>No era un buen d\u00eda para visitar tumbas. El cielo oscuro amenazaba lluvia y no le gustaba pasearse por los cementerios con el paraguas abierto o mucho peor, que se mojara su c\u00e1mara de fotos por el que sent\u00eda un apego especial. Le cost\u00f3 un sueldo entero, pero lo pag\u00f3 con gusto. Daniel era un [&hellip;]<\/p>\n","protected":false},"author":40,"featured_media":16584,"comment_status":"open","ping_status":"closed","sticky":false,"template":"","format":"standard","meta":{"footnotes":""},"categories":[2099],"tags":[],"class_list":{"0":"post-16582","1":"post","2":"type-post","3":"status-publish","4":"format-standard","5":"has-post-thumbnail","7":"category-el-balon-rojo-n-entregas"},"yoast_head":"<!-- This site is optimized with the Yoast SEO plugin v27.4 - https:\/\/yoast.com\/product\/yoast-seo-wordpress\/ -->\n<title>Daniel - Cap\u00edtulo 7 de \u00abEl Bal\u00f3n Rojo\u00bb | HOJAS SUELTAS Peri\u00f3dico Cultural<\/title>\n<meta name=\"description\" content=\"BLOG \u00abEl miedo es mi tinta\u00bb por Ver\u00f3nica V\u00e1zquez. Capitulo 7 de EL BALON ROJO\" \/>\n<meta name=\"robots\" content=\"index, follow, max-snippet:-1, max-image-preview:large, max-video-preview:-1\" \/>\n<link rel=\"canonical\" href=\"https:\/\/hojassueltas.es\/?p=16582\" \/>\n<meta property=\"og:locale\" content=\"es_ES\" \/>\n<meta property=\"og:type\" content=\"article\" \/>\n<meta property=\"og:title\" content=\"Daniel - Cap\u00edtulo 7 de \u00abEl Bal\u00f3n Rojo\u00bb | HOJAS SUELTAS Peri\u00f3dico Cultural\" \/>\n<meta property=\"og:description\" content=\"BLOG \u00abEl miedo es mi tinta\u00bb por Ver\u00f3nica V\u00e1zquez. Capitulo 7 de EL BALON ROJO\" \/>\n<meta property=\"og:url\" content=\"https:\/\/hojassueltas.es\/?p=16582\" \/>\n<meta property=\"og:site_name\" content=\"HOJAS SUELTAS Peri\u00f3dico Cultural\" \/>\n<meta property=\"article:published_time\" content=\"2024-12-18T23:00:15+00:00\" \/>\n<meta property=\"article:modified_time\" content=\"2025-12-11T15:34:15+00:00\" \/>\n<meta property=\"og:image\" content=\"https:\/\/hojassueltas.es\/wp-content\/uploads\/2024\/12\/Capitulo-7_-HS.png\" \/>\n\t<meta property=\"og:image:width\" content=\"1050\" \/>\n\t<meta property=\"og:image:height\" content=\"610\" \/>\n\t<meta property=\"og:image:type\" content=\"image\/png\" \/>\n<meta name=\"author\" content=\"Ver\u00f3nica V\u00e1zquez\" \/>\n<meta name=\"twitter:card\" content=\"summary_large_image\" \/>\n<meta name=\"twitter:creator\" content=\"@HOJASSUELTAS22\" \/>\n<meta name=\"twitter:site\" content=\"@HOJASSUELTAS22\" \/>\n<meta name=\"twitter:label1\" content=\"Escrito por\" \/>\n\t<meta name=\"twitter:data1\" content=\"Ver\u00f3nica V\u00e1zquez\" \/>\n\t<meta name=\"twitter:label2\" content=\"Tiempo de lectura\" \/>\n\t<meta name=\"twitter:data2\" content=\"3 minutos\" \/>\n<script type=\"application\/ld+json\" class=\"yoast-schema-graph\">{\"@context\":\"https:\\\/\\\/schema.org\",\"@graph\":[{\"@type\":[\"Article\",\"BlogPosting\"],\"@id\":\"https:\\\/\\\/hojassueltas.es\\\/?p=16582#article\",\"isPartOf\":{\"@id\":\"https:\\\/\\\/hojassueltas.es\\\/?p=16582\"},\"author\":{\"name\":\"Ver\u00f3nica V\u00e1zquez\",\"@id\":\"https:\\\/\\\/hojassueltas.es\\\/#\\\/schema\\\/person\\\/4c21892d9a305088d55a62ff59826d04\"},\"headline\":\"Daniel &#8211; Cap\u00edtulo 7 de \u00abEl Bal\u00f3n Rojo\u00bb\",\"datePublished\":\"2024-12-18T23:00:15+00:00\",\"dateModified\":\"2025-12-11T15:34:15+00:00\",\"mainEntityOfPage\":{\"@id\":\"https:\\\/\\\/hojassueltas.es\\\/?p=16582\"},\"wordCount\":536,\"commentCount\":0,\"publisher\":{\"@id\":\"https:\\\/\\\/hojassueltas.es\\\/#organization\"},\"image\":{\"@id\":\"https:\\\/\\\/hojassueltas.es\\\/?p=16582#primaryimage\"},\"thumbnailUrl\":\"https:\\\/\\\/hojassueltas.es\\\/wp-content\\\/uploads\\\/2024\\\/12\\\/Capitulo-7_-HS.png\",\"articleSection\":[\"El Bal\u00f3n Rojo\"],\"inLanguage\":\"es\",\"potentialAction\":[{\"@type\":\"CommentAction\",\"name\":\"Comment\",\"target\":[\"https:\\\/\\\/hojassueltas.es\\\/?p=16582#respond\"]}]},{\"@type\":\"WebPage\",\"@id\":\"https:\\\/\\\/hojassueltas.es\\\/?p=16582\",\"url\":\"https:\\\/\\\/hojassueltas.es\\\/?p=16582\",\"name\":\"Daniel - Cap\u00edtulo 7 de \u00abEl Bal\u00f3n Rojo\u00bb | HOJAS SUELTAS Peri\u00f3dico Cultural\",\"isPartOf\":{\"@id\":\"https:\\\/\\\/hojassueltas.es\\\/#website\"},\"primaryImageOfPage\":{\"@id\":\"https:\\\/\\\/hojassueltas.es\\\/?p=16582#primaryimage\"},\"image\":{\"@id\":\"https:\\\/\\\/hojassueltas.es\\\/?p=16582#primaryimage\"},\"thumbnailUrl\":\"https:\\\/\\\/hojassueltas.es\\\/wp-content\\\/uploads\\\/2024\\\/12\\\/Capitulo-7_-HS.png\",\"datePublished\":\"2024-12-18T23:00:15+00:00\",\"dateModified\":\"2025-12-11T15:34:15+00:00\",\"description\":\"BLOG \u00abEl miedo es mi tinta\u00bb por Ver\u00f3nica V\u00e1zquez. Capitulo 7 de EL BALON ROJO\",\"breadcrumb\":{\"@id\":\"https:\\\/\\\/hojassueltas.es\\\/?p=16582#breadcrumb\"},\"inLanguage\":\"es\",\"potentialAction\":[{\"@type\":\"ReadAction\",\"target\":[\"https:\\\/\\\/hojassueltas.es\\\/?p=16582\"]}]},{\"@type\":\"ImageObject\",\"inLanguage\":\"es\",\"@id\":\"https:\\\/\\\/hojassueltas.es\\\/?p=16582#primaryimage\",\"url\":\"https:\\\/\\\/hojassueltas.es\\\/wp-content\\\/uploads\\\/2024\\\/12\\\/Capitulo-7_-HS.png\",\"contentUrl\":\"https:\\\/\\\/hojassueltas.es\\\/wp-content\\\/uploads\\\/2024\\\/12\\\/Capitulo-7_-HS.png\",\"width\":1050,\"height\":610},{\"@type\":\"BreadcrumbList\",\"@id\":\"https:\\\/\\\/hojassueltas.es\\\/?p=16582#breadcrumb\",\"itemListElement\":[{\"@type\":\"ListItem\",\"position\":1,\"name\":\"Portada\",\"item\":\"https:\\\/\\\/hojassueltas.es\\\/\"},{\"@type\":\"ListItem\",\"position\":2,\"name\":\"Daniel &#8211; Cap\u00edtulo 7 de \u00abEl Bal\u00f3n Rojo\u00bb\"}]},{\"@type\":\"WebSite\",\"@id\":\"https:\\\/\\\/hojassueltas.es\\\/#website\",\"url\":\"https:\\\/\\\/hojassueltas.es\\\/\",\"name\":\"HojasSueltas.es\",\"description\":\"GRANADA - Peri\u00f3dico Cultural\",\"publisher\":{\"@id\":\"https:\\\/\\\/hojassueltas.es\\\/#organization\"},\"alternateName\":\"H.S. Periodico Cultural\",\"potentialAction\":[{\"@type\":\"SearchAction\",\"target\":{\"@type\":\"EntryPoint\",\"urlTemplate\":\"https:\\\/\\\/hojassueltas.es\\\/?s={search_term_string}\"},\"query-input\":{\"@type\":\"PropertyValueSpecification\",\"valueRequired\":true,\"valueName\":\"search_term_string\"}}],\"inLanguage\":\"es\"},{\"@type\":\"Organization\",\"@id\":\"https:\\\/\\\/hojassueltas.es\\\/#organization\",\"name\":\"HOJAS SUELTAS - Peri\u00f3dico Cultural\",\"alternateName\":\"HS - HOJAS SUELTAS Peri\u00f3dico Cultural\",\"url\":\"https:\\\/\\\/hojassueltas.es\\\/\",\"logo\":{\"@type\":\"ImageObject\",\"inLanguage\":\"es\",\"@id\":\"https:\\\/\\\/hojassueltas.es\\\/#\\\/schema\\\/logo\\\/image\\\/\",\"url\":\"https:\\\/\\\/hojassueltas.es\\\/wp-content\\\/uploads\\\/2025\\\/08\\\/Icono-HS_2.png\",\"contentUrl\":\"https:\\\/\\\/hojassueltas.es\\\/wp-content\\\/uploads\\\/2025\\\/08\\\/Icono-HS_2.png\",\"width\":500,\"height\":500,\"caption\":\"HOJAS SUELTAS - Peri\u00f3dico Cultural\"},\"image\":{\"@id\":\"https:\\\/\\\/hojassueltas.es\\\/#\\\/schema\\\/logo\\\/image\\\/\"},\"sameAs\":[\"https:\\\/\\\/x.com\\\/HOJASSUELTAS22\"]},{\"@type\":\"Person\",\"@id\":\"https:\\\/\\\/hojassueltas.es\\\/#\\\/schema\\\/person\\\/4c21892d9a305088d55a62ff59826d04\",\"name\":\"Ver\u00f3nica V\u00e1zquez\",\"image\":{\"@type\":\"ImageObject\",\"inLanguage\":\"es\",\"@id\":\"https:\\\/\\\/hojassueltas.es\\\/wp-content\\\/uploads\\\/2024\\\/10\\\/Imagen-2-96x96.jpg\",\"url\":\"https:\\\/\\\/hojassueltas.es\\\/wp-content\\\/uploads\\\/2024\\\/10\\\/Imagen-2-96x96.jpg\",\"contentUrl\":\"https:\\\/\\\/hojassueltas.es\\\/wp-content\\\/uploads\\\/2024\\\/10\\\/Imagen-2-96x96.jpg\",\"caption\":\"Ver\u00f3nica V\u00e1zquez\"},\"description\":\"Santiago de Compostela 1978. Tiene formaci\u00f3n y experiencia en secretariado. Pero su verdadera pasi\u00f3n siempre ha sido el cine y la literatura. Seguidora del g\u00e9nero de suspense. Tambi\u00e9n siente fascinaci\u00f3n por el c\u00f3mic de terror cl\u00e1sico consider\u00e1ndolo un exquisito arte. Gusta escribir sus historias como una pel\u00edcula. De gran imaginaci\u00f3n, en el a\u00f1o 2020 publica dos novelas de suspense en sello digital de Grupo Planeta, Click ediciones. En 2022 un audiolibro de \u00abLa sombra de Marcos\u00bb en plataforma Nextory. En 2023 comienza a realizar colaboraciones con microrrelatos de terror, en \u00abHojas Sueltas\u00bb En abril del 2023 gana convocatoria de relatos en la revista LO DESCONOCIDO con el relato de terror EL PASILLO. En junio del 2023 la productora indie TEATRO ROB\u00d3TICO DEL MISTERIO dramatiza en audio el relato de terror de infectados \u00a1CORRE!. En noviembre de 2023 gana convocatoria \u201cLa noche del lic\u00e1ntropo\u201d de la productora de audio LUX FERRE AUDIO con su relato de terror LA MONEDA DE PLATA para ser dramatizada en audio en el podcast Martes de Terror. En 2024 publica su novela de terror paranormal EL BAL\u00d3N ROJO en la web CALAMEO. En mayo del 2024 gana la convocatoria de relatos MIEDO EN CASA con su obra EL HOGAR DEL DIABLO, que ser\u00e1 publicada en una antolog\u00eda digital por la Red Municipal de Bibliotecas P\u00fablicas de Sevilla, Icas y el Ayuntamiento de Sevilla. En agosto del mismo a\u00f1o, gana la VIII convocatoria de relatos en la revista digital DRAG\u00d3N ESCRITOR con su microrrelato de terror TE PERTENECE. El fragmento de su novela de terror EL BAL\u00d3N ROJO se publica en la prestigiosa revista de M\u00e9xico \u201cdelatripa\u201d tambi\u00e9n en el mes de agosto de 2024 INSTAGRAM: Veronicavazquez_escritora \\\/ FACEBOOK: Ver\u00f3nica V\u00e1zquez ( El miedo es mi tinta) \\\/ X (Twitter) : @veronicav1978\",\"url\":\"https:\\\/\\\/hojassueltas.es\\\/?author=40\"}]}<\/script>\n<!-- \/ Yoast SEO plugin. -->","yoast_head_json":{"title":"Daniel - Cap\u00edtulo 7 de \u00abEl Bal\u00f3n Rojo\u00bb | HOJAS SUELTAS Peri\u00f3dico Cultural","description":"BLOG \u00abEl miedo es mi tinta\u00bb por Ver\u00f3nica V\u00e1zquez. Capitulo 7 de EL BALON ROJO","robots":{"index":"index","follow":"follow","max-snippet":"max-snippet:-1","max-image-preview":"max-image-preview:large","max-video-preview":"max-video-preview:-1"},"canonical":"https:\/\/hojassueltas.es\/?p=16582","og_locale":"es_ES","og_type":"article","og_title":"Daniel - Cap\u00edtulo 7 de \u00abEl Bal\u00f3n Rojo\u00bb | HOJAS SUELTAS Peri\u00f3dico Cultural","og_description":"BLOG \u00abEl miedo es mi tinta\u00bb por Ver\u00f3nica V\u00e1zquez. Capitulo 7 de EL BALON ROJO","og_url":"https:\/\/hojassueltas.es\/?p=16582","og_site_name":"HOJAS SUELTAS Peri\u00f3dico Cultural","article_published_time":"2024-12-18T23:00:15+00:00","article_modified_time":"2025-12-11T15:34:15+00:00","og_image":[{"width":1050,"height":610,"url":"https:\/\/hojassueltas.es\/wp-content\/uploads\/2024\/12\/Capitulo-7_-HS.png","type":"image\/png"}],"author":"Ver\u00f3nica V\u00e1zquez","twitter_card":"summary_large_image","twitter_creator":"@HOJASSUELTAS22","twitter_site":"@HOJASSUELTAS22","twitter_misc":{"Escrito por":"Ver\u00f3nica V\u00e1zquez","Tiempo de lectura":"3 minutos"},"schema":{"@context":"https:\/\/schema.org","@graph":[{"@type":["Article","BlogPosting"],"@id":"https:\/\/hojassueltas.es\/?p=16582#article","isPartOf":{"@id":"https:\/\/hojassueltas.es\/?p=16582"},"author":{"name":"Ver\u00f3nica V\u00e1zquez","@id":"https:\/\/hojassueltas.es\/#\/schema\/person\/4c21892d9a305088d55a62ff59826d04"},"headline":"Daniel &#8211; Cap\u00edtulo 7 de \u00abEl Bal\u00f3n Rojo\u00bb","datePublished":"2024-12-18T23:00:15+00:00","dateModified":"2025-12-11T15:34:15+00:00","mainEntityOfPage":{"@id":"https:\/\/hojassueltas.es\/?p=16582"},"wordCount":536,"commentCount":0,"publisher":{"@id":"https:\/\/hojassueltas.es\/#organization"},"image":{"@id":"https:\/\/hojassueltas.es\/?p=16582#primaryimage"},"thumbnailUrl":"https:\/\/hojassueltas.es\/wp-content\/uploads\/2024\/12\/Capitulo-7_-HS.png","articleSection":["El Bal\u00f3n Rojo"],"inLanguage":"es","potentialAction":[{"@type":"CommentAction","name":"Comment","target":["https:\/\/hojassueltas.es\/?p=16582#respond"]}]},{"@type":"WebPage","@id":"https:\/\/hojassueltas.es\/?p=16582","url":"https:\/\/hojassueltas.es\/?p=16582","name":"Daniel - Cap\u00edtulo 7 de \u00abEl Bal\u00f3n Rojo\u00bb | HOJAS SUELTAS Peri\u00f3dico Cultural","isPartOf":{"@id":"https:\/\/hojassueltas.es\/#website"},"primaryImageOfPage":{"@id":"https:\/\/hojassueltas.es\/?p=16582#primaryimage"},"image":{"@id":"https:\/\/hojassueltas.es\/?p=16582#primaryimage"},"thumbnailUrl":"https:\/\/hojassueltas.es\/wp-content\/uploads\/2024\/12\/Capitulo-7_-HS.png","datePublished":"2024-12-18T23:00:15+00:00","dateModified":"2025-12-11T15:34:15+00:00","description":"BLOG \u00abEl miedo es mi tinta\u00bb por Ver\u00f3nica V\u00e1zquez. Capitulo 7 de EL BALON ROJO","breadcrumb":{"@id":"https:\/\/hojassueltas.es\/?p=16582#breadcrumb"},"inLanguage":"es","potentialAction":[{"@type":"ReadAction","target":["https:\/\/hojassueltas.es\/?p=16582"]}]},{"@type":"ImageObject","inLanguage":"es","@id":"https:\/\/hojassueltas.es\/?p=16582#primaryimage","url":"https:\/\/hojassueltas.es\/wp-content\/uploads\/2024\/12\/Capitulo-7_-HS.png","contentUrl":"https:\/\/hojassueltas.es\/wp-content\/uploads\/2024\/12\/Capitulo-7_-HS.png","width":1050,"height":610},{"@type":"BreadcrumbList","@id":"https:\/\/hojassueltas.es\/?p=16582#breadcrumb","itemListElement":[{"@type":"ListItem","position":1,"name":"Portada","item":"https:\/\/hojassueltas.es\/"},{"@type":"ListItem","position":2,"name":"Daniel &#8211; Cap\u00edtulo 7 de \u00abEl Bal\u00f3n Rojo\u00bb"}]},{"@type":"WebSite","@id":"https:\/\/hojassueltas.es\/#website","url":"https:\/\/hojassueltas.es\/","name":"HojasSueltas.es","description":"GRANADA - Peri\u00f3dico Cultural","publisher":{"@id":"https:\/\/hojassueltas.es\/#organization"},"alternateName":"H.S. Periodico Cultural","potentialAction":[{"@type":"SearchAction","target":{"@type":"EntryPoint","urlTemplate":"https:\/\/hojassueltas.es\/?s={search_term_string}"},"query-input":{"@type":"PropertyValueSpecification","valueRequired":true,"valueName":"search_term_string"}}],"inLanguage":"es"},{"@type":"Organization","@id":"https:\/\/hojassueltas.es\/#organization","name":"HOJAS SUELTAS - Peri\u00f3dico Cultural","alternateName":"HS - HOJAS SUELTAS Peri\u00f3dico Cultural","url":"https:\/\/hojassueltas.es\/","logo":{"@type":"ImageObject","inLanguage":"es","@id":"https:\/\/hojassueltas.es\/#\/schema\/logo\/image\/","url":"https:\/\/hojassueltas.es\/wp-content\/uploads\/2025\/08\/Icono-HS_2.png","contentUrl":"https:\/\/hojassueltas.es\/wp-content\/uploads\/2025\/08\/Icono-HS_2.png","width":500,"height":500,"caption":"HOJAS SUELTAS - Peri\u00f3dico Cultural"},"image":{"@id":"https:\/\/hojassueltas.es\/#\/schema\/logo\/image\/"},"sameAs":["https:\/\/x.com\/HOJASSUELTAS22"]},{"@type":"Person","@id":"https:\/\/hojassueltas.es\/#\/schema\/person\/4c21892d9a305088d55a62ff59826d04","name":"Ver\u00f3nica V\u00e1zquez","image":{"@type":"ImageObject","inLanguage":"es","@id":"https:\/\/hojassueltas.es\/wp-content\/uploads\/2024\/10\/Imagen-2-96x96.jpg","url":"https:\/\/hojassueltas.es\/wp-content\/uploads\/2024\/10\/Imagen-2-96x96.jpg","contentUrl":"https:\/\/hojassueltas.es\/wp-content\/uploads\/2024\/10\/Imagen-2-96x96.jpg","caption":"Ver\u00f3nica V\u00e1zquez"},"description":"Santiago de Compostela 1978. Tiene formaci\u00f3n y experiencia en secretariado. Pero su verdadera pasi\u00f3n siempre ha sido el cine y la literatura. Seguidora del g\u00e9nero de suspense. Tambi\u00e9n siente fascinaci\u00f3n por el c\u00f3mic de terror cl\u00e1sico consider\u00e1ndolo un exquisito arte. Gusta escribir sus historias como una pel\u00edcula. De gran imaginaci\u00f3n, en el a\u00f1o 2020 publica dos novelas de suspense en sello digital de Grupo Planeta, Click ediciones. En 2022 un audiolibro de \u00abLa sombra de Marcos\u00bb en plataforma Nextory. En 2023 comienza a realizar colaboraciones con microrrelatos de terror, en \u00abHojas Sueltas\u00bb En abril del 2023 gana convocatoria de relatos en la revista LO DESCONOCIDO con el relato de terror EL PASILLO. En junio del 2023 la productora indie TEATRO ROB\u00d3TICO DEL MISTERIO dramatiza en audio el relato de terror de infectados \u00a1CORRE!. En noviembre de 2023 gana convocatoria \u201cLa noche del lic\u00e1ntropo\u201d de la productora de audio LUX FERRE AUDIO con su relato de terror LA MONEDA DE PLATA para ser dramatizada en audio en el podcast Martes de Terror. En 2024 publica su novela de terror paranormal EL BAL\u00d3N ROJO en la web CALAMEO. En mayo del 2024 gana la convocatoria de relatos MIEDO EN CASA con su obra EL HOGAR DEL DIABLO, que ser\u00e1 publicada en una antolog\u00eda digital por la Red Municipal de Bibliotecas P\u00fablicas de Sevilla, Icas y el Ayuntamiento de Sevilla. En agosto del mismo a\u00f1o, gana la VIII convocatoria de relatos en la revista digital DRAG\u00d3N ESCRITOR con su microrrelato de terror TE PERTENECE. El fragmento de su novela de terror EL BAL\u00d3N ROJO se publica en la prestigiosa revista de M\u00e9xico \u201cdelatripa\u201d tambi\u00e9n en el mes de agosto de 2024 INSTAGRAM: Veronicavazquez_escritora \/ FACEBOOK: Ver\u00f3nica V\u00e1zquez ( El miedo es mi tinta) \/ X (Twitter) : @veronicav1978","url":"https:\/\/hojassueltas.es\/?author=40"}]}},"_links":{"self":[{"href":"https:\/\/hojassueltas.es\/index.php?rest_route=\/wp\/v2\/posts\/16582","targetHints":{"allow":["GET"]}}],"collection":[{"href":"https:\/\/hojassueltas.es\/index.php?rest_route=\/wp\/v2\/posts"}],"about":[{"href":"https:\/\/hojassueltas.es\/index.php?rest_route=\/wp\/v2\/types\/post"}],"author":[{"embeddable":true,"href":"https:\/\/hojassueltas.es\/index.php?rest_route=\/wp\/v2\/users\/40"}],"replies":[{"embeddable":true,"href":"https:\/\/hojassueltas.es\/index.php?rest_route=%2Fwp%2Fv2%2Fcomments&post=16582"}],"version-history":[{"count":2,"href":"https:\/\/hojassueltas.es\/index.php?rest_route=\/wp\/v2\/posts\/16582\/revisions"}],"predecessor-version":[{"id":16585,"href":"https:\/\/hojassueltas.es\/index.php?rest_route=\/wp\/v2\/posts\/16582\/revisions\/16585"}],"wp:featuredmedia":[{"embeddable":true,"href":"https:\/\/hojassueltas.es\/index.php?rest_route=\/wp\/v2\/media\/16584"}],"wp:attachment":[{"href":"https:\/\/hojassueltas.es\/index.php?rest_route=%2Fwp%2Fv2%2Fmedia&parent=16582"}],"wp:term":[{"taxonomy":"category","embeddable":true,"href":"https:\/\/hojassueltas.es\/index.php?rest_route=%2Fwp%2Fv2%2Fcategories&post=16582"},{"taxonomy":"post_tag","embeddable":true,"href":"https:\/\/hojassueltas.es\/index.php?rest_route=%2Fwp%2Fv2%2Ftags&post=16582"}],"curies":[{"name":"wp","href":"https:\/\/api.w.org\/{rel}","templated":true}]}}