{"id":16551,"date":"2024-12-28T00:00:09","date_gmt":"2024-12-27T23:00:09","guid":{"rendered":"https:\/\/hojassueltas.es\/?p=16551"},"modified":"2025-12-01T12:37:17","modified_gmt":"2025-12-01T10:37:17","slug":"la-narrativa-espanola-un-viaje-a-traves-de-sus-lugares-y-significados-6-6","status":"publish","type":"post","link":"https:\/\/hojassueltas.es\/?p=16551","title":{"rendered":"La narrativa espa\u00f1ola: un viaje a trav\u00e9s de sus lugares y significados"},"content":{"rendered":"<h3 class=\"western\">Reflexi\u00f3n final e invitaci\u00f3n al di\u00e1logo literario<\/h3>\n<p style=\"text-align: justify;\">La narrativa espa\u00f1ola, en su riqueza y diversidad, ha demostrado que los lugares no son meros escenarios donde se desarrollan las historias, sino que son pilares fundamentales que dialogan con las emociones, los conflictos y las aspiraciones humanas. A lo largo de esta serie, hemos recorrido c\u00f3mo los pueblos, ciudades y paisajes se convierten en protagonistas esenciales, reflejando las tensiones sociales de cada \u00e9poca, la memoria cultural, la identidad colectiva y la imaginaci\u00f3n creativa de los autores.<\/p>\n<p style=\"text-align: justify;\">Desde el detallismo realista de Gald\u00f3s o Pereda hasta la libertad simb\u00f3lica y experimental de autores contempor\u00e1neos como Irene Sol\u00e0 o Elvira Navarro, hemos descubierto que los espacios literarios trascienden la geograf\u00eda para convertirse en veh\u00edculos de conexi\u00f3n emocional y cultural. Los lectores no solo se sumergen en estos mundos, sino que tambi\u00e9n los interpretan y los habitan, encontrando en ellos ecos de sus propias experiencias.<\/p>\n<h4 class=\"western\" style=\"text-align: justify;\"><strong>Cinco puntos clave que nos dejan estos art\u00edculos<\/strong><\/h4>\n<ol style=\"text-align: justify;\">\n<li>\n<p style=\"text-align: justify;\"><strong>El lugar como protagonista<\/strong>: Ya sean reales o ficticios, los lugares act\u00faan como personajes vivos que moldean las historias y a sus protagonistas.<\/p>\n<\/li>\n<li><strong>La recreaci\u00f3n de los espacios<\/strong>: Desde las plazas madrile\u00f1as del siglo XIX hasta los paisajes surrealistas del siglo XXI, cada descripci\u00f3n es una invitaci\u00f3n a descubrir mundos literarios \u00fanicos.<\/li>\n<li><strong>Fidelidad frente a ficci\u00f3n<\/strong>: La narrativa espa\u00f1ola equilibra con maestr\u00eda la recreaci\u00f3n rigurosa de lugares reales y la libertad de imaginar espacios simb\u00f3licos.<\/li>\n<li><strong>Conexi\u00f3n con las tensiones sociales<\/strong>: Los lugares son espejos que reflejan las desigualdades, las aspiraciones y los conflictos de las sociedades que los habitan.<\/li>\n<li><strong>Un puente entre el pasado y el presente<\/strong>: Los espacios literarios unen las tradiciones del siglo XIX con la experimentaci\u00f3n contempor\u00e1nea, mostrando una continuidad que enriquece la narrativa.<\/li>\n<\/ol>\n<h4 class=\"western\" style=\"text-align: justify;\"><strong>Una invitaci\u00f3n al di\u00e1logo<\/strong><\/h4>\n<p style=\"text-align: justify;\">Ahora que hemos explorado juntos el papel de los lugares en la narrativa espa\u00f1ola, me agrada extender una invitaci\u00f3n a nuestros lectores: \u00bfQu\u00e9 otros conceptos les gustar\u00eda ver analizados en futuros art\u00edculos? Tal vez la evoluci\u00f3n de los personajes femeninos, el uso del tiempo narrativo o la influencia de la oralidad en las obras literarias.<\/p>\n<p style=\"text-align: justify;\">Adem\u00e1s, os animamos a compartir vuestros propios ejemplos de lugares literarios que os hayan marcado. \u00bfQu\u00e9 novelas, cuentos o poemas espa\u00f1oles os han hecho viajar a trav\u00e9s de sus escenarios? \u00bfQu\u00e9 autores o t\u00edtulos recomendar\u00edais para seguir explorando la riqueza de nuestra narrativa?<\/p>\n<p style=\"text-align: justify;\">Vuestros comentarios y sugerencias son esenciales para enriquecer este di\u00e1logo literario. La literatura, al igual que los lugares que habita, es un espacio compartido donde caben todas las voces. \u00a1Esperamos vuestros pensamientos y recomendaciones!<\/p>\n<p style=\"text-align: justify;\">Con esta reflexi\u00f3n cerramos este viaje por los escenarios de la narrativa espa\u00f1ola, pero, como en toda buena historia, cada final es solo un nuevo comienzo. \u00a1Hagamos de la literatura un espacio vivo, diverso y participativo!<\/p>\n<p>Muchas gracias por leernos e incentivar la investigaci\u00f3n literaria.<\/p>\n<p><span style=\"font-family: impact, sans-serif;\">\u00a9 Anxo do Rego<\/span><\/p>\n","protected":false},"excerpt":{"rendered":"<p>Reflexi\u00f3n final e invitaci\u00f3n al di\u00e1logo literario La narrativa espa\u00f1ola, en su riqueza y diversidad, ha demostrado que los lugares no son meros escenarios donde se desarrollan las historias, sino que son pilares fundamentales que dialogan con las emociones, los conflictos y las aspiraciones humanas. A lo largo de esta serie, hemos recorrido c\u00f3mo los [&hellip;]<\/p>\n","protected":false},"author":18,"featured_media":16552,"comment_status":"open","ping_status":"closed","sticky":false,"template":"","format":"standard","meta":{"footnotes":""},"categories":[2365],"tags":[230],"class_list":{"0":"post-16551","1":"post","2":"type-post","3":"status-publish","4":"format-standard","5":"has-post-thumbnail","7":"category-espacios-escenarios-y-geografia-literaria","8":"tag-anxo-do-rego"},"yoast_head":"<!-- This site is optimized with the Yoast SEO plugin v27.5 - https:\/\/yoast.com\/product\/yoast-seo-wordpress\/ -->\n<title>La narrativa espa\u00f1ola: un viaje a trav\u00e9s de sus lugares y significados | HOJAS SUELTAS Peri\u00f3dico Cultural<\/title>\n<meta name=\"description\" content=\"BLOG: \u00abAl amanecer\u00bb de Anxo do Rego, art\u00edculo final y conclusi\u00f3n de la serie Lugares y Narrativa.\" \/>\n<meta name=\"robots\" content=\"index, follow, max-snippet:-1, max-image-preview:large, max-video-preview:-1\" \/>\n<link rel=\"canonical\" href=\"https:\/\/hojassueltas.es\/?p=16551\" \/>\n<meta property=\"og:locale\" content=\"es_ES\" \/>\n<meta property=\"og:type\" content=\"article\" \/>\n<meta property=\"og:title\" content=\"La narrativa espa\u00f1ola: un viaje a trav\u00e9s de sus lugares y significados | HOJAS SUELTAS Peri\u00f3dico Cultural\" \/>\n<meta property=\"og:description\" content=\"BLOG: \u00abAl amanecer\u00bb de Anxo do Rego, art\u00edculo final y conclusi\u00f3n de la serie Lugares y Narrativa.\" \/>\n<meta property=\"og:url\" content=\"https:\/\/hojassueltas.es\/?p=16551\" \/>\n<meta property=\"og:site_name\" content=\"HOJAS SUELTAS Peri\u00f3dico Cultural\" \/>\n<meta property=\"article:author\" content=\"https:\/\/www.facebook.com\/anxodoregoescritor\/\" \/>\n<meta property=\"article:published_time\" content=\"2024-12-27T23:00:09+00:00\" \/>\n<meta property=\"article:modified_time\" content=\"2025-12-01T10:37:17+00:00\" \/>\n<meta property=\"og:image\" content=\"https:\/\/hojassueltas.es\/wp-content\/uploads\/2024\/12\/lUGARES_6_hs.png\" \/>\n\t<meta property=\"og:image:width\" content=\"1050\" \/>\n\t<meta property=\"og:image:height\" content=\"610\" \/>\n\t<meta property=\"og:image:type\" content=\"image\/png\" \/>\n<meta name=\"author\" content=\"Anxo do Rego\" \/>\n<meta name=\"twitter:card\" content=\"summary_large_image\" \/>\n<meta name=\"twitter:creator\" content=\"@HOJASSUELTAS22\" \/>\n<meta name=\"twitter:site\" content=\"@HOJASSUELTAS22\" \/>\n<meta name=\"twitter:label1\" content=\"Escrito por\" \/>\n\t<meta name=\"twitter:data1\" content=\"Anxo do Rego\" \/>\n\t<meta name=\"twitter:label2\" content=\"Tiempo de lectura\" \/>\n\t<meta name=\"twitter:data2\" content=\"3 minutos\" \/>\n<script type=\"application\/ld+json\" class=\"yoast-schema-graph\">{\"@context\":\"https:\\\/\\\/schema.org\",\"@graph\":[{\"@type\":[\"Article\",\"BlogPosting\"],\"@id\":\"https:\\\/\\\/hojassueltas.es\\\/?p=16551#article\",\"isPartOf\":{\"@id\":\"https:\\\/\\\/hojassueltas.es\\\/?p=16551\"},\"author\":{\"name\":\"Anxo do Rego\",\"@id\":\"https:\\\/\\\/hojassueltas.es\\\/#\\\/schema\\\/person\\\/cc93a1a1f7825a6e1d2c9bddd471a87c\"},\"headline\":\"La narrativa espa\u00f1ola: un viaje a trav\u00e9s de sus lugares y significados\",\"datePublished\":\"2024-12-27T23:00:09+00:00\",\"dateModified\":\"2025-12-01T10:37:17+00:00\",\"mainEntityOfPage\":{\"@id\":\"https:\\\/\\\/hojassueltas.es\\\/?p=16551\"},\"wordCount\":526,\"commentCount\":0,\"publisher\":{\"@id\":\"https:\\\/\\\/hojassueltas.es\\\/#organization\"},\"image\":{\"@id\":\"https:\\\/\\\/hojassueltas.es\\\/?p=16551#primaryimage\"},\"thumbnailUrl\":\"https:\\\/\\\/hojassueltas.es\\\/wp-content\\\/uploads\\\/2024\\\/12\\\/lUGARES_6_hs.png\",\"keywords\":[\"Anxo do Rego\"],\"articleSection\":[\"Espacios, escenarios y geograf\u00eda literaria\"],\"inLanguage\":\"es\",\"potentialAction\":[{\"@type\":\"CommentAction\",\"name\":\"Comment\",\"target\":[\"https:\\\/\\\/hojassueltas.es\\\/?p=16551#respond\"]}]},{\"@type\":\"WebPage\",\"@id\":\"https:\\\/\\\/hojassueltas.es\\\/?p=16551\",\"url\":\"https:\\\/\\\/hojassueltas.es\\\/?p=16551\",\"name\":\"La narrativa espa\u00f1ola: un viaje a trav\u00e9s de sus lugares y significados | HOJAS SUELTAS Peri\u00f3dico Cultural\",\"isPartOf\":{\"@id\":\"https:\\\/\\\/hojassueltas.es\\\/#website\"},\"primaryImageOfPage\":{\"@id\":\"https:\\\/\\\/hojassueltas.es\\\/?p=16551#primaryimage\"},\"image\":{\"@id\":\"https:\\\/\\\/hojassueltas.es\\\/?p=16551#primaryimage\"},\"thumbnailUrl\":\"https:\\\/\\\/hojassueltas.es\\\/wp-content\\\/uploads\\\/2024\\\/12\\\/lUGARES_6_hs.png\",\"datePublished\":\"2024-12-27T23:00:09+00:00\",\"dateModified\":\"2025-12-01T10:37:17+00:00\",\"description\":\"BLOG: \u00abAl amanecer\u00bb de Anxo do Rego, art\u00edculo final y conclusi\u00f3n de la serie Lugares y Narrativa.\",\"breadcrumb\":{\"@id\":\"https:\\\/\\\/hojassueltas.es\\\/?p=16551#breadcrumb\"},\"inLanguage\":\"es\",\"potentialAction\":[{\"@type\":\"ReadAction\",\"target\":[\"https:\\\/\\\/hojassueltas.es\\\/?p=16551\"]}]},{\"@type\":\"ImageObject\",\"inLanguage\":\"es\",\"@id\":\"https:\\\/\\\/hojassueltas.es\\\/?p=16551#primaryimage\",\"url\":\"https:\\\/\\\/hojassueltas.es\\\/wp-content\\\/uploads\\\/2024\\\/12\\\/lUGARES_6_hs.png\",\"contentUrl\":\"https:\\\/\\\/hojassueltas.es\\\/wp-content\\\/uploads\\\/2024\\\/12\\\/lUGARES_6_hs.png\",\"width\":1050,\"height\":610},{\"@type\":\"BreadcrumbList\",\"@id\":\"https:\\\/\\\/hojassueltas.es\\\/?p=16551#breadcrumb\",\"itemListElement\":[{\"@type\":\"ListItem\",\"position\":1,\"name\":\"Portada\",\"item\":\"https:\\\/\\\/hojassueltas.es\\\/\"},{\"@type\":\"ListItem\",\"position\":2,\"name\":\"La narrativa espa\u00f1ola: un viaje a trav\u00e9s de sus lugares y significados\"}]},{\"@type\":\"WebSite\",\"@id\":\"https:\\\/\\\/hojassueltas.es\\\/#website\",\"url\":\"https:\\\/\\\/hojassueltas.es\\\/\",\"name\":\"HojasSueltas.es\",\"description\":\"GRANADA - Peri\u00f3dico Cultural\",\"publisher\":{\"@id\":\"https:\\\/\\\/hojassueltas.es\\\/#organization\"},\"alternateName\":\"H.S. Periodico Cultural\",\"potentialAction\":[{\"@type\":\"SearchAction\",\"target\":{\"@type\":\"EntryPoint\",\"urlTemplate\":\"https:\\\/\\\/hojassueltas.es\\\/?s={search_term_string}\"},\"query-input\":{\"@type\":\"PropertyValueSpecification\",\"valueRequired\":true,\"valueName\":\"search_term_string\"}}],\"inLanguage\":\"es\"},{\"@type\":\"Organization\",\"@id\":\"https:\\\/\\\/hojassueltas.es\\\/#organization\",\"name\":\"HOJAS SUELTAS - Peri\u00f3dico Cultural\",\"alternateName\":\"HS - HOJAS SUELTAS Peri\u00f3dico Cultural\",\"url\":\"https:\\\/\\\/hojassueltas.es\\\/\",\"logo\":{\"@type\":\"ImageObject\",\"inLanguage\":\"es\",\"@id\":\"https:\\\/\\\/hojassueltas.es\\\/#\\\/schema\\\/logo\\\/image\\\/\",\"url\":\"https:\\\/\\\/hojassueltas.es\\\/wp-content\\\/uploads\\\/2025\\\/08\\\/Icono-HS_2.png\",\"contentUrl\":\"https:\\\/\\\/hojassueltas.es\\\/wp-content\\\/uploads\\\/2025\\\/08\\\/Icono-HS_2.png\",\"width\":500,\"height\":500,\"caption\":\"HOJAS SUELTAS - Peri\u00f3dico Cultural\"},\"image\":{\"@id\":\"https:\\\/\\\/hojassueltas.es\\\/#\\\/schema\\\/logo\\\/image\\\/\"},\"sameAs\":[\"https:\\\/\\\/x.com\\\/HOJASSUELTAS22\"]},{\"@type\":\"Person\",\"@id\":\"https:\\\/\\\/hojassueltas.es\\\/#\\\/schema\\\/person\\\/cc93a1a1f7825a6e1d2c9bddd471a87c\",\"name\":\"Anxo do Rego\",\"image\":{\"@type\":\"ImageObject\",\"inLanguage\":\"es\",\"@id\":\"https:\\\/\\\/hojassueltas.es\\\/wp-content\\\/uploads\\\/2025\\\/02\\\/Anxo-do-Rego_2025-96x96.jpg\",\"url\":\"https:\\\/\\\/hojassueltas.es\\\/wp-content\\\/uploads\\\/2025\\\/02\\\/Anxo-do-Rego_2025-96x96.jpg\",\"contentUrl\":\"https:\\\/\\\/hojassueltas.es\\\/wp-content\\\/uploads\\\/2025\\\/02\\\/Anxo-do-Rego_2025-96x96.jpg\",\"caption\":\"Anxo do Rego\"},\"description\":\"Narrador. Fundador, director y editor de la extinta editorial PG Ediciones. Actualmente asesora y colabora en las editoriales: Editorial Skytale y Aldo Ediciones, del Grupo Editorial Regina Exlibris. Director y redactor del diario cultural Hojas Sueltas. Fundador en 2014 de una de las primeras revistas digitales del g\u00e9nero negro y policial \u00abSolo Novela Negra\u00bb. Participa en numerosas instituciones culturales. Su narrativa se sustenta principalmente en la novela polic\u00edaca con diecis\u00e9is t\u00edtulos del comisario del CNP, Roberto H.C. como protagonista, aunque realiza incursiones en otros g\u00e9neros literarios, tales como la ficci\u00f3n hist\u00f3rica, ciencia ficci\u00f3n, suspense y sentimentales. Mantiene su creatividad literaria con novelas, relatos, art\u00edculos, rese\u00f1as literarias y ensayos.\",\"sameAs\":[\"https:\\\/\\\/anxodorego.com\\\/\",\"https:\\\/\\\/www.facebook.com\\\/anxodoregoescritor\\\/\"],\"url\":\"https:\\\/\\\/hojassueltas.es\\\/?author=18\"}]}<\/script>\n<!-- \/ Yoast SEO plugin. -->","yoast_head_json":{"title":"La narrativa espa\u00f1ola: un viaje a trav\u00e9s de sus lugares y significados | HOJAS SUELTAS Peri\u00f3dico Cultural","description":"BLOG: \u00abAl amanecer\u00bb de Anxo do Rego, art\u00edculo final y conclusi\u00f3n de la serie Lugares y Narrativa.","robots":{"index":"index","follow":"follow","max-snippet":"max-snippet:-1","max-image-preview":"max-image-preview:large","max-video-preview":"max-video-preview:-1"},"canonical":"https:\/\/hojassueltas.es\/?p=16551","og_locale":"es_ES","og_type":"article","og_title":"La narrativa espa\u00f1ola: un viaje a trav\u00e9s de sus lugares y significados | HOJAS SUELTAS Peri\u00f3dico Cultural","og_description":"BLOG: \u00abAl amanecer\u00bb de Anxo do Rego, art\u00edculo final y conclusi\u00f3n de la serie Lugares y Narrativa.","og_url":"https:\/\/hojassueltas.es\/?p=16551","og_site_name":"HOJAS SUELTAS Peri\u00f3dico Cultural","article_author":"https:\/\/www.facebook.com\/anxodoregoescritor\/","article_published_time":"2024-12-27T23:00:09+00:00","article_modified_time":"2025-12-01T10:37:17+00:00","og_image":[{"width":1050,"height":610,"url":"https:\/\/hojassueltas.es\/wp-content\/uploads\/2024\/12\/lUGARES_6_hs.png","type":"image\/png"}],"author":"Anxo do Rego","twitter_card":"summary_large_image","twitter_creator":"@HOJASSUELTAS22","twitter_site":"@HOJASSUELTAS22","twitter_misc":{"Escrito por":"Anxo do Rego","Tiempo de lectura":"3 minutos"},"schema":{"@context":"https:\/\/schema.org","@graph":[{"@type":["Article","BlogPosting"],"@id":"https:\/\/hojassueltas.es\/?p=16551#article","isPartOf":{"@id":"https:\/\/hojassueltas.es\/?p=16551"},"author":{"name":"Anxo do Rego","@id":"https:\/\/hojassueltas.es\/#\/schema\/person\/cc93a1a1f7825a6e1d2c9bddd471a87c"},"headline":"La narrativa espa\u00f1ola: un viaje a trav\u00e9s de sus lugares y significados","datePublished":"2024-12-27T23:00:09+00:00","dateModified":"2025-12-01T10:37:17+00:00","mainEntityOfPage":{"@id":"https:\/\/hojassueltas.es\/?p=16551"},"wordCount":526,"commentCount":0,"publisher":{"@id":"https:\/\/hojassueltas.es\/#organization"},"image":{"@id":"https:\/\/hojassueltas.es\/?p=16551#primaryimage"},"thumbnailUrl":"https:\/\/hojassueltas.es\/wp-content\/uploads\/2024\/12\/lUGARES_6_hs.png","keywords":["Anxo do Rego"],"articleSection":["Espacios, escenarios y geograf\u00eda literaria"],"inLanguage":"es","potentialAction":[{"@type":"CommentAction","name":"Comment","target":["https:\/\/hojassueltas.es\/?p=16551#respond"]}]},{"@type":"WebPage","@id":"https:\/\/hojassueltas.es\/?p=16551","url":"https:\/\/hojassueltas.es\/?p=16551","name":"La narrativa espa\u00f1ola: un viaje a trav\u00e9s de sus lugares y significados | HOJAS SUELTAS Peri\u00f3dico Cultural","isPartOf":{"@id":"https:\/\/hojassueltas.es\/#website"},"primaryImageOfPage":{"@id":"https:\/\/hojassueltas.es\/?p=16551#primaryimage"},"image":{"@id":"https:\/\/hojassueltas.es\/?p=16551#primaryimage"},"thumbnailUrl":"https:\/\/hojassueltas.es\/wp-content\/uploads\/2024\/12\/lUGARES_6_hs.png","datePublished":"2024-12-27T23:00:09+00:00","dateModified":"2025-12-01T10:37:17+00:00","description":"BLOG: \u00abAl amanecer\u00bb de Anxo do Rego, art\u00edculo final y conclusi\u00f3n de la serie Lugares y Narrativa.","breadcrumb":{"@id":"https:\/\/hojassueltas.es\/?p=16551#breadcrumb"},"inLanguage":"es","potentialAction":[{"@type":"ReadAction","target":["https:\/\/hojassueltas.es\/?p=16551"]}]},{"@type":"ImageObject","inLanguage":"es","@id":"https:\/\/hojassueltas.es\/?p=16551#primaryimage","url":"https:\/\/hojassueltas.es\/wp-content\/uploads\/2024\/12\/lUGARES_6_hs.png","contentUrl":"https:\/\/hojassueltas.es\/wp-content\/uploads\/2024\/12\/lUGARES_6_hs.png","width":1050,"height":610},{"@type":"BreadcrumbList","@id":"https:\/\/hojassueltas.es\/?p=16551#breadcrumb","itemListElement":[{"@type":"ListItem","position":1,"name":"Portada","item":"https:\/\/hojassueltas.es\/"},{"@type":"ListItem","position":2,"name":"La narrativa espa\u00f1ola: un viaje a trav\u00e9s de sus lugares y significados"}]},{"@type":"WebSite","@id":"https:\/\/hojassueltas.es\/#website","url":"https:\/\/hojassueltas.es\/","name":"HojasSueltas.es","description":"GRANADA - Peri\u00f3dico Cultural","publisher":{"@id":"https:\/\/hojassueltas.es\/#organization"},"alternateName":"H.S. Periodico Cultural","potentialAction":[{"@type":"SearchAction","target":{"@type":"EntryPoint","urlTemplate":"https:\/\/hojassueltas.es\/?s={search_term_string}"},"query-input":{"@type":"PropertyValueSpecification","valueRequired":true,"valueName":"search_term_string"}}],"inLanguage":"es"},{"@type":"Organization","@id":"https:\/\/hojassueltas.es\/#organization","name":"HOJAS SUELTAS - Peri\u00f3dico Cultural","alternateName":"HS - HOJAS SUELTAS Peri\u00f3dico Cultural","url":"https:\/\/hojassueltas.es\/","logo":{"@type":"ImageObject","inLanguage":"es","@id":"https:\/\/hojassueltas.es\/#\/schema\/logo\/image\/","url":"https:\/\/hojassueltas.es\/wp-content\/uploads\/2025\/08\/Icono-HS_2.png","contentUrl":"https:\/\/hojassueltas.es\/wp-content\/uploads\/2025\/08\/Icono-HS_2.png","width":500,"height":500,"caption":"HOJAS SUELTAS - Peri\u00f3dico Cultural"},"image":{"@id":"https:\/\/hojassueltas.es\/#\/schema\/logo\/image\/"},"sameAs":["https:\/\/x.com\/HOJASSUELTAS22"]},{"@type":"Person","@id":"https:\/\/hojassueltas.es\/#\/schema\/person\/cc93a1a1f7825a6e1d2c9bddd471a87c","name":"Anxo do Rego","image":{"@type":"ImageObject","inLanguage":"es","@id":"https:\/\/hojassueltas.es\/wp-content\/uploads\/2025\/02\/Anxo-do-Rego_2025-96x96.jpg","url":"https:\/\/hojassueltas.es\/wp-content\/uploads\/2025\/02\/Anxo-do-Rego_2025-96x96.jpg","contentUrl":"https:\/\/hojassueltas.es\/wp-content\/uploads\/2025\/02\/Anxo-do-Rego_2025-96x96.jpg","caption":"Anxo do Rego"},"description":"Narrador. Fundador, director y editor de la extinta editorial PG Ediciones. Actualmente asesora y colabora en las editoriales: Editorial Skytale y Aldo Ediciones, del Grupo Editorial Regina Exlibris. Director y redactor del diario cultural Hojas Sueltas. Fundador en 2014 de una de las primeras revistas digitales del g\u00e9nero negro y policial \u00abSolo Novela Negra\u00bb. Participa en numerosas instituciones culturales. Su narrativa se sustenta principalmente en la novela polic\u00edaca con diecis\u00e9is t\u00edtulos del comisario del CNP, Roberto H.C. como protagonista, aunque realiza incursiones en otros g\u00e9neros literarios, tales como la ficci\u00f3n hist\u00f3rica, ciencia ficci\u00f3n, suspense y sentimentales. Mantiene su creatividad literaria con novelas, relatos, art\u00edculos, rese\u00f1as literarias y ensayos.","sameAs":["https:\/\/anxodorego.com\/","https:\/\/www.facebook.com\/anxodoregoescritor\/"],"url":"https:\/\/hojassueltas.es\/?author=18"}]}},"_links":{"self":[{"href":"https:\/\/hojassueltas.es\/index.php?rest_route=\/wp\/v2\/posts\/16551","targetHints":{"allow":["GET"]}}],"collection":[{"href":"https:\/\/hojassueltas.es\/index.php?rest_route=\/wp\/v2\/posts"}],"about":[{"href":"https:\/\/hojassueltas.es\/index.php?rest_route=\/wp\/v2\/types\/post"}],"author":[{"embeddable":true,"href":"https:\/\/hojassueltas.es\/index.php?rest_route=\/wp\/v2\/users\/18"}],"replies":[{"embeddable":true,"href":"https:\/\/hojassueltas.es\/index.php?rest_route=%2Fwp%2Fv2%2Fcomments&post=16551"}],"version-history":[{"count":2,"href":"https:\/\/hojassueltas.es\/index.php?rest_route=\/wp\/v2\/posts\/16551\/revisions"}],"predecessor-version":[{"id":19480,"href":"https:\/\/hojassueltas.es\/index.php?rest_route=\/wp\/v2\/posts\/16551\/revisions\/19480"}],"wp:featuredmedia":[{"embeddable":true,"href":"https:\/\/hojassueltas.es\/index.php?rest_route=\/wp\/v2\/media\/16552"}],"wp:attachment":[{"href":"https:\/\/hojassueltas.es\/index.php?rest_route=%2Fwp%2Fv2%2Fmedia&parent=16551"}],"wp:term":[{"taxonomy":"category","embeddable":true,"href":"https:\/\/hojassueltas.es\/index.php?rest_route=%2Fwp%2Fv2%2Fcategories&post=16551"},{"taxonomy":"post_tag","embeddable":true,"href":"https:\/\/hojassueltas.es\/index.php?rest_route=%2Fwp%2Fv2%2Ftags&post=16551"}],"curies":[{"name":"wp","href":"https:\/\/api.w.org\/{rel}","templated":true}]}}