{"id":16548,"date":"2024-12-22T00:00:43","date_gmt":"2024-12-21T23:00:43","guid":{"rendered":"https:\/\/hojassueltas.es\/?p=16548"},"modified":"2025-12-01T12:37:17","modified_gmt":"2025-12-01T10:37:17","slug":"la-narrativa-espanola-y-el-alma-de-sus-escenarios-5-6","status":"publish","type":"post","link":"https:\/\/hojassueltas.es\/?p=16548","title":{"rendered":"La narrativa espa\u00f1ola y el alma de sus escenarios"},"content":{"rendered":"<h3 class=\"western\">El lugar como identidad literaria<\/h3>\n<p style=\"text-align: justify;\">A lo largo de la historia de la literatura espa\u00f1ola, los lugares han demostrado ser mucho m\u00e1s que escenarios pasivos. Desde las recreaciones fieles de ciudades y paisajes hasta la construcci\u00f3n de espacios simb\u00f3licos y ficticios, los autores han utilizado el entorno para reflejar las emociones humanas, las tensiones sociales y las aspiraciones colectivas de cada \u00e9poca. En este art\u00edculo de cierre, exploraremos c\u00f3mo los lugares en la narrativa espa\u00f1ola trascienden su funci\u00f3n de marco para convertirse en protagonistas esenciales y en veh\u00edculos de conexi\u00f3n entre la ficci\u00f3n y la realidad.<\/p>\n<h4 class=\"western\"><strong>El lugar como memoria cultural<\/strong><\/h4>\n<p style=\"text-align: justify;\">La literatura espa\u00f1ola ha demostrado que los lugares son dep\u00f3sitos de memoria cultural. A trav\u00e9s de las descripciones detalladas de ciudades, pueblos y paisajes, los autores han preservado no solo los aspectos f\u00edsicos de los entornos, sino tambi\u00e9n las costumbres, las voces y las tensiones que definen a una sociedad en un momento dado.<\/p>\n<ol>\n<li>\n<p style=\"text-align: justify;\"><strong>Leopoldo Alas \u00abClar\u00edn\u00bb \u2013 <\/strong><em>La regenta<\/em><strong> (1884-1885)<\/strong><br \/>\nVetusta, trasunto de Oviedo, no solo enmarca la acci\u00f3n, sino que se convierte en un reflejo de los conflictos entre modernidad y tradici\u00f3n que caracterizaron el siglo XIX en Espa\u00f1a. Este lugar literario ha dejado una huella imborrable en la memoria cultural, evocando la hipocres\u00eda y la represi\u00f3n social de la \u00e9poca.<\/p>\n<\/li>\n<li>\n<p style=\"text-align: justify;\"><strong>Rafael Chirbes \u2013 <\/strong><em>Crematorio<\/em><strong> (2007)<\/strong><br \/>\nEn esta obra contempor\u00e1nea, el Levante espa\u00f1ol es un espacio marcado por el impacto del desarrollo urban\u00edstico desmedido y la corrupci\u00f3n. Chirbes utiliza el lugar para abordar cuestiones \u00e9ticas y sociales, haciendo del paisaje un testimonio de la decadencia contempor\u00e1nea.<\/p>\n<\/li>\n<\/ol>\n<h4 class=\"western\"><strong>El lugar como s\u00edmbolo de identidad<\/strong><\/h4>\n<p style=\"text-align: justify;\">Los lugares en la narrativa espa\u00f1ola han sido herramientas poderosas para explorar la identidad, tanto individual como colectiva. En muchas obras, los espacios representan no solo el contexto f\u00edsico de los personajes, sino tambi\u00e9n sus aspiraciones, temores y conexiones con el entorno.<\/p>\n<ol>\n<li>\n<p style=\"text-align: justify;\"><strong>Miguel Delibes \u2013 <\/strong><em>El camino<\/em><strong> (1950)<\/strong><br \/>\nEl pueblo rural de esta novela no tiene nombre, pero encarna la esencia de la infancia, el descubrimiento y el arraigo a la tierra. Las descripciones del entorno natural y social refuerzan la identidad de los personajes y su relaci\u00f3n con el cambio y la memoria.<\/p>\n<\/li>\n<li>\n<p style=\"text-align: justify;\"><strong>Irene Sol\u00e0 \u2013 <\/strong><em>Canto yo y la monta\u00f1a baila<\/em><strong> (2019)<\/strong><br \/>\nSituada en los Pirineos catalanes, esta obra contempor\u00e1nea utiliza el paisaje para explorar la conexi\u00f3n entre las personas y su entorno natural. El lugar es tanto una identidad geogr\u00e1fica como un punto de encuentro entre lo humano, lo animal y lo m\u00edtico.<\/p>\n<\/li>\n<\/ol>\n<h4 class=\"western\"><strong>El lugar como reflejo de tensiones sociales<\/strong><\/h4>\n<p style=\"text-align: justify;\">Los lugares tambi\u00e9n act\u00faan como espejos de los conflictos sociales, econ\u00f3micos y pol\u00edticos que atraviesan a las sociedades. En la narrativa espa\u00f1ola, esto se observa tanto en las descripciones de ciudades urbanas llenas de contrastes como en los paisajes rurales marcados por la desigualdad.<\/p>\n<ol>\n<li>\n<p style=\"text-align: justify;\"><strong>P\u00edo Baroja \u2013 <\/strong><em>La busca<\/em><strong> (1904)<\/strong><br \/>\nEl Madrid m\u00e1s humilde y marginal es el escenario de esta obra. Las calles oscuras y los barrios pobres reflejan las tensiones sociales y la lucha por la supervivencia en la Espa\u00f1a de principios del siglo XX.<\/p>\n<\/li>\n<li>\n<p style=\"text-align: justify;\"><strong>Cristina Morales \u2013 <\/strong><em>Lectura f\u00e1cil<\/em><strong> (2018)<\/strong><br \/>\nEn esta novela, Barcelona se convierte en un espacio donde convergen las tensiones entre el poder institucional y la resistencia individual. Los lugares urbanos no son neutrales, sino que est\u00e1n cargados de significado pol\u00edtico y social.<\/p>\n<\/li>\n<\/ol>\n<hr \/>\n<h4 class=\"western\"><strong>El lugar como puente entre realidad y ficci\u00f3n<\/strong><\/h4>\n<p style=\"text-align: justify;\">En muchas obras, los lugares literarios son un cruce entre la realidad y la imaginaci\u00f3n. Esto permite a los autores explorar nuevas posibilidades narrativas, conectando a los lectores con mundos que, aunque ficticios, son profundamente significativos.<\/p>\n<ol>\n<li><strong>Juan Benet \u2013 <\/strong><em>Volver\u00e1s a Regi\u00f3n<\/em><strong> (1967)<\/strong><br \/>\nEl espacio ficticio de Regi\u00f3n combina elementos reales y simb\u00f3licos, creando un lugar que trasciende la geograf\u00eda para convertirse en un reflejo de la complejidad humana y los misterios del tiempo.<\/li>\n<li>\n<p style=\"text-align: justify;\"><strong>Elvira Navarro \u2013 <\/strong><em>La isla de los conejos<\/em><strong> (2019)<\/strong><br \/>\nLos espacios ficticios y surrealistas de esta obra permiten a la autora explorar la fragilidad de las relaciones humanas y las conexiones entre lo tangible y lo intangible.<\/p>\n<\/li>\n<\/ol>\n<h4 class=\"western\"><strong>Comparaciones entre \u00e9pocas: una constante transformaci\u00f3n<\/strong><\/h4>\n<p style=\"text-align: justify;\">Al analizar el papel de los lugares en la narrativa espa\u00f1ola, se percibe una evoluci\u00f3n en sus usos y significados. Sin embargo, tanto en los cl\u00e1sicos como en la literatura contempor\u00e1nea, los lugares son fundamentales para construir historias que conecten a los lectores con las realidades y las fantas\u00edas de cada \u00e9poca.<\/p>\n<p>Por ejemplo:<\/p>\n<ul>\n<li>\n<p style=\"text-align: justify;\">Los espacios rurales idealizados de <em>El camino<\/em> tienen ecos en la conexi\u00f3n natural y m\u00edtica de <em>Canto yo y la monta\u00f1a baila<\/em>.<\/p>\n<\/li>\n<li>\n<p style=\"text-align: justify;\">La cr\u00edtica social en <em>La busca<\/em> encuentra su continuaci\u00f3n en la representaci\u00f3n de los espacios urbanos de <em>Lectura f\u00e1cil<\/em>.<\/p>\n<\/li>\n<li>\n<p style=\"text-align: justify;\">La mezcla de realidad y ficci\u00f3n en <em>Volver\u00e1s a Regi\u00f3n<\/em> dialoga con los paisajes on\u00edricos de <em>La isla de los conejos<\/em>.<\/p>\n<\/li>\n<\/ul>\n<p style=\"text-align: justify;\">Los lugares en la narrativa espa\u00f1ola son m\u00e1s que un recurso t\u00e9cnico: son una parte esencial de las historias. Act\u00faan como custodios de la memoria, reflejan las tensiones sociales y culturales y permiten a los autores experimentar con los l\u00edmites de la realidad y la ficci\u00f3n. Desde Vetusta hasta las monta\u00f1as de Irene Sol\u00e0, cada lugar literario invita al lector a habitar un universo donde el espacio es tan vital como los personajes y las tramas.<\/p>\n<p style=\"text-align: justify;\">Esta constante demuestra que la narrativa espa\u00f1ola, en su riqueza y diversidad, ha sabido capturar el alma de los lugares, transform\u00e1ndolos en un puente entre la literatura y la vida misma.<\/p>\n<p>Seguir leyendo la serie.<\/p>\n<p>Pr\u00f3ximo: conclusi\u00f3n final<\/p>\n<p><span style=\"font-family: impact, sans-serif;\">\u00a9 Anxo do Rego<\/span><\/p>\n<p align=\"justify\">\n","protected":false},"excerpt":{"rendered":"<p>El lugar como identidad literaria A lo largo de la historia de la literatura espa\u00f1ola, los lugares han demostrado ser mucho m\u00e1s que escenarios pasivos. Desde las recreaciones fieles de ciudades y paisajes hasta la construcci\u00f3n de espacios simb\u00f3licos y ficticios, los autores han utilizado el entorno para reflejar las emociones humanas, las tensiones sociales [&hellip;]<\/p>\n","protected":false},"author":18,"featured_media":16549,"comment_status":"open","ping_status":"closed","sticky":false,"template":"","format":"standard","meta":{"footnotes":""},"categories":[2365],"tags":[230],"class_list":{"0":"post-16548","1":"post","2":"type-post","3":"status-publish","4":"format-standard","5":"has-post-thumbnail","7":"category-espacios-escenarios-y-geografia-literaria","8":"tag-anxo-do-rego"},"yoast_head":"<!-- This site is optimized with the Yoast SEO plugin v27.5 - https:\/\/yoast.com\/product\/yoast-seo-wordpress\/ -->\n<title>La narrativa espa\u00f1ola y el alma de sus escenarios | HOJAS SUELTAS Peri\u00f3dico Cultural<\/title>\n<meta name=\"description\" content=\"BLOG: \u00abAl amancecer\u00bb de Anxo do Rego. Capitulo 5 de la serie Lugares y narrativa\" \/>\n<meta name=\"robots\" content=\"index, follow, max-snippet:-1, max-image-preview:large, max-video-preview:-1\" \/>\n<link rel=\"canonical\" href=\"https:\/\/hojassueltas.es\/?p=16548\" \/>\n<meta property=\"og:locale\" content=\"es_ES\" \/>\n<meta property=\"og:type\" content=\"article\" \/>\n<meta property=\"og:title\" content=\"La narrativa espa\u00f1ola y el alma de sus escenarios | HOJAS SUELTAS Peri\u00f3dico Cultural\" \/>\n<meta property=\"og:description\" content=\"BLOG: \u00abAl amancecer\u00bb de Anxo do Rego. Capitulo 5 de la serie Lugares y narrativa\" \/>\n<meta property=\"og:url\" content=\"https:\/\/hojassueltas.es\/?p=16548\" \/>\n<meta property=\"og:site_name\" content=\"HOJAS SUELTAS Peri\u00f3dico Cultural\" \/>\n<meta property=\"article:author\" content=\"https:\/\/www.facebook.com\/anxodoregoescritor\/\" \/>\n<meta property=\"article:published_time\" content=\"2024-12-21T23:00:43+00:00\" \/>\n<meta property=\"article:modified_time\" content=\"2025-12-01T10:37:17+00:00\" \/>\n<meta property=\"og:image\" content=\"https:\/\/hojassueltas.es\/wp-content\/uploads\/2024\/12\/lUGARES_5_hs.png\" \/>\n\t<meta property=\"og:image:width\" content=\"1050\" \/>\n\t<meta property=\"og:image:height\" content=\"610\" \/>\n\t<meta property=\"og:image:type\" content=\"image\/png\" \/>\n<meta name=\"author\" content=\"Anxo do Rego\" \/>\n<meta name=\"twitter:card\" content=\"summary_large_image\" \/>\n<meta name=\"twitter:creator\" content=\"@HOJASSUELTAS22\" \/>\n<meta name=\"twitter:site\" content=\"@HOJASSUELTAS22\" \/>\n<meta name=\"twitter:label1\" content=\"Escrito por\" \/>\n\t<meta name=\"twitter:data1\" content=\"Anxo do Rego\" \/>\n\t<meta name=\"twitter:label2\" content=\"Tiempo de lectura\" \/>\n\t<meta name=\"twitter:data2\" content=\"5 minutos\" \/>\n<script type=\"application\/ld+json\" class=\"yoast-schema-graph\">{\"@context\":\"https:\\\/\\\/schema.org\",\"@graph\":[{\"@type\":[\"Article\",\"BlogPosting\"],\"@id\":\"https:\\\/\\\/hojassueltas.es\\\/?p=16548#article\",\"isPartOf\":{\"@id\":\"https:\\\/\\\/hojassueltas.es\\\/?p=16548\"},\"author\":{\"name\":\"Anxo do Rego\",\"@id\":\"https:\\\/\\\/hojassueltas.es\\\/#\\\/schema\\\/person\\\/cc93a1a1f7825a6e1d2c9bddd471a87c\"},\"headline\":\"La narrativa espa\u00f1ola y el alma de sus escenarios\",\"datePublished\":\"2024-12-21T23:00:43+00:00\",\"dateModified\":\"2025-12-01T10:37:17+00:00\",\"mainEntityOfPage\":{\"@id\":\"https:\\\/\\\/hojassueltas.es\\\/?p=16548\"},\"wordCount\":983,\"commentCount\":0,\"publisher\":{\"@id\":\"https:\\\/\\\/hojassueltas.es\\\/#organization\"},\"image\":{\"@id\":\"https:\\\/\\\/hojassueltas.es\\\/?p=16548#primaryimage\"},\"thumbnailUrl\":\"https:\\\/\\\/hojassueltas.es\\\/wp-content\\\/uploads\\\/2024\\\/12\\\/lUGARES_5_hs.png\",\"keywords\":[\"Anxo do Rego\"],\"articleSection\":[\"Espacios, escenarios y geograf\u00eda literaria\"],\"inLanguage\":\"es\",\"potentialAction\":[{\"@type\":\"CommentAction\",\"name\":\"Comment\",\"target\":[\"https:\\\/\\\/hojassueltas.es\\\/?p=16548#respond\"]}]},{\"@type\":\"WebPage\",\"@id\":\"https:\\\/\\\/hojassueltas.es\\\/?p=16548\",\"url\":\"https:\\\/\\\/hojassueltas.es\\\/?p=16548\",\"name\":\"La narrativa espa\u00f1ola y el alma de sus escenarios | HOJAS SUELTAS Peri\u00f3dico Cultural\",\"isPartOf\":{\"@id\":\"https:\\\/\\\/hojassueltas.es\\\/#website\"},\"primaryImageOfPage\":{\"@id\":\"https:\\\/\\\/hojassueltas.es\\\/?p=16548#primaryimage\"},\"image\":{\"@id\":\"https:\\\/\\\/hojassueltas.es\\\/?p=16548#primaryimage\"},\"thumbnailUrl\":\"https:\\\/\\\/hojassueltas.es\\\/wp-content\\\/uploads\\\/2024\\\/12\\\/lUGARES_5_hs.png\",\"datePublished\":\"2024-12-21T23:00:43+00:00\",\"dateModified\":\"2025-12-01T10:37:17+00:00\",\"description\":\"BLOG: \u00abAl amancecer\u00bb de Anxo do Rego. Capitulo 5 de la serie Lugares y narrativa\",\"breadcrumb\":{\"@id\":\"https:\\\/\\\/hojassueltas.es\\\/?p=16548#breadcrumb\"},\"inLanguage\":\"es\",\"potentialAction\":[{\"@type\":\"ReadAction\",\"target\":[\"https:\\\/\\\/hojassueltas.es\\\/?p=16548\"]}]},{\"@type\":\"ImageObject\",\"inLanguage\":\"es\",\"@id\":\"https:\\\/\\\/hojassueltas.es\\\/?p=16548#primaryimage\",\"url\":\"https:\\\/\\\/hojassueltas.es\\\/wp-content\\\/uploads\\\/2024\\\/12\\\/lUGARES_5_hs.png\",\"contentUrl\":\"https:\\\/\\\/hojassueltas.es\\\/wp-content\\\/uploads\\\/2024\\\/12\\\/lUGARES_5_hs.png\",\"width\":1050,\"height\":610},{\"@type\":\"BreadcrumbList\",\"@id\":\"https:\\\/\\\/hojassueltas.es\\\/?p=16548#breadcrumb\",\"itemListElement\":[{\"@type\":\"ListItem\",\"position\":1,\"name\":\"Portada\",\"item\":\"https:\\\/\\\/hojassueltas.es\\\/\"},{\"@type\":\"ListItem\",\"position\":2,\"name\":\"La narrativa espa\u00f1ola y el alma de sus escenarios\"}]},{\"@type\":\"WebSite\",\"@id\":\"https:\\\/\\\/hojassueltas.es\\\/#website\",\"url\":\"https:\\\/\\\/hojassueltas.es\\\/\",\"name\":\"HojasSueltas.es\",\"description\":\"GRANADA - Peri\u00f3dico Cultural\",\"publisher\":{\"@id\":\"https:\\\/\\\/hojassueltas.es\\\/#organization\"},\"alternateName\":\"H.S. Periodico Cultural\",\"potentialAction\":[{\"@type\":\"SearchAction\",\"target\":{\"@type\":\"EntryPoint\",\"urlTemplate\":\"https:\\\/\\\/hojassueltas.es\\\/?s={search_term_string}\"},\"query-input\":{\"@type\":\"PropertyValueSpecification\",\"valueRequired\":true,\"valueName\":\"search_term_string\"}}],\"inLanguage\":\"es\"},{\"@type\":\"Organization\",\"@id\":\"https:\\\/\\\/hojassueltas.es\\\/#organization\",\"name\":\"HOJAS SUELTAS - Peri\u00f3dico Cultural\",\"alternateName\":\"HS - HOJAS SUELTAS Peri\u00f3dico Cultural\",\"url\":\"https:\\\/\\\/hojassueltas.es\\\/\",\"logo\":{\"@type\":\"ImageObject\",\"inLanguage\":\"es\",\"@id\":\"https:\\\/\\\/hojassueltas.es\\\/#\\\/schema\\\/logo\\\/image\\\/\",\"url\":\"https:\\\/\\\/hojassueltas.es\\\/wp-content\\\/uploads\\\/2025\\\/08\\\/Icono-HS_2.png\",\"contentUrl\":\"https:\\\/\\\/hojassueltas.es\\\/wp-content\\\/uploads\\\/2025\\\/08\\\/Icono-HS_2.png\",\"width\":500,\"height\":500,\"caption\":\"HOJAS SUELTAS - Peri\u00f3dico Cultural\"},\"image\":{\"@id\":\"https:\\\/\\\/hojassueltas.es\\\/#\\\/schema\\\/logo\\\/image\\\/\"},\"sameAs\":[\"https:\\\/\\\/x.com\\\/HOJASSUELTAS22\"]},{\"@type\":\"Person\",\"@id\":\"https:\\\/\\\/hojassueltas.es\\\/#\\\/schema\\\/person\\\/cc93a1a1f7825a6e1d2c9bddd471a87c\",\"name\":\"Anxo do Rego\",\"image\":{\"@type\":\"ImageObject\",\"inLanguage\":\"es\",\"@id\":\"https:\\\/\\\/hojassueltas.es\\\/wp-content\\\/uploads\\\/2025\\\/02\\\/Anxo-do-Rego_2025-96x96.jpg\",\"url\":\"https:\\\/\\\/hojassueltas.es\\\/wp-content\\\/uploads\\\/2025\\\/02\\\/Anxo-do-Rego_2025-96x96.jpg\",\"contentUrl\":\"https:\\\/\\\/hojassueltas.es\\\/wp-content\\\/uploads\\\/2025\\\/02\\\/Anxo-do-Rego_2025-96x96.jpg\",\"caption\":\"Anxo do Rego\"},\"description\":\"Narrador. Fundador, director y editor de la extinta editorial PG Ediciones. Actualmente asesora y colabora en las editoriales: Editorial Skytale y Aldo Ediciones, del Grupo Editorial Regina Exlibris. Director y redactor del diario cultural Hojas Sueltas. Fundador en 2014 de una de las primeras revistas digitales del g\u00e9nero negro y policial \u00abSolo Novela Negra\u00bb. Participa en numerosas instituciones culturales. Su narrativa se sustenta principalmente en la novela polic\u00edaca con diecis\u00e9is t\u00edtulos del comisario del CNP, Roberto H.C. como protagonista, aunque realiza incursiones en otros g\u00e9neros literarios, tales como la ficci\u00f3n hist\u00f3rica, ciencia ficci\u00f3n, suspense y sentimentales. Mantiene su creatividad literaria con novelas, relatos, art\u00edculos, rese\u00f1as literarias y ensayos.\",\"sameAs\":[\"https:\\\/\\\/anxodorego.com\\\/\",\"https:\\\/\\\/www.facebook.com\\\/anxodoregoescritor\\\/\"],\"url\":\"https:\\\/\\\/hojassueltas.es\\\/?author=18\"}]}<\/script>\n<!-- \/ Yoast SEO plugin. -->","yoast_head_json":{"title":"La narrativa espa\u00f1ola y el alma de sus escenarios | HOJAS SUELTAS Peri\u00f3dico Cultural","description":"BLOG: \u00abAl amancecer\u00bb de Anxo do Rego. Capitulo 5 de la serie Lugares y narrativa","robots":{"index":"index","follow":"follow","max-snippet":"max-snippet:-1","max-image-preview":"max-image-preview:large","max-video-preview":"max-video-preview:-1"},"canonical":"https:\/\/hojassueltas.es\/?p=16548","og_locale":"es_ES","og_type":"article","og_title":"La narrativa espa\u00f1ola y el alma de sus escenarios | HOJAS SUELTAS Peri\u00f3dico Cultural","og_description":"BLOG: \u00abAl amancecer\u00bb de Anxo do Rego. Capitulo 5 de la serie Lugares y narrativa","og_url":"https:\/\/hojassueltas.es\/?p=16548","og_site_name":"HOJAS SUELTAS Peri\u00f3dico Cultural","article_author":"https:\/\/www.facebook.com\/anxodoregoescritor\/","article_published_time":"2024-12-21T23:00:43+00:00","article_modified_time":"2025-12-01T10:37:17+00:00","og_image":[{"width":1050,"height":610,"url":"https:\/\/hojassueltas.es\/wp-content\/uploads\/2024\/12\/lUGARES_5_hs.png","type":"image\/png"}],"author":"Anxo do Rego","twitter_card":"summary_large_image","twitter_creator":"@HOJASSUELTAS22","twitter_site":"@HOJASSUELTAS22","twitter_misc":{"Escrito por":"Anxo do Rego","Tiempo de lectura":"5 minutos"},"schema":{"@context":"https:\/\/schema.org","@graph":[{"@type":["Article","BlogPosting"],"@id":"https:\/\/hojassueltas.es\/?p=16548#article","isPartOf":{"@id":"https:\/\/hojassueltas.es\/?p=16548"},"author":{"name":"Anxo do Rego","@id":"https:\/\/hojassueltas.es\/#\/schema\/person\/cc93a1a1f7825a6e1d2c9bddd471a87c"},"headline":"La narrativa espa\u00f1ola y el alma de sus escenarios","datePublished":"2024-12-21T23:00:43+00:00","dateModified":"2025-12-01T10:37:17+00:00","mainEntityOfPage":{"@id":"https:\/\/hojassueltas.es\/?p=16548"},"wordCount":983,"commentCount":0,"publisher":{"@id":"https:\/\/hojassueltas.es\/#organization"},"image":{"@id":"https:\/\/hojassueltas.es\/?p=16548#primaryimage"},"thumbnailUrl":"https:\/\/hojassueltas.es\/wp-content\/uploads\/2024\/12\/lUGARES_5_hs.png","keywords":["Anxo do Rego"],"articleSection":["Espacios, escenarios y geograf\u00eda literaria"],"inLanguage":"es","potentialAction":[{"@type":"CommentAction","name":"Comment","target":["https:\/\/hojassueltas.es\/?p=16548#respond"]}]},{"@type":"WebPage","@id":"https:\/\/hojassueltas.es\/?p=16548","url":"https:\/\/hojassueltas.es\/?p=16548","name":"La narrativa espa\u00f1ola y el alma de sus escenarios | HOJAS SUELTAS Peri\u00f3dico Cultural","isPartOf":{"@id":"https:\/\/hojassueltas.es\/#website"},"primaryImageOfPage":{"@id":"https:\/\/hojassueltas.es\/?p=16548#primaryimage"},"image":{"@id":"https:\/\/hojassueltas.es\/?p=16548#primaryimage"},"thumbnailUrl":"https:\/\/hojassueltas.es\/wp-content\/uploads\/2024\/12\/lUGARES_5_hs.png","datePublished":"2024-12-21T23:00:43+00:00","dateModified":"2025-12-01T10:37:17+00:00","description":"BLOG: \u00abAl amancecer\u00bb de Anxo do Rego. Capitulo 5 de la serie Lugares y narrativa","breadcrumb":{"@id":"https:\/\/hojassueltas.es\/?p=16548#breadcrumb"},"inLanguage":"es","potentialAction":[{"@type":"ReadAction","target":["https:\/\/hojassueltas.es\/?p=16548"]}]},{"@type":"ImageObject","inLanguage":"es","@id":"https:\/\/hojassueltas.es\/?p=16548#primaryimage","url":"https:\/\/hojassueltas.es\/wp-content\/uploads\/2024\/12\/lUGARES_5_hs.png","contentUrl":"https:\/\/hojassueltas.es\/wp-content\/uploads\/2024\/12\/lUGARES_5_hs.png","width":1050,"height":610},{"@type":"BreadcrumbList","@id":"https:\/\/hojassueltas.es\/?p=16548#breadcrumb","itemListElement":[{"@type":"ListItem","position":1,"name":"Portada","item":"https:\/\/hojassueltas.es\/"},{"@type":"ListItem","position":2,"name":"La narrativa espa\u00f1ola y el alma de sus escenarios"}]},{"@type":"WebSite","@id":"https:\/\/hojassueltas.es\/#website","url":"https:\/\/hojassueltas.es\/","name":"HojasSueltas.es","description":"GRANADA - Peri\u00f3dico Cultural","publisher":{"@id":"https:\/\/hojassueltas.es\/#organization"},"alternateName":"H.S. Periodico Cultural","potentialAction":[{"@type":"SearchAction","target":{"@type":"EntryPoint","urlTemplate":"https:\/\/hojassueltas.es\/?s={search_term_string}"},"query-input":{"@type":"PropertyValueSpecification","valueRequired":true,"valueName":"search_term_string"}}],"inLanguage":"es"},{"@type":"Organization","@id":"https:\/\/hojassueltas.es\/#organization","name":"HOJAS SUELTAS - Peri\u00f3dico Cultural","alternateName":"HS - HOJAS SUELTAS Peri\u00f3dico Cultural","url":"https:\/\/hojassueltas.es\/","logo":{"@type":"ImageObject","inLanguage":"es","@id":"https:\/\/hojassueltas.es\/#\/schema\/logo\/image\/","url":"https:\/\/hojassueltas.es\/wp-content\/uploads\/2025\/08\/Icono-HS_2.png","contentUrl":"https:\/\/hojassueltas.es\/wp-content\/uploads\/2025\/08\/Icono-HS_2.png","width":500,"height":500,"caption":"HOJAS SUELTAS - Peri\u00f3dico Cultural"},"image":{"@id":"https:\/\/hojassueltas.es\/#\/schema\/logo\/image\/"},"sameAs":["https:\/\/x.com\/HOJASSUELTAS22"]},{"@type":"Person","@id":"https:\/\/hojassueltas.es\/#\/schema\/person\/cc93a1a1f7825a6e1d2c9bddd471a87c","name":"Anxo do Rego","image":{"@type":"ImageObject","inLanguage":"es","@id":"https:\/\/hojassueltas.es\/wp-content\/uploads\/2025\/02\/Anxo-do-Rego_2025-96x96.jpg","url":"https:\/\/hojassueltas.es\/wp-content\/uploads\/2025\/02\/Anxo-do-Rego_2025-96x96.jpg","contentUrl":"https:\/\/hojassueltas.es\/wp-content\/uploads\/2025\/02\/Anxo-do-Rego_2025-96x96.jpg","caption":"Anxo do Rego"},"description":"Narrador. Fundador, director y editor de la extinta editorial PG Ediciones. Actualmente asesora y colabora en las editoriales: Editorial Skytale y Aldo Ediciones, del Grupo Editorial Regina Exlibris. Director y redactor del diario cultural Hojas Sueltas. Fundador en 2014 de una de las primeras revistas digitales del g\u00e9nero negro y policial \u00abSolo Novela Negra\u00bb. Participa en numerosas instituciones culturales. Su narrativa se sustenta principalmente en la novela polic\u00edaca con diecis\u00e9is t\u00edtulos del comisario del CNP, Roberto H.C. como protagonista, aunque realiza incursiones en otros g\u00e9neros literarios, tales como la ficci\u00f3n hist\u00f3rica, ciencia ficci\u00f3n, suspense y sentimentales. Mantiene su creatividad literaria con novelas, relatos, art\u00edculos, rese\u00f1as literarias y ensayos.","sameAs":["https:\/\/anxodorego.com\/","https:\/\/www.facebook.com\/anxodoregoescritor\/"],"url":"https:\/\/hojassueltas.es\/?author=18"}]}},"_links":{"self":[{"href":"https:\/\/hojassueltas.es\/index.php?rest_route=\/wp\/v2\/posts\/16548","targetHints":{"allow":["GET"]}}],"collection":[{"href":"https:\/\/hojassueltas.es\/index.php?rest_route=\/wp\/v2\/posts"}],"about":[{"href":"https:\/\/hojassueltas.es\/index.php?rest_route=\/wp\/v2\/types\/post"}],"author":[{"embeddable":true,"href":"https:\/\/hojassueltas.es\/index.php?rest_route=\/wp\/v2\/users\/18"}],"replies":[{"embeddable":true,"href":"https:\/\/hojassueltas.es\/index.php?rest_route=%2Fwp%2Fv2%2Fcomments&post=16548"}],"version-history":[{"count":2,"href":"https:\/\/hojassueltas.es\/index.php?rest_route=\/wp\/v2\/posts\/16548\/revisions"}],"predecessor-version":[{"id":19544,"href":"https:\/\/hojassueltas.es\/index.php?rest_route=\/wp\/v2\/posts\/16548\/revisions\/19544"}],"wp:featuredmedia":[{"embeddable":true,"href":"https:\/\/hojassueltas.es\/index.php?rest_route=\/wp\/v2\/media\/16549"}],"wp:attachment":[{"href":"https:\/\/hojassueltas.es\/index.php?rest_route=%2Fwp%2Fv2%2Fmedia&parent=16548"}],"wp:term":[{"taxonomy":"category","embeddable":true,"href":"https:\/\/hojassueltas.es\/index.php?rest_route=%2Fwp%2Fv2%2Fcategories&post=16548"},{"taxonomy":"post_tag","embeddable":true,"href":"https:\/\/hojassueltas.es\/index.php?rest_route=%2Fwp%2Fv2%2Ftags&post=16548"}],"curies":[{"name":"wp","href":"https:\/\/api.w.org\/{rel}","templated":true}]}}