{"id":16543,"date":"2024-12-21T00:00:56","date_gmt":"2024-12-20T23:00:56","guid":{"rendered":"https:\/\/hojassueltas.es\/?p=16543"},"modified":"2025-12-01T12:37:17","modified_gmt":"2025-12-01T10:37:17","slug":"espacios-sometidos-a-la-ficcion-o-a-la-realidad-4-6","status":"publish","type":"post","link":"https:\/\/hojassueltas.es\/?p=16543","title":{"rendered":"Espacios sometidos a la ficci\u00f3n o a la realidad"},"content":{"rendered":"<div class=\"flex max-w-full flex-col flex-grow\">\n<div class=\"min-h-8 text-message flex w-full flex-col items-end gap-2 whitespace-normal break-words text-start [.text-message+&amp;]:mt-5\" dir=\"auto\" data-message-author-role=\"assistant\" data-message-id=\"02e77db0-73b3-40da-a6fc-ed5c839519ad\" data-message-model-slug=\"gpt-4o\">\n<div class=\"flex w-full flex-col gap-1 empty:hidden first:pt-[3px]\">\n<div class=\"markdown prose w-full break-words dark:prose-invert light\">\n<h4>\u00bfFidelidad o reinterpretaci\u00f3n del lugar?<\/h4>\n<h4 style=\"text-align: justify;\">En la narrativa espa\u00f1ola, los espacios literarios se encuentran a menudo en una encrucijada entre la estricta documentaci\u00f3n de lugares reales y la libertad creativa de la ficci\u00f3n. Los autores, tanto cl\u00e1sicos como contempor\u00e1neos, han explorado c\u00f3mo los espacios pueden ser representados con rigor hist\u00f3rico o transformados en proyecciones simb\u00f3licas y ficcionales. Esta dualidad no solo enriquece las historias, sino que tambi\u00e9n plantea preguntas sobre la relaci\u00f3n entre literatura, memoria y geograf\u00eda.<\/h4>\n<hr \/>\n<h4><strong>Siglo XIX: la realidad como base narrativa<\/strong><\/h4>\n<h4 style=\"text-align: justify;\">En el siglo XIX, el auge del realismo llev\u00f3 a una representaci\u00f3n precisa de los lugares, reflejo de una \u00e9poca marcada por cambios sociales y urbanos. Sin embargo, incluso en obras realistas, los autores a menudo reinventaron los espacios para subrayar los temas de sus narraciones.<\/h4>\n<ol>\n<li>\n<h4 style=\"text-align: justify;\"><strong>Benito P\u00e9rez Gald\u00f3s \u2013 <em>Episodios nacionales<\/em> (1873-1912)<\/strong><br \/>\nGald\u00f3s se bas\u00f3 en una investigaci\u00f3n exhaustiva para recrear con precisi\u00f3n ciudades como Madrid, C\u00e1diz o Zaragoza durante episodios hist\u00f3ricos clave. A trav\u00e9s de descripciones detalladas, estas localidades se convierten en testigos y protagonistas de los acontecimientos narrados, mientras se a\u00f1aden elementos ficcionales que refuerzan el impacto narrativo.<\/h4>\n<\/li>\n<li>\n<h4 style=\"text-align: justify;\"><strong>Emilia Pardo Baz\u00e1n \u2013 <em>La tribuna<\/em> (1883)<\/strong><br \/>\nAmbientada en La Coru\u00f1a, esta novela combina un retrato realista de la ciudad y de la vida de los trabajadores con una narrativa que transforma el espacio urbano en un s\u00edmbolo de lucha y cambio social.<\/h4>\n<\/li>\n<li>\n<h4 style=\"text-align: justify;\"><strong>Jos\u00e9 Mar\u00eda de Pereda \u2013 <em>Sotileza<\/em> (1885)<\/strong><br \/>\nPereda recrea Santander con un detalle casi documental, capturando el entorno mar\u00edtimo y la vida de los pescadores. No obstante, los espacios tambi\u00e9n adquieren una dimensi\u00f3n idealizada, reforzando los valores tradicionales que defiende el autor.<\/h4>\n<\/li>\n<\/ol>\n<hr \/>\n<h4><strong>Siglo XX: el equilibrio entre ficci\u00f3n y realidad<\/strong><\/h4>\n<p style=\"text-align: justify;\">A medida que el siglo XX avanzaba, los autores comenzaron a experimentar con los l\u00edmites entre realidad y ficci\u00f3n. Los lugares reales se transformaron en escenarios simb\u00f3licos, mientras que los espacios completamente ficticios adquirieron una verosimilitud que los hac\u00eda tangibles.<\/p>\n<ol>\n<li>\n<p style=\"text-align: justify;\"><strong>Luis Mart\u00edn-Santos \u2013 <em>Tiempo de silencio<\/em> (1962)<\/strong><br \/>\nEsta obra, ambientada en el Madrid de la posguerra, describe con crudeza y detalle los barrios marginales y los ambientes cient\u00edficos de la \u00e9poca. Aunque el espacio es reconocible, su tratamiento estilizado lo convierte en una met\u00e1fora del aislamiento y la opresi\u00f3n social.<\/p>\n<\/li>\n<li><strong>Camilo Jos\u00e9 Cela \u2013 <em>La colmena<\/em> (1951)<\/strong><br \/>\nMadrid es recreado de manera casi fotogr\u00e1fica, pero con una fragmentaci\u00f3n que refleja la descomposici\u00f3n de la sociedad de la posguerra. El caf\u00e9 como espacio central simboliza el microcosmos de una ciudad en crisis.<\/li>\n<li>\n<p style=\"text-align: justify;\"><strong>Merc\u00e8 Rodoreda \u2013 <em>La plaza del Diamante<\/em> (1962)<\/strong><br \/>\nAunque escrita en catal\u00e1n, la representaci\u00f3n de Barcelona en esta obra es un ejemplo emblem\u00e1tico del equilibrio entre la realidad y la ficci\u00f3n. La ciudad es el escenario de los cambios personales y sociales que afectan a la protagonista, adquiriendo un car\u00e1cter casi simb\u00f3lico.<\/p>\n<\/li>\n<\/ol>\n<h4><strong>Siglo XXI: la libertad creativa en la recreaci\u00f3n del espacio<\/strong><\/h4>\n<p style=\"text-align: justify;\">En la narrativa contempor\u00e1nea, los autores combinan espacios reales y ficticios con total libertad, reinterpretando las ciudades y los paisajes para explorar temas como la memoria, la identidad y el cambio social.<\/p>\n<ol>\n<li>\n<p style=\"text-align: justify;\"><strong>Javier Cercas \u2013 <em>Soldados de Salamina<\/em> (2001)<\/strong><br \/>\nEsta novela se desarrolla en espacios reales como Girona y el Valle de los Ca\u00eddos, pero los lugares est\u00e1n filtrados por la memoria y la investigaci\u00f3n del narrador. La mezcla de realidad y ficci\u00f3n plantea cuestiones sobre la reconstrucci\u00f3n de la historia y el papel del espacio en ella.<\/p>\n<\/li>\n<li>\n<p style=\"text-align: justify;\"><strong>Patricia Esteban Erl\u00e9s \u2013 <em>Casa de mu\u00f1ecas<\/em> (2018)<\/strong><br \/>\nEn esta colecci\u00f3n de relatos, los espacios ficticios, como casas y habitaciones, adquieren un car\u00e1cter inquietante y simb\u00f3lico. Estos lugares no son solo escenarios, sino extensiones de las emociones y obsesiones de los personajes.<\/p>\n<\/li>\n<li>\n<p style=\"text-align: justify;\"><strong>Elvira Navarro \u2013 <em>La isla de los conejos<\/em> (2019)<\/strong><br \/>\nEn esta obra, los espacios combinan lo real y lo on\u00edrico, desdibujando las fronteras entre lo tangible y lo imaginado. Desde ciudades reconocibles hasta islas misteriosas, los lugares son interpretaciones subjetivas cargadas de simbolismo.<\/p>\n<\/li>\n<\/ol>\n<h4><strong>Comparaciones entre \u00e9pocas: evoluci\u00f3n de los espacios literarios<\/strong><\/h4>\n<p style=\"text-align: justify;\">La narrativa espa\u00f1ola muestra una evoluci\u00f3n en el tratamiento de los espacios, desde la fidelidad casi documental del realismo decimon\u00f3nico hasta la libertad creativa de los autores contempor\u00e1neos. Sin embargo, en todas las \u00e9pocas, los lugares han sido herramientas para explorar los conflictos humanos y sociales.<\/p>\n<p>Por ejemplo:<\/p>\n<ul>\n<li style=\"text-align: justify;\">La recreaci\u00f3n realista de Santander en <em>Sotileza<\/em> dialoga con la representaci\u00f3n simb\u00f3lica de los barrios marginales de Madrid en <em>Tiempo de silencio<\/em>.<\/li>\n<li style=\"text-align: justify;\">La fidelidad hist\u00f3rica de <em>Episodios nacionales<\/em> encuentra un eco contempor\u00e1neo en la recreaci\u00f3n de la Guerra Civil en <em>Soldados de Salamina<\/em>.<\/li>\n<li style=\"text-align: justify;\">La transformaci\u00f3n simb\u00f3lica de Barcelona en <em>La plaza del Diamante<\/em> se conecta con los espacios on\u00edricos y metaf\u00f3ricos de <em>La isla de los conejos<\/em>.<\/li>\n<\/ul>\n<p style=\"text-align: justify;\">Los espacios sometidos a la ficci\u00f3n o a la realidad en la narrativa espa\u00f1ola no son neutros. Ya sea que los autores opten por una representaci\u00f3n fiel o una reinterpretaci\u00f3n creativa, los lugares act\u00faan como extensiones de los temas y emociones de las historias. La literatura espa\u00f1ola demuestra que los espacios, reales o imaginados, tienen el poder de conectar a los lectores con las inquietudes y los sue\u00f1os de sus \u00e9pocas, haciendo de cada lugar un protagonista indispensable.<\/p>\n<p style=\"text-align: justify;\">En el siguiente art\u00edculo, explorare ejemplos destacados de c\u00f3mo los lugares se relacionan con los g\u00e9neros literarios, destacando autores y novelas de distintas \u00e9pocas.<\/p>\n<p>Recomiendo leer los anteriores art\u00edculos.<\/p>\n<p>Pr\u00f3ximo: Ejemplos destacados: novelas, autores y \u00e9pocas<\/p>\n<p><span style=\"font-family: impact, sans-serif;\">\u00a9 Anxo do Rego<\/span><\/p>\n<\/div>\n<\/div>\n<\/div>\n<\/div>\n<div class=\"mb-2 flex gap-3 empty:hidden -ml-2\">\n<div class=\"items-center justify-start rounded-xl p-1 flex\">\n<div class=\"flex items-center\"><\/div>\n<\/div>\n<\/div>\n","protected":false},"excerpt":{"rendered":"<p>\u00bfFidelidad o reinterpretaci\u00f3n del lugar? En la narrativa espa\u00f1ola, los espacios literarios se encuentran a menudo en una encrucijada entre la estricta documentaci\u00f3n de lugares reales y la libertad creativa de la ficci\u00f3n. Los autores, tanto cl\u00e1sicos como contempor\u00e1neos, han explorado c\u00f3mo los espacios pueden ser representados con rigor hist\u00f3rico o transformados en proyecciones simb\u00f3licas [&hellip;]<\/p>\n","protected":false},"author":18,"featured_media":16544,"comment_status":"open","ping_status":"closed","sticky":false,"template":"","format":"standard","meta":{"footnotes":""},"categories":[2365],"tags":[230],"class_list":{"0":"post-16543","1":"post","2":"type-post","3":"status-publish","4":"format-standard","5":"has-post-thumbnail","7":"category-espacios-escenarios-y-geografia-literaria","8":"tag-anxo-do-rego"},"yoast_head":"<!-- This site is optimized with the Yoast SEO plugin v27.5 - https:\/\/yoast.com\/product\/yoast-seo-wordpress\/ -->\n<title>Espacios sometidos a la ficci\u00f3n o a la realidad | HOJAS SUELTAS Peri\u00f3dico Cultural<\/title>\n<meta name=\"description\" content=\"BLOG: \u00abAL AMANECER\u00bb de Anxo do Rego. Sigue la serie de lugares y narrativa, Capitulo 4\" \/>\n<meta name=\"robots\" content=\"index, follow, max-snippet:-1, max-image-preview:large, max-video-preview:-1\" \/>\n<link rel=\"canonical\" href=\"https:\/\/hojassueltas.es\/?p=16543\" \/>\n<meta property=\"og:locale\" content=\"es_ES\" \/>\n<meta property=\"og:type\" content=\"article\" \/>\n<meta property=\"og:title\" content=\"Espacios sometidos a la ficci\u00f3n o a la realidad | HOJAS SUELTAS Peri\u00f3dico Cultural\" \/>\n<meta property=\"og:description\" content=\"BLOG: \u00abAL AMANECER\u00bb de Anxo do Rego. Sigue la serie de lugares y narrativa, Capitulo 4\" \/>\n<meta property=\"og:url\" content=\"https:\/\/hojassueltas.es\/?p=16543\" \/>\n<meta property=\"og:site_name\" content=\"HOJAS SUELTAS Peri\u00f3dico Cultural\" \/>\n<meta property=\"article:author\" content=\"https:\/\/www.facebook.com\/anxodoregoescritor\/\" \/>\n<meta property=\"article:published_time\" content=\"2024-12-20T23:00:56+00:00\" \/>\n<meta property=\"article:modified_time\" content=\"2025-12-01T10:37:17+00:00\" \/>\n<meta property=\"og:image\" content=\"https:\/\/hojassueltas.es\/wp-content\/uploads\/2024\/12\/lUGARES_4_hs.png\" \/>\n\t<meta property=\"og:image:width\" content=\"1050\" \/>\n\t<meta property=\"og:image:height\" content=\"610\" \/>\n\t<meta property=\"og:image:type\" content=\"image\/png\" \/>\n<meta name=\"author\" content=\"Anxo do Rego\" \/>\n<meta name=\"twitter:card\" content=\"summary_large_image\" \/>\n<meta name=\"twitter:creator\" content=\"@HOJASSUELTAS22\" \/>\n<meta name=\"twitter:site\" content=\"@HOJASSUELTAS22\" \/>\n<meta name=\"twitter:label1\" content=\"Escrito por\" \/>\n\t<meta name=\"twitter:data1\" content=\"Anxo do Rego\" \/>\n\t<meta name=\"twitter:label2\" content=\"Tiempo de lectura\" \/>\n\t<meta name=\"twitter:data2\" content=\"5 minutos\" \/>\n<script type=\"application\/ld+json\" class=\"yoast-schema-graph\">{\"@context\":\"https:\\\/\\\/schema.org\",\"@graph\":[{\"@type\":[\"Article\",\"BlogPosting\"],\"@id\":\"https:\\\/\\\/hojassueltas.es\\\/?p=16543#article\",\"isPartOf\":{\"@id\":\"https:\\\/\\\/hojassueltas.es\\\/?p=16543\"},\"author\":{\"name\":\"Anxo do Rego\",\"@id\":\"https:\\\/\\\/hojassueltas.es\\\/#\\\/schema\\\/person\\\/cc93a1a1f7825a6e1d2c9bddd471a87c\"},\"headline\":\"Espacios sometidos a la ficci\u00f3n o a la realidad\",\"datePublished\":\"2024-12-20T23:00:56+00:00\",\"dateModified\":\"2025-12-01T10:37:17+00:00\",\"mainEntityOfPage\":{\"@id\":\"https:\\\/\\\/hojassueltas.es\\\/?p=16543\"},\"wordCount\":964,\"commentCount\":0,\"publisher\":{\"@id\":\"https:\\\/\\\/hojassueltas.es\\\/#organization\"},\"image\":{\"@id\":\"https:\\\/\\\/hojassueltas.es\\\/?p=16543#primaryimage\"},\"thumbnailUrl\":\"https:\\\/\\\/hojassueltas.es\\\/wp-content\\\/uploads\\\/2024\\\/12\\\/lUGARES_4_hs.png\",\"keywords\":[\"Anxo do Rego\"],\"articleSection\":[\"Espacios, escenarios y geograf\u00eda literaria\"],\"inLanguage\":\"es\",\"potentialAction\":[{\"@type\":\"CommentAction\",\"name\":\"Comment\",\"target\":[\"https:\\\/\\\/hojassueltas.es\\\/?p=16543#respond\"]}]},{\"@type\":\"WebPage\",\"@id\":\"https:\\\/\\\/hojassueltas.es\\\/?p=16543\",\"url\":\"https:\\\/\\\/hojassueltas.es\\\/?p=16543\",\"name\":\"Espacios sometidos a la ficci\u00f3n o a la realidad | HOJAS SUELTAS Peri\u00f3dico Cultural\",\"isPartOf\":{\"@id\":\"https:\\\/\\\/hojassueltas.es\\\/#website\"},\"primaryImageOfPage\":{\"@id\":\"https:\\\/\\\/hojassueltas.es\\\/?p=16543#primaryimage\"},\"image\":{\"@id\":\"https:\\\/\\\/hojassueltas.es\\\/?p=16543#primaryimage\"},\"thumbnailUrl\":\"https:\\\/\\\/hojassueltas.es\\\/wp-content\\\/uploads\\\/2024\\\/12\\\/lUGARES_4_hs.png\",\"datePublished\":\"2024-12-20T23:00:56+00:00\",\"dateModified\":\"2025-12-01T10:37:17+00:00\",\"description\":\"BLOG: \u00abAL AMANECER\u00bb de Anxo do Rego. Sigue la serie de lugares y narrativa, Capitulo 4\",\"breadcrumb\":{\"@id\":\"https:\\\/\\\/hojassueltas.es\\\/?p=16543#breadcrumb\"},\"inLanguage\":\"es\",\"potentialAction\":[{\"@type\":\"ReadAction\",\"target\":[\"https:\\\/\\\/hojassueltas.es\\\/?p=16543\"]}]},{\"@type\":\"ImageObject\",\"inLanguage\":\"es\",\"@id\":\"https:\\\/\\\/hojassueltas.es\\\/?p=16543#primaryimage\",\"url\":\"https:\\\/\\\/hojassueltas.es\\\/wp-content\\\/uploads\\\/2024\\\/12\\\/lUGARES_4_hs.png\",\"contentUrl\":\"https:\\\/\\\/hojassueltas.es\\\/wp-content\\\/uploads\\\/2024\\\/12\\\/lUGARES_4_hs.png\",\"width\":1050,\"height\":610},{\"@type\":\"BreadcrumbList\",\"@id\":\"https:\\\/\\\/hojassueltas.es\\\/?p=16543#breadcrumb\",\"itemListElement\":[{\"@type\":\"ListItem\",\"position\":1,\"name\":\"Portada\",\"item\":\"https:\\\/\\\/hojassueltas.es\\\/\"},{\"@type\":\"ListItem\",\"position\":2,\"name\":\"Espacios sometidos a la ficci\u00f3n o a la realidad\"}]},{\"@type\":\"WebSite\",\"@id\":\"https:\\\/\\\/hojassueltas.es\\\/#website\",\"url\":\"https:\\\/\\\/hojassueltas.es\\\/\",\"name\":\"HojasSueltas.es\",\"description\":\"GRANADA - Peri\u00f3dico Cultural\",\"publisher\":{\"@id\":\"https:\\\/\\\/hojassueltas.es\\\/#organization\"},\"alternateName\":\"H.S. Periodico Cultural\",\"potentialAction\":[{\"@type\":\"SearchAction\",\"target\":{\"@type\":\"EntryPoint\",\"urlTemplate\":\"https:\\\/\\\/hojassueltas.es\\\/?s={search_term_string}\"},\"query-input\":{\"@type\":\"PropertyValueSpecification\",\"valueRequired\":true,\"valueName\":\"search_term_string\"}}],\"inLanguage\":\"es\"},{\"@type\":\"Organization\",\"@id\":\"https:\\\/\\\/hojassueltas.es\\\/#organization\",\"name\":\"HOJAS SUELTAS - Peri\u00f3dico Cultural\",\"alternateName\":\"HS - HOJAS SUELTAS Peri\u00f3dico Cultural\",\"url\":\"https:\\\/\\\/hojassueltas.es\\\/\",\"logo\":{\"@type\":\"ImageObject\",\"inLanguage\":\"es\",\"@id\":\"https:\\\/\\\/hojassueltas.es\\\/#\\\/schema\\\/logo\\\/image\\\/\",\"url\":\"https:\\\/\\\/hojassueltas.es\\\/wp-content\\\/uploads\\\/2025\\\/08\\\/Icono-HS_2.png\",\"contentUrl\":\"https:\\\/\\\/hojassueltas.es\\\/wp-content\\\/uploads\\\/2025\\\/08\\\/Icono-HS_2.png\",\"width\":500,\"height\":500,\"caption\":\"HOJAS SUELTAS - Peri\u00f3dico Cultural\"},\"image\":{\"@id\":\"https:\\\/\\\/hojassueltas.es\\\/#\\\/schema\\\/logo\\\/image\\\/\"},\"sameAs\":[\"https:\\\/\\\/x.com\\\/HOJASSUELTAS22\"]},{\"@type\":\"Person\",\"@id\":\"https:\\\/\\\/hojassueltas.es\\\/#\\\/schema\\\/person\\\/cc93a1a1f7825a6e1d2c9bddd471a87c\",\"name\":\"Anxo do Rego\",\"image\":{\"@type\":\"ImageObject\",\"inLanguage\":\"es\",\"@id\":\"https:\\\/\\\/hojassueltas.es\\\/wp-content\\\/uploads\\\/2025\\\/02\\\/Anxo-do-Rego_2025-96x96.jpg\",\"url\":\"https:\\\/\\\/hojassueltas.es\\\/wp-content\\\/uploads\\\/2025\\\/02\\\/Anxo-do-Rego_2025-96x96.jpg\",\"contentUrl\":\"https:\\\/\\\/hojassueltas.es\\\/wp-content\\\/uploads\\\/2025\\\/02\\\/Anxo-do-Rego_2025-96x96.jpg\",\"caption\":\"Anxo do Rego\"},\"description\":\"Narrador. Fundador, director y editor de la extinta editorial PG Ediciones. Actualmente asesora y colabora en las editoriales: Editorial Skytale y Aldo Ediciones, del Grupo Editorial Regina Exlibris. Director y redactor del diario cultural Hojas Sueltas. Fundador en 2014 de una de las primeras revistas digitales del g\u00e9nero negro y policial \u00abSolo Novela Negra\u00bb. Participa en numerosas instituciones culturales. Su narrativa se sustenta principalmente en la novela polic\u00edaca con diecis\u00e9is t\u00edtulos del comisario del CNP, Roberto H.C. como protagonista, aunque realiza incursiones en otros g\u00e9neros literarios, tales como la ficci\u00f3n hist\u00f3rica, ciencia ficci\u00f3n, suspense y sentimentales. Mantiene su creatividad literaria con novelas, relatos, art\u00edculos, rese\u00f1as literarias y ensayos.\",\"sameAs\":[\"https:\\\/\\\/anxodorego.com\\\/\",\"https:\\\/\\\/www.facebook.com\\\/anxodoregoescritor\\\/\"],\"url\":\"https:\\\/\\\/hojassueltas.es\\\/?author=18\"}]}<\/script>\n<!-- \/ Yoast SEO plugin. -->","yoast_head_json":{"title":"Espacios sometidos a la ficci\u00f3n o a la realidad | HOJAS SUELTAS Peri\u00f3dico Cultural","description":"BLOG: \u00abAL AMANECER\u00bb de Anxo do Rego. Sigue la serie de lugares y narrativa, Capitulo 4","robots":{"index":"index","follow":"follow","max-snippet":"max-snippet:-1","max-image-preview":"max-image-preview:large","max-video-preview":"max-video-preview:-1"},"canonical":"https:\/\/hojassueltas.es\/?p=16543","og_locale":"es_ES","og_type":"article","og_title":"Espacios sometidos a la ficci\u00f3n o a la realidad | HOJAS SUELTAS Peri\u00f3dico Cultural","og_description":"BLOG: \u00abAL AMANECER\u00bb de Anxo do Rego. Sigue la serie de lugares y narrativa, Capitulo 4","og_url":"https:\/\/hojassueltas.es\/?p=16543","og_site_name":"HOJAS SUELTAS Peri\u00f3dico Cultural","article_author":"https:\/\/www.facebook.com\/anxodoregoescritor\/","article_published_time":"2024-12-20T23:00:56+00:00","article_modified_time":"2025-12-01T10:37:17+00:00","og_image":[{"width":1050,"height":610,"url":"https:\/\/hojassueltas.es\/wp-content\/uploads\/2024\/12\/lUGARES_4_hs.png","type":"image\/png"}],"author":"Anxo do Rego","twitter_card":"summary_large_image","twitter_creator":"@HOJASSUELTAS22","twitter_site":"@HOJASSUELTAS22","twitter_misc":{"Escrito por":"Anxo do Rego","Tiempo de lectura":"5 minutos"},"schema":{"@context":"https:\/\/schema.org","@graph":[{"@type":["Article","BlogPosting"],"@id":"https:\/\/hojassueltas.es\/?p=16543#article","isPartOf":{"@id":"https:\/\/hojassueltas.es\/?p=16543"},"author":{"name":"Anxo do Rego","@id":"https:\/\/hojassueltas.es\/#\/schema\/person\/cc93a1a1f7825a6e1d2c9bddd471a87c"},"headline":"Espacios sometidos a la ficci\u00f3n o a la realidad","datePublished":"2024-12-20T23:00:56+00:00","dateModified":"2025-12-01T10:37:17+00:00","mainEntityOfPage":{"@id":"https:\/\/hojassueltas.es\/?p=16543"},"wordCount":964,"commentCount":0,"publisher":{"@id":"https:\/\/hojassueltas.es\/#organization"},"image":{"@id":"https:\/\/hojassueltas.es\/?p=16543#primaryimage"},"thumbnailUrl":"https:\/\/hojassueltas.es\/wp-content\/uploads\/2024\/12\/lUGARES_4_hs.png","keywords":["Anxo do Rego"],"articleSection":["Espacios, escenarios y geograf\u00eda literaria"],"inLanguage":"es","potentialAction":[{"@type":"CommentAction","name":"Comment","target":["https:\/\/hojassueltas.es\/?p=16543#respond"]}]},{"@type":"WebPage","@id":"https:\/\/hojassueltas.es\/?p=16543","url":"https:\/\/hojassueltas.es\/?p=16543","name":"Espacios sometidos a la ficci\u00f3n o a la realidad | HOJAS SUELTAS Peri\u00f3dico Cultural","isPartOf":{"@id":"https:\/\/hojassueltas.es\/#website"},"primaryImageOfPage":{"@id":"https:\/\/hojassueltas.es\/?p=16543#primaryimage"},"image":{"@id":"https:\/\/hojassueltas.es\/?p=16543#primaryimage"},"thumbnailUrl":"https:\/\/hojassueltas.es\/wp-content\/uploads\/2024\/12\/lUGARES_4_hs.png","datePublished":"2024-12-20T23:00:56+00:00","dateModified":"2025-12-01T10:37:17+00:00","description":"BLOG: \u00abAL AMANECER\u00bb de Anxo do Rego. Sigue la serie de lugares y narrativa, Capitulo 4","breadcrumb":{"@id":"https:\/\/hojassueltas.es\/?p=16543#breadcrumb"},"inLanguage":"es","potentialAction":[{"@type":"ReadAction","target":["https:\/\/hojassueltas.es\/?p=16543"]}]},{"@type":"ImageObject","inLanguage":"es","@id":"https:\/\/hojassueltas.es\/?p=16543#primaryimage","url":"https:\/\/hojassueltas.es\/wp-content\/uploads\/2024\/12\/lUGARES_4_hs.png","contentUrl":"https:\/\/hojassueltas.es\/wp-content\/uploads\/2024\/12\/lUGARES_4_hs.png","width":1050,"height":610},{"@type":"BreadcrumbList","@id":"https:\/\/hojassueltas.es\/?p=16543#breadcrumb","itemListElement":[{"@type":"ListItem","position":1,"name":"Portada","item":"https:\/\/hojassueltas.es\/"},{"@type":"ListItem","position":2,"name":"Espacios sometidos a la ficci\u00f3n o a la realidad"}]},{"@type":"WebSite","@id":"https:\/\/hojassueltas.es\/#website","url":"https:\/\/hojassueltas.es\/","name":"HojasSueltas.es","description":"GRANADA - Peri\u00f3dico Cultural","publisher":{"@id":"https:\/\/hojassueltas.es\/#organization"},"alternateName":"H.S. Periodico Cultural","potentialAction":[{"@type":"SearchAction","target":{"@type":"EntryPoint","urlTemplate":"https:\/\/hojassueltas.es\/?s={search_term_string}"},"query-input":{"@type":"PropertyValueSpecification","valueRequired":true,"valueName":"search_term_string"}}],"inLanguage":"es"},{"@type":"Organization","@id":"https:\/\/hojassueltas.es\/#organization","name":"HOJAS SUELTAS - Peri\u00f3dico Cultural","alternateName":"HS - HOJAS SUELTAS Peri\u00f3dico Cultural","url":"https:\/\/hojassueltas.es\/","logo":{"@type":"ImageObject","inLanguage":"es","@id":"https:\/\/hojassueltas.es\/#\/schema\/logo\/image\/","url":"https:\/\/hojassueltas.es\/wp-content\/uploads\/2025\/08\/Icono-HS_2.png","contentUrl":"https:\/\/hojassueltas.es\/wp-content\/uploads\/2025\/08\/Icono-HS_2.png","width":500,"height":500,"caption":"HOJAS SUELTAS - Peri\u00f3dico Cultural"},"image":{"@id":"https:\/\/hojassueltas.es\/#\/schema\/logo\/image\/"},"sameAs":["https:\/\/x.com\/HOJASSUELTAS22"]},{"@type":"Person","@id":"https:\/\/hojassueltas.es\/#\/schema\/person\/cc93a1a1f7825a6e1d2c9bddd471a87c","name":"Anxo do Rego","image":{"@type":"ImageObject","inLanguage":"es","@id":"https:\/\/hojassueltas.es\/wp-content\/uploads\/2025\/02\/Anxo-do-Rego_2025-96x96.jpg","url":"https:\/\/hojassueltas.es\/wp-content\/uploads\/2025\/02\/Anxo-do-Rego_2025-96x96.jpg","contentUrl":"https:\/\/hojassueltas.es\/wp-content\/uploads\/2025\/02\/Anxo-do-Rego_2025-96x96.jpg","caption":"Anxo do Rego"},"description":"Narrador. Fundador, director y editor de la extinta editorial PG Ediciones. Actualmente asesora y colabora en las editoriales: Editorial Skytale y Aldo Ediciones, del Grupo Editorial Regina Exlibris. Director y redactor del diario cultural Hojas Sueltas. Fundador en 2014 de una de las primeras revistas digitales del g\u00e9nero negro y policial \u00abSolo Novela Negra\u00bb. Participa en numerosas instituciones culturales. Su narrativa se sustenta principalmente en la novela polic\u00edaca con diecis\u00e9is t\u00edtulos del comisario del CNP, Roberto H.C. como protagonista, aunque realiza incursiones en otros g\u00e9neros literarios, tales como la ficci\u00f3n hist\u00f3rica, ciencia ficci\u00f3n, suspense y sentimentales. Mantiene su creatividad literaria con novelas, relatos, art\u00edculos, rese\u00f1as literarias y ensayos.","sameAs":["https:\/\/anxodorego.com\/","https:\/\/www.facebook.com\/anxodoregoescritor\/"],"url":"https:\/\/hojassueltas.es\/?author=18"}]}},"_links":{"self":[{"href":"https:\/\/hojassueltas.es\/index.php?rest_route=\/wp\/v2\/posts\/16543","targetHints":{"allow":["GET"]}}],"collection":[{"href":"https:\/\/hojassueltas.es\/index.php?rest_route=\/wp\/v2\/posts"}],"about":[{"href":"https:\/\/hojassueltas.es\/index.php?rest_route=\/wp\/v2\/types\/post"}],"author":[{"embeddable":true,"href":"https:\/\/hojassueltas.es\/index.php?rest_route=\/wp\/v2\/users\/18"}],"replies":[{"embeddable":true,"href":"https:\/\/hojassueltas.es\/index.php?rest_route=%2Fwp%2Fv2%2Fcomments&post=16543"}],"version-history":[{"count":2,"href":"https:\/\/hojassueltas.es\/index.php?rest_route=\/wp\/v2\/posts\/16543\/revisions"}],"predecessor-version":[{"id":19543,"href":"https:\/\/hojassueltas.es\/index.php?rest_route=\/wp\/v2\/posts\/16543\/revisions\/19543"}],"wp:featuredmedia":[{"embeddable":true,"href":"https:\/\/hojassueltas.es\/index.php?rest_route=\/wp\/v2\/media\/16544"}],"wp:attachment":[{"href":"https:\/\/hojassueltas.es\/index.php?rest_route=%2Fwp%2Fv2%2Fmedia&parent=16543"}],"wp:term":[{"taxonomy":"category","embeddable":true,"href":"https:\/\/hojassueltas.es\/index.php?rest_route=%2Fwp%2Fv2%2Fcategories&post=16543"},{"taxonomy":"post_tag","embeddable":true,"href":"https:\/\/hojassueltas.es\/index.php?rest_route=%2Fwp%2Fv2%2Ftags&post=16543"}],"curies":[{"name":"wp","href":"https:\/\/api.w.org\/{rel}","templated":true}]}}