{"id":16540,"date":"2024-12-19T00:00:15","date_gmt":"2024-12-18T23:00:15","guid":{"rendered":"https:\/\/hojassueltas.es\/?p=16540"},"modified":"2025-12-01T12:37:17","modified_gmt":"2025-12-01T10:37:17","slug":"la-recreacion-de-espacios-en-la-narrativa-espanola-3-6","status":"publish","type":"post","link":"https:\/\/hojassueltas.es\/?p=16540","title":{"rendered":"La recreaci\u00f3n de espacios en la narrativa espa\u00f1ola"},"content":{"rendered":"<h3 class=\"western\">Calles, plazas y paisajes: la geograf\u00eda literaria<\/h3>\n<p style=\"text-align: justify;\">Los escenarios literarios en la narrativa espa\u00f1ola son mucho m\u00e1s que simples telones de fondo. Cada rinc\u00f3n, calle o paisaje recreado en las p\u00e1ginas literarias contribuye a construir el universo emocional, social y simb\u00f3lico de la obra. Desde los paisajes idealizados o desgarradores del siglo XIX hasta las reinterpretaciones urbanas y rurales del siglo XXI, los lugares en la literatura espa\u00f1ola nos permiten descubrir c\u00f3mo los autores dialogan con su entorno y con las inquietudes de su tiempo.<\/p>\n<h4 class=\"western\"><strong>Siglo XIX: la consolidaci\u00f3n del espacio como narrador social<\/strong><\/h4>\n<p style=\"text-align: justify;\">El realismo y el naturalismo del siglo XIX otorgaron a los lugares un protagonismo in\u00e9dito. Las descripciones detalladas de ciudades y paisajes se convierten en herramientas para reflexionar sobre la sociedad, las costumbres y los conflictos humanos.<\/p>\n<ol>\n<li>\n<p style=\"text-align: justify;\"><strong>Pedro Antonio de Alarc\u00f3n \u2013 <\/strong><em>El sombrero de tres picos<\/em><strong> (1874)<\/strong><br \/>\nSituada en un entorno rural andaluz, esta obra utiliza el paisaje como un reflejo de la cultura y el humor de sus personajes. Las descripciones del molino, el puente y los alrededores no solo sit\u00faan la acci\u00f3n, sino que crean una atm\u00f3sfera v\u00edvida que enriquece la narraci\u00f3n.<\/p>\n<\/li>\n<li>\n<p style=\"text-align: justify;\"><strong>Jos\u00e9 Mar\u00eda de Pereda \u2013 <\/strong><em>Pe\u00f1as arriba<\/em><strong> (1895)<\/strong><br \/>\nEn esta novela, el paisaje monta\u00f1oso de Cantabria desempe\u00f1a un papel esencial. Pereda recrea con minuciosidad los valles, las cumbres y los peque\u00f1os pueblos, transmitiendo un mensaje de conexi\u00f3n entre el ser humano y su tierra, al tiempo que refleja los cambios sociales de la \u00e9poca.<\/p>\n<\/li>\n<li>\n<p style=\"text-align: justify;\"><strong>Armando Palacio Vald\u00e9s \u2013 <\/strong><em>La hermana San Sulpicio<\/em><strong> (1889)<\/strong><br \/>\nAmbientada en Sevilla, esta obra ofrece una representaci\u00f3n vibrante de la ciudad, desde sus calles y plazas hasta sus tradiciones religiosas. La ciudad andaluza no solo contextualiza la acci\u00f3n, sino que tambi\u00e9n act\u00faa como un reflejo de los contrastes entre la vida burguesa y la espiritualidad.<\/p>\n<\/li>\n<\/ol>\n<h4 class=\"western\"><strong>Siglo XX: la evoluci\u00f3n hacia el simbolismo y la introspecci\u00f3n<\/strong><\/h4>\n<p style=\"text-align: justify;\">El siglo XX introduce nuevas formas de recrear espacios, donde la realidad f\u00edsica se entrelaza con la introspecci\u00f3n psicol\u00f3gica y el simbolismo. Los lugares se convierten en met\u00e1foras de los conflictos sociales, hist\u00f3ricos o existenciales de los personajes.<\/p>\n<ol>\n<li>\n<p style=\"text-align: justify;\"><strong>Ram\u00f3n J. Sender \u2013 <\/strong><em>R\u00e9quiem por un campesino espa\u00f1ol<\/em><strong> (1953)<\/strong><br \/>\nSituada en un pueblo aragon\u00e9s durante la Guerra Civil Espa\u00f1ola, la obra recrea con precisi\u00f3n los espacios rurales, desde la iglesia hasta los campos. El entorno refuerza la tragedia de la historia y la tensi\u00f3n entre el pasado y el presente.<\/p>\n<\/li>\n<li>\n<p style=\"text-align: justify;\"><strong>Rafael S\u00e1nchez Ferlosio \u2013 <\/strong><em>El Jarama<\/em><strong> (1955)<\/strong><br \/>\nEn esta novela experimental, el r\u00edo Jarama y sus alrededores son descritos con un nivel de detalle extraordinario. El paisaje se convierte en un protagonista silencioso, mientras los personajes desarrollan conversaciones cotidianas que revelan la monoton\u00eda y el vac\u00edo existencial.<\/p>\n<\/li>\n<li>\n<p style=\"text-align: justify;\"><strong>Ana Mar\u00eda Matute \u2013 <\/strong><em>Primera memoria<\/em><strong> (1959)<\/strong><br \/>\nAmbientada en una isla ficticia durante la posguerra espa\u00f1ola, esta novela utiliza el espacio como un reflejo del aislamiento emocional de los personajes. Las descripciones del mar, las casas y los paisajes isle\u00f1os refuerzan el tono melanc\u00f3lico de la obra.<\/p>\n<\/li>\n<\/ol>\n<h4 class=\"western\"><strong>Siglo XXI: la reinvenci\u00f3n del espacio narrativo<\/strong><\/h4>\n<p style=\"text-align: justify;\">En la narrativa contempor\u00e1nea, los autores combinan lo local con lo global, lo real con lo ficticio. Los lugares se reinterpretan para abordar temas como la memoria, la identidad o la complejidad de las ciudades modernas.<\/p>\n<ol>\n<li><strong>Mar\u00eda Due\u00f1as \u2013 <\/strong><em>El tiempo entre costuras<\/em><strong> (2009)<\/strong><br \/>\nEsta novela transita por lugares como Madrid, T\u00e1nger y Lisboa, recreando con detalle sus calles, edificios y ambientes. Los espacios no solo contextualizan la acci\u00f3n, sino que refuerzan el car\u00e1cter cosmopolita y la evoluci\u00f3n personal de la protagonista.<\/li>\n<li>\n<p style=\"text-align: justify;\"><strong>Irene Sol\u00e0 \u2013 <\/strong><em>Canto yo y la monta\u00f1a baila<\/em><strong> (2019)<\/strong><br \/>\nSituada en los Pirineos catalanes, esta obra utiliza el paisaje monta\u00f1oso como un personaje m\u00e1s. La descripci\u00f3n de los bosques, las cimas y los r\u00edos adquiere un car\u00e1cter po\u00e9tico y simb\u00f3lico, conectando lo humano con lo natural.<\/p>\n<\/li>\n<li>\n<p style=\"text-align: justify;\"><strong>Cristina Morales \u2013 <\/strong><em>Lectura f\u00e1cil<\/em><strong> (2018)<\/strong><br \/>\nEn esta novela, la Barcelona contempor\u00e1nea se describe desde una perspectiva cr\u00edtica. Las calles, edificios y espacios p\u00fablicos no son neutros; act\u00faan como un reflejo de las tensiones sociales y pol\u00edticas que atraviesan a los personajes.<\/p>\n<\/li>\n<\/ol>\n<h3 class=\"western\"><strong>Comparaciones entre \u00e9pocas: continuidad en la diversidad<\/strong><\/h3>\n<p style=\"text-align: justify;\">Al comparar las obras de distintos per\u00edodos, se observa una evoluci\u00f3n en el tratamiento de los espacios. En el siglo XIX, autores como Pereda y Palacio Vald\u00e9s buscaban capturar la esencia de los paisajes rurales y urbanos como un testimonio de su tiempo. En el siglo XX, el simbolismo y la introspecci\u00f3n cobraron mayor relevancia, mientras que en el siglo XXI, los lugares se convierten en herramientas para explorar las tensiones globales, culturales y emocionales.<\/p>\n<p>Por ejemplo:<\/p>\n<ul>\n<li>\n<p style=\"text-align: justify;\">Las descripciones costumbristas de <em>Pe\u00f1as arriba<\/em> tienen un eco contempor\u00e1neo en <em>Canto yo y la monta\u00f1a baila<\/em>, donde el entorno natural es central para la narrativa.<\/p>\n<\/li>\n<li>\n<p style=\"text-align: justify;\">Los paisajes rurales de <em>R\u00e9quiem por un campesino espa\u00f1ol<\/em> dialogan con los entornos globales de <em>El tiempo entre costuras<\/em>, mostrando c\u00f3mo los lugares pueden ser tanto locales como universales.<\/p>\n<\/li>\n<li>\n<p style=\"text-align: justify;\">Las tensiones urbanas de <em>El Jarama<\/em> encuentran un paralelo en <em>Lectura f\u00e1cil<\/em>, en su tratamiento cr\u00edtico de las ciudades como espacios de conflicto.<\/p>\n<\/li>\n<\/ul>\n<p style=\"text-align: justify;\">La recreaci\u00f3n de espacios en la narrativa espa\u00f1ola ha evolucionado, pero su importancia se ha mantenido constante. Desde los valles y pueblos del siglo XIX hasta las ciudades globales del siglo XXI, los lugares contin\u00faan siendo veh\u00edculos para explorar las relaciones humanas, las tensiones sociales y las emociones universales. Los lectores encuentran en estos espacios no solo un contexto para las historias, sino tambi\u00e9n una conexi\u00f3n profunda con las geograf\u00edas literarias que forman parte del alma de la narrativa espa\u00f1ola.<\/p>\n<p>Recomendamos leer los art\u00edculos anteriores.<\/p>\n<p>Sigue la serie con: Espacios sometidos a la ficci\u00f3n o a la realidad<\/p>\n<p><span style=\"font-family: impact, sans-serif;\">\u00a9 Anxo do Rego<\/span><\/p>\n<p align=\"justify\">\n","protected":false},"excerpt":{"rendered":"<p>Calles, plazas y paisajes: la geograf\u00eda literaria Los escenarios literarios en la narrativa espa\u00f1ola son mucho m\u00e1s que simples telones de fondo. Cada rinc\u00f3n, calle o paisaje recreado en las p\u00e1ginas literarias contribuye a construir el universo emocional, social y simb\u00f3lico de la obra. Desde los paisajes idealizados o desgarradores del siglo XIX hasta las [&hellip;]<\/p>\n","protected":false},"author":18,"featured_media":16541,"comment_status":"open","ping_status":"closed","sticky":false,"template":"","format":"standard","meta":{"footnotes":""},"categories":[2365],"tags":[230],"class_list":{"0":"post-16540","1":"post","2":"type-post","3":"status-publish","4":"format-standard","5":"has-post-thumbnail","7":"category-espacios-escenarios-y-geografia-literaria","8":"tag-anxo-do-rego"},"yoast_head":"<!-- This site is optimized with the Yoast SEO plugin v27.5 - https:\/\/yoast.com\/product\/yoast-seo-wordpress\/ -->\n<title>La recreaci\u00f3n de espacios en la narrativa espa\u00f1ola | HOJAS SUELTAS Peri\u00f3dico Cultural<\/title>\n<meta name=\"description\" content=\"BLOG \u00abAl amanecer\u00bb de Anxo do Rego Capitulo 2 de la serie Lugares\" \/>\n<meta name=\"robots\" content=\"index, follow, max-snippet:-1, max-image-preview:large, max-video-preview:-1\" \/>\n<link rel=\"canonical\" href=\"https:\/\/hojassueltas.es\/?p=16540\" \/>\n<meta property=\"og:locale\" content=\"es_ES\" \/>\n<meta property=\"og:type\" content=\"article\" \/>\n<meta property=\"og:title\" content=\"La recreaci\u00f3n de espacios en la narrativa espa\u00f1ola | HOJAS SUELTAS Peri\u00f3dico Cultural\" \/>\n<meta property=\"og:description\" content=\"BLOG \u00abAl amanecer\u00bb de Anxo do Rego Capitulo 2 de la serie Lugares\" \/>\n<meta property=\"og:url\" content=\"https:\/\/hojassueltas.es\/?p=16540\" \/>\n<meta property=\"og:site_name\" content=\"HOJAS SUELTAS Peri\u00f3dico Cultural\" \/>\n<meta property=\"article:author\" content=\"https:\/\/www.facebook.com\/anxodoregoescritor\/\" \/>\n<meta property=\"article:published_time\" content=\"2024-12-18T23:00:15+00:00\" \/>\n<meta property=\"article:modified_time\" content=\"2025-12-01T10:37:17+00:00\" \/>\n<meta property=\"og:image\" content=\"https:\/\/hojassueltas.es\/wp-content\/uploads\/2024\/12\/lUGARES_3_hs.png\" \/>\n\t<meta property=\"og:image:width\" content=\"1050\" \/>\n\t<meta property=\"og:image:height\" content=\"610\" \/>\n\t<meta property=\"og:image:type\" content=\"image\/png\" \/>\n<meta name=\"author\" content=\"Anxo do Rego\" \/>\n<meta name=\"twitter:card\" content=\"summary_large_image\" \/>\n<meta name=\"twitter:creator\" content=\"@HOJASSUELTAS22\" \/>\n<meta name=\"twitter:site\" content=\"@HOJASSUELTAS22\" \/>\n<meta name=\"twitter:label1\" content=\"Escrito por\" \/>\n\t<meta name=\"twitter:data1\" content=\"Anxo do Rego\" \/>\n\t<meta name=\"twitter:label2\" content=\"Tiempo de lectura\" \/>\n\t<meta name=\"twitter:data2\" content=\"5 minutos\" \/>\n<script type=\"application\/ld+json\" class=\"yoast-schema-graph\">{\"@context\":\"https:\\\/\\\/schema.org\",\"@graph\":[{\"@type\":[\"Article\",\"BlogPosting\"],\"@id\":\"https:\\\/\\\/hojassueltas.es\\\/?p=16540#article\",\"isPartOf\":{\"@id\":\"https:\\\/\\\/hojassueltas.es\\\/?p=16540\"},\"author\":{\"name\":\"Anxo do Rego\",\"@id\":\"https:\\\/\\\/hojassueltas.es\\\/#\\\/schema\\\/person\\\/cc93a1a1f7825a6e1d2c9bddd471a87c\"},\"headline\":\"La recreaci\u00f3n de espacios en la narrativa espa\u00f1ola\",\"datePublished\":\"2024-12-18T23:00:15+00:00\",\"dateModified\":\"2025-12-01T10:37:17+00:00\",\"mainEntityOfPage\":{\"@id\":\"https:\\\/\\\/hojassueltas.es\\\/?p=16540\"},\"wordCount\":1017,\"commentCount\":0,\"publisher\":{\"@id\":\"https:\\\/\\\/hojassueltas.es\\\/#organization\"},\"image\":{\"@id\":\"https:\\\/\\\/hojassueltas.es\\\/?p=16540#primaryimage\"},\"thumbnailUrl\":\"https:\\\/\\\/hojassueltas.es\\\/wp-content\\\/uploads\\\/2024\\\/12\\\/lUGARES_3_hs.png\",\"keywords\":[\"Anxo do Rego\"],\"articleSection\":[\"Espacios, escenarios y geograf\u00eda literaria\"],\"inLanguage\":\"es\",\"potentialAction\":[{\"@type\":\"CommentAction\",\"name\":\"Comment\",\"target\":[\"https:\\\/\\\/hojassueltas.es\\\/?p=16540#respond\"]}]},{\"@type\":\"WebPage\",\"@id\":\"https:\\\/\\\/hojassueltas.es\\\/?p=16540\",\"url\":\"https:\\\/\\\/hojassueltas.es\\\/?p=16540\",\"name\":\"La recreaci\u00f3n de espacios en la narrativa espa\u00f1ola | HOJAS SUELTAS Peri\u00f3dico Cultural\",\"isPartOf\":{\"@id\":\"https:\\\/\\\/hojassueltas.es\\\/#website\"},\"primaryImageOfPage\":{\"@id\":\"https:\\\/\\\/hojassueltas.es\\\/?p=16540#primaryimage\"},\"image\":{\"@id\":\"https:\\\/\\\/hojassueltas.es\\\/?p=16540#primaryimage\"},\"thumbnailUrl\":\"https:\\\/\\\/hojassueltas.es\\\/wp-content\\\/uploads\\\/2024\\\/12\\\/lUGARES_3_hs.png\",\"datePublished\":\"2024-12-18T23:00:15+00:00\",\"dateModified\":\"2025-12-01T10:37:17+00:00\",\"description\":\"BLOG \u00abAl amanecer\u00bb de Anxo do Rego Capitulo 2 de la serie Lugares\",\"breadcrumb\":{\"@id\":\"https:\\\/\\\/hojassueltas.es\\\/?p=16540#breadcrumb\"},\"inLanguage\":\"es\",\"potentialAction\":[{\"@type\":\"ReadAction\",\"target\":[\"https:\\\/\\\/hojassueltas.es\\\/?p=16540\"]}]},{\"@type\":\"ImageObject\",\"inLanguage\":\"es\",\"@id\":\"https:\\\/\\\/hojassueltas.es\\\/?p=16540#primaryimage\",\"url\":\"https:\\\/\\\/hojassueltas.es\\\/wp-content\\\/uploads\\\/2024\\\/12\\\/lUGARES_3_hs.png\",\"contentUrl\":\"https:\\\/\\\/hojassueltas.es\\\/wp-content\\\/uploads\\\/2024\\\/12\\\/lUGARES_3_hs.png\",\"width\":1050,\"height\":610},{\"@type\":\"BreadcrumbList\",\"@id\":\"https:\\\/\\\/hojassueltas.es\\\/?p=16540#breadcrumb\",\"itemListElement\":[{\"@type\":\"ListItem\",\"position\":1,\"name\":\"Portada\",\"item\":\"https:\\\/\\\/hojassueltas.es\\\/\"},{\"@type\":\"ListItem\",\"position\":2,\"name\":\"La recreaci\u00f3n de espacios en la narrativa espa\u00f1ola\"}]},{\"@type\":\"WebSite\",\"@id\":\"https:\\\/\\\/hojassueltas.es\\\/#website\",\"url\":\"https:\\\/\\\/hojassueltas.es\\\/\",\"name\":\"HojasSueltas.es\",\"description\":\"GRANADA - Peri\u00f3dico Cultural\",\"publisher\":{\"@id\":\"https:\\\/\\\/hojassueltas.es\\\/#organization\"},\"alternateName\":\"H.S. Periodico Cultural\",\"potentialAction\":[{\"@type\":\"SearchAction\",\"target\":{\"@type\":\"EntryPoint\",\"urlTemplate\":\"https:\\\/\\\/hojassueltas.es\\\/?s={search_term_string}\"},\"query-input\":{\"@type\":\"PropertyValueSpecification\",\"valueRequired\":true,\"valueName\":\"search_term_string\"}}],\"inLanguage\":\"es\"},{\"@type\":\"Organization\",\"@id\":\"https:\\\/\\\/hojassueltas.es\\\/#organization\",\"name\":\"HOJAS SUELTAS - Peri\u00f3dico Cultural\",\"alternateName\":\"HS - HOJAS SUELTAS Peri\u00f3dico Cultural\",\"url\":\"https:\\\/\\\/hojassueltas.es\\\/\",\"logo\":{\"@type\":\"ImageObject\",\"inLanguage\":\"es\",\"@id\":\"https:\\\/\\\/hojassueltas.es\\\/#\\\/schema\\\/logo\\\/image\\\/\",\"url\":\"https:\\\/\\\/hojassueltas.es\\\/wp-content\\\/uploads\\\/2025\\\/08\\\/Icono-HS_2.png\",\"contentUrl\":\"https:\\\/\\\/hojassueltas.es\\\/wp-content\\\/uploads\\\/2025\\\/08\\\/Icono-HS_2.png\",\"width\":500,\"height\":500,\"caption\":\"HOJAS SUELTAS - Peri\u00f3dico Cultural\"},\"image\":{\"@id\":\"https:\\\/\\\/hojassueltas.es\\\/#\\\/schema\\\/logo\\\/image\\\/\"},\"sameAs\":[\"https:\\\/\\\/x.com\\\/HOJASSUELTAS22\"]},{\"@type\":\"Person\",\"@id\":\"https:\\\/\\\/hojassueltas.es\\\/#\\\/schema\\\/person\\\/cc93a1a1f7825a6e1d2c9bddd471a87c\",\"name\":\"Anxo do Rego\",\"image\":{\"@type\":\"ImageObject\",\"inLanguage\":\"es\",\"@id\":\"https:\\\/\\\/hojassueltas.es\\\/wp-content\\\/uploads\\\/2025\\\/02\\\/Anxo-do-Rego_2025-96x96.jpg\",\"url\":\"https:\\\/\\\/hojassueltas.es\\\/wp-content\\\/uploads\\\/2025\\\/02\\\/Anxo-do-Rego_2025-96x96.jpg\",\"contentUrl\":\"https:\\\/\\\/hojassueltas.es\\\/wp-content\\\/uploads\\\/2025\\\/02\\\/Anxo-do-Rego_2025-96x96.jpg\",\"caption\":\"Anxo do Rego\"},\"description\":\"Narrador. Fundador, director y editor de la extinta editorial PG Ediciones. Actualmente asesora y colabora en las editoriales: Editorial Skytale y Aldo Ediciones, del Grupo Editorial Regina Exlibris. Director y redactor del diario cultural Hojas Sueltas. Fundador en 2014 de una de las primeras revistas digitales del g\u00e9nero negro y policial \u00abSolo Novela Negra\u00bb. Participa en numerosas instituciones culturales. Su narrativa se sustenta principalmente en la novela polic\u00edaca con diecis\u00e9is t\u00edtulos del comisario del CNP, Roberto H.C. como protagonista, aunque realiza incursiones en otros g\u00e9neros literarios, tales como la ficci\u00f3n hist\u00f3rica, ciencia ficci\u00f3n, suspense y sentimentales. Mantiene su creatividad literaria con novelas, relatos, art\u00edculos, rese\u00f1as literarias y ensayos.\",\"sameAs\":[\"https:\\\/\\\/anxodorego.com\\\/\",\"https:\\\/\\\/www.facebook.com\\\/anxodoregoescritor\\\/\"],\"url\":\"https:\\\/\\\/hojassueltas.es\\\/?author=18\"}]}<\/script>\n<!-- \/ Yoast SEO plugin. -->","yoast_head_json":{"title":"La recreaci\u00f3n de espacios en la narrativa espa\u00f1ola | HOJAS SUELTAS Peri\u00f3dico Cultural","description":"BLOG \u00abAl amanecer\u00bb de Anxo do Rego Capitulo 2 de la serie Lugares","robots":{"index":"index","follow":"follow","max-snippet":"max-snippet:-1","max-image-preview":"max-image-preview:large","max-video-preview":"max-video-preview:-1"},"canonical":"https:\/\/hojassueltas.es\/?p=16540","og_locale":"es_ES","og_type":"article","og_title":"La recreaci\u00f3n de espacios en la narrativa espa\u00f1ola | HOJAS SUELTAS Peri\u00f3dico Cultural","og_description":"BLOG \u00abAl amanecer\u00bb de Anxo do Rego Capitulo 2 de la serie Lugares","og_url":"https:\/\/hojassueltas.es\/?p=16540","og_site_name":"HOJAS SUELTAS Peri\u00f3dico Cultural","article_author":"https:\/\/www.facebook.com\/anxodoregoescritor\/","article_published_time":"2024-12-18T23:00:15+00:00","article_modified_time":"2025-12-01T10:37:17+00:00","og_image":[{"width":1050,"height":610,"url":"https:\/\/hojassueltas.es\/wp-content\/uploads\/2024\/12\/lUGARES_3_hs.png","type":"image\/png"}],"author":"Anxo do Rego","twitter_card":"summary_large_image","twitter_creator":"@HOJASSUELTAS22","twitter_site":"@HOJASSUELTAS22","twitter_misc":{"Escrito por":"Anxo do Rego","Tiempo de lectura":"5 minutos"},"schema":{"@context":"https:\/\/schema.org","@graph":[{"@type":["Article","BlogPosting"],"@id":"https:\/\/hojassueltas.es\/?p=16540#article","isPartOf":{"@id":"https:\/\/hojassueltas.es\/?p=16540"},"author":{"name":"Anxo do Rego","@id":"https:\/\/hojassueltas.es\/#\/schema\/person\/cc93a1a1f7825a6e1d2c9bddd471a87c"},"headline":"La recreaci\u00f3n de espacios en la narrativa espa\u00f1ola","datePublished":"2024-12-18T23:00:15+00:00","dateModified":"2025-12-01T10:37:17+00:00","mainEntityOfPage":{"@id":"https:\/\/hojassueltas.es\/?p=16540"},"wordCount":1017,"commentCount":0,"publisher":{"@id":"https:\/\/hojassueltas.es\/#organization"},"image":{"@id":"https:\/\/hojassueltas.es\/?p=16540#primaryimage"},"thumbnailUrl":"https:\/\/hojassueltas.es\/wp-content\/uploads\/2024\/12\/lUGARES_3_hs.png","keywords":["Anxo do Rego"],"articleSection":["Espacios, escenarios y geograf\u00eda literaria"],"inLanguage":"es","potentialAction":[{"@type":"CommentAction","name":"Comment","target":["https:\/\/hojassueltas.es\/?p=16540#respond"]}]},{"@type":"WebPage","@id":"https:\/\/hojassueltas.es\/?p=16540","url":"https:\/\/hojassueltas.es\/?p=16540","name":"La recreaci\u00f3n de espacios en la narrativa espa\u00f1ola | HOJAS SUELTAS Peri\u00f3dico Cultural","isPartOf":{"@id":"https:\/\/hojassueltas.es\/#website"},"primaryImageOfPage":{"@id":"https:\/\/hojassueltas.es\/?p=16540#primaryimage"},"image":{"@id":"https:\/\/hojassueltas.es\/?p=16540#primaryimage"},"thumbnailUrl":"https:\/\/hojassueltas.es\/wp-content\/uploads\/2024\/12\/lUGARES_3_hs.png","datePublished":"2024-12-18T23:00:15+00:00","dateModified":"2025-12-01T10:37:17+00:00","description":"BLOG \u00abAl amanecer\u00bb de Anxo do Rego Capitulo 2 de la serie Lugares","breadcrumb":{"@id":"https:\/\/hojassueltas.es\/?p=16540#breadcrumb"},"inLanguage":"es","potentialAction":[{"@type":"ReadAction","target":["https:\/\/hojassueltas.es\/?p=16540"]}]},{"@type":"ImageObject","inLanguage":"es","@id":"https:\/\/hojassueltas.es\/?p=16540#primaryimage","url":"https:\/\/hojassueltas.es\/wp-content\/uploads\/2024\/12\/lUGARES_3_hs.png","contentUrl":"https:\/\/hojassueltas.es\/wp-content\/uploads\/2024\/12\/lUGARES_3_hs.png","width":1050,"height":610},{"@type":"BreadcrumbList","@id":"https:\/\/hojassueltas.es\/?p=16540#breadcrumb","itemListElement":[{"@type":"ListItem","position":1,"name":"Portada","item":"https:\/\/hojassueltas.es\/"},{"@type":"ListItem","position":2,"name":"La recreaci\u00f3n de espacios en la narrativa espa\u00f1ola"}]},{"@type":"WebSite","@id":"https:\/\/hojassueltas.es\/#website","url":"https:\/\/hojassueltas.es\/","name":"HojasSueltas.es","description":"GRANADA - Peri\u00f3dico Cultural","publisher":{"@id":"https:\/\/hojassueltas.es\/#organization"},"alternateName":"H.S. Periodico Cultural","potentialAction":[{"@type":"SearchAction","target":{"@type":"EntryPoint","urlTemplate":"https:\/\/hojassueltas.es\/?s={search_term_string}"},"query-input":{"@type":"PropertyValueSpecification","valueRequired":true,"valueName":"search_term_string"}}],"inLanguage":"es"},{"@type":"Organization","@id":"https:\/\/hojassueltas.es\/#organization","name":"HOJAS SUELTAS - Peri\u00f3dico Cultural","alternateName":"HS - HOJAS SUELTAS Peri\u00f3dico Cultural","url":"https:\/\/hojassueltas.es\/","logo":{"@type":"ImageObject","inLanguage":"es","@id":"https:\/\/hojassueltas.es\/#\/schema\/logo\/image\/","url":"https:\/\/hojassueltas.es\/wp-content\/uploads\/2025\/08\/Icono-HS_2.png","contentUrl":"https:\/\/hojassueltas.es\/wp-content\/uploads\/2025\/08\/Icono-HS_2.png","width":500,"height":500,"caption":"HOJAS SUELTAS - Peri\u00f3dico Cultural"},"image":{"@id":"https:\/\/hojassueltas.es\/#\/schema\/logo\/image\/"},"sameAs":["https:\/\/x.com\/HOJASSUELTAS22"]},{"@type":"Person","@id":"https:\/\/hojassueltas.es\/#\/schema\/person\/cc93a1a1f7825a6e1d2c9bddd471a87c","name":"Anxo do Rego","image":{"@type":"ImageObject","inLanguage":"es","@id":"https:\/\/hojassueltas.es\/wp-content\/uploads\/2025\/02\/Anxo-do-Rego_2025-96x96.jpg","url":"https:\/\/hojassueltas.es\/wp-content\/uploads\/2025\/02\/Anxo-do-Rego_2025-96x96.jpg","contentUrl":"https:\/\/hojassueltas.es\/wp-content\/uploads\/2025\/02\/Anxo-do-Rego_2025-96x96.jpg","caption":"Anxo do Rego"},"description":"Narrador. Fundador, director y editor de la extinta editorial PG Ediciones. Actualmente asesora y colabora en las editoriales: Editorial Skytale y Aldo Ediciones, del Grupo Editorial Regina Exlibris. Director y redactor del diario cultural Hojas Sueltas. Fundador en 2014 de una de las primeras revistas digitales del g\u00e9nero negro y policial \u00abSolo Novela Negra\u00bb. Participa en numerosas instituciones culturales. Su narrativa se sustenta principalmente en la novela polic\u00edaca con diecis\u00e9is t\u00edtulos del comisario del CNP, Roberto H.C. como protagonista, aunque realiza incursiones en otros g\u00e9neros literarios, tales como la ficci\u00f3n hist\u00f3rica, ciencia ficci\u00f3n, suspense y sentimentales. Mantiene su creatividad literaria con novelas, relatos, art\u00edculos, rese\u00f1as literarias y ensayos.","sameAs":["https:\/\/anxodorego.com\/","https:\/\/www.facebook.com\/anxodoregoescritor\/"],"url":"https:\/\/hojassueltas.es\/?author=18"}]}},"_links":{"self":[{"href":"https:\/\/hojassueltas.es\/index.php?rest_route=\/wp\/v2\/posts\/16540","targetHints":{"allow":["GET"]}}],"collection":[{"href":"https:\/\/hojassueltas.es\/index.php?rest_route=\/wp\/v2\/posts"}],"about":[{"href":"https:\/\/hojassueltas.es\/index.php?rest_route=\/wp\/v2\/types\/post"}],"author":[{"embeddable":true,"href":"https:\/\/hojassueltas.es\/index.php?rest_route=\/wp\/v2\/users\/18"}],"replies":[{"embeddable":true,"href":"https:\/\/hojassueltas.es\/index.php?rest_route=%2Fwp%2Fv2%2Fcomments&post=16540"}],"version-history":[{"count":2,"href":"https:\/\/hojassueltas.es\/index.php?rest_route=\/wp\/v2\/posts\/16540\/revisions"}],"predecessor-version":[{"id":19545,"href":"https:\/\/hojassueltas.es\/index.php?rest_route=\/wp\/v2\/posts\/16540\/revisions\/19545"}],"wp:featuredmedia":[{"embeddable":true,"href":"https:\/\/hojassueltas.es\/index.php?rest_route=\/wp\/v2\/media\/16541"}],"wp:attachment":[{"href":"https:\/\/hojassueltas.es\/index.php?rest_route=%2Fwp%2Fv2%2Fmedia&parent=16540"}],"wp:term":[{"taxonomy":"category","embeddable":true,"href":"https:\/\/hojassueltas.es\/index.php?rest_route=%2Fwp%2Fv2%2Fcategories&post=16540"},{"taxonomy":"post_tag","embeddable":true,"href":"https:\/\/hojassueltas.es\/index.php?rest_route=%2Fwp%2Fv2%2Ftags&post=16540"}],"curies":[{"name":"wp","href":"https:\/\/api.w.org\/{rel}","templated":true}]}}