{"id":16529,"date":"2024-12-15T00:00:57","date_gmt":"2024-12-14T23:00:57","guid":{"rendered":"https:\/\/hojassueltas.es\/?p=16529"},"modified":"2025-12-01T12:37:17","modified_gmt":"2025-12-01T10:37:17","slug":"lugares-en-la-narrativa-espanola-entre-la-realidad-y-la-ficcion-1-6","status":"publish","type":"post","link":"https:\/\/hojassueltas.es\/?p=16529","title":{"rendered":"Lugares en la narrativa espa\u00f1ola: Entre la realidad y la ficci\u00f3n."},"content":{"rendered":"<h3 style=\"text-align: justify;\">El papel de los pueblos y ciudades, reales y ficticios, en la construcci\u00f3n de historias y culturas.<\/h3>\n<p align=\"justify\">Los escenarios literarios, ya sean pueblos reales, ciudades reconocibles o paisajes ficticios, desempe\u00f1an un papel fundamental en la narrativa espa\u00f1ola. M\u00e1s que simples telones de fondo, los lugares se convierten en entidades vivas, moldeando las historias, reflejando los conflictos internos de los personajes y carg\u00e1ndose de simbolismos que dialogan con las tem\u00e1ticas de cada obra. Desde las estrechas calles del Madrid galdosiano hasta las vastas llanuras castellanas de Miguel Delibes, los espacios en la literatura espa\u00f1ola han sido veh\u00edculos para explorar la sociedad, la identidad y la imaginaci\u00f3n.<\/p>\n<p align=\"justify\">Con este primer art\u00edculo, intentar\u00e9 desarrollar y reflexionar sobre la importancia que la narrativa ha conseguido prestar protagonismo a los pueblos y ciudades.<\/p>\n<p align=\"justify\">En muchas ocasiones, los autores han encontrado en los lugares la posibilidad de transmitir verdades universales a trav\u00e9s de lo local. Las ciudades se transforman en espejos de los cambios hist\u00f3ricos y sociales, mientras que los pueblos representan a menudo el n\u00facleo de lo humano, con sus virtudes y miserias. Por otro lado, los espacios ficticios, como los creados por escritores contempor\u00e1neos, permiten una libertad narrativa que desdibuja los l\u00edmites entre la realidad y la fantas\u00eda.<\/p>\n<p align=\"justify\">La narrativa espa\u00f1ola es un ejemplo \u00fanico de c\u00f3mo los lugares pueden actuar como protagonistas. Vetusta, la ciudad provinciana de <em>La regenta<\/em>, no solo enmarca la trama, sino que es el reflejo de las tensiones sociales y morales que viven sus habitantes. Del mismo modo, el Madrid de Benito P\u00e9rez Gald\u00f3s no es simplemente un espacio f\u00edsico, sino un personaje din\u00e1mico que se adapta y evoluciona con las historias que alberga.<\/p>\n<p align=\"justify\">Esta serie de art\u00edculos explorar\u00e1 c\u00f3mo los pueblos y ciudades, reales y ficticios, han influido en la narrativa espa\u00f1ola a lo largo de los siglos. Se analizar\u00e1n las t\u00e9cnicas literarias utilizadas para recrear los lugares, los desaf\u00edos que supone representar la realidad versus la ficci\u00f3n, y los significados culturales que adquieren estos espacios en las obras. Adem\u00e1s, se destacar\u00e1n ejemplos emblem\u00e1ticos de novelas y autores que han elevado los escenarios al estatus de personajes esenciales.<\/p>\n<p align=\"justify\">En \u00faltima instancia, esta exploraci\u00f3n invita a reflexionar sobre el poder de los lugares para trascender la geograf\u00eda y convertirse en una parte esencial del tejido cultural y literario. A trav\u00e9s de estas p\u00e1ginas, el lector podr\u00e1 redescubrir Espa\u00f1a, no solo como una realidad f\u00edsica, sino como un espacio literario lleno de matices, historia y magia narrativa.<\/p>\n<p align=\"justify\">Si es de tu inter\u00e9s puedes seguir leyendo los siguientes art\u00edculos. Estar\u00e9 encantado de leer tus comentarios.<\/p>\n<p align=\"justify\"><span style=\"font-family: impact, sans-serif;\">\u00a9 Anxo do Rego<\/span><\/p>\n","protected":false},"excerpt":{"rendered":"<p>El papel de los pueblos y ciudades, reales y ficticios, en la construcci\u00f3n de historias y culturas. Los escenarios literarios, ya sean pueblos reales, ciudades reconocibles o paisajes ficticios, desempe\u00f1an un papel fundamental en la narrativa espa\u00f1ola. M\u00e1s que simples telones de fondo, los lugares se convierten en entidades vivas, moldeando las historias, reflejando los [&hellip;]<\/p>\n","protected":false},"author":18,"featured_media":16531,"comment_status":"open","ping_status":"closed","sticky":false,"template":"","format":"standard","meta":{"footnotes":""},"categories":[2365],"tags":[230],"class_list":{"0":"post-16529","1":"post","2":"type-post","3":"status-publish","4":"format-standard","5":"has-post-thumbnail","7":"category-espacios-escenarios-y-geografia-literaria","8":"tag-anxo-do-rego"},"yoast_head":"<!-- This site is optimized with the Yoast SEO plugin v27.5 - https:\/\/yoast.com\/product\/yoast-seo-wordpress\/ -->\n<title>Lugares en la narrativa espa\u00f1ola: Entre la realidad y la ficci\u00f3n. | HOJAS SUELTAS Peri\u00f3dico Cultural<\/title>\n<meta name=\"description\" content=\"BLOG : \u00abAL AMANECER\u00bb de Anxo do Rego - El papel de los pueblos y ciudades, reales y ficticios, en la construcci\u00f3n de historias y culturas\" \/>\n<meta name=\"robots\" content=\"index, follow, max-snippet:-1, max-image-preview:large, max-video-preview:-1\" \/>\n<link rel=\"canonical\" href=\"https:\/\/hojassueltas.es\/?p=16529\" \/>\n<meta property=\"og:locale\" content=\"es_ES\" \/>\n<meta property=\"og:type\" content=\"article\" \/>\n<meta property=\"og:title\" content=\"Lugares en la narrativa espa\u00f1ola: Entre la realidad y la ficci\u00f3n. | HOJAS SUELTAS Peri\u00f3dico Cultural\" \/>\n<meta property=\"og:description\" content=\"BLOG : \u00abAL AMANECER\u00bb de Anxo do Rego - El papel de los pueblos y ciudades, reales y ficticios, en la construcci\u00f3n de historias y culturas\" \/>\n<meta property=\"og:url\" content=\"https:\/\/hojassueltas.es\/?p=16529\" \/>\n<meta property=\"og:site_name\" content=\"HOJAS SUELTAS Peri\u00f3dico Cultural\" \/>\n<meta property=\"article:author\" content=\"https:\/\/www.facebook.com\/anxodoregoescritor\/\" \/>\n<meta property=\"article:published_time\" content=\"2024-12-14T23:00:57+00:00\" \/>\n<meta property=\"article:modified_time\" content=\"2025-12-01T10:37:17+00:00\" \/>\n<meta property=\"og:image\" content=\"https:\/\/hojassueltas.es\/wp-content\/uploads\/2024\/12\/lUGARES_1_hs.png\" \/>\n\t<meta property=\"og:image:width\" content=\"1050\" \/>\n\t<meta property=\"og:image:height\" content=\"610\" \/>\n\t<meta property=\"og:image:type\" content=\"image\/png\" \/>\n<meta name=\"author\" content=\"Anxo do Rego\" \/>\n<meta name=\"twitter:card\" content=\"summary_large_image\" \/>\n<meta name=\"twitter:creator\" content=\"@HOJASSUELTAS22\" \/>\n<meta name=\"twitter:site\" content=\"@HOJASSUELTAS22\" \/>\n<meta name=\"twitter:label1\" content=\"Escrito por\" \/>\n\t<meta name=\"twitter:data1\" content=\"Anxo do Rego\" \/>\n\t<meta name=\"twitter:label2\" content=\"Tiempo de lectura\" \/>\n\t<meta name=\"twitter:data2\" content=\"3 minutos\" \/>\n<script type=\"application\/ld+json\" class=\"yoast-schema-graph\">{\"@context\":\"https:\\\/\\\/schema.org\",\"@graph\":[{\"@type\":[\"Article\",\"BlogPosting\"],\"@id\":\"https:\\\/\\\/hojassueltas.es\\\/?p=16529#article\",\"isPartOf\":{\"@id\":\"https:\\\/\\\/hojassueltas.es\\\/?p=16529\"},\"author\":{\"name\":\"Anxo do Rego\",\"@id\":\"https:\\\/\\\/hojassueltas.es\\\/#\\\/schema\\\/person\\\/cc93a1a1f7825a6e1d2c9bddd471a87c\"},\"headline\":\"Lugares en la narrativa espa\u00f1ola: Entre la realidad y la ficci\u00f3n.\",\"datePublished\":\"2024-12-14T23:00:57+00:00\",\"dateModified\":\"2025-12-01T10:37:17+00:00\",\"mainEntityOfPage\":{\"@id\":\"https:\\\/\\\/hojassueltas.es\\\/?p=16529\"},\"wordCount\":480,\"commentCount\":1,\"publisher\":{\"@id\":\"https:\\\/\\\/hojassueltas.es\\\/#organization\"},\"image\":{\"@id\":\"https:\\\/\\\/hojassueltas.es\\\/?p=16529#primaryimage\"},\"thumbnailUrl\":\"https:\\\/\\\/hojassueltas.es\\\/wp-content\\\/uploads\\\/2024\\\/12\\\/lUGARES_1_hs.png\",\"keywords\":[\"Anxo do Rego\"],\"articleSection\":[\"Espacios, escenarios y geograf\u00eda literaria\"],\"inLanguage\":\"es\",\"potentialAction\":[{\"@type\":\"CommentAction\",\"name\":\"Comment\",\"target\":[\"https:\\\/\\\/hojassueltas.es\\\/?p=16529#respond\"]}]},{\"@type\":\"WebPage\",\"@id\":\"https:\\\/\\\/hojassueltas.es\\\/?p=16529\",\"url\":\"https:\\\/\\\/hojassueltas.es\\\/?p=16529\",\"name\":\"Lugares en la narrativa espa\u00f1ola: Entre la realidad y la ficci\u00f3n. | HOJAS SUELTAS Peri\u00f3dico Cultural\",\"isPartOf\":{\"@id\":\"https:\\\/\\\/hojassueltas.es\\\/#website\"},\"primaryImageOfPage\":{\"@id\":\"https:\\\/\\\/hojassueltas.es\\\/?p=16529#primaryimage\"},\"image\":{\"@id\":\"https:\\\/\\\/hojassueltas.es\\\/?p=16529#primaryimage\"},\"thumbnailUrl\":\"https:\\\/\\\/hojassueltas.es\\\/wp-content\\\/uploads\\\/2024\\\/12\\\/lUGARES_1_hs.png\",\"datePublished\":\"2024-12-14T23:00:57+00:00\",\"dateModified\":\"2025-12-01T10:37:17+00:00\",\"description\":\"BLOG : \u00abAL AMANECER\u00bb de Anxo do Rego - El papel de los pueblos y ciudades, reales y ficticios, en la construcci\u00f3n de historias y culturas\",\"breadcrumb\":{\"@id\":\"https:\\\/\\\/hojassueltas.es\\\/?p=16529#breadcrumb\"},\"inLanguage\":\"es\",\"potentialAction\":[{\"@type\":\"ReadAction\",\"target\":[\"https:\\\/\\\/hojassueltas.es\\\/?p=16529\"]}]},{\"@type\":\"ImageObject\",\"inLanguage\":\"es\",\"@id\":\"https:\\\/\\\/hojassueltas.es\\\/?p=16529#primaryimage\",\"url\":\"https:\\\/\\\/hojassueltas.es\\\/wp-content\\\/uploads\\\/2024\\\/12\\\/lUGARES_1_hs.png\",\"contentUrl\":\"https:\\\/\\\/hojassueltas.es\\\/wp-content\\\/uploads\\\/2024\\\/12\\\/lUGARES_1_hs.png\",\"width\":1050,\"height\":610},{\"@type\":\"BreadcrumbList\",\"@id\":\"https:\\\/\\\/hojassueltas.es\\\/?p=16529#breadcrumb\",\"itemListElement\":[{\"@type\":\"ListItem\",\"position\":1,\"name\":\"Portada\",\"item\":\"https:\\\/\\\/hojassueltas.es\\\/\"},{\"@type\":\"ListItem\",\"position\":2,\"name\":\"Lugares en la narrativa espa\u00f1ola: Entre la realidad y la ficci\u00f3n.\"}]},{\"@type\":\"WebSite\",\"@id\":\"https:\\\/\\\/hojassueltas.es\\\/#website\",\"url\":\"https:\\\/\\\/hojassueltas.es\\\/\",\"name\":\"HojasSueltas.es\",\"description\":\"GRANADA - Peri\u00f3dico Cultural\",\"publisher\":{\"@id\":\"https:\\\/\\\/hojassueltas.es\\\/#organization\"},\"alternateName\":\"H.S. Periodico Cultural\",\"potentialAction\":[{\"@type\":\"SearchAction\",\"target\":{\"@type\":\"EntryPoint\",\"urlTemplate\":\"https:\\\/\\\/hojassueltas.es\\\/?s={search_term_string}\"},\"query-input\":{\"@type\":\"PropertyValueSpecification\",\"valueRequired\":true,\"valueName\":\"search_term_string\"}}],\"inLanguage\":\"es\"},{\"@type\":\"Organization\",\"@id\":\"https:\\\/\\\/hojassueltas.es\\\/#organization\",\"name\":\"HOJAS SUELTAS - Peri\u00f3dico Cultural\",\"alternateName\":\"HS - HOJAS SUELTAS Peri\u00f3dico Cultural\",\"url\":\"https:\\\/\\\/hojassueltas.es\\\/\",\"logo\":{\"@type\":\"ImageObject\",\"inLanguage\":\"es\",\"@id\":\"https:\\\/\\\/hojassueltas.es\\\/#\\\/schema\\\/logo\\\/image\\\/\",\"url\":\"https:\\\/\\\/hojassueltas.es\\\/wp-content\\\/uploads\\\/2025\\\/08\\\/Icono-HS_2.png\",\"contentUrl\":\"https:\\\/\\\/hojassueltas.es\\\/wp-content\\\/uploads\\\/2025\\\/08\\\/Icono-HS_2.png\",\"width\":500,\"height\":500,\"caption\":\"HOJAS SUELTAS - Peri\u00f3dico Cultural\"},\"image\":{\"@id\":\"https:\\\/\\\/hojassueltas.es\\\/#\\\/schema\\\/logo\\\/image\\\/\"},\"sameAs\":[\"https:\\\/\\\/x.com\\\/HOJASSUELTAS22\"]},{\"@type\":\"Person\",\"@id\":\"https:\\\/\\\/hojassueltas.es\\\/#\\\/schema\\\/person\\\/cc93a1a1f7825a6e1d2c9bddd471a87c\",\"name\":\"Anxo do Rego\",\"image\":{\"@type\":\"ImageObject\",\"inLanguage\":\"es\",\"@id\":\"https:\\\/\\\/hojassueltas.es\\\/wp-content\\\/uploads\\\/2025\\\/02\\\/Anxo-do-Rego_2025-96x96.jpg\",\"url\":\"https:\\\/\\\/hojassueltas.es\\\/wp-content\\\/uploads\\\/2025\\\/02\\\/Anxo-do-Rego_2025-96x96.jpg\",\"contentUrl\":\"https:\\\/\\\/hojassueltas.es\\\/wp-content\\\/uploads\\\/2025\\\/02\\\/Anxo-do-Rego_2025-96x96.jpg\",\"caption\":\"Anxo do Rego\"},\"description\":\"Narrador. Fundador, director y editor de la extinta editorial PG Ediciones. Actualmente asesora y colabora en las editoriales: Editorial Skytale y Aldo Ediciones, del Grupo Editorial Regina Exlibris. Director y redactor del diario cultural Hojas Sueltas. Fundador en 2014 de una de las primeras revistas digitales del g\u00e9nero negro y policial \u00abSolo Novela Negra\u00bb. Participa en numerosas instituciones culturales. Su narrativa se sustenta principalmente en la novela polic\u00edaca con diecis\u00e9is t\u00edtulos del comisario del CNP, Roberto H.C. como protagonista, aunque realiza incursiones en otros g\u00e9neros literarios, tales como la ficci\u00f3n hist\u00f3rica, ciencia ficci\u00f3n, suspense y sentimentales. Mantiene su creatividad literaria con novelas, relatos, art\u00edculos, rese\u00f1as literarias y ensayos.\",\"sameAs\":[\"https:\\\/\\\/anxodorego.com\\\/\",\"https:\\\/\\\/www.facebook.com\\\/anxodoregoescritor\\\/\"],\"url\":\"https:\\\/\\\/hojassueltas.es\\\/?author=18\"}]}<\/script>\n<!-- \/ Yoast SEO plugin. -->","yoast_head_json":{"title":"Lugares en la narrativa espa\u00f1ola: Entre la realidad y la ficci\u00f3n. | HOJAS SUELTAS Peri\u00f3dico Cultural","description":"BLOG : \u00abAL AMANECER\u00bb de Anxo do Rego - El papel de los pueblos y ciudades, reales y ficticios, en la construcci\u00f3n de historias y culturas","robots":{"index":"index","follow":"follow","max-snippet":"max-snippet:-1","max-image-preview":"max-image-preview:large","max-video-preview":"max-video-preview:-1"},"canonical":"https:\/\/hojassueltas.es\/?p=16529","og_locale":"es_ES","og_type":"article","og_title":"Lugares en la narrativa espa\u00f1ola: Entre la realidad y la ficci\u00f3n. | HOJAS SUELTAS Peri\u00f3dico Cultural","og_description":"BLOG : \u00abAL AMANECER\u00bb de Anxo do Rego - El papel de los pueblos y ciudades, reales y ficticios, en la construcci\u00f3n de historias y culturas","og_url":"https:\/\/hojassueltas.es\/?p=16529","og_site_name":"HOJAS SUELTAS Peri\u00f3dico Cultural","article_author":"https:\/\/www.facebook.com\/anxodoregoescritor\/","article_published_time":"2024-12-14T23:00:57+00:00","article_modified_time":"2025-12-01T10:37:17+00:00","og_image":[{"width":1050,"height":610,"url":"https:\/\/hojassueltas.es\/wp-content\/uploads\/2024\/12\/lUGARES_1_hs.png","type":"image\/png"}],"author":"Anxo do Rego","twitter_card":"summary_large_image","twitter_creator":"@HOJASSUELTAS22","twitter_site":"@HOJASSUELTAS22","twitter_misc":{"Escrito por":"Anxo do Rego","Tiempo de lectura":"3 minutos"},"schema":{"@context":"https:\/\/schema.org","@graph":[{"@type":["Article","BlogPosting"],"@id":"https:\/\/hojassueltas.es\/?p=16529#article","isPartOf":{"@id":"https:\/\/hojassueltas.es\/?p=16529"},"author":{"name":"Anxo do Rego","@id":"https:\/\/hojassueltas.es\/#\/schema\/person\/cc93a1a1f7825a6e1d2c9bddd471a87c"},"headline":"Lugares en la narrativa espa\u00f1ola: Entre la realidad y la ficci\u00f3n.","datePublished":"2024-12-14T23:00:57+00:00","dateModified":"2025-12-01T10:37:17+00:00","mainEntityOfPage":{"@id":"https:\/\/hojassueltas.es\/?p=16529"},"wordCount":480,"commentCount":1,"publisher":{"@id":"https:\/\/hojassueltas.es\/#organization"},"image":{"@id":"https:\/\/hojassueltas.es\/?p=16529#primaryimage"},"thumbnailUrl":"https:\/\/hojassueltas.es\/wp-content\/uploads\/2024\/12\/lUGARES_1_hs.png","keywords":["Anxo do Rego"],"articleSection":["Espacios, escenarios y geograf\u00eda literaria"],"inLanguage":"es","potentialAction":[{"@type":"CommentAction","name":"Comment","target":["https:\/\/hojassueltas.es\/?p=16529#respond"]}]},{"@type":"WebPage","@id":"https:\/\/hojassueltas.es\/?p=16529","url":"https:\/\/hojassueltas.es\/?p=16529","name":"Lugares en la narrativa espa\u00f1ola: Entre la realidad y la ficci\u00f3n. | HOJAS SUELTAS Peri\u00f3dico Cultural","isPartOf":{"@id":"https:\/\/hojassueltas.es\/#website"},"primaryImageOfPage":{"@id":"https:\/\/hojassueltas.es\/?p=16529#primaryimage"},"image":{"@id":"https:\/\/hojassueltas.es\/?p=16529#primaryimage"},"thumbnailUrl":"https:\/\/hojassueltas.es\/wp-content\/uploads\/2024\/12\/lUGARES_1_hs.png","datePublished":"2024-12-14T23:00:57+00:00","dateModified":"2025-12-01T10:37:17+00:00","description":"BLOG : \u00abAL AMANECER\u00bb de Anxo do Rego - El papel de los pueblos y ciudades, reales y ficticios, en la construcci\u00f3n de historias y culturas","breadcrumb":{"@id":"https:\/\/hojassueltas.es\/?p=16529#breadcrumb"},"inLanguage":"es","potentialAction":[{"@type":"ReadAction","target":["https:\/\/hojassueltas.es\/?p=16529"]}]},{"@type":"ImageObject","inLanguage":"es","@id":"https:\/\/hojassueltas.es\/?p=16529#primaryimage","url":"https:\/\/hojassueltas.es\/wp-content\/uploads\/2024\/12\/lUGARES_1_hs.png","contentUrl":"https:\/\/hojassueltas.es\/wp-content\/uploads\/2024\/12\/lUGARES_1_hs.png","width":1050,"height":610},{"@type":"BreadcrumbList","@id":"https:\/\/hojassueltas.es\/?p=16529#breadcrumb","itemListElement":[{"@type":"ListItem","position":1,"name":"Portada","item":"https:\/\/hojassueltas.es\/"},{"@type":"ListItem","position":2,"name":"Lugares en la narrativa espa\u00f1ola: Entre la realidad y la ficci\u00f3n."}]},{"@type":"WebSite","@id":"https:\/\/hojassueltas.es\/#website","url":"https:\/\/hojassueltas.es\/","name":"HojasSueltas.es","description":"GRANADA - Peri\u00f3dico Cultural","publisher":{"@id":"https:\/\/hojassueltas.es\/#organization"},"alternateName":"H.S. Periodico Cultural","potentialAction":[{"@type":"SearchAction","target":{"@type":"EntryPoint","urlTemplate":"https:\/\/hojassueltas.es\/?s={search_term_string}"},"query-input":{"@type":"PropertyValueSpecification","valueRequired":true,"valueName":"search_term_string"}}],"inLanguage":"es"},{"@type":"Organization","@id":"https:\/\/hojassueltas.es\/#organization","name":"HOJAS SUELTAS - Peri\u00f3dico Cultural","alternateName":"HS - HOJAS SUELTAS Peri\u00f3dico Cultural","url":"https:\/\/hojassueltas.es\/","logo":{"@type":"ImageObject","inLanguage":"es","@id":"https:\/\/hojassueltas.es\/#\/schema\/logo\/image\/","url":"https:\/\/hojassueltas.es\/wp-content\/uploads\/2025\/08\/Icono-HS_2.png","contentUrl":"https:\/\/hojassueltas.es\/wp-content\/uploads\/2025\/08\/Icono-HS_2.png","width":500,"height":500,"caption":"HOJAS SUELTAS - Peri\u00f3dico Cultural"},"image":{"@id":"https:\/\/hojassueltas.es\/#\/schema\/logo\/image\/"},"sameAs":["https:\/\/x.com\/HOJASSUELTAS22"]},{"@type":"Person","@id":"https:\/\/hojassueltas.es\/#\/schema\/person\/cc93a1a1f7825a6e1d2c9bddd471a87c","name":"Anxo do Rego","image":{"@type":"ImageObject","inLanguage":"es","@id":"https:\/\/hojassueltas.es\/wp-content\/uploads\/2025\/02\/Anxo-do-Rego_2025-96x96.jpg","url":"https:\/\/hojassueltas.es\/wp-content\/uploads\/2025\/02\/Anxo-do-Rego_2025-96x96.jpg","contentUrl":"https:\/\/hojassueltas.es\/wp-content\/uploads\/2025\/02\/Anxo-do-Rego_2025-96x96.jpg","caption":"Anxo do Rego"},"description":"Narrador. Fundador, director y editor de la extinta editorial PG Ediciones. Actualmente asesora y colabora en las editoriales: Editorial Skytale y Aldo Ediciones, del Grupo Editorial Regina Exlibris. Director y redactor del diario cultural Hojas Sueltas. Fundador en 2014 de una de las primeras revistas digitales del g\u00e9nero negro y policial \u00abSolo Novela Negra\u00bb. Participa en numerosas instituciones culturales. Su narrativa se sustenta principalmente en la novela polic\u00edaca con diecis\u00e9is t\u00edtulos del comisario del CNP, Roberto H.C. como protagonista, aunque realiza incursiones en otros g\u00e9neros literarios, tales como la ficci\u00f3n hist\u00f3rica, ciencia ficci\u00f3n, suspense y sentimentales. Mantiene su creatividad literaria con novelas, relatos, art\u00edculos, rese\u00f1as literarias y ensayos.","sameAs":["https:\/\/anxodorego.com\/","https:\/\/www.facebook.com\/anxodoregoescritor\/"],"url":"https:\/\/hojassueltas.es\/?author=18"}]}},"_links":{"self":[{"href":"https:\/\/hojassueltas.es\/index.php?rest_route=\/wp\/v2\/posts\/16529","targetHints":{"allow":["GET"]}}],"collection":[{"href":"https:\/\/hojassueltas.es\/index.php?rest_route=\/wp\/v2\/posts"}],"about":[{"href":"https:\/\/hojassueltas.es\/index.php?rest_route=\/wp\/v2\/types\/post"}],"author":[{"embeddable":true,"href":"https:\/\/hojassueltas.es\/index.php?rest_route=\/wp\/v2\/users\/18"}],"replies":[{"embeddable":true,"href":"https:\/\/hojassueltas.es\/index.php?rest_route=%2Fwp%2Fv2%2Fcomments&post=16529"}],"version-history":[{"count":4,"href":"https:\/\/hojassueltas.es\/index.php?rest_route=\/wp\/v2\/posts\/16529\/revisions"}],"predecessor-version":[{"id":19546,"href":"https:\/\/hojassueltas.es\/index.php?rest_route=\/wp\/v2\/posts\/16529\/revisions\/19546"}],"wp:featuredmedia":[{"embeddable":true,"href":"https:\/\/hojassueltas.es\/index.php?rest_route=\/wp\/v2\/media\/16531"}],"wp:attachment":[{"href":"https:\/\/hojassueltas.es\/index.php?rest_route=%2Fwp%2Fv2%2Fmedia&parent=16529"}],"wp:term":[{"taxonomy":"category","embeddable":true,"href":"https:\/\/hojassueltas.es\/index.php?rest_route=%2Fwp%2Fv2%2Fcategories&post=16529"},{"taxonomy":"post_tag","embeddable":true,"href":"https:\/\/hojassueltas.es\/index.php?rest_route=%2Fwp%2Fv2%2Ftags&post=16529"}],"curies":[{"name":"wp","href":"https:\/\/api.w.org\/{rel}","templated":true}]}}