{"id":16523,"date":"2024-12-19T00:00:48","date_gmt":"2024-12-18T23:00:48","guid":{"rendered":"https:\/\/hojassueltas.es\/?p=16523"},"modified":"2025-10-18T11:02:18","modified_gmt":"2025-10-18T09:02:18","slug":"el-canto-de-las-sirenas-la-musica-como-via-de-conocimiento","status":"publish","type":"post","link":"https:\/\/hojassueltas.es\/?p=16523","title":{"rendered":"El canto de las sirenas: la m\u00fasica como v\u00eda de conocimiento"},"content":{"rendered":"<h3 style=\"text-align: justify;\">Un viaje filos\u00f3fico y est\u00e9tico a trav\u00e9s de los grandes compositores y las ideas que han dado forma a la m\u00fasica occidental.<\/h3>\n<p style=\"text-align: justify;\">La m\u00fasica es algo m\u00e1s que un fen\u00f3meno est\u00e9tico: es una gnosis, una aut\u00e9ntica v\u00eda de conocimiento que Eugenio Tr\u00edas (autor de una de las trayectorias filos\u00f3ficas m\u00e1s s\u00f3lidas que ha conocido nuestro pa\u00eds) ha reconstruido en un compendio de ensayos consagrados e insignes compositores, en un recorrido que va desde Monteverd\u00ed hasta las \u00faltimas vanguardias musicales.<\/p>\n<p style=\"text-align: justify;\">Los misterios gloriosos de Bach, la dualidad de lo tr\u00e1gico y lo c\u00f3mico en Mozart, los grandes relatos de Haydn, el estilo heroico de Beethoven, el concepto de la obra total de Wagner, el esp\u00edritu creador de Mahler, la nueva teolog\u00eda musical de Sch\u00f6nberg, la noche eterna de B\u00e9la Bart\u00f3k, los sacrificios de Stravinski, el pante\u00edsmo sonoro en Cage o la arquitectura musical de Xenakis, comparecen en estas p\u00e1ginas para revelar sus claves internas, sus relaciones, su antagonismos y similitudes, sus oposiciones y especificidades.<\/p>\n<p style=\"text-align: justify;\">El resultado es no s\u00f3lo una excelente colecci\u00f3n de ensayos individuales donde podemos apreciar a los grandes compositores bajo una luz distinta, sino tambi\u00e9n un argumento narrativo: una apasionante historia de las ideas a trav\u00e9s de la m\u00fasica. O como el mismo autor sugiere, tal vez <em>El canto de las sirenas<\/em> constituya el Gran Relato que algunos de los mejores m\u00fasicos occidentales han ido escribiendo a lo largo de los \u00faltimos cuatro-cientos a\u00f1os.<\/p>\n<p>Autor:<\/p>\n<p style=\"text-align: justify;\"><strong>Eugenio Tr\u00edas<\/strong> (Barcelona, 1942-2013) es, sin duda, uno de los fil\u00f3sofos espa\u00f1oles m\u00e1s relevantes del siglo xx y principios del xxi y el \u00fanico pensador espa\u00f1ol distinguido con el premio Internacional Friedrich Nietzsche, concedido a la trayectoria global de un fil\u00f3sofo. Tras cursar estudios de Filosof\u00eda en Espa\u00f1a y Alemania, fue profesor en distintas universidades, y desde 1992 ocup\u00f3 la c\u00e1tedra de Historia de las Ideas de la Facultad de Humanidades de la Universidad Pompeu Fabra. En esta misma universidad, en el a\u00f1o 2015 se cre\u00f3 el Centro de Estudios Filos\u00f3ficos Eugenio Tr\u00edas (CEFET) que alberga su biblioteca y archivo personal y que vela por la difusi\u00f3n de su obra. Eugenio Tr\u00edas llev\u00f3 a cabo una profunda reflexi\u00f3n sobre la condici\u00f3n humana, del hombre como habitante del l\u00edmite, en ese espacio fronterizo entre el ser y la nada, lo divino, lo sagrado y lo trascendente. Todo ello lo divulg\u00f3 en una ambiciosa producci\u00f3n de m\u00e1s de cuarenta t\u00edtulos, entre los que destacan: <em>La filosof\u00eda y su sombra<\/em> (1969), <em>Drama e identidad<\/em> (1973), <em>El artista y la ciudad<\/em> (1976, premio Anagrama de Ensayo),<br \/>\n<em>Tratado de la pasi\u00f3n<\/em> (1978), <em>Lo bello y lo siniestro<\/em> (1983, premio Nacional de Ensayo), <em>Los l\u00edmites del mundo<\/em> (1985), <em>Ciudad sobre ciudad<\/em> (2001) y la trilog\u00eda que consagr\u00f3 a su \u00abteor\u00eda del l\u00edmite\u00bb: <em>L\u00f3gica del l\u00edmite<\/em> (1991),<em> La edad del esp\u00edritu<\/em> (1995, premio Ciudad de Barcelona) y <em>La raz\u00f3n fronteriza<\/em> (1999). Entre sus \u00faltimas obras destaca su d\u00edptico musical: <em>El canto de las sirenas<\/em> (2007) y <em>La imaginaci\u00f3n sonora<\/em> (2010), que obtuvo una extraordinaria acogida por parte de cr\u00edtica y p\u00fablico. Su libro p\u00f3stumo, <em>De cine. Aventuras y extrav\u00edos<\/em> (2013), supone su particular homenaje al s\u00e9ptimo arte, una de las pasiones \u2013junto a la m\u00fasica y, naturalmente, la filosof\u00eda\u2013 que lo acompa\u00f1\u00f3 durante toda su vida. Galaxia Gutenberg est\u00e1 llevando a cabo la recuperaci\u00f3n de algunos de los t\u00edtulos indispensables dentro de la ampl\u00edsima bibliograf\u00eda de Eugenio Tr\u00edas: <em>El hilo de la verdad<\/em> (2014), <em>Pensar la religi\u00f3n<\/em> (2015) y <em>V\u00e9rtigo y pasi\u00f3n<\/em> (2016). En 2022 Galaxia\u00a0 Gutenberg tambi\u00e9n public\u00f3 el ensayo que lleva por t\u00edtulo <em>La dispersi\u00f3n<\/em>.<\/p>\n<p><span style=\"font-family: impact, sans-serif;\">\u00a9 Galaxia Gutenberg<\/span><\/p>\n","protected":false},"excerpt":{"rendered":"<p>Un viaje filos\u00f3fico y est\u00e9tico a trav\u00e9s de los grandes compositores y las ideas que han dado forma a la m\u00fasica occidental. La m\u00fasica es algo m\u00e1s que un fen\u00f3meno est\u00e9tico: es una gnosis, una aut\u00e9ntica v\u00eda de conocimiento que Eugenio Tr\u00edas (autor de una de las trayectorias filos\u00f3ficas m\u00e1s s\u00f3lidas que ha conocido nuestro [&hellip;]<\/p>\n","protected":false},"author":1,"featured_media":16524,"comment_status":"open","ping_status":"closed","sticky":false,"template":"","format":"standard","meta":{"footnotes":""},"categories":[1124],"tags":[2133,1549],"class_list":{"0":"post-16523","1":"post","2":"type-post","3":"status-publish","4":"format-standard","5":"has-post-thumbnail","7":"category-por-que-leer","8":"tag-eugenio-trias","9":"tag-galaxia-gutenberg-editorial"},"yoast_head":"<!-- This site is optimized with the Yoast SEO plugin v27.4 - https:\/\/yoast.com\/product\/yoast-seo-wordpress\/ -->\n<title>El canto de las sirenas: la m\u00fasica como v\u00eda de conocimiento | HOJAS SUELTAS Peri\u00f3dico Cultural<\/title>\n<meta name=\"description\" content=\"ENSAYO: Un viaje filos\u00f3fico y est\u00e9tico a trav\u00e9s de los grandes compositores y las ideas que han dado forma a la m\u00fasica occidental.\" \/>\n<meta name=\"robots\" content=\"index, follow, max-snippet:-1, max-image-preview:large, max-video-preview:-1\" \/>\n<link rel=\"canonical\" href=\"https:\/\/hojassueltas.es\/?p=16523\" \/>\n<meta property=\"og:locale\" content=\"es_ES\" \/>\n<meta property=\"og:type\" content=\"article\" \/>\n<meta property=\"og:title\" content=\"El canto de las sirenas: la m\u00fasica como v\u00eda de conocimiento | HOJAS SUELTAS Peri\u00f3dico Cultural\" \/>\n<meta property=\"og:description\" content=\"ENSAYO: Un viaje filos\u00f3fico y est\u00e9tico a trav\u00e9s de los grandes compositores y las ideas que han dado forma a la m\u00fasica occidental.\" \/>\n<meta property=\"og:url\" content=\"https:\/\/hojassueltas.es\/?p=16523\" \/>\n<meta property=\"og:site_name\" content=\"HOJAS SUELTAS Peri\u00f3dico Cultural\" \/>\n<meta property=\"article:published_time\" content=\"2024-12-18T23:00:48+00:00\" \/>\n<meta property=\"article:modified_time\" content=\"2025-10-18T09:02:18+00:00\" \/>\n<meta property=\"og:image\" content=\"https:\/\/hojassueltas.es\/wp-content\/uploads\/2024\/12\/El-canto-de-las-sirenas_HS.png\" \/>\n\t<meta property=\"og:image:width\" content=\"1050\" \/>\n\t<meta property=\"og:image:height\" content=\"610\" \/>\n\t<meta property=\"og:image:type\" content=\"image\/png\" \/>\n<meta name=\"author\" content=\"Redacci\u00f3n\" \/>\n<meta name=\"twitter:card\" content=\"summary_large_image\" \/>\n<meta name=\"twitter:creator\" content=\"@HOJASSUELTAS22\" \/>\n<meta name=\"twitter:site\" content=\"@HOJASSUELTAS22\" \/>\n<meta name=\"twitter:label1\" content=\"Escrito por\" \/>\n\t<meta name=\"twitter:data1\" content=\"Redacci\u00f3n\" \/>\n\t<meta name=\"twitter:label2\" content=\"Tiempo de lectura\" \/>\n\t<meta name=\"twitter:data2\" content=\"3 minutos\" \/>\n<script type=\"application\/ld+json\" class=\"yoast-schema-graph\">{\"@context\":\"https:\\\/\\\/schema.org\",\"@graph\":[{\"@type\":[\"Article\",\"BlogPosting\"],\"@id\":\"https:\\\/\\\/hojassueltas.es\\\/?p=16523#article\",\"isPartOf\":{\"@id\":\"https:\\\/\\\/hojassueltas.es\\\/?p=16523\"},\"author\":{\"name\":\"Redacci\u00f3n\",\"@id\":\"https:\\\/\\\/hojassueltas.es\\\/#\\\/schema\\\/person\\\/f232bbdb834c61c90aff2245daa401c0\"},\"headline\":\"El canto de las sirenas: la m\u00fasica como v\u00eda de conocimiento\",\"datePublished\":\"2024-12-18T23:00:48+00:00\",\"dateModified\":\"2025-10-18T09:02:18+00:00\",\"mainEntityOfPage\":{\"@id\":\"https:\\\/\\\/hojassueltas.es\\\/?p=16523\"},\"wordCount\":664,\"commentCount\":0,\"publisher\":{\"@id\":\"https:\\\/\\\/hojassueltas.es\\\/#organization\"},\"image\":{\"@id\":\"https:\\\/\\\/hojassueltas.es\\\/?p=16523#primaryimage\"},\"thumbnailUrl\":\"https:\\\/\\\/hojassueltas.es\\\/wp-content\\\/uploads\\\/2024\\\/12\\\/El-canto-de-las-sirenas_HS.png\",\"keywords\":[\"Eugenio Trias\",\"Galaxia Gutenberg - Editorial\"],\"articleSection\":[\"POR QU\u00c9 LEER...\"],\"inLanguage\":\"es\",\"potentialAction\":[{\"@type\":\"CommentAction\",\"name\":\"Comment\",\"target\":[\"https:\\\/\\\/hojassueltas.es\\\/?p=16523#respond\"]}]},{\"@type\":\"WebPage\",\"@id\":\"https:\\\/\\\/hojassueltas.es\\\/?p=16523\",\"url\":\"https:\\\/\\\/hojassueltas.es\\\/?p=16523\",\"name\":\"El canto de las sirenas: la m\u00fasica como v\u00eda de conocimiento | HOJAS SUELTAS Peri\u00f3dico Cultural\",\"isPartOf\":{\"@id\":\"https:\\\/\\\/hojassueltas.es\\\/#website\"},\"primaryImageOfPage\":{\"@id\":\"https:\\\/\\\/hojassueltas.es\\\/?p=16523#primaryimage\"},\"image\":{\"@id\":\"https:\\\/\\\/hojassueltas.es\\\/?p=16523#primaryimage\"},\"thumbnailUrl\":\"https:\\\/\\\/hojassueltas.es\\\/wp-content\\\/uploads\\\/2024\\\/12\\\/El-canto-de-las-sirenas_HS.png\",\"datePublished\":\"2024-12-18T23:00:48+00:00\",\"dateModified\":\"2025-10-18T09:02:18+00:00\",\"description\":\"ENSAYO: Un viaje filos\u00f3fico y est\u00e9tico a trav\u00e9s de los grandes compositores y las ideas que han dado forma a la m\u00fasica occidental.\",\"breadcrumb\":{\"@id\":\"https:\\\/\\\/hojassueltas.es\\\/?p=16523#breadcrumb\"},\"inLanguage\":\"es\",\"potentialAction\":[{\"@type\":\"ReadAction\",\"target\":[\"https:\\\/\\\/hojassueltas.es\\\/?p=16523\"]}]},{\"@type\":\"ImageObject\",\"inLanguage\":\"es\",\"@id\":\"https:\\\/\\\/hojassueltas.es\\\/?p=16523#primaryimage\",\"url\":\"https:\\\/\\\/hojassueltas.es\\\/wp-content\\\/uploads\\\/2024\\\/12\\\/El-canto-de-las-sirenas_HS.png\",\"contentUrl\":\"https:\\\/\\\/hojassueltas.es\\\/wp-content\\\/uploads\\\/2024\\\/12\\\/El-canto-de-las-sirenas_HS.png\",\"width\":1050,\"height\":610},{\"@type\":\"BreadcrumbList\",\"@id\":\"https:\\\/\\\/hojassueltas.es\\\/?p=16523#breadcrumb\",\"itemListElement\":[{\"@type\":\"ListItem\",\"position\":1,\"name\":\"Portada\",\"item\":\"https:\\\/\\\/hojassueltas.es\\\/\"},{\"@type\":\"ListItem\",\"position\":2,\"name\":\"El canto de las sirenas: la m\u00fasica como v\u00eda de conocimiento\"}]},{\"@type\":\"WebSite\",\"@id\":\"https:\\\/\\\/hojassueltas.es\\\/#website\",\"url\":\"https:\\\/\\\/hojassueltas.es\\\/\",\"name\":\"HojasSueltas.es\",\"description\":\"GRANADA - Peri\u00f3dico Cultural\",\"publisher\":{\"@id\":\"https:\\\/\\\/hojassueltas.es\\\/#organization\"},\"alternateName\":\"H.S. Periodico Cultural\",\"potentialAction\":[{\"@type\":\"SearchAction\",\"target\":{\"@type\":\"EntryPoint\",\"urlTemplate\":\"https:\\\/\\\/hojassueltas.es\\\/?s={search_term_string}\"},\"query-input\":{\"@type\":\"PropertyValueSpecification\",\"valueRequired\":true,\"valueName\":\"search_term_string\"}}],\"inLanguage\":\"es\"},{\"@type\":\"Organization\",\"@id\":\"https:\\\/\\\/hojassueltas.es\\\/#organization\",\"name\":\"HOJAS SUELTAS - Peri\u00f3dico Cultural\",\"alternateName\":\"HS - HOJAS SUELTAS Peri\u00f3dico Cultural\",\"url\":\"https:\\\/\\\/hojassueltas.es\\\/\",\"logo\":{\"@type\":\"ImageObject\",\"inLanguage\":\"es\",\"@id\":\"https:\\\/\\\/hojassueltas.es\\\/#\\\/schema\\\/logo\\\/image\\\/\",\"url\":\"https:\\\/\\\/hojassueltas.es\\\/wp-content\\\/uploads\\\/2025\\\/08\\\/Icono-HS_2.png\",\"contentUrl\":\"https:\\\/\\\/hojassueltas.es\\\/wp-content\\\/uploads\\\/2025\\\/08\\\/Icono-HS_2.png\",\"width\":500,\"height\":500,\"caption\":\"HOJAS SUELTAS - Peri\u00f3dico Cultural\"},\"image\":{\"@id\":\"https:\\\/\\\/hojassueltas.es\\\/#\\\/schema\\\/logo\\\/image\\\/\"},\"sameAs\":[\"https:\\\/\\\/x.com\\\/HOJASSUELTAS22\"]},{\"@type\":\"Person\",\"@id\":\"https:\\\/\\\/hojassueltas.es\\\/#\\\/schema\\\/person\\\/f232bbdb834c61c90aff2245daa401c0\",\"name\":\"Redacci\u00f3n\",\"image\":{\"@type\":\"ImageObject\",\"inLanguage\":\"es\",\"@id\":\"https:\\\/\\\/hojassueltas.es\\\/wp-content\\\/uploads\\\/2026\\\/02\\\/Redaccion-2-96x96.png\",\"url\":\"https:\\\/\\\/hojassueltas.es\\\/wp-content\\\/uploads\\\/2026\\\/02\\\/Redaccion-2-96x96.png\",\"contentUrl\":\"https:\\\/\\\/hojassueltas.es\\\/wp-content\\\/uploads\\\/2026\\\/02\\\/Redaccion-2-96x96.png\",\"caption\":\"Redacci\u00f3n\"},\"description\":\"Redacci\u00f3n de HOJAS SUELTAS\",\"url\":\"https:\\\/\\\/hojassueltas.es\\\/?author=1\"}]}<\/script>\n<!-- \/ Yoast SEO plugin. -->","yoast_head_json":{"title":"El canto de las sirenas: la m\u00fasica como v\u00eda de conocimiento | HOJAS SUELTAS Peri\u00f3dico Cultural","description":"ENSAYO: Un viaje filos\u00f3fico y est\u00e9tico a trav\u00e9s de los grandes compositores y las ideas que han dado forma a la m\u00fasica occidental.","robots":{"index":"index","follow":"follow","max-snippet":"max-snippet:-1","max-image-preview":"max-image-preview:large","max-video-preview":"max-video-preview:-1"},"canonical":"https:\/\/hojassueltas.es\/?p=16523","og_locale":"es_ES","og_type":"article","og_title":"El canto de las sirenas: la m\u00fasica como v\u00eda de conocimiento | HOJAS SUELTAS Peri\u00f3dico Cultural","og_description":"ENSAYO: Un viaje filos\u00f3fico y est\u00e9tico a trav\u00e9s de los grandes compositores y las ideas que han dado forma a la m\u00fasica occidental.","og_url":"https:\/\/hojassueltas.es\/?p=16523","og_site_name":"HOJAS SUELTAS Peri\u00f3dico Cultural","article_published_time":"2024-12-18T23:00:48+00:00","article_modified_time":"2025-10-18T09:02:18+00:00","og_image":[{"width":1050,"height":610,"url":"https:\/\/hojassueltas.es\/wp-content\/uploads\/2024\/12\/El-canto-de-las-sirenas_HS.png","type":"image\/png"}],"author":"Redacci\u00f3n","twitter_card":"summary_large_image","twitter_creator":"@HOJASSUELTAS22","twitter_site":"@HOJASSUELTAS22","twitter_misc":{"Escrito por":"Redacci\u00f3n","Tiempo de lectura":"3 minutos"},"schema":{"@context":"https:\/\/schema.org","@graph":[{"@type":["Article","BlogPosting"],"@id":"https:\/\/hojassueltas.es\/?p=16523#article","isPartOf":{"@id":"https:\/\/hojassueltas.es\/?p=16523"},"author":{"name":"Redacci\u00f3n","@id":"https:\/\/hojassueltas.es\/#\/schema\/person\/f232bbdb834c61c90aff2245daa401c0"},"headline":"El canto de las sirenas: la m\u00fasica como v\u00eda de conocimiento","datePublished":"2024-12-18T23:00:48+00:00","dateModified":"2025-10-18T09:02:18+00:00","mainEntityOfPage":{"@id":"https:\/\/hojassueltas.es\/?p=16523"},"wordCount":664,"commentCount":0,"publisher":{"@id":"https:\/\/hojassueltas.es\/#organization"},"image":{"@id":"https:\/\/hojassueltas.es\/?p=16523#primaryimage"},"thumbnailUrl":"https:\/\/hojassueltas.es\/wp-content\/uploads\/2024\/12\/El-canto-de-las-sirenas_HS.png","keywords":["Eugenio Trias","Galaxia Gutenberg - Editorial"],"articleSection":["POR QU\u00c9 LEER..."],"inLanguage":"es","potentialAction":[{"@type":"CommentAction","name":"Comment","target":["https:\/\/hojassueltas.es\/?p=16523#respond"]}]},{"@type":"WebPage","@id":"https:\/\/hojassueltas.es\/?p=16523","url":"https:\/\/hojassueltas.es\/?p=16523","name":"El canto de las sirenas: la m\u00fasica como v\u00eda de conocimiento | HOJAS SUELTAS Peri\u00f3dico Cultural","isPartOf":{"@id":"https:\/\/hojassueltas.es\/#website"},"primaryImageOfPage":{"@id":"https:\/\/hojassueltas.es\/?p=16523#primaryimage"},"image":{"@id":"https:\/\/hojassueltas.es\/?p=16523#primaryimage"},"thumbnailUrl":"https:\/\/hojassueltas.es\/wp-content\/uploads\/2024\/12\/El-canto-de-las-sirenas_HS.png","datePublished":"2024-12-18T23:00:48+00:00","dateModified":"2025-10-18T09:02:18+00:00","description":"ENSAYO: Un viaje filos\u00f3fico y est\u00e9tico a trav\u00e9s de los grandes compositores y las ideas que han dado forma a la m\u00fasica occidental.","breadcrumb":{"@id":"https:\/\/hojassueltas.es\/?p=16523#breadcrumb"},"inLanguage":"es","potentialAction":[{"@type":"ReadAction","target":["https:\/\/hojassueltas.es\/?p=16523"]}]},{"@type":"ImageObject","inLanguage":"es","@id":"https:\/\/hojassueltas.es\/?p=16523#primaryimage","url":"https:\/\/hojassueltas.es\/wp-content\/uploads\/2024\/12\/El-canto-de-las-sirenas_HS.png","contentUrl":"https:\/\/hojassueltas.es\/wp-content\/uploads\/2024\/12\/El-canto-de-las-sirenas_HS.png","width":1050,"height":610},{"@type":"BreadcrumbList","@id":"https:\/\/hojassueltas.es\/?p=16523#breadcrumb","itemListElement":[{"@type":"ListItem","position":1,"name":"Portada","item":"https:\/\/hojassueltas.es\/"},{"@type":"ListItem","position":2,"name":"El canto de las sirenas: la m\u00fasica como v\u00eda de conocimiento"}]},{"@type":"WebSite","@id":"https:\/\/hojassueltas.es\/#website","url":"https:\/\/hojassueltas.es\/","name":"HojasSueltas.es","description":"GRANADA - Peri\u00f3dico Cultural","publisher":{"@id":"https:\/\/hojassueltas.es\/#organization"},"alternateName":"H.S. Periodico Cultural","potentialAction":[{"@type":"SearchAction","target":{"@type":"EntryPoint","urlTemplate":"https:\/\/hojassueltas.es\/?s={search_term_string}"},"query-input":{"@type":"PropertyValueSpecification","valueRequired":true,"valueName":"search_term_string"}}],"inLanguage":"es"},{"@type":"Organization","@id":"https:\/\/hojassueltas.es\/#organization","name":"HOJAS SUELTAS - Peri\u00f3dico Cultural","alternateName":"HS - HOJAS SUELTAS Peri\u00f3dico Cultural","url":"https:\/\/hojassueltas.es\/","logo":{"@type":"ImageObject","inLanguage":"es","@id":"https:\/\/hojassueltas.es\/#\/schema\/logo\/image\/","url":"https:\/\/hojassueltas.es\/wp-content\/uploads\/2025\/08\/Icono-HS_2.png","contentUrl":"https:\/\/hojassueltas.es\/wp-content\/uploads\/2025\/08\/Icono-HS_2.png","width":500,"height":500,"caption":"HOJAS SUELTAS - Peri\u00f3dico Cultural"},"image":{"@id":"https:\/\/hojassueltas.es\/#\/schema\/logo\/image\/"},"sameAs":["https:\/\/x.com\/HOJASSUELTAS22"]},{"@type":"Person","@id":"https:\/\/hojassueltas.es\/#\/schema\/person\/f232bbdb834c61c90aff2245daa401c0","name":"Redacci\u00f3n","image":{"@type":"ImageObject","inLanguage":"es","@id":"https:\/\/hojassueltas.es\/wp-content\/uploads\/2026\/02\/Redaccion-2-96x96.png","url":"https:\/\/hojassueltas.es\/wp-content\/uploads\/2026\/02\/Redaccion-2-96x96.png","contentUrl":"https:\/\/hojassueltas.es\/wp-content\/uploads\/2026\/02\/Redaccion-2-96x96.png","caption":"Redacci\u00f3n"},"description":"Redacci\u00f3n de HOJAS SUELTAS","url":"https:\/\/hojassueltas.es\/?author=1"}]}},"_links":{"self":[{"href":"https:\/\/hojassueltas.es\/index.php?rest_route=\/wp\/v2\/posts\/16523","targetHints":{"allow":["GET"]}}],"collection":[{"href":"https:\/\/hojassueltas.es\/index.php?rest_route=\/wp\/v2\/posts"}],"about":[{"href":"https:\/\/hojassueltas.es\/index.php?rest_route=\/wp\/v2\/types\/post"}],"author":[{"embeddable":true,"href":"https:\/\/hojassueltas.es\/index.php?rest_route=\/wp\/v2\/users\/1"}],"replies":[{"embeddable":true,"href":"https:\/\/hojassueltas.es\/index.php?rest_route=%2Fwp%2Fv2%2Fcomments&post=16523"}],"version-history":[{"count":1,"href":"https:\/\/hojassueltas.es\/index.php?rest_route=\/wp\/v2\/posts\/16523\/revisions"}],"predecessor-version":[{"id":16525,"href":"https:\/\/hojassueltas.es\/index.php?rest_route=\/wp\/v2\/posts\/16523\/revisions\/16525"}],"wp:featuredmedia":[{"embeddable":true,"href":"https:\/\/hojassueltas.es\/index.php?rest_route=\/wp\/v2\/media\/16524"}],"wp:attachment":[{"href":"https:\/\/hojassueltas.es\/index.php?rest_route=%2Fwp%2Fv2%2Fmedia&parent=16523"}],"wp:term":[{"taxonomy":"category","embeddable":true,"href":"https:\/\/hojassueltas.es\/index.php?rest_route=%2Fwp%2Fv2%2Fcategories&post=16523"},{"taxonomy":"post_tag","embeddable":true,"href":"https:\/\/hojassueltas.es\/index.php?rest_route=%2Fwp%2Fv2%2Ftags&post=16523"}],"curies":[{"name":"wp","href":"https:\/\/api.w.org\/{rel}","templated":true}]}}