{"id":16516,"date":"2024-12-17T00:00:03","date_gmt":"2024-12-16T23:00:03","guid":{"rendered":"https:\/\/hojassueltas.es\/?p=16516"},"modified":"2025-07-21T10:02:10","modified_gmt":"2025-07-21T09:02:10","slug":"nel-segno-del-genio-velazquez-y-su-papel-como-intermediario-cultural-entre-espana-e-italia","status":"publish","type":"post","link":"https:\/\/hojassueltas.es\/?p=16516","title":{"rendered":"Nel segno del genio: Vel\u00e1zquez y su papel como intermediario cultural entre Espa\u00f1a e Italia"},"content":{"rendered":"<h3 style=\"text-align: justify;\">Una exposici\u00f3n conjunta desvela documentos in\u00e9ditos que reflejan la faceta menos conocida del maestro sevillano durante el Siglo de Oro<\/h3>\n<div class=\"flex max-w-full flex-col flex-grow\">\n<div class=\"min-h-8 text-message flex w-full flex-col items-end gap-2 whitespace-normal break-words text-start [.text-message+&amp;]:mt-5\" dir=\"auto\" data-message-author-role=\"assistant\" data-message-id=\"610a4fdd-c272-4924-a8b1-946b38c2afae\" data-message-model-slug=\"gpt-4o\">\n<div class=\"flex w-full flex-col gap-1 empty:hidden first:pt-[3px]\">\n<div class=\"markdown prose w-full break-words dark:prose-invert light\">\n<p style=\"text-align: justify;\">El Museo Nacional del Prado, la Real Academia de Bellas Artes de San Fernando y la Galer\u00eda de las Colecciones Reales presentan <em>\u00abNel segno del genio. Vel\u00e1zquez en los documentos del Archivio di Stato di Roma\u00bb<\/em>, una exposici\u00f3n que por primera vez re\u00fane valiosos manuscritos italianos que revelan el impacto de Diego Vel\u00e1zquez m\u00e1s all\u00e1 de su obra pict\u00f3rica. Desde hoy y hasta el 9 de febrero de 2025, los visitantes podr\u00e1n descubrir, en cada una de estas instituciones, piezas documentales que reflejan su actividad como gestor cultural en la Roma del siglo XVII.<\/p>\n<p style=\"text-align: justify;\">La muestra ofrece una mirada in\u00e9dita al segundo viaje de Vel\u00e1zquez a Roma (1649-1651), destacando su rol como intermediario entre las tradiciones art\u00edsticas de Espa\u00f1a e Italia. Los documentos describen diversos encargos realizados por el pintor, como la creaci\u00f3n de copias en bronce de esculturas cl\u00e1sicas, en colaboraci\u00f3n con artesanos y escultores italianos. Esta iniciativa ha sido posible gracias al esfuerzo conjunto del Archivio di Stato di Roma, Patrimonio Nacional, el Museo del Prado y la Real Academia de Bellas Artes de San Fernando, consolidando los v\u00ednculos culturales entre ambos pa\u00edses.<\/p>\n<p style=\"text-align: justify;\">En el Museo del Prado, la exposici\u00f3n se centra en el contrato firmado en 1650 entre Vel\u00e1zquez y Matteo Bonuccelli para la creaci\u00f3n de doce leones de bronce destinados al Sal\u00f3n de los Espejos del Alc\u00e1zar de Madrid. En paralelo, se exhiben otros documentos del archivo del museo, como solicitudes de Vel\u00e1zquez para la mejora del mantenimiento del Alc\u00e1zar o inventarios p\u00f3stumos relacionados con su legado art\u00edstico.<\/p>\n<p style=\"text-align: justify;\">Por su parte, la Galer\u00eda de las Colecciones Reales presenta un manuscrito de 1649 que detalla las instrucciones de Vel\u00e1zquez para fabricar copias en bronce de tres esculturas italianas ic\u00f3nicas. Estas obras, concebidas con minuciosidad t\u00e9cnica, fueron parte de la decoraci\u00f3n del antiguo Alc\u00e1zar de Madrid, subrayando el perfeccionismo del artista.<\/p>\n<p style=\"text-align: justify;\">La Real Academia de Bellas Artes de San Fernando exhibe un contrato firmado por Vel\u00e1zquez en 1650 con el escultor Orazio Albrizio para realizar vaciados en yeso de esculturas cl\u00e1sicas ubicadas en el Cortile del Belvedere de Roma. Este documento detalla las exigencias del artista en cuanto a la calidad de los materiales y las t\u00e9cnicas empleadas.<\/p>\n<p style=\"text-align: justify;\">Esta exposici\u00f3n conjunta pone en valor la dimensi\u00f3n menos conocida de Vel\u00e1zquez como estratega cultural y promotor del arte cl\u00e1sico, ofreciendo un recorrido \u00fanico que conecta las tradiciones art\u00edsticas de Espa\u00f1a e Italia en pleno Siglo de Oro.<\/p>\n<p><span style=\"font-family: impact, sans-serif;\">\u00a9 Redacci\u00f3n<\/span><\/p>\n<\/div>\n<\/div>\n<\/div>\n<\/div>\n<div class=\"mb-2 flex gap-3 empty:hidden -ml-2\">\n<div class=\"items-center justify-start rounded-xl p-1 flex\">\n<div class=\"flex items-center\" style=\"text-align: justify;\"><\/div>\n<\/div>\n<\/div>\n","protected":false},"excerpt":{"rendered":"<p>Una exposici\u00f3n conjunta desvela documentos in\u00e9ditos que reflejan la faceta menos conocida del maestro sevillano durante el Siglo de Oro El Museo Nacional del Prado, la Real Academia de Bellas Artes de San Fernando y la Galer\u00eda de las Colecciones Reales presentan \u00abNel segno del genio. Vel\u00e1zquez en los documentos del Archivio di Stato di [&hellip;]<\/p>\n","protected":false},"author":1,"featured_media":0,"comment_status":"open","ping_status":"closed","sticky":false,"template":"","format":"standard","meta":{"footnotes":""},"categories":[32],"tags":[],"class_list":{"0":"post-16516","1":"post","2":"type-post","3":"status-publish","4":"format-standard","6":"category-panorama-cultural"},"yoast_head":"<!-- This site is optimized with the Yoast SEO plugin v27.4 - https:\/\/yoast.com\/product\/yoast-seo-wordpress\/ -->\n<title>Nel segno del genio: Vel\u00e1zquez y su papel como intermediario cultural entre Espa\u00f1a e Italia | HOJAS SUELTAS Peri\u00f3dico Cultural<\/title>\n<meta name=\"description\" content=\"BELLAS ARTES: Una exposici\u00f3n conjunta desvela documentos in\u00e9ditos que reflejan la faceta menos conocida del maestro sevillano durante el Siglo de Oro\" \/>\n<meta name=\"robots\" content=\"index, follow, max-snippet:-1, max-image-preview:large, max-video-preview:-1\" \/>\n<link rel=\"canonical\" href=\"https:\/\/hojassueltas.es\/?p=16516\" \/>\n<meta property=\"og:locale\" content=\"es_ES\" \/>\n<meta property=\"og:type\" content=\"article\" \/>\n<meta property=\"og:title\" content=\"Nel segno del genio: Vel\u00e1zquez y su papel como intermediario cultural entre Espa\u00f1a e Italia | HOJAS SUELTAS Peri\u00f3dico Cultural\" \/>\n<meta property=\"og:description\" content=\"BELLAS ARTES: Una exposici\u00f3n conjunta desvela documentos in\u00e9ditos que reflejan la faceta menos conocida del maestro sevillano durante el Siglo de Oro\" \/>\n<meta property=\"og:url\" content=\"https:\/\/hojassueltas.es\/?p=16516\" \/>\n<meta property=\"og:site_name\" content=\"HOJAS SUELTAS Peri\u00f3dico Cultural\" \/>\n<meta property=\"article:published_time\" content=\"2024-12-16T23:00:03+00:00\" \/>\n<meta property=\"article:modified_time\" content=\"2025-07-21T09:02:10+00:00\" \/>\n<meta property=\"og:image\" content=\"https:\/\/hojassueltas.es\/wp-content\/uploads\/2024\/12\/Bellas-Artes_2_HS.png\" \/>\n\t<meta property=\"og:image:width\" content=\"1366\" \/>\n\t<meta property=\"og:image:height\" content=\"768\" \/>\n\t<meta property=\"og:image:type\" content=\"image\/png\" \/>\n<meta name=\"author\" content=\"Redacci\u00f3n\" \/>\n<meta name=\"twitter:card\" content=\"summary_large_image\" \/>\n<meta name=\"twitter:creator\" content=\"@HOJASSUELTAS22\" \/>\n<meta name=\"twitter:site\" content=\"@HOJASSUELTAS22\" \/>\n<meta name=\"twitter:label1\" content=\"Escrito por\" \/>\n\t<meta name=\"twitter:data1\" content=\"Redacci\u00f3n\" \/>\n\t<meta name=\"twitter:label2\" content=\"Tiempo de lectura\" \/>\n\t<meta name=\"twitter:data2\" content=\"3 minutos\" \/>\n<script type=\"application\/ld+json\" class=\"yoast-schema-graph\">{\"@context\":\"https:\\\/\\\/schema.org\",\"@graph\":[{\"@type\":[\"Article\",\"BlogPosting\"],\"@id\":\"https:\\\/\\\/hojassueltas.es\\\/?p=16516#article\",\"isPartOf\":{\"@id\":\"https:\\\/\\\/hojassueltas.es\\\/?p=16516\"},\"author\":{\"name\":\"Redacci\u00f3n\",\"@id\":\"https:\\\/\\\/hojassueltas.es\\\/#\\\/schema\\\/person\\\/f232bbdb834c61c90aff2245daa401c0\"},\"headline\":\"Nel segno del genio: Vel\u00e1zquez y su papel como intermediario cultural entre Espa\u00f1a e Italia\",\"datePublished\":\"2024-12-16T23:00:03+00:00\",\"dateModified\":\"2025-07-21T09:02:10+00:00\",\"mainEntityOfPage\":{\"@id\":\"https:\\\/\\\/hojassueltas.es\\\/?p=16516\"},\"wordCount\":475,\"commentCount\":0,\"publisher\":{\"@id\":\"https:\\\/\\\/hojassueltas.es\\\/#organization\"},\"articleSection\":[\"PANORAMA CULTURAL\"],\"inLanguage\":\"es\",\"potentialAction\":[{\"@type\":\"CommentAction\",\"name\":\"Comment\",\"target\":[\"https:\\\/\\\/hojassueltas.es\\\/?p=16516#respond\"]}]},{\"@type\":\"WebPage\",\"@id\":\"https:\\\/\\\/hojassueltas.es\\\/?p=16516\",\"url\":\"https:\\\/\\\/hojassueltas.es\\\/?p=16516\",\"name\":\"Nel segno del genio: Vel\u00e1zquez y su papel como intermediario cultural entre Espa\u00f1a e Italia | HOJAS SUELTAS Peri\u00f3dico Cultural\",\"isPartOf\":{\"@id\":\"https:\\\/\\\/hojassueltas.es\\\/#website\"},\"datePublished\":\"2024-12-16T23:00:03+00:00\",\"dateModified\":\"2025-07-21T09:02:10+00:00\",\"description\":\"BELLAS ARTES: Una exposici\u00f3n conjunta desvela documentos in\u00e9ditos que reflejan la faceta menos conocida del maestro sevillano durante el Siglo de Oro\",\"breadcrumb\":{\"@id\":\"https:\\\/\\\/hojassueltas.es\\\/?p=16516#breadcrumb\"},\"inLanguage\":\"es\",\"potentialAction\":[{\"@type\":\"ReadAction\",\"target\":[\"https:\\\/\\\/hojassueltas.es\\\/?p=16516\"]}]},{\"@type\":\"BreadcrumbList\",\"@id\":\"https:\\\/\\\/hojassueltas.es\\\/?p=16516#breadcrumb\",\"itemListElement\":[{\"@type\":\"ListItem\",\"position\":1,\"name\":\"Portada\",\"item\":\"https:\\\/\\\/hojassueltas.es\\\/\"},{\"@type\":\"ListItem\",\"position\":2,\"name\":\"Nel segno del genio: Vel\u00e1zquez y su papel como intermediario cultural entre Espa\u00f1a e Italia\"}]},{\"@type\":\"WebSite\",\"@id\":\"https:\\\/\\\/hojassueltas.es\\\/#website\",\"url\":\"https:\\\/\\\/hojassueltas.es\\\/\",\"name\":\"HojasSueltas.es\",\"description\":\"GRANADA - Peri\u00f3dico Cultural\",\"publisher\":{\"@id\":\"https:\\\/\\\/hojassueltas.es\\\/#organization\"},\"alternateName\":\"H.S. Periodico Cultural\",\"potentialAction\":[{\"@type\":\"SearchAction\",\"target\":{\"@type\":\"EntryPoint\",\"urlTemplate\":\"https:\\\/\\\/hojassueltas.es\\\/?s={search_term_string}\"},\"query-input\":{\"@type\":\"PropertyValueSpecification\",\"valueRequired\":true,\"valueName\":\"search_term_string\"}}],\"inLanguage\":\"es\"},{\"@type\":\"Organization\",\"@id\":\"https:\\\/\\\/hojassueltas.es\\\/#organization\",\"name\":\"HOJAS SUELTAS - Peri\u00f3dico Cultural\",\"alternateName\":\"HS - HOJAS SUELTAS Peri\u00f3dico Cultural\",\"url\":\"https:\\\/\\\/hojassueltas.es\\\/\",\"logo\":{\"@type\":\"ImageObject\",\"inLanguage\":\"es\",\"@id\":\"https:\\\/\\\/hojassueltas.es\\\/#\\\/schema\\\/logo\\\/image\\\/\",\"url\":\"https:\\\/\\\/hojassueltas.es\\\/wp-content\\\/uploads\\\/2025\\\/08\\\/Icono-HS_2.png\",\"contentUrl\":\"https:\\\/\\\/hojassueltas.es\\\/wp-content\\\/uploads\\\/2025\\\/08\\\/Icono-HS_2.png\",\"width\":500,\"height\":500,\"caption\":\"HOJAS SUELTAS - Peri\u00f3dico Cultural\"},\"image\":{\"@id\":\"https:\\\/\\\/hojassueltas.es\\\/#\\\/schema\\\/logo\\\/image\\\/\"},\"sameAs\":[\"https:\\\/\\\/x.com\\\/HOJASSUELTAS22\"]},{\"@type\":\"Person\",\"@id\":\"https:\\\/\\\/hojassueltas.es\\\/#\\\/schema\\\/person\\\/f232bbdb834c61c90aff2245daa401c0\",\"name\":\"Redacci\u00f3n\",\"image\":{\"@type\":\"ImageObject\",\"inLanguage\":\"es\",\"@id\":\"https:\\\/\\\/hojassueltas.es\\\/wp-content\\\/uploads\\\/2026\\\/02\\\/Redaccion-2-96x96.png\",\"url\":\"https:\\\/\\\/hojassueltas.es\\\/wp-content\\\/uploads\\\/2026\\\/02\\\/Redaccion-2-96x96.png\",\"contentUrl\":\"https:\\\/\\\/hojassueltas.es\\\/wp-content\\\/uploads\\\/2026\\\/02\\\/Redaccion-2-96x96.png\",\"caption\":\"Redacci\u00f3n\"},\"description\":\"Redacci\u00f3n de HOJAS SUELTAS\",\"url\":\"https:\\\/\\\/hojassueltas.es\\\/?author=1\"}]}<\/script>\n<!-- \/ Yoast SEO plugin. -->","yoast_head_json":{"title":"Nel segno del genio: Vel\u00e1zquez y su papel como intermediario cultural entre Espa\u00f1a e Italia | HOJAS SUELTAS Peri\u00f3dico Cultural","description":"BELLAS ARTES: Una exposici\u00f3n conjunta desvela documentos in\u00e9ditos que reflejan la faceta menos conocida del maestro sevillano durante el Siglo de Oro","robots":{"index":"index","follow":"follow","max-snippet":"max-snippet:-1","max-image-preview":"max-image-preview:large","max-video-preview":"max-video-preview:-1"},"canonical":"https:\/\/hojassueltas.es\/?p=16516","og_locale":"es_ES","og_type":"article","og_title":"Nel segno del genio: Vel\u00e1zquez y su papel como intermediario cultural entre Espa\u00f1a e Italia | HOJAS SUELTAS Peri\u00f3dico Cultural","og_description":"BELLAS ARTES: Una exposici\u00f3n conjunta desvela documentos in\u00e9ditos que reflejan la faceta menos conocida del maestro sevillano durante el Siglo de Oro","og_url":"https:\/\/hojassueltas.es\/?p=16516","og_site_name":"HOJAS SUELTAS Peri\u00f3dico Cultural","article_published_time":"2024-12-16T23:00:03+00:00","article_modified_time":"2025-07-21T09:02:10+00:00","og_image":[{"width":1366,"height":768,"url":"https:\/\/hojassueltas.es\/wp-content\/uploads\/2024\/12\/Bellas-Artes_2_HS.png","type":"image\/png"}],"author":"Redacci\u00f3n","twitter_card":"summary_large_image","twitter_creator":"@HOJASSUELTAS22","twitter_site":"@HOJASSUELTAS22","twitter_misc":{"Escrito por":"Redacci\u00f3n","Tiempo de lectura":"3 minutos"},"schema":{"@context":"https:\/\/schema.org","@graph":[{"@type":["Article","BlogPosting"],"@id":"https:\/\/hojassueltas.es\/?p=16516#article","isPartOf":{"@id":"https:\/\/hojassueltas.es\/?p=16516"},"author":{"name":"Redacci\u00f3n","@id":"https:\/\/hojassueltas.es\/#\/schema\/person\/f232bbdb834c61c90aff2245daa401c0"},"headline":"Nel segno del genio: Vel\u00e1zquez y su papel como intermediario cultural entre Espa\u00f1a e Italia","datePublished":"2024-12-16T23:00:03+00:00","dateModified":"2025-07-21T09:02:10+00:00","mainEntityOfPage":{"@id":"https:\/\/hojassueltas.es\/?p=16516"},"wordCount":475,"commentCount":0,"publisher":{"@id":"https:\/\/hojassueltas.es\/#organization"},"articleSection":["PANORAMA CULTURAL"],"inLanguage":"es","potentialAction":[{"@type":"CommentAction","name":"Comment","target":["https:\/\/hojassueltas.es\/?p=16516#respond"]}]},{"@type":"WebPage","@id":"https:\/\/hojassueltas.es\/?p=16516","url":"https:\/\/hojassueltas.es\/?p=16516","name":"Nel segno del genio: Vel\u00e1zquez y su papel como intermediario cultural entre Espa\u00f1a e Italia | HOJAS SUELTAS Peri\u00f3dico Cultural","isPartOf":{"@id":"https:\/\/hojassueltas.es\/#website"},"datePublished":"2024-12-16T23:00:03+00:00","dateModified":"2025-07-21T09:02:10+00:00","description":"BELLAS ARTES: Una exposici\u00f3n conjunta desvela documentos in\u00e9ditos que reflejan la faceta menos conocida del maestro sevillano durante el Siglo de Oro","breadcrumb":{"@id":"https:\/\/hojassueltas.es\/?p=16516#breadcrumb"},"inLanguage":"es","potentialAction":[{"@type":"ReadAction","target":["https:\/\/hojassueltas.es\/?p=16516"]}]},{"@type":"BreadcrumbList","@id":"https:\/\/hojassueltas.es\/?p=16516#breadcrumb","itemListElement":[{"@type":"ListItem","position":1,"name":"Portada","item":"https:\/\/hojassueltas.es\/"},{"@type":"ListItem","position":2,"name":"Nel segno del genio: Vel\u00e1zquez y su papel como intermediario cultural entre Espa\u00f1a e Italia"}]},{"@type":"WebSite","@id":"https:\/\/hojassueltas.es\/#website","url":"https:\/\/hojassueltas.es\/","name":"HojasSueltas.es","description":"GRANADA - Peri\u00f3dico Cultural","publisher":{"@id":"https:\/\/hojassueltas.es\/#organization"},"alternateName":"H.S. Periodico Cultural","potentialAction":[{"@type":"SearchAction","target":{"@type":"EntryPoint","urlTemplate":"https:\/\/hojassueltas.es\/?s={search_term_string}"},"query-input":{"@type":"PropertyValueSpecification","valueRequired":true,"valueName":"search_term_string"}}],"inLanguage":"es"},{"@type":"Organization","@id":"https:\/\/hojassueltas.es\/#organization","name":"HOJAS SUELTAS - Peri\u00f3dico Cultural","alternateName":"HS - HOJAS SUELTAS Peri\u00f3dico Cultural","url":"https:\/\/hojassueltas.es\/","logo":{"@type":"ImageObject","inLanguage":"es","@id":"https:\/\/hojassueltas.es\/#\/schema\/logo\/image\/","url":"https:\/\/hojassueltas.es\/wp-content\/uploads\/2025\/08\/Icono-HS_2.png","contentUrl":"https:\/\/hojassueltas.es\/wp-content\/uploads\/2025\/08\/Icono-HS_2.png","width":500,"height":500,"caption":"HOJAS SUELTAS - Peri\u00f3dico Cultural"},"image":{"@id":"https:\/\/hojassueltas.es\/#\/schema\/logo\/image\/"},"sameAs":["https:\/\/x.com\/HOJASSUELTAS22"]},{"@type":"Person","@id":"https:\/\/hojassueltas.es\/#\/schema\/person\/f232bbdb834c61c90aff2245daa401c0","name":"Redacci\u00f3n","image":{"@type":"ImageObject","inLanguage":"es","@id":"https:\/\/hojassueltas.es\/wp-content\/uploads\/2026\/02\/Redaccion-2-96x96.png","url":"https:\/\/hojassueltas.es\/wp-content\/uploads\/2026\/02\/Redaccion-2-96x96.png","contentUrl":"https:\/\/hojassueltas.es\/wp-content\/uploads\/2026\/02\/Redaccion-2-96x96.png","caption":"Redacci\u00f3n"},"description":"Redacci\u00f3n de HOJAS SUELTAS","url":"https:\/\/hojassueltas.es\/?author=1"}]}},"_links":{"self":[{"href":"https:\/\/hojassueltas.es\/index.php?rest_route=\/wp\/v2\/posts\/16516","targetHints":{"allow":["GET"]}}],"collection":[{"href":"https:\/\/hojassueltas.es\/index.php?rest_route=\/wp\/v2\/posts"}],"about":[{"href":"https:\/\/hojassueltas.es\/index.php?rest_route=\/wp\/v2\/types\/post"}],"author":[{"embeddable":true,"href":"https:\/\/hojassueltas.es\/index.php?rest_route=\/wp\/v2\/users\/1"}],"replies":[{"embeddable":true,"href":"https:\/\/hojassueltas.es\/index.php?rest_route=%2Fwp%2Fv2%2Fcomments&post=16516"}],"version-history":[{"count":1,"href":"https:\/\/hojassueltas.es\/index.php?rest_route=\/wp\/v2\/posts\/16516\/revisions"}],"predecessor-version":[{"id":16518,"href":"https:\/\/hojassueltas.es\/index.php?rest_route=\/wp\/v2\/posts\/16516\/revisions\/16518"}],"wp:attachment":[{"href":"https:\/\/hojassueltas.es\/index.php?rest_route=%2Fwp%2Fv2%2Fmedia&parent=16516"}],"wp:term":[{"taxonomy":"category","embeddable":true,"href":"https:\/\/hojassueltas.es\/index.php?rest_route=%2Fwp%2Fv2%2Fcategories&post=16516"},{"taxonomy":"post_tag","embeddable":true,"href":"https:\/\/hojassueltas.es\/index.php?rest_route=%2Fwp%2Fv2%2Ftags&post=16516"}],"curies":[{"name":"wp","href":"https:\/\/api.w.org\/{rel}","templated":true}]}}