{"id":16133,"date":"2024-11-21T00:00:00","date_gmt":"2024-11-20T23:00:00","guid":{"rendered":"https:\/\/hojassueltas.es\/?p=16133"},"modified":"2025-12-11T17:34:15","modified_gmt":"2025-12-11T15:34:15","slug":"el-diario-capitulo-3-el-balon-rojo","status":"publish","type":"post","link":"https:\/\/hojassueltas.es\/?p=16133","title":{"rendered":"El diario \u2013 Cap\u00edtulo 3 (El bal\u00f3n rojo)"},"content":{"rendered":"<p style=\"text-align: justify;\">Ampli\u00f3 a treinta minutos de sue\u00f1o varias veces al d\u00eda. Albergaba la esperanza, de que en un breve tiempo pudiera so\u00f1ar sin volver a ver ese rostro t\u00e9trico en sus sue\u00f1os. Rogaba que se hubiera olvidado de \u00e9l, porque necesitaba dormir. Su madre estaba cada vez m\u00e1s preocupada por su hijo.<\/p>\n<p style=\"text-align: justify;\">\u00a1Casi pod\u00eda sentir el filo de esas tijeras hinc\u00e1ndose en su carne!<\/p>\n<p style=\"text-align: justify;\">Su angustia y desesperaci\u00f3n era profunda. Se imaginaba que su cabeza, yac\u00eda en aquel camino ensangrentado, en las profundidades del infierno, empalado en una de esas estacas con su nombre. Ya sent\u00eda a Piel de Harina arrancando la carne de su cr\u00e1neo.<\/p>\n<p style=\"text-align: justify;\">Sac\u00f3 su diario del caj\u00f3n.<\/p>\n<p style=\"text-align: justify;\">Del diario de Ra\u00fal:<\/p>\n<p style=\"text-align: justify;\">\u00abSin fecha. Prescindo de detallar ya los d\u00edas, ya todos son iguales para m\u00ed. Desde enero de este maldito a\u00f1o, no duermo en condiciones. Mi salud se est\u00e1 deteriorando, con el temor de que me lo encuentre con su maldita chistera y sus tijeras corrompidas de muerte y trozos de\u00a0 carne putrefactos. Sus amigas las tijeras como dice Piel de Harina. Buscar\u00e9 el nombre que observ\u00e9 en ese tornillo. MAGODELTERROR1960 eso me da alguna esperanza. Sino. Solo me queda aguantar el m\u00e1ximo tiempo posible sin dormir, hasta caer rendido\u00a0 en\u00a0 los sue\u00f1os y luego que Dios me ayude y bendiga mi alma, porque esa noche que duerma, s\u00e9 muy bien c\u00f3mo ser\u00e1 mi fin.\u00bb<\/p>\n<p style=\"text-align: justify;\">\u00abC\u00f3mo hacer para no so\u00f1ar? Ese tipo extra\u00f1o con piel de harina, solo tiene poder dentro de los sue\u00f1os. Pero si me da\u00f1a en ellos o muero dentro de esos sue\u00f1os, se que ya no despertar\u00e9. Mi cuerpo est\u00e1 cada vez m\u00e1s enfermo y me implora descanso. Temo que alguien de mi entorno acabe so\u00f1ando con esa cosa. No s\u00e9 cu\u00e1nto aguantar\u00e9 durmiendo sin dormir. Pobre del que sue\u00f1e con ese demonio. Pobre del que haga tratos con \u00e9l. Que Dios le proteja\u00bb.<\/p>\n<p><span style=\"font-family: impact, sans-serif;\">\u00a9 Ver\u00f3nica V\u00e1zquez<\/span><\/p>\n","protected":false},"excerpt":{"rendered":"<p>Ampli\u00f3 a treinta minutos de sue\u00f1o varias veces al d\u00eda. Albergaba la esperanza, de que en un breve tiempo pudiera so\u00f1ar sin volver a ver ese rostro t\u00e9trico en sus sue\u00f1os. Rogaba que se hubiera olvidado de \u00e9l, porque necesitaba dormir. Su madre estaba cada vez m\u00e1s preocupada por su hijo. \u00a1Casi pod\u00eda sentir el [&hellip;]<\/p>\n","protected":false},"author":1,"featured_media":16138,"comment_status":"open","ping_status":"closed","sticky":false,"template":"","format":"standard","meta":{"footnotes":""},"categories":[2099],"tags":[],"class_list":{"0":"post-16133","1":"post","2":"type-post","3":"status-publish","4":"format-standard","5":"has-post-thumbnail","7":"category-el-balon-rojo-n-entregas"},"yoast_head":"<!-- This site is optimized with the Yoast SEO plugin v27.4 - https:\/\/yoast.com\/product\/yoast-seo-wordpress\/ -->\n<title>El diario \u2013 Cap\u00edtulo 3 (El bal\u00f3n rojo) | HOJAS SUELTAS Peri\u00f3dico Cultural<\/title>\n<meta name=\"description\" content=\"BLOG \u00abEl miedo es mi tinta\u00bb NUEVO Cap\u00edtulo 3 - EL DIARIO, de la novela EL BL\u00d3N ROJO, de Ver\u00f3nica V\u00e1zquez\" \/>\n<meta name=\"robots\" content=\"index, follow, max-snippet:-1, max-image-preview:large, max-video-preview:-1\" \/>\n<link rel=\"canonical\" href=\"https:\/\/hojassueltas.es\/?p=16133\" \/>\n<meta property=\"og:locale\" content=\"es_ES\" \/>\n<meta property=\"og:type\" content=\"article\" \/>\n<meta property=\"og:title\" content=\"El diario \u2013 Cap\u00edtulo 3 (El bal\u00f3n rojo) | HOJAS SUELTAS Peri\u00f3dico Cultural\" \/>\n<meta property=\"og:description\" content=\"BLOG \u00abEl miedo es mi tinta\u00bb NUEVO Cap\u00edtulo 3 - EL DIARIO, de la novela EL BL\u00d3N ROJO, de Ver\u00f3nica V\u00e1zquez\" \/>\n<meta property=\"og:url\" content=\"https:\/\/hojassueltas.es\/?p=16133\" \/>\n<meta property=\"og:site_name\" content=\"HOJAS SUELTAS Peri\u00f3dico Cultural\" \/>\n<meta property=\"article:published_time\" content=\"2024-11-20T23:00:00+00:00\" \/>\n<meta property=\"article:modified_time\" content=\"2025-12-11T15:34:15+00:00\" \/>\n<meta property=\"og:image\" content=\"https:\/\/hojassueltas.es\/wp-content\/uploads\/2024\/11\/Capitulo-3_HS.png\" \/>\n\t<meta property=\"og:image:width\" content=\"1050\" \/>\n\t<meta property=\"og:image:height\" content=\"610\" \/>\n\t<meta property=\"og:image:type\" content=\"image\/png\" \/>\n<meta name=\"author\" content=\"Redacci\u00f3n\" \/>\n<meta name=\"twitter:card\" content=\"summary_large_image\" \/>\n<meta name=\"twitter:creator\" content=\"@HOJASSUELTAS22\" \/>\n<meta name=\"twitter:site\" content=\"@HOJASSUELTAS22\" \/>\n<meta name=\"twitter:label1\" content=\"Escrito por\" \/>\n\t<meta name=\"twitter:data1\" content=\"Redacci\u00f3n\" \/>\n\t<meta name=\"twitter:label2\" content=\"Tiempo de lectura\" \/>\n\t<meta name=\"twitter:data2\" content=\"2 minutos\" \/>\n<script type=\"application\/ld+json\" class=\"yoast-schema-graph\">{\"@context\":\"https:\\\/\\\/schema.org\",\"@graph\":[{\"@type\":[\"Article\",\"BlogPosting\"],\"@id\":\"https:\\\/\\\/hojassueltas.es\\\/?p=16133#article\",\"isPartOf\":{\"@id\":\"https:\\\/\\\/hojassueltas.es\\\/?p=16133\"},\"author\":{\"name\":\"Redacci\u00f3n\",\"@id\":\"https:\\\/\\\/hojassueltas.es\\\/#\\\/schema\\\/person\\\/f232bbdb834c61c90aff2245daa401c0\"},\"headline\":\"El diario \u2013 Cap\u00edtulo 3 (El bal\u00f3n rojo)\",\"datePublished\":\"2024-11-20T23:00:00+00:00\",\"dateModified\":\"2025-12-11T15:34:15+00:00\",\"mainEntityOfPage\":{\"@id\":\"https:\\\/\\\/hojassueltas.es\\\/?p=16133\"},\"wordCount\":352,\"commentCount\":0,\"publisher\":{\"@id\":\"https:\\\/\\\/hojassueltas.es\\\/#organization\"},\"image\":{\"@id\":\"https:\\\/\\\/hojassueltas.es\\\/?p=16133#primaryimage\"},\"thumbnailUrl\":\"https:\\\/\\\/hojassueltas.es\\\/wp-content\\\/uploads\\\/2024\\\/11\\\/Capitulo-3_HS.png\",\"articleSection\":[\"El Bal\u00f3n Rojo\"],\"inLanguage\":\"es\",\"potentialAction\":[{\"@type\":\"CommentAction\",\"name\":\"Comment\",\"target\":[\"https:\\\/\\\/hojassueltas.es\\\/?p=16133#respond\"]}]},{\"@type\":\"WebPage\",\"@id\":\"https:\\\/\\\/hojassueltas.es\\\/?p=16133\",\"url\":\"https:\\\/\\\/hojassueltas.es\\\/?p=16133\",\"name\":\"El diario \u2013 Cap\u00edtulo 3 (El bal\u00f3n rojo) | HOJAS SUELTAS Peri\u00f3dico Cultural\",\"isPartOf\":{\"@id\":\"https:\\\/\\\/hojassueltas.es\\\/#website\"},\"primaryImageOfPage\":{\"@id\":\"https:\\\/\\\/hojassueltas.es\\\/?p=16133#primaryimage\"},\"image\":{\"@id\":\"https:\\\/\\\/hojassueltas.es\\\/?p=16133#primaryimage\"},\"thumbnailUrl\":\"https:\\\/\\\/hojassueltas.es\\\/wp-content\\\/uploads\\\/2024\\\/11\\\/Capitulo-3_HS.png\",\"datePublished\":\"2024-11-20T23:00:00+00:00\",\"dateModified\":\"2025-12-11T15:34:15+00:00\",\"description\":\"BLOG \u00abEl miedo es mi tinta\u00bb NUEVO Cap\u00edtulo 3 - EL DIARIO, de la novela EL BL\u00d3N ROJO, de Ver\u00f3nica V\u00e1zquez\",\"breadcrumb\":{\"@id\":\"https:\\\/\\\/hojassueltas.es\\\/?p=16133#breadcrumb\"},\"inLanguage\":\"es\",\"potentialAction\":[{\"@type\":\"ReadAction\",\"target\":[\"https:\\\/\\\/hojassueltas.es\\\/?p=16133\"]}]},{\"@type\":\"ImageObject\",\"inLanguage\":\"es\",\"@id\":\"https:\\\/\\\/hojassueltas.es\\\/?p=16133#primaryimage\",\"url\":\"https:\\\/\\\/hojassueltas.es\\\/wp-content\\\/uploads\\\/2024\\\/11\\\/Capitulo-3_HS.png\",\"contentUrl\":\"https:\\\/\\\/hojassueltas.es\\\/wp-content\\\/uploads\\\/2024\\\/11\\\/Capitulo-3_HS.png\",\"width\":1050,\"height\":610},{\"@type\":\"BreadcrumbList\",\"@id\":\"https:\\\/\\\/hojassueltas.es\\\/?p=16133#breadcrumb\",\"itemListElement\":[{\"@type\":\"ListItem\",\"position\":1,\"name\":\"Portada\",\"item\":\"https:\\\/\\\/hojassueltas.es\\\/\"},{\"@type\":\"ListItem\",\"position\":2,\"name\":\"El diario \u2013 Cap\u00edtulo 3 (El bal\u00f3n rojo)\"}]},{\"@type\":\"WebSite\",\"@id\":\"https:\\\/\\\/hojassueltas.es\\\/#website\",\"url\":\"https:\\\/\\\/hojassueltas.es\\\/\",\"name\":\"HojasSueltas.es\",\"description\":\"GRANADA - Peri\u00f3dico Cultural\",\"publisher\":{\"@id\":\"https:\\\/\\\/hojassueltas.es\\\/#organization\"},\"alternateName\":\"H.S. Periodico Cultural\",\"potentialAction\":[{\"@type\":\"SearchAction\",\"target\":{\"@type\":\"EntryPoint\",\"urlTemplate\":\"https:\\\/\\\/hojassueltas.es\\\/?s={search_term_string}\"},\"query-input\":{\"@type\":\"PropertyValueSpecification\",\"valueRequired\":true,\"valueName\":\"search_term_string\"}}],\"inLanguage\":\"es\"},{\"@type\":\"Organization\",\"@id\":\"https:\\\/\\\/hojassueltas.es\\\/#organization\",\"name\":\"HOJAS SUELTAS - Peri\u00f3dico Cultural\",\"alternateName\":\"HS - HOJAS SUELTAS Peri\u00f3dico Cultural\",\"url\":\"https:\\\/\\\/hojassueltas.es\\\/\",\"logo\":{\"@type\":\"ImageObject\",\"inLanguage\":\"es\",\"@id\":\"https:\\\/\\\/hojassueltas.es\\\/#\\\/schema\\\/logo\\\/image\\\/\",\"url\":\"https:\\\/\\\/hojassueltas.es\\\/wp-content\\\/uploads\\\/2025\\\/08\\\/Icono-HS_2.png\",\"contentUrl\":\"https:\\\/\\\/hojassueltas.es\\\/wp-content\\\/uploads\\\/2025\\\/08\\\/Icono-HS_2.png\",\"width\":500,\"height\":500,\"caption\":\"HOJAS SUELTAS - Peri\u00f3dico Cultural\"},\"image\":{\"@id\":\"https:\\\/\\\/hojassueltas.es\\\/#\\\/schema\\\/logo\\\/image\\\/\"},\"sameAs\":[\"https:\\\/\\\/x.com\\\/HOJASSUELTAS22\"]},{\"@type\":\"Person\",\"@id\":\"https:\\\/\\\/hojassueltas.es\\\/#\\\/schema\\\/person\\\/f232bbdb834c61c90aff2245daa401c0\",\"name\":\"Redacci\u00f3n\",\"image\":{\"@type\":\"ImageObject\",\"inLanguage\":\"es\",\"@id\":\"https:\\\/\\\/hojassueltas.es\\\/wp-content\\\/uploads\\\/2026\\\/02\\\/Redaccion-2-96x96.png\",\"url\":\"https:\\\/\\\/hojassueltas.es\\\/wp-content\\\/uploads\\\/2026\\\/02\\\/Redaccion-2-96x96.png\",\"contentUrl\":\"https:\\\/\\\/hojassueltas.es\\\/wp-content\\\/uploads\\\/2026\\\/02\\\/Redaccion-2-96x96.png\",\"caption\":\"Redacci\u00f3n\"},\"description\":\"Redacci\u00f3n de HOJAS SUELTAS\",\"url\":\"https:\\\/\\\/hojassueltas.es\\\/?author=1\"}]}<\/script>\n<!-- \/ Yoast SEO plugin. -->","yoast_head_json":{"title":"El diario \u2013 Cap\u00edtulo 3 (El bal\u00f3n rojo) | HOJAS SUELTAS Peri\u00f3dico Cultural","description":"BLOG \u00abEl miedo es mi tinta\u00bb NUEVO Cap\u00edtulo 3 - EL DIARIO, de la novela EL BL\u00d3N ROJO, de Ver\u00f3nica V\u00e1zquez","robots":{"index":"index","follow":"follow","max-snippet":"max-snippet:-1","max-image-preview":"max-image-preview:large","max-video-preview":"max-video-preview:-1"},"canonical":"https:\/\/hojassueltas.es\/?p=16133","og_locale":"es_ES","og_type":"article","og_title":"El diario \u2013 Cap\u00edtulo 3 (El bal\u00f3n rojo) | HOJAS SUELTAS Peri\u00f3dico Cultural","og_description":"BLOG \u00abEl miedo es mi tinta\u00bb NUEVO Cap\u00edtulo 3 - EL DIARIO, de la novela EL BL\u00d3N ROJO, de Ver\u00f3nica V\u00e1zquez","og_url":"https:\/\/hojassueltas.es\/?p=16133","og_site_name":"HOJAS SUELTAS Peri\u00f3dico Cultural","article_published_time":"2024-11-20T23:00:00+00:00","article_modified_time":"2025-12-11T15:34:15+00:00","og_image":[{"width":1050,"height":610,"url":"https:\/\/hojassueltas.es\/wp-content\/uploads\/2024\/11\/Capitulo-3_HS.png","type":"image\/png"}],"author":"Redacci\u00f3n","twitter_card":"summary_large_image","twitter_creator":"@HOJASSUELTAS22","twitter_site":"@HOJASSUELTAS22","twitter_misc":{"Escrito por":"Redacci\u00f3n","Tiempo de lectura":"2 minutos"},"schema":{"@context":"https:\/\/schema.org","@graph":[{"@type":["Article","BlogPosting"],"@id":"https:\/\/hojassueltas.es\/?p=16133#article","isPartOf":{"@id":"https:\/\/hojassueltas.es\/?p=16133"},"author":{"name":"Redacci\u00f3n","@id":"https:\/\/hojassueltas.es\/#\/schema\/person\/f232bbdb834c61c90aff2245daa401c0"},"headline":"El diario \u2013 Cap\u00edtulo 3 (El bal\u00f3n rojo)","datePublished":"2024-11-20T23:00:00+00:00","dateModified":"2025-12-11T15:34:15+00:00","mainEntityOfPage":{"@id":"https:\/\/hojassueltas.es\/?p=16133"},"wordCount":352,"commentCount":0,"publisher":{"@id":"https:\/\/hojassueltas.es\/#organization"},"image":{"@id":"https:\/\/hojassueltas.es\/?p=16133#primaryimage"},"thumbnailUrl":"https:\/\/hojassueltas.es\/wp-content\/uploads\/2024\/11\/Capitulo-3_HS.png","articleSection":["El Bal\u00f3n Rojo"],"inLanguage":"es","potentialAction":[{"@type":"CommentAction","name":"Comment","target":["https:\/\/hojassueltas.es\/?p=16133#respond"]}]},{"@type":"WebPage","@id":"https:\/\/hojassueltas.es\/?p=16133","url":"https:\/\/hojassueltas.es\/?p=16133","name":"El diario \u2013 Cap\u00edtulo 3 (El bal\u00f3n rojo) | HOJAS SUELTAS Peri\u00f3dico Cultural","isPartOf":{"@id":"https:\/\/hojassueltas.es\/#website"},"primaryImageOfPage":{"@id":"https:\/\/hojassueltas.es\/?p=16133#primaryimage"},"image":{"@id":"https:\/\/hojassueltas.es\/?p=16133#primaryimage"},"thumbnailUrl":"https:\/\/hojassueltas.es\/wp-content\/uploads\/2024\/11\/Capitulo-3_HS.png","datePublished":"2024-11-20T23:00:00+00:00","dateModified":"2025-12-11T15:34:15+00:00","description":"BLOG \u00abEl miedo es mi tinta\u00bb NUEVO Cap\u00edtulo 3 - EL DIARIO, de la novela EL BL\u00d3N ROJO, de Ver\u00f3nica V\u00e1zquez","breadcrumb":{"@id":"https:\/\/hojassueltas.es\/?p=16133#breadcrumb"},"inLanguage":"es","potentialAction":[{"@type":"ReadAction","target":["https:\/\/hojassueltas.es\/?p=16133"]}]},{"@type":"ImageObject","inLanguage":"es","@id":"https:\/\/hojassueltas.es\/?p=16133#primaryimage","url":"https:\/\/hojassueltas.es\/wp-content\/uploads\/2024\/11\/Capitulo-3_HS.png","contentUrl":"https:\/\/hojassueltas.es\/wp-content\/uploads\/2024\/11\/Capitulo-3_HS.png","width":1050,"height":610},{"@type":"BreadcrumbList","@id":"https:\/\/hojassueltas.es\/?p=16133#breadcrumb","itemListElement":[{"@type":"ListItem","position":1,"name":"Portada","item":"https:\/\/hojassueltas.es\/"},{"@type":"ListItem","position":2,"name":"El diario \u2013 Cap\u00edtulo 3 (El bal\u00f3n rojo)"}]},{"@type":"WebSite","@id":"https:\/\/hojassueltas.es\/#website","url":"https:\/\/hojassueltas.es\/","name":"HojasSueltas.es","description":"GRANADA - Peri\u00f3dico Cultural","publisher":{"@id":"https:\/\/hojassueltas.es\/#organization"},"alternateName":"H.S. Periodico Cultural","potentialAction":[{"@type":"SearchAction","target":{"@type":"EntryPoint","urlTemplate":"https:\/\/hojassueltas.es\/?s={search_term_string}"},"query-input":{"@type":"PropertyValueSpecification","valueRequired":true,"valueName":"search_term_string"}}],"inLanguage":"es"},{"@type":"Organization","@id":"https:\/\/hojassueltas.es\/#organization","name":"HOJAS SUELTAS - Peri\u00f3dico Cultural","alternateName":"HS - HOJAS SUELTAS Peri\u00f3dico Cultural","url":"https:\/\/hojassueltas.es\/","logo":{"@type":"ImageObject","inLanguage":"es","@id":"https:\/\/hojassueltas.es\/#\/schema\/logo\/image\/","url":"https:\/\/hojassueltas.es\/wp-content\/uploads\/2025\/08\/Icono-HS_2.png","contentUrl":"https:\/\/hojassueltas.es\/wp-content\/uploads\/2025\/08\/Icono-HS_2.png","width":500,"height":500,"caption":"HOJAS SUELTAS - Peri\u00f3dico Cultural"},"image":{"@id":"https:\/\/hojassueltas.es\/#\/schema\/logo\/image\/"},"sameAs":["https:\/\/x.com\/HOJASSUELTAS22"]},{"@type":"Person","@id":"https:\/\/hojassueltas.es\/#\/schema\/person\/f232bbdb834c61c90aff2245daa401c0","name":"Redacci\u00f3n","image":{"@type":"ImageObject","inLanguage":"es","@id":"https:\/\/hojassueltas.es\/wp-content\/uploads\/2026\/02\/Redaccion-2-96x96.png","url":"https:\/\/hojassueltas.es\/wp-content\/uploads\/2026\/02\/Redaccion-2-96x96.png","contentUrl":"https:\/\/hojassueltas.es\/wp-content\/uploads\/2026\/02\/Redaccion-2-96x96.png","caption":"Redacci\u00f3n"},"description":"Redacci\u00f3n de HOJAS SUELTAS","url":"https:\/\/hojassueltas.es\/?author=1"}]}},"_links":{"self":[{"href":"https:\/\/hojassueltas.es\/index.php?rest_route=\/wp\/v2\/posts\/16133","targetHints":{"allow":["GET"]}}],"collection":[{"href":"https:\/\/hojassueltas.es\/index.php?rest_route=\/wp\/v2\/posts"}],"about":[{"href":"https:\/\/hojassueltas.es\/index.php?rest_route=\/wp\/v2\/types\/post"}],"author":[{"embeddable":true,"href":"https:\/\/hojassueltas.es\/index.php?rest_route=\/wp\/v2\/users\/1"}],"replies":[{"embeddable":true,"href":"https:\/\/hojassueltas.es\/index.php?rest_route=%2Fwp%2Fv2%2Fcomments&post=16133"}],"version-history":[{"count":2,"href":"https:\/\/hojassueltas.es\/index.php?rest_route=\/wp\/v2\/posts\/16133\/revisions"}],"predecessor-version":[{"id":16171,"href":"https:\/\/hojassueltas.es\/index.php?rest_route=\/wp\/v2\/posts\/16133\/revisions\/16171"}],"wp:featuredmedia":[{"embeddable":true,"href":"https:\/\/hojassueltas.es\/index.php?rest_route=\/wp\/v2\/media\/16138"}],"wp:attachment":[{"href":"https:\/\/hojassueltas.es\/index.php?rest_route=%2Fwp%2Fv2%2Fmedia&parent=16133"}],"wp:term":[{"taxonomy":"category","embeddable":true,"href":"https:\/\/hojassueltas.es\/index.php?rest_route=%2Fwp%2Fv2%2Fcategories&post=16133"},{"taxonomy":"post_tag","embeddable":true,"href":"https:\/\/hojassueltas.es\/index.php?rest_route=%2Fwp%2Fv2%2Ftags&post=16133"}],"curies":[{"name":"wp","href":"https:\/\/api.w.org\/{rel}","templated":true}]}}