{"id":16083,"date":"2024-11-19T00:00:05","date_gmt":"2024-11-18T23:00:05","guid":{"rendered":"https:\/\/hojassueltas.es\/?p=16083"},"modified":"2025-07-21T10:02:10","modified_gmt":"2025-07-21T09:02:10","slug":"fab-paris-le-salon-dart-celebrant-la-creativite-est-de-retour-a-paris-au-grand-palais","status":"publish","type":"post","link":"https:\/\/hojassueltas.es\/?p=16083","title":{"rendered":"FAB Paris, le salon d&#8217;art c\u00e9l\u00e9brant la cr\u00e9ativit\u00e9 est de retour \u00e0 Paris au Grand Palais"},"content":{"rendered":"<h3 style=\"text-align: justify;\">Le salon Fine Arts Paris &amp; La Biennale (FAB Paris) revient sur la capitale pour une troisi\u00e8me \u00e9dition prometteuse au Grand Palais du 22 au 27 novembre 2024. L&#8217;occasion de d\u00e9couvrir plus d&#8217;une centaine d&#8217;exposants dans le domaine de l&#8217;Art dans un lieu prestigieux.<\/h3>\n<p style=\"text-align: justify;\">C&#8217;est le grand retour du\u00a0<strong>salon<\/strong>\u00a0<strong>Fine Arts Paris &amp; La Biennale<\/strong>\u00a0pour une 3e \u00e9dition, apr\u00e8s le succ\u00e8s de ses \u00e9ditions pr\u00e9c\u00e9dentes, du 22 au 27 novembre 2024 au<strong>\u00a0Grand Palais<\/strong>. Pendant six jours, le salon\u00a0<strong>FAB Paris<\/strong>\u00a0r\u00e9unit plus d&#8217;une centaine d&#8217;exposants prestigieux incarnant l&#8217;\u00e9l\u00e9gance et le chic parisien,\u00a0avec des \u0153uvres qui couvrent plus de 2 000 ans de cr\u00e9ativit\u00e9 artistique.<\/p>\n<p style=\"text-align: justify;\">Apr\u00e8s plusieurs ann\u00e9es de travaux, le\u00a0Grand Palais\u00a0accueille pour la premi\u00e8re fois le\u00a0<strong>FAB Paris<\/strong>, ayant eu lieu au\u00a0Grand Palais Eph\u00e9m\u00e9re\u00a0lors des deux derni\u00e8res \u00e9ditions. Dans ce lieu prestigieux, FAB Paris 2024 expose des beaux-arts, du\u00a0mobilier, des\u00a0antiquit\u00e9s\u00a0et de la\u00a0joaillerie\u00a0et met \u00e9galement en avant de nouveaux exposants.\u00a0<strong>Fine Arts Paris &amp; La Biennale<\/strong>\u00a0est une combinaison de deux entit\u00e9s :\u00a0<strong>Fine Arts Paris<\/strong><strong>,<\/strong>\u00a0un salon n\u00e9 il y a cinq ans et une\u00a0r\u00e9f\u00e9rence sur le march\u00e9 de l\u2019art ancien et\u00a0<strong>La Biennale des Antiquaires<\/strong>, n\u00e9 en 1956 gr\u00e2ce \u00e0<strong>\u00a0Andr\u00e9 Malraux,<\/strong>\u00a0sp\u00e9cialis\u00e9 dans la joaillerie et dans l&#8217;art contemporain. Un m\u00e9lange qui permet aujourd&#8217;hui au salon FAB Paris de devenir un \u00e9v\u00e9nement international d&#8217;une ampleur importante.<\/p>\n<p style=\"text-align: justify;\">Le salon<strong>\u00a0FAB Paris 2024<\/strong>\u00a0au\u00a0<a href=\"https:\/\/www.sortiraparis.com\/lieux\/51737-grand-palais\" target=\"_blank\" rel=\"noopener\">Grand P<\/a>alais\u00a0permet aux acteurs du monde de l&#8217;art de se rencontrer et d&#8217;\u00e9changer lors de divers \u00e9v\u00e8nements pr\u00e9vus pour l&#8217;occasion tels qu&#8217;un\u00a0d\u00eener de gala, un vernissage exclusif, un programme VIP, des visites priv\u00e9es au sein des plus grands mus\u00e9es parisiens, un colloque international en partenariat avec le magazine Connaissance des Arts, un concert de la Fondation Gautier Capu\u00e7on etc&#8230;<\/p>\n<p style=\"text-align: justify;\"><strong>Dates et Horaires<\/strong><br \/>\nDu 22 novembre 2024 au 27 novembre 2024<\/p>\n<p style=\"text-align: justify;\"><strong>Lieu<\/strong><br \/>\nGrand Palais<br \/>\n3 Avenue du G\u00e9n\u00e9ral Eisenhower<br \/>\n75008\u00a0Paris 8<\/p>\n<p style=\"text-align: justify;\"><strong>Acc\u00e8s<\/strong><br \/>\nM\u00b0 Champs-Elys\u00e9es Clemenceau<\/p>\n<p style=\"text-align: justify;\"><strong>Tarifs<\/strong><br \/>\n&#8211; 18 ans : Gratuit<br \/>\n15\u20ac &#8211; 55\u20ac<\/p>\n<p><span style=\"font-family: impact, sans-serif;\">\u00a9 Sortir a Par\u00eds<\/span><\/p>\n","protected":false},"excerpt":{"rendered":"<p>Le salon Fine Arts Paris &amp; La Biennale (FAB Paris) revient sur la capitale pour une troisi\u00e8me \u00e9dition prometteuse au Grand Palais du 22 au 27 novembre 2024. L&#8217;occasion de d\u00e9couvrir plus d&#8217;une centaine d&#8217;exposants dans le domaine de l&#8217;Art dans un lieu prestigieux. C&#8217;est le grand retour du\u00a0salon\u00a0Fine Arts Paris &amp; La Biennale\u00a0pour une [&hellip;]<\/p>\n","protected":false},"author":1,"featured_media":16084,"comment_status":"open","ping_status":"closed","sticky":false,"template":"","format":"standard","meta":{"footnotes":""},"categories":[32],"tags":[],"class_list":{"0":"post-16083","1":"post","2":"type-post","3":"status-publish","4":"format-standard","5":"has-post-thumbnail","7":"category-panorama-cultural"},"yoast_head":"<!-- This site is optimized with the Yoast SEO plugin v27.4 - https:\/\/yoast.com\/product\/yoast-seo-wordpress\/ -->\n<title>FAB Paris, le salon d&#039;art c\u00e9l\u00e9brant la cr\u00e9ativit\u00e9 est de retour \u00e0 Paris au Grand Palais | HOJAS SUELTAS Peri\u00f3dico Cultural<\/title>\n<meta name=\"description\" content=\"ACTUALIDAD BELLAS ARTES: Le salon Fine Arts Paris &amp; La Biennale (FAB Paris) revient sur la capitale pour une troisi\u00e8me \u00e9dition prometteuse au Grand Palais du 22 au 27 novembre 2024.\" \/>\n<meta name=\"robots\" content=\"index, follow, max-snippet:-1, max-image-preview:large, max-video-preview:-1\" \/>\n<link rel=\"canonical\" href=\"https:\/\/hojassueltas.es\/?p=16083\" \/>\n<meta property=\"og:locale\" content=\"es_ES\" \/>\n<meta property=\"og:type\" content=\"article\" \/>\n<meta property=\"og:title\" content=\"FAB Paris, le salon d&#039;art c\u00e9l\u00e9brant la cr\u00e9ativit\u00e9 est de retour \u00e0 Paris au Grand Palais | HOJAS SUELTAS Peri\u00f3dico Cultural\" \/>\n<meta property=\"og:description\" content=\"ACTUALIDAD BELLAS ARTES: Le salon Fine Arts Paris &amp; La Biennale (FAB Paris) revient sur la capitale pour une troisi\u00e8me \u00e9dition prometteuse au Grand Palais du 22 au 27 novembre 2024.\" \/>\n<meta property=\"og:url\" content=\"https:\/\/hojassueltas.es\/?p=16083\" \/>\n<meta property=\"og:site_name\" content=\"HOJAS SUELTAS Peri\u00f3dico Cultural\" \/>\n<meta property=\"article:published_time\" content=\"2024-11-18T23:00:05+00:00\" \/>\n<meta property=\"article:modified_time\" content=\"2025-07-21T09:02:10+00:00\" \/>\n<meta property=\"og:image\" content=\"https:\/\/hojassueltas.es\/wp-content\/uploads\/2024\/11\/Grand-Palais_HS.png\" \/>\n\t<meta property=\"og:image:width\" content=\"1050\" \/>\n\t<meta property=\"og:image:height\" content=\"610\" \/>\n\t<meta property=\"og:image:type\" content=\"image\/png\" \/>\n<meta name=\"author\" content=\"Redacci\u00f3n\" \/>\n<meta name=\"twitter:card\" content=\"summary_large_image\" \/>\n<meta name=\"twitter:creator\" content=\"@HOJASSUELTAS22\" \/>\n<meta name=\"twitter:site\" content=\"@HOJASSUELTAS22\" \/>\n<meta name=\"twitter:label1\" content=\"Escrito por\" \/>\n\t<meta name=\"twitter:data1\" content=\"Redacci\u00f3n\" \/>\n\t<meta name=\"twitter:label2\" content=\"Tiempo de lectura\" \/>\n\t<meta name=\"twitter:data2\" content=\"2 minutos\" \/>\n<script type=\"application\/ld+json\" class=\"yoast-schema-graph\">{\"@context\":\"https:\\\/\\\/schema.org\",\"@graph\":[{\"@type\":[\"Article\",\"BlogPosting\"],\"@id\":\"https:\\\/\\\/hojassueltas.es\\\/?p=16083#article\",\"isPartOf\":{\"@id\":\"https:\\\/\\\/hojassueltas.es\\\/?p=16083\"},\"author\":{\"name\":\"Redacci\u00f3n\",\"@id\":\"https:\\\/\\\/hojassueltas.es\\\/#\\\/schema\\\/person\\\/f232bbdb834c61c90aff2245daa401c0\"},\"headline\":\"FAB Paris, le salon d&#8217;art c\u00e9l\u00e9brant la cr\u00e9ativit\u00e9 est de retour \u00e0 Paris au Grand Palais\",\"datePublished\":\"2024-11-18T23:00:05+00:00\",\"dateModified\":\"2025-07-21T09:02:10+00:00\",\"mainEntityOfPage\":{\"@id\":\"https:\\\/\\\/hojassueltas.es\\\/?p=16083\"},\"wordCount\":382,\"commentCount\":0,\"publisher\":{\"@id\":\"https:\\\/\\\/hojassueltas.es\\\/#organization\"},\"image\":{\"@id\":\"https:\\\/\\\/hojassueltas.es\\\/?p=16083#primaryimage\"},\"thumbnailUrl\":\"https:\\\/\\\/hojassueltas.es\\\/wp-content\\\/uploads\\\/2024\\\/11\\\/Grand-Palais_HS.png\",\"articleSection\":[\"PANORAMA CULTURAL\"],\"inLanguage\":\"es\",\"potentialAction\":[{\"@type\":\"CommentAction\",\"name\":\"Comment\",\"target\":[\"https:\\\/\\\/hojassueltas.es\\\/?p=16083#respond\"]}]},{\"@type\":\"WebPage\",\"@id\":\"https:\\\/\\\/hojassueltas.es\\\/?p=16083\",\"url\":\"https:\\\/\\\/hojassueltas.es\\\/?p=16083\",\"name\":\"FAB Paris, le salon d'art c\u00e9l\u00e9brant la cr\u00e9ativit\u00e9 est de retour \u00e0 Paris au Grand Palais | HOJAS SUELTAS Peri\u00f3dico Cultural\",\"isPartOf\":{\"@id\":\"https:\\\/\\\/hojassueltas.es\\\/#website\"},\"primaryImageOfPage\":{\"@id\":\"https:\\\/\\\/hojassueltas.es\\\/?p=16083#primaryimage\"},\"image\":{\"@id\":\"https:\\\/\\\/hojassueltas.es\\\/?p=16083#primaryimage\"},\"thumbnailUrl\":\"https:\\\/\\\/hojassueltas.es\\\/wp-content\\\/uploads\\\/2024\\\/11\\\/Grand-Palais_HS.png\",\"datePublished\":\"2024-11-18T23:00:05+00:00\",\"dateModified\":\"2025-07-21T09:02:10+00:00\",\"description\":\"ACTUALIDAD BELLAS ARTES: Le salon Fine Arts Paris & La Biennale (FAB Paris) revient sur la capitale pour une troisi\u00e8me \u00e9dition prometteuse au Grand Palais du 22 au 27 novembre 2024.\",\"breadcrumb\":{\"@id\":\"https:\\\/\\\/hojassueltas.es\\\/?p=16083#breadcrumb\"},\"inLanguage\":\"es\",\"potentialAction\":[{\"@type\":\"ReadAction\",\"target\":[\"https:\\\/\\\/hojassueltas.es\\\/?p=16083\"]}]},{\"@type\":\"ImageObject\",\"inLanguage\":\"es\",\"@id\":\"https:\\\/\\\/hojassueltas.es\\\/?p=16083#primaryimage\",\"url\":\"https:\\\/\\\/hojassueltas.es\\\/wp-content\\\/uploads\\\/2024\\\/11\\\/Grand-Palais_HS.png\",\"contentUrl\":\"https:\\\/\\\/hojassueltas.es\\\/wp-content\\\/uploads\\\/2024\\\/11\\\/Grand-Palais_HS.png\",\"width\":1050,\"height\":610},{\"@type\":\"BreadcrumbList\",\"@id\":\"https:\\\/\\\/hojassueltas.es\\\/?p=16083#breadcrumb\",\"itemListElement\":[{\"@type\":\"ListItem\",\"position\":1,\"name\":\"Portada\",\"item\":\"https:\\\/\\\/hojassueltas.es\\\/\"},{\"@type\":\"ListItem\",\"position\":2,\"name\":\"FAB Paris, le salon d&#8217;art c\u00e9l\u00e9brant la cr\u00e9ativit\u00e9 est de retour \u00e0 Paris au Grand Palais\"}]},{\"@type\":\"WebSite\",\"@id\":\"https:\\\/\\\/hojassueltas.es\\\/#website\",\"url\":\"https:\\\/\\\/hojassueltas.es\\\/\",\"name\":\"HojasSueltas.es\",\"description\":\"GRANADA - Peri\u00f3dico Cultural\",\"publisher\":{\"@id\":\"https:\\\/\\\/hojassueltas.es\\\/#organization\"},\"alternateName\":\"H.S. Periodico Cultural\",\"potentialAction\":[{\"@type\":\"SearchAction\",\"target\":{\"@type\":\"EntryPoint\",\"urlTemplate\":\"https:\\\/\\\/hojassueltas.es\\\/?s={search_term_string}\"},\"query-input\":{\"@type\":\"PropertyValueSpecification\",\"valueRequired\":true,\"valueName\":\"search_term_string\"}}],\"inLanguage\":\"es\"},{\"@type\":\"Organization\",\"@id\":\"https:\\\/\\\/hojassueltas.es\\\/#organization\",\"name\":\"HOJAS SUELTAS - Peri\u00f3dico Cultural\",\"alternateName\":\"HS - HOJAS SUELTAS Peri\u00f3dico Cultural\",\"url\":\"https:\\\/\\\/hojassueltas.es\\\/\",\"logo\":{\"@type\":\"ImageObject\",\"inLanguage\":\"es\",\"@id\":\"https:\\\/\\\/hojassueltas.es\\\/#\\\/schema\\\/logo\\\/image\\\/\",\"url\":\"https:\\\/\\\/hojassueltas.es\\\/wp-content\\\/uploads\\\/2025\\\/08\\\/Icono-HS_2.png\",\"contentUrl\":\"https:\\\/\\\/hojassueltas.es\\\/wp-content\\\/uploads\\\/2025\\\/08\\\/Icono-HS_2.png\",\"width\":500,\"height\":500,\"caption\":\"HOJAS SUELTAS - Peri\u00f3dico Cultural\"},\"image\":{\"@id\":\"https:\\\/\\\/hojassueltas.es\\\/#\\\/schema\\\/logo\\\/image\\\/\"},\"sameAs\":[\"https:\\\/\\\/x.com\\\/HOJASSUELTAS22\"]},{\"@type\":\"Person\",\"@id\":\"https:\\\/\\\/hojassueltas.es\\\/#\\\/schema\\\/person\\\/f232bbdb834c61c90aff2245daa401c0\",\"name\":\"Redacci\u00f3n\",\"image\":{\"@type\":\"ImageObject\",\"inLanguage\":\"es\",\"@id\":\"https:\\\/\\\/hojassueltas.es\\\/wp-content\\\/uploads\\\/2026\\\/02\\\/Redaccion-2-96x96.png\",\"url\":\"https:\\\/\\\/hojassueltas.es\\\/wp-content\\\/uploads\\\/2026\\\/02\\\/Redaccion-2-96x96.png\",\"contentUrl\":\"https:\\\/\\\/hojassueltas.es\\\/wp-content\\\/uploads\\\/2026\\\/02\\\/Redaccion-2-96x96.png\",\"caption\":\"Redacci\u00f3n\"},\"description\":\"Redacci\u00f3n de HOJAS SUELTAS\",\"url\":\"https:\\\/\\\/hojassueltas.es\\\/?author=1\"}]}<\/script>\n<!-- \/ Yoast SEO plugin. -->","yoast_head_json":{"title":"FAB Paris, le salon d'art c\u00e9l\u00e9brant la cr\u00e9ativit\u00e9 est de retour \u00e0 Paris au Grand Palais | HOJAS SUELTAS Peri\u00f3dico Cultural","description":"ACTUALIDAD BELLAS ARTES: Le salon Fine Arts Paris & La Biennale (FAB Paris) revient sur la capitale pour une troisi\u00e8me \u00e9dition prometteuse au Grand Palais du 22 au 27 novembre 2024.","robots":{"index":"index","follow":"follow","max-snippet":"max-snippet:-1","max-image-preview":"max-image-preview:large","max-video-preview":"max-video-preview:-1"},"canonical":"https:\/\/hojassueltas.es\/?p=16083","og_locale":"es_ES","og_type":"article","og_title":"FAB Paris, le salon d'art c\u00e9l\u00e9brant la cr\u00e9ativit\u00e9 est de retour \u00e0 Paris au Grand Palais | HOJAS SUELTAS Peri\u00f3dico Cultural","og_description":"ACTUALIDAD BELLAS ARTES: Le salon Fine Arts Paris & La Biennale (FAB Paris) revient sur la capitale pour une troisi\u00e8me \u00e9dition prometteuse au Grand Palais du 22 au 27 novembre 2024.","og_url":"https:\/\/hojassueltas.es\/?p=16083","og_site_name":"HOJAS SUELTAS Peri\u00f3dico Cultural","article_published_time":"2024-11-18T23:00:05+00:00","article_modified_time":"2025-07-21T09:02:10+00:00","og_image":[{"width":1050,"height":610,"url":"https:\/\/hojassueltas.es\/wp-content\/uploads\/2024\/11\/Grand-Palais_HS.png","type":"image\/png"}],"author":"Redacci\u00f3n","twitter_card":"summary_large_image","twitter_creator":"@HOJASSUELTAS22","twitter_site":"@HOJASSUELTAS22","twitter_misc":{"Escrito por":"Redacci\u00f3n","Tiempo de lectura":"2 minutos"},"schema":{"@context":"https:\/\/schema.org","@graph":[{"@type":["Article","BlogPosting"],"@id":"https:\/\/hojassueltas.es\/?p=16083#article","isPartOf":{"@id":"https:\/\/hojassueltas.es\/?p=16083"},"author":{"name":"Redacci\u00f3n","@id":"https:\/\/hojassueltas.es\/#\/schema\/person\/f232bbdb834c61c90aff2245daa401c0"},"headline":"FAB Paris, le salon d&#8217;art c\u00e9l\u00e9brant la cr\u00e9ativit\u00e9 est de retour \u00e0 Paris au Grand Palais","datePublished":"2024-11-18T23:00:05+00:00","dateModified":"2025-07-21T09:02:10+00:00","mainEntityOfPage":{"@id":"https:\/\/hojassueltas.es\/?p=16083"},"wordCount":382,"commentCount":0,"publisher":{"@id":"https:\/\/hojassueltas.es\/#organization"},"image":{"@id":"https:\/\/hojassueltas.es\/?p=16083#primaryimage"},"thumbnailUrl":"https:\/\/hojassueltas.es\/wp-content\/uploads\/2024\/11\/Grand-Palais_HS.png","articleSection":["PANORAMA CULTURAL"],"inLanguage":"es","potentialAction":[{"@type":"CommentAction","name":"Comment","target":["https:\/\/hojassueltas.es\/?p=16083#respond"]}]},{"@type":"WebPage","@id":"https:\/\/hojassueltas.es\/?p=16083","url":"https:\/\/hojassueltas.es\/?p=16083","name":"FAB Paris, le salon d'art c\u00e9l\u00e9brant la cr\u00e9ativit\u00e9 est de retour \u00e0 Paris au Grand Palais | HOJAS SUELTAS Peri\u00f3dico Cultural","isPartOf":{"@id":"https:\/\/hojassueltas.es\/#website"},"primaryImageOfPage":{"@id":"https:\/\/hojassueltas.es\/?p=16083#primaryimage"},"image":{"@id":"https:\/\/hojassueltas.es\/?p=16083#primaryimage"},"thumbnailUrl":"https:\/\/hojassueltas.es\/wp-content\/uploads\/2024\/11\/Grand-Palais_HS.png","datePublished":"2024-11-18T23:00:05+00:00","dateModified":"2025-07-21T09:02:10+00:00","description":"ACTUALIDAD BELLAS ARTES: Le salon Fine Arts Paris & La Biennale (FAB Paris) revient sur la capitale pour une troisi\u00e8me \u00e9dition prometteuse au Grand Palais du 22 au 27 novembre 2024.","breadcrumb":{"@id":"https:\/\/hojassueltas.es\/?p=16083#breadcrumb"},"inLanguage":"es","potentialAction":[{"@type":"ReadAction","target":["https:\/\/hojassueltas.es\/?p=16083"]}]},{"@type":"ImageObject","inLanguage":"es","@id":"https:\/\/hojassueltas.es\/?p=16083#primaryimage","url":"https:\/\/hojassueltas.es\/wp-content\/uploads\/2024\/11\/Grand-Palais_HS.png","contentUrl":"https:\/\/hojassueltas.es\/wp-content\/uploads\/2024\/11\/Grand-Palais_HS.png","width":1050,"height":610},{"@type":"BreadcrumbList","@id":"https:\/\/hojassueltas.es\/?p=16083#breadcrumb","itemListElement":[{"@type":"ListItem","position":1,"name":"Portada","item":"https:\/\/hojassueltas.es\/"},{"@type":"ListItem","position":2,"name":"FAB Paris, le salon d&#8217;art c\u00e9l\u00e9brant la cr\u00e9ativit\u00e9 est de retour \u00e0 Paris au Grand Palais"}]},{"@type":"WebSite","@id":"https:\/\/hojassueltas.es\/#website","url":"https:\/\/hojassueltas.es\/","name":"HojasSueltas.es","description":"GRANADA - Peri\u00f3dico Cultural","publisher":{"@id":"https:\/\/hojassueltas.es\/#organization"},"alternateName":"H.S. Periodico Cultural","potentialAction":[{"@type":"SearchAction","target":{"@type":"EntryPoint","urlTemplate":"https:\/\/hojassueltas.es\/?s={search_term_string}"},"query-input":{"@type":"PropertyValueSpecification","valueRequired":true,"valueName":"search_term_string"}}],"inLanguage":"es"},{"@type":"Organization","@id":"https:\/\/hojassueltas.es\/#organization","name":"HOJAS SUELTAS - Peri\u00f3dico Cultural","alternateName":"HS - HOJAS SUELTAS Peri\u00f3dico Cultural","url":"https:\/\/hojassueltas.es\/","logo":{"@type":"ImageObject","inLanguage":"es","@id":"https:\/\/hojassueltas.es\/#\/schema\/logo\/image\/","url":"https:\/\/hojassueltas.es\/wp-content\/uploads\/2025\/08\/Icono-HS_2.png","contentUrl":"https:\/\/hojassueltas.es\/wp-content\/uploads\/2025\/08\/Icono-HS_2.png","width":500,"height":500,"caption":"HOJAS SUELTAS - Peri\u00f3dico Cultural"},"image":{"@id":"https:\/\/hojassueltas.es\/#\/schema\/logo\/image\/"},"sameAs":["https:\/\/x.com\/HOJASSUELTAS22"]},{"@type":"Person","@id":"https:\/\/hojassueltas.es\/#\/schema\/person\/f232bbdb834c61c90aff2245daa401c0","name":"Redacci\u00f3n","image":{"@type":"ImageObject","inLanguage":"es","@id":"https:\/\/hojassueltas.es\/wp-content\/uploads\/2026\/02\/Redaccion-2-96x96.png","url":"https:\/\/hojassueltas.es\/wp-content\/uploads\/2026\/02\/Redaccion-2-96x96.png","contentUrl":"https:\/\/hojassueltas.es\/wp-content\/uploads\/2026\/02\/Redaccion-2-96x96.png","caption":"Redacci\u00f3n"},"description":"Redacci\u00f3n de HOJAS SUELTAS","url":"https:\/\/hojassueltas.es\/?author=1"}]}},"_links":{"self":[{"href":"https:\/\/hojassueltas.es\/index.php?rest_route=\/wp\/v2\/posts\/16083","targetHints":{"allow":["GET"]}}],"collection":[{"href":"https:\/\/hojassueltas.es\/index.php?rest_route=\/wp\/v2\/posts"}],"about":[{"href":"https:\/\/hojassueltas.es\/index.php?rest_route=\/wp\/v2\/types\/post"}],"author":[{"embeddable":true,"href":"https:\/\/hojassueltas.es\/index.php?rest_route=\/wp\/v2\/users\/1"}],"replies":[{"embeddable":true,"href":"https:\/\/hojassueltas.es\/index.php?rest_route=%2Fwp%2Fv2%2Fcomments&post=16083"}],"version-history":[{"count":1,"href":"https:\/\/hojassueltas.es\/index.php?rest_route=\/wp\/v2\/posts\/16083\/revisions"}],"predecessor-version":[{"id":16085,"href":"https:\/\/hojassueltas.es\/index.php?rest_route=\/wp\/v2\/posts\/16083\/revisions\/16085"}],"wp:featuredmedia":[{"embeddable":true,"href":"https:\/\/hojassueltas.es\/index.php?rest_route=\/wp\/v2\/media\/16084"}],"wp:attachment":[{"href":"https:\/\/hojassueltas.es\/index.php?rest_route=%2Fwp%2Fv2%2Fmedia&parent=16083"}],"wp:term":[{"taxonomy":"category","embeddable":true,"href":"https:\/\/hojassueltas.es\/index.php?rest_route=%2Fwp%2Fv2%2Fcategories&post=16083"},{"taxonomy":"post_tag","embeddable":true,"href":"https:\/\/hojassueltas.es\/index.php?rest_route=%2Fwp%2Fv2%2Ftags&post=16083"}],"curies":[{"name":"wp","href":"https:\/\/api.w.org\/{rel}","templated":true}]}}