{"id":16049,"date":"2024-11-14T00:00:41","date_gmt":"2024-11-13T23:00:41","guid":{"rendered":"https:\/\/hojassueltas.es\/?p=16049"},"modified":"2025-12-11T17:34:15","modified_gmt":"2025-12-11T15:34:15","slug":"capitulo-2-infierno","status":"publish","type":"post","link":"https:\/\/hojassueltas.es\/?p=16049","title":{"rendered":"EL BAL\u00d3N ROJO  Cap\u00edtulo 2 &#8211; INFIERNO"},"content":{"rendered":"<p style=\"text-align: right;\"><em>\u00abCuidado con las tijeras manchadas de sangre.<br \/>\n<\/em><em>En sus filos se hallan restos de cabellos y\u00a0 carne\u00bb<\/em><\/p>\n<p style=\"text-align: justify;\">Sus padres conoc\u00edan los problemas de sue\u00f1o de Ra\u00fal, pero a\u00fan no eran conscientes de la gravedad de su insomnio. Se manten\u00eda despierto con decenas de tazones de caf\u00e9 cargado. As\u00ed llevaba ya un mes desde su \u00faltima pesadilla. Sino quer\u00eda internarse en el mundo on\u00edrico con esas tijeras abiertas cerr\u00e1ndose en su cuello, deb\u00eda dejar de so\u00f1ar. El asustado joven, comprob\u00f3 que Piel de Harina, como \u00e9l lo apodaba por su extra\u00f1a piel, solo se le aparec\u00eda en sus sue\u00f1os, cuando dorm\u00eda profundamente y pod\u00eda hacerle da\u00f1o real, si lo her\u00eda so\u00f1ando.<\/p>\n<p style=\"text-align: justify;\">Era s\u00e1bado de madrugada. Ra\u00fal estaba sentado con los codos apoyados en la mesa de su escritorio, con la lamparita de noche encendida, ante a su diario de tapa marr\u00f3n. Sol\u00eda escribir en esa libreta, pero el contenido de las hojas se tornaron oscuras y sombr\u00edas desde que \u00e9l se le aparec\u00eda en sus sue\u00f1os.<\/p>\n<p style=\"text-align: justify;\">Ra\u00fal respiraba con cierta dificultad. Comenz\u00f3 a recordar todas las veces que hab\u00eda sufrido esas pesadillas, que estaban sesgando su salud f\u00edsica y mental, lentamente.<\/p>\n<p style=\"text-align: justify;\">Al principio, en sus sue\u00f1os, el hombre extra\u00f1o que recordaba a un mago macabro de un circo ambulante, se le aparec\u00eda al fondo de su calle observ\u00e1ndole fijamente. Vest\u00eda todo de negro, contrastando con esa pajarita de un rojo intenso, adherida a su jersey negro, y con\u00a0 la banda roja de su chistera negra. Sus ojos asemejaban a unas canicas\u00a0 llenas de sangre con unas pupilas extra\u00f1as. Su postura imp\u00e1vida y erguida, como cad\u00e1ver, resultaba aterradora.\u00a0 Ra\u00fal se alejaba lleno de miedo, pero era in\u00fatil. Cuando miraba hacia atr\u00e1s, ese mago extra\u00f1o con chistera, permanec\u00eda en la misma distancia.<\/p>\n<p style=\"text-align: justify;\">Pero la \u00faltima noche que so\u00f1\u00f3 con Piel de Harina, fue aterrador. El pobre joven crey\u00f3 que jam\u00e1s despertar\u00eda.<\/p>\n<p style=\"text-align: justify;\">Le invadieron recuerdos de los detalles aterradores de aquella pesadilla enfermiza..<\/p>\n<p style=\"text-align: justify;\">Ra\u00fal ya no se ve\u00eda en su calle. El escenario cambi\u00f3 radicalmente en el sue\u00f1o. Cre\u00eda estar dentro del mismo infierno,\u00a0 porque el escenario ante sus ojos era aterrador y tan amenazante como Piel de Harina. Ese lugar ol\u00eda nauseabundo. Entre sangre, carne corrompida y azufre. El cielo era una mezcla de negro intenso y rojo sangre, \u00abcomo su chistera\u00bb donde se escuchaban\u00a0 aleteos fuertes como aves gigantes. \u00abParecen soldados vigilando la entrada del infierno\u00bb reflexionaba para sus adentros.<\/p>\n<p style=\"text-align: justify;\">El terreno por el que caminaba era estrecho, tanto, que si perd\u00eda el equilibrio, caer\u00eda al abismo oscuro a ambos lados del camino. Lo que pisaba estaba cubierto de sangre viscosa coagulada. Sus suelas estaban impregnadas de esa sustancia nauseabunda y corrompida.\u00a0 Piel de Harina permanec\u00eda frente a \u00e9l observ\u00e1ndole como una estatua, como un cad\u00e1ver. Sin alma.<\/p>\n<p style=\"text-align: justify;\">Aterrado, escuchaba\u00a0 lamentos y gritos de dolor\u00a0 que proven\u00edan del fondo del abismo. Se asom\u00f3 temeroso y con estupor observ\u00f3\u00a0 millones de cabezas humanas. Millones de personas cubiertos por una niebla espesa oscura hasta sus cuellos. Gritaban de dolor desgarrador .De desesperaci\u00f3n. No pod\u00edan moverse. Y algo bajo esa niebla devoraba sus cuerpos. \u00abmillones de almas condenadas..\u00bb A su derecha millones de cad\u00e1veres flotaban en lagos de lava. Se retorc\u00edan carboniz\u00e1ndose, emitiendo hedores insoportables.<\/p>\n<p style=\"text-align: justify;\">Piel de Harina estaba ya solo a un metro de distancia de Ra\u00fal. La bestia, retir\u00f3 el sombrero negro de su cabeza, mostr\u00e1ndole una exagerada reverencia. Sus cabellos eran hilos gruesos de sangre coagulada\u00a0 y como\u00a0\u00a0 serpientes, se retorc\u00edan en su cabeza con vida propia. Ra\u00fal sinti\u00f3 unas arcadas terribles.\u00a0 Las\u00a0 manos\u00a0 de ese personaje parec\u00edan estar rebozadas en harina, como la piel de su cara. Repar\u00f3 en una especie de grumos adheridos sin disolver. El joven asustado, advirti\u00f3 que las palmas de aquel mago extra\u00f1o estaban manchadas de sangre.<\/p>\n<p style=\"text-align: justify;\">De golpe, un ej\u00e9rcito de cabezas empaladas en afiladas estacas, surgieron de la nada, detr\u00e1s de Piel de Harina.\u00a0 Lo miraban\u00a0 con ojos totalmente abiertos\u00a0 y profer\u00edan gritos aterradores. El suelo se ti\u00f1\u00f3 de\u00a0 un mar blanco de calaveras.<\/p>\n<p style=\"text-align: justify;\">Ra\u00fal respiraba con suma dificultad. Le faltaba el aire. Le dol\u00eda el pecho al respirar. Piel de Harina estaba tan cerca que pod\u00eda apreciar detalles de su rostro. Ese color blanco de su piel no era uniforme, y esos grumos repartidos por toda la cara, como pegotes de harina sin disolver, le produc\u00eda un rechazo infinito. El joven imaginaba cualquier cosa debajo de toda esa materia harinosa. Sospechaba que si le arrojara agua, surgir\u00eda su verdadera piel y seguro que estar\u00eda hecha de sangre gelatinosa, como sus retorcidos cabellos. Ra\u00fal se atrevi\u00f3 a hablarle, muerto de miedo. Todo su cuerpo temblaba. Y su voz balbuceaba.<\/p>\n<p style=\"text-align: justify;\">\u2014\u00bfQui\u00e9n eres?! \u00bfQu\u00e9 quieres de m\u00ed?! \u00bfD\u00f3nde estoy?! \u2014pregunt\u00f3\u00a0 con el poco valor que pod\u00eda transmitir. \u00bfPor qu\u00e9 apareces siempre\u00a0 en mis sue\u00f1os?<\/p>\n<p style=\"text-align: justify;\">El personaje perturbador, volvi\u00f3 a realizar una exagerada reverencia con su chistera, present\u00e1ndose con finos ademanes, que lo volv\u00edan\u00a0 a\u00fan m\u00e1s siniestro.<\/p>\n<p style=\"text-align: justify;\">\u2014Soy el demonio de los sue\u00f1os. El coleccionista de cabezas. El que tiene el poder sobre los muertos. Soy el mago del terror. Pero esta noche tengo mucha hambre y sed, Ra\u00fal..\u2014Contemplaba la cabeza de Ra\u00fal como si fuera un trofeo. Piel de Harina se qued\u00f3 inm\u00f3vil sosteniendo el sombrero negro en sus manos en sepulcral silencio.<\/p>\n<p style=\"text-align: justify;\">Unas ganas de vomitar le inundaron por el hedor a sangre corrompida, carne quemada y azufre. Vapores hirviendo empezaron a rodearle. Sent\u00eda mucho calor. Cada vez m\u00e1s cuerpos se retorc\u00edan en la lava del infierno. Gritos y m\u00e1s gritos en aquel averno maldito. Ra\u00fal caminaba con dificultad sobre calaveras, revent\u00e1ndolas a cada paso que daba, al tratar de alejarse de Piel de Harina.<\/p>\n<p style=\"text-align: justify;\">Las carcajadas espeluznantes de aquella bestia, se escucharon en todos los rincones de el infierno. La orquesta sinf\u00f3nica del abismo oscuro e infernal, expon\u00eda sus melod\u00edas perturbadoras. Piel de Harina observaba descaradamente a Ra\u00fal, con sus pupilas extra\u00f1as de demonio. Lo contemplaba alej\u00e1ndose sobre esas calaveras. Cu\u00e1nto le recordaba a ella, la mujer que se llev\u00f3 a\u00f1os atr\u00e1s&#8230;caus\u00e1ndole dolores infinitos, eternos, en las cloacas m\u00e1s profundas del infierno.<\/p>\n<p style=\"text-align: justify;\">\u2014\u00bfQuieres ver un truco de magia, Ra\u00fal? \u2014grit\u00f3 Piel de Harina detr\u00e1s del joven, mucho m\u00e1s amenazador.<\/p>\n<p style=\"text-align: justify;\">Ra\u00fal se detuvo enfrent\u00e1ndolo.<\/p>\n<p style=\"text-align: justify;\">Introdujo violentamente su espantosa mano y extrajo unas tijeras viejas de podar de hierro. Eran monstruosas en apariencia y en tama\u00f1o, como un brazo de longitud. Recordaba a esos objetos antiguos que se encontraban en barcos hundidos. Las sosten\u00eda por dos mangos cil\u00edndricos y las acariciaba como si tuvieran vida mientras sonre\u00eda a Ra\u00fal. El joven crey\u00f3 escuchar, at\u00f3nito, unos gemidos de aquellas siniestras tijeras. Su chistera negra de mago adornaba otra vez su cabeza. Las abr\u00eda y cerraba violentamente con esas manos enharinadas\u00a0 y manchadas de sangre . El filo de las tijeras era irregular. No parec\u00edan afiladas.\u00a1 Horrorizado observ\u00f3 trozos de carne con cabellos y manchas de sangre adheridos por los filos! Estaba ya tan cerca de esas tijeras que repar\u00f3 en el gran tornillo donde aparec\u00edan grabadas unas letras redondas alrededor.<\/p>\n<p style=\"text-align: justify;\"><em>MAGODELTERROR 1960 <\/em><\/p>\n<p style=\"text-align: justify;\">Lo memoriz\u00f3..<\/p>\n<p style=\"text-align: justify;\">Ra\u00fal gritaba desquiciado, repugnado por los restos nauseabundos que observaba en los filos de las tijeras. Su coraz\u00f3n pod\u00eda estallar. Sent\u00eda que iba a desmayarse en cualquier momento. La boca de Piel de Harina era una piscina de sangre. El coraz\u00f3n de Ra\u00fal lat\u00eda fren\u00e9tico. Su voz interior le advirti\u00f3 que deb\u00eda infligirse da\u00f1o para despertar o sus amigas las tijeras abrazar\u00edan fuerte su cuello.<\/p>\n<p style=\"text-align: justify;\">Ra\u00fal se mordi\u00f3 fuerte el labio hasta hacerlo sangrar. El dolor era\u00a0 inaguantable. Percibi\u00f3 el sabor de la sangre al brotar de la herida y escuch\u00f3 el eco de las tijeras\u00a0 del infierno\u00a0 cerca de su cuello mientras despertaba..<\/p>\n<p style=\"text-align: justify;\">El joven recordaba con detalle como abri\u00f3 los ojos aquella noche, despertando de esa pesadilla y en qu\u00e9 estado de puro terror y\u00a0 desesperaci\u00f3n se encontraba \u00e9l, plasm\u00e1ndolo en su diario. Recordaba con nitidez c\u00f3mo la luz de la lamparita de noche parpadeaba. Esa gota de sudor fr\u00edo que le recorri\u00f3 la frente y c\u00f3mo percib\u00eda a\u00fan la amenaza. El cansancio extremo que tuvo al levantarse y que ya no le abandonaba. Record\u00f3 que era a\u00fan de madrugada. Imperaba un gran silencio en toda la casa. Se desnud\u00f3. Su cuerpo sin ropa parec\u00eda m\u00e1s el de un ser decr\u00e9pito en sus \u00faltimas horas de vida. Si sus padres llegaran a verlo tan delgado lo ingresaban de cabeza en el hospital. Pero Ra\u00fal se vest\u00eda con varias camisetas debajo, disimulando su excesiva delgadez. Evocaba\u00a0 c\u00f3mo se mordi\u00f3 fuerte el labio hasta notar el sabor de la sangre. Solo con el dolor que se provoc\u00f3 consigui\u00f3 despertar aquella noche. Tuvo mucha suerte. Era consciente que su muerte no ser\u00eda r\u00e1pida. Aquellas tijeras de muerte no estaban afiladas. Era consciente que aquel demonio trajeado, ten\u00eda una fijaci\u00f3n extra\u00f1a con \u00e9l.<\/p>\n<p style=\"text-align: justify;\">Volvi\u00f3 de sus terribles recuerdos.\u00a0 Acarici\u00f3\u00a0 la cicatriz del labio. Desde aquella maldita noche, llevaba durmiendo solo diez minutos rodeado de alarmas. Un mes durmiendo sin dormir.\u00a0 Ra\u00fal se volvi\u00f3 una sombra de lo que era antes.\u00a0 No ten\u00eda fuerzas ni para caminar. Cuando antes de todo esa maldita locura, era un buen deportista y un joven en\u00e9rgico y vital. \u00c9l sent\u00eda fr\u00edo en los huesos. Tom\u00f3 la firme decisi\u00f3n, de atreverse\u00a0 a ampliar los tiempos de sue\u00f1o, empezando esa misma noche.<\/p>\n<p><span style=\"font-family: impact, sans-serif;\">\u00a9 Ver\u00f3nica V\u00e1zquez<\/span><\/p>\n","protected":false},"excerpt":{"rendered":"<p>\u00abCuidado con las tijeras manchadas de sangre. En sus filos se hallan restos de cabellos y\u00a0 carne\u00bb Sus padres conoc\u00edan los problemas de sue\u00f1o de Ra\u00fal, pero a\u00fan no eran conscientes de la gravedad de su insomnio. Se manten\u00eda despierto con decenas de tazones de caf\u00e9 cargado. As\u00ed llevaba ya un mes desde su \u00faltima [&hellip;]<\/p>\n","protected":false},"author":40,"featured_media":16054,"comment_status":"open","ping_status":"closed","sticky":false,"template":"","format":"standard","meta":{"footnotes":""},"categories":[2099],"tags":[],"class_list":{"0":"post-16049","1":"post","2":"type-post","3":"status-publish","4":"format-standard","5":"has-post-thumbnail","7":"category-el-balon-rojo-n-entregas"},"yoast_head":"<!-- This site is optimized with the Yoast SEO plugin v27.5 - https:\/\/yoast.com\/product\/yoast-seo-wordpress\/ -->\n<title>EL BAL\u00d3N ROJO Cap\u00edtulo 2 - INFIERNO | HOJAS SUELTAS Peri\u00f3dico Cultural<\/title>\n<meta name=\"description\" content=\"BLOG &quot;EL MIEDO ES MI TINTA&quot; Ver\u00f3nica V\u00e1zquez nos invita a seguir leyendo un nuevo cap\u00edtulo de &quot;EL BAL\u00d3N ROJO&quot;\" \/>\n<meta name=\"robots\" content=\"index, follow, max-snippet:-1, max-image-preview:large, max-video-preview:-1\" \/>\n<link rel=\"canonical\" href=\"https:\/\/hojassueltas.es\/?p=16049\" \/>\n<meta property=\"og:locale\" content=\"es_ES\" \/>\n<meta property=\"og:type\" content=\"article\" \/>\n<meta property=\"og:title\" content=\"EL BAL\u00d3N ROJO Cap\u00edtulo 2 - INFIERNO | HOJAS SUELTAS Peri\u00f3dico Cultural\" \/>\n<meta property=\"og:description\" content=\"BLOG &quot;EL MIEDO ES MI TINTA&quot; Ver\u00f3nica V\u00e1zquez nos invita a seguir leyendo un nuevo cap\u00edtulo de &quot;EL BAL\u00d3N ROJO&quot;\" \/>\n<meta property=\"og:url\" content=\"https:\/\/hojassueltas.es\/?p=16049\" \/>\n<meta property=\"og:site_name\" content=\"HOJAS SUELTAS Peri\u00f3dico Cultural\" \/>\n<meta property=\"article:published_time\" content=\"2024-11-13T23:00:41+00:00\" \/>\n<meta property=\"article:modified_time\" content=\"2025-12-11T15:34:15+00:00\" \/>\n<meta property=\"og:image\" content=\"https:\/\/hojassueltas.es\/wp-content\/uploads\/2024\/11\/Cap.2_INFIERNO_HS.png\" \/>\n\t<meta property=\"og:image:width\" content=\"1050\" \/>\n\t<meta property=\"og:image:height\" content=\"610\" \/>\n\t<meta property=\"og:image:type\" content=\"image\/png\" \/>\n<meta name=\"author\" content=\"Ver\u00f3nica V\u00e1zquez\" \/>\n<meta name=\"twitter:card\" content=\"summary_large_image\" \/>\n<meta name=\"twitter:creator\" content=\"@HOJASSUELTAS22\" \/>\n<meta name=\"twitter:site\" content=\"@HOJASSUELTAS22\" \/>\n<meta name=\"twitter:label1\" content=\"Escrito por\" \/>\n\t<meta name=\"twitter:data1\" content=\"Ver\u00f3nica V\u00e1zquez\" \/>\n\t<meta name=\"twitter:label2\" content=\"Tiempo de lectura\" \/>\n\t<meta name=\"twitter:data2\" content=\"8 minutos\" \/>\n<script type=\"application\/ld+json\" class=\"yoast-schema-graph\">{\"@context\":\"https:\\\/\\\/schema.org\",\"@graph\":[{\"@type\":[\"Article\",\"BlogPosting\"],\"@id\":\"https:\\\/\\\/hojassueltas.es\\\/?p=16049#article\",\"isPartOf\":{\"@id\":\"https:\\\/\\\/hojassueltas.es\\\/?p=16049\"},\"author\":{\"name\":\"Ver\u00f3nica V\u00e1zquez\",\"@id\":\"https:\\\/\\\/hojassueltas.es\\\/#\\\/schema\\\/person\\\/4c21892d9a305088d55a62ff59826d04\"},\"headline\":\"EL BAL\u00d3N ROJO Cap\u00edtulo 2 &#8211; INFIERNO\",\"datePublished\":\"2024-11-13T23:00:41+00:00\",\"dateModified\":\"2025-12-11T15:34:15+00:00\",\"mainEntityOfPage\":{\"@id\":\"https:\\\/\\\/hojassueltas.es\\\/?p=16049\"},\"wordCount\":1697,\"commentCount\":0,\"publisher\":{\"@id\":\"https:\\\/\\\/hojassueltas.es\\\/#organization\"},\"image\":{\"@id\":\"https:\\\/\\\/hojassueltas.es\\\/?p=16049#primaryimage\"},\"thumbnailUrl\":\"https:\\\/\\\/hojassueltas.es\\\/wp-content\\\/uploads\\\/2024\\\/11\\\/Cap.2_INFIERNO_HS.png\",\"articleSection\":[\"El Bal\u00f3n Rojo\"],\"inLanguage\":\"es\",\"potentialAction\":[{\"@type\":\"CommentAction\",\"name\":\"Comment\",\"target\":[\"https:\\\/\\\/hojassueltas.es\\\/?p=16049#respond\"]}]},{\"@type\":\"WebPage\",\"@id\":\"https:\\\/\\\/hojassueltas.es\\\/?p=16049\",\"url\":\"https:\\\/\\\/hojassueltas.es\\\/?p=16049\",\"name\":\"EL BAL\u00d3N ROJO Cap\u00edtulo 2 - INFIERNO | HOJAS SUELTAS Peri\u00f3dico Cultural\",\"isPartOf\":{\"@id\":\"https:\\\/\\\/hojassueltas.es\\\/#website\"},\"primaryImageOfPage\":{\"@id\":\"https:\\\/\\\/hojassueltas.es\\\/?p=16049#primaryimage\"},\"image\":{\"@id\":\"https:\\\/\\\/hojassueltas.es\\\/?p=16049#primaryimage\"},\"thumbnailUrl\":\"https:\\\/\\\/hojassueltas.es\\\/wp-content\\\/uploads\\\/2024\\\/11\\\/Cap.2_INFIERNO_HS.png\",\"datePublished\":\"2024-11-13T23:00:41+00:00\",\"dateModified\":\"2025-12-11T15:34:15+00:00\",\"description\":\"BLOG \\\"EL MIEDO ES MI TINTA\\\" Ver\u00f3nica V\u00e1zquez nos invita a seguir leyendo un nuevo cap\u00edtulo de \\\"EL BAL\u00d3N ROJO\\\"\",\"breadcrumb\":{\"@id\":\"https:\\\/\\\/hojassueltas.es\\\/?p=16049#breadcrumb\"},\"inLanguage\":\"es\",\"potentialAction\":[{\"@type\":\"ReadAction\",\"target\":[\"https:\\\/\\\/hojassueltas.es\\\/?p=16049\"]}]},{\"@type\":\"ImageObject\",\"inLanguage\":\"es\",\"@id\":\"https:\\\/\\\/hojassueltas.es\\\/?p=16049#primaryimage\",\"url\":\"https:\\\/\\\/hojassueltas.es\\\/wp-content\\\/uploads\\\/2024\\\/11\\\/Cap.2_INFIERNO_HS.png\",\"contentUrl\":\"https:\\\/\\\/hojassueltas.es\\\/wp-content\\\/uploads\\\/2024\\\/11\\\/Cap.2_INFIERNO_HS.png\",\"width\":1050,\"height\":610},{\"@type\":\"BreadcrumbList\",\"@id\":\"https:\\\/\\\/hojassueltas.es\\\/?p=16049#breadcrumb\",\"itemListElement\":[{\"@type\":\"ListItem\",\"position\":1,\"name\":\"Portada\",\"item\":\"https:\\\/\\\/hojassueltas.es\\\/\"},{\"@type\":\"ListItem\",\"position\":2,\"name\":\"EL BAL\u00d3N ROJO Cap\u00edtulo 2 &#8211; INFIERNO\"}]},{\"@type\":\"WebSite\",\"@id\":\"https:\\\/\\\/hojassueltas.es\\\/#website\",\"url\":\"https:\\\/\\\/hojassueltas.es\\\/\",\"name\":\"HojasSueltas.es\",\"description\":\"GRANADA - Peri\u00f3dico Cultural\",\"publisher\":{\"@id\":\"https:\\\/\\\/hojassueltas.es\\\/#organization\"},\"alternateName\":\"H.S. Periodico Cultural\",\"potentialAction\":[{\"@type\":\"SearchAction\",\"target\":{\"@type\":\"EntryPoint\",\"urlTemplate\":\"https:\\\/\\\/hojassueltas.es\\\/?s={search_term_string}\"},\"query-input\":{\"@type\":\"PropertyValueSpecification\",\"valueRequired\":true,\"valueName\":\"search_term_string\"}}],\"inLanguage\":\"es\"},{\"@type\":\"Organization\",\"@id\":\"https:\\\/\\\/hojassueltas.es\\\/#organization\",\"name\":\"HOJAS SUELTAS - Peri\u00f3dico Cultural\",\"alternateName\":\"HS - HOJAS SUELTAS Peri\u00f3dico Cultural\",\"url\":\"https:\\\/\\\/hojassueltas.es\\\/\",\"logo\":{\"@type\":\"ImageObject\",\"inLanguage\":\"es\",\"@id\":\"https:\\\/\\\/hojassueltas.es\\\/#\\\/schema\\\/logo\\\/image\\\/\",\"url\":\"https:\\\/\\\/hojassueltas.es\\\/wp-content\\\/uploads\\\/2025\\\/08\\\/Icono-HS_2.png\",\"contentUrl\":\"https:\\\/\\\/hojassueltas.es\\\/wp-content\\\/uploads\\\/2025\\\/08\\\/Icono-HS_2.png\",\"width\":500,\"height\":500,\"caption\":\"HOJAS SUELTAS - Peri\u00f3dico Cultural\"},\"image\":{\"@id\":\"https:\\\/\\\/hojassueltas.es\\\/#\\\/schema\\\/logo\\\/image\\\/\"},\"sameAs\":[\"https:\\\/\\\/x.com\\\/HOJASSUELTAS22\"]},{\"@type\":\"Person\",\"@id\":\"https:\\\/\\\/hojassueltas.es\\\/#\\\/schema\\\/person\\\/4c21892d9a305088d55a62ff59826d04\",\"name\":\"Ver\u00f3nica V\u00e1zquez\",\"image\":{\"@type\":\"ImageObject\",\"inLanguage\":\"es\",\"@id\":\"https:\\\/\\\/hojassueltas.es\\\/wp-content\\\/uploads\\\/2024\\\/10\\\/Imagen-2-96x96.jpg\",\"url\":\"https:\\\/\\\/hojassueltas.es\\\/wp-content\\\/uploads\\\/2024\\\/10\\\/Imagen-2-96x96.jpg\",\"contentUrl\":\"https:\\\/\\\/hojassueltas.es\\\/wp-content\\\/uploads\\\/2024\\\/10\\\/Imagen-2-96x96.jpg\",\"caption\":\"Ver\u00f3nica V\u00e1zquez\"},\"description\":\"Santiago de Compostela 1978. Tiene formaci\u00f3n y experiencia en secretariado. Pero su verdadera pasi\u00f3n siempre ha sido el cine y la literatura. Seguidora del g\u00e9nero de suspense. Tambi\u00e9n siente fascinaci\u00f3n por el c\u00f3mic de terror cl\u00e1sico consider\u00e1ndolo un exquisito arte. Gusta escribir sus historias como una pel\u00edcula. De gran imaginaci\u00f3n, en el a\u00f1o 2020 publica dos novelas de suspense en sello digital de Grupo Planeta, Click ediciones. En 2022 un audiolibro de \u00abLa sombra de Marcos\u00bb en plataforma Nextory. En 2023 comienza a realizar colaboraciones con microrrelatos de terror, en \u00abHojas Sueltas\u00bb En abril del 2023 gana convocatoria de relatos en la revista LO DESCONOCIDO con el relato de terror EL PASILLO. En junio del 2023 la productora indie TEATRO ROB\u00d3TICO DEL MISTERIO dramatiza en audio el relato de terror de infectados \u00a1CORRE!. En noviembre de 2023 gana convocatoria \u201cLa noche del lic\u00e1ntropo\u201d de la productora de audio LUX FERRE AUDIO con su relato de terror LA MONEDA DE PLATA para ser dramatizada en audio en el podcast Martes de Terror. En 2024 publica su novela de terror paranormal EL BAL\u00d3N ROJO en la web CALAMEO. En mayo del 2024 gana la convocatoria de relatos MIEDO EN CASA con su obra EL HOGAR DEL DIABLO, que ser\u00e1 publicada en una antolog\u00eda digital por la Red Municipal de Bibliotecas P\u00fablicas de Sevilla, Icas y el Ayuntamiento de Sevilla. En agosto del mismo a\u00f1o, gana la VIII convocatoria de relatos en la revista digital DRAG\u00d3N ESCRITOR con su microrrelato de terror TE PERTENECE. El fragmento de su novela de terror EL BAL\u00d3N ROJO se publica en la prestigiosa revista de M\u00e9xico \u201cdelatripa\u201d tambi\u00e9n en el mes de agosto de 2024 INSTAGRAM: Veronicavazquez_escritora \\\/ FACEBOOK: Ver\u00f3nica V\u00e1zquez ( El miedo es mi tinta) \\\/ X (Twitter) : @veronicav1978\",\"url\":\"https:\\\/\\\/hojassueltas.es\\\/?author=40\"}]}<\/script>\n<!-- \/ Yoast SEO plugin. -->","yoast_head_json":{"title":"EL BAL\u00d3N ROJO Cap\u00edtulo 2 - INFIERNO | HOJAS SUELTAS Peri\u00f3dico Cultural","description":"BLOG \"EL MIEDO ES MI TINTA\" Ver\u00f3nica V\u00e1zquez nos invita a seguir leyendo un nuevo cap\u00edtulo de \"EL BAL\u00d3N ROJO\"","robots":{"index":"index","follow":"follow","max-snippet":"max-snippet:-1","max-image-preview":"max-image-preview:large","max-video-preview":"max-video-preview:-1"},"canonical":"https:\/\/hojassueltas.es\/?p=16049","og_locale":"es_ES","og_type":"article","og_title":"EL BAL\u00d3N ROJO Cap\u00edtulo 2 - INFIERNO | HOJAS SUELTAS Peri\u00f3dico Cultural","og_description":"BLOG \"EL MIEDO ES MI TINTA\" Ver\u00f3nica V\u00e1zquez nos invita a seguir leyendo un nuevo cap\u00edtulo de \"EL BAL\u00d3N ROJO\"","og_url":"https:\/\/hojassueltas.es\/?p=16049","og_site_name":"HOJAS SUELTAS Peri\u00f3dico Cultural","article_published_time":"2024-11-13T23:00:41+00:00","article_modified_time":"2025-12-11T15:34:15+00:00","og_image":[{"width":1050,"height":610,"url":"https:\/\/hojassueltas.es\/wp-content\/uploads\/2024\/11\/Cap.2_INFIERNO_HS.png","type":"image\/png"}],"author":"Ver\u00f3nica V\u00e1zquez","twitter_card":"summary_large_image","twitter_creator":"@HOJASSUELTAS22","twitter_site":"@HOJASSUELTAS22","twitter_misc":{"Escrito por":"Ver\u00f3nica V\u00e1zquez","Tiempo de lectura":"8 minutos"},"schema":{"@context":"https:\/\/schema.org","@graph":[{"@type":["Article","BlogPosting"],"@id":"https:\/\/hojassueltas.es\/?p=16049#article","isPartOf":{"@id":"https:\/\/hojassueltas.es\/?p=16049"},"author":{"name":"Ver\u00f3nica V\u00e1zquez","@id":"https:\/\/hojassueltas.es\/#\/schema\/person\/4c21892d9a305088d55a62ff59826d04"},"headline":"EL BAL\u00d3N ROJO Cap\u00edtulo 2 &#8211; INFIERNO","datePublished":"2024-11-13T23:00:41+00:00","dateModified":"2025-12-11T15:34:15+00:00","mainEntityOfPage":{"@id":"https:\/\/hojassueltas.es\/?p=16049"},"wordCount":1697,"commentCount":0,"publisher":{"@id":"https:\/\/hojassueltas.es\/#organization"},"image":{"@id":"https:\/\/hojassueltas.es\/?p=16049#primaryimage"},"thumbnailUrl":"https:\/\/hojassueltas.es\/wp-content\/uploads\/2024\/11\/Cap.2_INFIERNO_HS.png","articleSection":["El Bal\u00f3n Rojo"],"inLanguage":"es","potentialAction":[{"@type":"CommentAction","name":"Comment","target":["https:\/\/hojassueltas.es\/?p=16049#respond"]}]},{"@type":"WebPage","@id":"https:\/\/hojassueltas.es\/?p=16049","url":"https:\/\/hojassueltas.es\/?p=16049","name":"EL BAL\u00d3N ROJO Cap\u00edtulo 2 - INFIERNO | HOJAS SUELTAS Peri\u00f3dico Cultural","isPartOf":{"@id":"https:\/\/hojassueltas.es\/#website"},"primaryImageOfPage":{"@id":"https:\/\/hojassueltas.es\/?p=16049#primaryimage"},"image":{"@id":"https:\/\/hojassueltas.es\/?p=16049#primaryimage"},"thumbnailUrl":"https:\/\/hojassueltas.es\/wp-content\/uploads\/2024\/11\/Cap.2_INFIERNO_HS.png","datePublished":"2024-11-13T23:00:41+00:00","dateModified":"2025-12-11T15:34:15+00:00","description":"BLOG \"EL MIEDO ES MI TINTA\" Ver\u00f3nica V\u00e1zquez nos invita a seguir leyendo un nuevo cap\u00edtulo de \"EL BAL\u00d3N ROJO\"","breadcrumb":{"@id":"https:\/\/hojassueltas.es\/?p=16049#breadcrumb"},"inLanguage":"es","potentialAction":[{"@type":"ReadAction","target":["https:\/\/hojassueltas.es\/?p=16049"]}]},{"@type":"ImageObject","inLanguage":"es","@id":"https:\/\/hojassueltas.es\/?p=16049#primaryimage","url":"https:\/\/hojassueltas.es\/wp-content\/uploads\/2024\/11\/Cap.2_INFIERNO_HS.png","contentUrl":"https:\/\/hojassueltas.es\/wp-content\/uploads\/2024\/11\/Cap.2_INFIERNO_HS.png","width":1050,"height":610},{"@type":"BreadcrumbList","@id":"https:\/\/hojassueltas.es\/?p=16049#breadcrumb","itemListElement":[{"@type":"ListItem","position":1,"name":"Portada","item":"https:\/\/hojassueltas.es\/"},{"@type":"ListItem","position":2,"name":"EL BAL\u00d3N ROJO Cap\u00edtulo 2 &#8211; INFIERNO"}]},{"@type":"WebSite","@id":"https:\/\/hojassueltas.es\/#website","url":"https:\/\/hojassueltas.es\/","name":"HojasSueltas.es","description":"GRANADA - Peri\u00f3dico Cultural","publisher":{"@id":"https:\/\/hojassueltas.es\/#organization"},"alternateName":"H.S. Periodico Cultural","potentialAction":[{"@type":"SearchAction","target":{"@type":"EntryPoint","urlTemplate":"https:\/\/hojassueltas.es\/?s={search_term_string}"},"query-input":{"@type":"PropertyValueSpecification","valueRequired":true,"valueName":"search_term_string"}}],"inLanguage":"es"},{"@type":"Organization","@id":"https:\/\/hojassueltas.es\/#organization","name":"HOJAS SUELTAS - Peri\u00f3dico Cultural","alternateName":"HS - HOJAS SUELTAS Peri\u00f3dico Cultural","url":"https:\/\/hojassueltas.es\/","logo":{"@type":"ImageObject","inLanguage":"es","@id":"https:\/\/hojassueltas.es\/#\/schema\/logo\/image\/","url":"https:\/\/hojassueltas.es\/wp-content\/uploads\/2025\/08\/Icono-HS_2.png","contentUrl":"https:\/\/hojassueltas.es\/wp-content\/uploads\/2025\/08\/Icono-HS_2.png","width":500,"height":500,"caption":"HOJAS SUELTAS - Peri\u00f3dico Cultural"},"image":{"@id":"https:\/\/hojassueltas.es\/#\/schema\/logo\/image\/"},"sameAs":["https:\/\/x.com\/HOJASSUELTAS22"]},{"@type":"Person","@id":"https:\/\/hojassueltas.es\/#\/schema\/person\/4c21892d9a305088d55a62ff59826d04","name":"Ver\u00f3nica V\u00e1zquez","image":{"@type":"ImageObject","inLanguage":"es","@id":"https:\/\/hojassueltas.es\/wp-content\/uploads\/2024\/10\/Imagen-2-96x96.jpg","url":"https:\/\/hojassueltas.es\/wp-content\/uploads\/2024\/10\/Imagen-2-96x96.jpg","contentUrl":"https:\/\/hojassueltas.es\/wp-content\/uploads\/2024\/10\/Imagen-2-96x96.jpg","caption":"Ver\u00f3nica V\u00e1zquez"},"description":"Santiago de Compostela 1978. Tiene formaci\u00f3n y experiencia en secretariado. Pero su verdadera pasi\u00f3n siempre ha sido el cine y la literatura. Seguidora del g\u00e9nero de suspense. Tambi\u00e9n siente fascinaci\u00f3n por el c\u00f3mic de terror cl\u00e1sico consider\u00e1ndolo un exquisito arte. Gusta escribir sus historias como una pel\u00edcula. De gran imaginaci\u00f3n, en el a\u00f1o 2020 publica dos novelas de suspense en sello digital de Grupo Planeta, Click ediciones. En 2022 un audiolibro de \u00abLa sombra de Marcos\u00bb en plataforma Nextory. En 2023 comienza a realizar colaboraciones con microrrelatos de terror, en \u00abHojas Sueltas\u00bb En abril del 2023 gana convocatoria de relatos en la revista LO DESCONOCIDO con el relato de terror EL PASILLO. En junio del 2023 la productora indie TEATRO ROB\u00d3TICO DEL MISTERIO dramatiza en audio el relato de terror de infectados \u00a1CORRE!. En noviembre de 2023 gana convocatoria \u201cLa noche del lic\u00e1ntropo\u201d de la productora de audio LUX FERRE AUDIO con su relato de terror LA MONEDA DE PLATA para ser dramatizada en audio en el podcast Martes de Terror. En 2024 publica su novela de terror paranormal EL BAL\u00d3N ROJO en la web CALAMEO. En mayo del 2024 gana la convocatoria de relatos MIEDO EN CASA con su obra EL HOGAR DEL DIABLO, que ser\u00e1 publicada en una antolog\u00eda digital por la Red Municipal de Bibliotecas P\u00fablicas de Sevilla, Icas y el Ayuntamiento de Sevilla. En agosto del mismo a\u00f1o, gana la VIII convocatoria de relatos en la revista digital DRAG\u00d3N ESCRITOR con su microrrelato de terror TE PERTENECE. El fragmento de su novela de terror EL BAL\u00d3N ROJO se publica en la prestigiosa revista de M\u00e9xico \u201cdelatripa\u201d tambi\u00e9n en el mes de agosto de 2024 INSTAGRAM: Veronicavazquez_escritora \/ FACEBOOK: Ver\u00f3nica V\u00e1zquez ( El miedo es mi tinta) \/ X (Twitter) : @veronicav1978","url":"https:\/\/hojassueltas.es\/?author=40"}]}},"_links":{"self":[{"href":"https:\/\/hojassueltas.es\/index.php?rest_route=\/wp\/v2\/posts\/16049","targetHints":{"allow":["GET"]}}],"collection":[{"href":"https:\/\/hojassueltas.es\/index.php?rest_route=\/wp\/v2\/posts"}],"about":[{"href":"https:\/\/hojassueltas.es\/index.php?rest_route=\/wp\/v2\/types\/post"}],"author":[{"embeddable":true,"href":"https:\/\/hojassueltas.es\/index.php?rest_route=\/wp\/v2\/users\/40"}],"replies":[{"embeddable":true,"href":"https:\/\/hojassueltas.es\/index.php?rest_route=%2Fwp%2Fv2%2Fcomments&post=16049"}],"version-history":[{"count":3,"href":"https:\/\/hojassueltas.es\/index.php?rest_route=\/wp\/v2\/posts\/16049\/revisions"}],"predecessor-version":[{"id":16069,"href":"https:\/\/hojassueltas.es\/index.php?rest_route=\/wp\/v2\/posts\/16049\/revisions\/16069"}],"wp:featuredmedia":[{"embeddable":true,"href":"https:\/\/hojassueltas.es\/index.php?rest_route=\/wp\/v2\/media\/16054"}],"wp:attachment":[{"href":"https:\/\/hojassueltas.es\/index.php?rest_route=%2Fwp%2Fv2%2Fmedia&parent=16049"}],"wp:term":[{"taxonomy":"category","embeddable":true,"href":"https:\/\/hojassueltas.es\/index.php?rest_route=%2Fwp%2Fv2%2Fcategories&post=16049"},{"taxonomy":"post_tag","embeddable":true,"href":"https:\/\/hojassueltas.es\/index.php?rest_route=%2Fwp%2Fv2%2Ftags&post=16049"}],"curies":[{"name":"wp","href":"https:\/\/api.w.org\/{rel}","templated":true}]}}