{"id":15906,"date":"2024-11-02T04:00:58","date_gmt":"2024-11-02T03:00:58","guid":{"rendered":"https:\/\/hojassueltas.es\/?p=15906"},"modified":"2025-12-11T17:31:46","modified_gmt":"2025-12-11T15:31:46","slug":"el-pasillo","status":"publish","type":"post","link":"https:\/\/hojassueltas.es\/?p=15906","title":{"rendered":"El pasillo"},"content":{"rendered":"<p style=\"text-align: justify;\"><strong>Relato ganador del certamen convocado por la revista \u00abLo desconocido\u00bb<\/strong><\/p>\n<p style=\"text-align: justify;\">Julia observaba aquel pasillo oscuro desde el gran sal\u00f3n.<\/p>\n<p style=\"text-align: justify;\">Una amiga sensitiva, le explic\u00f3 una vez que los pasillos oscuros eran puertas abiertas a entes malignos. Siempre se deb\u00eda tener una vela blanca encendida, pues las velas limpiaban de malas energ\u00edas.<\/p>\n<p style=\"text-align: justify;\">Pero esa noche la vela se apag\u00f3 y no se atrevi\u00f3 a encenderla ya que crey\u00f3 ver una sombra inm\u00f3vil que parec\u00eda observarla fijamente. Una figura oscura flotando, sin piernas.<\/p>\n<p style=\"text-align: justify;\">Abri\u00f3 y cerr\u00f3 los ojos varias veces. Dej\u00f3 de verla.<\/p>\n<p style=\"text-align: justify;\">Llam\u00f3 a su hermana invadida por la inquietud.<\/p>\n<p style=\"text-align: justify;\">\u2014Rosa, me inquieta mi pasillo. Me inquieta de verdad. Cuando lo recorro se me erizan los vellos de la piel \u2014dijo Julia por tel\u00e9fono\u2014. Ya sabes que llevo un tiempo sintiendo estas malas vibraciones. \u00bfPuedes acercarte hoy con esa tabla de la Ouija? S\u00ed. Quiero saber si hay algo en esta casa. Necesito saberlo. Gracias Rosa. \u00bfEsta misma noche? Vale. Te espero.<\/p>\n<p style=\"text-align: justify;\">Julia cort\u00f3 la comunicaci\u00f3n observando con temor aquel pasillo oscuro. Aquella casa cuando atardec\u00eda se quedaba ya en penumbra. S\u00fabitamente percibi\u00f3 otra vez la larga figura oscura inm\u00f3vil al final del pasillo. Sinti\u00f3 con pavor, que aquello la observaba fijamente. Y ya no dejaba de hacerlo.<\/p>\n<p style=\"text-align: justify;\">Rosa despoj\u00f3 del pl\u00e1stico arrugado, aquella tabla de la Ouija, y se qued\u00f3 pensativa mir\u00e1ndolo. Lo adquiri\u00f3 d\u00edas atr\u00e1s en una tienda de segunda mano. Recordaba las palabras del tendero como el momento en que lo compr\u00f3.<\/p>\n<p style=\"text-align: justify;\">\u2014Me lo vendi\u00f3 una se\u00f1ora que practicaba a diario el espiritismo. Me coment\u00f3 que su tabla ol\u00eda siempre a cereza excepto cuando en sus sesiones conectaba con alg\u00fan ente oscuro. Entonces ol\u00eda a un azufre intenso y ten\u00eda que cerrar de golpe la sesi\u00f3n.<\/p>\n<p style=\"text-align: justify;\">Rosa acerc\u00f3 la tabla a su nariz ante el tendero. Ol\u00eda delicioso, a dulce cereza. Era de madera oscura y las letras se hallaban grabadas en un rojo intenso.<\/p>\n<p style=\"text-align: justify;\">\u2014Le pas\u00f3 algo muy gordo. No quiso darme detalles. Por eso se desprendi\u00f3 de esta tabla. Pero me dej\u00f3 un tel\u00e9fono por si alguien la adquir\u00eda. \u2014Dijo el se\u00f1or.<\/p>\n<p style=\"text-align: justify;\">La joven no dud\u00f3 en hacerse con aquella joya y anot\u00f3 en un papel el n\u00famero de la antigua propietaria<\/p>\n<p style=\"text-align: justify;\">Abandon\u00f3 el establecimiento bajo la mirada curiosa del tendero.<\/p>\n<p style=\"text-align: justify;\">Rosa regres\u00f3 de sus pensamientos y decidi\u00f3 buscar aquel n\u00famero de tel\u00e9fono que le facilit\u00f3 el tendero. Llamar\u00eda a aquella mujer antes de visitar a su hermana. Percibi\u00f3 a Julia muy asustada con ese pasillo. La dej\u00f3 preocupada. Y aquella se\u00f1ora podr\u00eda ayudarlas si era M\u00e9dium. O al menos aconsejarlas.<\/p>\n<p style=\"text-align: justify;\">\u2014Hola. Buenas noches. Siento molestarla. Me llamo Rosa. Usted vendi\u00f3 una tabla de la Ouija en una tienda de antig\u00fcedades hace unos d\u00edas. Una tabla que desprende olor a cereza. Yo la adquir\u00ed, pero necesito que me informe de algo.<\/p>\n<p style=\"text-align: justify;\">\u2014D\u00edgame Se\u00f1orita. Ver\u00e9 si puedo ayudarla.<\/p>\n<p style=\"text-align: justify;\">\u2014Me dijeron que usted hac\u00eda sesiones de espiritismo pero que le sucedi\u00f3 algo grave y que decidi\u00f3 vender la Ouija.<\/p>\n<p style=\"text-align: justify;\">\u2014S\u00ed. \u2014respondi\u00f3 cortante.<\/p>\n<p style=\"text-align: justify;\">\u2014Mire. No s\u00e9 c\u00f3mo decirle esto. Mi hermana lleva un tiempo que siente terror por el pasillo de su casa. Percibe que hay algo malo. Como una sombra. Se le erizan los vellos de la piel al recorrerlo.<\/p>\n<p style=\"text-align: justify;\">\u2014El pasillo est\u00e1 a oscuras o siempre hay luz en \u00e9l \u2014pregunt\u00f3 la m\u00e9dium.<\/p>\n<p style=\"text-align: justify;\">\u2014Desde un tiempo para aqu\u00ed tiene siempre una vela blanca encendida, desde que una amiga sensitiva se lo aconsej\u00f3.<\/p>\n<p style=\"text-align: justify;\">\u2014Pero antes, entiendo que pasaba mucho tiempo a oscuras su pasillo \u00bfverdad?<\/p>\n<p style=\"text-align: justify;\">Hubo un silencio que rompi\u00f3 la m\u00e9dium<\/p>\n<p style=\"text-align: justify;\">\u2014En ese tiempo un ente maligno pudo acceder a nuestro plano. Existen pasillos que son puertas abiertas se\u00f1orita, puertas abiertas a entes oscuros y deben estar siempre protegidos con velas blancas. Las velas blancas ayudan a expulsar las sombras.<\/p>\n<p style=\"text-align: justify;\">Otro silencio<\/p>\n<p style=\"text-align: justify;\">\u2014Si su hermana percibe algo malo en su pasillo, es porque existe algo malo en su pasillo. As\u00ed de simple. Las personas debieran fiarse m\u00e1s de sus percepciones. Entiendo que tambi\u00e9n me llama porque desea hacer una sesi\u00f3n de Ouija con una m\u00e9dium profesional, pero le informo con pesar que ya no ejerzo.<\/p>\n<p style=\"text-align: justify;\">\u2014Lo entiendo.<\/p>\n<p style=\"text-align: justify;\">\u2014Pero le dir\u00e9 algo. Tenga bien presente mis palabras. Mientras la tabla huela a cereza no habr\u00e1 ning\u00fan problema, pero \u00a1Oh! C\u00f3mo abandone ese olor dulce \u00a1Temed entonces! Porque vendr\u00e1 el olor a azufre y si huele a azufre significa que habr\u00e9is hecho contacto con un demonio. \u00a1Mucho cuidado!<\/p>\n<p style=\"text-align: justify;\">Anocheci\u00f3 y Rosa se dirigi\u00f3 a casa de Julia. Portaba en su mano derecha la tabla dentro de una bolsa blanca.<\/p>\n<p style=\"text-align: justify;\">&lt;&lt;\u00a1Mucho cuidado!&gt;&gt;<\/p>\n<p style=\"text-align: justify;\">Solo tuvo que recorrer tres calles y poco despu\u00e9s estaba ya timbrando. Julia le abri\u00f3 al instante. Subi\u00f3 a la s\u00e9ptima planta por el viejo ascensor. Al salir del elevador comprob\u00f3 que la puerta de Julia se hallaba ya entreabierta.<\/p>\n<p style=\"text-align: justify;\">Llam\u00f3 a su hermana, pero no recibi\u00f3 respuesta, recorriendo todas las habitaciones. Confirm\u00f3 con inquietud que no hab\u00eda nadie. Llam\u00f3 a su tel\u00e9fono y le dej\u00f3 un mensaje en el buz\u00f3n de voz. Luego deposit\u00f3 la tabla de la Ouija en la mesa de cristal del sal\u00f3n y guard\u00f3 asiento en el gran sill\u00f3n marr\u00f3n.<\/p>\n<p style=\"text-align: justify;\">La inquietud y la preocupaci\u00f3n comenzaron a apoderarse de la joven Rosa. Encendi\u00f3 las luces y se acerc\u00f3 a la cocina, atravesando aquel pasillo, para servirse un vaso de agua, pero al regresar al sal\u00f3n, fij\u00f3 su vista en la mesa de cristal. Con estupor observ\u00f3 la tabla de la Ouija boca abajo.<\/p>\n<p style=\"text-align: justify;\">\u2014\u00a1Muy graciosa Julia! \u00bfD\u00f3nde est\u00e1s escondida? \u2014exclam\u00f3 Rosa en alto, un tanto inquieta, pero la casa se hallaba en el m\u00e1s completo silencio.<\/p>\n<p style=\"text-align: justify;\">Dirigi\u00f3 la mirada al pasillo que segu\u00eda iluminado por la luz artificial y crey\u00f3 ver de repente una figura alta y oscura que lo recorr\u00eda flotando. Temerosa se levant\u00f3 del sill\u00f3n para acercarse, y repentinamente un olor repugnante inund\u00f3 el sal\u00f3n. Proven\u00eda de la tabla de la Ouija.<\/p>\n<p style=\"text-align: justify;\">\u2014\u00a1Olor a azufre! \u2014Exclam\u00f3 Rosa recordando las palabras de la m\u00e9dium. &lt;&lt;Contacto con un demonio..&gt;&gt;<\/p>\n<p style=\"text-align: justify;\">Se dirigi\u00f3 al pasillo contempl\u00e1ndolo con temor. Temblaba violentamente. Escuch\u00f3 unos sollozos de angustia seguidos de unos gemidos aterradores. Sus vellos se erizaron de repente<\/p>\n<p style=\"text-align: justify;\">Rosa se sent\u00eda aterrada.<\/p>\n<p style=\"text-align: justify;\">\u00a1S\u00fabitamente todas las luces de la casa se apagaron!<\/p>\n<p style=\"text-align: justify;\">La pobre Rosa, se qued\u00f3 envuelta bajo las tinieblas m\u00e1s oscuras, en mitad de aquel maldito pasillo. El olor nauseabundo a azufre golpeaba su nariz. Solt\u00f3 un grito de terror.<\/p>\n<p style=\"text-align: justify;\">Una g\u00e9lida garra se clav\u00f3 en el pecho de Rosa desgarrando su carne. \u00a1Se hundi\u00f3 hasta llegar a su coraz\u00f3n, arranc\u00e1ndolo con extrema violencia! Las claras paredes se ti\u00f1eron de sangre y el suelo de aquel pasillo era un mar rojo. \u00a0El silencio sepulcral gobern\u00f3 aquella casa hasta que..<\/p>\n<p style=\"text-align: justify;\">S\u00fabitamente surgi\u00f3 un ruido extra\u00f1o.<\/p>\n<p style=\"text-align: justify;\">Algo absorb\u00eda con ansias, los charcos de sangre del suelo. Algo que desprend\u00eda un intenso olor a azufre.<\/p>\n<p style=\"text-align: justify;\"><span style=\"font-family: impact, sans-serif;\">\u00a9 Ver\u00f3nica V\u00e1zquez<\/span><\/p>\n","protected":false},"excerpt":{"rendered":"<p>Relato ganador del certamen convocado por la revista \u00abLo desconocido\u00bb Julia observaba aquel pasillo oscuro desde el gran sal\u00f3n. Una amiga sensitiva, le explic\u00f3 una vez que los pasillos oscuros eran puertas abiertas a entes malignos. Siempre se deb\u00eda tener una vela blanca encendida, pues las velas limpiaban de malas energ\u00edas. Pero esa noche la [&hellip;]<\/p>\n","protected":false},"author":40,"featured_media":15907,"comment_status":"open","ping_status":"closed","sticky":false,"template":"","format":"standard","meta":{"footnotes":""},"categories":[40],"tags":[],"class_list":{"0":"post-15906","1":"post","2":"type-post","3":"status-publish","4":"format-standard","5":"has-post-thumbnail","7":"category-relatos"},"yoast_head":"<!-- This site is optimized with the Yoast SEO plugin v27.5 - https:\/\/yoast.com\/product\/yoast-seo-wordpress\/ -->\n<title>El pasillo | HOJAS SUELTAS Peri\u00f3dico Cultural<\/title>\n<meta name=\"description\" content=\"RELATOS de Terror. Ver\u00f3nica V\u00e1zquez nos ofrece por estas fechas, un espeluznante relato de terror, ganador de una convocatoria del g\u00e9nero.\" \/>\n<meta name=\"robots\" content=\"index, follow, max-snippet:-1, max-image-preview:large, max-video-preview:-1\" \/>\n<link rel=\"canonical\" href=\"https:\/\/hojassueltas.es\/?p=15906\" \/>\n<meta property=\"og:locale\" content=\"es_ES\" \/>\n<meta property=\"og:type\" content=\"article\" \/>\n<meta property=\"og:title\" content=\"El pasillo | HOJAS SUELTAS Peri\u00f3dico Cultural\" \/>\n<meta property=\"og:description\" content=\"RELATOS de Terror. Ver\u00f3nica V\u00e1zquez nos ofrece por estas fechas, un espeluznante relato de terror, ganador de una convocatoria del g\u00e9nero.\" \/>\n<meta property=\"og:url\" content=\"https:\/\/hojassueltas.es\/?p=15906\" \/>\n<meta property=\"og:site_name\" content=\"HOJAS SUELTAS Peri\u00f3dico Cultural\" \/>\n<meta property=\"article:published_time\" content=\"2024-11-02T03:00:58+00:00\" \/>\n<meta property=\"article:modified_time\" content=\"2025-12-11T15:31:46+00:00\" \/>\n<meta property=\"og:image\" content=\"https:\/\/hojassueltas.es\/wp-content\/uploads\/2024\/11\/El-pasillo-_HS.png\" \/>\n\t<meta property=\"og:image:width\" content=\"1050\" \/>\n\t<meta property=\"og:image:height\" content=\"610\" \/>\n\t<meta property=\"og:image:type\" content=\"image\/png\" \/>\n<meta name=\"author\" content=\"Ver\u00f3nica V\u00e1zquez\" \/>\n<meta name=\"twitter:card\" content=\"summary_large_image\" \/>\n<meta name=\"twitter:creator\" content=\"@HOJASSUELTAS22\" \/>\n<meta name=\"twitter:site\" content=\"@HOJASSUELTAS22\" \/>\n<meta name=\"twitter:label1\" content=\"Escrito por\" \/>\n\t<meta name=\"twitter:data1\" content=\"Ver\u00f3nica V\u00e1zquez\" \/>\n\t<meta name=\"twitter:label2\" content=\"Tiempo de lectura\" \/>\n\t<meta name=\"twitter:data2\" content=\"6 minutos\" \/>\n<script type=\"application\/ld+json\" class=\"yoast-schema-graph\">{\"@context\":\"https:\\\/\\\/schema.org\",\"@graph\":[{\"@type\":[\"Article\",\"BlogPosting\"],\"@id\":\"https:\\\/\\\/hojassueltas.es\\\/?p=15906#article\",\"isPartOf\":{\"@id\":\"https:\\\/\\\/hojassueltas.es\\\/?p=15906\"},\"author\":{\"name\":\"Ver\u00f3nica V\u00e1zquez\",\"@id\":\"https:\\\/\\\/hojassueltas.es\\\/#\\\/schema\\\/person\\\/4c21892d9a305088d55a62ff59826d04\"},\"headline\":\"El pasillo\",\"datePublished\":\"2024-11-02T03:00:58+00:00\",\"dateModified\":\"2025-12-11T15:31:46+00:00\",\"mainEntityOfPage\":{\"@id\":\"https:\\\/\\\/hojassueltas.es\\\/?p=15906\"},\"wordCount\":1218,\"commentCount\":0,\"publisher\":{\"@id\":\"https:\\\/\\\/hojassueltas.es\\\/#organization\"},\"image\":{\"@id\":\"https:\\\/\\\/hojassueltas.es\\\/?p=15906#primaryimage\"},\"thumbnailUrl\":\"https:\\\/\\\/hojassueltas.es\\\/wp-content\\\/uploads\\\/2024\\\/11\\\/El-pasillo-_HS.png\",\"articleSection\":[\"RELATOS\"],\"inLanguage\":\"es\",\"potentialAction\":[{\"@type\":\"CommentAction\",\"name\":\"Comment\",\"target\":[\"https:\\\/\\\/hojassueltas.es\\\/?p=15906#respond\"]}]},{\"@type\":\"WebPage\",\"@id\":\"https:\\\/\\\/hojassueltas.es\\\/?p=15906\",\"url\":\"https:\\\/\\\/hojassueltas.es\\\/?p=15906\",\"name\":\"El pasillo | HOJAS SUELTAS Peri\u00f3dico Cultural\",\"isPartOf\":{\"@id\":\"https:\\\/\\\/hojassueltas.es\\\/#website\"},\"primaryImageOfPage\":{\"@id\":\"https:\\\/\\\/hojassueltas.es\\\/?p=15906#primaryimage\"},\"image\":{\"@id\":\"https:\\\/\\\/hojassueltas.es\\\/?p=15906#primaryimage\"},\"thumbnailUrl\":\"https:\\\/\\\/hojassueltas.es\\\/wp-content\\\/uploads\\\/2024\\\/11\\\/El-pasillo-_HS.png\",\"datePublished\":\"2024-11-02T03:00:58+00:00\",\"dateModified\":\"2025-12-11T15:31:46+00:00\",\"description\":\"RELATOS de Terror. Ver\u00f3nica V\u00e1zquez nos ofrece por estas fechas, un espeluznante relato de terror, ganador de una convocatoria del g\u00e9nero.\",\"breadcrumb\":{\"@id\":\"https:\\\/\\\/hojassueltas.es\\\/?p=15906#breadcrumb\"},\"inLanguage\":\"es\",\"potentialAction\":[{\"@type\":\"ReadAction\",\"target\":[\"https:\\\/\\\/hojassueltas.es\\\/?p=15906\"]}]},{\"@type\":\"ImageObject\",\"inLanguage\":\"es\",\"@id\":\"https:\\\/\\\/hojassueltas.es\\\/?p=15906#primaryimage\",\"url\":\"https:\\\/\\\/hojassueltas.es\\\/wp-content\\\/uploads\\\/2024\\\/11\\\/El-pasillo-_HS.png\",\"contentUrl\":\"https:\\\/\\\/hojassueltas.es\\\/wp-content\\\/uploads\\\/2024\\\/11\\\/El-pasillo-_HS.png\",\"width\":1050,\"height\":610},{\"@type\":\"BreadcrumbList\",\"@id\":\"https:\\\/\\\/hojassueltas.es\\\/?p=15906#breadcrumb\",\"itemListElement\":[{\"@type\":\"ListItem\",\"position\":1,\"name\":\"Portada\",\"item\":\"https:\\\/\\\/hojassueltas.es\\\/\"},{\"@type\":\"ListItem\",\"position\":2,\"name\":\"El pasillo\"}]},{\"@type\":\"WebSite\",\"@id\":\"https:\\\/\\\/hojassueltas.es\\\/#website\",\"url\":\"https:\\\/\\\/hojassueltas.es\\\/\",\"name\":\"HojasSueltas.es\",\"description\":\"GRANADA - Peri\u00f3dico Cultural\",\"publisher\":{\"@id\":\"https:\\\/\\\/hojassueltas.es\\\/#organization\"},\"alternateName\":\"H.S. Periodico Cultural\",\"potentialAction\":[{\"@type\":\"SearchAction\",\"target\":{\"@type\":\"EntryPoint\",\"urlTemplate\":\"https:\\\/\\\/hojassueltas.es\\\/?s={search_term_string}\"},\"query-input\":{\"@type\":\"PropertyValueSpecification\",\"valueRequired\":true,\"valueName\":\"search_term_string\"}}],\"inLanguage\":\"es\"},{\"@type\":\"Organization\",\"@id\":\"https:\\\/\\\/hojassueltas.es\\\/#organization\",\"name\":\"HOJAS SUELTAS - Peri\u00f3dico Cultural\",\"alternateName\":\"HS - HOJAS SUELTAS Peri\u00f3dico Cultural\",\"url\":\"https:\\\/\\\/hojassueltas.es\\\/\",\"logo\":{\"@type\":\"ImageObject\",\"inLanguage\":\"es\",\"@id\":\"https:\\\/\\\/hojassueltas.es\\\/#\\\/schema\\\/logo\\\/image\\\/\",\"url\":\"https:\\\/\\\/hojassueltas.es\\\/wp-content\\\/uploads\\\/2025\\\/08\\\/Icono-HS_2.png\",\"contentUrl\":\"https:\\\/\\\/hojassueltas.es\\\/wp-content\\\/uploads\\\/2025\\\/08\\\/Icono-HS_2.png\",\"width\":500,\"height\":500,\"caption\":\"HOJAS SUELTAS - Peri\u00f3dico Cultural\"},\"image\":{\"@id\":\"https:\\\/\\\/hojassueltas.es\\\/#\\\/schema\\\/logo\\\/image\\\/\"},\"sameAs\":[\"https:\\\/\\\/x.com\\\/HOJASSUELTAS22\"]},{\"@type\":\"Person\",\"@id\":\"https:\\\/\\\/hojassueltas.es\\\/#\\\/schema\\\/person\\\/4c21892d9a305088d55a62ff59826d04\",\"name\":\"Ver\u00f3nica V\u00e1zquez\",\"image\":{\"@type\":\"ImageObject\",\"inLanguage\":\"es\",\"@id\":\"https:\\\/\\\/hojassueltas.es\\\/wp-content\\\/uploads\\\/2024\\\/10\\\/Imagen-2-96x96.jpg\",\"url\":\"https:\\\/\\\/hojassueltas.es\\\/wp-content\\\/uploads\\\/2024\\\/10\\\/Imagen-2-96x96.jpg\",\"contentUrl\":\"https:\\\/\\\/hojassueltas.es\\\/wp-content\\\/uploads\\\/2024\\\/10\\\/Imagen-2-96x96.jpg\",\"caption\":\"Ver\u00f3nica V\u00e1zquez\"},\"description\":\"Santiago de Compostela 1978. Tiene formaci\u00f3n y experiencia en secretariado. Pero su verdadera pasi\u00f3n siempre ha sido el cine y la literatura. Seguidora del g\u00e9nero de suspense. Tambi\u00e9n siente fascinaci\u00f3n por el c\u00f3mic de terror cl\u00e1sico consider\u00e1ndolo un exquisito arte. Gusta escribir sus historias como una pel\u00edcula. De gran imaginaci\u00f3n, en el a\u00f1o 2020 publica dos novelas de suspense en sello digital de Grupo Planeta, Click ediciones. En 2022 un audiolibro de \u00abLa sombra de Marcos\u00bb en plataforma Nextory. En 2023 comienza a realizar colaboraciones con microrrelatos de terror, en \u00abHojas Sueltas\u00bb En abril del 2023 gana convocatoria de relatos en la revista LO DESCONOCIDO con el relato de terror EL PASILLO. En junio del 2023 la productora indie TEATRO ROB\u00d3TICO DEL MISTERIO dramatiza en audio el relato de terror de infectados \u00a1CORRE!. En noviembre de 2023 gana convocatoria \u201cLa noche del lic\u00e1ntropo\u201d de la productora de audio LUX FERRE AUDIO con su relato de terror LA MONEDA DE PLATA para ser dramatizada en audio en el podcast Martes de Terror. En 2024 publica su novela de terror paranormal EL BAL\u00d3N ROJO en la web CALAMEO. En mayo del 2024 gana la convocatoria de relatos MIEDO EN CASA con su obra EL HOGAR DEL DIABLO, que ser\u00e1 publicada en una antolog\u00eda digital por la Red Municipal de Bibliotecas P\u00fablicas de Sevilla, Icas y el Ayuntamiento de Sevilla. En agosto del mismo a\u00f1o, gana la VIII convocatoria de relatos en la revista digital DRAG\u00d3N ESCRITOR con su microrrelato de terror TE PERTENECE. El fragmento de su novela de terror EL BAL\u00d3N ROJO se publica en la prestigiosa revista de M\u00e9xico \u201cdelatripa\u201d tambi\u00e9n en el mes de agosto de 2024 INSTAGRAM: Veronicavazquez_escritora \\\/ FACEBOOK: Ver\u00f3nica V\u00e1zquez ( El miedo es mi tinta) \\\/ X (Twitter) : @veronicav1978\",\"url\":\"https:\\\/\\\/hojassueltas.es\\\/?author=40\"}]}<\/script>\n<!-- \/ Yoast SEO plugin. -->","yoast_head_json":{"title":"El pasillo | HOJAS SUELTAS Peri\u00f3dico Cultural","description":"RELATOS de Terror. Ver\u00f3nica V\u00e1zquez nos ofrece por estas fechas, un espeluznante relato de terror, ganador de una convocatoria del g\u00e9nero.","robots":{"index":"index","follow":"follow","max-snippet":"max-snippet:-1","max-image-preview":"max-image-preview:large","max-video-preview":"max-video-preview:-1"},"canonical":"https:\/\/hojassueltas.es\/?p=15906","og_locale":"es_ES","og_type":"article","og_title":"El pasillo | HOJAS SUELTAS Peri\u00f3dico Cultural","og_description":"RELATOS de Terror. Ver\u00f3nica V\u00e1zquez nos ofrece por estas fechas, un espeluznante relato de terror, ganador de una convocatoria del g\u00e9nero.","og_url":"https:\/\/hojassueltas.es\/?p=15906","og_site_name":"HOJAS SUELTAS Peri\u00f3dico Cultural","article_published_time":"2024-11-02T03:00:58+00:00","article_modified_time":"2025-12-11T15:31:46+00:00","og_image":[{"width":1050,"height":610,"url":"https:\/\/hojassueltas.es\/wp-content\/uploads\/2024\/11\/El-pasillo-_HS.png","type":"image\/png"}],"author":"Ver\u00f3nica V\u00e1zquez","twitter_card":"summary_large_image","twitter_creator":"@HOJASSUELTAS22","twitter_site":"@HOJASSUELTAS22","twitter_misc":{"Escrito por":"Ver\u00f3nica V\u00e1zquez","Tiempo de lectura":"6 minutos"},"schema":{"@context":"https:\/\/schema.org","@graph":[{"@type":["Article","BlogPosting"],"@id":"https:\/\/hojassueltas.es\/?p=15906#article","isPartOf":{"@id":"https:\/\/hojassueltas.es\/?p=15906"},"author":{"name":"Ver\u00f3nica V\u00e1zquez","@id":"https:\/\/hojassueltas.es\/#\/schema\/person\/4c21892d9a305088d55a62ff59826d04"},"headline":"El pasillo","datePublished":"2024-11-02T03:00:58+00:00","dateModified":"2025-12-11T15:31:46+00:00","mainEntityOfPage":{"@id":"https:\/\/hojassueltas.es\/?p=15906"},"wordCount":1218,"commentCount":0,"publisher":{"@id":"https:\/\/hojassueltas.es\/#organization"},"image":{"@id":"https:\/\/hojassueltas.es\/?p=15906#primaryimage"},"thumbnailUrl":"https:\/\/hojassueltas.es\/wp-content\/uploads\/2024\/11\/El-pasillo-_HS.png","articleSection":["RELATOS"],"inLanguage":"es","potentialAction":[{"@type":"CommentAction","name":"Comment","target":["https:\/\/hojassueltas.es\/?p=15906#respond"]}]},{"@type":"WebPage","@id":"https:\/\/hojassueltas.es\/?p=15906","url":"https:\/\/hojassueltas.es\/?p=15906","name":"El pasillo | HOJAS SUELTAS Peri\u00f3dico Cultural","isPartOf":{"@id":"https:\/\/hojassueltas.es\/#website"},"primaryImageOfPage":{"@id":"https:\/\/hojassueltas.es\/?p=15906#primaryimage"},"image":{"@id":"https:\/\/hojassueltas.es\/?p=15906#primaryimage"},"thumbnailUrl":"https:\/\/hojassueltas.es\/wp-content\/uploads\/2024\/11\/El-pasillo-_HS.png","datePublished":"2024-11-02T03:00:58+00:00","dateModified":"2025-12-11T15:31:46+00:00","description":"RELATOS de Terror. Ver\u00f3nica V\u00e1zquez nos ofrece por estas fechas, un espeluznante relato de terror, ganador de una convocatoria del g\u00e9nero.","breadcrumb":{"@id":"https:\/\/hojassueltas.es\/?p=15906#breadcrumb"},"inLanguage":"es","potentialAction":[{"@type":"ReadAction","target":["https:\/\/hojassueltas.es\/?p=15906"]}]},{"@type":"ImageObject","inLanguage":"es","@id":"https:\/\/hojassueltas.es\/?p=15906#primaryimage","url":"https:\/\/hojassueltas.es\/wp-content\/uploads\/2024\/11\/El-pasillo-_HS.png","contentUrl":"https:\/\/hojassueltas.es\/wp-content\/uploads\/2024\/11\/El-pasillo-_HS.png","width":1050,"height":610},{"@type":"BreadcrumbList","@id":"https:\/\/hojassueltas.es\/?p=15906#breadcrumb","itemListElement":[{"@type":"ListItem","position":1,"name":"Portada","item":"https:\/\/hojassueltas.es\/"},{"@type":"ListItem","position":2,"name":"El pasillo"}]},{"@type":"WebSite","@id":"https:\/\/hojassueltas.es\/#website","url":"https:\/\/hojassueltas.es\/","name":"HojasSueltas.es","description":"GRANADA - Peri\u00f3dico Cultural","publisher":{"@id":"https:\/\/hojassueltas.es\/#organization"},"alternateName":"H.S. Periodico Cultural","potentialAction":[{"@type":"SearchAction","target":{"@type":"EntryPoint","urlTemplate":"https:\/\/hojassueltas.es\/?s={search_term_string}"},"query-input":{"@type":"PropertyValueSpecification","valueRequired":true,"valueName":"search_term_string"}}],"inLanguage":"es"},{"@type":"Organization","@id":"https:\/\/hojassueltas.es\/#organization","name":"HOJAS SUELTAS - Peri\u00f3dico Cultural","alternateName":"HS - HOJAS SUELTAS Peri\u00f3dico Cultural","url":"https:\/\/hojassueltas.es\/","logo":{"@type":"ImageObject","inLanguage":"es","@id":"https:\/\/hojassueltas.es\/#\/schema\/logo\/image\/","url":"https:\/\/hojassueltas.es\/wp-content\/uploads\/2025\/08\/Icono-HS_2.png","contentUrl":"https:\/\/hojassueltas.es\/wp-content\/uploads\/2025\/08\/Icono-HS_2.png","width":500,"height":500,"caption":"HOJAS SUELTAS - Peri\u00f3dico Cultural"},"image":{"@id":"https:\/\/hojassueltas.es\/#\/schema\/logo\/image\/"},"sameAs":["https:\/\/x.com\/HOJASSUELTAS22"]},{"@type":"Person","@id":"https:\/\/hojassueltas.es\/#\/schema\/person\/4c21892d9a305088d55a62ff59826d04","name":"Ver\u00f3nica V\u00e1zquez","image":{"@type":"ImageObject","inLanguage":"es","@id":"https:\/\/hojassueltas.es\/wp-content\/uploads\/2024\/10\/Imagen-2-96x96.jpg","url":"https:\/\/hojassueltas.es\/wp-content\/uploads\/2024\/10\/Imagen-2-96x96.jpg","contentUrl":"https:\/\/hojassueltas.es\/wp-content\/uploads\/2024\/10\/Imagen-2-96x96.jpg","caption":"Ver\u00f3nica V\u00e1zquez"},"description":"Santiago de Compostela 1978. Tiene formaci\u00f3n y experiencia en secretariado. Pero su verdadera pasi\u00f3n siempre ha sido el cine y la literatura. Seguidora del g\u00e9nero de suspense. Tambi\u00e9n siente fascinaci\u00f3n por el c\u00f3mic de terror cl\u00e1sico consider\u00e1ndolo un exquisito arte. Gusta escribir sus historias como una pel\u00edcula. De gran imaginaci\u00f3n, en el a\u00f1o 2020 publica dos novelas de suspense en sello digital de Grupo Planeta, Click ediciones. En 2022 un audiolibro de \u00abLa sombra de Marcos\u00bb en plataforma Nextory. En 2023 comienza a realizar colaboraciones con microrrelatos de terror, en \u00abHojas Sueltas\u00bb En abril del 2023 gana convocatoria de relatos en la revista LO DESCONOCIDO con el relato de terror EL PASILLO. En junio del 2023 la productora indie TEATRO ROB\u00d3TICO DEL MISTERIO dramatiza en audio el relato de terror de infectados \u00a1CORRE!. En noviembre de 2023 gana convocatoria \u201cLa noche del lic\u00e1ntropo\u201d de la productora de audio LUX FERRE AUDIO con su relato de terror LA MONEDA DE PLATA para ser dramatizada en audio en el podcast Martes de Terror. En 2024 publica su novela de terror paranormal EL BAL\u00d3N ROJO en la web CALAMEO. En mayo del 2024 gana la convocatoria de relatos MIEDO EN CASA con su obra EL HOGAR DEL DIABLO, que ser\u00e1 publicada en una antolog\u00eda digital por la Red Municipal de Bibliotecas P\u00fablicas de Sevilla, Icas y el Ayuntamiento de Sevilla. En agosto del mismo a\u00f1o, gana la VIII convocatoria de relatos en la revista digital DRAG\u00d3N ESCRITOR con su microrrelato de terror TE PERTENECE. El fragmento de su novela de terror EL BAL\u00d3N ROJO se publica en la prestigiosa revista de M\u00e9xico \u201cdelatripa\u201d tambi\u00e9n en el mes de agosto de 2024 INSTAGRAM: Veronicavazquez_escritora \/ FACEBOOK: Ver\u00f3nica V\u00e1zquez ( El miedo es mi tinta) \/ X (Twitter) : @veronicav1978","url":"https:\/\/hojassueltas.es\/?author=40"}]}},"_links":{"self":[{"href":"https:\/\/hojassueltas.es\/index.php?rest_route=\/wp\/v2\/posts\/15906","targetHints":{"allow":["GET"]}}],"collection":[{"href":"https:\/\/hojassueltas.es\/index.php?rest_route=\/wp\/v2\/posts"}],"about":[{"href":"https:\/\/hojassueltas.es\/index.php?rest_route=\/wp\/v2\/types\/post"}],"author":[{"embeddable":true,"href":"https:\/\/hojassueltas.es\/index.php?rest_route=\/wp\/v2\/users\/40"}],"replies":[{"embeddable":true,"href":"https:\/\/hojassueltas.es\/index.php?rest_route=%2Fwp%2Fv2%2Fcomments&post=15906"}],"version-history":[{"count":1,"href":"https:\/\/hojassueltas.es\/index.php?rest_route=\/wp\/v2\/posts\/15906\/revisions"}],"predecessor-version":[{"id":15908,"href":"https:\/\/hojassueltas.es\/index.php?rest_route=\/wp\/v2\/posts\/15906\/revisions\/15908"}],"wp:featuredmedia":[{"embeddable":true,"href":"https:\/\/hojassueltas.es\/index.php?rest_route=\/wp\/v2\/media\/15907"}],"wp:attachment":[{"href":"https:\/\/hojassueltas.es\/index.php?rest_route=%2Fwp%2Fv2%2Fmedia&parent=15906"}],"wp:term":[{"taxonomy":"category","embeddable":true,"href":"https:\/\/hojassueltas.es\/index.php?rest_route=%2Fwp%2Fv2%2Fcategories&post=15906"},{"taxonomy":"post_tag","embeddable":true,"href":"https:\/\/hojassueltas.es\/index.php?rest_route=%2Fwp%2Fv2%2Ftags&post=15906"}],"curies":[{"name":"wp","href":"https:\/\/api.w.org\/{rel}","templated":true}]}}