{"id":15581,"date":"2024-11-02T07:00:02","date_gmt":"2024-11-02T05:00:02","guid":{"rendered":"https:\/\/hojassueltas.es\/?p=15581"},"modified":"2024-10-26T16:19:03","modified_gmt":"2024-10-26T14:19:03","slug":"asumir-el-cargo-de-no-asumir-como","status":"publish","type":"post","link":"https:\/\/hojassueltas.es\/?p=15581","title":{"rendered":"Asumir el cargo de, no asumir como"},"content":{"rendered":"<h3 style=\"text-align: justify;\">Para expresar que una persona ha aceptado un cargo o tomado posesi\u00f3n de \u00e9l, la construcci\u00f3n adecuada es\u00a0<em>asumir el cargo\/puesto de<\/em>, no\u00a0<em>asumir como<\/em>.<\/h3>\n<p>Sin embargo, pueden encontrarse frases como las siguientes en algunos medios de comunicaci\u00f3n: \u00abVincenzo Montella asumi\u00f3 como entrenador de la selecci\u00f3n nacional de Turqu\u00eda en septiembre de 2023\u00bb, \u00abJavier Milei llega a Madrid en su primera visita a Espa\u00f1a desde que asumi\u00f3 como presidente\u00bb o \u00abMart\u00edn Llaryora y Myrian Prunotto asumieron como gobernador y vicegobernadora de C\u00f3rdoba\u00bb.<\/p>\n<p>Tal como se explica en el\u00a0<em>Diccionario panhisp\u00e1nico de dudas<\/em>, el verbo\u00a0<strong><em>asumir<\/em><\/strong>\u00a0<strong>significa<\/strong>, entre otras cosas,\u00a0<strong>\u2018tomar para s\u00ed o hacerse cargo de algo no material, especialmente una tarea o una responsabilidad\u2019<\/strong>. Se trata de\u00a0<strong>un verbo transitivo<\/strong>\u00a0en todas sus acepciones, por lo que se construye sin\u00a0<em>como<\/em>\u00a0entre el verbo y su complemento: \u00abAsume el puesto de directora\u00bb, \u00abEl puesto lo asumi\u00f3 hace pocos meses\u00bb.<\/p>\n<p>Por lo tanto, en los ejemplos iniciales, lo recomendable habr\u00eda sido \u00abVincenzo Montella asumi\u00f3 el puesto de entrenador de la selecci\u00f3n nacional de Turqu\u00eda en septiembre de 2023\u00bb, \u00abJavier Milei llega a Madrid en su primera visita a Espa\u00f1a desde que asumi\u00f3 el cargo de presidente\u00bb y \u00abMart\u00edn Llaryora y Myrian Prunotto asumieron los cargos de gobernador y vicegobernadora de C\u00f3rdoba\u00bb.<\/p>\n<p>Se recuerda que la construcci\u00f3n\u00a0<em>asumir como<\/em>\u00a0no es siempre inadecuada, ya que el verbo puede estar acompa\u00f1ado de un complemento que requiera el t\u00e9rmino\u00a0<em>como<\/em>. Por ejemplo, en la frase \u00abAsumi\u00f3 como presidente la organizaci\u00f3n de la empresa\u00bb, lo que se asume es la organizaci\u00f3n de la empresa y\u00a0<em>como<\/em>\u00a0expresa que el sujeto lo hizo en calidad de presidente. Tambi\u00e9n es posible en otros casos, como cuando\u00a0<em>asumir<\/em>\u00a0significa \u2018aceptar o reconocer algo\u2019 y\u00a0<em>como<\/em>\u00a0indica de qu\u00e9 manera se hace: \u00abLo asumi\u00f3 como si no pasara nada\u00bb.<\/p>\n<p><span style=\"font-family: impact, sans-serif;\">\u00a9 Fundeu<\/span><\/p>\n","protected":false},"excerpt":{"rendered":"<p>Para expresar que una persona ha aceptado un cargo o tomado posesi\u00f3n de \u00e9l, la construcci\u00f3n adecuada es\u00a0asumir el cargo\/puesto de, no\u00a0asumir como. Sin embargo, pueden encontrarse frases como las siguientes en algunos medios de comunicaci\u00f3n: \u00abVincenzo Montella asumi\u00f3 como entrenador de la selecci\u00f3n nacional de Turqu\u00eda en septiembre de 2023\u00bb, \u00abJavier Milei llega a [&hellip;]<\/p>\n","protected":false},"author":1,"featured_media":15577,"comment_status":"open","ping_status":"closed","sticky":false,"template":"","format":"standard","meta":{"footnotes":""},"categories":[2015],"tags":[],"class_list":{"0":"post-15581","1":"post","2":"type-post","3":"status-publish","4":"format-standard","5":"has-post-thumbnail","7":"category-aclaraciones-del-idioma"},"yoast_head":"<!-- This site is optimized with the Yoast SEO plugin v27.5 - https:\/\/yoast.com\/product\/yoast-seo-wordpress\/ -->\n<title>Asumir el cargo de, no asumir como | ACLARACIONES DEL IDIOMA | HOJAS SUELTAS Peri\u00f3dico Cultural<\/title>\n<meta name=\"description\" content=\"NUEVAS LETRAS Recomendaciones: Para expresar que una persona ha aceptado un cargo o tomado posesi\u00f3n de \u00e9l, la construcci\u00f3n adecuada es\u00a0asumir el cargo\/puesto de, no\u00a0asumir como.\" \/>\n<meta name=\"robots\" content=\"index, follow, max-snippet:-1, max-image-preview:large, max-video-preview:-1\" \/>\n<link rel=\"canonical\" href=\"https:\/\/hojassueltas.es\/?p=15581\" \/>\n<meta property=\"og:locale\" content=\"es_ES\" \/>\n<meta property=\"og:type\" content=\"article\" \/>\n<meta property=\"og:title\" content=\"Asumir el cargo de, no asumir como | ACLARACIONES DEL IDIOMA | HOJAS SUELTAS Peri\u00f3dico Cultural\" \/>\n<meta property=\"og:description\" content=\"NUEVAS LETRAS Recomendaciones: Para expresar que una persona ha aceptado un cargo o tomado posesi\u00f3n de \u00e9l, la construcci\u00f3n adecuada es\u00a0asumir el cargo\/puesto de, no\u00a0asumir como.\" \/>\n<meta property=\"og:url\" content=\"https:\/\/hojassueltas.es\/?p=15581\" \/>\n<meta property=\"og:site_name\" content=\"HOJAS SUELTAS Peri\u00f3dico Cultural\" \/>\n<meta property=\"article:published_time\" content=\"2024-11-02T05:00:02+00:00\" \/>\n<meta property=\"og:image\" content=\"https:\/\/hojassueltas.es\/wp-content\/uploads\/2024\/10\/iDIOMA-ESPANOL_2HS.png\" \/>\n\t<meta property=\"og:image:width\" content=\"450\" \/>\n\t<meta property=\"og:image:height\" content=\"450\" \/>\n\t<meta property=\"og:image:type\" content=\"image\/png\" \/>\n<meta name=\"author\" content=\"Redacci\u00f3n\" \/>\n<meta name=\"twitter:card\" content=\"summary_large_image\" \/>\n<meta name=\"twitter:creator\" content=\"@HOJASSUELTAS22\" \/>\n<meta name=\"twitter:site\" content=\"@HOJASSUELTAS22\" \/>\n<meta name=\"twitter:label1\" content=\"Escrito por\" \/>\n\t<meta name=\"twitter:data1\" content=\"Redacci\u00f3n\" \/>\n\t<meta name=\"twitter:label2\" content=\"Tiempo de lectura\" \/>\n\t<meta name=\"twitter:data2\" content=\"2 minutos\" \/>\n<script type=\"application\/ld+json\" class=\"yoast-schema-graph\">{\"@context\":\"https:\\\/\\\/schema.org\",\"@graph\":[{\"@type\":[\"Article\",\"BlogPosting\"],\"@id\":\"https:\\\/\\\/hojassueltas.es\\\/?p=15581#article\",\"isPartOf\":{\"@id\":\"https:\\\/\\\/hojassueltas.es\\\/?p=15581\"},\"author\":{\"name\":\"Redacci\u00f3n\",\"@id\":\"https:\\\/\\\/hojassueltas.es\\\/#\\\/schema\\\/person\\\/f232bbdb834c61c90aff2245daa401c0\"},\"headline\":\"Asumir el cargo de, no asumir como\",\"datePublished\":\"2024-11-02T05:00:02+00:00\",\"mainEntityOfPage\":{\"@id\":\"https:\\\/\\\/hojassueltas.es\\\/?p=15581\"},\"wordCount\":329,\"commentCount\":0,\"publisher\":{\"@id\":\"https:\\\/\\\/hojassueltas.es\\\/#organization\"},\"image\":{\"@id\":\"https:\\\/\\\/hojassueltas.es\\\/?p=15581#primaryimage\"},\"thumbnailUrl\":\"https:\\\/\\\/hojassueltas.es\\\/wp-content\\\/uploads\\\/2024\\\/10\\\/iDIOMA-ESPANOL_2HS.png\",\"articleSection\":[\"ACLARACIONES DEL IDIOMA\"],\"inLanguage\":\"es\",\"potentialAction\":[{\"@type\":\"CommentAction\",\"name\":\"Comment\",\"target\":[\"https:\\\/\\\/hojassueltas.es\\\/?p=15581#respond\"]}]},{\"@type\":\"WebPage\",\"@id\":\"https:\\\/\\\/hojassueltas.es\\\/?p=15581\",\"url\":\"https:\\\/\\\/hojassueltas.es\\\/?p=15581\",\"name\":\"Asumir el cargo de, no asumir como | ACLARACIONES DEL IDIOMA | HOJAS SUELTAS Peri\u00f3dico Cultural\",\"isPartOf\":{\"@id\":\"https:\\\/\\\/hojassueltas.es\\\/#website\"},\"primaryImageOfPage\":{\"@id\":\"https:\\\/\\\/hojassueltas.es\\\/?p=15581#primaryimage\"},\"image\":{\"@id\":\"https:\\\/\\\/hojassueltas.es\\\/?p=15581#primaryimage\"},\"thumbnailUrl\":\"https:\\\/\\\/hojassueltas.es\\\/wp-content\\\/uploads\\\/2024\\\/10\\\/iDIOMA-ESPANOL_2HS.png\",\"datePublished\":\"2024-11-02T05:00:02+00:00\",\"description\":\"NUEVAS LETRAS Recomendaciones: Para expresar que una persona ha aceptado un cargo o tomado posesi\u00f3n de \u00e9l, la construcci\u00f3n adecuada es\u00a0asumir el cargo\\\/puesto de, no\u00a0asumir como.\",\"breadcrumb\":{\"@id\":\"https:\\\/\\\/hojassueltas.es\\\/?p=15581#breadcrumb\"},\"inLanguage\":\"es\",\"potentialAction\":[{\"@type\":\"ReadAction\",\"target\":[\"https:\\\/\\\/hojassueltas.es\\\/?p=15581\"]}]},{\"@type\":\"ImageObject\",\"inLanguage\":\"es\",\"@id\":\"https:\\\/\\\/hojassueltas.es\\\/?p=15581#primaryimage\",\"url\":\"https:\\\/\\\/hojassueltas.es\\\/wp-content\\\/uploads\\\/2024\\\/10\\\/iDIOMA-ESPANOL_2HS.png\",\"contentUrl\":\"https:\\\/\\\/hojassueltas.es\\\/wp-content\\\/uploads\\\/2024\\\/10\\\/iDIOMA-ESPANOL_2HS.png\",\"width\":450,\"height\":450},{\"@type\":\"BreadcrumbList\",\"@id\":\"https:\\\/\\\/hojassueltas.es\\\/?p=15581#breadcrumb\",\"itemListElement\":[{\"@type\":\"ListItem\",\"position\":1,\"name\":\"Portada\",\"item\":\"https:\\\/\\\/hojassueltas.es\\\/\"},{\"@type\":\"ListItem\",\"position\":2,\"name\":\"Asumir el cargo de, no asumir como\"}]},{\"@type\":\"WebSite\",\"@id\":\"https:\\\/\\\/hojassueltas.es\\\/#website\",\"url\":\"https:\\\/\\\/hojassueltas.es\\\/\",\"name\":\"HojasSueltas.es\",\"description\":\"GRANADA - Peri\u00f3dico Cultural\",\"publisher\":{\"@id\":\"https:\\\/\\\/hojassueltas.es\\\/#organization\"},\"alternateName\":\"H.S. Periodico Cultural\",\"potentialAction\":[{\"@type\":\"SearchAction\",\"target\":{\"@type\":\"EntryPoint\",\"urlTemplate\":\"https:\\\/\\\/hojassueltas.es\\\/?s={search_term_string}\"},\"query-input\":{\"@type\":\"PropertyValueSpecification\",\"valueRequired\":true,\"valueName\":\"search_term_string\"}}],\"inLanguage\":\"es\"},{\"@type\":\"Organization\",\"@id\":\"https:\\\/\\\/hojassueltas.es\\\/#organization\",\"name\":\"HOJAS SUELTAS - Peri\u00f3dico Cultural\",\"alternateName\":\"HS - HOJAS SUELTAS Peri\u00f3dico Cultural\",\"url\":\"https:\\\/\\\/hojassueltas.es\\\/\",\"logo\":{\"@type\":\"ImageObject\",\"inLanguage\":\"es\",\"@id\":\"https:\\\/\\\/hojassueltas.es\\\/#\\\/schema\\\/logo\\\/image\\\/\",\"url\":\"https:\\\/\\\/hojassueltas.es\\\/wp-content\\\/uploads\\\/2025\\\/08\\\/Icono-HS_2.png\",\"contentUrl\":\"https:\\\/\\\/hojassueltas.es\\\/wp-content\\\/uploads\\\/2025\\\/08\\\/Icono-HS_2.png\",\"width\":500,\"height\":500,\"caption\":\"HOJAS SUELTAS - Peri\u00f3dico Cultural\"},\"image\":{\"@id\":\"https:\\\/\\\/hojassueltas.es\\\/#\\\/schema\\\/logo\\\/image\\\/\"},\"sameAs\":[\"https:\\\/\\\/x.com\\\/HOJASSUELTAS22\"]},{\"@type\":\"Person\",\"@id\":\"https:\\\/\\\/hojassueltas.es\\\/#\\\/schema\\\/person\\\/f232bbdb834c61c90aff2245daa401c0\",\"name\":\"Redacci\u00f3n\",\"image\":{\"@type\":\"ImageObject\",\"inLanguage\":\"es\",\"@id\":\"https:\\\/\\\/hojassueltas.es\\\/wp-content\\\/uploads\\\/2026\\\/02\\\/Redaccion-2-96x96.png\",\"url\":\"https:\\\/\\\/hojassueltas.es\\\/wp-content\\\/uploads\\\/2026\\\/02\\\/Redaccion-2-96x96.png\",\"contentUrl\":\"https:\\\/\\\/hojassueltas.es\\\/wp-content\\\/uploads\\\/2026\\\/02\\\/Redaccion-2-96x96.png\",\"caption\":\"Redacci\u00f3n\"},\"description\":\"Redacci\u00f3n de HOJAS SUELTAS\",\"url\":\"https:\\\/\\\/hojassueltas.es\\\/?author=1\"}]}<\/script>\n<!-- \/ Yoast SEO plugin. -->","yoast_head_json":{"title":"Asumir el cargo de, no asumir como | ACLARACIONES DEL IDIOMA | HOJAS SUELTAS Peri\u00f3dico Cultural","description":"NUEVAS LETRAS Recomendaciones: Para expresar que una persona ha aceptado un cargo o tomado posesi\u00f3n de \u00e9l, la construcci\u00f3n adecuada es\u00a0asumir el cargo\/puesto de, no\u00a0asumir como.","robots":{"index":"index","follow":"follow","max-snippet":"max-snippet:-1","max-image-preview":"max-image-preview:large","max-video-preview":"max-video-preview:-1"},"canonical":"https:\/\/hojassueltas.es\/?p=15581","og_locale":"es_ES","og_type":"article","og_title":"Asumir el cargo de, no asumir como | ACLARACIONES DEL IDIOMA | HOJAS SUELTAS Peri\u00f3dico Cultural","og_description":"NUEVAS LETRAS Recomendaciones: Para expresar que una persona ha aceptado un cargo o tomado posesi\u00f3n de \u00e9l, la construcci\u00f3n adecuada es\u00a0asumir el cargo\/puesto de, no\u00a0asumir como.","og_url":"https:\/\/hojassueltas.es\/?p=15581","og_site_name":"HOJAS SUELTAS Peri\u00f3dico Cultural","article_published_time":"2024-11-02T05:00:02+00:00","og_image":[{"width":450,"height":450,"url":"https:\/\/hojassueltas.es\/wp-content\/uploads\/2024\/10\/iDIOMA-ESPANOL_2HS.png","type":"image\/png"}],"author":"Redacci\u00f3n","twitter_card":"summary_large_image","twitter_creator":"@HOJASSUELTAS22","twitter_site":"@HOJASSUELTAS22","twitter_misc":{"Escrito por":"Redacci\u00f3n","Tiempo de lectura":"2 minutos"},"schema":{"@context":"https:\/\/schema.org","@graph":[{"@type":["Article","BlogPosting"],"@id":"https:\/\/hojassueltas.es\/?p=15581#article","isPartOf":{"@id":"https:\/\/hojassueltas.es\/?p=15581"},"author":{"name":"Redacci\u00f3n","@id":"https:\/\/hojassueltas.es\/#\/schema\/person\/f232bbdb834c61c90aff2245daa401c0"},"headline":"Asumir el cargo de, no asumir como","datePublished":"2024-11-02T05:00:02+00:00","mainEntityOfPage":{"@id":"https:\/\/hojassueltas.es\/?p=15581"},"wordCount":329,"commentCount":0,"publisher":{"@id":"https:\/\/hojassueltas.es\/#organization"},"image":{"@id":"https:\/\/hojassueltas.es\/?p=15581#primaryimage"},"thumbnailUrl":"https:\/\/hojassueltas.es\/wp-content\/uploads\/2024\/10\/iDIOMA-ESPANOL_2HS.png","articleSection":["ACLARACIONES DEL IDIOMA"],"inLanguage":"es","potentialAction":[{"@type":"CommentAction","name":"Comment","target":["https:\/\/hojassueltas.es\/?p=15581#respond"]}]},{"@type":"WebPage","@id":"https:\/\/hojassueltas.es\/?p=15581","url":"https:\/\/hojassueltas.es\/?p=15581","name":"Asumir el cargo de, no asumir como | ACLARACIONES DEL IDIOMA | HOJAS SUELTAS Peri\u00f3dico Cultural","isPartOf":{"@id":"https:\/\/hojassueltas.es\/#website"},"primaryImageOfPage":{"@id":"https:\/\/hojassueltas.es\/?p=15581#primaryimage"},"image":{"@id":"https:\/\/hojassueltas.es\/?p=15581#primaryimage"},"thumbnailUrl":"https:\/\/hojassueltas.es\/wp-content\/uploads\/2024\/10\/iDIOMA-ESPANOL_2HS.png","datePublished":"2024-11-02T05:00:02+00:00","description":"NUEVAS LETRAS Recomendaciones: Para expresar que una persona ha aceptado un cargo o tomado posesi\u00f3n de \u00e9l, la construcci\u00f3n adecuada es\u00a0asumir el cargo\/puesto de, no\u00a0asumir como.","breadcrumb":{"@id":"https:\/\/hojassueltas.es\/?p=15581#breadcrumb"},"inLanguage":"es","potentialAction":[{"@type":"ReadAction","target":["https:\/\/hojassueltas.es\/?p=15581"]}]},{"@type":"ImageObject","inLanguage":"es","@id":"https:\/\/hojassueltas.es\/?p=15581#primaryimage","url":"https:\/\/hojassueltas.es\/wp-content\/uploads\/2024\/10\/iDIOMA-ESPANOL_2HS.png","contentUrl":"https:\/\/hojassueltas.es\/wp-content\/uploads\/2024\/10\/iDIOMA-ESPANOL_2HS.png","width":450,"height":450},{"@type":"BreadcrumbList","@id":"https:\/\/hojassueltas.es\/?p=15581#breadcrumb","itemListElement":[{"@type":"ListItem","position":1,"name":"Portada","item":"https:\/\/hojassueltas.es\/"},{"@type":"ListItem","position":2,"name":"Asumir el cargo de, no asumir como"}]},{"@type":"WebSite","@id":"https:\/\/hojassueltas.es\/#website","url":"https:\/\/hojassueltas.es\/","name":"HojasSueltas.es","description":"GRANADA - Peri\u00f3dico Cultural","publisher":{"@id":"https:\/\/hojassueltas.es\/#organization"},"alternateName":"H.S. Periodico Cultural","potentialAction":[{"@type":"SearchAction","target":{"@type":"EntryPoint","urlTemplate":"https:\/\/hojassueltas.es\/?s={search_term_string}"},"query-input":{"@type":"PropertyValueSpecification","valueRequired":true,"valueName":"search_term_string"}}],"inLanguage":"es"},{"@type":"Organization","@id":"https:\/\/hojassueltas.es\/#organization","name":"HOJAS SUELTAS - Peri\u00f3dico Cultural","alternateName":"HS - HOJAS SUELTAS Peri\u00f3dico Cultural","url":"https:\/\/hojassueltas.es\/","logo":{"@type":"ImageObject","inLanguage":"es","@id":"https:\/\/hojassueltas.es\/#\/schema\/logo\/image\/","url":"https:\/\/hojassueltas.es\/wp-content\/uploads\/2025\/08\/Icono-HS_2.png","contentUrl":"https:\/\/hojassueltas.es\/wp-content\/uploads\/2025\/08\/Icono-HS_2.png","width":500,"height":500,"caption":"HOJAS SUELTAS - Peri\u00f3dico Cultural"},"image":{"@id":"https:\/\/hojassueltas.es\/#\/schema\/logo\/image\/"},"sameAs":["https:\/\/x.com\/HOJASSUELTAS22"]},{"@type":"Person","@id":"https:\/\/hojassueltas.es\/#\/schema\/person\/f232bbdb834c61c90aff2245daa401c0","name":"Redacci\u00f3n","image":{"@type":"ImageObject","inLanguage":"es","@id":"https:\/\/hojassueltas.es\/wp-content\/uploads\/2026\/02\/Redaccion-2-96x96.png","url":"https:\/\/hojassueltas.es\/wp-content\/uploads\/2026\/02\/Redaccion-2-96x96.png","contentUrl":"https:\/\/hojassueltas.es\/wp-content\/uploads\/2026\/02\/Redaccion-2-96x96.png","caption":"Redacci\u00f3n"},"description":"Redacci\u00f3n de HOJAS SUELTAS","url":"https:\/\/hojassueltas.es\/?author=1"}]}},"_links":{"self":[{"href":"https:\/\/hojassueltas.es\/index.php?rest_route=\/wp\/v2\/posts\/15581","targetHints":{"allow":["GET"]}}],"collection":[{"href":"https:\/\/hojassueltas.es\/index.php?rest_route=\/wp\/v2\/posts"}],"about":[{"href":"https:\/\/hojassueltas.es\/index.php?rest_route=\/wp\/v2\/types\/post"}],"author":[{"embeddable":true,"href":"https:\/\/hojassueltas.es\/index.php?rest_route=\/wp\/v2\/users\/1"}],"replies":[{"embeddable":true,"href":"https:\/\/hojassueltas.es\/index.php?rest_route=%2Fwp%2Fv2%2Fcomments&post=15581"}],"version-history":[{"count":2,"href":"https:\/\/hojassueltas.es\/index.php?rest_route=\/wp\/v2\/posts\/15581\/revisions"}],"predecessor-version":[{"id":15583,"href":"https:\/\/hojassueltas.es\/index.php?rest_route=\/wp\/v2\/posts\/15581\/revisions\/15583"}],"wp:featuredmedia":[{"embeddable":true,"href":"https:\/\/hojassueltas.es\/index.php?rest_route=\/wp\/v2\/media\/15577"}],"wp:attachment":[{"href":"https:\/\/hojassueltas.es\/index.php?rest_route=%2Fwp%2Fv2%2Fmedia&parent=15581"}],"wp:term":[{"taxonomy":"category","embeddable":true,"href":"https:\/\/hojassueltas.es\/index.php?rest_route=%2Fwp%2Fv2%2Fcategories&post=15581"},{"taxonomy":"post_tag","embeddable":true,"href":"https:\/\/hojassueltas.es\/index.php?rest_route=%2Fwp%2Fv2%2Ftags&post=15581"}],"curies":[{"name":"wp","href":"https:\/\/api.w.org\/{rel}","templated":true}]}}