{"id":15538,"date":"2024-11-01T07:00:43","date_gmt":"2024-11-01T05:00:43","guid":{"rendered":"https:\/\/hojassueltas.es\/?p=15538"},"modified":"2025-10-18T11:03:31","modified_gmt":"2025-10-18T09:03:31","slug":"la-mirada-como-dialogo-arte-vida-y-memoria","status":"publish","type":"post","link":"https:\/\/hojassueltas.es\/?p=15538","title":{"rendered":"La mirada como di\u00e1logo: arte, vida y memoria"},"content":{"rendered":"<h3 style=\"text-align: justify;\">Miguel \u00c1ngel Hern\u00e1ndez explora la relaci\u00f3n \u00edntima entre el observador y la imagen, en una obra que une ensayo, autobiograf\u00eda y narrativa para reflexionar sobre la memoria, el tiempo y la \u00e9tica de la contemplaci\u00f3n.<\/h3>\n<p style=\"text-align: justify;\">El acto de mirar es siempre interpretativo: supone el establecimiento de una relaci\u00f3n \u00edntima que afecta tanto al observador como al objeto de su mirada. Pese al supuesto distanciamiento que suele exigirse al te\u00f3rico del arte, Miguel \u00c1ngel Hern\u00e1ndez lleva a\u00f1os aproxim\u00e1ndose as\u00ed a las im\u00e1genes para establecer con ellas un di\u00e1logo profundo en el\u00a0<em>continuum<\/em>\u00a0de arte y vida. El resultado son los textos aqu\u00ed reunidos, a medio camino entre el ensayo, la autobiograf\u00eda y la narrativa, en los que siguiendo la estela de Benjamin, Sontag y Barthes se exploran cuestiones como el valor de la memoria y su v\u00ednculo con el conocimiento, el duelo, la \u00e9tica de la mirada, las relaciones entre tecnolog\u00eda y deseo, o la percepci\u00f3n subjetiva del tiempo. A trav\u00e9s de una prosa atravesada de vivencias, iluminaciones y experimentaci\u00f3n literaria, el ejercicio de contemplar im\u00e1genes se nos revela como una experiencia vital y transformadora.<\/p>\n<p>Autor:<\/p>\n<p><strong>Miguel \u00c1ngel Hern\u00e1ndez<\/strong> (Murcia, 1977) es escritor y profesor de Historia del Arte en la Universidad de Murcia. Es autor de varios ensayos sobre arte contempor\u00e1neo y cultura visual entre los que destacan\u00a0<i>Materializar el pasado\u00a0<\/i>(<span class=\"s1\">2012<\/span>),\u00a0<i>El arte a contratiempo\u00a0<\/i>(<span class=\"s1\">2020<\/span>) y\u00a0<i>El don de la siesta\u00a0<\/i>(<span class=\"s1\">2020<\/span>), as\u00ed como de diez obras de narrativa, entre las que se cuentan las novelas\u00a0<i>Intento de escapada\u00a0<\/i>(<span class=\"s1\">2013<\/span>),\u00a0<i>El instante de peligro\u00a0<\/i>(<span class=\"s1\">2015<\/span>),\u00a0<i>El dolor de los dem\u00e1s\u00a0<\/i>(<span class=\"s1\">2018<\/span>) y\u00a0<i>Anoxia\u00a0<\/i>(<span class=\"s1\">2023<\/span>), traducidas al franc\u00e9s, alem\u00e1n, italiano e ingl\u00e9s. En Acantilado ha aparecido el ensayo\u00a0<em>Yo estoy en la imagen<\/em>\u00a0(2024).<\/p>\n<p><span style=\"font-family: impact, sans-serif;\">\u00a9 Acantilado<\/span><\/p>\n","protected":false},"excerpt":{"rendered":"<p>Miguel \u00c1ngel Hern\u00e1ndez explora la relaci\u00f3n \u00edntima entre el observador y la imagen, en una obra que une ensayo, autobiograf\u00eda y narrativa para reflexionar sobre la memoria, el tiempo y la \u00e9tica de la contemplaci\u00f3n. El acto de mirar es siempre interpretativo: supone el establecimiento de una relaci\u00f3n \u00edntima que afecta tanto al observador como [&hellip;]<\/p>\n","protected":false},"author":1,"featured_media":15539,"comment_status":"open","ping_status":"closed","sticky":false,"template":"","format":"standard","meta":{"footnotes":""},"categories":[1124],"tags":[6,141],"class_list":{"0":"post-15538","1":"post","2":"type-post","3":"status-publish","4":"format-standard","5":"has-post-thumbnail","7":"category-por-que-leer","8":"tag-acantilado-editorial","9":"tag-miguel-angel-hernandez"},"yoast_head":"<!-- This site is optimized with the Yoast SEO plugin v27.5 - https:\/\/yoast.com\/product\/yoast-seo-wordpress\/ -->\n<title>La mirada como di\u00e1logo: arte, vida y memoria | HOJAS SUELTAS Peri\u00f3dico Cultural<\/title>\n<meta name=\"description\" content=\"ENSAYO: Miguel \u00c1ngel Hern\u00e1ndez explora la relaci\u00f3n \u00edntima entre el observador y la imagen, en una obra que une ensayo, autobiograf\u00eda y narrativa para reflexionar sobre la memoria, el tiempo y la \u00e9tica de la contemplaci\u00f3n.\" \/>\n<meta name=\"robots\" content=\"index, follow, max-snippet:-1, max-image-preview:large, max-video-preview:-1\" \/>\n<link rel=\"canonical\" href=\"https:\/\/hojassueltas.es\/?p=15538\" \/>\n<meta property=\"og:locale\" content=\"es_ES\" \/>\n<meta property=\"og:type\" content=\"article\" \/>\n<meta property=\"og:title\" content=\"La mirada como di\u00e1logo: arte, vida y memoria | HOJAS SUELTAS Peri\u00f3dico Cultural\" \/>\n<meta property=\"og:description\" content=\"ENSAYO: Miguel \u00c1ngel Hern\u00e1ndez explora la relaci\u00f3n \u00edntima entre el observador y la imagen, en una obra que une ensayo, autobiograf\u00eda y narrativa para reflexionar sobre la memoria, el tiempo y la \u00e9tica de la contemplaci\u00f3n.\" \/>\n<meta property=\"og:url\" content=\"https:\/\/hojassueltas.es\/?p=15538\" \/>\n<meta property=\"og:site_name\" content=\"HOJAS SUELTAS Peri\u00f3dico Cultural\" \/>\n<meta property=\"article:published_time\" content=\"2024-11-01T05:00:43+00:00\" \/>\n<meta property=\"article:modified_time\" content=\"2025-10-18T09:03:31+00:00\" \/>\n<meta property=\"og:image\" content=\"https:\/\/hojassueltas.es\/wp-content\/uploads\/2024\/10\/Yo-estoy-en-la-imagen_H.S.png\" \/>\n\t<meta property=\"og:image:width\" content=\"1050\" \/>\n\t<meta property=\"og:image:height\" content=\"610\" \/>\n\t<meta property=\"og:image:type\" content=\"image\/png\" \/>\n<meta name=\"author\" content=\"Redacci\u00f3n\" \/>\n<meta name=\"twitter:card\" content=\"summary_large_image\" \/>\n<meta name=\"twitter:creator\" content=\"@HOJASSUELTAS22\" \/>\n<meta name=\"twitter:site\" content=\"@HOJASSUELTAS22\" \/>\n<meta name=\"twitter:label1\" content=\"Escrito por\" \/>\n\t<meta name=\"twitter:data1\" content=\"Redacci\u00f3n\" \/>\n\t<meta name=\"twitter:label2\" content=\"Tiempo de lectura\" \/>\n\t<meta name=\"twitter:data2\" content=\"2 minutos\" \/>\n<script type=\"application\/ld+json\" class=\"yoast-schema-graph\">{\"@context\":\"https:\\\/\\\/schema.org\",\"@graph\":[{\"@type\":[\"Article\",\"BlogPosting\"],\"@id\":\"https:\\\/\\\/hojassueltas.es\\\/?p=15538#article\",\"isPartOf\":{\"@id\":\"https:\\\/\\\/hojassueltas.es\\\/?p=15538\"},\"author\":{\"name\":\"Redacci\u00f3n\",\"@id\":\"https:\\\/\\\/hojassueltas.es\\\/#\\\/schema\\\/person\\\/f232bbdb834c61c90aff2245daa401c0\"},\"headline\":\"La mirada como di\u00e1logo: arte, vida y memoria\",\"datePublished\":\"2024-11-01T05:00:43+00:00\",\"dateModified\":\"2025-10-18T09:03:31+00:00\",\"mainEntityOfPage\":{\"@id\":\"https:\\\/\\\/hojassueltas.es\\\/?p=15538\"},\"wordCount\":310,\"commentCount\":0,\"publisher\":{\"@id\":\"https:\\\/\\\/hojassueltas.es\\\/#organization\"},\"image\":{\"@id\":\"https:\\\/\\\/hojassueltas.es\\\/?p=15538#primaryimage\"},\"thumbnailUrl\":\"https:\\\/\\\/hojassueltas.es\\\/wp-content\\\/uploads\\\/2024\\\/10\\\/Yo-estoy-en-la-imagen_H.S.png\",\"keywords\":[\"Acantilado Editorial\",\"Miguel \u00c1ngel Hern\u00e1ndez\"],\"articleSection\":[\"POR QU\u00c9 LEER...\"],\"inLanguage\":\"es\",\"potentialAction\":[{\"@type\":\"CommentAction\",\"name\":\"Comment\",\"target\":[\"https:\\\/\\\/hojassueltas.es\\\/?p=15538#respond\"]}]},{\"@type\":\"WebPage\",\"@id\":\"https:\\\/\\\/hojassueltas.es\\\/?p=15538\",\"url\":\"https:\\\/\\\/hojassueltas.es\\\/?p=15538\",\"name\":\"La mirada como di\u00e1logo: arte, vida y memoria | HOJAS SUELTAS Peri\u00f3dico Cultural\",\"isPartOf\":{\"@id\":\"https:\\\/\\\/hojassueltas.es\\\/#website\"},\"primaryImageOfPage\":{\"@id\":\"https:\\\/\\\/hojassueltas.es\\\/?p=15538#primaryimage\"},\"image\":{\"@id\":\"https:\\\/\\\/hojassueltas.es\\\/?p=15538#primaryimage\"},\"thumbnailUrl\":\"https:\\\/\\\/hojassueltas.es\\\/wp-content\\\/uploads\\\/2024\\\/10\\\/Yo-estoy-en-la-imagen_H.S.png\",\"datePublished\":\"2024-11-01T05:00:43+00:00\",\"dateModified\":\"2025-10-18T09:03:31+00:00\",\"description\":\"ENSAYO: Miguel \u00c1ngel Hern\u00e1ndez explora la relaci\u00f3n \u00edntima entre el observador y la imagen, en una obra que une ensayo, autobiograf\u00eda y narrativa para reflexionar sobre la memoria, el tiempo y la \u00e9tica de la contemplaci\u00f3n.\",\"breadcrumb\":{\"@id\":\"https:\\\/\\\/hojassueltas.es\\\/?p=15538#breadcrumb\"},\"inLanguage\":\"es\",\"potentialAction\":[{\"@type\":\"ReadAction\",\"target\":[\"https:\\\/\\\/hojassueltas.es\\\/?p=15538\"]}]},{\"@type\":\"ImageObject\",\"inLanguage\":\"es\",\"@id\":\"https:\\\/\\\/hojassueltas.es\\\/?p=15538#primaryimage\",\"url\":\"https:\\\/\\\/hojassueltas.es\\\/wp-content\\\/uploads\\\/2024\\\/10\\\/Yo-estoy-en-la-imagen_H.S.png\",\"contentUrl\":\"https:\\\/\\\/hojassueltas.es\\\/wp-content\\\/uploads\\\/2024\\\/10\\\/Yo-estoy-en-la-imagen_H.S.png\",\"width\":1050,\"height\":610},{\"@type\":\"BreadcrumbList\",\"@id\":\"https:\\\/\\\/hojassueltas.es\\\/?p=15538#breadcrumb\",\"itemListElement\":[{\"@type\":\"ListItem\",\"position\":1,\"name\":\"Portada\",\"item\":\"https:\\\/\\\/hojassueltas.es\\\/\"},{\"@type\":\"ListItem\",\"position\":2,\"name\":\"La mirada como di\u00e1logo: arte, vida y memoria\"}]},{\"@type\":\"WebSite\",\"@id\":\"https:\\\/\\\/hojassueltas.es\\\/#website\",\"url\":\"https:\\\/\\\/hojassueltas.es\\\/\",\"name\":\"HojasSueltas.es\",\"description\":\"GRANADA - Peri\u00f3dico Cultural\",\"publisher\":{\"@id\":\"https:\\\/\\\/hojassueltas.es\\\/#organization\"},\"alternateName\":\"H.S. Periodico Cultural\",\"potentialAction\":[{\"@type\":\"SearchAction\",\"target\":{\"@type\":\"EntryPoint\",\"urlTemplate\":\"https:\\\/\\\/hojassueltas.es\\\/?s={search_term_string}\"},\"query-input\":{\"@type\":\"PropertyValueSpecification\",\"valueRequired\":true,\"valueName\":\"search_term_string\"}}],\"inLanguage\":\"es\"},{\"@type\":\"Organization\",\"@id\":\"https:\\\/\\\/hojassueltas.es\\\/#organization\",\"name\":\"HOJAS SUELTAS - Peri\u00f3dico Cultural\",\"alternateName\":\"HS - HOJAS SUELTAS Peri\u00f3dico Cultural\",\"url\":\"https:\\\/\\\/hojassueltas.es\\\/\",\"logo\":{\"@type\":\"ImageObject\",\"inLanguage\":\"es\",\"@id\":\"https:\\\/\\\/hojassueltas.es\\\/#\\\/schema\\\/logo\\\/image\\\/\",\"url\":\"https:\\\/\\\/hojassueltas.es\\\/wp-content\\\/uploads\\\/2025\\\/08\\\/Icono-HS_2.png\",\"contentUrl\":\"https:\\\/\\\/hojassueltas.es\\\/wp-content\\\/uploads\\\/2025\\\/08\\\/Icono-HS_2.png\",\"width\":500,\"height\":500,\"caption\":\"HOJAS SUELTAS - Peri\u00f3dico Cultural\"},\"image\":{\"@id\":\"https:\\\/\\\/hojassueltas.es\\\/#\\\/schema\\\/logo\\\/image\\\/\"},\"sameAs\":[\"https:\\\/\\\/x.com\\\/HOJASSUELTAS22\"]},{\"@type\":\"Person\",\"@id\":\"https:\\\/\\\/hojassueltas.es\\\/#\\\/schema\\\/person\\\/f232bbdb834c61c90aff2245daa401c0\",\"name\":\"Redacci\u00f3n\",\"image\":{\"@type\":\"ImageObject\",\"inLanguage\":\"es\",\"@id\":\"https:\\\/\\\/hojassueltas.es\\\/wp-content\\\/uploads\\\/2026\\\/02\\\/Redaccion-2-96x96.png\",\"url\":\"https:\\\/\\\/hojassueltas.es\\\/wp-content\\\/uploads\\\/2026\\\/02\\\/Redaccion-2-96x96.png\",\"contentUrl\":\"https:\\\/\\\/hojassueltas.es\\\/wp-content\\\/uploads\\\/2026\\\/02\\\/Redaccion-2-96x96.png\",\"caption\":\"Redacci\u00f3n\"},\"description\":\"Redacci\u00f3n de HOJAS SUELTAS\",\"url\":\"https:\\\/\\\/hojassueltas.es\\\/?author=1\"}]}<\/script>\n<!-- \/ Yoast SEO plugin. -->","yoast_head_json":{"title":"La mirada como di\u00e1logo: arte, vida y memoria | HOJAS SUELTAS Peri\u00f3dico Cultural","description":"ENSAYO: Miguel \u00c1ngel Hern\u00e1ndez explora la relaci\u00f3n \u00edntima entre el observador y la imagen, en una obra que une ensayo, autobiograf\u00eda y narrativa para reflexionar sobre la memoria, el tiempo y la \u00e9tica de la contemplaci\u00f3n.","robots":{"index":"index","follow":"follow","max-snippet":"max-snippet:-1","max-image-preview":"max-image-preview:large","max-video-preview":"max-video-preview:-1"},"canonical":"https:\/\/hojassueltas.es\/?p=15538","og_locale":"es_ES","og_type":"article","og_title":"La mirada como di\u00e1logo: arte, vida y memoria | HOJAS SUELTAS Peri\u00f3dico Cultural","og_description":"ENSAYO: Miguel \u00c1ngel Hern\u00e1ndez explora la relaci\u00f3n \u00edntima entre el observador y la imagen, en una obra que une ensayo, autobiograf\u00eda y narrativa para reflexionar sobre la memoria, el tiempo y la \u00e9tica de la contemplaci\u00f3n.","og_url":"https:\/\/hojassueltas.es\/?p=15538","og_site_name":"HOJAS SUELTAS Peri\u00f3dico Cultural","article_published_time":"2024-11-01T05:00:43+00:00","article_modified_time":"2025-10-18T09:03:31+00:00","og_image":[{"width":1050,"height":610,"url":"https:\/\/hojassueltas.es\/wp-content\/uploads\/2024\/10\/Yo-estoy-en-la-imagen_H.S.png","type":"image\/png"}],"author":"Redacci\u00f3n","twitter_card":"summary_large_image","twitter_creator":"@HOJASSUELTAS22","twitter_site":"@HOJASSUELTAS22","twitter_misc":{"Escrito por":"Redacci\u00f3n","Tiempo de lectura":"2 minutos"},"schema":{"@context":"https:\/\/schema.org","@graph":[{"@type":["Article","BlogPosting"],"@id":"https:\/\/hojassueltas.es\/?p=15538#article","isPartOf":{"@id":"https:\/\/hojassueltas.es\/?p=15538"},"author":{"name":"Redacci\u00f3n","@id":"https:\/\/hojassueltas.es\/#\/schema\/person\/f232bbdb834c61c90aff2245daa401c0"},"headline":"La mirada como di\u00e1logo: arte, vida y memoria","datePublished":"2024-11-01T05:00:43+00:00","dateModified":"2025-10-18T09:03:31+00:00","mainEntityOfPage":{"@id":"https:\/\/hojassueltas.es\/?p=15538"},"wordCount":310,"commentCount":0,"publisher":{"@id":"https:\/\/hojassueltas.es\/#organization"},"image":{"@id":"https:\/\/hojassueltas.es\/?p=15538#primaryimage"},"thumbnailUrl":"https:\/\/hojassueltas.es\/wp-content\/uploads\/2024\/10\/Yo-estoy-en-la-imagen_H.S.png","keywords":["Acantilado Editorial","Miguel \u00c1ngel Hern\u00e1ndez"],"articleSection":["POR QU\u00c9 LEER..."],"inLanguage":"es","potentialAction":[{"@type":"CommentAction","name":"Comment","target":["https:\/\/hojassueltas.es\/?p=15538#respond"]}]},{"@type":"WebPage","@id":"https:\/\/hojassueltas.es\/?p=15538","url":"https:\/\/hojassueltas.es\/?p=15538","name":"La mirada como di\u00e1logo: arte, vida y memoria | HOJAS SUELTAS Peri\u00f3dico Cultural","isPartOf":{"@id":"https:\/\/hojassueltas.es\/#website"},"primaryImageOfPage":{"@id":"https:\/\/hojassueltas.es\/?p=15538#primaryimage"},"image":{"@id":"https:\/\/hojassueltas.es\/?p=15538#primaryimage"},"thumbnailUrl":"https:\/\/hojassueltas.es\/wp-content\/uploads\/2024\/10\/Yo-estoy-en-la-imagen_H.S.png","datePublished":"2024-11-01T05:00:43+00:00","dateModified":"2025-10-18T09:03:31+00:00","description":"ENSAYO: Miguel \u00c1ngel Hern\u00e1ndez explora la relaci\u00f3n \u00edntima entre el observador y la imagen, en una obra que une ensayo, autobiograf\u00eda y narrativa para reflexionar sobre la memoria, el tiempo y la \u00e9tica de la contemplaci\u00f3n.","breadcrumb":{"@id":"https:\/\/hojassueltas.es\/?p=15538#breadcrumb"},"inLanguage":"es","potentialAction":[{"@type":"ReadAction","target":["https:\/\/hojassueltas.es\/?p=15538"]}]},{"@type":"ImageObject","inLanguage":"es","@id":"https:\/\/hojassueltas.es\/?p=15538#primaryimage","url":"https:\/\/hojassueltas.es\/wp-content\/uploads\/2024\/10\/Yo-estoy-en-la-imagen_H.S.png","contentUrl":"https:\/\/hojassueltas.es\/wp-content\/uploads\/2024\/10\/Yo-estoy-en-la-imagen_H.S.png","width":1050,"height":610},{"@type":"BreadcrumbList","@id":"https:\/\/hojassueltas.es\/?p=15538#breadcrumb","itemListElement":[{"@type":"ListItem","position":1,"name":"Portada","item":"https:\/\/hojassueltas.es\/"},{"@type":"ListItem","position":2,"name":"La mirada como di\u00e1logo: arte, vida y memoria"}]},{"@type":"WebSite","@id":"https:\/\/hojassueltas.es\/#website","url":"https:\/\/hojassueltas.es\/","name":"HojasSueltas.es","description":"GRANADA - Peri\u00f3dico Cultural","publisher":{"@id":"https:\/\/hojassueltas.es\/#organization"},"alternateName":"H.S. Periodico Cultural","potentialAction":[{"@type":"SearchAction","target":{"@type":"EntryPoint","urlTemplate":"https:\/\/hojassueltas.es\/?s={search_term_string}"},"query-input":{"@type":"PropertyValueSpecification","valueRequired":true,"valueName":"search_term_string"}}],"inLanguage":"es"},{"@type":"Organization","@id":"https:\/\/hojassueltas.es\/#organization","name":"HOJAS SUELTAS - Peri\u00f3dico Cultural","alternateName":"HS - HOJAS SUELTAS Peri\u00f3dico Cultural","url":"https:\/\/hojassueltas.es\/","logo":{"@type":"ImageObject","inLanguage":"es","@id":"https:\/\/hojassueltas.es\/#\/schema\/logo\/image\/","url":"https:\/\/hojassueltas.es\/wp-content\/uploads\/2025\/08\/Icono-HS_2.png","contentUrl":"https:\/\/hojassueltas.es\/wp-content\/uploads\/2025\/08\/Icono-HS_2.png","width":500,"height":500,"caption":"HOJAS SUELTAS - Peri\u00f3dico Cultural"},"image":{"@id":"https:\/\/hojassueltas.es\/#\/schema\/logo\/image\/"},"sameAs":["https:\/\/x.com\/HOJASSUELTAS22"]},{"@type":"Person","@id":"https:\/\/hojassueltas.es\/#\/schema\/person\/f232bbdb834c61c90aff2245daa401c0","name":"Redacci\u00f3n","image":{"@type":"ImageObject","inLanguage":"es","@id":"https:\/\/hojassueltas.es\/wp-content\/uploads\/2026\/02\/Redaccion-2-96x96.png","url":"https:\/\/hojassueltas.es\/wp-content\/uploads\/2026\/02\/Redaccion-2-96x96.png","contentUrl":"https:\/\/hojassueltas.es\/wp-content\/uploads\/2026\/02\/Redaccion-2-96x96.png","caption":"Redacci\u00f3n"},"description":"Redacci\u00f3n de HOJAS SUELTAS","url":"https:\/\/hojassueltas.es\/?author=1"}]}},"_links":{"self":[{"href":"https:\/\/hojassueltas.es\/index.php?rest_route=\/wp\/v2\/posts\/15538","targetHints":{"allow":["GET"]}}],"collection":[{"href":"https:\/\/hojassueltas.es\/index.php?rest_route=\/wp\/v2\/posts"}],"about":[{"href":"https:\/\/hojassueltas.es\/index.php?rest_route=\/wp\/v2\/types\/post"}],"author":[{"embeddable":true,"href":"https:\/\/hojassueltas.es\/index.php?rest_route=\/wp\/v2\/users\/1"}],"replies":[{"embeddable":true,"href":"https:\/\/hojassueltas.es\/index.php?rest_route=%2Fwp%2Fv2%2Fcomments&post=15538"}],"version-history":[{"count":1,"href":"https:\/\/hojassueltas.es\/index.php?rest_route=\/wp\/v2\/posts\/15538\/revisions"}],"predecessor-version":[{"id":15540,"href":"https:\/\/hojassueltas.es\/index.php?rest_route=\/wp\/v2\/posts\/15538\/revisions\/15540"}],"wp:featuredmedia":[{"embeddable":true,"href":"https:\/\/hojassueltas.es\/index.php?rest_route=\/wp\/v2\/media\/15539"}],"wp:attachment":[{"href":"https:\/\/hojassueltas.es\/index.php?rest_route=%2Fwp%2Fv2%2Fmedia&parent=15538"}],"wp:term":[{"taxonomy":"category","embeddable":true,"href":"https:\/\/hojassueltas.es\/index.php?rest_route=%2Fwp%2Fv2%2Fcategories&post=15538"},{"taxonomy":"post_tag","embeddable":true,"href":"https:\/\/hojassueltas.es\/index.php?rest_route=%2Fwp%2Fv2%2Ftags&post=15538"}],"curies":[{"name":"wp","href":"https:\/\/api.w.org\/{rel}","templated":true}]}}