{"id":15531,"date":"2024-10-30T07:00:48","date_gmt":"2024-10-30T05:00:48","guid":{"rendered":"https:\/\/hojassueltas.es\/?p=15531"},"modified":"2025-10-18T11:03:32","modified_gmt":"2025-10-18T09:03:32","slug":"el-soldado-desafinado-una-busqueda-entre-las-sombras-de-la-guerra","status":"publish","type":"post","link":"https:\/\/hojassueltas.es\/?p=15531","title":{"rendered":"El soldado desafinado: una b\u00fasqueda entre las sombras de la guerra"},"content":{"rendered":"<h3 style=\"text-align: justify;\">En el Par\u00eds de los a\u00f1os veinte, un veterano se enfrenta a los fantasmas de la Gran Guerra en una misi\u00f3n que lo lleva a descubrir una historia de amor y esperanza en un continente al borde de un nuevo conflicto.<\/h3>\n<p style=\"text-align: justify;\">En el Par\u00eds de los a\u00f1os veinte, un veterano recibe la misi\u00f3n de encontrar a un soldado desaparecido durante la Gran Guerra. En busca de \u00c9mile, se adentra en los campos de batalla, ahora fr\u00edos, e interroga a testigos que solo quieren olvidar. Pero en ese caleidoscopio de relatos de dolor y sangre emerge una incre\u00edble historia de amor en medio del infierno. A medida que su rastreo avanza, sobre toda Europa comienzan a soplar nuevos vientos de guerra y nuestro h\u00e9roe se aferra a esta misi\u00f3n desesperada, \u00fanica luz en un mundo que se hunde en las tinieblas.<br \/>\nEmotiva, llena de poes\u00eda y con la cadencia de una melanc\u00f3lica canci\u00f3n,\u00a0<em>El soldado desafinado<\/em>\u00a0atraviesa la destrucci\u00f3n total de la guerra, las vidas truncadas y la existencia de aquellos que sobrevivieron con el alma rota hasta convertirse en una investigaci\u00f3n vibrante, casi detectivesca, en la que el lector est\u00e1 en vilo hasta el final, impulsado por atisbos de esperanza pero consciente de que quien ha combatido llevar\u00e1 la guerra consigo, bajo la piel, para siempre.<br \/>\nGilles Marchand \u00abvuela alto, en perfecto equilibrio entre las atrocidades de la guerra y la novela on\u00edrica\u00bb (<em>Ouest-France<\/em>) con una obra que se ha convertido en una de las grandes revelaciones de las letras francesas recientes, que ha cautivado por igual a lectores y cr\u00edtica y que ha recibido numerosos reconocimientos como el prestigioso Premio de los libreros, concedido por m\u00e1s de dos mil libreros independientes en Francia.<\/p>\n<p>Autor:<\/p>\n<p class=\"Title_paginaTitle__4gFz3 paginaTitle \"><strong>Gilles Marchand.<\/strong>-Naci\u00f3 en 1976 en Burdeos. Bater\u00eda en una banda de rock, comenz\u00f3 a escribir cuentos en 2010. Autor de cuatro novelas previas, ha recibido galardones como el Premio Points Seuil a la mejor novela franc\u00f3fona. Con <em>El soldado desafinado<\/em>\u00a0(Seix Barral, 2024) recibi\u00f3, entre otros, el Prix des Libraires, concedido por m\u00e1s de dos mil libreros independientes en Francia.<\/p>\n<p><span style=\"font-family: impact, sans-serif;\">\u00a9 Seix Barral<\/span><\/p>\n","protected":false},"excerpt":{"rendered":"<p>En el Par\u00eds de los a\u00f1os veinte, un veterano se enfrenta a los fantasmas de la Gran Guerra en una misi\u00f3n que lo lleva a descubrir una historia de amor y esperanza en un continente al borde de un nuevo conflicto. En el Par\u00eds de los a\u00f1os veinte, un veterano recibe la misi\u00f3n de encontrar [&hellip;]<\/p>\n","protected":false},"author":1,"featured_media":15532,"comment_status":"open","ping_status":"closed","sticky":false,"template":"","format":"standard","meta":{"footnotes":""},"categories":[1124],"tags":[2012,155],"class_list":{"0":"post-15531","1":"post","2":"type-post","3":"status-publish","4":"format-standard","5":"has-post-thumbnail","7":"category-por-que-leer","8":"tag-gilles-marchand","9":"tag-seix-barral"},"yoast_head":"<!-- This site is optimized with the Yoast SEO plugin v27.5 - https:\/\/yoast.com\/product\/yoast-seo-wordpress\/ -->\n<title>El soldado desafinado: una b\u00fasqueda entre las sombras de la guerra | HOJAS SUELTAS Peri\u00f3dico Cultural<\/title>\n<meta name=\"description\" content=\"NARRATIVA CONTEMPOR\u00c1NEA: En el Par\u00eds de los a\u00f1os veinte, un veterano se enfrenta a los fantasmas de la Gran Guerra en una misi\u00f3n que lo lleva a descubrir una historia de amor y esperanza en un continente al borde de un nuevo conflicto.\" \/>\n<meta name=\"robots\" content=\"index, follow, max-snippet:-1, max-image-preview:large, max-video-preview:-1\" \/>\n<link rel=\"canonical\" href=\"https:\/\/hojassueltas.es\/?p=15531\" \/>\n<meta property=\"og:locale\" content=\"es_ES\" \/>\n<meta property=\"og:type\" content=\"article\" \/>\n<meta property=\"og:title\" content=\"El soldado desafinado: una b\u00fasqueda entre las sombras de la guerra | HOJAS SUELTAS Peri\u00f3dico Cultural\" \/>\n<meta property=\"og:description\" content=\"NARRATIVA CONTEMPOR\u00c1NEA: En el Par\u00eds de los a\u00f1os veinte, un veterano se enfrenta a los fantasmas de la Gran Guerra en una misi\u00f3n que lo lleva a descubrir una historia de amor y esperanza en un continente al borde de un nuevo conflicto.\" \/>\n<meta property=\"og:url\" content=\"https:\/\/hojassueltas.es\/?p=15531\" \/>\n<meta property=\"og:site_name\" content=\"HOJAS SUELTAS Peri\u00f3dico Cultural\" \/>\n<meta property=\"article:published_time\" content=\"2024-10-30T05:00:48+00:00\" \/>\n<meta property=\"article:modified_time\" content=\"2025-10-18T09:03:32+00:00\" \/>\n<meta property=\"og:image\" content=\"https:\/\/hojassueltas.es\/wp-content\/uploads\/2024\/10\/El-soldado-deafinado_H.S.png\" \/>\n\t<meta property=\"og:image:width\" content=\"1050\" \/>\n\t<meta property=\"og:image:height\" content=\"610\" \/>\n\t<meta property=\"og:image:type\" content=\"image\/png\" \/>\n<meta name=\"author\" content=\"Redacci\u00f3n\" \/>\n<meta name=\"twitter:card\" content=\"summary_large_image\" \/>\n<meta name=\"twitter:creator\" content=\"@HOJASSUELTAS22\" \/>\n<meta name=\"twitter:site\" content=\"@HOJASSUELTAS22\" \/>\n<meta name=\"twitter:label1\" content=\"Escrito por\" \/>\n\t<meta name=\"twitter:data1\" content=\"Redacci\u00f3n\" \/>\n\t<meta name=\"twitter:label2\" content=\"Tiempo de lectura\" \/>\n\t<meta name=\"twitter:data2\" content=\"2 minutos\" \/>\n<script type=\"application\/ld+json\" class=\"yoast-schema-graph\">{\"@context\":\"https:\\\/\\\/schema.org\",\"@graph\":[{\"@type\":[\"Article\",\"BlogPosting\"],\"@id\":\"https:\\\/\\\/hojassueltas.es\\\/?p=15531#article\",\"isPartOf\":{\"@id\":\"https:\\\/\\\/hojassueltas.es\\\/?p=15531\"},\"author\":{\"name\":\"Redacci\u00f3n\",\"@id\":\"https:\\\/\\\/hojassueltas.es\\\/#\\\/schema\\\/person\\\/f232bbdb834c61c90aff2245daa401c0\"},\"headline\":\"El soldado desafinado: una b\u00fasqueda entre las sombras de la guerra\",\"datePublished\":\"2024-10-30T05:00:48+00:00\",\"dateModified\":\"2025-10-18T09:03:32+00:00\",\"mainEntityOfPage\":{\"@id\":\"https:\\\/\\\/hojassueltas.es\\\/?p=15531\"},\"wordCount\":378,\"commentCount\":0,\"publisher\":{\"@id\":\"https:\\\/\\\/hojassueltas.es\\\/#organization\"},\"image\":{\"@id\":\"https:\\\/\\\/hojassueltas.es\\\/?p=15531#primaryimage\"},\"thumbnailUrl\":\"https:\\\/\\\/hojassueltas.es\\\/wp-content\\\/uploads\\\/2024\\\/10\\\/El-soldado-deafinado_H.S.png\",\"keywords\":[\"Gilles Marchand.\",\"Seix Barral\"],\"articleSection\":[\"POR QU\u00c9 LEER...\"],\"inLanguage\":\"es\",\"potentialAction\":[{\"@type\":\"CommentAction\",\"name\":\"Comment\",\"target\":[\"https:\\\/\\\/hojassueltas.es\\\/?p=15531#respond\"]}]},{\"@type\":\"WebPage\",\"@id\":\"https:\\\/\\\/hojassueltas.es\\\/?p=15531\",\"url\":\"https:\\\/\\\/hojassueltas.es\\\/?p=15531\",\"name\":\"El soldado desafinado: una b\u00fasqueda entre las sombras de la guerra | HOJAS SUELTAS Peri\u00f3dico Cultural\",\"isPartOf\":{\"@id\":\"https:\\\/\\\/hojassueltas.es\\\/#website\"},\"primaryImageOfPage\":{\"@id\":\"https:\\\/\\\/hojassueltas.es\\\/?p=15531#primaryimage\"},\"image\":{\"@id\":\"https:\\\/\\\/hojassueltas.es\\\/?p=15531#primaryimage\"},\"thumbnailUrl\":\"https:\\\/\\\/hojassueltas.es\\\/wp-content\\\/uploads\\\/2024\\\/10\\\/El-soldado-deafinado_H.S.png\",\"datePublished\":\"2024-10-30T05:00:48+00:00\",\"dateModified\":\"2025-10-18T09:03:32+00:00\",\"description\":\"NARRATIVA CONTEMPOR\u00c1NEA: En el Par\u00eds de los a\u00f1os veinte, un veterano se enfrenta a los fantasmas de la Gran Guerra en una misi\u00f3n que lo lleva a descubrir una historia de amor y esperanza en un continente al borde de un nuevo conflicto.\",\"breadcrumb\":{\"@id\":\"https:\\\/\\\/hojassueltas.es\\\/?p=15531#breadcrumb\"},\"inLanguage\":\"es\",\"potentialAction\":[{\"@type\":\"ReadAction\",\"target\":[\"https:\\\/\\\/hojassueltas.es\\\/?p=15531\"]}]},{\"@type\":\"ImageObject\",\"inLanguage\":\"es\",\"@id\":\"https:\\\/\\\/hojassueltas.es\\\/?p=15531#primaryimage\",\"url\":\"https:\\\/\\\/hojassueltas.es\\\/wp-content\\\/uploads\\\/2024\\\/10\\\/El-soldado-deafinado_H.S.png\",\"contentUrl\":\"https:\\\/\\\/hojassueltas.es\\\/wp-content\\\/uploads\\\/2024\\\/10\\\/El-soldado-deafinado_H.S.png\",\"width\":1050,\"height\":610},{\"@type\":\"BreadcrumbList\",\"@id\":\"https:\\\/\\\/hojassueltas.es\\\/?p=15531#breadcrumb\",\"itemListElement\":[{\"@type\":\"ListItem\",\"position\":1,\"name\":\"Portada\",\"item\":\"https:\\\/\\\/hojassueltas.es\\\/\"},{\"@type\":\"ListItem\",\"position\":2,\"name\":\"El soldado desafinado: una b\u00fasqueda entre las sombras de la guerra\"}]},{\"@type\":\"WebSite\",\"@id\":\"https:\\\/\\\/hojassueltas.es\\\/#website\",\"url\":\"https:\\\/\\\/hojassueltas.es\\\/\",\"name\":\"HojasSueltas.es\",\"description\":\"GRANADA - Peri\u00f3dico Cultural\",\"publisher\":{\"@id\":\"https:\\\/\\\/hojassueltas.es\\\/#organization\"},\"alternateName\":\"H.S. Periodico Cultural\",\"potentialAction\":[{\"@type\":\"SearchAction\",\"target\":{\"@type\":\"EntryPoint\",\"urlTemplate\":\"https:\\\/\\\/hojassueltas.es\\\/?s={search_term_string}\"},\"query-input\":{\"@type\":\"PropertyValueSpecification\",\"valueRequired\":true,\"valueName\":\"search_term_string\"}}],\"inLanguage\":\"es\"},{\"@type\":\"Organization\",\"@id\":\"https:\\\/\\\/hojassueltas.es\\\/#organization\",\"name\":\"HOJAS SUELTAS - Peri\u00f3dico Cultural\",\"alternateName\":\"HS - HOJAS SUELTAS Peri\u00f3dico Cultural\",\"url\":\"https:\\\/\\\/hojassueltas.es\\\/\",\"logo\":{\"@type\":\"ImageObject\",\"inLanguage\":\"es\",\"@id\":\"https:\\\/\\\/hojassueltas.es\\\/#\\\/schema\\\/logo\\\/image\\\/\",\"url\":\"https:\\\/\\\/hojassueltas.es\\\/wp-content\\\/uploads\\\/2025\\\/08\\\/Icono-HS_2.png\",\"contentUrl\":\"https:\\\/\\\/hojassueltas.es\\\/wp-content\\\/uploads\\\/2025\\\/08\\\/Icono-HS_2.png\",\"width\":500,\"height\":500,\"caption\":\"HOJAS SUELTAS - Peri\u00f3dico Cultural\"},\"image\":{\"@id\":\"https:\\\/\\\/hojassueltas.es\\\/#\\\/schema\\\/logo\\\/image\\\/\"},\"sameAs\":[\"https:\\\/\\\/x.com\\\/HOJASSUELTAS22\"]},{\"@type\":\"Person\",\"@id\":\"https:\\\/\\\/hojassueltas.es\\\/#\\\/schema\\\/person\\\/f232bbdb834c61c90aff2245daa401c0\",\"name\":\"Redacci\u00f3n\",\"image\":{\"@type\":\"ImageObject\",\"inLanguage\":\"es\",\"@id\":\"https:\\\/\\\/hojassueltas.es\\\/wp-content\\\/uploads\\\/2026\\\/02\\\/Redaccion-2-96x96.png\",\"url\":\"https:\\\/\\\/hojassueltas.es\\\/wp-content\\\/uploads\\\/2026\\\/02\\\/Redaccion-2-96x96.png\",\"contentUrl\":\"https:\\\/\\\/hojassueltas.es\\\/wp-content\\\/uploads\\\/2026\\\/02\\\/Redaccion-2-96x96.png\",\"caption\":\"Redacci\u00f3n\"},\"description\":\"Redacci\u00f3n de HOJAS SUELTAS\",\"url\":\"https:\\\/\\\/hojassueltas.es\\\/?author=1\"}]}<\/script>\n<!-- \/ Yoast SEO plugin. -->","yoast_head_json":{"title":"El soldado desafinado: una b\u00fasqueda entre las sombras de la guerra | HOJAS SUELTAS Peri\u00f3dico Cultural","description":"NARRATIVA CONTEMPOR\u00c1NEA: En el Par\u00eds de los a\u00f1os veinte, un veterano se enfrenta a los fantasmas de la Gran Guerra en una misi\u00f3n que lo lleva a descubrir una historia de amor y esperanza en un continente al borde de un nuevo conflicto.","robots":{"index":"index","follow":"follow","max-snippet":"max-snippet:-1","max-image-preview":"max-image-preview:large","max-video-preview":"max-video-preview:-1"},"canonical":"https:\/\/hojassueltas.es\/?p=15531","og_locale":"es_ES","og_type":"article","og_title":"El soldado desafinado: una b\u00fasqueda entre las sombras de la guerra | HOJAS SUELTAS Peri\u00f3dico Cultural","og_description":"NARRATIVA CONTEMPOR\u00c1NEA: En el Par\u00eds de los a\u00f1os veinte, un veterano se enfrenta a los fantasmas de la Gran Guerra en una misi\u00f3n que lo lleva a descubrir una historia de amor y esperanza en un continente al borde de un nuevo conflicto.","og_url":"https:\/\/hojassueltas.es\/?p=15531","og_site_name":"HOJAS SUELTAS Peri\u00f3dico Cultural","article_published_time":"2024-10-30T05:00:48+00:00","article_modified_time":"2025-10-18T09:03:32+00:00","og_image":[{"width":1050,"height":610,"url":"https:\/\/hojassueltas.es\/wp-content\/uploads\/2024\/10\/El-soldado-deafinado_H.S.png","type":"image\/png"}],"author":"Redacci\u00f3n","twitter_card":"summary_large_image","twitter_creator":"@HOJASSUELTAS22","twitter_site":"@HOJASSUELTAS22","twitter_misc":{"Escrito por":"Redacci\u00f3n","Tiempo de lectura":"2 minutos"},"schema":{"@context":"https:\/\/schema.org","@graph":[{"@type":["Article","BlogPosting"],"@id":"https:\/\/hojassueltas.es\/?p=15531#article","isPartOf":{"@id":"https:\/\/hojassueltas.es\/?p=15531"},"author":{"name":"Redacci\u00f3n","@id":"https:\/\/hojassueltas.es\/#\/schema\/person\/f232bbdb834c61c90aff2245daa401c0"},"headline":"El soldado desafinado: una b\u00fasqueda entre las sombras de la guerra","datePublished":"2024-10-30T05:00:48+00:00","dateModified":"2025-10-18T09:03:32+00:00","mainEntityOfPage":{"@id":"https:\/\/hojassueltas.es\/?p=15531"},"wordCount":378,"commentCount":0,"publisher":{"@id":"https:\/\/hojassueltas.es\/#organization"},"image":{"@id":"https:\/\/hojassueltas.es\/?p=15531#primaryimage"},"thumbnailUrl":"https:\/\/hojassueltas.es\/wp-content\/uploads\/2024\/10\/El-soldado-deafinado_H.S.png","keywords":["Gilles Marchand.","Seix Barral"],"articleSection":["POR QU\u00c9 LEER..."],"inLanguage":"es","potentialAction":[{"@type":"CommentAction","name":"Comment","target":["https:\/\/hojassueltas.es\/?p=15531#respond"]}]},{"@type":"WebPage","@id":"https:\/\/hojassueltas.es\/?p=15531","url":"https:\/\/hojassueltas.es\/?p=15531","name":"El soldado desafinado: una b\u00fasqueda entre las sombras de la guerra | HOJAS SUELTAS Peri\u00f3dico Cultural","isPartOf":{"@id":"https:\/\/hojassueltas.es\/#website"},"primaryImageOfPage":{"@id":"https:\/\/hojassueltas.es\/?p=15531#primaryimage"},"image":{"@id":"https:\/\/hojassueltas.es\/?p=15531#primaryimage"},"thumbnailUrl":"https:\/\/hojassueltas.es\/wp-content\/uploads\/2024\/10\/El-soldado-deafinado_H.S.png","datePublished":"2024-10-30T05:00:48+00:00","dateModified":"2025-10-18T09:03:32+00:00","description":"NARRATIVA CONTEMPOR\u00c1NEA: En el Par\u00eds de los a\u00f1os veinte, un veterano se enfrenta a los fantasmas de la Gran Guerra en una misi\u00f3n que lo lleva a descubrir una historia de amor y esperanza en un continente al borde de un nuevo conflicto.","breadcrumb":{"@id":"https:\/\/hojassueltas.es\/?p=15531#breadcrumb"},"inLanguage":"es","potentialAction":[{"@type":"ReadAction","target":["https:\/\/hojassueltas.es\/?p=15531"]}]},{"@type":"ImageObject","inLanguage":"es","@id":"https:\/\/hojassueltas.es\/?p=15531#primaryimage","url":"https:\/\/hojassueltas.es\/wp-content\/uploads\/2024\/10\/El-soldado-deafinado_H.S.png","contentUrl":"https:\/\/hojassueltas.es\/wp-content\/uploads\/2024\/10\/El-soldado-deafinado_H.S.png","width":1050,"height":610},{"@type":"BreadcrumbList","@id":"https:\/\/hojassueltas.es\/?p=15531#breadcrumb","itemListElement":[{"@type":"ListItem","position":1,"name":"Portada","item":"https:\/\/hojassueltas.es\/"},{"@type":"ListItem","position":2,"name":"El soldado desafinado: una b\u00fasqueda entre las sombras de la guerra"}]},{"@type":"WebSite","@id":"https:\/\/hojassueltas.es\/#website","url":"https:\/\/hojassueltas.es\/","name":"HojasSueltas.es","description":"GRANADA - Peri\u00f3dico Cultural","publisher":{"@id":"https:\/\/hojassueltas.es\/#organization"},"alternateName":"H.S. Periodico Cultural","potentialAction":[{"@type":"SearchAction","target":{"@type":"EntryPoint","urlTemplate":"https:\/\/hojassueltas.es\/?s={search_term_string}"},"query-input":{"@type":"PropertyValueSpecification","valueRequired":true,"valueName":"search_term_string"}}],"inLanguage":"es"},{"@type":"Organization","@id":"https:\/\/hojassueltas.es\/#organization","name":"HOJAS SUELTAS - Peri\u00f3dico Cultural","alternateName":"HS - HOJAS SUELTAS Peri\u00f3dico Cultural","url":"https:\/\/hojassueltas.es\/","logo":{"@type":"ImageObject","inLanguage":"es","@id":"https:\/\/hojassueltas.es\/#\/schema\/logo\/image\/","url":"https:\/\/hojassueltas.es\/wp-content\/uploads\/2025\/08\/Icono-HS_2.png","contentUrl":"https:\/\/hojassueltas.es\/wp-content\/uploads\/2025\/08\/Icono-HS_2.png","width":500,"height":500,"caption":"HOJAS SUELTAS - Peri\u00f3dico Cultural"},"image":{"@id":"https:\/\/hojassueltas.es\/#\/schema\/logo\/image\/"},"sameAs":["https:\/\/x.com\/HOJASSUELTAS22"]},{"@type":"Person","@id":"https:\/\/hojassueltas.es\/#\/schema\/person\/f232bbdb834c61c90aff2245daa401c0","name":"Redacci\u00f3n","image":{"@type":"ImageObject","inLanguage":"es","@id":"https:\/\/hojassueltas.es\/wp-content\/uploads\/2026\/02\/Redaccion-2-96x96.png","url":"https:\/\/hojassueltas.es\/wp-content\/uploads\/2026\/02\/Redaccion-2-96x96.png","contentUrl":"https:\/\/hojassueltas.es\/wp-content\/uploads\/2026\/02\/Redaccion-2-96x96.png","caption":"Redacci\u00f3n"},"description":"Redacci\u00f3n de HOJAS SUELTAS","url":"https:\/\/hojassueltas.es\/?author=1"}]}},"_links":{"self":[{"href":"https:\/\/hojassueltas.es\/index.php?rest_route=\/wp\/v2\/posts\/15531","targetHints":{"allow":["GET"]}}],"collection":[{"href":"https:\/\/hojassueltas.es\/index.php?rest_route=\/wp\/v2\/posts"}],"about":[{"href":"https:\/\/hojassueltas.es\/index.php?rest_route=\/wp\/v2\/types\/post"}],"author":[{"embeddable":true,"href":"https:\/\/hojassueltas.es\/index.php?rest_route=\/wp\/v2\/users\/1"}],"replies":[{"embeddable":true,"href":"https:\/\/hojassueltas.es\/index.php?rest_route=%2Fwp%2Fv2%2Fcomments&post=15531"}],"version-history":[{"count":1,"href":"https:\/\/hojassueltas.es\/index.php?rest_route=\/wp\/v2\/posts\/15531\/revisions"}],"predecessor-version":[{"id":15533,"href":"https:\/\/hojassueltas.es\/index.php?rest_route=\/wp\/v2\/posts\/15531\/revisions\/15533"}],"wp:featuredmedia":[{"embeddable":true,"href":"https:\/\/hojassueltas.es\/index.php?rest_route=\/wp\/v2\/media\/15532"}],"wp:attachment":[{"href":"https:\/\/hojassueltas.es\/index.php?rest_route=%2Fwp%2Fv2%2Fmedia&parent=15531"}],"wp:term":[{"taxonomy":"category","embeddable":true,"href":"https:\/\/hojassueltas.es\/index.php?rest_route=%2Fwp%2Fv2%2Fcategories&post=15531"},{"taxonomy":"post_tag","embeddable":true,"href":"https:\/\/hojassueltas.es\/index.php?rest_route=%2Fwp%2Fv2%2Ftags&post=15531"}],"curies":[{"name":"wp","href":"https:\/\/api.w.org\/{rel}","templated":true}]}}