{"id":15438,"date":"2024-12-14T07:00:17","date_gmt":"2024-12-14T05:00:17","guid":{"rendered":"https:\/\/hojassueltas.es\/?p=15438"},"modified":"2025-10-20T15:02:11","modified_gmt":"2025-10-20T13:02:11","slug":"la-conciencia-de-zeno-de-italo-svevo","status":"publish","type":"post","link":"https:\/\/hojassueltas.es\/?p=15438","title":{"rendered":"La conciencia de Zeno, de Italo Svevo"},"content":{"rendered":"<p style=\"text-align: justify;\">Hay gente que se mira al espejo y no sabe qui\u00e9n es: necesitar\u00eda la vida entera para explicarse su propia vida, distinguir los buenos prop\u00f3sitos de las malas acciones, los meros sue\u00f1os de las realidades. As\u00ed le ocurre a Zeno Cosini, el protagonista de\u00a0<em>La conciencia de Zeno\u00a0<\/em>(1923): trata de descubrirse a s\u00ed mismo a trav\u00e9s de la escritura para quiz\u00e1s comprender al final que no hay nada que descubrir, o si lo hay, que no tiene importancia. Italo Svevo (1861-1928) escribi\u00f3 una de las cumbres narrativas del siglo XX desde la perspectiva ir\u00f3nica de un hombre que no sabe hacia d\u00f3nde se dirige pero sin embargo quiere saber el motivo de su ignorancia.<\/p>\n<p style=\"text-align: justify;\">El primer detalle que llama la atenci\u00f3n de esta gran comedia psicol\u00f3gica es su abierto sentido del humor. Humor basado en lo grotesco y en la paradoja, en la iron\u00eda y la mezquindad de una vida rid\u00edcula, que hace pasar al lector momentos deliciosamente divertidos mientras contempla las peripecias tragic\u00f3micas de un personaje inolvidable.<\/p>\n<p style=\"text-align: justify;\">Ya desde el principio comprendemos que en la novela hay algo extra\u00f1o: la confesi\u00f3n de Zeno no le llega al lector por su propia mano, sino que es su psicoanalista quien la presenta al p\u00fablico, como venganza contra \u00e9l. Y eso que es el mismo psicoanalista quien alienta a Zeno a que escriba su vida para curarse de su irresistible adicci\u00f3n por la nicotina. A ello Zeno responde con estas memorias trufadas de verdades y mentiras que lo van delatando a cada paso gracias a una autoindulgencia pasmosa e infantil que no se percata de las discordancias de la narraci\u00f3n.<\/p>\n<p style=\"text-align: justify;\">Podr\u00edamos decir que Zeno es un hombre con una preocupaci\u00f3n metaf\u00edsica, infinitamente rico en buenos prop\u00f3sitos pero infinitamente pobre en buenas acciones, aunque esto ser\u00eda decir poco. Zeno, en verdad, es un tipo c\u00ednico, extravagante, mani\u00e1tico y atolondrado, holgaz\u00e1n, moralista, desvergonzado e irresponsable, que decide escribir sus memorias con fines terap\u00e9uticos sin creer en la terapia, con el \u00fanico objetivo de enga\u00f1ar a su psicoanalista, de cuyos progresos con \u00e9l no cree una palabra. Lo mejor que podr\u00edamos decir de \u00e9l es que levanta la conmiseraci\u00f3n del lector a cada p\u00e1gina.<\/p>\n<p style=\"text-align: justify;\">Lo vemos luchando contra el que seguro ser\u00e1 su \u00faltimo cigarrillo, anotando escrupulosamente en los libros, en las paredes, en cualquier sitio, la fecha en que dejar\u00e1 su vicio, fumando otra vez el cigarrillo m\u00e1s intenso, que siempre es el \u00faltimo, el que le demostrar\u00e1 que es un placer seguir fumando.\u00a0<em>La conciencia de Zeno\u00a0<\/em>no es un buen libro para quien quiera dejar de fumar. El cigarrillo se convierte en una pasi\u00f3n, en una tortura, en una obsesi\u00f3n. Como es una obsesi\u00f3n para Zeno el estar enfermo, porque Zeno es tambi\u00e9n un hipocondr\u00edaco impenitente, un perfecto enfermo imaginario. Y es un enfermo por simpat\u00eda: el d\u00eda que se encuentra a un amigo con muletas, aquejado de artritis, \u00e9ste le dice que caminar es muy complicado: movemos 54 m\u00fasculos cada vez que damos un paso. Convencido de tal dificultad, desde ese momento, Zeno empezar\u00e1 a cojear, aquejado de un mal del que parad\u00f3jicamente quiere desprenderse. A lo largo del relato, la enfermedad se ir\u00e1 revelando como una convincente disculpa dispuesta para mantener su vida segura y apacible, porque para el enfermo todas son atenciones.<\/p>\n<p style=\"text-align: justify;\">Leyendo sus memorias, entendemos que a Zeno no le ocurren las cosas sino que las cosas le ocurren a \u00e9l, y adem\u00e1s de una forma esperp\u00e9ntica. Hay una escena reveladora: el d\u00eda que, sin saber muy bien por qu\u00e9, se convence de que tiene que casarse, se declara a tres hermanas en pocos minutos: la primera lo rechaza; la segunda, le muestra su indiferencia y la tercera, que es la m\u00e1s fea, es la que lo admite, con lo que \u00e9l queda satisfecho. Pero Zeno, adem\u00e1s, tiene mucha suerte: ser\u00e1 \u00e9ste un matrimonio feliz, porque su mujer representar\u00e1 la imagen de la salud integradora en un mundo de seguridades aceptadas y transmitidas. Y como buen burgu\u00e9s, tambi\u00e9n ser\u00e1 un ad\u00faltero perplejo, amante de una mujer a la que no ama ni desea y que le sirve precisamente para amar m\u00e1s a su mujer.<\/p>\n<p style=\"text-align: justify;\">Para Zeno, la realidad ser\u00e1 como un horizonte al que nunca se llega. Ese \u00faltimo cigarrillo que nunca ser\u00e1 el \u00faltimo es la imagen m\u00e1s evidente de un postergador nato, un hombre que piensa que es mejor dejar para ma\u00f1ana lo que podr\u00eda hacer hoy, como el propio Italo Svevo, empleado de banca y comerciante, violinista aficionado, postergador puro, que dej\u00f3 d\u00eda a d\u00eda durante veinte a\u00f1os la redacci\u00f3n de esta extraordinaria novela. Zeno ser\u00e1 un experto en viajar desde la incertidumbre ante las elecciones de la vida para despu\u00e9s refugiarse en artima\u00f1as psicol\u00f3gicas con las que no aceptar algunos de los caminos que la vida le brinda.<\/p>\n<p style=\"text-align: justify;\"><em>La conciencia de Zeno\u00a0<\/em>es un monumento de inteligencia, iron\u00eda, pesimismo, humor y finura en la observaci\u00f3n de las debilidades del ser humano. La mirada del personaje ir\u00e1 construyendo las justificaciones que le permiten ir esquivando cualquier tipo de responsabilidad sobre los peque\u00f1os fingimientos, las peque\u00f1as traiciones y mezquindades sobre sus propios actos, una mirada inevitablemente miope, titubeante, cotidiana y sentimental que, siendo todo eso, resulta ser enormemente reveladora de la fragilidad humana.\u00a0<em>La conciencia de Zeno<\/em>, en definitiva, es la conciencia de la propia mediocridad, que nos ense\u00f1a a re\u00edrnos de la vida con una lucidez que pone las cosas en su justo, peque\u00f1o y ef\u00edmero sitio humano.<\/p>\n<p><span style=\"font-family: impact, sans-serif;\">\u00a9 Jos\u00e9 Luis Alvarado. Todos los derechos reservados. (Cicutadry)<\/span><\/p>\n","protected":false},"excerpt":{"rendered":"<p>Hay gente que se mira al espejo y no sabe qui\u00e9n es: necesitar\u00eda la vida entera para explicarse su propia vida, distinguir los buenos prop\u00f3sitos de las malas acciones, los meros sue\u00f1os de las realidades. As\u00ed le ocurre a Zeno Cosini, el protagonista de\u00a0La conciencia de Zeno\u00a0(1923): trata de descubrirse a s\u00ed mismo a trav\u00e9s [&hellip;]<\/p>\n","protected":false},"author":38,"featured_media":15439,"comment_status":"open","ping_status":"closed","sticky":false,"template":"","format":"standard","meta":{"footnotes":""},"categories":[1124,74],"tags":[1997],"class_list":{"0":"post-15438","1":"post","2":"type-post","3":"status-publish","4":"format-standard","5":"has-post-thumbnail","7":"category-por-que-leer","8":"category-resenas","9":"tag-italo-svevo"},"yoast_head":"<!-- This site is optimized with the Yoast SEO plugin v27.5 - https:\/\/yoast.com\/product\/yoast-seo-wordpress\/ -->\n<title>La conciencia de Zeno, de Italo Svevo | HOJAS SUELTAS Peri\u00f3dico Cultural<\/title>\n<meta name=\"description\" content=\"RESE\u00d1A de Jos\u00e9 Luis Alvarado: Hay gente que se mira al espejo y no sabe qui\u00e9n es: necesitar\u00eda la vida entera para explicarse su propia vida, distinguir los buenos prop\u00f3sitos de las malas acciones\" \/>\n<meta name=\"robots\" content=\"index, follow, max-snippet:-1, max-image-preview:large, max-video-preview:-1\" \/>\n<link rel=\"canonical\" href=\"https:\/\/hojassueltas.es\/?p=15438\" \/>\n<meta property=\"og:locale\" content=\"es_ES\" \/>\n<meta property=\"og:type\" content=\"article\" \/>\n<meta property=\"og:title\" content=\"La conciencia de Zeno, de Italo Svevo | HOJAS SUELTAS Peri\u00f3dico Cultural\" \/>\n<meta property=\"og:description\" content=\"RESE\u00d1A de Jos\u00e9 Luis Alvarado: Hay gente que se mira al espejo y no sabe qui\u00e9n es: necesitar\u00eda la vida entera para explicarse su propia vida, distinguir los buenos prop\u00f3sitos de las malas acciones\" \/>\n<meta property=\"og:url\" content=\"https:\/\/hojassueltas.es\/?p=15438\" \/>\n<meta property=\"og:site_name\" content=\"HOJAS SUELTAS Peri\u00f3dico Cultural\" \/>\n<meta property=\"article:published_time\" content=\"2024-12-14T05:00:17+00:00\" \/>\n<meta property=\"article:modified_time\" content=\"2025-10-20T13:02:11+00:00\" \/>\n<meta property=\"og:image\" content=\"https:\/\/hojassueltas.es\/wp-content\/uploads\/2024\/10\/La-conciencia-de-Zeno_H.S.png\" \/>\n\t<meta property=\"og:image:width\" content=\"1050\" \/>\n\t<meta property=\"og:image:height\" content=\"610\" \/>\n\t<meta property=\"og:image:type\" content=\"image\/png\" \/>\n<meta name=\"author\" content=\"Jos\u00e9 Luis Alvarado\" \/>\n<meta name=\"twitter:card\" content=\"summary_large_image\" \/>\n<meta name=\"twitter:creator\" content=\"@HOJASSUELTAS22\" \/>\n<meta name=\"twitter:site\" content=\"@HOJASSUELTAS22\" \/>\n<meta name=\"twitter:label1\" content=\"Escrito por\" \/>\n\t<meta name=\"twitter:data1\" content=\"Jos\u00e9 Luis Alvarado\" \/>\n\t<meta name=\"twitter:label2\" content=\"Tiempo de lectura\" \/>\n\t<meta name=\"twitter:data2\" content=\"5 minutos\" \/>\n<script type=\"application\/ld+json\" class=\"yoast-schema-graph\">{\"@context\":\"https:\\\/\\\/schema.org\",\"@graph\":[{\"@type\":[\"Article\",\"BlogPosting\"],\"@id\":\"https:\\\/\\\/hojassueltas.es\\\/?p=15438#article\",\"isPartOf\":{\"@id\":\"https:\\\/\\\/hojassueltas.es\\\/?p=15438\"},\"author\":{\"name\":\"Jos\u00e9 Luis Alvarado\",\"@id\":\"https:\\\/\\\/hojassueltas.es\\\/#\\\/schema\\\/person\\\/0fd366c26625fc84c65a74d3da2c6d17\"},\"headline\":\"La conciencia de Zeno, de Italo Svevo\",\"datePublished\":\"2024-12-14T05:00:17+00:00\",\"dateModified\":\"2025-10-20T13:02:11+00:00\",\"mainEntityOfPage\":{\"@id\":\"https:\\\/\\\/hojassueltas.es\\\/?p=15438\"},\"wordCount\":985,\"commentCount\":0,\"publisher\":{\"@id\":\"https:\\\/\\\/hojassueltas.es\\\/#organization\"},\"image\":{\"@id\":\"https:\\\/\\\/hojassueltas.es\\\/?p=15438#primaryimage\"},\"thumbnailUrl\":\"https:\\\/\\\/hojassueltas.es\\\/wp-content\\\/uploads\\\/2024\\\/10\\\/La-conciencia-de-Zeno_H.S.png\",\"keywords\":[\"Italo Svevo\"],\"articleSection\":[\"POR QU\u00c9 LEER...\",\"RESE\u00d1AS\"],\"inLanguage\":\"es\",\"potentialAction\":[{\"@type\":\"CommentAction\",\"name\":\"Comment\",\"target\":[\"https:\\\/\\\/hojassueltas.es\\\/?p=15438#respond\"]}]},{\"@type\":\"WebPage\",\"@id\":\"https:\\\/\\\/hojassueltas.es\\\/?p=15438\",\"url\":\"https:\\\/\\\/hojassueltas.es\\\/?p=15438\",\"name\":\"La conciencia de Zeno, de Italo Svevo | HOJAS SUELTAS Peri\u00f3dico Cultural\",\"isPartOf\":{\"@id\":\"https:\\\/\\\/hojassueltas.es\\\/#website\"},\"primaryImageOfPage\":{\"@id\":\"https:\\\/\\\/hojassueltas.es\\\/?p=15438#primaryimage\"},\"image\":{\"@id\":\"https:\\\/\\\/hojassueltas.es\\\/?p=15438#primaryimage\"},\"thumbnailUrl\":\"https:\\\/\\\/hojassueltas.es\\\/wp-content\\\/uploads\\\/2024\\\/10\\\/La-conciencia-de-Zeno_H.S.png\",\"datePublished\":\"2024-12-14T05:00:17+00:00\",\"dateModified\":\"2025-10-20T13:02:11+00:00\",\"description\":\"RESE\u00d1A de Jos\u00e9 Luis Alvarado: Hay gente que se mira al espejo y no sabe qui\u00e9n es: necesitar\u00eda la vida entera para explicarse su propia vida, distinguir los buenos prop\u00f3sitos de las malas acciones\",\"breadcrumb\":{\"@id\":\"https:\\\/\\\/hojassueltas.es\\\/?p=15438#breadcrumb\"},\"inLanguage\":\"es\",\"potentialAction\":[{\"@type\":\"ReadAction\",\"target\":[\"https:\\\/\\\/hojassueltas.es\\\/?p=15438\"]}]},{\"@type\":\"ImageObject\",\"inLanguage\":\"es\",\"@id\":\"https:\\\/\\\/hojassueltas.es\\\/?p=15438#primaryimage\",\"url\":\"https:\\\/\\\/hojassueltas.es\\\/wp-content\\\/uploads\\\/2024\\\/10\\\/La-conciencia-de-Zeno_H.S.png\",\"contentUrl\":\"https:\\\/\\\/hojassueltas.es\\\/wp-content\\\/uploads\\\/2024\\\/10\\\/La-conciencia-de-Zeno_H.S.png\",\"width\":1050,\"height\":610},{\"@type\":\"BreadcrumbList\",\"@id\":\"https:\\\/\\\/hojassueltas.es\\\/?p=15438#breadcrumb\",\"itemListElement\":[{\"@type\":\"ListItem\",\"position\":1,\"name\":\"Portada\",\"item\":\"https:\\\/\\\/hojassueltas.es\\\/\"},{\"@type\":\"ListItem\",\"position\":2,\"name\":\"La conciencia de Zeno, de Italo Svevo\"}]},{\"@type\":\"WebSite\",\"@id\":\"https:\\\/\\\/hojassueltas.es\\\/#website\",\"url\":\"https:\\\/\\\/hojassueltas.es\\\/\",\"name\":\"HojasSueltas.es\",\"description\":\"GRANADA - Peri\u00f3dico Cultural\",\"publisher\":{\"@id\":\"https:\\\/\\\/hojassueltas.es\\\/#organization\"},\"alternateName\":\"H.S. Periodico Cultural\",\"potentialAction\":[{\"@type\":\"SearchAction\",\"target\":{\"@type\":\"EntryPoint\",\"urlTemplate\":\"https:\\\/\\\/hojassueltas.es\\\/?s={search_term_string}\"},\"query-input\":{\"@type\":\"PropertyValueSpecification\",\"valueRequired\":true,\"valueName\":\"search_term_string\"}}],\"inLanguage\":\"es\"},{\"@type\":\"Organization\",\"@id\":\"https:\\\/\\\/hojassueltas.es\\\/#organization\",\"name\":\"HOJAS SUELTAS - Peri\u00f3dico Cultural\",\"alternateName\":\"HS - HOJAS SUELTAS Peri\u00f3dico Cultural\",\"url\":\"https:\\\/\\\/hojassueltas.es\\\/\",\"logo\":{\"@type\":\"ImageObject\",\"inLanguage\":\"es\",\"@id\":\"https:\\\/\\\/hojassueltas.es\\\/#\\\/schema\\\/logo\\\/image\\\/\",\"url\":\"https:\\\/\\\/hojassueltas.es\\\/wp-content\\\/uploads\\\/2025\\\/08\\\/Icono-HS_2.png\",\"contentUrl\":\"https:\\\/\\\/hojassueltas.es\\\/wp-content\\\/uploads\\\/2025\\\/08\\\/Icono-HS_2.png\",\"width\":500,\"height\":500,\"caption\":\"HOJAS SUELTAS - Peri\u00f3dico Cultural\"},\"image\":{\"@id\":\"https:\\\/\\\/hojassueltas.es\\\/#\\\/schema\\\/logo\\\/image\\\/\"},\"sameAs\":[\"https:\\\/\\\/x.com\\\/HOJASSUELTAS22\"]},{\"@type\":\"Person\",\"@id\":\"https:\\\/\\\/hojassueltas.es\\\/#\\\/schema\\\/person\\\/0fd366c26625fc84c65a74d3da2c6d17\",\"name\":\"Jos\u00e9 Luis Alvarado\",\"image\":{\"@type\":\"ImageObject\",\"inLanguage\":\"es\",\"@id\":\"https:\\\/\\\/hojassueltas.es\\\/wp-content\\\/uploads\\\/2023\\\/04\\\/jefe-96x96.png\",\"url\":\"https:\\\/\\\/hojassueltas.es\\\/wp-content\\\/uploads\\\/2023\\\/04\\\/jefe-96x96.png\",\"contentUrl\":\"https:\\\/\\\/hojassueltas.es\\\/wp-content\\\/uploads\\\/2023\\\/04\\\/jefe-96x96.png\",\"caption\":\"Jos\u00e9 Luis Alvarado\"},\"description\":\"Dijo el sabio griego que nada es comunicable por el arte de la escritura; tras apurar la copa de seca cicuta, su disc\u00edpulo dilecto lo traicion\u00f3 y acaso lo perfeccion\u00f3 transmitiendo por escrito sus ir\u00f3nicos conocimientos. Como antes hiciera Montaigne, pienso que la obra de un autor se prolonga y modifica cada vez que se escribe sobre ella. La memoria, que fue oral y minoritaria, ahora se multiplica con cada palabra que integra y justifica el continuo universo, tambi\u00e9n llamado la Red.\",\"url\":\"https:\\\/\\\/hojassueltas.es\\\/?author=38\"}]}<\/script>\n<!-- \/ Yoast SEO plugin. -->","yoast_head_json":{"title":"La conciencia de Zeno, de Italo Svevo | HOJAS SUELTAS Peri\u00f3dico Cultural","description":"RESE\u00d1A de Jos\u00e9 Luis Alvarado: Hay gente que se mira al espejo y no sabe qui\u00e9n es: necesitar\u00eda la vida entera para explicarse su propia vida, distinguir los buenos prop\u00f3sitos de las malas acciones","robots":{"index":"index","follow":"follow","max-snippet":"max-snippet:-1","max-image-preview":"max-image-preview:large","max-video-preview":"max-video-preview:-1"},"canonical":"https:\/\/hojassueltas.es\/?p=15438","og_locale":"es_ES","og_type":"article","og_title":"La conciencia de Zeno, de Italo Svevo | HOJAS SUELTAS Peri\u00f3dico Cultural","og_description":"RESE\u00d1A de Jos\u00e9 Luis Alvarado: Hay gente que se mira al espejo y no sabe qui\u00e9n es: necesitar\u00eda la vida entera para explicarse su propia vida, distinguir los buenos prop\u00f3sitos de las malas acciones","og_url":"https:\/\/hojassueltas.es\/?p=15438","og_site_name":"HOJAS SUELTAS Peri\u00f3dico Cultural","article_published_time":"2024-12-14T05:00:17+00:00","article_modified_time":"2025-10-20T13:02:11+00:00","og_image":[{"width":1050,"height":610,"url":"https:\/\/hojassueltas.es\/wp-content\/uploads\/2024\/10\/La-conciencia-de-Zeno_H.S.png","type":"image\/png"}],"author":"Jos\u00e9 Luis Alvarado","twitter_card":"summary_large_image","twitter_creator":"@HOJASSUELTAS22","twitter_site":"@HOJASSUELTAS22","twitter_misc":{"Escrito por":"Jos\u00e9 Luis Alvarado","Tiempo de lectura":"5 minutos"},"schema":{"@context":"https:\/\/schema.org","@graph":[{"@type":["Article","BlogPosting"],"@id":"https:\/\/hojassueltas.es\/?p=15438#article","isPartOf":{"@id":"https:\/\/hojassueltas.es\/?p=15438"},"author":{"name":"Jos\u00e9 Luis Alvarado","@id":"https:\/\/hojassueltas.es\/#\/schema\/person\/0fd366c26625fc84c65a74d3da2c6d17"},"headline":"La conciencia de Zeno, de Italo Svevo","datePublished":"2024-12-14T05:00:17+00:00","dateModified":"2025-10-20T13:02:11+00:00","mainEntityOfPage":{"@id":"https:\/\/hojassueltas.es\/?p=15438"},"wordCount":985,"commentCount":0,"publisher":{"@id":"https:\/\/hojassueltas.es\/#organization"},"image":{"@id":"https:\/\/hojassueltas.es\/?p=15438#primaryimage"},"thumbnailUrl":"https:\/\/hojassueltas.es\/wp-content\/uploads\/2024\/10\/La-conciencia-de-Zeno_H.S.png","keywords":["Italo Svevo"],"articleSection":["POR QU\u00c9 LEER...","RESE\u00d1AS"],"inLanguage":"es","potentialAction":[{"@type":"CommentAction","name":"Comment","target":["https:\/\/hojassueltas.es\/?p=15438#respond"]}]},{"@type":"WebPage","@id":"https:\/\/hojassueltas.es\/?p=15438","url":"https:\/\/hojassueltas.es\/?p=15438","name":"La conciencia de Zeno, de Italo Svevo | HOJAS SUELTAS Peri\u00f3dico Cultural","isPartOf":{"@id":"https:\/\/hojassueltas.es\/#website"},"primaryImageOfPage":{"@id":"https:\/\/hojassueltas.es\/?p=15438#primaryimage"},"image":{"@id":"https:\/\/hojassueltas.es\/?p=15438#primaryimage"},"thumbnailUrl":"https:\/\/hojassueltas.es\/wp-content\/uploads\/2024\/10\/La-conciencia-de-Zeno_H.S.png","datePublished":"2024-12-14T05:00:17+00:00","dateModified":"2025-10-20T13:02:11+00:00","description":"RESE\u00d1A de Jos\u00e9 Luis Alvarado: Hay gente que se mira al espejo y no sabe qui\u00e9n es: necesitar\u00eda la vida entera para explicarse su propia vida, distinguir los buenos prop\u00f3sitos de las malas acciones","breadcrumb":{"@id":"https:\/\/hojassueltas.es\/?p=15438#breadcrumb"},"inLanguage":"es","potentialAction":[{"@type":"ReadAction","target":["https:\/\/hojassueltas.es\/?p=15438"]}]},{"@type":"ImageObject","inLanguage":"es","@id":"https:\/\/hojassueltas.es\/?p=15438#primaryimage","url":"https:\/\/hojassueltas.es\/wp-content\/uploads\/2024\/10\/La-conciencia-de-Zeno_H.S.png","contentUrl":"https:\/\/hojassueltas.es\/wp-content\/uploads\/2024\/10\/La-conciencia-de-Zeno_H.S.png","width":1050,"height":610},{"@type":"BreadcrumbList","@id":"https:\/\/hojassueltas.es\/?p=15438#breadcrumb","itemListElement":[{"@type":"ListItem","position":1,"name":"Portada","item":"https:\/\/hojassueltas.es\/"},{"@type":"ListItem","position":2,"name":"La conciencia de Zeno, de Italo Svevo"}]},{"@type":"WebSite","@id":"https:\/\/hojassueltas.es\/#website","url":"https:\/\/hojassueltas.es\/","name":"HojasSueltas.es","description":"GRANADA - Peri\u00f3dico Cultural","publisher":{"@id":"https:\/\/hojassueltas.es\/#organization"},"alternateName":"H.S. Periodico Cultural","potentialAction":[{"@type":"SearchAction","target":{"@type":"EntryPoint","urlTemplate":"https:\/\/hojassueltas.es\/?s={search_term_string}"},"query-input":{"@type":"PropertyValueSpecification","valueRequired":true,"valueName":"search_term_string"}}],"inLanguage":"es"},{"@type":"Organization","@id":"https:\/\/hojassueltas.es\/#organization","name":"HOJAS SUELTAS - Peri\u00f3dico Cultural","alternateName":"HS - HOJAS SUELTAS Peri\u00f3dico Cultural","url":"https:\/\/hojassueltas.es\/","logo":{"@type":"ImageObject","inLanguage":"es","@id":"https:\/\/hojassueltas.es\/#\/schema\/logo\/image\/","url":"https:\/\/hojassueltas.es\/wp-content\/uploads\/2025\/08\/Icono-HS_2.png","contentUrl":"https:\/\/hojassueltas.es\/wp-content\/uploads\/2025\/08\/Icono-HS_2.png","width":500,"height":500,"caption":"HOJAS SUELTAS - Peri\u00f3dico Cultural"},"image":{"@id":"https:\/\/hojassueltas.es\/#\/schema\/logo\/image\/"},"sameAs":["https:\/\/x.com\/HOJASSUELTAS22"]},{"@type":"Person","@id":"https:\/\/hojassueltas.es\/#\/schema\/person\/0fd366c26625fc84c65a74d3da2c6d17","name":"Jos\u00e9 Luis Alvarado","image":{"@type":"ImageObject","inLanguage":"es","@id":"https:\/\/hojassueltas.es\/wp-content\/uploads\/2023\/04\/jefe-96x96.png","url":"https:\/\/hojassueltas.es\/wp-content\/uploads\/2023\/04\/jefe-96x96.png","contentUrl":"https:\/\/hojassueltas.es\/wp-content\/uploads\/2023\/04\/jefe-96x96.png","caption":"Jos\u00e9 Luis Alvarado"},"description":"Dijo el sabio griego que nada es comunicable por el arte de la escritura; tras apurar la copa de seca cicuta, su disc\u00edpulo dilecto lo traicion\u00f3 y acaso lo perfeccion\u00f3 transmitiendo por escrito sus ir\u00f3nicos conocimientos. Como antes hiciera Montaigne, pienso que la obra de un autor se prolonga y modifica cada vez que se escribe sobre ella. La memoria, que fue oral y minoritaria, ahora se multiplica con cada palabra que integra y justifica el continuo universo, tambi\u00e9n llamado la Red.","url":"https:\/\/hojassueltas.es\/?author=38"}]}},"_links":{"self":[{"href":"https:\/\/hojassueltas.es\/index.php?rest_route=\/wp\/v2\/posts\/15438","targetHints":{"allow":["GET"]}}],"collection":[{"href":"https:\/\/hojassueltas.es\/index.php?rest_route=\/wp\/v2\/posts"}],"about":[{"href":"https:\/\/hojassueltas.es\/index.php?rest_route=\/wp\/v2\/types\/post"}],"author":[{"embeddable":true,"href":"https:\/\/hojassueltas.es\/index.php?rest_route=\/wp\/v2\/users\/38"}],"replies":[{"embeddable":true,"href":"https:\/\/hojassueltas.es\/index.php?rest_route=%2Fwp%2Fv2%2Fcomments&post=15438"}],"version-history":[{"count":1,"href":"https:\/\/hojassueltas.es\/index.php?rest_route=\/wp\/v2\/posts\/15438\/revisions"}],"predecessor-version":[{"id":15440,"href":"https:\/\/hojassueltas.es\/index.php?rest_route=\/wp\/v2\/posts\/15438\/revisions\/15440"}],"wp:featuredmedia":[{"embeddable":true,"href":"https:\/\/hojassueltas.es\/index.php?rest_route=\/wp\/v2\/media\/15439"}],"wp:attachment":[{"href":"https:\/\/hojassueltas.es\/index.php?rest_route=%2Fwp%2Fv2%2Fmedia&parent=15438"}],"wp:term":[{"taxonomy":"category","embeddable":true,"href":"https:\/\/hojassueltas.es\/index.php?rest_route=%2Fwp%2Fv2%2Fcategories&post=15438"},{"taxonomy":"post_tag","embeddable":true,"href":"https:\/\/hojassueltas.es\/index.php?rest_route=%2Fwp%2Fv2%2Ftags&post=15438"}],"curies":[{"name":"wp","href":"https:\/\/api.w.org\/{rel}","templated":true}]}}