{"id":15188,"date":"2024-10-21T00:00:03","date_gmt":"2024-10-20T22:00:03","guid":{"rendered":"https:\/\/hojassueltas.es\/?p=15188"},"modified":"2025-10-18T11:03:32","modified_gmt":"2025-10-18T09:03:32","slug":"boca-de-lobo-la-memoria-oscura-de-1937","status":"publish","type":"post","link":"https:\/\/hojassueltas.es\/?p=15188","title":{"rendered":"Boca de lobo: la memoria oscura de 1937"},"content":{"rendered":"<h3 style=\"text-align: justify;\">Antonio Soler revive el horror del \u00e9xodo malague\u00f1o y las cicatrices de una Espa\u00f1a desgarrada por la guerra civil, a trav\u00e9s del testimonio de dos familias atrapadas en el curso implacable de la Historia.<\/h3>\n<p style=\"text-align: justify;\">Antonio Soler, Premio Nacional de la Cr\u00edtica en dos ocasiones, nos traslada a la M\u00e1laga de 1937 en esta emocionante novela que rescata de la memoria un tr\u00e1gico episodio injustamente olvidado.<\/p>\n<p style=\"text-align: justify;\">\u00abEse fue\u00a0el cuento de mi infancia. El m\u00e1s impresionante. El cuento que siempre le ped\u00eda a mi abuela materna que me contara.\u00a0Su viaje al infierno. All\u00ed siempre estaba el lobo acechando. Mostrando los colmillos afilados, su sed de sangre. El lobo que vino todos los d\u00edas. No hab\u00eda encantamientos, brujas ni monstruos de tres cabezas que pudieran compararse con aquella historia\u00bb.<\/p>\n<p style=\"text-align: justify;\">El lobo que persigui\u00f3 a miles de hombres, mujeres, ni\u00f1os que hu\u00edan de M\u00e1laga en febrero de 1937. Una carretera tortuosa, un r\u00edo de personas, animales y veh\u00edculos sobre el que aparec\u00eda el estruendo de los motores, el zumbido de las bombas y la metralla. A su paso, amasijos de ropa y carne en la cuneta. Sangre, lodo, humo. La silueta de un perro negro. Un hombre ahorcado. Un ni\u00f1o muerto dentro de una maleta\u2026 El lobo que atacaba a los que hu\u00edan en un \u00e9xodo masivo, s\u00ed, pero tambi\u00e9n el de la\u00a0M\u00e1laga invadida, donde se dispone a vengar los desmanes cometidos por los rojos, ya sea en los hijos de ese color maldito o no. El lobo que corre por las calles en el\u00a0Madrid\u00a0del \u00abNo pasar\u00e1n\u00bb, que no gru\u00f1e ni a\u00falla. Busca, muerde, desgarra. Ejecuta.<\/p>\n<p style=\"text-align: justify;\">En el \u00e9xodo malague\u00f1o, en Madrid, qu\u00e9 bien resistes, en la Casablanca que recibe exiliados al principio de la guerra, en el frente de Levante al final de ella, se encuentran\u00a0miembros de dos familias, los Soler y los Marcos, que son el reflejo de unos seres arrastrados por el peso de la Historia.\u00a0De las peripecias de esas dos familias, separadas, a veces extraviadas, habla este cuento \u2014ojal\u00e1 no fuera verdadero\u2014. Antonio, descendiente de esas dos sagas, recoge con palabras propias y prestadas, de sus familiares y de otros protagonistas, el testimonio directo de quienes sobrevivieron\u00a0<em>rabiosamente<\/em>\u00a0cuando \u00abtodo era boca de lobo y el viento aullaba como si tambi\u00e9n el aire se hubiese contagiado del alma oscura de las bestias\u00bb.<\/p>\n<p>Autor:<\/p>\n<p style=\"text-align: justify;\"><strong>Antonio Soler<\/strong>\u00a0(M\u00e1laga, 1956). Autor, entre otras, de las novelas\u00a0<em>Las bailarinas muertas\u00a0<\/em>(premio Herralde y premio Nacional de la Cr\u00edtica)<em>, El nombre que ahora digo\u00a0<\/em>(premio Primavera),<em>\u00a0El camino de los ingleses\u00a0<\/em>(premio Nadal)<em>, El sue\u00f1o del caim\u00e1n, Sur\u00a0<\/em>(recibi\u00f3 los premios Juan Goytisolo, Nacional de la Cr\u00edtica, Francisco Umbral, Dulce Chac\u00f3n y Andaluc\u00eda de la Cr\u00edtica),<em>\u00a0Sacramento\u00a0<\/em>y\u00a0<em>Yo que fui un perro<\/em>. Sus libros se han traducido a una docena de idiomas. Pertenece a la convulsa Orden de Caballeros del Finnegans.<\/p>\n<p><span style=\"font-family: impact, sans-serif;\">\u00a9 Espasa<\/span><\/p>\n","protected":false},"excerpt":{"rendered":"<p>Antonio Soler revive el horror del \u00e9xodo malague\u00f1o y las cicatrices de una Espa\u00f1a desgarrada por la guerra civil, a trav\u00e9s del testimonio de dos familias atrapadas en el curso implacable de la Historia. Antonio Soler, Premio Nacional de la Cr\u00edtica en dos ocasiones, nos traslada a la M\u00e1laga de 1937 en esta emocionante novela [&hellip;]<\/p>\n","protected":false},"author":1,"featured_media":15189,"comment_status":"open","ping_status":"closed","sticky":false,"template":"","format":"standard","meta":{"footnotes":""},"categories":[1124],"tags":[1703,257],"class_list":{"0":"post-15188","1":"post","2":"type-post","3":"status-publish","4":"format-standard","5":"has-post-thumbnail","7":"category-por-que-leer","8":"tag-antonio-soler","9":"tag-espasa-editorial"},"yoast_head":"<!-- This site is optimized with the Yoast SEO plugin v27.5 - https:\/\/yoast.com\/product\/yoast-seo-wordpress\/ -->\n<title>Boca de lobo: la memoria oscura de 1937 | HOJAS SUELTAS Peri\u00f3dico Cultural<\/title>\n<meta name=\"description\" content=\"NARRATIVA CONTEMPOR\u00c1NEA: Antonio Soler revive el horror del \u00e9xodo malague\u00f1o y las cicatrices de una Espa\u00f1a desgarrada por la guerra civil, a trav\u00e9s del testimonio de dos familias atrapadas en el curso implacable de la Historia.\" \/>\n<meta name=\"robots\" content=\"index, follow, max-snippet:-1, max-image-preview:large, max-video-preview:-1\" \/>\n<link rel=\"canonical\" href=\"https:\/\/hojassueltas.es\/?p=15188\" \/>\n<meta property=\"og:locale\" content=\"es_ES\" \/>\n<meta property=\"og:type\" content=\"article\" \/>\n<meta property=\"og:title\" content=\"Boca de lobo: la memoria oscura de 1937 | HOJAS SUELTAS Peri\u00f3dico Cultural\" \/>\n<meta property=\"og:description\" content=\"NARRATIVA CONTEMPOR\u00c1NEA: Antonio Soler revive el horror del \u00e9xodo malague\u00f1o y las cicatrices de una Espa\u00f1a desgarrada por la guerra civil, a trav\u00e9s del testimonio de dos familias atrapadas en el curso implacable de la Historia.\" \/>\n<meta property=\"og:url\" content=\"https:\/\/hojassueltas.es\/?p=15188\" \/>\n<meta property=\"og:site_name\" content=\"HOJAS SUELTAS Peri\u00f3dico Cultural\" \/>\n<meta property=\"article:published_time\" content=\"2024-10-20T22:00:03+00:00\" \/>\n<meta property=\"article:modified_time\" content=\"2025-10-18T09:03:32+00:00\" \/>\n<meta property=\"og:image\" content=\"https:\/\/hojassueltas.es\/wp-content\/uploads\/2024\/10\/El-dia-del-lobo-H.S.png\" \/>\n\t<meta property=\"og:image:width\" content=\"1050\" \/>\n\t<meta property=\"og:image:height\" content=\"610\" \/>\n\t<meta property=\"og:image:type\" content=\"image\/png\" \/>\n<meta name=\"author\" content=\"Redacci\u00f3n\" \/>\n<meta name=\"twitter:card\" content=\"summary_large_image\" \/>\n<meta name=\"twitter:creator\" content=\"@HOJASSUELTAS22\" \/>\n<meta name=\"twitter:site\" content=\"@HOJASSUELTAS22\" \/>\n<meta name=\"twitter:label1\" content=\"Escrito por\" \/>\n\t<meta name=\"twitter:data1\" content=\"Redacci\u00f3n\" \/>\n\t<meta name=\"twitter:label2\" content=\"Tiempo de lectura\" \/>\n\t<meta name=\"twitter:data2\" content=\"3 minutos\" \/>\n<script type=\"application\/ld+json\" class=\"yoast-schema-graph\">{\"@context\":\"https:\\\/\\\/schema.org\",\"@graph\":[{\"@type\":[\"Article\",\"BlogPosting\"],\"@id\":\"https:\\\/\\\/hojassueltas.es\\\/?p=15188#article\",\"isPartOf\":{\"@id\":\"https:\\\/\\\/hojassueltas.es\\\/?p=15188\"},\"author\":{\"name\":\"Redacci\u00f3n\",\"@id\":\"https:\\\/\\\/hojassueltas.es\\\/#\\\/schema\\\/person\\\/f232bbdb834c61c90aff2245daa401c0\"},\"headline\":\"Boca de lobo: la memoria oscura de 1937\",\"datePublished\":\"2024-10-20T22:00:03+00:00\",\"dateModified\":\"2025-10-18T09:03:32+00:00\",\"mainEntityOfPage\":{\"@id\":\"https:\\\/\\\/hojassueltas.es\\\/?p=15188\"},\"wordCount\":512,\"commentCount\":0,\"publisher\":{\"@id\":\"https:\\\/\\\/hojassueltas.es\\\/#organization\"},\"image\":{\"@id\":\"https:\\\/\\\/hojassueltas.es\\\/?p=15188#primaryimage\"},\"thumbnailUrl\":\"https:\\\/\\\/hojassueltas.es\\\/wp-content\\\/uploads\\\/2024\\\/10\\\/El-dia-del-lobo-H.S.png\",\"keywords\":[\"Antonio Soler\",\"Espasa Editorial\"],\"articleSection\":[\"POR QU\u00c9 LEER...\"],\"inLanguage\":\"es\",\"potentialAction\":[{\"@type\":\"CommentAction\",\"name\":\"Comment\",\"target\":[\"https:\\\/\\\/hojassueltas.es\\\/?p=15188#respond\"]}]},{\"@type\":\"WebPage\",\"@id\":\"https:\\\/\\\/hojassueltas.es\\\/?p=15188\",\"url\":\"https:\\\/\\\/hojassueltas.es\\\/?p=15188\",\"name\":\"Boca de lobo: la memoria oscura de 1937 | HOJAS SUELTAS Peri\u00f3dico Cultural\",\"isPartOf\":{\"@id\":\"https:\\\/\\\/hojassueltas.es\\\/#website\"},\"primaryImageOfPage\":{\"@id\":\"https:\\\/\\\/hojassueltas.es\\\/?p=15188#primaryimage\"},\"image\":{\"@id\":\"https:\\\/\\\/hojassueltas.es\\\/?p=15188#primaryimage\"},\"thumbnailUrl\":\"https:\\\/\\\/hojassueltas.es\\\/wp-content\\\/uploads\\\/2024\\\/10\\\/El-dia-del-lobo-H.S.png\",\"datePublished\":\"2024-10-20T22:00:03+00:00\",\"dateModified\":\"2025-10-18T09:03:32+00:00\",\"description\":\"NARRATIVA CONTEMPOR\u00c1NEA: Antonio Soler revive el horror del \u00e9xodo malague\u00f1o y las cicatrices de una Espa\u00f1a desgarrada por la guerra civil, a trav\u00e9s del testimonio de dos familias atrapadas en el curso implacable de la Historia.\",\"breadcrumb\":{\"@id\":\"https:\\\/\\\/hojassueltas.es\\\/?p=15188#breadcrumb\"},\"inLanguage\":\"es\",\"potentialAction\":[{\"@type\":\"ReadAction\",\"target\":[\"https:\\\/\\\/hojassueltas.es\\\/?p=15188\"]}]},{\"@type\":\"ImageObject\",\"inLanguage\":\"es\",\"@id\":\"https:\\\/\\\/hojassueltas.es\\\/?p=15188#primaryimage\",\"url\":\"https:\\\/\\\/hojassueltas.es\\\/wp-content\\\/uploads\\\/2024\\\/10\\\/El-dia-del-lobo-H.S.png\",\"contentUrl\":\"https:\\\/\\\/hojassueltas.es\\\/wp-content\\\/uploads\\\/2024\\\/10\\\/El-dia-del-lobo-H.S.png\",\"width\":1050,\"height\":610},{\"@type\":\"BreadcrumbList\",\"@id\":\"https:\\\/\\\/hojassueltas.es\\\/?p=15188#breadcrumb\",\"itemListElement\":[{\"@type\":\"ListItem\",\"position\":1,\"name\":\"Portada\",\"item\":\"https:\\\/\\\/hojassueltas.es\\\/\"},{\"@type\":\"ListItem\",\"position\":2,\"name\":\"Boca de lobo: la memoria oscura de 1937\"}]},{\"@type\":\"WebSite\",\"@id\":\"https:\\\/\\\/hojassueltas.es\\\/#website\",\"url\":\"https:\\\/\\\/hojassueltas.es\\\/\",\"name\":\"HojasSueltas.es\",\"description\":\"GRANADA - Peri\u00f3dico Cultural\",\"publisher\":{\"@id\":\"https:\\\/\\\/hojassueltas.es\\\/#organization\"},\"alternateName\":\"H.S. Periodico Cultural\",\"potentialAction\":[{\"@type\":\"SearchAction\",\"target\":{\"@type\":\"EntryPoint\",\"urlTemplate\":\"https:\\\/\\\/hojassueltas.es\\\/?s={search_term_string}\"},\"query-input\":{\"@type\":\"PropertyValueSpecification\",\"valueRequired\":true,\"valueName\":\"search_term_string\"}}],\"inLanguage\":\"es\"},{\"@type\":\"Organization\",\"@id\":\"https:\\\/\\\/hojassueltas.es\\\/#organization\",\"name\":\"HOJAS SUELTAS - Peri\u00f3dico Cultural\",\"alternateName\":\"HS - HOJAS SUELTAS Peri\u00f3dico Cultural\",\"url\":\"https:\\\/\\\/hojassueltas.es\\\/\",\"logo\":{\"@type\":\"ImageObject\",\"inLanguage\":\"es\",\"@id\":\"https:\\\/\\\/hojassueltas.es\\\/#\\\/schema\\\/logo\\\/image\\\/\",\"url\":\"https:\\\/\\\/hojassueltas.es\\\/wp-content\\\/uploads\\\/2025\\\/08\\\/Icono-HS_2.png\",\"contentUrl\":\"https:\\\/\\\/hojassueltas.es\\\/wp-content\\\/uploads\\\/2025\\\/08\\\/Icono-HS_2.png\",\"width\":500,\"height\":500,\"caption\":\"HOJAS SUELTAS - Peri\u00f3dico Cultural\"},\"image\":{\"@id\":\"https:\\\/\\\/hojassueltas.es\\\/#\\\/schema\\\/logo\\\/image\\\/\"},\"sameAs\":[\"https:\\\/\\\/x.com\\\/HOJASSUELTAS22\"]},{\"@type\":\"Person\",\"@id\":\"https:\\\/\\\/hojassueltas.es\\\/#\\\/schema\\\/person\\\/f232bbdb834c61c90aff2245daa401c0\",\"name\":\"Redacci\u00f3n\",\"image\":{\"@type\":\"ImageObject\",\"inLanguage\":\"es\",\"@id\":\"https:\\\/\\\/hojassueltas.es\\\/wp-content\\\/uploads\\\/2026\\\/02\\\/Redaccion-2-96x96.png\",\"url\":\"https:\\\/\\\/hojassueltas.es\\\/wp-content\\\/uploads\\\/2026\\\/02\\\/Redaccion-2-96x96.png\",\"contentUrl\":\"https:\\\/\\\/hojassueltas.es\\\/wp-content\\\/uploads\\\/2026\\\/02\\\/Redaccion-2-96x96.png\",\"caption\":\"Redacci\u00f3n\"},\"description\":\"Redacci\u00f3n de HOJAS SUELTAS\",\"url\":\"https:\\\/\\\/hojassueltas.es\\\/?author=1\"}]}<\/script>\n<!-- \/ Yoast SEO plugin. -->","yoast_head_json":{"title":"Boca de lobo: la memoria oscura de 1937 | HOJAS SUELTAS Peri\u00f3dico Cultural","description":"NARRATIVA CONTEMPOR\u00c1NEA: Antonio Soler revive el horror del \u00e9xodo malague\u00f1o y las cicatrices de una Espa\u00f1a desgarrada por la guerra civil, a trav\u00e9s del testimonio de dos familias atrapadas en el curso implacable de la Historia.","robots":{"index":"index","follow":"follow","max-snippet":"max-snippet:-1","max-image-preview":"max-image-preview:large","max-video-preview":"max-video-preview:-1"},"canonical":"https:\/\/hojassueltas.es\/?p=15188","og_locale":"es_ES","og_type":"article","og_title":"Boca de lobo: la memoria oscura de 1937 | HOJAS SUELTAS Peri\u00f3dico Cultural","og_description":"NARRATIVA CONTEMPOR\u00c1NEA: Antonio Soler revive el horror del \u00e9xodo malague\u00f1o y las cicatrices de una Espa\u00f1a desgarrada por la guerra civil, a trav\u00e9s del testimonio de dos familias atrapadas en el curso implacable de la Historia.","og_url":"https:\/\/hojassueltas.es\/?p=15188","og_site_name":"HOJAS SUELTAS Peri\u00f3dico Cultural","article_published_time":"2024-10-20T22:00:03+00:00","article_modified_time":"2025-10-18T09:03:32+00:00","og_image":[{"width":1050,"height":610,"url":"https:\/\/hojassueltas.es\/wp-content\/uploads\/2024\/10\/El-dia-del-lobo-H.S.png","type":"image\/png"}],"author":"Redacci\u00f3n","twitter_card":"summary_large_image","twitter_creator":"@HOJASSUELTAS22","twitter_site":"@HOJASSUELTAS22","twitter_misc":{"Escrito por":"Redacci\u00f3n","Tiempo de lectura":"3 minutos"},"schema":{"@context":"https:\/\/schema.org","@graph":[{"@type":["Article","BlogPosting"],"@id":"https:\/\/hojassueltas.es\/?p=15188#article","isPartOf":{"@id":"https:\/\/hojassueltas.es\/?p=15188"},"author":{"name":"Redacci\u00f3n","@id":"https:\/\/hojassueltas.es\/#\/schema\/person\/f232bbdb834c61c90aff2245daa401c0"},"headline":"Boca de lobo: la memoria oscura de 1937","datePublished":"2024-10-20T22:00:03+00:00","dateModified":"2025-10-18T09:03:32+00:00","mainEntityOfPage":{"@id":"https:\/\/hojassueltas.es\/?p=15188"},"wordCount":512,"commentCount":0,"publisher":{"@id":"https:\/\/hojassueltas.es\/#organization"},"image":{"@id":"https:\/\/hojassueltas.es\/?p=15188#primaryimage"},"thumbnailUrl":"https:\/\/hojassueltas.es\/wp-content\/uploads\/2024\/10\/El-dia-del-lobo-H.S.png","keywords":["Antonio Soler","Espasa Editorial"],"articleSection":["POR QU\u00c9 LEER..."],"inLanguage":"es","potentialAction":[{"@type":"CommentAction","name":"Comment","target":["https:\/\/hojassueltas.es\/?p=15188#respond"]}]},{"@type":"WebPage","@id":"https:\/\/hojassueltas.es\/?p=15188","url":"https:\/\/hojassueltas.es\/?p=15188","name":"Boca de lobo: la memoria oscura de 1937 | HOJAS SUELTAS Peri\u00f3dico Cultural","isPartOf":{"@id":"https:\/\/hojassueltas.es\/#website"},"primaryImageOfPage":{"@id":"https:\/\/hojassueltas.es\/?p=15188#primaryimage"},"image":{"@id":"https:\/\/hojassueltas.es\/?p=15188#primaryimage"},"thumbnailUrl":"https:\/\/hojassueltas.es\/wp-content\/uploads\/2024\/10\/El-dia-del-lobo-H.S.png","datePublished":"2024-10-20T22:00:03+00:00","dateModified":"2025-10-18T09:03:32+00:00","description":"NARRATIVA CONTEMPOR\u00c1NEA: Antonio Soler revive el horror del \u00e9xodo malague\u00f1o y las cicatrices de una Espa\u00f1a desgarrada por la guerra civil, a trav\u00e9s del testimonio de dos familias atrapadas en el curso implacable de la Historia.","breadcrumb":{"@id":"https:\/\/hojassueltas.es\/?p=15188#breadcrumb"},"inLanguage":"es","potentialAction":[{"@type":"ReadAction","target":["https:\/\/hojassueltas.es\/?p=15188"]}]},{"@type":"ImageObject","inLanguage":"es","@id":"https:\/\/hojassueltas.es\/?p=15188#primaryimage","url":"https:\/\/hojassueltas.es\/wp-content\/uploads\/2024\/10\/El-dia-del-lobo-H.S.png","contentUrl":"https:\/\/hojassueltas.es\/wp-content\/uploads\/2024\/10\/El-dia-del-lobo-H.S.png","width":1050,"height":610},{"@type":"BreadcrumbList","@id":"https:\/\/hojassueltas.es\/?p=15188#breadcrumb","itemListElement":[{"@type":"ListItem","position":1,"name":"Portada","item":"https:\/\/hojassueltas.es\/"},{"@type":"ListItem","position":2,"name":"Boca de lobo: la memoria oscura de 1937"}]},{"@type":"WebSite","@id":"https:\/\/hojassueltas.es\/#website","url":"https:\/\/hojassueltas.es\/","name":"HojasSueltas.es","description":"GRANADA - Peri\u00f3dico Cultural","publisher":{"@id":"https:\/\/hojassueltas.es\/#organization"},"alternateName":"H.S. Periodico Cultural","potentialAction":[{"@type":"SearchAction","target":{"@type":"EntryPoint","urlTemplate":"https:\/\/hojassueltas.es\/?s={search_term_string}"},"query-input":{"@type":"PropertyValueSpecification","valueRequired":true,"valueName":"search_term_string"}}],"inLanguage":"es"},{"@type":"Organization","@id":"https:\/\/hojassueltas.es\/#organization","name":"HOJAS SUELTAS - Peri\u00f3dico Cultural","alternateName":"HS - HOJAS SUELTAS Peri\u00f3dico Cultural","url":"https:\/\/hojassueltas.es\/","logo":{"@type":"ImageObject","inLanguage":"es","@id":"https:\/\/hojassueltas.es\/#\/schema\/logo\/image\/","url":"https:\/\/hojassueltas.es\/wp-content\/uploads\/2025\/08\/Icono-HS_2.png","contentUrl":"https:\/\/hojassueltas.es\/wp-content\/uploads\/2025\/08\/Icono-HS_2.png","width":500,"height":500,"caption":"HOJAS SUELTAS - Peri\u00f3dico Cultural"},"image":{"@id":"https:\/\/hojassueltas.es\/#\/schema\/logo\/image\/"},"sameAs":["https:\/\/x.com\/HOJASSUELTAS22"]},{"@type":"Person","@id":"https:\/\/hojassueltas.es\/#\/schema\/person\/f232bbdb834c61c90aff2245daa401c0","name":"Redacci\u00f3n","image":{"@type":"ImageObject","inLanguage":"es","@id":"https:\/\/hojassueltas.es\/wp-content\/uploads\/2026\/02\/Redaccion-2-96x96.png","url":"https:\/\/hojassueltas.es\/wp-content\/uploads\/2026\/02\/Redaccion-2-96x96.png","contentUrl":"https:\/\/hojassueltas.es\/wp-content\/uploads\/2026\/02\/Redaccion-2-96x96.png","caption":"Redacci\u00f3n"},"description":"Redacci\u00f3n de HOJAS SUELTAS","url":"https:\/\/hojassueltas.es\/?author=1"}]}},"_links":{"self":[{"href":"https:\/\/hojassueltas.es\/index.php?rest_route=\/wp\/v2\/posts\/15188","targetHints":{"allow":["GET"]}}],"collection":[{"href":"https:\/\/hojassueltas.es\/index.php?rest_route=\/wp\/v2\/posts"}],"about":[{"href":"https:\/\/hojassueltas.es\/index.php?rest_route=\/wp\/v2\/types\/post"}],"author":[{"embeddable":true,"href":"https:\/\/hojassueltas.es\/index.php?rest_route=\/wp\/v2\/users\/1"}],"replies":[{"embeddable":true,"href":"https:\/\/hojassueltas.es\/index.php?rest_route=%2Fwp%2Fv2%2Fcomments&post=15188"}],"version-history":[{"count":1,"href":"https:\/\/hojassueltas.es\/index.php?rest_route=\/wp\/v2\/posts\/15188\/revisions"}],"predecessor-version":[{"id":15190,"href":"https:\/\/hojassueltas.es\/index.php?rest_route=\/wp\/v2\/posts\/15188\/revisions\/15190"}],"wp:featuredmedia":[{"embeddable":true,"href":"https:\/\/hojassueltas.es\/index.php?rest_route=\/wp\/v2\/media\/15189"}],"wp:attachment":[{"href":"https:\/\/hojassueltas.es\/index.php?rest_route=%2Fwp%2Fv2%2Fmedia&parent=15188"}],"wp:term":[{"taxonomy":"category","embeddable":true,"href":"https:\/\/hojassueltas.es\/index.php?rest_route=%2Fwp%2Fv2%2Fcategories&post=15188"},{"taxonomy":"post_tag","embeddable":true,"href":"https:\/\/hojassueltas.es\/index.php?rest_route=%2Fwp%2Fv2%2Ftags&post=15188"}],"curies":[{"name":"wp","href":"https:\/\/api.w.org\/{rel}","templated":true}]}}