{"id":15101,"date":"2024-10-13T00:00:18","date_gmt":"2024-10-12T22:00:18","guid":{"rendered":"https:\/\/hojassueltas.es\/?p=15101"},"modified":"2025-08-26T09:08:41","modified_gmt":"2025-08-26T08:08:41","slug":"la-historia-revive-en-ubeda-con-la-xiii-edicion-de-su-certamen-literario","status":"publish","type":"post","link":"https:\/\/hojassueltas.es\/?p=15101","title":{"rendered":"La historia revive en \u00dabeda con la XIII edici\u00f3n de su certamen literario"},"content":{"rendered":"<h3 style=\"text-align: justify;\">El evento se celebrar\u00e1 del 15 al 20 de octubre con actividades literarias, recreaciones hist\u00f3ricas y la presencia de grandes nombres de la novela hist\u00f3rica.<\/h3>\n<p style=\"text-align: justify;\">El Palacio Vela de los Cobos acogi\u00f3 la presentaci\u00f3n oficial de la XIII edici\u00f3n del Certamen Internacional de Novela Hist\u00f3rica \u201cCiudad de \u00dabeda\u201d, que tendr\u00e1 lugar del 15 al 20 de octubre y que ya ha despertado gran expectaci\u00f3n entre los amantes del g\u00e9nero. La concejala de Cultura de \u00dabeda, Elena Rodr\u00edguez, destac\u00f3 la importancia de este evento para la ciudad: \u201cEs un orgullo que se celebre aqu\u00ed, ya que se trata de una cita muy especial y transversal. No solo se presentan libros y autores, sino que tambi\u00e9n se fomenta la lectura entre los j\u00f3venes a trav\u00e9s de encuentros con escritores en los centros educativos\u201d. Adem\u00e1s, resalt\u00f3 el valor de las recreaciones hist\u00f3ricas que reviven episodios fundamentales de la historia y la integraci\u00f3n de pintores impresionistas en las calles de la localidad.<\/p>\n<p style=\"text-align: justify;\">\u00c1frica Colomo, diputada provincial de Cultura, subray\u00f3 la relevancia que ha adquirido el certamen tanto a nivel nacional como internacional: \u201cEsta cita se ha consolidado como la m\u00e1s importante del panorama nacional. Es un evento que genera gran expectaci\u00f3n en la provincia de Ja\u00e9n y m\u00e1s all\u00e1, atrayendo a figuras de renombre de la novela hist\u00f3rica\u201d. Colomo tambi\u00e9n destac\u00f3 el apoyo de la comunidad local y del tejido empresarial, elementos que han contribuido a que el certamen se mantenga como un referente cultural de primer orden.<\/p>\n<p style=\"text-align: justify;\">Por su parte, Pablo Lozano, presidente de Cero Culture y director del certamen, desgran\u00f3 la programaci\u00f3n que incluye actividades educativas para estudiantes de secundaria, presentaciones de libros y recreaciones hist\u00f3ricas, entre muchas otras propuestas. La inauguraci\u00f3n del certamen ser\u00e1 el 15 de octubre, con una jornada que involucrar\u00e1 a alumnos de E.S.O. y Bachillerato en actividades como \u201cPaseando con los impresionistas por \u00dabeda\u201d, una experiencia interactiva en la que podr\u00e1n conocer y dialogar con pintores que recrean la atm\u00f3sfera del movimiento impresionista surgido hace 150 a\u00f1os.<\/p>\n<p style=\"text-align: justify;\">Durante el certamen, tambi\u00e9n se conmemorar\u00e1 el 80\u00ba aniversario del Desembarco de Normand\u00eda, un hito decisivo en la II Guerra Mundial que marc\u00f3 el principio del fin para la Alemania nazi. Entre el 15 y el 20 de octubre, \u00dabeda acoger\u00e1 recreaciones hist\u00f3ricas que transformar\u00e1n su casco antiguo en un campo de batalla. M\u00e1s de 50 recreadores representar\u00e1n a las tropas alemanas de la Wehrmacht y a los paracaidistas americanos de la 101\u00aa y 82\u00aa divisiones aerotransportadas, escenificando combates como los de la liberaci\u00f3n de las localidades de Carent\u00e1n o Saint-Mere-du-Mont.<\/p>\n<p style=\"text-align: justify;\">El certamen contar\u00e1 con la participaci\u00f3n de 26 escritores, entre autores consagrados y nuevos talentos, como Yan Lespoux, Tracy Chevalier, Monika Zgustova y Luis Zueco, quienes compartir\u00e1n sus obras y reflexiones en un espacio que se consolida como punto de encuentro de la literatura hist\u00f3rica.<\/p>\n<p style=\"text-align: justify;\">Programaci\u00f3n del Certamen Internacional de Novela Hist\u00f3rica \u201cCiudad de \u00dabeda\u201d, en su\u00a0 p\u00e1gina oficial: <span style=\"color: #0000ff;\"><strong><a style=\"color: #0000ff;\" href=\"https:\/\/novelahistoricaubeda.blogspot.com\" target=\"_new\" rel=\"noopener\">novelahistoricaubeda.blogspot.com<\/a>.<\/strong><\/span><\/p>\n<p><span style=\"font-family: impact, sans-serif;\">Redacci\u00f3n<\/span><\/p>\n","protected":false},"excerpt":{"rendered":"<p>El evento se celebrar\u00e1 del 15 al 20 de octubre con actividades literarias, recreaciones hist\u00f3ricas y la presencia de grandes nombres de la novela hist\u00f3rica. El Palacio Vela de los Cobos acogi\u00f3 la presentaci\u00f3n oficial de la XIII edici\u00f3n del Certamen Internacional de Novela Hist\u00f3rica \u201cCiudad de \u00dabeda\u201d, que tendr\u00e1 lugar del 15 al 20 [&hellip;]<\/p>\n","protected":false},"author":1,"featured_media":15102,"comment_status":"open","ping_status":"closed","sticky":false,"template":"","format":"standard","meta":{"footnotes":""},"categories":[32],"tags":[1974],"class_list":{"0":"post-15101","1":"post","2":"type-post","3":"status-publish","4":"format-standard","5":"has-post-thumbnail","7":"category-panorama-cultural","8":"tag-festival-nov-hist-de-ubeda"},"yoast_head":"<!-- This site is optimized with the Yoast SEO plugin v27.4 - https:\/\/yoast.com\/product\/yoast-seo-wordpress\/ -->\n<title>La historia revive en \u00dabeda con la XIII edici\u00f3n de su certamen literario | HOJAS SUELTAS Peri\u00f3dico Cultural<\/title>\n<meta name=\"description\" content=\"FESTIVALES: El evento se celebrar\u00e1 del 15 al 20 de octubre con actividades literarias, recreaciones hist\u00f3ricas y la presencia de grandes nombres de la novela hist\u00f3rica.\" \/>\n<meta name=\"robots\" content=\"index, follow, max-snippet:-1, max-image-preview:large, max-video-preview:-1\" \/>\n<link rel=\"canonical\" href=\"https:\/\/hojassueltas.es\/?p=15101\" \/>\n<meta property=\"og:locale\" content=\"es_ES\" \/>\n<meta property=\"og:type\" content=\"article\" \/>\n<meta property=\"og:title\" content=\"La historia revive en \u00dabeda con la XIII edici\u00f3n de su certamen literario | HOJAS SUELTAS Peri\u00f3dico Cultural\" \/>\n<meta property=\"og:description\" content=\"FESTIVALES: El evento se celebrar\u00e1 del 15 al 20 de octubre con actividades literarias, recreaciones hist\u00f3ricas y la presencia de grandes nombres de la novela hist\u00f3rica.\" \/>\n<meta property=\"og:url\" content=\"https:\/\/hojassueltas.es\/?p=15101\" \/>\n<meta property=\"og:site_name\" content=\"HOJAS SUELTAS Peri\u00f3dico Cultural\" \/>\n<meta property=\"article:published_time\" content=\"2024-10-12T22:00:18+00:00\" \/>\n<meta property=\"article:modified_time\" content=\"2025-08-26T08:08:41+00:00\" \/>\n<meta property=\"og:image\" content=\"https:\/\/hojassueltas.es\/wp-content\/uploads\/2024\/10\/Ubeda-Historica-HS.png\" \/>\n\t<meta property=\"og:image:width\" content=\"1050\" \/>\n\t<meta property=\"og:image:height\" content=\"610\" \/>\n\t<meta property=\"og:image:type\" content=\"image\/png\" \/>\n<meta name=\"author\" content=\"Redacci\u00f3n\" \/>\n<meta name=\"twitter:card\" content=\"summary_large_image\" \/>\n<meta name=\"twitter:creator\" content=\"@HOJASSUELTAS22\" \/>\n<meta name=\"twitter:site\" content=\"@HOJASSUELTAS22\" \/>\n<meta name=\"twitter:label1\" content=\"Escrito por\" \/>\n\t<meta name=\"twitter:data1\" content=\"Redacci\u00f3n\" \/>\n\t<meta name=\"twitter:label2\" content=\"Tiempo de lectura\" \/>\n\t<meta name=\"twitter:data2\" content=\"3 minutos\" \/>\n<script type=\"application\/ld+json\" class=\"yoast-schema-graph\">{\"@context\":\"https:\\\/\\\/schema.org\",\"@graph\":[{\"@type\":[\"Article\",\"BlogPosting\"],\"@id\":\"https:\\\/\\\/hojassueltas.es\\\/?p=15101#article\",\"isPartOf\":{\"@id\":\"https:\\\/\\\/hojassueltas.es\\\/?p=15101\"},\"author\":{\"name\":\"Redacci\u00f3n\",\"@id\":\"https:\\\/\\\/hojassueltas.es\\\/#\\\/schema\\\/person\\\/f232bbdb834c61c90aff2245daa401c0\"},\"headline\":\"La historia revive en \u00dabeda con la XIII edici\u00f3n de su certamen literario\",\"datePublished\":\"2024-10-12T22:00:18+00:00\",\"dateModified\":\"2025-08-26T08:08:41+00:00\",\"mainEntityOfPage\":{\"@id\":\"https:\\\/\\\/hojassueltas.es\\\/?p=15101\"},\"wordCount\":528,\"commentCount\":0,\"publisher\":{\"@id\":\"https:\\\/\\\/hojassueltas.es\\\/#organization\"},\"image\":{\"@id\":\"https:\\\/\\\/hojassueltas.es\\\/?p=15101#primaryimage\"},\"thumbnailUrl\":\"https:\\\/\\\/hojassueltas.es\\\/wp-content\\\/uploads\\\/2024\\\/10\\\/Ubeda-Historica-HS.png\",\"keywords\":[\"Festival Nov.Hist. de \u00dabeda\"],\"articleSection\":[\"PANORAMA CULTURAL\"],\"inLanguage\":\"es\",\"potentialAction\":[{\"@type\":\"CommentAction\",\"name\":\"Comment\",\"target\":[\"https:\\\/\\\/hojassueltas.es\\\/?p=15101#respond\"]}]},{\"@type\":\"WebPage\",\"@id\":\"https:\\\/\\\/hojassueltas.es\\\/?p=15101\",\"url\":\"https:\\\/\\\/hojassueltas.es\\\/?p=15101\",\"name\":\"La historia revive en \u00dabeda con la XIII edici\u00f3n de su certamen literario | HOJAS SUELTAS Peri\u00f3dico Cultural\",\"isPartOf\":{\"@id\":\"https:\\\/\\\/hojassueltas.es\\\/#website\"},\"primaryImageOfPage\":{\"@id\":\"https:\\\/\\\/hojassueltas.es\\\/?p=15101#primaryimage\"},\"image\":{\"@id\":\"https:\\\/\\\/hojassueltas.es\\\/?p=15101#primaryimage\"},\"thumbnailUrl\":\"https:\\\/\\\/hojassueltas.es\\\/wp-content\\\/uploads\\\/2024\\\/10\\\/Ubeda-Historica-HS.png\",\"datePublished\":\"2024-10-12T22:00:18+00:00\",\"dateModified\":\"2025-08-26T08:08:41+00:00\",\"description\":\"FESTIVALES: El evento se celebrar\u00e1 del 15 al 20 de octubre con actividades literarias, recreaciones hist\u00f3ricas y la presencia de grandes nombres de la novela hist\u00f3rica.\",\"breadcrumb\":{\"@id\":\"https:\\\/\\\/hojassueltas.es\\\/?p=15101#breadcrumb\"},\"inLanguage\":\"es\",\"potentialAction\":[{\"@type\":\"ReadAction\",\"target\":[\"https:\\\/\\\/hojassueltas.es\\\/?p=15101\"]}]},{\"@type\":\"ImageObject\",\"inLanguage\":\"es\",\"@id\":\"https:\\\/\\\/hojassueltas.es\\\/?p=15101#primaryimage\",\"url\":\"https:\\\/\\\/hojassueltas.es\\\/wp-content\\\/uploads\\\/2024\\\/10\\\/Ubeda-Historica-HS.png\",\"contentUrl\":\"https:\\\/\\\/hojassueltas.es\\\/wp-content\\\/uploads\\\/2024\\\/10\\\/Ubeda-Historica-HS.png\",\"width\":1050,\"height\":610},{\"@type\":\"BreadcrumbList\",\"@id\":\"https:\\\/\\\/hojassueltas.es\\\/?p=15101#breadcrumb\",\"itemListElement\":[{\"@type\":\"ListItem\",\"position\":1,\"name\":\"Portada\",\"item\":\"https:\\\/\\\/hojassueltas.es\\\/\"},{\"@type\":\"ListItem\",\"position\":2,\"name\":\"La historia revive en \u00dabeda con la XIII edici\u00f3n de su certamen literario\"}]},{\"@type\":\"WebSite\",\"@id\":\"https:\\\/\\\/hojassueltas.es\\\/#website\",\"url\":\"https:\\\/\\\/hojassueltas.es\\\/\",\"name\":\"HojasSueltas.es\",\"description\":\"GRANADA - Peri\u00f3dico Cultural\",\"publisher\":{\"@id\":\"https:\\\/\\\/hojassueltas.es\\\/#organization\"},\"alternateName\":\"H.S. Periodico Cultural\",\"potentialAction\":[{\"@type\":\"SearchAction\",\"target\":{\"@type\":\"EntryPoint\",\"urlTemplate\":\"https:\\\/\\\/hojassueltas.es\\\/?s={search_term_string}\"},\"query-input\":{\"@type\":\"PropertyValueSpecification\",\"valueRequired\":true,\"valueName\":\"search_term_string\"}}],\"inLanguage\":\"es\"},{\"@type\":\"Organization\",\"@id\":\"https:\\\/\\\/hojassueltas.es\\\/#organization\",\"name\":\"HOJAS SUELTAS - Peri\u00f3dico Cultural\",\"alternateName\":\"HS - HOJAS SUELTAS Peri\u00f3dico Cultural\",\"url\":\"https:\\\/\\\/hojassueltas.es\\\/\",\"logo\":{\"@type\":\"ImageObject\",\"inLanguage\":\"es\",\"@id\":\"https:\\\/\\\/hojassueltas.es\\\/#\\\/schema\\\/logo\\\/image\\\/\",\"url\":\"https:\\\/\\\/hojassueltas.es\\\/wp-content\\\/uploads\\\/2025\\\/08\\\/Icono-HS_2.png\",\"contentUrl\":\"https:\\\/\\\/hojassueltas.es\\\/wp-content\\\/uploads\\\/2025\\\/08\\\/Icono-HS_2.png\",\"width\":500,\"height\":500,\"caption\":\"HOJAS SUELTAS - Peri\u00f3dico Cultural\"},\"image\":{\"@id\":\"https:\\\/\\\/hojassueltas.es\\\/#\\\/schema\\\/logo\\\/image\\\/\"},\"sameAs\":[\"https:\\\/\\\/x.com\\\/HOJASSUELTAS22\"]},{\"@type\":\"Person\",\"@id\":\"https:\\\/\\\/hojassueltas.es\\\/#\\\/schema\\\/person\\\/f232bbdb834c61c90aff2245daa401c0\",\"name\":\"Redacci\u00f3n\",\"image\":{\"@type\":\"ImageObject\",\"inLanguage\":\"es\",\"@id\":\"https:\\\/\\\/hojassueltas.es\\\/wp-content\\\/uploads\\\/2026\\\/02\\\/Redaccion-2-96x96.png\",\"url\":\"https:\\\/\\\/hojassueltas.es\\\/wp-content\\\/uploads\\\/2026\\\/02\\\/Redaccion-2-96x96.png\",\"contentUrl\":\"https:\\\/\\\/hojassueltas.es\\\/wp-content\\\/uploads\\\/2026\\\/02\\\/Redaccion-2-96x96.png\",\"caption\":\"Redacci\u00f3n\"},\"description\":\"Redacci\u00f3n de HOJAS SUELTAS\",\"url\":\"https:\\\/\\\/hojassueltas.es\\\/?author=1\"}]}<\/script>\n<!-- \/ Yoast SEO plugin. -->","yoast_head_json":{"title":"La historia revive en \u00dabeda con la XIII edici\u00f3n de su certamen literario | HOJAS SUELTAS Peri\u00f3dico Cultural","description":"FESTIVALES: El evento se celebrar\u00e1 del 15 al 20 de octubre con actividades literarias, recreaciones hist\u00f3ricas y la presencia de grandes nombres de la novela hist\u00f3rica.","robots":{"index":"index","follow":"follow","max-snippet":"max-snippet:-1","max-image-preview":"max-image-preview:large","max-video-preview":"max-video-preview:-1"},"canonical":"https:\/\/hojassueltas.es\/?p=15101","og_locale":"es_ES","og_type":"article","og_title":"La historia revive en \u00dabeda con la XIII edici\u00f3n de su certamen literario | HOJAS SUELTAS Peri\u00f3dico Cultural","og_description":"FESTIVALES: El evento se celebrar\u00e1 del 15 al 20 de octubre con actividades literarias, recreaciones hist\u00f3ricas y la presencia de grandes nombres de la novela hist\u00f3rica.","og_url":"https:\/\/hojassueltas.es\/?p=15101","og_site_name":"HOJAS SUELTAS Peri\u00f3dico Cultural","article_published_time":"2024-10-12T22:00:18+00:00","article_modified_time":"2025-08-26T08:08:41+00:00","og_image":[{"width":1050,"height":610,"url":"https:\/\/hojassueltas.es\/wp-content\/uploads\/2024\/10\/Ubeda-Historica-HS.png","type":"image\/png"}],"author":"Redacci\u00f3n","twitter_card":"summary_large_image","twitter_creator":"@HOJASSUELTAS22","twitter_site":"@HOJASSUELTAS22","twitter_misc":{"Escrito por":"Redacci\u00f3n","Tiempo de lectura":"3 minutos"},"schema":{"@context":"https:\/\/schema.org","@graph":[{"@type":["Article","BlogPosting"],"@id":"https:\/\/hojassueltas.es\/?p=15101#article","isPartOf":{"@id":"https:\/\/hojassueltas.es\/?p=15101"},"author":{"name":"Redacci\u00f3n","@id":"https:\/\/hojassueltas.es\/#\/schema\/person\/f232bbdb834c61c90aff2245daa401c0"},"headline":"La historia revive en \u00dabeda con la XIII edici\u00f3n de su certamen literario","datePublished":"2024-10-12T22:00:18+00:00","dateModified":"2025-08-26T08:08:41+00:00","mainEntityOfPage":{"@id":"https:\/\/hojassueltas.es\/?p=15101"},"wordCount":528,"commentCount":0,"publisher":{"@id":"https:\/\/hojassueltas.es\/#organization"},"image":{"@id":"https:\/\/hojassueltas.es\/?p=15101#primaryimage"},"thumbnailUrl":"https:\/\/hojassueltas.es\/wp-content\/uploads\/2024\/10\/Ubeda-Historica-HS.png","keywords":["Festival Nov.Hist. de \u00dabeda"],"articleSection":["PANORAMA CULTURAL"],"inLanguage":"es","potentialAction":[{"@type":"CommentAction","name":"Comment","target":["https:\/\/hojassueltas.es\/?p=15101#respond"]}]},{"@type":"WebPage","@id":"https:\/\/hojassueltas.es\/?p=15101","url":"https:\/\/hojassueltas.es\/?p=15101","name":"La historia revive en \u00dabeda con la XIII edici\u00f3n de su certamen literario | HOJAS SUELTAS Peri\u00f3dico Cultural","isPartOf":{"@id":"https:\/\/hojassueltas.es\/#website"},"primaryImageOfPage":{"@id":"https:\/\/hojassueltas.es\/?p=15101#primaryimage"},"image":{"@id":"https:\/\/hojassueltas.es\/?p=15101#primaryimage"},"thumbnailUrl":"https:\/\/hojassueltas.es\/wp-content\/uploads\/2024\/10\/Ubeda-Historica-HS.png","datePublished":"2024-10-12T22:00:18+00:00","dateModified":"2025-08-26T08:08:41+00:00","description":"FESTIVALES: El evento se celebrar\u00e1 del 15 al 20 de octubre con actividades literarias, recreaciones hist\u00f3ricas y la presencia de grandes nombres de la novela hist\u00f3rica.","breadcrumb":{"@id":"https:\/\/hojassueltas.es\/?p=15101#breadcrumb"},"inLanguage":"es","potentialAction":[{"@type":"ReadAction","target":["https:\/\/hojassueltas.es\/?p=15101"]}]},{"@type":"ImageObject","inLanguage":"es","@id":"https:\/\/hojassueltas.es\/?p=15101#primaryimage","url":"https:\/\/hojassueltas.es\/wp-content\/uploads\/2024\/10\/Ubeda-Historica-HS.png","contentUrl":"https:\/\/hojassueltas.es\/wp-content\/uploads\/2024\/10\/Ubeda-Historica-HS.png","width":1050,"height":610},{"@type":"BreadcrumbList","@id":"https:\/\/hojassueltas.es\/?p=15101#breadcrumb","itemListElement":[{"@type":"ListItem","position":1,"name":"Portada","item":"https:\/\/hojassueltas.es\/"},{"@type":"ListItem","position":2,"name":"La historia revive en \u00dabeda con la XIII edici\u00f3n de su certamen literario"}]},{"@type":"WebSite","@id":"https:\/\/hojassueltas.es\/#website","url":"https:\/\/hojassueltas.es\/","name":"HojasSueltas.es","description":"GRANADA - Peri\u00f3dico Cultural","publisher":{"@id":"https:\/\/hojassueltas.es\/#organization"},"alternateName":"H.S. Periodico Cultural","potentialAction":[{"@type":"SearchAction","target":{"@type":"EntryPoint","urlTemplate":"https:\/\/hojassueltas.es\/?s={search_term_string}"},"query-input":{"@type":"PropertyValueSpecification","valueRequired":true,"valueName":"search_term_string"}}],"inLanguage":"es"},{"@type":"Organization","@id":"https:\/\/hojassueltas.es\/#organization","name":"HOJAS SUELTAS - Peri\u00f3dico Cultural","alternateName":"HS - HOJAS SUELTAS Peri\u00f3dico Cultural","url":"https:\/\/hojassueltas.es\/","logo":{"@type":"ImageObject","inLanguage":"es","@id":"https:\/\/hojassueltas.es\/#\/schema\/logo\/image\/","url":"https:\/\/hojassueltas.es\/wp-content\/uploads\/2025\/08\/Icono-HS_2.png","contentUrl":"https:\/\/hojassueltas.es\/wp-content\/uploads\/2025\/08\/Icono-HS_2.png","width":500,"height":500,"caption":"HOJAS SUELTAS - Peri\u00f3dico Cultural"},"image":{"@id":"https:\/\/hojassueltas.es\/#\/schema\/logo\/image\/"},"sameAs":["https:\/\/x.com\/HOJASSUELTAS22"]},{"@type":"Person","@id":"https:\/\/hojassueltas.es\/#\/schema\/person\/f232bbdb834c61c90aff2245daa401c0","name":"Redacci\u00f3n","image":{"@type":"ImageObject","inLanguage":"es","@id":"https:\/\/hojassueltas.es\/wp-content\/uploads\/2026\/02\/Redaccion-2-96x96.png","url":"https:\/\/hojassueltas.es\/wp-content\/uploads\/2026\/02\/Redaccion-2-96x96.png","contentUrl":"https:\/\/hojassueltas.es\/wp-content\/uploads\/2026\/02\/Redaccion-2-96x96.png","caption":"Redacci\u00f3n"},"description":"Redacci\u00f3n de HOJAS SUELTAS","url":"https:\/\/hojassueltas.es\/?author=1"}]}},"_links":{"self":[{"href":"https:\/\/hojassueltas.es\/index.php?rest_route=\/wp\/v2\/posts\/15101","targetHints":{"allow":["GET"]}}],"collection":[{"href":"https:\/\/hojassueltas.es\/index.php?rest_route=\/wp\/v2\/posts"}],"about":[{"href":"https:\/\/hojassueltas.es\/index.php?rest_route=\/wp\/v2\/types\/post"}],"author":[{"embeddable":true,"href":"https:\/\/hojassueltas.es\/index.php?rest_route=\/wp\/v2\/users\/1"}],"replies":[{"embeddable":true,"href":"https:\/\/hojassueltas.es\/index.php?rest_route=%2Fwp%2Fv2%2Fcomments&post=15101"}],"version-history":[{"count":1,"href":"https:\/\/hojassueltas.es\/index.php?rest_route=\/wp\/v2\/posts\/15101\/revisions"}],"predecessor-version":[{"id":15103,"href":"https:\/\/hojassueltas.es\/index.php?rest_route=\/wp\/v2\/posts\/15101\/revisions\/15103"}],"wp:featuredmedia":[{"embeddable":true,"href":"https:\/\/hojassueltas.es\/index.php?rest_route=\/wp\/v2\/media\/15102"}],"wp:attachment":[{"href":"https:\/\/hojassueltas.es\/index.php?rest_route=%2Fwp%2Fv2%2Fmedia&parent=15101"}],"wp:term":[{"taxonomy":"category","embeddable":true,"href":"https:\/\/hojassueltas.es\/index.php?rest_route=%2Fwp%2Fv2%2Fcategories&post=15101"},{"taxonomy":"post_tag","embeddable":true,"href":"https:\/\/hojassueltas.es\/index.php?rest_route=%2Fwp%2Fv2%2Ftags&post=15101"}],"curies":[{"name":"wp","href":"https:\/\/api.w.org\/{rel}","templated":true}]}}