{"id":15088,"date":"2024-10-12T00:00:16","date_gmt":"2024-10-11T22:00:16","guid":{"rendered":"https:\/\/hojassueltas.es\/?p=15088"},"modified":"2025-07-21T10:02:11","modified_gmt":"2025-07-21T09:02:11","slug":"cartagena-clausura-con-exito-la-xxv-semana-de-la-novela-historica","status":"publish","type":"post","link":"https:\/\/hojassueltas.es\/?p=15088","title":{"rendered":"Cartagena clausura con \u00e9xito la XXV Semana de la Novela Hist\u00f3rica"},"content":{"rendered":"<h3 style=\"text-align: justify;\">Santiago Posteguillo y Bego\u00f1a Valero reciben los m\u00e1ximos galardones del certamen en una edici\u00f3n que finaliz\u00f3 con un emotivo concierto en la Plaza del Icue.<\/h3>\n<p style=\"text-align: justify;\">Tras una semana de intensa actividad, la Semana de la Novela Hist\u00f3rica de Cartagena concluy\u00f3 el s\u00e1bado 5 de octubre su vig\u00e9simo quinta edici\u00f3n con una conferencia a cargo del escritor Santiago Posteguillo, quien expres\u00f3 su afecto especial por la ciudad trimilenaria: \u00abLos llevo en mi coraz\u00f3n constantemente, aqu\u00ed comenz\u00f3 todo con el asedio de Escipi\u00f3n en <em>Africanus: El hijo del C\u00f3nsul<\/em>\u00ab.<\/p>\n<p style=\"text-align: justify;\">Posteguillo, galardonado por su obra <em>Maldita Roma<\/em> con el Premio Ciudad de Cartagena, la mayor distinci\u00f3n del certamen, agradeci\u00f3 el reconocimiento de manos del concejal de Educaci\u00f3n, Hacienda y Cultura, Ignacio J\u00e1udenes, y manifest\u00f3 su gratitud por el cari\u00f1o recibido: \u201cSiempre es gratificante regresar a Qart Hadast. Gracias, Cartagena, por existir y por darme tanto\u201d.<\/p>\n<p style=\"text-align: justify;\">Ignacio J\u00e1udenes destac\u00f3 la suerte de contar en Cartagena con uno de los autores m\u00e1s relevantes de novela hist\u00f3rica: \u201cPosteguillo realiza una especie de secuestro literario de sus lectores, y eso, creo, es lo que le ha llevado a ser uno de los mejores escritores vivos, no solo en Espa\u00f1a, sino en el mundo\u201d.<\/p>\n<p style=\"text-align: justify;\">En la \u00faltima jornada del evento, tambi\u00e9n estuvo presente la escritora valenciana Bego\u00f1a Valero, galardonada con el Premio Odilo a la mejor autora de novela hist\u00f3rica por su obra <em>Un testigo llamado Cervantes<\/em>. Valero comparti\u00f3 con los asistentes detalles de su obra y explic\u00f3 c\u00f3mo, a lo largo del proceso creativo, se ha sumergido en la vida de Miguel de Cervantes, \u00abespecialmente en los cinco a\u00f1os que pas\u00f3 en Argel y en el periodo posterior en Valencia\u00bb.<\/p>\n<p style=\"text-align: justify;\">El cierre del XXV aniversario de la Semana de la Novela Hist\u00f3rica estuvo a cargo de la Agrupaci\u00f3n Musical Sauces, que ofreci\u00f3 un concierto de clausura en la Plaza del Icue, acompa\u00f1ada por la coral Argentum de La Uni\u00f3n, el Coro Magister, la Masa Coral Tom\u00e1s Luis de Victoria y el Coro Iuvenis Musica.<\/p>\n<p>Redacci\u00f3n<\/p>\n","protected":false},"excerpt":{"rendered":"<p>Santiago Posteguillo y Bego\u00f1a Valero reciben los m\u00e1ximos galardones del certamen en una edici\u00f3n que finaliz\u00f3 con un emotivo concierto en la Plaza del Icue. Tras una semana de intensa actividad, la Semana de la Novela Hist\u00f3rica de Cartagena concluy\u00f3 el s\u00e1bado 5 de octubre su vig\u00e9simo quinta edici\u00f3n con una conferencia a cargo del [&hellip;]<\/p>\n","protected":false},"author":1,"featured_media":0,"comment_status":"open","ping_status":"closed","sticky":false,"template":"","format":"standard","meta":{"footnotes":""},"categories":[32],"tags":[],"class_list":{"0":"post-15088","1":"post","2":"type-post","3":"status-publish","4":"format-standard","6":"category-panorama-cultural"},"yoast_head":"<!-- This site is optimized with the Yoast SEO plugin v27.4 - https:\/\/yoast.com\/product\/yoast-seo-wordpress\/ -->\n<title>Cartagena clausura con \u00e9xito la XXV Semana de la Novela Hist\u00f3rica | HOJAS SUELTAS Peri\u00f3dico Cultural<\/title>\n<meta name=\"description\" content=\"ACTUALIDAD: Santiago Posteguillo y Bego\u00f1a Valero reciben los m\u00e1ximos galardones del certamen en una edici\u00f3n que finaliz\u00f3 con un emotivo concierto en la Plaza del Icue.\" \/>\n<meta name=\"robots\" content=\"index, follow, max-snippet:-1, max-image-preview:large, max-video-preview:-1\" \/>\n<link rel=\"canonical\" href=\"https:\/\/hojassueltas.es\/?p=15088\" \/>\n<meta property=\"og:locale\" content=\"es_ES\" \/>\n<meta property=\"og:type\" content=\"article\" \/>\n<meta property=\"og:title\" content=\"Cartagena clausura con \u00e9xito la XXV Semana de la Novela Hist\u00f3rica | HOJAS SUELTAS Peri\u00f3dico Cultural\" \/>\n<meta property=\"og:description\" content=\"ACTUALIDAD: Santiago Posteguillo y Bego\u00f1a Valero reciben los m\u00e1ximos galardones del certamen en una edici\u00f3n que finaliz\u00f3 con un emotivo concierto en la Plaza del Icue.\" \/>\n<meta property=\"og:url\" content=\"https:\/\/hojassueltas.es\/?p=15088\" \/>\n<meta property=\"og:site_name\" content=\"HOJAS SUELTAS Peri\u00f3dico Cultural\" \/>\n<meta property=\"article:published_time\" content=\"2024-10-11T22:00:16+00:00\" \/>\n<meta property=\"article:modified_time\" content=\"2025-07-21T09:02:11+00:00\" \/>\n<meta property=\"og:image\" content=\"https:\/\/hojassueltas.es\/wp-content\/uploads\/2025\/09\/Hojas-Sueltas_Logo-III_trans.png\" \/>\n\t<meta property=\"og:image:width\" content=\"485\" \/>\n\t<meta property=\"og:image:height\" content=\"80\" \/>\n\t<meta property=\"og:image:type\" content=\"image\/png\" \/>\n<meta name=\"author\" content=\"Redacci\u00f3n\" \/>\n<meta name=\"twitter:card\" content=\"summary_large_image\" \/>\n<meta name=\"twitter:creator\" content=\"@HOJASSUELTAS22\" \/>\n<meta name=\"twitter:site\" content=\"@HOJASSUELTAS22\" \/>\n<meta name=\"twitter:label1\" content=\"Escrito por\" \/>\n\t<meta name=\"twitter:data1\" content=\"Redacci\u00f3n\" \/>\n\t<meta name=\"twitter:label2\" content=\"Tiempo de lectura\" \/>\n\t<meta name=\"twitter:data2\" content=\"2 minutos\" \/>\n<script type=\"application\/ld+json\" class=\"yoast-schema-graph\">{\"@context\":\"https:\\\/\\\/schema.org\",\"@graph\":[{\"@type\":[\"Article\",\"BlogPosting\"],\"@id\":\"https:\\\/\\\/hojassueltas.es\\\/?p=15088#article\",\"isPartOf\":{\"@id\":\"https:\\\/\\\/hojassueltas.es\\\/?p=15088\"},\"author\":{\"name\":\"Redacci\u00f3n\",\"@id\":\"https:\\\/\\\/hojassueltas.es\\\/#\\\/schema\\\/person\\\/f232bbdb834c61c90aff2245daa401c0\"},\"headline\":\"Cartagena clausura con \u00e9xito la XXV Semana de la Novela Hist\u00f3rica\",\"datePublished\":\"2024-10-11T22:00:16+00:00\",\"dateModified\":\"2025-07-21T09:02:11+00:00\",\"mainEntityOfPage\":{\"@id\":\"https:\\\/\\\/hojassueltas.es\\\/?p=15088\"},\"wordCount\":368,\"commentCount\":0,\"publisher\":{\"@id\":\"https:\\\/\\\/hojassueltas.es\\\/#organization\"},\"articleSection\":[\"PANORAMA CULTURAL\"],\"inLanguage\":\"es\",\"potentialAction\":[{\"@type\":\"CommentAction\",\"name\":\"Comment\",\"target\":[\"https:\\\/\\\/hojassueltas.es\\\/?p=15088#respond\"]}]},{\"@type\":\"WebPage\",\"@id\":\"https:\\\/\\\/hojassueltas.es\\\/?p=15088\",\"url\":\"https:\\\/\\\/hojassueltas.es\\\/?p=15088\",\"name\":\"Cartagena clausura con \u00e9xito la XXV Semana de la Novela Hist\u00f3rica | HOJAS SUELTAS Peri\u00f3dico Cultural\",\"isPartOf\":{\"@id\":\"https:\\\/\\\/hojassueltas.es\\\/#website\"},\"datePublished\":\"2024-10-11T22:00:16+00:00\",\"dateModified\":\"2025-07-21T09:02:11+00:00\",\"description\":\"ACTUALIDAD: Santiago Posteguillo y Bego\u00f1a Valero reciben los m\u00e1ximos galardones del certamen en una edici\u00f3n que finaliz\u00f3 con un emotivo concierto en la Plaza del Icue.\",\"breadcrumb\":{\"@id\":\"https:\\\/\\\/hojassueltas.es\\\/?p=15088#breadcrumb\"},\"inLanguage\":\"es\",\"potentialAction\":[{\"@type\":\"ReadAction\",\"target\":[\"https:\\\/\\\/hojassueltas.es\\\/?p=15088\"]}]},{\"@type\":\"BreadcrumbList\",\"@id\":\"https:\\\/\\\/hojassueltas.es\\\/?p=15088#breadcrumb\",\"itemListElement\":[{\"@type\":\"ListItem\",\"position\":1,\"name\":\"Portada\",\"item\":\"https:\\\/\\\/hojassueltas.es\\\/\"},{\"@type\":\"ListItem\",\"position\":2,\"name\":\"Cartagena clausura con \u00e9xito la XXV Semana de la Novela Hist\u00f3rica\"}]},{\"@type\":\"WebSite\",\"@id\":\"https:\\\/\\\/hojassueltas.es\\\/#website\",\"url\":\"https:\\\/\\\/hojassueltas.es\\\/\",\"name\":\"HojasSueltas.es\",\"description\":\"GRANADA - Peri\u00f3dico Cultural\",\"publisher\":{\"@id\":\"https:\\\/\\\/hojassueltas.es\\\/#organization\"},\"alternateName\":\"H.S. Periodico Cultural\",\"potentialAction\":[{\"@type\":\"SearchAction\",\"target\":{\"@type\":\"EntryPoint\",\"urlTemplate\":\"https:\\\/\\\/hojassueltas.es\\\/?s={search_term_string}\"},\"query-input\":{\"@type\":\"PropertyValueSpecification\",\"valueRequired\":true,\"valueName\":\"search_term_string\"}}],\"inLanguage\":\"es\"},{\"@type\":\"Organization\",\"@id\":\"https:\\\/\\\/hojassueltas.es\\\/#organization\",\"name\":\"HOJAS SUELTAS - Peri\u00f3dico Cultural\",\"alternateName\":\"HS - HOJAS SUELTAS Peri\u00f3dico Cultural\",\"url\":\"https:\\\/\\\/hojassueltas.es\\\/\",\"logo\":{\"@type\":\"ImageObject\",\"inLanguage\":\"es\",\"@id\":\"https:\\\/\\\/hojassueltas.es\\\/#\\\/schema\\\/logo\\\/image\\\/\",\"url\":\"https:\\\/\\\/hojassueltas.es\\\/wp-content\\\/uploads\\\/2025\\\/08\\\/Icono-HS_2.png\",\"contentUrl\":\"https:\\\/\\\/hojassueltas.es\\\/wp-content\\\/uploads\\\/2025\\\/08\\\/Icono-HS_2.png\",\"width\":500,\"height\":500,\"caption\":\"HOJAS SUELTAS - Peri\u00f3dico Cultural\"},\"image\":{\"@id\":\"https:\\\/\\\/hojassueltas.es\\\/#\\\/schema\\\/logo\\\/image\\\/\"},\"sameAs\":[\"https:\\\/\\\/x.com\\\/HOJASSUELTAS22\"]},{\"@type\":\"Person\",\"@id\":\"https:\\\/\\\/hojassueltas.es\\\/#\\\/schema\\\/person\\\/f232bbdb834c61c90aff2245daa401c0\",\"name\":\"Redacci\u00f3n\",\"image\":{\"@type\":\"ImageObject\",\"inLanguage\":\"es\",\"@id\":\"https:\\\/\\\/hojassueltas.es\\\/wp-content\\\/uploads\\\/2026\\\/02\\\/Redaccion-2-96x96.png\",\"url\":\"https:\\\/\\\/hojassueltas.es\\\/wp-content\\\/uploads\\\/2026\\\/02\\\/Redaccion-2-96x96.png\",\"contentUrl\":\"https:\\\/\\\/hojassueltas.es\\\/wp-content\\\/uploads\\\/2026\\\/02\\\/Redaccion-2-96x96.png\",\"caption\":\"Redacci\u00f3n\"},\"description\":\"Redacci\u00f3n de HOJAS SUELTAS\",\"url\":\"https:\\\/\\\/hojassueltas.es\\\/?author=1\"}]}<\/script>\n<!-- \/ Yoast SEO plugin. -->","yoast_head_json":{"title":"Cartagena clausura con \u00e9xito la XXV Semana de la Novela Hist\u00f3rica | HOJAS SUELTAS Peri\u00f3dico Cultural","description":"ACTUALIDAD: Santiago Posteguillo y Bego\u00f1a Valero reciben los m\u00e1ximos galardones del certamen en una edici\u00f3n que finaliz\u00f3 con un emotivo concierto en la Plaza del Icue.","robots":{"index":"index","follow":"follow","max-snippet":"max-snippet:-1","max-image-preview":"max-image-preview:large","max-video-preview":"max-video-preview:-1"},"canonical":"https:\/\/hojassueltas.es\/?p=15088","og_locale":"es_ES","og_type":"article","og_title":"Cartagena clausura con \u00e9xito la XXV Semana de la Novela Hist\u00f3rica | HOJAS SUELTAS Peri\u00f3dico Cultural","og_description":"ACTUALIDAD: Santiago Posteguillo y Bego\u00f1a Valero reciben los m\u00e1ximos galardones del certamen en una edici\u00f3n que finaliz\u00f3 con un emotivo concierto en la Plaza del Icue.","og_url":"https:\/\/hojassueltas.es\/?p=15088","og_site_name":"HOJAS SUELTAS Peri\u00f3dico Cultural","article_published_time":"2024-10-11T22:00:16+00:00","article_modified_time":"2025-07-21T09:02:11+00:00","og_image":[{"width":485,"height":80,"url":"https:\/\/hojassueltas.es\/wp-content\/uploads\/2025\/09\/Hojas-Sueltas_Logo-III_trans.png","type":"image\/png"}],"author":"Redacci\u00f3n","twitter_card":"summary_large_image","twitter_creator":"@HOJASSUELTAS22","twitter_site":"@HOJASSUELTAS22","twitter_misc":{"Escrito por":"Redacci\u00f3n","Tiempo de lectura":"2 minutos"},"schema":{"@context":"https:\/\/schema.org","@graph":[{"@type":["Article","BlogPosting"],"@id":"https:\/\/hojassueltas.es\/?p=15088#article","isPartOf":{"@id":"https:\/\/hojassueltas.es\/?p=15088"},"author":{"name":"Redacci\u00f3n","@id":"https:\/\/hojassueltas.es\/#\/schema\/person\/f232bbdb834c61c90aff2245daa401c0"},"headline":"Cartagena clausura con \u00e9xito la XXV Semana de la Novela Hist\u00f3rica","datePublished":"2024-10-11T22:00:16+00:00","dateModified":"2025-07-21T09:02:11+00:00","mainEntityOfPage":{"@id":"https:\/\/hojassueltas.es\/?p=15088"},"wordCount":368,"commentCount":0,"publisher":{"@id":"https:\/\/hojassueltas.es\/#organization"},"articleSection":["PANORAMA CULTURAL"],"inLanguage":"es","potentialAction":[{"@type":"CommentAction","name":"Comment","target":["https:\/\/hojassueltas.es\/?p=15088#respond"]}]},{"@type":"WebPage","@id":"https:\/\/hojassueltas.es\/?p=15088","url":"https:\/\/hojassueltas.es\/?p=15088","name":"Cartagena clausura con \u00e9xito la XXV Semana de la Novela Hist\u00f3rica | HOJAS SUELTAS Peri\u00f3dico Cultural","isPartOf":{"@id":"https:\/\/hojassueltas.es\/#website"},"datePublished":"2024-10-11T22:00:16+00:00","dateModified":"2025-07-21T09:02:11+00:00","description":"ACTUALIDAD: Santiago Posteguillo y Bego\u00f1a Valero reciben los m\u00e1ximos galardones del certamen en una edici\u00f3n que finaliz\u00f3 con un emotivo concierto en la Plaza del Icue.","breadcrumb":{"@id":"https:\/\/hojassueltas.es\/?p=15088#breadcrumb"},"inLanguage":"es","potentialAction":[{"@type":"ReadAction","target":["https:\/\/hojassueltas.es\/?p=15088"]}]},{"@type":"BreadcrumbList","@id":"https:\/\/hojassueltas.es\/?p=15088#breadcrumb","itemListElement":[{"@type":"ListItem","position":1,"name":"Portada","item":"https:\/\/hojassueltas.es\/"},{"@type":"ListItem","position":2,"name":"Cartagena clausura con \u00e9xito la XXV Semana de la Novela Hist\u00f3rica"}]},{"@type":"WebSite","@id":"https:\/\/hojassueltas.es\/#website","url":"https:\/\/hojassueltas.es\/","name":"HojasSueltas.es","description":"GRANADA - Peri\u00f3dico Cultural","publisher":{"@id":"https:\/\/hojassueltas.es\/#organization"},"alternateName":"H.S. Periodico Cultural","potentialAction":[{"@type":"SearchAction","target":{"@type":"EntryPoint","urlTemplate":"https:\/\/hojassueltas.es\/?s={search_term_string}"},"query-input":{"@type":"PropertyValueSpecification","valueRequired":true,"valueName":"search_term_string"}}],"inLanguage":"es"},{"@type":"Organization","@id":"https:\/\/hojassueltas.es\/#organization","name":"HOJAS SUELTAS - Peri\u00f3dico Cultural","alternateName":"HS - HOJAS SUELTAS Peri\u00f3dico Cultural","url":"https:\/\/hojassueltas.es\/","logo":{"@type":"ImageObject","inLanguage":"es","@id":"https:\/\/hojassueltas.es\/#\/schema\/logo\/image\/","url":"https:\/\/hojassueltas.es\/wp-content\/uploads\/2025\/08\/Icono-HS_2.png","contentUrl":"https:\/\/hojassueltas.es\/wp-content\/uploads\/2025\/08\/Icono-HS_2.png","width":500,"height":500,"caption":"HOJAS SUELTAS - Peri\u00f3dico Cultural"},"image":{"@id":"https:\/\/hojassueltas.es\/#\/schema\/logo\/image\/"},"sameAs":["https:\/\/x.com\/HOJASSUELTAS22"]},{"@type":"Person","@id":"https:\/\/hojassueltas.es\/#\/schema\/person\/f232bbdb834c61c90aff2245daa401c0","name":"Redacci\u00f3n","image":{"@type":"ImageObject","inLanguage":"es","@id":"https:\/\/hojassueltas.es\/wp-content\/uploads\/2026\/02\/Redaccion-2-96x96.png","url":"https:\/\/hojassueltas.es\/wp-content\/uploads\/2026\/02\/Redaccion-2-96x96.png","contentUrl":"https:\/\/hojassueltas.es\/wp-content\/uploads\/2026\/02\/Redaccion-2-96x96.png","caption":"Redacci\u00f3n"},"description":"Redacci\u00f3n de HOJAS SUELTAS","url":"https:\/\/hojassueltas.es\/?author=1"}]}},"_links":{"self":[{"href":"https:\/\/hojassueltas.es\/index.php?rest_route=\/wp\/v2\/posts\/15088","targetHints":{"allow":["GET"]}}],"collection":[{"href":"https:\/\/hojassueltas.es\/index.php?rest_route=\/wp\/v2\/posts"}],"about":[{"href":"https:\/\/hojassueltas.es\/index.php?rest_route=\/wp\/v2\/types\/post"}],"author":[{"embeddable":true,"href":"https:\/\/hojassueltas.es\/index.php?rest_route=\/wp\/v2\/users\/1"}],"replies":[{"embeddable":true,"href":"https:\/\/hojassueltas.es\/index.php?rest_route=%2Fwp%2Fv2%2Fcomments&post=15088"}],"version-history":[{"count":1,"href":"https:\/\/hojassueltas.es\/index.php?rest_route=\/wp\/v2\/posts\/15088\/revisions"}],"predecessor-version":[{"id":15089,"href":"https:\/\/hojassueltas.es\/index.php?rest_route=\/wp\/v2\/posts\/15088\/revisions\/15089"}],"wp:attachment":[{"href":"https:\/\/hojassueltas.es\/index.php?rest_route=%2Fwp%2Fv2%2Fmedia&parent=15088"}],"wp:term":[{"taxonomy":"category","embeddable":true,"href":"https:\/\/hojassueltas.es\/index.php?rest_route=%2Fwp%2Fv2%2Fcategories&post=15088"},{"taxonomy":"post_tag","embeddable":true,"href":"https:\/\/hojassueltas.es\/index.php?rest_route=%2Fwp%2Fv2%2Ftags&post=15088"}],"curies":[{"name":"wp","href":"https:\/\/api.w.org\/{rel}","templated":true}]}}