{"id":15009,"date":"2024-10-10T00:01:51","date_gmt":"2024-10-09T22:01:51","guid":{"rendered":"https:\/\/hojassueltas.es\/?p=15009"},"modified":"2025-10-18T11:03:32","modified_gmt":"2025-10-18T09:03:32","slug":"la-sombra-del-oceano-de-sergio-mira-jordan","status":"publish","type":"post","link":"https:\/\/hojassueltas.es\/?p=15009","title":{"rendered":"La sombra del oc\u00e9ano &#8211; de Sergio Mira Jord\u00e1n"},"content":{"rendered":"<p><strong>I Premio Alexis Ravelo<\/strong><\/p>\n<h2 style=\"text-align: justify;\">Un subinspector at\u00edpico desembarca en Las Palmas para enfrentarse a un crimen que desvela los oscuros secretos de una ciudad marcada por la corrupci\u00f3n y la ambici\u00f3n.<\/h2>\n<p style=\"text-align: justify;\">David Ju\u00e1rez aterriza, procedente desde Alicante, en Las Palmas de Gran Canaria para incorporarse en su nuevo puesto como subinspector de polic\u00eda. Es un polic\u00eda at\u00edpico: lee a Marco Aurelio y busca, en su nuevo destino, olvidar, empezar de cero. Nada m\u00e1s llegar, antes incluso de tomar posesi\u00f3n de manera oficial de su cargo, sus compa\u00f1eros ya le involucran en la investigaci\u00f3n de un extra\u00f1o crimen: un joven pintor aparece brutalmente asesinado en su apartamento poco despu\u00e9s de inaugurar con \u00e9xito su \u00faltima exposici\u00f3n. \u00bfPor qu\u00e9 fue torturado? \u00bfQu\u00e9 buscaba el asesino?<br \/>\nJunto a su nueva compa\u00f1era, Itahisa, Ju\u00e1rez comenzar\u00e1 a indagar en una ciudad que desconoce y en un microcosmos en el que la corrupci\u00f3n pol\u00edtica, los intereses inmobiliarios, el sexo y los secretos familiares se enredan en una mara\u00f1a en apariencia imposible de desentra\u00f1ar cuyo origen se esconde en el fondo del oc\u00e9ano.<br \/>\nCon una prosa limpia, directa y certera, no exenta de iron\u00eda, Sergio Mira nos presenta, en esta obra ganadora del I Premio Alexis Ravelo \u2013 Ciudad de Arucas de novela negra, un texto \u00e1gil, vertiginoso, que nos presenta una Canarias diferente, alejada de los lugares comunes, con una identidad propia y un muy particular modo de ver y hacer las cosas y un protagonista carism\u00e1tico, brillante, que no se borrar\u00e1 de nuestra mente.<\/p>\n<p><span style=\"font-family: impact, sans-serif;\">\u00a9 Alreves\u00a0<\/span><\/p>\n","protected":false},"excerpt":{"rendered":"<p>I Premio Alexis Ravelo Un subinspector at\u00edpico desembarca en Las Palmas para enfrentarse a un crimen que desvela los oscuros secretos de una ciudad marcada por la corrupci\u00f3n y la ambici\u00f3n. David Ju\u00e1rez aterriza, procedente desde Alicante, en Las Palmas de Gran Canaria para incorporarse en su nuevo puesto como subinspector de polic\u00eda. Es un [&hellip;]<\/p>\n","protected":false},"author":1,"featured_media":15010,"comment_status":"open","ping_status":"closed","sticky":false,"template":"","format":"standard","meta":{"footnotes":""},"categories":[1124],"tags":[249,1969],"class_list":{"0":"post-15009","1":"post","2":"type-post","3":"status-publish","4":"format-standard","5":"has-post-thumbnail","7":"category-por-que-leer","8":"tag-alreves-editorial","9":"tag-sergio-mira-jordan"},"yoast_head":"<!-- This site is optimized with the Yoast SEO plugin v27.4 - https:\/\/yoast.com\/product\/yoast-seo-wordpress\/ -->\n<title>La sombra del oc\u00e9ano - de Sergio Mira Jord\u00e1n | HOJAS SUELTAS Peri\u00f3dico Cultural<\/title>\n<meta name=\"description\" content=\"NOVELA NEGRA y POLIC\u00cdACA: Un subinspector at\u00edpico desembarca en Las Palmas para enfrentarse a un crimen que desvela los oscuros secretos de una ciudad marcada por la corrupci\u00f3n y la ambici\u00f3n.\" \/>\n<meta name=\"robots\" content=\"index, follow, max-snippet:-1, max-image-preview:large, max-video-preview:-1\" \/>\n<link rel=\"canonical\" href=\"https:\/\/hojassueltas.es\/?p=15009\" \/>\n<meta property=\"og:locale\" content=\"es_ES\" \/>\n<meta property=\"og:type\" content=\"article\" \/>\n<meta property=\"og:title\" content=\"La sombra del oc\u00e9ano - de Sergio Mira Jord\u00e1n | HOJAS SUELTAS Peri\u00f3dico Cultural\" \/>\n<meta property=\"og:description\" content=\"NOVELA NEGRA y POLIC\u00cdACA: Un subinspector at\u00edpico desembarca en Las Palmas para enfrentarse a un crimen que desvela los oscuros secretos de una ciudad marcada por la corrupci\u00f3n y la ambici\u00f3n.\" \/>\n<meta property=\"og:url\" content=\"https:\/\/hojassueltas.es\/?p=15009\" \/>\n<meta property=\"og:site_name\" content=\"HOJAS SUELTAS Peri\u00f3dico Cultural\" \/>\n<meta property=\"article:published_time\" content=\"2024-10-09T22:01:51+00:00\" \/>\n<meta property=\"article:modified_time\" content=\"2025-10-18T09:03:32+00:00\" \/>\n<meta property=\"og:image\" content=\"https:\/\/hojassueltas.es\/wp-content\/uploads\/2024\/10\/La-sombra-del-oceano_H.S.png\" \/>\n\t<meta property=\"og:image:width\" content=\"1050\" \/>\n\t<meta property=\"og:image:height\" content=\"610\" \/>\n\t<meta property=\"og:image:type\" content=\"image\/png\" \/>\n<meta name=\"author\" content=\"Redacci\u00f3n\" \/>\n<meta name=\"twitter:card\" content=\"summary_large_image\" \/>\n<meta name=\"twitter:creator\" content=\"@HOJASSUELTAS22\" \/>\n<meta name=\"twitter:site\" content=\"@HOJASSUELTAS22\" \/>\n<meta name=\"twitter:label1\" content=\"Escrito por\" \/>\n\t<meta name=\"twitter:data1\" content=\"Redacci\u00f3n\" \/>\n\t<meta name=\"twitter:label2\" content=\"Tiempo de lectura\" \/>\n\t<meta name=\"twitter:data2\" content=\"2 minutos\" \/>\n<script type=\"application\/ld+json\" class=\"yoast-schema-graph\">{\"@context\":\"https:\\\/\\\/schema.org\",\"@graph\":[{\"@type\":[\"Article\",\"BlogPosting\"],\"@id\":\"https:\\\/\\\/hojassueltas.es\\\/?p=15009#article\",\"isPartOf\":{\"@id\":\"https:\\\/\\\/hojassueltas.es\\\/?p=15009\"},\"author\":{\"name\":\"Redacci\u00f3n\",\"@id\":\"https:\\\/\\\/hojassueltas.es\\\/#\\\/schema\\\/person\\\/f232bbdb834c61c90aff2245daa401c0\"},\"headline\":\"La sombra del oc\u00e9ano &#8211; de Sergio Mira Jord\u00e1n\",\"datePublished\":\"2024-10-09T22:01:51+00:00\",\"dateModified\":\"2025-10-18T09:03:32+00:00\",\"mainEntityOfPage\":{\"@id\":\"https:\\\/\\\/hojassueltas.es\\\/?p=15009\"},\"wordCount\":283,\"commentCount\":0,\"publisher\":{\"@id\":\"https:\\\/\\\/hojassueltas.es\\\/#organization\"},\"image\":{\"@id\":\"https:\\\/\\\/hojassueltas.es\\\/?p=15009#primaryimage\"},\"thumbnailUrl\":\"https:\\\/\\\/hojassueltas.es\\\/wp-content\\\/uploads\\\/2024\\\/10\\\/La-sombra-del-oceano_H.S.png\",\"keywords\":[\"Alrev\u00e9s Editorial\",\"Sergio Mira Jord\u00e1n\"],\"articleSection\":[\"POR QU\u00c9 LEER...\"],\"inLanguage\":\"es\",\"potentialAction\":[{\"@type\":\"CommentAction\",\"name\":\"Comment\",\"target\":[\"https:\\\/\\\/hojassueltas.es\\\/?p=15009#respond\"]}]},{\"@type\":\"WebPage\",\"@id\":\"https:\\\/\\\/hojassueltas.es\\\/?p=15009\",\"url\":\"https:\\\/\\\/hojassueltas.es\\\/?p=15009\",\"name\":\"La sombra del oc\u00e9ano - de Sergio Mira Jord\u00e1n | HOJAS SUELTAS Peri\u00f3dico Cultural\",\"isPartOf\":{\"@id\":\"https:\\\/\\\/hojassueltas.es\\\/#website\"},\"primaryImageOfPage\":{\"@id\":\"https:\\\/\\\/hojassueltas.es\\\/?p=15009#primaryimage\"},\"image\":{\"@id\":\"https:\\\/\\\/hojassueltas.es\\\/?p=15009#primaryimage\"},\"thumbnailUrl\":\"https:\\\/\\\/hojassueltas.es\\\/wp-content\\\/uploads\\\/2024\\\/10\\\/La-sombra-del-oceano_H.S.png\",\"datePublished\":\"2024-10-09T22:01:51+00:00\",\"dateModified\":\"2025-10-18T09:03:32+00:00\",\"description\":\"NOVELA NEGRA y POLIC\u00cdACA: Un subinspector at\u00edpico desembarca en Las Palmas para enfrentarse a un crimen que desvela los oscuros secretos de una ciudad marcada por la corrupci\u00f3n y la ambici\u00f3n.\",\"breadcrumb\":{\"@id\":\"https:\\\/\\\/hojassueltas.es\\\/?p=15009#breadcrumb\"},\"inLanguage\":\"es\",\"potentialAction\":[{\"@type\":\"ReadAction\",\"target\":[\"https:\\\/\\\/hojassueltas.es\\\/?p=15009\"]}]},{\"@type\":\"ImageObject\",\"inLanguage\":\"es\",\"@id\":\"https:\\\/\\\/hojassueltas.es\\\/?p=15009#primaryimage\",\"url\":\"https:\\\/\\\/hojassueltas.es\\\/wp-content\\\/uploads\\\/2024\\\/10\\\/La-sombra-del-oceano_H.S.png\",\"contentUrl\":\"https:\\\/\\\/hojassueltas.es\\\/wp-content\\\/uploads\\\/2024\\\/10\\\/La-sombra-del-oceano_H.S.png\",\"width\":1050,\"height\":610},{\"@type\":\"BreadcrumbList\",\"@id\":\"https:\\\/\\\/hojassueltas.es\\\/?p=15009#breadcrumb\",\"itemListElement\":[{\"@type\":\"ListItem\",\"position\":1,\"name\":\"Portada\",\"item\":\"https:\\\/\\\/hojassueltas.es\\\/\"},{\"@type\":\"ListItem\",\"position\":2,\"name\":\"La sombra del oc\u00e9ano &#8211; de Sergio Mira Jord\u00e1n\"}]},{\"@type\":\"WebSite\",\"@id\":\"https:\\\/\\\/hojassueltas.es\\\/#website\",\"url\":\"https:\\\/\\\/hojassueltas.es\\\/\",\"name\":\"HojasSueltas.es\",\"description\":\"GRANADA - Peri\u00f3dico Cultural\",\"publisher\":{\"@id\":\"https:\\\/\\\/hojassueltas.es\\\/#organization\"},\"alternateName\":\"H.S. Periodico Cultural\",\"potentialAction\":[{\"@type\":\"SearchAction\",\"target\":{\"@type\":\"EntryPoint\",\"urlTemplate\":\"https:\\\/\\\/hojassueltas.es\\\/?s={search_term_string}\"},\"query-input\":{\"@type\":\"PropertyValueSpecification\",\"valueRequired\":true,\"valueName\":\"search_term_string\"}}],\"inLanguage\":\"es\"},{\"@type\":\"Organization\",\"@id\":\"https:\\\/\\\/hojassueltas.es\\\/#organization\",\"name\":\"HOJAS SUELTAS - Peri\u00f3dico Cultural\",\"alternateName\":\"HS - HOJAS SUELTAS Peri\u00f3dico Cultural\",\"url\":\"https:\\\/\\\/hojassueltas.es\\\/\",\"logo\":{\"@type\":\"ImageObject\",\"inLanguage\":\"es\",\"@id\":\"https:\\\/\\\/hojassueltas.es\\\/#\\\/schema\\\/logo\\\/image\\\/\",\"url\":\"https:\\\/\\\/hojassueltas.es\\\/wp-content\\\/uploads\\\/2025\\\/08\\\/Icono-HS_2.png\",\"contentUrl\":\"https:\\\/\\\/hojassueltas.es\\\/wp-content\\\/uploads\\\/2025\\\/08\\\/Icono-HS_2.png\",\"width\":500,\"height\":500,\"caption\":\"HOJAS SUELTAS - Peri\u00f3dico Cultural\"},\"image\":{\"@id\":\"https:\\\/\\\/hojassueltas.es\\\/#\\\/schema\\\/logo\\\/image\\\/\"},\"sameAs\":[\"https:\\\/\\\/x.com\\\/HOJASSUELTAS22\"]},{\"@type\":\"Person\",\"@id\":\"https:\\\/\\\/hojassueltas.es\\\/#\\\/schema\\\/person\\\/f232bbdb834c61c90aff2245daa401c0\",\"name\":\"Redacci\u00f3n\",\"image\":{\"@type\":\"ImageObject\",\"inLanguage\":\"es\",\"@id\":\"https:\\\/\\\/hojassueltas.es\\\/wp-content\\\/uploads\\\/2026\\\/02\\\/Redaccion-2-96x96.png\",\"url\":\"https:\\\/\\\/hojassueltas.es\\\/wp-content\\\/uploads\\\/2026\\\/02\\\/Redaccion-2-96x96.png\",\"contentUrl\":\"https:\\\/\\\/hojassueltas.es\\\/wp-content\\\/uploads\\\/2026\\\/02\\\/Redaccion-2-96x96.png\",\"caption\":\"Redacci\u00f3n\"},\"description\":\"Redacci\u00f3n de HOJAS SUELTAS\",\"url\":\"https:\\\/\\\/hojassueltas.es\\\/?author=1\"}]}<\/script>\n<!-- \/ Yoast SEO plugin. -->","yoast_head_json":{"title":"La sombra del oc\u00e9ano - de Sergio Mira Jord\u00e1n | HOJAS SUELTAS Peri\u00f3dico Cultural","description":"NOVELA NEGRA y POLIC\u00cdACA: Un subinspector at\u00edpico desembarca en Las Palmas para enfrentarse a un crimen que desvela los oscuros secretos de una ciudad marcada por la corrupci\u00f3n y la ambici\u00f3n.","robots":{"index":"index","follow":"follow","max-snippet":"max-snippet:-1","max-image-preview":"max-image-preview:large","max-video-preview":"max-video-preview:-1"},"canonical":"https:\/\/hojassueltas.es\/?p=15009","og_locale":"es_ES","og_type":"article","og_title":"La sombra del oc\u00e9ano - de Sergio Mira Jord\u00e1n | HOJAS SUELTAS Peri\u00f3dico Cultural","og_description":"NOVELA NEGRA y POLIC\u00cdACA: Un subinspector at\u00edpico desembarca en Las Palmas para enfrentarse a un crimen que desvela los oscuros secretos de una ciudad marcada por la corrupci\u00f3n y la ambici\u00f3n.","og_url":"https:\/\/hojassueltas.es\/?p=15009","og_site_name":"HOJAS SUELTAS Peri\u00f3dico Cultural","article_published_time":"2024-10-09T22:01:51+00:00","article_modified_time":"2025-10-18T09:03:32+00:00","og_image":[{"width":1050,"height":610,"url":"https:\/\/hojassueltas.es\/wp-content\/uploads\/2024\/10\/La-sombra-del-oceano_H.S.png","type":"image\/png"}],"author":"Redacci\u00f3n","twitter_card":"summary_large_image","twitter_creator":"@HOJASSUELTAS22","twitter_site":"@HOJASSUELTAS22","twitter_misc":{"Escrito por":"Redacci\u00f3n","Tiempo de lectura":"2 minutos"},"schema":{"@context":"https:\/\/schema.org","@graph":[{"@type":["Article","BlogPosting"],"@id":"https:\/\/hojassueltas.es\/?p=15009#article","isPartOf":{"@id":"https:\/\/hojassueltas.es\/?p=15009"},"author":{"name":"Redacci\u00f3n","@id":"https:\/\/hojassueltas.es\/#\/schema\/person\/f232bbdb834c61c90aff2245daa401c0"},"headline":"La sombra del oc\u00e9ano &#8211; de Sergio Mira Jord\u00e1n","datePublished":"2024-10-09T22:01:51+00:00","dateModified":"2025-10-18T09:03:32+00:00","mainEntityOfPage":{"@id":"https:\/\/hojassueltas.es\/?p=15009"},"wordCount":283,"commentCount":0,"publisher":{"@id":"https:\/\/hojassueltas.es\/#organization"},"image":{"@id":"https:\/\/hojassueltas.es\/?p=15009#primaryimage"},"thumbnailUrl":"https:\/\/hojassueltas.es\/wp-content\/uploads\/2024\/10\/La-sombra-del-oceano_H.S.png","keywords":["Alrev\u00e9s Editorial","Sergio Mira Jord\u00e1n"],"articleSection":["POR QU\u00c9 LEER..."],"inLanguage":"es","potentialAction":[{"@type":"CommentAction","name":"Comment","target":["https:\/\/hojassueltas.es\/?p=15009#respond"]}]},{"@type":"WebPage","@id":"https:\/\/hojassueltas.es\/?p=15009","url":"https:\/\/hojassueltas.es\/?p=15009","name":"La sombra del oc\u00e9ano - de Sergio Mira Jord\u00e1n | HOJAS SUELTAS Peri\u00f3dico Cultural","isPartOf":{"@id":"https:\/\/hojassueltas.es\/#website"},"primaryImageOfPage":{"@id":"https:\/\/hojassueltas.es\/?p=15009#primaryimage"},"image":{"@id":"https:\/\/hojassueltas.es\/?p=15009#primaryimage"},"thumbnailUrl":"https:\/\/hojassueltas.es\/wp-content\/uploads\/2024\/10\/La-sombra-del-oceano_H.S.png","datePublished":"2024-10-09T22:01:51+00:00","dateModified":"2025-10-18T09:03:32+00:00","description":"NOVELA NEGRA y POLIC\u00cdACA: Un subinspector at\u00edpico desembarca en Las Palmas para enfrentarse a un crimen que desvela los oscuros secretos de una ciudad marcada por la corrupci\u00f3n y la ambici\u00f3n.","breadcrumb":{"@id":"https:\/\/hojassueltas.es\/?p=15009#breadcrumb"},"inLanguage":"es","potentialAction":[{"@type":"ReadAction","target":["https:\/\/hojassueltas.es\/?p=15009"]}]},{"@type":"ImageObject","inLanguage":"es","@id":"https:\/\/hojassueltas.es\/?p=15009#primaryimage","url":"https:\/\/hojassueltas.es\/wp-content\/uploads\/2024\/10\/La-sombra-del-oceano_H.S.png","contentUrl":"https:\/\/hojassueltas.es\/wp-content\/uploads\/2024\/10\/La-sombra-del-oceano_H.S.png","width":1050,"height":610},{"@type":"BreadcrumbList","@id":"https:\/\/hojassueltas.es\/?p=15009#breadcrumb","itemListElement":[{"@type":"ListItem","position":1,"name":"Portada","item":"https:\/\/hojassueltas.es\/"},{"@type":"ListItem","position":2,"name":"La sombra del oc\u00e9ano &#8211; de Sergio Mira Jord\u00e1n"}]},{"@type":"WebSite","@id":"https:\/\/hojassueltas.es\/#website","url":"https:\/\/hojassueltas.es\/","name":"HojasSueltas.es","description":"GRANADA - Peri\u00f3dico Cultural","publisher":{"@id":"https:\/\/hojassueltas.es\/#organization"},"alternateName":"H.S. Periodico Cultural","potentialAction":[{"@type":"SearchAction","target":{"@type":"EntryPoint","urlTemplate":"https:\/\/hojassueltas.es\/?s={search_term_string}"},"query-input":{"@type":"PropertyValueSpecification","valueRequired":true,"valueName":"search_term_string"}}],"inLanguage":"es"},{"@type":"Organization","@id":"https:\/\/hojassueltas.es\/#organization","name":"HOJAS SUELTAS - Peri\u00f3dico Cultural","alternateName":"HS - HOJAS SUELTAS Peri\u00f3dico Cultural","url":"https:\/\/hojassueltas.es\/","logo":{"@type":"ImageObject","inLanguage":"es","@id":"https:\/\/hojassueltas.es\/#\/schema\/logo\/image\/","url":"https:\/\/hojassueltas.es\/wp-content\/uploads\/2025\/08\/Icono-HS_2.png","contentUrl":"https:\/\/hojassueltas.es\/wp-content\/uploads\/2025\/08\/Icono-HS_2.png","width":500,"height":500,"caption":"HOJAS SUELTAS - Peri\u00f3dico Cultural"},"image":{"@id":"https:\/\/hojassueltas.es\/#\/schema\/logo\/image\/"},"sameAs":["https:\/\/x.com\/HOJASSUELTAS22"]},{"@type":"Person","@id":"https:\/\/hojassueltas.es\/#\/schema\/person\/f232bbdb834c61c90aff2245daa401c0","name":"Redacci\u00f3n","image":{"@type":"ImageObject","inLanguage":"es","@id":"https:\/\/hojassueltas.es\/wp-content\/uploads\/2026\/02\/Redaccion-2-96x96.png","url":"https:\/\/hojassueltas.es\/wp-content\/uploads\/2026\/02\/Redaccion-2-96x96.png","contentUrl":"https:\/\/hojassueltas.es\/wp-content\/uploads\/2026\/02\/Redaccion-2-96x96.png","caption":"Redacci\u00f3n"},"description":"Redacci\u00f3n de HOJAS SUELTAS","url":"https:\/\/hojassueltas.es\/?author=1"}]}},"_links":{"self":[{"href":"https:\/\/hojassueltas.es\/index.php?rest_route=\/wp\/v2\/posts\/15009","targetHints":{"allow":["GET"]}}],"collection":[{"href":"https:\/\/hojassueltas.es\/index.php?rest_route=\/wp\/v2\/posts"}],"about":[{"href":"https:\/\/hojassueltas.es\/index.php?rest_route=\/wp\/v2\/types\/post"}],"author":[{"embeddable":true,"href":"https:\/\/hojassueltas.es\/index.php?rest_route=\/wp\/v2\/users\/1"}],"replies":[{"embeddable":true,"href":"https:\/\/hojassueltas.es\/index.php?rest_route=%2Fwp%2Fv2%2Fcomments&post=15009"}],"version-history":[{"count":1,"href":"https:\/\/hojassueltas.es\/index.php?rest_route=\/wp\/v2\/posts\/15009\/revisions"}],"predecessor-version":[{"id":15011,"href":"https:\/\/hojassueltas.es\/index.php?rest_route=\/wp\/v2\/posts\/15009\/revisions\/15011"}],"wp:featuredmedia":[{"embeddable":true,"href":"https:\/\/hojassueltas.es\/index.php?rest_route=\/wp\/v2\/media\/15010"}],"wp:attachment":[{"href":"https:\/\/hojassueltas.es\/index.php?rest_route=%2Fwp%2Fv2%2Fmedia&parent=15009"}],"wp:term":[{"taxonomy":"category","embeddable":true,"href":"https:\/\/hojassueltas.es\/index.php?rest_route=%2Fwp%2Fv2%2Fcategories&post=15009"},{"taxonomy":"post_tag","embeddable":true,"href":"https:\/\/hojassueltas.es\/index.php?rest_route=%2Fwp%2Fv2%2Ftags&post=15009"}],"curies":[{"name":"wp","href":"https:\/\/api.w.org\/{rel}","templated":true}]}}