{"id":15001,"date":"2024-10-26T07:00:07","date_gmt":"2024-10-26T05:00:07","guid":{"rendered":"https:\/\/hojassueltas.es\/?p=15001"},"modified":"2025-10-20T15:02:11","modified_gmt":"2025-10-20T13:02:11","slug":"la-fundacion-2-1-de-jaime-molina","status":"publish","type":"post","link":"https:\/\/hojassueltas.es\/?p=15001","title":{"rendered":"La Fundaci\u00f3n 2.1 &#8211; de Jaime Molina"},"content":{"rendered":"<p style=\"text-align: justify;\">Lo dice Jaime Molina en su novela\u00a0<em>La Fundaci\u00f3n 2.1<\/em>: \u201cA veces, con quien m\u00e1s queremos estar es precisamente con quien no podemos estar\u201d. Ismael nos va a confesar la dolorosa verdad de su vida y para empezar nos avisa que no se llama Ismael. Tampoco sabemos c\u00f3mo es porque nos cuenta su historia desde el otro lado de la realidad, desde un blog, desde la Red por la que dice sentirse seducido por no confesar que se encuentra atrapado.<\/p>\n<p style=\"text-align: justify;\">Jaime Molina narra en\u00a0<em>La Fundaci\u00f3n 2.1<\/em>\u00a0la cr\u00f3nica detallada de una apariencia que es casi igual que hablar de la nada. En esa apariencia entra Ismael desde el momento en que se conecta, pero \u00bfa qu\u00e9 se conecta?: a un salvavidas, a la claudicaci\u00f3n de lo f\u00edsico, al espacio donde todo se puede hacer porque no hace falta mantener el compromiso de vivir la propia existencia.<\/p>\n<p style=\"text-align: justify;\">Cuando se ha perdido, cuando se ha desperdiciado tanto, s\u00f3lo nos quedan las palabras. Una frase tras otra Ismael arma los recuerdos persistentes de una alumna de quien se enamor\u00f3, Marian, de la que parece no quedarle nada m\u00e1s que su obstinaci\u00f3n por aparecer en la Red bajo esos nick que son como mu\u00f1ecas rusas: Marian6, Marian10, Marian24, esa posible y m\u00faltiple Marian conectada a \u00e9l que juega al escondite como jugaban los escritores sobre los que hace su tesis: los grandes novelistas que firmaban guiones en Hollywood bajo nombres falsos, los que escribieron una sola obra maestra y despu\u00e9s callaron para siempre, los que se empe\u00f1aron en permanecer en el anonimato a pesar de vender millones de ejemplares. Marian tiene ese poder: aparece y desaparece a su antojo, primero en las aulas de la universidad y luego en la pantalla de un ordenador, no hay l\u00f3gica en su conducta pero su conducta es fascinantemente atractiva, para ella todo depende del instante, y cuando alguien se encuentra con una persona cuyo comportamiento descansa en un\u00a0<em>depende<\/em>, empieza a depender inmediatamente de ella, y entonces es cuando nos acordamos de esa frase que escribe Ismael o Jaime Molina: \u201cA veces, con quien m\u00e1s queremos estar es precisamente con quien no podemos estar\u201d.<\/p>\n<p style=\"text-align: justify;\"><em>La Fundaci\u00f3n 2.1<\/em>\u00a0es una novela sobre la negaci\u00f3n, sobre el No que preside parte de nuestras vidas. Ismael cuenta su pasado igual que se hace a un amigo en un bar a las tantas de la madrugada mientras se comparten unas copas, lo cuenta todo con esa cruda verdad de los borrachos y de los perdedores, pero Ismael no es nuestro amigo, ni conocemos su nombre ni sus gestos; cuenta porque es una terapia para \u00e9l pero no una ense\u00f1anza para nosotros, aunque esas palabras hipnotizan al lector porque intuye que lo que va conociendo son esas partes oscuras de la vida que son como pozos en un terreno yerto, agujeros negros por donde se escapan las ilusiones, sumideros de lo negativo, la inabarcable verdad que hay en el anonimato, en la nada.<\/p>\n<p style=\"text-align: justify;\">Cuando Marian parece m\u00e1s interesada por su profesor, se esfuma. Vuelve a aparecer mediante correos electr\u00f3nicos, desde Estados Unidos, pidiendo quedarse en aquella tierra ajena para escribir sobre c\u00e9lebres escritores ajenos a la celebridad, jugando a un juego sin reglas del que Ismael desconoce su prop\u00f3sito porque detr\u00e1s de las frases que le escribe Marian no hay nada m\u00e1s, no hay un solo sentimiento, una palabra amable, algo que recuerde ese amor que se ha convertido en dependencia emocional, tan perjudicial como la hero\u00edna, tan adictiva como el alcohol o la esperanza.<\/p>\n<p style=\"text-align: justify;\">Pero el mundo es ancho, e Internet es tan ancho como el mundo. Millones y millones de extra\u00f1os se conectan entre ellos para dejar de ser extra\u00f1os a los dem\u00e1s y a s\u00ed mismos. Uno escribe en un chat y no sabe con qui\u00e9n habla, aunque pueda ser la vecina de enfrente o el vecino haci\u00e9ndose pasar por la vecina, y da miedo ense\u00f1ar el rostro porque a lo mejor muestra toda la verdad que las palabras de la pantalla desmienten.<\/p>\n<p style=\"text-align: justify;\">Y en ese ancho mundo de Internet seguro que debe haber una promesa de felicidad, pero c\u00f3mo encontrarla. La Fundaci\u00f3n tiene la respuesta y con esa intenci\u00f3n se dirige a Ismael. Parecen saberlo todo de \u00e9l aunque nunca lo hayan visto; pero en la Red todo deja huella, somos babosas que vamos dejando despacio, d\u00eda a d\u00eda, un rastro l\u00edquido e incoloro que s\u00f3lo necesita de una mano experta para ir sacando a la luz la autobiograf\u00eda paralela que vamos escribiendo sin querer cada vez que mandamos un correo electr\u00f3nico o entramos en una red social, ese autorretrato que vamos dibujando con nuestras b\u00fasquedas, nuestras compras, nuestras preferencias, nuestros contactos, interrelacionados en infinitos nodos que pueden ser rastreados, estudiados, utilizados.<\/p>\n<p style=\"text-align: justify;\">Jaime Molina se propone con esta novela crear la incertidumbre de lo cotidiano, indagar en la misteriosa falta de misterio de internet, reconstruir el perfil de quien cree que no es visto desde el teclado de su mesa de trabajo pero puede ser transparente para un programa inform\u00e1tico, poner en tela de juicio la invisibilidad del anonimato y la presunta concreci\u00f3n de la realidad, disolver la distinci\u00f3n entre la verdad y la mentira desde el momento en que no somos los que creemos ser, no aparecemos ante los dem\u00e1s como pensamos, no podemos diferenciar ni en el impasible hiperespacio ni dentro de esa infinidad de nodos que es nuestra mente lo que hay de posible, de probable, de aut\u00e9ntico, de incierto, de falsedad y de enga\u00f1o.<\/p>\n<p><span style=\"font-family: impact, sans-serif;\">\u00a9 Jos\u00e9 Luis Alvarado. Todos los derechos reservados. (Cicutadry)<\/span><\/p>\n","protected":false},"excerpt":{"rendered":"<p>Lo dice Jaime Molina en su novela\u00a0La Fundaci\u00f3n 2.1: \u201cA veces, con quien m\u00e1s queremos estar es precisamente con quien no podemos estar\u201d. Ismael nos va a confesar la dolorosa verdad de su vida y para empezar nos avisa que no se llama Ismael. Tampoco sabemos c\u00f3mo es porque nos cuenta su historia desde el [&hellip;]<\/p>\n","protected":false},"author":38,"featured_media":15002,"comment_status":"open","ping_status":"closed","sticky":false,"template":"","format":"standard","meta":{"footnotes":""},"categories":[74],"tags":[382],"class_list":{"0":"post-15001","1":"post","2":"type-post","3":"status-publish","4":"format-standard","5":"has-post-thumbnail","7":"category-resenas","8":"tag-jaime-molina-garcia"},"yoast_head":"<!-- This site is optimized with the Yoast SEO plugin v27.4 - https:\/\/yoast.com\/product\/yoast-seo-wordpress\/ -->\n<title>La Fundaci\u00f3n 2.1 - de Jaime Molina | HOJAS SUELTAS Peri\u00f3dico Cultural<\/title>\n<meta name=\"description\" content=\"RESE\u00d1A de Jos\u00e9 Luis Alvarado: Ismael nos va a confesar la dolorosa verdad de su vida y para empezar nos avisa que no se llama Ismael. Tampoco sabemos c\u00f3mo es porque nos cuenta su historia\" \/>\n<meta name=\"robots\" content=\"index, follow, max-snippet:-1, max-image-preview:large, max-video-preview:-1\" \/>\n<link rel=\"canonical\" href=\"https:\/\/hojassueltas.es\/?p=15001\" \/>\n<meta property=\"og:locale\" content=\"es_ES\" \/>\n<meta property=\"og:type\" content=\"article\" \/>\n<meta property=\"og:title\" content=\"La Fundaci\u00f3n 2.1 - de Jaime Molina | HOJAS SUELTAS Peri\u00f3dico Cultural\" \/>\n<meta property=\"og:description\" content=\"RESE\u00d1A de Jos\u00e9 Luis Alvarado: Ismael nos va a confesar la dolorosa verdad de su vida y para empezar nos avisa que no se llama Ismael. Tampoco sabemos c\u00f3mo es porque nos cuenta su historia\" \/>\n<meta property=\"og:url\" content=\"https:\/\/hojassueltas.es\/?p=15001\" \/>\n<meta property=\"og:site_name\" content=\"HOJAS SUELTAS Peri\u00f3dico Cultural\" \/>\n<meta property=\"article:published_time\" content=\"2024-10-26T05:00:07+00:00\" \/>\n<meta property=\"article:modified_time\" content=\"2025-10-20T13:02:11+00:00\" \/>\n<meta property=\"og:image\" content=\"https:\/\/hojassueltas.es\/wp-content\/uploads\/2024\/10\/La-fundacion-2.1_H.S.png\" \/>\n\t<meta property=\"og:image:width\" content=\"1050\" \/>\n\t<meta property=\"og:image:height\" content=\"610\" \/>\n\t<meta property=\"og:image:type\" content=\"image\/png\" \/>\n<meta name=\"author\" content=\"Jos\u00e9 Luis Alvarado\" \/>\n<meta name=\"twitter:card\" content=\"summary_large_image\" \/>\n<meta name=\"twitter:creator\" content=\"@HOJASSUELTAS22\" \/>\n<meta name=\"twitter:site\" content=\"@HOJASSUELTAS22\" \/>\n<meta name=\"twitter:label1\" content=\"Escrito por\" \/>\n\t<meta name=\"twitter:data1\" content=\"Jos\u00e9 Luis Alvarado\" \/>\n\t<meta name=\"twitter:label2\" content=\"Tiempo de lectura\" \/>\n\t<meta name=\"twitter:data2\" content=\"5 minutos\" \/>\n<script type=\"application\/ld+json\" class=\"yoast-schema-graph\">{\"@context\":\"https:\\\/\\\/schema.org\",\"@graph\":[{\"@type\":[\"Article\",\"BlogPosting\"],\"@id\":\"https:\\\/\\\/hojassueltas.es\\\/?p=15001#article\",\"isPartOf\":{\"@id\":\"https:\\\/\\\/hojassueltas.es\\\/?p=15001\"},\"author\":{\"name\":\"Jos\u00e9 Luis Alvarado\",\"@id\":\"https:\\\/\\\/hojassueltas.es\\\/#\\\/schema\\\/person\\\/0fd366c26625fc84c65a74d3da2c6d17\"},\"headline\":\"La Fundaci\u00f3n 2.1 &#8211; de Jaime Molina\",\"datePublished\":\"2024-10-26T05:00:07+00:00\",\"dateModified\":\"2025-10-20T13:02:11+00:00\",\"mainEntityOfPage\":{\"@id\":\"https:\\\/\\\/hojassueltas.es\\\/?p=15001\"},\"wordCount\":971,\"commentCount\":0,\"publisher\":{\"@id\":\"https:\\\/\\\/hojassueltas.es\\\/#organization\"},\"image\":{\"@id\":\"https:\\\/\\\/hojassueltas.es\\\/?p=15001#primaryimage\"},\"thumbnailUrl\":\"https:\\\/\\\/hojassueltas.es\\\/wp-content\\\/uploads\\\/2024\\\/10\\\/La-fundacion-2.1_H.S.png\",\"keywords\":[\"Jaime Molina Garc\u00eda\"],\"articleSection\":[\"RESE\u00d1AS\"],\"inLanguage\":\"es\",\"potentialAction\":[{\"@type\":\"CommentAction\",\"name\":\"Comment\",\"target\":[\"https:\\\/\\\/hojassueltas.es\\\/?p=15001#respond\"]}]},{\"@type\":\"WebPage\",\"@id\":\"https:\\\/\\\/hojassueltas.es\\\/?p=15001\",\"url\":\"https:\\\/\\\/hojassueltas.es\\\/?p=15001\",\"name\":\"La Fundaci\u00f3n 2.1 - de Jaime Molina | HOJAS SUELTAS Peri\u00f3dico Cultural\",\"isPartOf\":{\"@id\":\"https:\\\/\\\/hojassueltas.es\\\/#website\"},\"primaryImageOfPage\":{\"@id\":\"https:\\\/\\\/hojassueltas.es\\\/?p=15001#primaryimage\"},\"image\":{\"@id\":\"https:\\\/\\\/hojassueltas.es\\\/?p=15001#primaryimage\"},\"thumbnailUrl\":\"https:\\\/\\\/hojassueltas.es\\\/wp-content\\\/uploads\\\/2024\\\/10\\\/La-fundacion-2.1_H.S.png\",\"datePublished\":\"2024-10-26T05:00:07+00:00\",\"dateModified\":\"2025-10-20T13:02:11+00:00\",\"description\":\"RESE\u00d1A de Jos\u00e9 Luis Alvarado: Ismael nos va a confesar la dolorosa verdad de su vida y para empezar nos avisa que no se llama Ismael. Tampoco sabemos c\u00f3mo es porque nos cuenta su historia\",\"breadcrumb\":{\"@id\":\"https:\\\/\\\/hojassueltas.es\\\/?p=15001#breadcrumb\"},\"inLanguage\":\"es\",\"potentialAction\":[{\"@type\":\"ReadAction\",\"target\":[\"https:\\\/\\\/hojassueltas.es\\\/?p=15001\"]}]},{\"@type\":\"ImageObject\",\"inLanguage\":\"es\",\"@id\":\"https:\\\/\\\/hojassueltas.es\\\/?p=15001#primaryimage\",\"url\":\"https:\\\/\\\/hojassueltas.es\\\/wp-content\\\/uploads\\\/2024\\\/10\\\/La-fundacion-2.1_H.S.png\",\"contentUrl\":\"https:\\\/\\\/hojassueltas.es\\\/wp-content\\\/uploads\\\/2024\\\/10\\\/La-fundacion-2.1_H.S.png\",\"width\":1050,\"height\":610},{\"@type\":\"BreadcrumbList\",\"@id\":\"https:\\\/\\\/hojassueltas.es\\\/?p=15001#breadcrumb\",\"itemListElement\":[{\"@type\":\"ListItem\",\"position\":1,\"name\":\"Portada\",\"item\":\"https:\\\/\\\/hojassueltas.es\\\/\"},{\"@type\":\"ListItem\",\"position\":2,\"name\":\"La Fundaci\u00f3n 2.1 &#8211; de Jaime Molina\"}]},{\"@type\":\"WebSite\",\"@id\":\"https:\\\/\\\/hojassueltas.es\\\/#website\",\"url\":\"https:\\\/\\\/hojassueltas.es\\\/\",\"name\":\"HojasSueltas.es\",\"description\":\"GRANADA - Peri\u00f3dico Cultural\",\"publisher\":{\"@id\":\"https:\\\/\\\/hojassueltas.es\\\/#organization\"},\"alternateName\":\"H.S. Periodico Cultural\",\"potentialAction\":[{\"@type\":\"SearchAction\",\"target\":{\"@type\":\"EntryPoint\",\"urlTemplate\":\"https:\\\/\\\/hojassueltas.es\\\/?s={search_term_string}\"},\"query-input\":{\"@type\":\"PropertyValueSpecification\",\"valueRequired\":true,\"valueName\":\"search_term_string\"}}],\"inLanguage\":\"es\"},{\"@type\":\"Organization\",\"@id\":\"https:\\\/\\\/hojassueltas.es\\\/#organization\",\"name\":\"HOJAS SUELTAS - Peri\u00f3dico Cultural\",\"alternateName\":\"HS - HOJAS SUELTAS Peri\u00f3dico Cultural\",\"url\":\"https:\\\/\\\/hojassueltas.es\\\/\",\"logo\":{\"@type\":\"ImageObject\",\"inLanguage\":\"es\",\"@id\":\"https:\\\/\\\/hojassueltas.es\\\/#\\\/schema\\\/logo\\\/image\\\/\",\"url\":\"https:\\\/\\\/hojassueltas.es\\\/wp-content\\\/uploads\\\/2025\\\/08\\\/Icono-HS_2.png\",\"contentUrl\":\"https:\\\/\\\/hojassueltas.es\\\/wp-content\\\/uploads\\\/2025\\\/08\\\/Icono-HS_2.png\",\"width\":500,\"height\":500,\"caption\":\"HOJAS SUELTAS - Peri\u00f3dico Cultural\"},\"image\":{\"@id\":\"https:\\\/\\\/hojassueltas.es\\\/#\\\/schema\\\/logo\\\/image\\\/\"},\"sameAs\":[\"https:\\\/\\\/x.com\\\/HOJASSUELTAS22\"]},{\"@type\":\"Person\",\"@id\":\"https:\\\/\\\/hojassueltas.es\\\/#\\\/schema\\\/person\\\/0fd366c26625fc84c65a74d3da2c6d17\",\"name\":\"Jos\u00e9 Luis Alvarado\",\"image\":{\"@type\":\"ImageObject\",\"inLanguage\":\"es\",\"@id\":\"https:\\\/\\\/hojassueltas.es\\\/wp-content\\\/uploads\\\/2023\\\/04\\\/jefe-96x96.png\",\"url\":\"https:\\\/\\\/hojassueltas.es\\\/wp-content\\\/uploads\\\/2023\\\/04\\\/jefe-96x96.png\",\"contentUrl\":\"https:\\\/\\\/hojassueltas.es\\\/wp-content\\\/uploads\\\/2023\\\/04\\\/jefe-96x96.png\",\"caption\":\"Jos\u00e9 Luis Alvarado\"},\"description\":\"Dijo el sabio griego que nada es comunicable por el arte de la escritura; tras apurar la copa de seca cicuta, su disc\u00edpulo dilecto lo traicion\u00f3 y acaso lo perfeccion\u00f3 transmitiendo por escrito sus ir\u00f3nicos conocimientos. Como antes hiciera Montaigne, pienso que la obra de un autor se prolonga y modifica cada vez que se escribe sobre ella. La memoria, que fue oral y minoritaria, ahora se multiplica con cada palabra que integra y justifica el continuo universo, tambi\u00e9n llamado la Red.\",\"url\":\"https:\\\/\\\/hojassueltas.es\\\/?author=38\"}]}<\/script>\n<!-- \/ Yoast SEO plugin. -->","yoast_head_json":{"title":"La Fundaci\u00f3n 2.1 - de Jaime Molina | HOJAS SUELTAS Peri\u00f3dico Cultural","description":"RESE\u00d1A de Jos\u00e9 Luis Alvarado: Ismael nos va a confesar la dolorosa verdad de su vida y para empezar nos avisa que no se llama Ismael. Tampoco sabemos c\u00f3mo es porque nos cuenta su historia","robots":{"index":"index","follow":"follow","max-snippet":"max-snippet:-1","max-image-preview":"max-image-preview:large","max-video-preview":"max-video-preview:-1"},"canonical":"https:\/\/hojassueltas.es\/?p=15001","og_locale":"es_ES","og_type":"article","og_title":"La Fundaci\u00f3n 2.1 - de Jaime Molina | HOJAS SUELTAS Peri\u00f3dico Cultural","og_description":"RESE\u00d1A de Jos\u00e9 Luis Alvarado: Ismael nos va a confesar la dolorosa verdad de su vida y para empezar nos avisa que no se llama Ismael. Tampoco sabemos c\u00f3mo es porque nos cuenta su historia","og_url":"https:\/\/hojassueltas.es\/?p=15001","og_site_name":"HOJAS SUELTAS Peri\u00f3dico Cultural","article_published_time":"2024-10-26T05:00:07+00:00","article_modified_time":"2025-10-20T13:02:11+00:00","og_image":[{"width":1050,"height":610,"url":"https:\/\/hojassueltas.es\/wp-content\/uploads\/2024\/10\/La-fundacion-2.1_H.S.png","type":"image\/png"}],"author":"Jos\u00e9 Luis Alvarado","twitter_card":"summary_large_image","twitter_creator":"@HOJASSUELTAS22","twitter_site":"@HOJASSUELTAS22","twitter_misc":{"Escrito por":"Jos\u00e9 Luis Alvarado","Tiempo de lectura":"5 minutos"},"schema":{"@context":"https:\/\/schema.org","@graph":[{"@type":["Article","BlogPosting"],"@id":"https:\/\/hojassueltas.es\/?p=15001#article","isPartOf":{"@id":"https:\/\/hojassueltas.es\/?p=15001"},"author":{"name":"Jos\u00e9 Luis Alvarado","@id":"https:\/\/hojassueltas.es\/#\/schema\/person\/0fd366c26625fc84c65a74d3da2c6d17"},"headline":"La Fundaci\u00f3n 2.1 &#8211; de Jaime Molina","datePublished":"2024-10-26T05:00:07+00:00","dateModified":"2025-10-20T13:02:11+00:00","mainEntityOfPage":{"@id":"https:\/\/hojassueltas.es\/?p=15001"},"wordCount":971,"commentCount":0,"publisher":{"@id":"https:\/\/hojassueltas.es\/#organization"},"image":{"@id":"https:\/\/hojassueltas.es\/?p=15001#primaryimage"},"thumbnailUrl":"https:\/\/hojassueltas.es\/wp-content\/uploads\/2024\/10\/La-fundacion-2.1_H.S.png","keywords":["Jaime Molina Garc\u00eda"],"articleSection":["RESE\u00d1AS"],"inLanguage":"es","potentialAction":[{"@type":"CommentAction","name":"Comment","target":["https:\/\/hojassueltas.es\/?p=15001#respond"]}]},{"@type":"WebPage","@id":"https:\/\/hojassueltas.es\/?p=15001","url":"https:\/\/hojassueltas.es\/?p=15001","name":"La Fundaci\u00f3n 2.1 - de Jaime Molina | HOJAS SUELTAS Peri\u00f3dico Cultural","isPartOf":{"@id":"https:\/\/hojassueltas.es\/#website"},"primaryImageOfPage":{"@id":"https:\/\/hojassueltas.es\/?p=15001#primaryimage"},"image":{"@id":"https:\/\/hojassueltas.es\/?p=15001#primaryimage"},"thumbnailUrl":"https:\/\/hojassueltas.es\/wp-content\/uploads\/2024\/10\/La-fundacion-2.1_H.S.png","datePublished":"2024-10-26T05:00:07+00:00","dateModified":"2025-10-20T13:02:11+00:00","description":"RESE\u00d1A de Jos\u00e9 Luis Alvarado: Ismael nos va a confesar la dolorosa verdad de su vida y para empezar nos avisa que no se llama Ismael. Tampoco sabemos c\u00f3mo es porque nos cuenta su historia","breadcrumb":{"@id":"https:\/\/hojassueltas.es\/?p=15001#breadcrumb"},"inLanguage":"es","potentialAction":[{"@type":"ReadAction","target":["https:\/\/hojassueltas.es\/?p=15001"]}]},{"@type":"ImageObject","inLanguage":"es","@id":"https:\/\/hojassueltas.es\/?p=15001#primaryimage","url":"https:\/\/hojassueltas.es\/wp-content\/uploads\/2024\/10\/La-fundacion-2.1_H.S.png","contentUrl":"https:\/\/hojassueltas.es\/wp-content\/uploads\/2024\/10\/La-fundacion-2.1_H.S.png","width":1050,"height":610},{"@type":"BreadcrumbList","@id":"https:\/\/hojassueltas.es\/?p=15001#breadcrumb","itemListElement":[{"@type":"ListItem","position":1,"name":"Portada","item":"https:\/\/hojassueltas.es\/"},{"@type":"ListItem","position":2,"name":"La Fundaci\u00f3n 2.1 &#8211; de Jaime Molina"}]},{"@type":"WebSite","@id":"https:\/\/hojassueltas.es\/#website","url":"https:\/\/hojassueltas.es\/","name":"HojasSueltas.es","description":"GRANADA - Peri\u00f3dico Cultural","publisher":{"@id":"https:\/\/hojassueltas.es\/#organization"},"alternateName":"H.S. Periodico Cultural","potentialAction":[{"@type":"SearchAction","target":{"@type":"EntryPoint","urlTemplate":"https:\/\/hojassueltas.es\/?s={search_term_string}"},"query-input":{"@type":"PropertyValueSpecification","valueRequired":true,"valueName":"search_term_string"}}],"inLanguage":"es"},{"@type":"Organization","@id":"https:\/\/hojassueltas.es\/#organization","name":"HOJAS SUELTAS - Peri\u00f3dico Cultural","alternateName":"HS - HOJAS SUELTAS Peri\u00f3dico Cultural","url":"https:\/\/hojassueltas.es\/","logo":{"@type":"ImageObject","inLanguage":"es","@id":"https:\/\/hojassueltas.es\/#\/schema\/logo\/image\/","url":"https:\/\/hojassueltas.es\/wp-content\/uploads\/2025\/08\/Icono-HS_2.png","contentUrl":"https:\/\/hojassueltas.es\/wp-content\/uploads\/2025\/08\/Icono-HS_2.png","width":500,"height":500,"caption":"HOJAS SUELTAS - Peri\u00f3dico Cultural"},"image":{"@id":"https:\/\/hojassueltas.es\/#\/schema\/logo\/image\/"},"sameAs":["https:\/\/x.com\/HOJASSUELTAS22"]},{"@type":"Person","@id":"https:\/\/hojassueltas.es\/#\/schema\/person\/0fd366c26625fc84c65a74d3da2c6d17","name":"Jos\u00e9 Luis Alvarado","image":{"@type":"ImageObject","inLanguage":"es","@id":"https:\/\/hojassueltas.es\/wp-content\/uploads\/2023\/04\/jefe-96x96.png","url":"https:\/\/hojassueltas.es\/wp-content\/uploads\/2023\/04\/jefe-96x96.png","contentUrl":"https:\/\/hojassueltas.es\/wp-content\/uploads\/2023\/04\/jefe-96x96.png","caption":"Jos\u00e9 Luis Alvarado"},"description":"Dijo el sabio griego que nada es comunicable por el arte de la escritura; tras apurar la copa de seca cicuta, su disc\u00edpulo dilecto lo traicion\u00f3 y acaso lo perfeccion\u00f3 transmitiendo por escrito sus ir\u00f3nicos conocimientos. Como antes hiciera Montaigne, pienso que la obra de un autor se prolonga y modifica cada vez que se escribe sobre ella. La memoria, que fue oral y minoritaria, ahora se multiplica con cada palabra que integra y justifica el continuo universo, tambi\u00e9n llamado la Red.","url":"https:\/\/hojassueltas.es\/?author=38"}]}},"_links":{"self":[{"href":"https:\/\/hojassueltas.es\/index.php?rest_route=\/wp\/v2\/posts\/15001","targetHints":{"allow":["GET"]}}],"collection":[{"href":"https:\/\/hojassueltas.es\/index.php?rest_route=\/wp\/v2\/posts"}],"about":[{"href":"https:\/\/hojassueltas.es\/index.php?rest_route=\/wp\/v2\/types\/post"}],"author":[{"embeddable":true,"href":"https:\/\/hojassueltas.es\/index.php?rest_route=\/wp\/v2\/users\/38"}],"replies":[{"embeddable":true,"href":"https:\/\/hojassueltas.es\/index.php?rest_route=%2Fwp%2Fv2%2Fcomments&post=15001"}],"version-history":[{"count":1,"href":"https:\/\/hojassueltas.es\/index.php?rest_route=\/wp\/v2\/posts\/15001\/revisions"}],"predecessor-version":[{"id":15003,"href":"https:\/\/hojassueltas.es\/index.php?rest_route=\/wp\/v2\/posts\/15001\/revisions\/15003"}],"wp:featuredmedia":[{"embeddable":true,"href":"https:\/\/hojassueltas.es\/index.php?rest_route=\/wp\/v2\/media\/15002"}],"wp:attachment":[{"href":"https:\/\/hojassueltas.es\/index.php?rest_route=%2Fwp%2Fv2%2Fmedia&parent=15001"}],"wp:term":[{"taxonomy":"category","embeddable":true,"href":"https:\/\/hojassueltas.es\/index.php?rest_route=%2Fwp%2Fv2%2Fcategories&post=15001"},{"taxonomy":"post_tag","embeddable":true,"href":"https:\/\/hojassueltas.es\/index.php?rest_route=%2Fwp%2Fv2%2Ftags&post=15001"}],"curies":[{"name":"wp","href":"https:\/\/api.w.org\/{rel}","templated":true}]}}