{"id":14997,"date":"2024-10-22T00:00:03","date_gmt":"2024-10-21T22:00:03","guid":{"rendered":"https:\/\/hojassueltas.es\/?p=14997"},"modified":"2025-10-20T15:02:12","modified_gmt":"2025-10-20T13:02:12","slug":"la-edad-de-la-inocencia-de-edith-wharton","status":"publish","type":"post","link":"https:\/\/hojassueltas.es\/?p=14997","title":{"rendered":"La edad de la inocencia &#8211; de Edith Wharton"},"content":{"rendered":"<p style=\"text-align: justify;\">No hay duda; mientras somos prisioneros de nuestra propia subjetividad, la vida transcurre en otro plano, el de los hechos, que van entrelazando una mara\u00f1a en cuya trama se va precipitando nuestro futuro: lo descubre demasiado tarde Newland Archer, el protagonista de\u00a0<em>La edad de la inocencia<\/em>\u00a0(1920), sentado en un banco de Par\u00eds, temiendo que la realidad pueda destrozar la angustiosa ambig\u00fcedad que ha hecho soportable su vida. Edith Wharton (1862-1937) quiso plantear en esta novela el eterno dilema sobre la posibilidad de la libre elecci\u00f3n, y para ello imagin\u00f3 una hermosa historia de amor en un ambiente de convencionalismos y tambi\u00e9n una rotunda cr\u00edtica social sobre la ciudad que la vio nacer.<\/p>\n<p style=\"text-align: justify;\">Nueva York en 1870 es una ciudad plana, vasta e inminente, donde toda la clase alta se conoce, dispuesta a defender sus h\u00e1bitos sociales. Pocas cosas pueden parecerle m\u00e1s horrendas que una ofensa al buen gusto y a las formas. Con gran maestr\u00eda, desde el primer cap\u00edtulo, Edith Wharton nos muestra ese ambiente rancio y encerrado en s\u00ed mismo, con la presentaci\u00f3n de los personajes que m\u00e1s tarde ser\u00e1n el f\u00e9rreo marco donde se desenvolver\u00e1 la vida de Newland Archer, un joven fruto de las costumbres, callado y displicente, entregado a los placeres delicados, cuya conformidad a la disciplina de una sociedad peque\u00f1a ha llegado a convertirse en una segunda naturaleza. Su pl\u00e1cida vida transcurre entre cenas, \u00f3peras y bailes, y en el momento en que lo conocemos va a anunciar su compromiso con la joven May Willand, miembro de otra familia de la clase alta neoyorquina.<\/p>\n<p style=\"text-align: justify;\">S\u00f3lo habr\u00e1 un detalle que alterar\u00e1 tanta quietud: la llegada de la condesa Olenska, una mujer que ha abandonado a su marido en Europa, y a la que por ello ve con malos ojos una parte de la sociedad. Ser\u00e1 el joven Newland Archer, con la que le une un cierto parentesco familiar, quien sea el encargado de introducirla en los exclusivos c\u00edrculos de la vieja Nueva York. Pero la condesa remueve con su llegada viejas y establecidas convicciones, dej\u00e1ndolas peligrosamente a la deriva en el pensamiento de Newland Archer. De repente, atra\u00eddo por el aire fresco que se respira en el ambiente de la condesa Olenska, Newland comienza a plantearse la validez de sus convicciones tan fuertemente arraigadas, y lo que es m\u00e1s inquietante, las relaciones que mantiene con su prometida, y m\u00e1s tarde esposa, empiezan a deteriorarse por razones que ni siquiera es capaz de explicarse convenientemente.<\/p>\n<p style=\"text-align: justify;\">A lo largo de la novela, veremos al joven Archer debatirse entre dos aguas, entre dos estilos de vida diferentes, entre dos mujeres que le ofrecen su especial perspectiva sobre las cosas, y es en este punto donde radica la genialidad de la novela de Edith Wharton: podr\u00eda haber expuesto, como en tantas otras historias, el conflicto interior de un hombre que se siente atra\u00eddo a la vez por el amor hacia dos mujeres antag\u00f3nicas, la batalla entre la seguridad y la aventura, la raz\u00f3n y la locura. Pero no es as\u00ed, porque la escritora norteamericana imagin\u00f3 una novela netamente femenina escrita desde un punto de vista masculino: el protagonista no es en verdad Newland Archer, sino la femineidad que atraviesa y conforma cada una de las escenas de la historia. Por supuesto, hablamos de la condici\u00f3n femenina en 1870, en una ciudad puritana y asfixiante, donde la voz de las mujeres s\u00f3lo puede hacerse valer a trav\u00e9s de la tradici\u00f3n. De hecho, los personajes principales de esta novela son mujeres, porque la peque\u00f1a historia dom\u00e9stica de esta gran familia que representa la clase alta gravita sobre lo que la mujer revela e induce.<\/p>\n<p style=\"text-align: justify;\">El joven Newland Archer no es capaz por s\u00ed mismo de manejar su propia vida, no es due\u00f1o de su destino, sino que se va encontrando los hechos ya consumados de manera que nada puede hacer por alterarlos una vez que se han producido. Y en este punto se descubre otro de los grandes logros de esta fascinante novela: que en realidad cuenta dos historias, una la visible, la que leemos, y otra no menos interesante, la que no vemos pero de cuyas consecuencias nos enteramos puntualmente en determinadas escenas que son fundamentales para el desarrollo de la trama y que de hecho la modifican sustancialmente. El mundo masculino ser\u00e1 el mostrado desde dentro, desde las palabras que forman el texto, con sus pensamientos, sus dudas, sus anhelos; y por otro lado, el mundo femenino ser\u00e1 lo imprevisto, lo oculto, lo inevitable.<\/p>\n<p style=\"text-align: justify;\">Edith Wharton fue disc\u00edpula y amiga de Henry James, el maestro de la sutileza y la ambig\u00fcedad. Quien abra las p\u00e1ginas de esta novela no podr\u00e1 esperar las escenas expl\u00edcitas ni los momentos rotundos a los que estamos acostumbrados, sino \u00fanicamente situaciones delicadas, expuestas con una extraordinaria agudeza y un fuerte sentido de la ambivalencia. Como en un juego de espejos, donde vemos el haz y el env\u00e9s de las cosas, Edith Wharton consigui\u00f3 con\u00a0<em>La edad de la inocencia\u00a0<\/em>desvelar los rec\u00f3nditos laberintos de la realidad humana.<\/p>\n<p><span style=\"font-family: impact, sans-serif;\">\u00a9 Jos\u00e9 Luis Alvarado. Todos los derechos reservados. (Cicutadry)<\/span><\/p>\n","protected":false},"excerpt":{"rendered":"<p>No hay duda; mientras somos prisioneros de nuestra propia subjetividad, la vida transcurre en otro plano, el de los hechos, que van entrelazando una mara\u00f1a en cuya trama se va precipitando nuestro futuro: lo descubre demasiado tarde Newland Archer, el protagonista de\u00a0La edad de la inocencia\u00a0(1920), sentado en un banco de Par\u00eds, temiendo que la [&hellip;]<\/p>\n","protected":false},"author":38,"featured_media":14998,"comment_status":"open","ping_status":"closed","sticky":false,"template":"","format":"standard","meta":{"footnotes":""},"categories":[74],"tags":[1967,99],"class_list":{"0":"post-14997","1":"post","2":"type-post","3":"status-publish","4":"format-standard","5":"has-post-thumbnail","7":"category-resenas","8":"tag-edith-wharton","9":"tag-tusquets-editores"},"yoast_head":"<!-- This site is optimized with the Yoast SEO plugin v27.5 - https:\/\/yoast.com\/product\/yoast-seo-wordpress\/ -->\n<title>La edad de la inocencia - de Edith Wharton | HOJAS SUELTAS Peri\u00f3dico Cultural<\/title>\n<meta name=\"description\" content=\"RESE\u00d1A por Jos\u00e9 Luis Alvarado: No hay duda; mientras somos prisioneros de nuestra propia subjetividad, la vida transcurre en otro plano, el de los hechos\" \/>\n<meta name=\"robots\" content=\"index, follow, max-snippet:-1, max-image-preview:large, max-video-preview:-1\" \/>\n<link rel=\"canonical\" href=\"https:\/\/hojassueltas.es\/?p=14997\" \/>\n<meta property=\"og:locale\" content=\"es_ES\" \/>\n<meta property=\"og:type\" content=\"article\" \/>\n<meta property=\"og:title\" content=\"La edad de la inocencia - de Edith Wharton | HOJAS SUELTAS Peri\u00f3dico Cultural\" \/>\n<meta property=\"og:description\" content=\"RESE\u00d1A por Jos\u00e9 Luis Alvarado: No hay duda; mientras somos prisioneros de nuestra propia subjetividad, la vida transcurre en otro plano, el de los hechos\" \/>\n<meta property=\"og:url\" content=\"https:\/\/hojassueltas.es\/?p=14997\" \/>\n<meta property=\"og:site_name\" content=\"HOJAS SUELTAS Peri\u00f3dico Cultural\" \/>\n<meta property=\"article:published_time\" content=\"2024-10-21T22:00:03+00:00\" \/>\n<meta property=\"article:modified_time\" content=\"2025-10-20T13:02:12+00:00\" \/>\n<meta property=\"og:image\" content=\"https:\/\/hojassueltas.es\/wp-content\/uploads\/2024\/10\/lA-EDAD-DE-LA-INOCENCIA_H.S.png\" \/>\n\t<meta property=\"og:image:width\" content=\"1050\" \/>\n\t<meta property=\"og:image:height\" content=\"610\" \/>\n\t<meta property=\"og:image:type\" content=\"image\/png\" \/>\n<meta name=\"author\" content=\"Jos\u00e9 Luis Alvarado\" \/>\n<meta name=\"twitter:card\" content=\"summary_large_image\" \/>\n<meta name=\"twitter:creator\" content=\"@HOJASSUELTAS22\" \/>\n<meta name=\"twitter:site\" content=\"@HOJASSUELTAS22\" \/>\n<meta name=\"twitter:label1\" content=\"Escrito por\" \/>\n\t<meta name=\"twitter:data1\" content=\"Jos\u00e9 Luis Alvarado\" \/>\n\t<meta name=\"twitter:label2\" content=\"Tiempo de lectura\" \/>\n\t<meta name=\"twitter:data2\" content=\"5 minutos\" \/>\n<script type=\"application\/ld+json\" class=\"yoast-schema-graph\">{\"@context\":\"https:\\\/\\\/schema.org\",\"@graph\":[{\"@type\":[\"Article\",\"BlogPosting\"],\"@id\":\"https:\\\/\\\/hojassueltas.es\\\/?p=14997#article\",\"isPartOf\":{\"@id\":\"https:\\\/\\\/hojassueltas.es\\\/?p=14997\"},\"author\":{\"name\":\"Jos\u00e9 Luis Alvarado\",\"@id\":\"https:\\\/\\\/hojassueltas.es\\\/#\\\/schema\\\/person\\\/0fd366c26625fc84c65a74d3da2c6d17\"},\"headline\":\"La edad de la inocencia &#8211; de Edith Wharton\",\"datePublished\":\"2024-10-21T22:00:03+00:00\",\"dateModified\":\"2025-10-20T13:02:12+00:00\",\"mainEntityOfPage\":{\"@id\":\"https:\\\/\\\/hojassueltas.es\\\/?p=14997\"},\"wordCount\":887,\"commentCount\":0,\"publisher\":{\"@id\":\"https:\\\/\\\/hojassueltas.es\\\/#organization\"},\"image\":{\"@id\":\"https:\\\/\\\/hojassueltas.es\\\/?p=14997#primaryimage\"},\"thumbnailUrl\":\"https:\\\/\\\/hojassueltas.es\\\/wp-content\\\/uploads\\\/2024\\\/10\\\/lA-EDAD-DE-LA-INOCENCIA_H.S.png\",\"keywords\":[\"Edith Wharton\",\"Tusquets Editores\"],\"articleSection\":[\"RESE\u00d1AS\"],\"inLanguage\":\"es\",\"potentialAction\":[{\"@type\":\"CommentAction\",\"name\":\"Comment\",\"target\":[\"https:\\\/\\\/hojassueltas.es\\\/?p=14997#respond\"]}]},{\"@type\":\"WebPage\",\"@id\":\"https:\\\/\\\/hojassueltas.es\\\/?p=14997\",\"url\":\"https:\\\/\\\/hojassueltas.es\\\/?p=14997\",\"name\":\"La edad de la inocencia - de Edith Wharton | HOJAS SUELTAS Peri\u00f3dico Cultural\",\"isPartOf\":{\"@id\":\"https:\\\/\\\/hojassueltas.es\\\/#website\"},\"primaryImageOfPage\":{\"@id\":\"https:\\\/\\\/hojassueltas.es\\\/?p=14997#primaryimage\"},\"image\":{\"@id\":\"https:\\\/\\\/hojassueltas.es\\\/?p=14997#primaryimage\"},\"thumbnailUrl\":\"https:\\\/\\\/hojassueltas.es\\\/wp-content\\\/uploads\\\/2024\\\/10\\\/lA-EDAD-DE-LA-INOCENCIA_H.S.png\",\"datePublished\":\"2024-10-21T22:00:03+00:00\",\"dateModified\":\"2025-10-20T13:02:12+00:00\",\"description\":\"RESE\u00d1A por Jos\u00e9 Luis Alvarado: No hay duda; mientras somos prisioneros de nuestra propia subjetividad, la vida transcurre en otro plano, el de los hechos\",\"breadcrumb\":{\"@id\":\"https:\\\/\\\/hojassueltas.es\\\/?p=14997#breadcrumb\"},\"inLanguage\":\"es\",\"potentialAction\":[{\"@type\":\"ReadAction\",\"target\":[\"https:\\\/\\\/hojassueltas.es\\\/?p=14997\"]}]},{\"@type\":\"ImageObject\",\"inLanguage\":\"es\",\"@id\":\"https:\\\/\\\/hojassueltas.es\\\/?p=14997#primaryimage\",\"url\":\"https:\\\/\\\/hojassueltas.es\\\/wp-content\\\/uploads\\\/2024\\\/10\\\/lA-EDAD-DE-LA-INOCENCIA_H.S.png\",\"contentUrl\":\"https:\\\/\\\/hojassueltas.es\\\/wp-content\\\/uploads\\\/2024\\\/10\\\/lA-EDAD-DE-LA-INOCENCIA_H.S.png\",\"width\":1050,\"height\":610},{\"@type\":\"BreadcrumbList\",\"@id\":\"https:\\\/\\\/hojassueltas.es\\\/?p=14997#breadcrumb\",\"itemListElement\":[{\"@type\":\"ListItem\",\"position\":1,\"name\":\"Portada\",\"item\":\"https:\\\/\\\/hojassueltas.es\\\/\"},{\"@type\":\"ListItem\",\"position\":2,\"name\":\"La edad de la inocencia &#8211; de Edith Wharton\"}]},{\"@type\":\"WebSite\",\"@id\":\"https:\\\/\\\/hojassueltas.es\\\/#website\",\"url\":\"https:\\\/\\\/hojassueltas.es\\\/\",\"name\":\"HojasSueltas.es\",\"description\":\"GRANADA - Peri\u00f3dico Cultural\",\"publisher\":{\"@id\":\"https:\\\/\\\/hojassueltas.es\\\/#organization\"},\"alternateName\":\"H.S. Periodico Cultural\",\"potentialAction\":[{\"@type\":\"SearchAction\",\"target\":{\"@type\":\"EntryPoint\",\"urlTemplate\":\"https:\\\/\\\/hojassueltas.es\\\/?s={search_term_string}\"},\"query-input\":{\"@type\":\"PropertyValueSpecification\",\"valueRequired\":true,\"valueName\":\"search_term_string\"}}],\"inLanguage\":\"es\"},{\"@type\":\"Organization\",\"@id\":\"https:\\\/\\\/hojassueltas.es\\\/#organization\",\"name\":\"HOJAS SUELTAS - Peri\u00f3dico Cultural\",\"alternateName\":\"HS - HOJAS SUELTAS Peri\u00f3dico Cultural\",\"url\":\"https:\\\/\\\/hojassueltas.es\\\/\",\"logo\":{\"@type\":\"ImageObject\",\"inLanguage\":\"es\",\"@id\":\"https:\\\/\\\/hojassueltas.es\\\/#\\\/schema\\\/logo\\\/image\\\/\",\"url\":\"https:\\\/\\\/hojassueltas.es\\\/wp-content\\\/uploads\\\/2025\\\/08\\\/Icono-HS_2.png\",\"contentUrl\":\"https:\\\/\\\/hojassueltas.es\\\/wp-content\\\/uploads\\\/2025\\\/08\\\/Icono-HS_2.png\",\"width\":500,\"height\":500,\"caption\":\"HOJAS SUELTAS - Peri\u00f3dico Cultural\"},\"image\":{\"@id\":\"https:\\\/\\\/hojassueltas.es\\\/#\\\/schema\\\/logo\\\/image\\\/\"},\"sameAs\":[\"https:\\\/\\\/x.com\\\/HOJASSUELTAS22\"]},{\"@type\":\"Person\",\"@id\":\"https:\\\/\\\/hojassueltas.es\\\/#\\\/schema\\\/person\\\/0fd366c26625fc84c65a74d3da2c6d17\",\"name\":\"Jos\u00e9 Luis Alvarado\",\"image\":{\"@type\":\"ImageObject\",\"inLanguage\":\"es\",\"@id\":\"https:\\\/\\\/hojassueltas.es\\\/wp-content\\\/uploads\\\/2023\\\/04\\\/jefe-96x96.png\",\"url\":\"https:\\\/\\\/hojassueltas.es\\\/wp-content\\\/uploads\\\/2023\\\/04\\\/jefe-96x96.png\",\"contentUrl\":\"https:\\\/\\\/hojassueltas.es\\\/wp-content\\\/uploads\\\/2023\\\/04\\\/jefe-96x96.png\",\"caption\":\"Jos\u00e9 Luis Alvarado\"},\"description\":\"Dijo el sabio griego que nada es comunicable por el arte de la escritura; tras apurar la copa de seca cicuta, su disc\u00edpulo dilecto lo traicion\u00f3 y acaso lo perfeccion\u00f3 transmitiendo por escrito sus ir\u00f3nicos conocimientos. Como antes hiciera Montaigne, pienso que la obra de un autor se prolonga y modifica cada vez que se escribe sobre ella. La memoria, que fue oral y minoritaria, ahora se multiplica con cada palabra que integra y justifica el continuo universo, tambi\u00e9n llamado la Red.\",\"url\":\"https:\\\/\\\/hojassueltas.es\\\/?author=38\"}]}<\/script>\n<!-- \/ Yoast SEO plugin. -->","yoast_head_json":{"title":"La edad de la inocencia - de Edith Wharton | HOJAS SUELTAS Peri\u00f3dico Cultural","description":"RESE\u00d1A por Jos\u00e9 Luis Alvarado: No hay duda; mientras somos prisioneros de nuestra propia subjetividad, la vida transcurre en otro plano, el de los hechos","robots":{"index":"index","follow":"follow","max-snippet":"max-snippet:-1","max-image-preview":"max-image-preview:large","max-video-preview":"max-video-preview:-1"},"canonical":"https:\/\/hojassueltas.es\/?p=14997","og_locale":"es_ES","og_type":"article","og_title":"La edad de la inocencia - de Edith Wharton | HOJAS SUELTAS Peri\u00f3dico Cultural","og_description":"RESE\u00d1A por Jos\u00e9 Luis Alvarado: No hay duda; mientras somos prisioneros de nuestra propia subjetividad, la vida transcurre en otro plano, el de los hechos","og_url":"https:\/\/hojassueltas.es\/?p=14997","og_site_name":"HOJAS SUELTAS Peri\u00f3dico Cultural","article_published_time":"2024-10-21T22:00:03+00:00","article_modified_time":"2025-10-20T13:02:12+00:00","og_image":[{"width":1050,"height":610,"url":"https:\/\/hojassueltas.es\/wp-content\/uploads\/2024\/10\/lA-EDAD-DE-LA-INOCENCIA_H.S.png","type":"image\/png"}],"author":"Jos\u00e9 Luis Alvarado","twitter_card":"summary_large_image","twitter_creator":"@HOJASSUELTAS22","twitter_site":"@HOJASSUELTAS22","twitter_misc":{"Escrito por":"Jos\u00e9 Luis Alvarado","Tiempo de lectura":"5 minutos"},"schema":{"@context":"https:\/\/schema.org","@graph":[{"@type":["Article","BlogPosting"],"@id":"https:\/\/hojassueltas.es\/?p=14997#article","isPartOf":{"@id":"https:\/\/hojassueltas.es\/?p=14997"},"author":{"name":"Jos\u00e9 Luis Alvarado","@id":"https:\/\/hojassueltas.es\/#\/schema\/person\/0fd366c26625fc84c65a74d3da2c6d17"},"headline":"La edad de la inocencia &#8211; de Edith Wharton","datePublished":"2024-10-21T22:00:03+00:00","dateModified":"2025-10-20T13:02:12+00:00","mainEntityOfPage":{"@id":"https:\/\/hojassueltas.es\/?p=14997"},"wordCount":887,"commentCount":0,"publisher":{"@id":"https:\/\/hojassueltas.es\/#organization"},"image":{"@id":"https:\/\/hojassueltas.es\/?p=14997#primaryimage"},"thumbnailUrl":"https:\/\/hojassueltas.es\/wp-content\/uploads\/2024\/10\/lA-EDAD-DE-LA-INOCENCIA_H.S.png","keywords":["Edith Wharton","Tusquets Editores"],"articleSection":["RESE\u00d1AS"],"inLanguage":"es","potentialAction":[{"@type":"CommentAction","name":"Comment","target":["https:\/\/hojassueltas.es\/?p=14997#respond"]}]},{"@type":"WebPage","@id":"https:\/\/hojassueltas.es\/?p=14997","url":"https:\/\/hojassueltas.es\/?p=14997","name":"La edad de la inocencia - de Edith Wharton | HOJAS SUELTAS Peri\u00f3dico Cultural","isPartOf":{"@id":"https:\/\/hojassueltas.es\/#website"},"primaryImageOfPage":{"@id":"https:\/\/hojassueltas.es\/?p=14997#primaryimage"},"image":{"@id":"https:\/\/hojassueltas.es\/?p=14997#primaryimage"},"thumbnailUrl":"https:\/\/hojassueltas.es\/wp-content\/uploads\/2024\/10\/lA-EDAD-DE-LA-INOCENCIA_H.S.png","datePublished":"2024-10-21T22:00:03+00:00","dateModified":"2025-10-20T13:02:12+00:00","description":"RESE\u00d1A por Jos\u00e9 Luis Alvarado: No hay duda; mientras somos prisioneros de nuestra propia subjetividad, la vida transcurre en otro plano, el de los hechos","breadcrumb":{"@id":"https:\/\/hojassueltas.es\/?p=14997#breadcrumb"},"inLanguage":"es","potentialAction":[{"@type":"ReadAction","target":["https:\/\/hojassueltas.es\/?p=14997"]}]},{"@type":"ImageObject","inLanguage":"es","@id":"https:\/\/hojassueltas.es\/?p=14997#primaryimage","url":"https:\/\/hojassueltas.es\/wp-content\/uploads\/2024\/10\/lA-EDAD-DE-LA-INOCENCIA_H.S.png","contentUrl":"https:\/\/hojassueltas.es\/wp-content\/uploads\/2024\/10\/lA-EDAD-DE-LA-INOCENCIA_H.S.png","width":1050,"height":610},{"@type":"BreadcrumbList","@id":"https:\/\/hojassueltas.es\/?p=14997#breadcrumb","itemListElement":[{"@type":"ListItem","position":1,"name":"Portada","item":"https:\/\/hojassueltas.es\/"},{"@type":"ListItem","position":2,"name":"La edad de la inocencia &#8211; de Edith Wharton"}]},{"@type":"WebSite","@id":"https:\/\/hojassueltas.es\/#website","url":"https:\/\/hojassueltas.es\/","name":"HojasSueltas.es","description":"GRANADA - Peri\u00f3dico Cultural","publisher":{"@id":"https:\/\/hojassueltas.es\/#organization"},"alternateName":"H.S. Periodico Cultural","potentialAction":[{"@type":"SearchAction","target":{"@type":"EntryPoint","urlTemplate":"https:\/\/hojassueltas.es\/?s={search_term_string}"},"query-input":{"@type":"PropertyValueSpecification","valueRequired":true,"valueName":"search_term_string"}}],"inLanguage":"es"},{"@type":"Organization","@id":"https:\/\/hojassueltas.es\/#organization","name":"HOJAS SUELTAS - Peri\u00f3dico Cultural","alternateName":"HS - HOJAS SUELTAS Peri\u00f3dico Cultural","url":"https:\/\/hojassueltas.es\/","logo":{"@type":"ImageObject","inLanguage":"es","@id":"https:\/\/hojassueltas.es\/#\/schema\/logo\/image\/","url":"https:\/\/hojassueltas.es\/wp-content\/uploads\/2025\/08\/Icono-HS_2.png","contentUrl":"https:\/\/hojassueltas.es\/wp-content\/uploads\/2025\/08\/Icono-HS_2.png","width":500,"height":500,"caption":"HOJAS SUELTAS - Peri\u00f3dico Cultural"},"image":{"@id":"https:\/\/hojassueltas.es\/#\/schema\/logo\/image\/"},"sameAs":["https:\/\/x.com\/HOJASSUELTAS22"]},{"@type":"Person","@id":"https:\/\/hojassueltas.es\/#\/schema\/person\/0fd366c26625fc84c65a74d3da2c6d17","name":"Jos\u00e9 Luis Alvarado","image":{"@type":"ImageObject","inLanguage":"es","@id":"https:\/\/hojassueltas.es\/wp-content\/uploads\/2023\/04\/jefe-96x96.png","url":"https:\/\/hojassueltas.es\/wp-content\/uploads\/2023\/04\/jefe-96x96.png","contentUrl":"https:\/\/hojassueltas.es\/wp-content\/uploads\/2023\/04\/jefe-96x96.png","caption":"Jos\u00e9 Luis Alvarado"},"description":"Dijo el sabio griego que nada es comunicable por el arte de la escritura; tras apurar la copa de seca cicuta, su disc\u00edpulo dilecto lo traicion\u00f3 y acaso lo perfeccion\u00f3 transmitiendo por escrito sus ir\u00f3nicos conocimientos. Como antes hiciera Montaigne, pienso que la obra de un autor se prolonga y modifica cada vez que se escribe sobre ella. La memoria, que fue oral y minoritaria, ahora se multiplica con cada palabra que integra y justifica el continuo universo, tambi\u00e9n llamado la Red.","url":"https:\/\/hojassueltas.es\/?author=38"}]}},"_links":{"self":[{"href":"https:\/\/hojassueltas.es\/index.php?rest_route=\/wp\/v2\/posts\/14997","targetHints":{"allow":["GET"]}}],"collection":[{"href":"https:\/\/hojassueltas.es\/index.php?rest_route=\/wp\/v2\/posts"}],"about":[{"href":"https:\/\/hojassueltas.es\/index.php?rest_route=\/wp\/v2\/types\/post"}],"author":[{"embeddable":true,"href":"https:\/\/hojassueltas.es\/index.php?rest_route=\/wp\/v2\/users\/38"}],"replies":[{"embeddable":true,"href":"https:\/\/hojassueltas.es\/index.php?rest_route=%2Fwp%2Fv2%2Fcomments&post=14997"}],"version-history":[{"count":1,"href":"https:\/\/hojassueltas.es\/index.php?rest_route=\/wp\/v2\/posts\/14997\/revisions"}],"predecessor-version":[{"id":14999,"href":"https:\/\/hojassueltas.es\/index.php?rest_route=\/wp\/v2\/posts\/14997\/revisions\/14999"}],"wp:featuredmedia":[{"embeddable":true,"href":"https:\/\/hojassueltas.es\/index.php?rest_route=\/wp\/v2\/media\/14998"}],"wp:attachment":[{"href":"https:\/\/hojassueltas.es\/index.php?rest_route=%2Fwp%2Fv2%2Fmedia&parent=14997"}],"wp:term":[{"taxonomy":"category","embeddable":true,"href":"https:\/\/hojassueltas.es\/index.php?rest_route=%2Fwp%2Fv2%2Fcategories&post=14997"},{"taxonomy":"post_tag","embeddable":true,"href":"https:\/\/hojassueltas.es\/index.php?rest_route=%2Fwp%2Fv2%2Ftags&post=14997"}],"curies":[{"name":"wp","href":"https:\/\/api.w.org\/{rel}","templated":true}]}}