{"id":14958,"date":"2024-10-10T00:00:14","date_gmt":"2024-10-09T22:00:14","guid":{"rendered":"https:\/\/hojassueltas.es\/?p=14958"},"modified":"2025-10-20T15:02:12","modified_gmt":"2025-10-20T13:02:12","slug":"una-historia-particular-de-manuel-vicent","status":"publish","type":"post","link":"https:\/\/hojassueltas.es\/?p=14958","title":{"rendered":"Una historia particular, de Manuel Vicent"},"content":{"rendered":"<p style=\"text-align: justify;\"><strong>Sinopsis<\/strong>: Un relato autobiogr\u00e1fico que es tambi\u00e9n la historia del siglo XX a trav\u00e9s de la mirada inteligente, evocadora y vitalista de Manuel Vicent.<\/p>\n<p style=\"text-align: justify;\"><em>\u00abLa vida, como el viol\u00edn, solo tiene cuatro cuerdas: naces, creces, te reproduces y mueres. Con estos mimbres se teje cada historia personal con toda una mara\u00f1a de sue\u00f1os y pasiones que el tiempo macera a medias con el azar\u00bb.<\/em><\/p>\n<p style=\"text-align: justify;\"><strong>Rese\u00f1a:<\/strong><\/p>\n<p style=\"text-align: justify;\">Manolo Vicent, el cronista que nos deslumbraba cada semana en la contraportada de <em>El Pa\u00eds<\/em> con unos art\u00edculos acerados a veces y siempre clavando el verbo y la palabra en el diez de la diana del momento, nos deja ahora este libro que navega entre la biograf\u00eda y la historia de Espa\u00f1a que acompa\u00f1\u00f3 -y acompa\u00f1a- su andadura vital. Este es uno de sus aciertos, no separar su historia particular de la general del momento y del pa\u00eds. Es su historia particular, pero tambi\u00e9n la de todos los de su generaci\u00f3n y no demasiado diferente a la de los que llegamos unos a\u00f1os m\u00e1s tarde. Es curioso observar c\u00f3mo -salvando distancias econ\u00f3micas y geogr\u00e1ficas- se ve uno retratado en tantos detalles a pesar de ser una quincena de a\u00f1os m\u00e1s joven. Cualquiera dir\u00eda que el pa\u00eds estuvo en stop total durante las d\u00e9cadas de los 40 a los 60.<\/p>\n<p style=\"text-align: justify;\">Una infancia luminosa en los vapores del cercano Mediterr\u00e1neo en una familia de orden, de derechas, y de misa casi diaria que tuvo que resultar una fuente de fricciones frente a sus ideas antifranquistas y dem\u00f3cratas y, adem\u00e1s, por si esto no era suficiente, a su agnosticismo despu\u00e9s de que los estorninos, en una tarde radiante de primavera, desaparecieran y se llevaran a Dios con ellos. Nunca estuvo afiliado, sin embargo, y como a todo hijo de vecino le lleg\u00f3 el desencanto ante el comportamiento de los pol\u00edticos que se olvidan de lo que prometen el mismo d\u00eda que se sientan en el esca\u00f1o. O de la experiencia que dan los a\u00f1os y que en \u00e9l, como periodista de los buenos y paseado por medio mundo con el encargo de cr\u00f3nicas de todo tipo y, por tanto, m\u00e1s informado que el hombre de la calle, le lleva a conocer la subhistoria o historia subterr\u00e1nea de c\u00f3mo funcionan los pa\u00edses, los gobiernos y esos seres ocultos que son realmente los que mandan y contra los que no disponemos de ning\u00fan tipo de defensa. Me ha sorprendido, en este contexto, saber de su mano que la invasi\u00f3n de Irak estuvo dise\u00f1ada mucho antes de la ca\u00edda de las Torres Gemelas. Valga esto de ejemplo.<\/p>\n<p style=\"text-align: justify;\">Como todo periodista que cubre lo internacional, viaja y viaja por cada rinc\u00f3n del mundo. Una forma muy diferente de viajar a la de los simples turistas que han de tirar de gu\u00eda local para enterarse con una cierta profundidad de la cultura e historia del lugar que visitan. \u00c9l, no, claro, que viajaba sin tiempo ni hora y con dinero de la editorial o el peri\u00f3dico de turno. No es de extra\u00f1ar, por tanto, que la sensibilidad suya y la nuestra sea diferente; que la ciudad, cualquier ciudad, deje de ser un decorado para conocer la vida real de cada d\u00eda en todos los aspectos. As\u00ed, cualquiera.<\/p>\n<p style=\"text-align: justify;\">M\u00e1s all\u00e1 de estos peque\u00f1os reproches, me han encantado los cap\u00edtulos referentes a la cr\u00f3nica parlamentaria que engloba, adem\u00e1s, la historia del desencanto de este pa\u00eds y que debemos, sobre todo a quienes ahora navegan en yates y entonces aireaban la chaqueta de pana. Un derrumbamiento ideol\u00f3gico de quienes llevaban la progres\u00eda prendida con alfileres y que ante cualquier brisa en todo terreno, trekking por el Himalaya o puestito de subsecretario temblaba y ca\u00eda como hoja de oto\u00f1o. Un derrumbamiento que a veces es consecuencia de los a\u00f1os y la experiencia, y en \u00faltimo caso, del refrendo de que no somos nadie, que el poder nos maneja y nuestra capacidad de decisi\u00f3n es m\u00ednima. Somos, como mucho, un puto equidistante, como Euclides.<\/p>\n<p style=\"text-align: justify;\">El libro viene distribuido en peque\u00f1os cap\u00edtulos, poco m\u00e1s que cualquiera de sus antiguas cr\u00f3nicas semanales, lo que se traduce en una lectura \u00e1gil que se apoya, adem\u00e1s, en una narrativa marca de la casa en donde dif\u00edcilmente ver\u00e1s una palabra fuera de su lugar. Como reza un comentario en la solapa del libro, \u201cla belleza en Manuel Vicent est\u00e1 en la exactitud de la frase\u201d. Puede que sea la opini\u00f3n de un amigo, pero la corroboro totalmente. A m\u00ed el libro me ha encantado, no puedo decir otra cosa.<\/p>\n<p style=\"text-align: justify;\">Y no se pierdan la carga ir\u00f3nica de no pocas de sus apreciaciones en los diferentes sucesos que le toc\u00f3 ver y escribir, que son para enmarcar. Y la sabidur\u00eda que traen los a\u00f1os, ese pasar de todo lo accesorio y fijar la mente en lo que de verdad interesa.<\/p>\n<p><span style=\"font-family: impact, sans-serif;\">Antonio Tejedor<\/span><\/p>\n<p style=\"text-align: justify;\">\n","protected":false},"excerpt":{"rendered":"<p>Sinopsis: Un relato autobiogr\u00e1fico que es tambi\u00e9n la historia del siglo XX a trav\u00e9s de la mirada inteligente, evocadora y vitalista de Manuel Vicent. \u00abLa vida, como el viol\u00edn, solo tiene cuatro cuerdas: naces, creces, te reproduces y mueres. Con estos mimbres se teje cada historia personal con toda una mara\u00f1a de sue\u00f1os y pasiones [&hellip;]<\/p>\n","protected":false},"author":52,"featured_media":14973,"comment_status":"open","ping_status":"closed","sticky":false,"template":"","format":"standard","meta":{"footnotes":""},"categories":[74],"tags":[18,1483],"class_list":{"0":"post-14958","1":"post","2":"type-post","3":"status-publish","4":"format-standard","5":"has-post-thumbnail","7":"category-resenas","8":"tag-alfaguara-editorial","9":"tag-manuel-vicent"},"yoast_head":"<!-- This site is optimized with the Yoast SEO plugin v27.4 - https:\/\/yoast.com\/product\/yoast-seo-wordpress\/ -->\n<title>Una historia particular, de Manuel Vicent | HOJAS SUELTAS Peri\u00f3dico Cultural<\/title>\n<meta name=\"description\" content=\"RESE\u00d1A de Antonio Tejedor: El libro viene distribuido en peque\u00f1os cap\u00edtulos, poco m\u00e1s que cualquiera de sus antiguas cr\u00f3nicas semanales, lo que se traduce en una lectura \u00e1gil que se apoya\" \/>\n<meta name=\"robots\" content=\"index, follow, max-snippet:-1, max-image-preview:large, max-video-preview:-1\" \/>\n<link rel=\"canonical\" href=\"https:\/\/hojassueltas.es\/?p=14958\" \/>\n<meta property=\"og:locale\" content=\"es_ES\" \/>\n<meta property=\"og:type\" content=\"article\" \/>\n<meta property=\"og:title\" content=\"Una historia particular, de Manuel Vicent | HOJAS SUELTAS Peri\u00f3dico Cultural\" \/>\n<meta property=\"og:description\" content=\"RESE\u00d1A de Antonio Tejedor: El libro viene distribuido en peque\u00f1os cap\u00edtulos, poco m\u00e1s que cualquiera de sus antiguas cr\u00f3nicas semanales, lo que se traduce en una lectura \u00e1gil que se apoya\" \/>\n<meta property=\"og:url\" content=\"https:\/\/hojassueltas.es\/?p=14958\" \/>\n<meta property=\"og:site_name\" content=\"HOJAS SUELTAS Peri\u00f3dico Cultural\" \/>\n<meta property=\"article:published_time\" content=\"2024-10-09T22:00:14+00:00\" \/>\n<meta property=\"article:modified_time\" content=\"2025-10-20T13:02:12+00:00\" \/>\n<meta property=\"og:image\" content=\"https:\/\/hojassueltas.es\/wp-content\/uploads\/2024\/10\/Una-historia-particular_H.S.png\" \/>\n\t<meta property=\"og:image:width\" content=\"1050\" \/>\n\t<meta property=\"og:image:height\" content=\"610\" \/>\n\t<meta property=\"og:image:type\" content=\"image\/png\" \/>\n<meta name=\"author\" content=\"Antonio Tejedor\" \/>\n<meta name=\"twitter:card\" content=\"summary_large_image\" \/>\n<meta name=\"twitter:creator\" content=\"@HOJASSUELTAS22\" \/>\n<meta name=\"twitter:site\" content=\"@HOJASSUELTAS22\" \/>\n<meta name=\"twitter:label1\" content=\"Escrito por\" \/>\n\t<meta name=\"twitter:data1\" content=\"Antonio Tejedor\" \/>\n\t<meta name=\"twitter:label2\" content=\"Tiempo de lectura\" \/>\n\t<meta name=\"twitter:data2\" content=\"4 minutos\" \/>\n<script type=\"application\/ld+json\" class=\"yoast-schema-graph\">{\"@context\":\"https:\\\/\\\/schema.org\",\"@graph\":[{\"@type\":[\"Article\",\"BlogPosting\"],\"@id\":\"https:\\\/\\\/hojassueltas.es\\\/?p=14958#article\",\"isPartOf\":{\"@id\":\"https:\\\/\\\/hojassueltas.es\\\/?p=14958\"},\"author\":{\"name\":\"Antonio Tejedor\",\"@id\":\"https:\\\/\\\/hojassueltas.es\\\/#\\\/schema\\\/person\\\/5d9f9d6d59a706fc6a59041d492fa91f\"},\"headline\":\"Una historia particular, de Manuel Vicent\",\"datePublished\":\"2024-10-09T22:00:14+00:00\",\"dateModified\":\"2025-10-20T13:02:12+00:00\",\"mainEntityOfPage\":{\"@id\":\"https:\\\/\\\/hojassueltas.es\\\/?p=14958\"},\"wordCount\":873,\"commentCount\":0,\"publisher\":{\"@id\":\"https:\\\/\\\/hojassueltas.es\\\/#organization\"},\"image\":{\"@id\":\"https:\\\/\\\/hojassueltas.es\\\/?p=14958#primaryimage\"},\"thumbnailUrl\":\"https:\\\/\\\/hojassueltas.es\\\/wp-content\\\/uploads\\\/2024\\\/10\\\/Una-historia-particular_H.S.png\",\"keywords\":[\"Alfaguara Editorial\",\"Manuel Vicent\"],\"articleSection\":[\"RESE\u00d1AS\"],\"inLanguage\":\"es\",\"potentialAction\":[{\"@type\":\"CommentAction\",\"name\":\"Comment\",\"target\":[\"https:\\\/\\\/hojassueltas.es\\\/?p=14958#respond\"]}]},{\"@type\":\"WebPage\",\"@id\":\"https:\\\/\\\/hojassueltas.es\\\/?p=14958\",\"url\":\"https:\\\/\\\/hojassueltas.es\\\/?p=14958\",\"name\":\"Una historia particular, de Manuel Vicent | HOJAS SUELTAS Peri\u00f3dico Cultural\",\"isPartOf\":{\"@id\":\"https:\\\/\\\/hojassueltas.es\\\/#website\"},\"primaryImageOfPage\":{\"@id\":\"https:\\\/\\\/hojassueltas.es\\\/?p=14958#primaryimage\"},\"image\":{\"@id\":\"https:\\\/\\\/hojassueltas.es\\\/?p=14958#primaryimage\"},\"thumbnailUrl\":\"https:\\\/\\\/hojassueltas.es\\\/wp-content\\\/uploads\\\/2024\\\/10\\\/Una-historia-particular_H.S.png\",\"datePublished\":\"2024-10-09T22:00:14+00:00\",\"dateModified\":\"2025-10-20T13:02:12+00:00\",\"description\":\"RESE\u00d1A de Antonio Tejedor: El libro viene distribuido en peque\u00f1os cap\u00edtulos, poco m\u00e1s que cualquiera de sus antiguas cr\u00f3nicas semanales, lo que se traduce en una lectura \u00e1gil que se apoya\",\"breadcrumb\":{\"@id\":\"https:\\\/\\\/hojassueltas.es\\\/?p=14958#breadcrumb\"},\"inLanguage\":\"es\",\"potentialAction\":[{\"@type\":\"ReadAction\",\"target\":[\"https:\\\/\\\/hojassueltas.es\\\/?p=14958\"]}]},{\"@type\":\"ImageObject\",\"inLanguage\":\"es\",\"@id\":\"https:\\\/\\\/hojassueltas.es\\\/?p=14958#primaryimage\",\"url\":\"https:\\\/\\\/hojassueltas.es\\\/wp-content\\\/uploads\\\/2024\\\/10\\\/Una-historia-particular_H.S.png\",\"contentUrl\":\"https:\\\/\\\/hojassueltas.es\\\/wp-content\\\/uploads\\\/2024\\\/10\\\/Una-historia-particular_H.S.png\",\"width\":1050,\"height\":610},{\"@type\":\"BreadcrumbList\",\"@id\":\"https:\\\/\\\/hojassueltas.es\\\/?p=14958#breadcrumb\",\"itemListElement\":[{\"@type\":\"ListItem\",\"position\":1,\"name\":\"Portada\",\"item\":\"https:\\\/\\\/hojassueltas.es\\\/\"},{\"@type\":\"ListItem\",\"position\":2,\"name\":\"Una historia particular, de Manuel Vicent\"}]},{\"@type\":\"WebSite\",\"@id\":\"https:\\\/\\\/hojassueltas.es\\\/#website\",\"url\":\"https:\\\/\\\/hojassueltas.es\\\/\",\"name\":\"HojasSueltas.es\",\"description\":\"GRANADA - Peri\u00f3dico Cultural\",\"publisher\":{\"@id\":\"https:\\\/\\\/hojassueltas.es\\\/#organization\"},\"alternateName\":\"H.S. Periodico Cultural\",\"potentialAction\":[{\"@type\":\"SearchAction\",\"target\":{\"@type\":\"EntryPoint\",\"urlTemplate\":\"https:\\\/\\\/hojassueltas.es\\\/?s={search_term_string}\"},\"query-input\":{\"@type\":\"PropertyValueSpecification\",\"valueRequired\":true,\"valueName\":\"search_term_string\"}}],\"inLanguage\":\"es\"},{\"@type\":\"Organization\",\"@id\":\"https:\\\/\\\/hojassueltas.es\\\/#organization\",\"name\":\"HOJAS SUELTAS - Peri\u00f3dico Cultural\",\"alternateName\":\"HS - HOJAS SUELTAS Peri\u00f3dico Cultural\",\"url\":\"https:\\\/\\\/hojassueltas.es\\\/\",\"logo\":{\"@type\":\"ImageObject\",\"inLanguage\":\"es\",\"@id\":\"https:\\\/\\\/hojassueltas.es\\\/#\\\/schema\\\/logo\\\/image\\\/\",\"url\":\"https:\\\/\\\/hojassueltas.es\\\/wp-content\\\/uploads\\\/2025\\\/08\\\/Icono-HS_2.png\",\"contentUrl\":\"https:\\\/\\\/hojassueltas.es\\\/wp-content\\\/uploads\\\/2025\\\/08\\\/Icono-HS_2.png\",\"width\":500,\"height\":500,\"caption\":\"HOJAS SUELTAS - Peri\u00f3dico Cultural\"},\"image\":{\"@id\":\"https:\\\/\\\/hojassueltas.es\\\/#\\\/schema\\\/logo\\\/image\\\/\"},\"sameAs\":[\"https:\\\/\\\/x.com\\\/HOJASSUELTAS22\"]},{\"@type\":\"Person\",\"@id\":\"https:\\\/\\\/hojassueltas.es\\\/#\\\/schema\\\/person\\\/5d9f9d6d59a706fc6a59041d492fa91f\",\"name\":\"Antonio Tejedor\",\"image\":{\"@type\":\"ImageObject\",\"inLanguage\":\"es\",\"@id\":\"https:\\\/\\\/hojassueltas.es\\\/wp-content\\\/uploads\\\/2023\\\/09\\\/Antonio-Tejedor_web-96x96.jpg\",\"url\":\"https:\\\/\\\/hojassueltas.es\\\/wp-content\\\/uploads\\\/2023\\\/09\\\/Antonio-Tejedor_web-96x96.jpg\",\"contentUrl\":\"https:\\\/\\\/hojassueltas.es\\\/wp-content\\\/uploads\\\/2023\\\/09\\\/Antonio-Tejedor_web-96x96.jpg\",\"caption\":\"Antonio Tejedor\"},\"description\":\"Maestro, actualmente jubilado. Zamorano (Fuentespreadas) .Lector empedernido y escritor de numerosas publicaciones infantiles novelas, relatos y libros de viajes. Colabora en diversas revistas digitales con cuentos y microrrelatos as\u00ed como en libros colectivos.\",\"url\":\"https:\\\/\\\/hojassueltas.es\\\/?author=52\"}]}<\/script>\n<!-- \/ Yoast SEO plugin. -->","yoast_head_json":{"title":"Una historia particular, de Manuel Vicent | HOJAS SUELTAS Peri\u00f3dico Cultural","description":"RESE\u00d1A de Antonio Tejedor: El libro viene distribuido en peque\u00f1os cap\u00edtulos, poco m\u00e1s que cualquiera de sus antiguas cr\u00f3nicas semanales, lo que se traduce en una lectura \u00e1gil que se apoya","robots":{"index":"index","follow":"follow","max-snippet":"max-snippet:-1","max-image-preview":"max-image-preview:large","max-video-preview":"max-video-preview:-1"},"canonical":"https:\/\/hojassueltas.es\/?p=14958","og_locale":"es_ES","og_type":"article","og_title":"Una historia particular, de Manuel Vicent | HOJAS SUELTAS Peri\u00f3dico Cultural","og_description":"RESE\u00d1A de Antonio Tejedor: El libro viene distribuido en peque\u00f1os cap\u00edtulos, poco m\u00e1s que cualquiera de sus antiguas cr\u00f3nicas semanales, lo que se traduce en una lectura \u00e1gil que se apoya","og_url":"https:\/\/hojassueltas.es\/?p=14958","og_site_name":"HOJAS SUELTAS Peri\u00f3dico Cultural","article_published_time":"2024-10-09T22:00:14+00:00","article_modified_time":"2025-10-20T13:02:12+00:00","og_image":[{"width":1050,"height":610,"url":"https:\/\/hojassueltas.es\/wp-content\/uploads\/2024\/10\/Una-historia-particular_H.S.png","type":"image\/png"}],"author":"Antonio Tejedor","twitter_card":"summary_large_image","twitter_creator":"@HOJASSUELTAS22","twitter_site":"@HOJASSUELTAS22","twitter_misc":{"Escrito por":"Antonio Tejedor","Tiempo de lectura":"4 minutos"},"schema":{"@context":"https:\/\/schema.org","@graph":[{"@type":["Article","BlogPosting"],"@id":"https:\/\/hojassueltas.es\/?p=14958#article","isPartOf":{"@id":"https:\/\/hojassueltas.es\/?p=14958"},"author":{"name":"Antonio Tejedor","@id":"https:\/\/hojassueltas.es\/#\/schema\/person\/5d9f9d6d59a706fc6a59041d492fa91f"},"headline":"Una historia particular, de Manuel Vicent","datePublished":"2024-10-09T22:00:14+00:00","dateModified":"2025-10-20T13:02:12+00:00","mainEntityOfPage":{"@id":"https:\/\/hojassueltas.es\/?p=14958"},"wordCount":873,"commentCount":0,"publisher":{"@id":"https:\/\/hojassueltas.es\/#organization"},"image":{"@id":"https:\/\/hojassueltas.es\/?p=14958#primaryimage"},"thumbnailUrl":"https:\/\/hojassueltas.es\/wp-content\/uploads\/2024\/10\/Una-historia-particular_H.S.png","keywords":["Alfaguara Editorial","Manuel Vicent"],"articleSection":["RESE\u00d1AS"],"inLanguage":"es","potentialAction":[{"@type":"CommentAction","name":"Comment","target":["https:\/\/hojassueltas.es\/?p=14958#respond"]}]},{"@type":"WebPage","@id":"https:\/\/hojassueltas.es\/?p=14958","url":"https:\/\/hojassueltas.es\/?p=14958","name":"Una historia particular, de Manuel Vicent | HOJAS SUELTAS Peri\u00f3dico Cultural","isPartOf":{"@id":"https:\/\/hojassueltas.es\/#website"},"primaryImageOfPage":{"@id":"https:\/\/hojassueltas.es\/?p=14958#primaryimage"},"image":{"@id":"https:\/\/hojassueltas.es\/?p=14958#primaryimage"},"thumbnailUrl":"https:\/\/hojassueltas.es\/wp-content\/uploads\/2024\/10\/Una-historia-particular_H.S.png","datePublished":"2024-10-09T22:00:14+00:00","dateModified":"2025-10-20T13:02:12+00:00","description":"RESE\u00d1A de Antonio Tejedor: El libro viene distribuido en peque\u00f1os cap\u00edtulos, poco m\u00e1s que cualquiera de sus antiguas cr\u00f3nicas semanales, lo que se traduce en una lectura \u00e1gil que se apoya","breadcrumb":{"@id":"https:\/\/hojassueltas.es\/?p=14958#breadcrumb"},"inLanguage":"es","potentialAction":[{"@type":"ReadAction","target":["https:\/\/hojassueltas.es\/?p=14958"]}]},{"@type":"ImageObject","inLanguage":"es","@id":"https:\/\/hojassueltas.es\/?p=14958#primaryimage","url":"https:\/\/hojassueltas.es\/wp-content\/uploads\/2024\/10\/Una-historia-particular_H.S.png","contentUrl":"https:\/\/hojassueltas.es\/wp-content\/uploads\/2024\/10\/Una-historia-particular_H.S.png","width":1050,"height":610},{"@type":"BreadcrumbList","@id":"https:\/\/hojassueltas.es\/?p=14958#breadcrumb","itemListElement":[{"@type":"ListItem","position":1,"name":"Portada","item":"https:\/\/hojassueltas.es\/"},{"@type":"ListItem","position":2,"name":"Una historia particular, de Manuel Vicent"}]},{"@type":"WebSite","@id":"https:\/\/hojassueltas.es\/#website","url":"https:\/\/hojassueltas.es\/","name":"HojasSueltas.es","description":"GRANADA - Peri\u00f3dico Cultural","publisher":{"@id":"https:\/\/hojassueltas.es\/#organization"},"alternateName":"H.S. Periodico Cultural","potentialAction":[{"@type":"SearchAction","target":{"@type":"EntryPoint","urlTemplate":"https:\/\/hojassueltas.es\/?s={search_term_string}"},"query-input":{"@type":"PropertyValueSpecification","valueRequired":true,"valueName":"search_term_string"}}],"inLanguage":"es"},{"@type":"Organization","@id":"https:\/\/hojassueltas.es\/#organization","name":"HOJAS SUELTAS - Peri\u00f3dico Cultural","alternateName":"HS - HOJAS SUELTAS Peri\u00f3dico Cultural","url":"https:\/\/hojassueltas.es\/","logo":{"@type":"ImageObject","inLanguage":"es","@id":"https:\/\/hojassueltas.es\/#\/schema\/logo\/image\/","url":"https:\/\/hojassueltas.es\/wp-content\/uploads\/2025\/08\/Icono-HS_2.png","contentUrl":"https:\/\/hojassueltas.es\/wp-content\/uploads\/2025\/08\/Icono-HS_2.png","width":500,"height":500,"caption":"HOJAS SUELTAS - Peri\u00f3dico Cultural"},"image":{"@id":"https:\/\/hojassueltas.es\/#\/schema\/logo\/image\/"},"sameAs":["https:\/\/x.com\/HOJASSUELTAS22"]},{"@type":"Person","@id":"https:\/\/hojassueltas.es\/#\/schema\/person\/5d9f9d6d59a706fc6a59041d492fa91f","name":"Antonio Tejedor","image":{"@type":"ImageObject","inLanguage":"es","@id":"https:\/\/hojassueltas.es\/wp-content\/uploads\/2023\/09\/Antonio-Tejedor_web-96x96.jpg","url":"https:\/\/hojassueltas.es\/wp-content\/uploads\/2023\/09\/Antonio-Tejedor_web-96x96.jpg","contentUrl":"https:\/\/hojassueltas.es\/wp-content\/uploads\/2023\/09\/Antonio-Tejedor_web-96x96.jpg","caption":"Antonio Tejedor"},"description":"Maestro, actualmente jubilado. Zamorano (Fuentespreadas) .Lector empedernido y escritor de numerosas publicaciones infantiles novelas, relatos y libros de viajes. Colabora en diversas revistas digitales con cuentos y microrrelatos as\u00ed como en libros colectivos.","url":"https:\/\/hojassueltas.es\/?author=52"}]}},"_links":{"self":[{"href":"https:\/\/hojassueltas.es\/index.php?rest_route=\/wp\/v2\/posts\/14958","targetHints":{"allow":["GET"]}}],"collection":[{"href":"https:\/\/hojassueltas.es\/index.php?rest_route=\/wp\/v2\/posts"}],"about":[{"href":"https:\/\/hojassueltas.es\/index.php?rest_route=\/wp\/v2\/types\/post"}],"author":[{"embeddable":true,"href":"https:\/\/hojassueltas.es\/index.php?rest_route=\/wp\/v2\/users\/52"}],"replies":[{"embeddable":true,"href":"https:\/\/hojassueltas.es\/index.php?rest_route=%2Fwp%2Fv2%2Fcomments&post=14958"}],"version-history":[{"count":2,"href":"https:\/\/hojassueltas.es\/index.php?rest_route=\/wp\/v2\/posts\/14958\/revisions"}],"predecessor-version":[{"id":14974,"href":"https:\/\/hojassueltas.es\/index.php?rest_route=\/wp\/v2\/posts\/14958\/revisions\/14974"}],"wp:featuredmedia":[{"embeddable":true,"href":"https:\/\/hojassueltas.es\/index.php?rest_route=\/wp\/v2\/media\/14973"}],"wp:attachment":[{"href":"https:\/\/hojassueltas.es\/index.php?rest_route=%2Fwp%2Fv2%2Fmedia&parent=14958"}],"wp:term":[{"taxonomy":"category","embeddable":true,"href":"https:\/\/hojassueltas.es\/index.php?rest_route=%2Fwp%2Fv2%2Fcategories&post=14958"},{"taxonomy":"post_tag","embeddable":true,"href":"https:\/\/hojassueltas.es\/index.php?rest_route=%2Fwp%2Fv2%2Ftags&post=14958"}],"curies":[{"name":"wp","href":"https:\/\/api.w.org\/{rel}","templated":true}]}}