{"id":14910,"date":"2024-10-10T00:00:49","date_gmt":"2024-10-09T22:00:49","guid":{"rendered":"https:\/\/hojassueltas.es\/?p=14910"},"modified":"2025-08-26T09:08:41","modified_gmt":"2025-08-26T08:08:41","slug":"el-bad-2024-se-llena-de-talento-vasco-xxvi-edicion-del-festival","status":"publish","type":"post","link":"https:\/\/hojassueltas.es\/?p=14910","title":{"rendered":"El BAD 2024 se llena de talento vasco: XXVI edici\u00f3n del festival"},"content":{"rendered":"<h2 style=\"text-align: justify;\">Desde danza contempor\u00e1nea y teatro de vanguardia hasta reflexiones sociales y humor, las compa\u00f1\u00edas vascas despliegan su creatividad en una edici\u00f3n que acercar\u00e1 las artes esc\u00e9nicas a diferentes barrios de Bilbao, ofreciendo espect\u00e1culos innovadores y actividades gratuitas.<\/h2>\n<p style=\"text-align: justify;\">La edici\u00f3n XXVI de BAD (Bilbao Antzerki Dantza) contar\u00e1 con una destacada presencia de compa\u00f1\u00edas vascas, que presentar\u00e1n sus \u00faltimas creaciones. Entre ellas se encuentra Musaloka Kolektiboa con su innovador espect\u00e1culo de clown \u201cRojo nieve\u201d, y Doos Colectivo, que subir\u00e1 al escenario \u201cHasta el \u00faltimo baile\u201d, una obra de danza contempor\u00e1nea, acompa\u00f1ada de textos y m\u00fasica en directo, basada en entrevistas a personas mayores, bajo la direcci\u00f3n de Eva Guerrero.<\/p>\n<p style=\"text-align: justify;\"><img loading=\"lazy\" decoding=\"async\" class=\"wp-image-14911 alignleft\" src=\"https:\/\/hojassueltas.es\/wp-content\/uploads\/2024\/10\/bad-bilbao-2024--205x300.png\" alt=\"\" width=\"326\" height=\"477\" srcset=\"https:\/\/hojassueltas.es\/wp-content\/uploads\/2024\/10\/bad-bilbao-2024--205x300.png 205w, https:\/\/hojassueltas.es\/wp-content\/uploads\/2024\/10\/bad-bilbao-2024--418x610.png 418w, https:\/\/hojassueltas.es\/wp-content\/uploads\/2024\/10\/bad-bilbao-2024--150x219.png 150w, https:\/\/hojassueltas.es\/wp-content\/uploads\/2024\/10\/bad-bilbao-2024--300x438.png 300w, https:\/\/hojassueltas.es\/wp-content\/uploads\/2024\/10\/bad-bilbao-2024--696x1017.png 696w, https:\/\/hojassueltas.es\/wp-content\/uploads\/2024\/10\/bad-bilbao-2024-.png 701w\" sizes=\"auto, (max-width: 326px) 100vw, 326px\" \/>La compa\u00f1\u00eda Harreman mostrar\u00e1 la pieza de danza-teatro \u201cEnbor(r)rak\u201d, mientras que Cam\u00ednate Proiektua reflexionar\u00e1 sobre la queja social y el exceso de cr\u00edtica en \u201cPla\u00f1ideras. Historia de convertir una tragedia en producto\u201d.<\/p>\n<p style=\"text-align: justify;\">La Cocina, por su parte, traer\u00e1 su premiado montaje \u201cCalla y come\u201d, un trabajo que ahonda en la fragilidad humana y nuestras motivaciones m\u00e1s profundas. Otro de los atractivos del festival ser\u00e1 \u201cEukalyptus\u201d, obra de Jon Ander Urresti que explora la hist\u00f3rica relaci\u00f3n de poder entre terratenientes y trabajadores. Mari Zaunka, en cambio, cuestionar\u00e1 las nociones de verdad y ficci\u00f3n en \u201cA orillas del r\u00edo, dos mentiras\u201d, que se interpretar\u00e1 en euskera y castellano.<\/p>\n<p style=\"text-align: justify;\">Tambi\u00e9n habr\u00e1 espacio para el humor, con el estreno de \u201cBeste bat\u201d, de Las Katastrofen, que ironiza sobre el mundo del deporte. En danza, Olaia Valle presentar\u00e1 \u201cEntre mi cuerpo y yo. Llorona ll\u00e9vame al r\u00edo\u201d y Laida Aldaz ofrecer\u00e1 \u201cIn Perspective\u201d.<\/p>\n<p style=\"text-align: justify;\">El core\u00f3grafo andaluz Julio Ruiz, conocido por su exploraci\u00f3n de la masculinidad, regresar\u00e1 a Bilbao con \u201cTocar a un hombre\u201d. Todas estas propuestas se representar\u00e1n en distintos escenarios de la ciudad, como Harrobia de Otxarkoaga, el Teatro Campos El\u00edseos de Abando, La Fundici\u00f3n de Deusto, el Museo de Arte Sacro de Atxuri y Biborock en Ibaiondo, llevando as\u00ed el festival a diversos barrios de Bilbao. La programaci\u00f3n incluye, adem\u00e1s, el Encuentro de Danza, Arte Dram\u00e1tico, Educaci\u00f3n e Investigaci\u00f3n EDADEI.<\/p>\n<p style=\"text-align: justify;\"><strong>Entradas y acceso al BAD Bilbao<\/strong><\/p>\n<p style=\"text-align: justify;\">Las entradas para los espect\u00e1culos estar\u00e1n disponibles hasta el 16 de octubre por 8 euros y, posteriormente, se vender\u00e1n a 10 euros. Podr\u00e1n adquirirse a trav\u00e9s de la web del festival, as\u00ed como en las plataformas y taquillas de La Fundici\u00f3n y el Teatro Campos El\u00edseos.<\/p>\n<p style=\"text-align: justify;\">El mismo d\u00eda del evento, tambi\u00e9n se podr\u00e1n adquirir en taquilla por 10 euros desde media hora antes del inicio. Algunas actividades, como el encuentro EDADEI 5 y la presentaci\u00f3n en formato de <em>working progress<\/em> del nuevo proyecto de Doos Colectivo, ser\u00e1n de acceso gratuito.<\/p>\n<p style=\"text-align: justify;\">Para m\u00e1s informaci\u00f3n y compra de entradas, se puede visitar la p\u00e1gina oficial del festival: <span style=\"color: #0000ff;\"><strong><a style=\"color: #0000ff;\" href=\"http:\/\/www.badbilbao.eus\" target=\"_new\" rel=\"noopener\">www.badbilbao.eus<\/a>.<\/strong><\/span><\/p>\n<p><span style=\"font-family: impact, sans-serif;\">Redacci\u00f3n<\/span><\/p>\n","protected":false},"excerpt":{"rendered":"<p>Desde danza contempor\u00e1nea y teatro de vanguardia hasta reflexiones sociales y humor, las compa\u00f1\u00edas vascas despliegan su creatividad en una edici\u00f3n que acercar\u00e1 las artes esc\u00e9nicas a diferentes barrios de Bilbao, ofreciendo espect\u00e1culos innovadores y actividades gratuitas. La edici\u00f3n XXVI de BAD (Bilbao Antzerki Dantza) contar\u00e1 con una destacada presencia de compa\u00f1\u00edas vascas, que presentar\u00e1n [&hellip;]<\/p>\n","protected":false},"author":1,"featured_media":14912,"comment_status":"open","ping_status":"closed","sticky":false,"template":"","format":"standard","meta":{"footnotes":""},"categories":[32],"tags":[],"class_list":{"0":"post-14910","1":"post","2":"type-post","3":"status-publish","4":"format-standard","5":"has-post-thumbnail","7":"category-panorama-cultural"},"yoast_head":"<!-- This site is optimized with the Yoast SEO plugin v27.4 - https:\/\/yoast.com\/product\/yoast-seo-wordpress\/ -->\n<title>El BAD 2024 se llena de talento vasco: XXVI edici\u00f3n del festival | HOJAS SUELTAS Peri\u00f3dico Cultural<\/title>\n<meta name=\"description\" content=\"FESTIVALES: Desde danza contempor\u00e1nea y teatro de vanguardia hasta reflexiones sociales y humor, las compa\u00f1\u00edas vascas despliegan su creatividad en una edici\u00f3n que acercar\u00e1 las artes esc\u00e9nicas a diferentes barrios de Bilbao\" \/>\n<meta name=\"robots\" content=\"index, follow, max-snippet:-1, max-image-preview:large, max-video-preview:-1\" \/>\n<link rel=\"canonical\" href=\"https:\/\/hojassueltas.es\/?p=14910\" \/>\n<meta property=\"og:locale\" content=\"es_ES\" \/>\n<meta property=\"og:type\" content=\"article\" \/>\n<meta property=\"og:title\" content=\"El BAD 2024 se llena de talento vasco: XXVI edici\u00f3n del festival | HOJAS SUELTAS Peri\u00f3dico Cultural\" \/>\n<meta property=\"og:description\" content=\"FESTIVALES: Desde danza contempor\u00e1nea y teatro de vanguardia hasta reflexiones sociales y humor, las compa\u00f1\u00edas vascas despliegan su creatividad en una edici\u00f3n que acercar\u00e1 las artes esc\u00e9nicas a diferentes barrios de Bilbao\" \/>\n<meta property=\"og:url\" content=\"https:\/\/hojassueltas.es\/?p=14910\" \/>\n<meta property=\"og:site_name\" content=\"HOJAS SUELTAS Peri\u00f3dico Cultural\" \/>\n<meta property=\"article:published_time\" content=\"2024-10-09T22:00:49+00:00\" \/>\n<meta property=\"article:modified_time\" content=\"2025-08-26T08:08:41+00:00\" \/>\n<meta property=\"og:image\" content=\"https:\/\/hojassueltas.es\/wp-content\/uploads\/2024\/10\/BAD_H.S.png\" \/>\n\t<meta property=\"og:image:width\" content=\"1050\" \/>\n\t<meta property=\"og:image:height\" content=\"610\" \/>\n\t<meta property=\"og:image:type\" content=\"image\/png\" \/>\n<meta name=\"author\" content=\"Redacci\u00f3n\" \/>\n<meta name=\"twitter:card\" content=\"summary_large_image\" \/>\n<meta name=\"twitter:creator\" content=\"@HOJASSUELTAS22\" \/>\n<meta name=\"twitter:site\" content=\"@HOJASSUELTAS22\" \/>\n<meta name=\"twitter:label1\" content=\"Escrito por\" \/>\n\t<meta name=\"twitter:data1\" content=\"Redacci\u00f3n\" \/>\n\t<meta name=\"twitter:label2\" content=\"Tiempo de lectura\" \/>\n\t<meta name=\"twitter:data2\" content=\"3 minutos\" \/>\n<script type=\"application\/ld+json\" class=\"yoast-schema-graph\">{\"@context\":\"https:\\\/\\\/schema.org\",\"@graph\":[{\"@type\":[\"Article\",\"BlogPosting\"],\"@id\":\"https:\\\/\\\/hojassueltas.es\\\/?p=14910#article\",\"isPartOf\":{\"@id\":\"https:\\\/\\\/hojassueltas.es\\\/?p=14910\"},\"author\":{\"name\":\"Redacci\u00f3n\",\"@id\":\"https:\\\/\\\/hojassueltas.es\\\/#\\\/schema\\\/person\\\/f232bbdb834c61c90aff2245daa401c0\"},\"headline\":\"El BAD 2024 se llena de talento vasco: XXVI edici\u00f3n del festival\",\"datePublished\":\"2024-10-09T22:00:49+00:00\",\"dateModified\":\"2025-08-26T08:08:41+00:00\",\"mainEntityOfPage\":{\"@id\":\"https:\\\/\\\/hojassueltas.es\\\/?p=14910\"},\"wordCount\":510,\"commentCount\":0,\"publisher\":{\"@id\":\"https:\\\/\\\/hojassueltas.es\\\/#organization\"},\"image\":{\"@id\":\"https:\\\/\\\/hojassueltas.es\\\/?p=14910#primaryimage\"},\"thumbnailUrl\":\"https:\\\/\\\/hojassueltas.es\\\/wp-content\\\/uploads\\\/2024\\\/10\\\/BAD_H.S.png\",\"articleSection\":[\"PANORAMA CULTURAL\"],\"inLanguage\":\"es\",\"potentialAction\":[{\"@type\":\"CommentAction\",\"name\":\"Comment\",\"target\":[\"https:\\\/\\\/hojassueltas.es\\\/?p=14910#respond\"]}]},{\"@type\":\"WebPage\",\"@id\":\"https:\\\/\\\/hojassueltas.es\\\/?p=14910\",\"url\":\"https:\\\/\\\/hojassueltas.es\\\/?p=14910\",\"name\":\"El BAD 2024 se llena de talento vasco: XXVI edici\u00f3n del festival | HOJAS SUELTAS Peri\u00f3dico Cultural\",\"isPartOf\":{\"@id\":\"https:\\\/\\\/hojassueltas.es\\\/#website\"},\"primaryImageOfPage\":{\"@id\":\"https:\\\/\\\/hojassueltas.es\\\/?p=14910#primaryimage\"},\"image\":{\"@id\":\"https:\\\/\\\/hojassueltas.es\\\/?p=14910#primaryimage\"},\"thumbnailUrl\":\"https:\\\/\\\/hojassueltas.es\\\/wp-content\\\/uploads\\\/2024\\\/10\\\/BAD_H.S.png\",\"datePublished\":\"2024-10-09T22:00:49+00:00\",\"dateModified\":\"2025-08-26T08:08:41+00:00\",\"description\":\"FESTIVALES: Desde danza contempor\u00e1nea y teatro de vanguardia hasta reflexiones sociales y humor, las compa\u00f1\u00edas vascas despliegan su creatividad en una edici\u00f3n que acercar\u00e1 las artes esc\u00e9nicas a diferentes barrios de Bilbao\",\"breadcrumb\":{\"@id\":\"https:\\\/\\\/hojassueltas.es\\\/?p=14910#breadcrumb\"},\"inLanguage\":\"es\",\"potentialAction\":[{\"@type\":\"ReadAction\",\"target\":[\"https:\\\/\\\/hojassueltas.es\\\/?p=14910\"]}]},{\"@type\":\"ImageObject\",\"inLanguage\":\"es\",\"@id\":\"https:\\\/\\\/hojassueltas.es\\\/?p=14910#primaryimage\",\"url\":\"https:\\\/\\\/hojassueltas.es\\\/wp-content\\\/uploads\\\/2024\\\/10\\\/BAD_H.S.png\",\"contentUrl\":\"https:\\\/\\\/hojassueltas.es\\\/wp-content\\\/uploads\\\/2024\\\/10\\\/BAD_H.S.png\",\"width\":1050,\"height\":610},{\"@type\":\"BreadcrumbList\",\"@id\":\"https:\\\/\\\/hojassueltas.es\\\/?p=14910#breadcrumb\",\"itemListElement\":[{\"@type\":\"ListItem\",\"position\":1,\"name\":\"Portada\",\"item\":\"https:\\\/\\\/hojassueltas.es\\\/\"},{\"@type\":\"ListItem\",\"position\":2,\"name\":\"El BAD 2024 se llena de talento vasco: XXVI edici\u00f3n del festival\"}]},{\"@type\":\"WebSite\",\"@id\":\"https:\\\/\\\/hojassueltas.es\\\/#website\",\"url\":\"https:\\\/\\\/hojassueltas.es\\\/\",\"name\":\"HojasSueltas.es\",\"description\":\"GRANADA - Peri\u00f3dico Cultural\",\"publisher\":{\"@id\":\"https:\\\/\\\/hojassueltas.es\\\/#organization\"},\"alternateName\":\"H.S. Periodico Cultural\",\"potentialAction\":[{\"@type\":\"SearchAction\",\"target\":{\"@type\":\"EntryPoint\",\"urlTemplate\":\"https:\\\/\\\/hojassueltas.es\\\/?s={search_term_string}\"},\"query-input\":{\"@type\":\"PropertyValueSpecification\",\"valueRequired\":true,\"valueName\":\"search_term_string\"}}],\"inLanguage\":\"es\"},{\"@type\":\"Organization\",\"@id\":\"https:\\\/\\\/hojassueltas.es\\\/#organization\",\"name\":\"HOJAS SUELTAS - Peri\u00f3dico Cultural\",\"alternateName\":\"HS - HOJAS SUELTAS Peri\u00f3dico Cultural\",\"url\":\"https:\\\/\\\/hojassueltas.es\\\/\",\"logo\":{\"@type\":\"ImageObject\",\"inLanguage\":\"es\",\"@id\":\"https:\\\/\\\/hojassueltas.es\\\/#\\\/schema\\\/logo\\\/image\\\/\",\"url\":\"https:\\\/\\\/hojassueltas.es\\\/wp-content\\\/uploads\\\/2025\\\/08\\\/Icono-HS_2.png\",\"contentUrl\":\"https:\\\/\\\/hojassueltas.es\\\/wp-content\\\/uploads\\\/2025\\\/08\\\/Icono-HS_2.png\",\"width\":500,\"height\":500,\"caption\":\"HOJAS SUELTAS - Peri\u00f3dico Cultural\"},\"image\":{\"@id\":\"https:\\\/\\\/hojassueltas.es\\\/#\\\/schema\\\/logo\\\/image\\\/\"},\"sameAs\":[\"https:\\\/\\\/x.com\\\/HOJASSUELTAS22\"]},{\"@type\":\"Person\",\"@id\":\"https:\\\/\\\/hojassueltas.es\\\/#\\\/schema\\\/person\\\/f232bbdb834c61c90aff2245daa401c0\",\"name\":\"Redacci\u00f3n\",\"image\":{\"@type\":\"ImageObject\",\"inLanguage\":\"es\",\"@id\":\"https:\\\/\\\/hojassueltas.es\\\/wp-content\\\/uploads\\\/2026\\\/02\\\/Redaccion-2-96x96.png\",\"url\":\"https:\\\/\\\/hojassueltas.es\\\/wp-content\\\/uploads\\\/2026\\\/02\\\/Redaccion-2-96x96.png\",\"contentUrl\":\"https:\\\/\\\/hojassueltas.es\\\/wp-content\\\/uploads\\\/2026\\\/02\\\/Redaccion-2-96x96.png\",\"caption\":\"Redacci\u00f3n\"},\"description\":\"Redacci\u00f3n de HOJAS SUELTAS\",\"url\":\"https:\\\/\\\/hojassueltas.es\\\/?author=1\"}]}<\/script>\n<!-- \/ Yoast SEO plugin. -->","yoast_head_json":{"title":"El BAD 2024 se llena de talento vasco: XXVI edici\u00f3n del festival | HOJAS SUELTAS Peri\u00f3dico Cultural","description":"FESTIVALES: Desde danza contempor\u00e1nea y teatro de vanguardia hasta reflexiones sociales y humor, las compa\u00f1\u00edas vascas despliegan su creatividad en una edici\u00f3n que acercar\u00e1 las artes esc\u00e9nicas a diferentes barrios de Bilbao","robots":{"index":"index","follow":"follow","max-snippet":"max-snippet:-1","max-image-preview":"max-image-preview:large","max-video-preview":"max-video-preview:-1"},"canonical":"https:\/\/hojassueltas.es\/?p=14910","og_locale":"es_ES","og_type":"article","og_title":"El BAD 2024 se llena de talento vasco: XXVI edici\u00f3n del festival | HOJAS SUELTAS Peri\u00f3dico Cultural","og_description":"FESTIVALES: Desde danza contempor\u00e1nea y teatro de vanguardia hasta reflexiones sociales y humor, las compa\u00f1\u00edas vascas despliegan su creatividad en una edici\u00f3n que acercar\u00e1 las artes esc\u00e9nicas a diferentes barrios de Bilbao","og_url":"https:\/\/hojassueltas.es\/?p=14910","og_site_name":"HOJAS SUELTAS Peri\u00f3dico Cultural","article_published_time":"2024-10-09T22:00:49+00:00","article_modified_time":"2025-08-26T08:08:41+00:00","og_image":[{"width":1050,"height":610,"url":"https:\/\/hojassueltas.es\/wp-content\/uploads\/2024\/10\/BAD_H.S.png","type":"image\/png"}],"author":"Redacci\u00f3n","twitter_card":"summary_large_image","twitter_creator":"@HOJASSUELTAS22","twitter_site":"@HOJASSUELTAS22","twitter_misc":{"Escrito por":"Redacci\u00f3n","Tiempo de lectura":"3 minutos"},"schema":{"@context":"https:\/\/schema.org","@graph":[{"@type":["Article","BlogPosting"],"@id":"https:\/\/hojassueltas.es\/?p=14910#article","isPartOf":{"@id":"https:\/\/hojassueltas.es\/?p=14910"},"author":{"name":"Redacci\u00f3n","@id":"https:\/\/hojassueltas.es\/#\/schema\/person\/f232bbdb834c61c90aff2245daa401c0"},"headline":"El BAD 2024 se llena de talento vasco: XXVI edici\u00f3n del festival","datePublished":"2024-10-09T22:00:49+00:00","dateModified":"2025-08-26T08:08:41+00:00","mainEntityOfPage":{"@id":"https:\/\/hojassueltas.es\/?p=14910"},"wordCount":510,"commentCount":0,"publisher":{"@id":"https:\/\/hojassueltas.es\/#organization"},"image":{"@id":"https:\/\/hojassueltas.es\/?p=14910#primaryimage"},"thumbnailUrl":"https:\/\/hojassueltas.es\/wp-content\/uploads\/2024\/10\/BAD_H.S.png","articleSection":["PANORAMA CULTURAL"],"inLanguage":"es","potentialAction":[{"@type":"CommentAction","name":"Comment","target":["https:\/\/hojassueltas.es\/?p=14910#respond"]}]},{"@type":"WebPage","@id":"https:\/\/hojassueltas.es\/?p=14910","url":"https:\/\/hojassueltas.es\/?p=14910","name":"El BAD 2024 se llena de talento vasco: XXVI edici\u00f3n del festival | HOJAS SUELTAS Peri\u00f3dico Cultural","isPartOf":{"@id":"https:\/\/hojassueltas.es\/#website"},"primaryImageOfPage":{"@id":"https:\/\/hojassueltas.es\/?p=14910#primaryimage"},"image":{"@id":"https:\/\/hojassueltas.es\/?p=14910#primaryimage"},"thumbnailUrl":"https:\/\/hojassueltas.es\/wp-content\/uploads\/2024\/10\/BAD_H.S.png","datePublished":"2024-10-09T22:00:49+00:00","dateModified":"2025-08-26T08:08:41+00:00","description":"FESTIVALES: Desde danza contempor\u00e1nea y teatro de vanguardia hasta reflexiones sociales y humor, las compa\u00f1\u00edas vascas despliegan su creatividad en una edici\u00f3n que acercar\u00e1 las artes esc\u00e9nicas a diferentes barrios de Bilbao","breadcrumb":{"@id":"https:\/\/hojassueltas.es\/?p=14910#breadcrumb"},"inLanguage":"es","potentialAction":[{"@type":"ReadAction","target":["https:\/\/hojassueltas.es\/?p=14910"]}]},{"@type":"ImageObject","inLanguage":"es","@id":"https:\/\/hojassueltas.es\/?p=14910#primaryimage","url":"https:\/\/hojassueltas.es\/wp-content\/uploads\/2024\/10\/BAD_H.S.png","contentUrl":"https:\/\/hojassueltas.es\/wp-content\/uploads\/2024\/10\/BAD_H.S.png","width":1050,"height":610},{"@type":"BreadcrumbList","@id":"https:\/\/hojassueltas.es\/?p=14910#breadcrumb","itemListElement":[{"@type":"ListItem","position":1,"name":"Portada","item":"https:\/\/hojassueltas.es\/"},{"@type":"ListItem","position":2,"name":"El BAD 2024 se llena de talento vasco: XXVI edici\u00f3n del festival"}]},{"@type":"WebSite","@id":"https:\/\/hojassueltas.es\/#website","url":"https:\/\/hojassueltas.es\/","name":"HojasSueltas.es","description":"GRANADA - Peri\u00f3dico Cultural","publisher":{"@id":"https:\/\/hojassueltas.es\/#organization"},"alternateName":"H.S. Periodico Cultural","potentialAction":[{"@type":"SearchAction","target":{"@type":"EntryPoint","urlTemplate":"https:\/\/hojassueltas.es\/?s={search_term_string}"},"query-input":{"@type":"PropertyValueSpecification","valueRequired":true,"valueName":"search_term_string"}}],"inLanguage":"es"},{"@type":"Organization","@id":"https:\/\/hojassueltas.es\/#organization","name":"HOJAS SUELTAS - Peri\u00f3dico Cultural","alternateName":"HS - HOJAS SUELTAS Peri\u00f3dico Cultural","url":"https:\/\/hojassueltas.es\/","logo":{"@type":"ImageObject","inLanguage":"es","@id":"https:\/\/hojassueltas.es\/#\/schema\/logo\/image\/","url":"https:\/\/hojassueltas.es\/wp-content\/uploads\/2025\/08\/Icono-HS_2.png","contentUrl":"https:\/\/hojassueltas.es\/wp-content\/uploads\/2025\/08\/Icono-HS_2.png","width":500,"height":500,"caption":"HOJAS SUELTAS - Peri\u00f3dico Cultural"},"image":{"@id":"https:\/\/hojassueltas.es\/#\/schema\/logo\/image\/"},"sameAs":["https:\/\/x.com\/HOJASSUELTAS22"]},{"@type":"Person","@id":"https:\/\/hojassueltas.es\/#\/schema\/person\/f232bbdb834c61c90aff2245daa401c0","name":"Redacci\u00f3n","image":{"@type":"ImageObject","inLanguage":"es","@id":"https:\/\/hojassueltas.es\/wp-content\/uploads\/2026\/02\/Redaccion-2-96x96.png","url":"https:\/\/hojassueltas.es\/wp-content\/uploads\/2026\/02\/Redaccion-2-96x96.png","contentUrl":"https:\/\/hojassueltas.es\/wp-content\/uploads\/2026\/02\/Redaccion-2-96x96.png","caption":"Redacci\u00f3n"},"description":"Redacci\u00f3n de HOJAS SUELTAS","url":"https:\/\/hojassueltas.es\/?author=1"}]}},"_links":{"self":[{"href":"https:\/\/hojassueltas.es\/index.php?rest_route=\/wp\/v2\/posts\/14910","targetHints":{"allow":["GET"]}}],"collection":[{"href":"https:\/\/hojassueltas.es\/index.php?rest_route=\/wp\/v2\/posts"}],"about":[{"href":"https:\/\/hojassueltas.es\/index.php?rest_route=\/wp\/v2\/types\/post"}],"author":[{"embeddable":true,"href":"https:\/\/hojassueltas.es\/index.php?rest_route=\/wp\/v2\/users\/1"}],"replies":[{"embeddable":true,"href":"https:\/\/hojassueltas.es\/index.php?rest_route=%2Fwp%2Fv2%2Fcomments&post=14910"}],"version-history":[{"count":1,"href":"https:\/\/hojassueltas.es\/index.php?rest_route=\/wp\/v2\/posts\/14910\/revisions"}],"predecessor-version":[{"id":14913,"href":"https:\/\/hojassueltas.es\/index.php?rest_route=\/wp\/v2\/posts\/14910\/revisions\/14913"}],"wp:featuredmedia":[{"embeddable":true,"href":"https:\/\/hojassueltas.es\/index.php?rest_route=\/wp\/v2\/media\/14912"}],"wp:attachment":[{"href":"https:\/\/hojassueltas.es\/index.php?rest_route=%2Fwp%2Fv2%2Fmedia&parent=14910"}],"wp:term":[{"taxonomy":"category","embeddable":true,"href":"https:\/\/hojassueltas.es\/index.php?rest_route=%2Fwp%2Fv2%2Fcategories&post=14910"},{"taxonomy":"post_tag","embeddable":true,"href":"https:\/\/hojassueltas.es\/index.php?rest_route=%2Fwp%2Fv2%2Ftags&post=14910"}],"curies":[{"name":"wp","href":"https:\/\/api.w.org\/{rel}","templated":true}]}}